{"id":881,"date":"2014-03-03T09:21:49","date_gmt":"2014-03-03T09:21:49","guid":{"rendered":"http:\/\/www.torreviejagastronomica.com\/?p=881"},"modified":"2014-03-03T09:21:49","modified_gmt":"2014-03-03T09:21:49","slug":"torrevieja-acoge-la-ii-semana-de-los-arroces-del-3-al-9-de-marzo-con-27-restaurantes","status":"publish","type":"post","link":"https:\/\/www.torreviejagastronomica.com\/es\/torrevieja-acoge-la-ii-semana-de-los-arroces-del-3-al-9-de-marzo-con-27-restaurantes\/","title":{"rendered":"Torrevieja acoge la II Semana de los Arroces del 3 al 9 de marzo con 27 restaurantes"},"content":{"rendered":"<p>&nbsp;<a href=\"http:\/\/www.torreviejaip.tv\/sociedad\/2014022514735\/torrevieja-acoge-la-ii-semana-de-los-arroces-del-3-al-9-de-marzo-con-27-restaurantes.html\">Ver Video Aqu\u00ed<\/a><\/p>\n<p>27 restaurantes\u00a0 participar\u00e1n en la II edici\u00f3n de \u00abArroces de Torrevieja\u00bb que se celebrar\u00e1 del 3 al 9 de marzo. Hoy ha sido presentado este evento gastron\u00f3mico en un acto desarrollado en el CDT. Una iniciativa que pretende poner en valor uno de los platos t\u00edpicos de Torrevieja, en sus numerosas modalidades, el arroz.<\/p>\n<p>Fuente: <a href=\"http:\/\/www.torreviejaip.tv\/sociedad\/2014022514735\/torrevieja-acoge-la-ii-semana-de-los-arroces-del-3-al-9-de-marzo-con-27-restaurantes.html\">TorreviejaIP<\/a><\/p>\n","protected":false},"excerpt":{"rendered":"<p>&nbsp;Ver Video Aqu\u00ed 27 restaurantes\u00a0 participar\u00e1n en la II edici\u00f3n de \u00abArroces de Torrevieja\u00bb que se celebrar\u00e1 del 3 al 9 de marzo. Hoy ha sido presentado este evento gastron\u00f3mico en un acto desarrollado en el CDT. Una iniciativa que pretende poner en valor uno de los platos t\u00edpicos de Torrevieja, en sus numerosas modalidades, [&hellip;]<\/p>\n","protected":false},"author":3,"featured_media":883,"comment_status":"closed","ping_status":"open","sticky":false,"template":"","format":"standard","meta":{"footnotes":""},"categories":[8],"tags":[],"class_list":["post-881","post","type-post","status-publish","format-standard","has-post-thumbnail","hentry","category-eventos"],"yoast_head":"<!-- This site is optimized with the Yoast SEO plugin v25.7 - https:\/\/yoast.com\/wordpress\/plugins\/seo\/ -->\n<title>Torrevieja acoge la II Semana de los Arroces del 3 al 9 de marzo con 27 restaurantes - Torrevieja Gastron\u00f3mica<\/title>\n<meta name=\"robots\" content=\"index, follow, max-snippet:-1, max-image-preview:large, max-video-preview:-1\" \/>\n<link rel=\"canonical\" href=\"https:\/\/www.torreviejagastronomica.com\/es\/torrevieja-acoge-la-ii-semana-de-los-arroces-del-3-al-9-de-marzo-con-27-restaurantes\/\" \/>\n<meta property=\"og:locale\" content=\"es_ES\" \/>\n<meta property=\"og:type\" content=\"article\" \/>\n<meta property=\"og:title\" content=\"Torrevieja acoge la II Semana de los Arroces del 3 al 9 de marzo con 27 restaurantes - Torrevieja Gastron\u00f3mica\" \/>\n<meta property=\"og:description\" content=\"&nbsp;Ver Video Aqu\u00ed 27 restaurantes\u00a0 participar\u00e1n en la II edici\u00f3n de \u00abArroces de Torrevieja\u00bb que se celebrar\u00e1 del 3 al 9 de marzo. Hoy ha sido presentado este evento gastron\u00f3mico en un acto desarrollado en el CDT. Una iniciativa que pretende poner en valor uno de los platos t\u00edpicos de Torrevieja, en sus numerosas modalidades, [&hellip;]\" \/>\n<meta property=\"og:url\" content=\"https:\/\/www.torreviejagastronomica.com\/es\/torrevieja-acoge-la-ii-semana-de-los-arroces-del-3-al-9-de-marzo-con-27-restaurantes\/\" \/>\n<meta property=\"og:site_name\" content=\"Torrevieja Gastron\u00f3mica\" \/>\n<meta property=\"article:published_time\" content=\"2014-03-03T09:21:49+00:00\" \/>\n<meta property=\"og:image\" content=\"https:\/\/www.torreviejagastronomica.com\/wp-content\/uploads\/2014\/03\/lozaloza.jpg\" \/>\n\t<meta property=\"og:image:width\" content=\"526\" \/>\n\t<meta property=\"og:image:height\" content=\"391\" \/>\n\t<meta property=\"og:image:type\" content=\"image\/jpeg\" \/>\n<meta name=\"author\" content=\"admin\" \/>\n<meta name=\"twitter:card\" content=\"summary_large_image\" \/>\n<meta name=\"twitter:label1\" content=\"Escrito por\" \/>\n\t<meta name=\"twitter:data1\" content=\"admin\" \/>\n<script type=\"application\/ld+json\" class=\"yoast-schema-graph\">{\"@context\":\"https:\/\/schema.org\",\"@graph\":[{\"@type\":\"Article\",\"@id\":\"https:\/\/www.torreviejagastronomica.com\/torrevieja-acoge-la-ii-semana-de-los-arroces-del-3-al-9-de-marzo-con-27-restaurantes\/#article\",\"isPartOf\":{\"@id\":\"https:\/\/www.torreviejagastronomica.com\/torrevieja-acoge-la-ii-semana-de-los-arroces-del-3-al-9-de-marzo-con-27-restaurantes\/\"},\"author\":{\"name\":\"admin\",\"@id\":\"https:\/\/www.torreviejagastronomica.com\/#\/schema\/person\/43c1ae0a05eb24e94513f69078cd11a7\"},\"headline\":\"Torrevieja acoge la II Semana de los Arroces del 3 al 9 de marzo con 27 restaurantes\",\"datePublished\":\"2014-03-03T09:21:49+00:00\",\"mainEntityOfPage\":{\"@id\":\"https:\/\/www.torreviejagastronomica.com\/torrevieja-acoge-la-ii-semana-de-los-arroces-del-3-al-9-de-marzo-con-27-restaurantes\/\"},\"wordCount\":75,\"publisher\":{\"@id\":\"https:\/\/www.torreviejagastronomica.com\/#organization\"},\"image\":{\"@id\":\"https:\/\/www.torreviejagastronomica.com\/torrevieja-acoge-la-ii-semana-de-los-arroces-del-3-al-9-de-marzo-con-27-restaurantes\/#primaryimage\"},\"thumbnailUrl\":\"https:\/\/www.torreviejagastronomica.com\/wp-content\/uploads\/2014\/03\/lozaloza.jpg\",\"articleSection\":[\"Eventos\"],\"inLanguage\":\"es\"},{\"@type\":\"WebPage\",\"@id\":\"https:\/\/www.torreviejagastronomica.com\/torrevieja-acoge-la-ii-semana-de-los-arroces-del-3-al-9-de-marzo-con-27-restaurantes\/\",\"url\":\"https:\/\/www.torreviejagastronomica.com\/torrevieja-acoge-la-ii-semana-de-los-arroces-del-3-al-9-de-marzo-con-27-restaurantes\/\",\"name\":\"Torrevieja acoge la II Semana de los Arroces del 3 al 9 de marzo con 27 restaurantes - Torrevieja Gastron\u00f3mica\",\"isPartOf\":{\"@id\":\"https:\/\/www.torreviejagastronomica.com\/#website\"},\"primaryImageOfPage\":{\"@id\":\"https:\/\/www.torreviejagastronomica.com\/torrevieja-acoge-la-ii-semana-de-los-arroces-del-3-al-9-de-marzo-con-27-restaurantes\/#primaryimage\"},\"image\":{\"@id\":\"https:\/\/www.torreviejagastronomica.com\/torrevieja-acoge-la-ii-semana-de-los-arroces-del-3-al-9-de-marzo-con-27-restaurantes\/#primaryimage\"},\"thumbnailUrl\":\"https:\/\/www.torreviejagastronomica.com\/wp-content\/uploads\/2014\/03\/lozaloza.jpg\",\"datePublished\":\"2014-03-03T09:21:49+00:00\",\"breadcrumb\":{\"@id\":\"https:\/\/www.torreviejagastronomica.com\/torrevieja-acoge-la-ii-semana-de-los-arroces-del-3-al-9-de-marzo-con-27-restaurantes\/#breadcrumb\"},\"inLanguage\":\"es\",\"potentialAction\":[{\"@type\":\"ReadAction\",\"target\":[\"https:\/\/www.torreviejagastronomica.com\/torrevieja-acoge-la-ii-semana-de-los-arroces-del-3-al-9-de-marzo-con-27-restaurantes\/\"]}]},{\"@type\":\"ImageObject\",\"inLanguage\":\"es\",\"@id\":\"https:\/\/www.torreviejagastronomica.com\/torrevieja-acoge-la-ii-semana-de-los-arroces-del-3-al-9-de-marzo-con-27-restaurantes\/#primaryimage\",\"url\":\"https:\/\/www.torreviejagastronomica.com\/wp-content\/uploads\/2014\/03\/lozaloza.jpg\",\"contentUrl\":\"https:\/\/www.torreviejagastronomica.com\/wp-content\/uploads\/2014\/03\/lozaloza.jpg\",\"width\":526,\"height\":391},{\"@type\":\"BreadcrumbList\",\"@id\":\"https:\/\/www.torreviejagastronomica.com\/torrevieja-acoge-la-ii-semana-de-los-arroces-del-3-al-9-de-marzo-con-27-restaurantes\/#breadcrumb\",\"itemListElement\":[{\"@type\":\"ListItem\",\"position\":1,\"name\":\"Portada\",\"item\":\"https:\/\/www.torreviejagastronomica.com\/\"},{\"@type\":\"ListItem\",\"position\":2,\"name\":\"Torrevieja acoge la II Semana de los Arroces del 3 al 9 de marzo con 27 restaurantes\"}]},{\"@type\":\"WebSite\",\"@id\":\"https:\/\/www.torreviejagastronomica.com\/#website\",\"url\":\"https:\/\/www.torreviejagastronomica.com\/\",\"name\":\"Torrevieja Gastron\u00f3mica\",\"description\":\"Asociaci\u00f3n Hosteler\u00eda Torrevieja y Comarca\",\"publisher\":{\"@id\":\"https:\/\/www.torreviejagastronomica.com\/#organization\"},\"potentialAction\":[{\"@type\":\"SearchAction\",\"target\":{\"@type\":\"EntryPoint\",\"urlTemplate\":\"https:\/\/www.torreviejagastronomica.com\/?s={search_term_string}\"},\"query-input\":{\"@type\":\"PropertyValueSpecification\",\"valueRequired\":true,\"valueName\":\"search_term_string\"}}],\"inLanguage\":\"es\"},{\"@type\":\"Organization\",\"@id\":\"https:\/\/www.torreviejagastronomica.com\/#organization\",\"name\":\"Torrevieja Gastron\u00f3mica\",\"url\":\"https:\/\/www.torreviejagastronomica.com\/\",\"logo\":{\"@type\":\"ImageObject\",\"inLanguage\":\"es\",\"@id\":\"https:\/\/www.torreviejagastronomica.com\/#\/schema\/logo\/image\/\",\"url\":\"https:\/\/www.torreviejagastronomica.com\/wp-content\/uploads\/2023\/09\/Logo-Torrevieja-Gastronomica.png\",\"contentUrl\":\"https:\/\/www.torreviejagastronomica.com\/wp-content\/uploads\/2023\/09\/Logo-Torrevieja-Gastronomica.png\",\"width\":350,\"height\":100,\"caption\":\"Torrevieja Gastron\u00f3mica\"},\"image\":{\"@id\":\"https:\/\/www.torreviejagastronomica.com\/#\/schema\/logo\/image\/\"}},{\"@type\":\"Person\",\"@id\":\"https:\/\/www.torreviejagastronomica.com\/#\/schema\/person\/43c1ae0a05eb24e94513f69078cd11a7\",\"name\":\"admin\",\"image\":{\"@type\":\"ImageObject\",\"inLanguage\":\"es\",\"@id\":\"https:\/\/www.torreviejagastronomica.com\/#\/schema\/person\/image\/\",\"url\":\"https:\/\/secure.gravatar.com\/avatar\/6497fb95944786a8c3310104dbce94031a7dee2c3b2645b425bfeeec49855f50?s=96&d=mm&r=g\",\"contentUrl\":\"https:\/\/secure.gravatar.com\/avatar\/6497fb95944786a8c3310104dbce94031a7dee2c3b2645b425bfeeec49855f50?s=96&d=mm&r=g\",\"caption\":\"admin\"},\"url\":\"https:\/\/www.torreviejagastronomica.com\/es\/author\/admin\/\"}]}<\/script>\n<!-- \/ Yoast SEO plugin. -->","yoast_head_json":{"title":"Torrevieja acoge la II Semana de los Arroces del 3 al 9 de marzo con 27 restaurantes - Torrevieja Gastron\u00f3mica","robots":{"index":"index","follow":"follow","max-snippet":"max-snippet:-1","max-image-preview":"max-image-preview:large","max-video-preview":"max-video-preview:-1"},"canonical":"https:\/\/www.torreviejagastronomica.com\/es\/torrevieja-acoge-la-ii-semana-de-los-arroces-del-3-al-9-de-marzo-con-27-restaurantes\/","og_locale":"es_ES","og_type":"article","og_title":"Torrevieja acoge la II Semana de los Arroces del 3 al 9 de marzo con 27 restaurantes - Torrevieja Gastron\u00f3mica","og_description":"&nbsp;Ver Video Aqu\u00ed 27 restaurantes\u00a0 participar\u00e1n en la II edici\u00f3n de \u00abArroces de Torrevieja\u00bb que se celebrar\u00e1 del 3 al 9 de marzo. Hoy ha sido presentado este evento gastron\u00f3mico en un acto desarrollado en el CDT. Una iniciativa que pretende poner en valor uno de los platos t\u00edpicos de Torrevieja, en sus numerosas modalidades, [&hellip;]","og_url":"https:\/\/www.torreviejagastronomica.com\/es\/torrevieja-acoge-la-ii-semana-de-los-arroces-del-3-al-9-de-marzo-con-27-restaurantes\/","og_site_name":"Torrevieja Gastron\u00f3mica","article_published_time":"2014-03-03T09:21:49+00:00","og_image":[{"width":526,"height":391,"url":"https:\/\/www.torreviejagastronomica.com\/wp-content\/uploads\/2014\/03\/lozaloza.jpg","type":"image\/jpeg"}],"author":"admin","twitter_card":"summary_large_image","twitter_misc":{"Escrito por":"admin"},"schema":{"@context":"https:\/\/schema.org","@graph":[{"@type":"Article","@id":"https:\/\/www.torreviejagastronomica.com\/torrevieja-acoge-la-ii-semana-de-los-arroces-del-3-al-9-de-marzo-con-27-restaurantes\/#article","isPartOf":{"@id":"https:\/\/www.torreviejagastronomica.com\/torrevieja-acoge-la-ii-semana-de-los-arroces-del-3-al-9-de-marzo-con-27-restaurantes\/"},"author":{"name":"admin","@id":"https:\/\/www.torreviejagastronomica.com\/#\/schema\/person\/43c1ae0a05eb24e94513f69078cd11a7"},"headline":"Torrevieja acoge la II Semana de los Arroces del 3 al 9 de marzo con 27 restaurantes","datePublished":"2014-03-03T09:21:49+00:00","mainEntityOfPage":{"@id":"https:\/\/www.torreviejagastronomica.com\/torrevieja-acoge-la-ii-semana-de-los-arroces-del-3-al-9-de-marzo-con-27-restaurantes\/"},"wordCount":75,"publisher":{"@id":"https:\/\/www.torreviejagastronomica.com\/#organization"},"image":{"@id":"https:\/\/www.torreviejagastronomica.com\/torrevieja-acoge-la-ii-semana-de-los-arroces-del-3-al-9-de-marzo-con-27-restaurantes\/#primaryimage"},"thumbnailUrl":"https:\/\/www.torreviejagastronomica.com\/wp-content\/uploads\/2014\/03\/lozaloza.jpg","articleSection":["Eventos"],"inLanguage":"es"},{"@type":"WebPage","@id":"https:\/\/www.torreviejagastronomica.com\/torrevieja-acoge-la-ii-semana-de-los-arroces-del-3-al-9-de-marzo-con-27-restaurantes\/","url":"https:\/\/www.torreviejagastronomica.com\/torrevieja-acoge-la-ii-semana-de-los-arroces-del-3-al-9-de-marzo-con-27-restaurantes\/","name":"Torrevieja acoge la II Semana de los Arroces del 3 al 9 de marzo con 27 restaurantes - Torrevieja Gastron\u00f3mica","isPartOf":{"@id":"https:\/\/www.torreviejagastronomica.com\/#website"},"primaryImageOfPage":{"@id":"https:\/\/www.torreviejagastronomica.com\/torrevieja-acoge-la-ii-semana-de-los-arroces-del-3-al-9-de-marzo-con-27-restaurantes\/#primaryimage"},"image":{"@id":"https:\/\/www.torreviejagastronomica.com\/torrevieja-acoge-la-ii-semana-de-los-arroces-del-3-al-9-de-marzo-con-27-restaurantes\/#primaryimage"},"thumbnailUrl":"https:\/\/www.torreviejagastronomica.com\/wp-content\/uploads\/2014\/03\/lozaloza.jpg","datePublished":"2014-03-03T09:21:49+00:00","breadcrumb":{"@id":"https:\/\/www.torreviejagastronomica.com\/torrevieja-acoge-la-ii-semana-de-los-arroces-del-3-al-9-de-marzo-con-27-restaurantes\/#breadcrumb"},"inLanguage":"es","potentialAction":[{"@type":"ReadAction","target":["https:\/\/www.torreviejagastronomica.com\/torrevieja-acoge-la-ii-semana-de-los-arroces-del-3-al-9-de-marzo-con-27-restaurantes\/"]}]},{"@type":"ImageObject","inLanguage":"es","@id":"https:\/\/www.torreviejagastronomica.com\/torrevieja-acoge-la-ii-semana-de-los-arroces-del-3-al-9-de-marzo-con-27-restaurantes\/#primaryimage","url":"https:\/\/www.torreviejagastronomica.com\/wp-content\/uploads\/2014\/03\/lozaloza.jpg","contentUrl":"https:\/\/www.torreviejagastronomica.com\/wp-content\/uploads\/2014\/03\/lozaloza.jpg","width":526,"height":391},{"@type":"BreadcrumbList","@id":"https:\/\/www.torreviejagastronomica.com\/torrevieja-acoge-la-ii-semana-de-los-arroces-del-3-al-9-de-marzo-con-27-restaurantes\/#breadcrumb","itemListElement":[{"@type":"ListItem","position":1,"name":"Portada","item":"https:\/\/www.torreviejagastronomica.com\/"},{"@type":"ListItem","position":2,"name":"Torrevieja acoge la II Semana de los Arroces del 3 al 9 de marzo con 27 restaurantes"}]},{"@type":"WebSite","@id":"https:\/\/www.torreviejagastronomica.com\/#website","url":"https:\/\/www.torreviejagastronomica.com\/","name":"Torrevieja Gastron\u00f3mica","description":"Asociaci\u00f3n Hosteler\u00eda Torrevieja y Comarca","publisher":{"@id":"https:\/\/www.torreviejagastronomica.com\/#organization"},"potentialAction":[{"@type":"SearchAction","target":{"@type":"EntryPoint","urlTemplate":"https:\/\/www.torreviejagastronomica.com\/?s={search_term_string}"},"query-input":{"@type":"PropertyValueSpecification","valueRequired":true,"valueName":"search_term_string"}}],"inLanguage":"es"},{"@type":"Organization","@id":"https:\/\/www.torreviejagastronomica.com\/#organization","name":"Torrevieja Gastron\u00f3mica","url":"https:\/\/www.torreviejagastronomica.com\/","logo":{"@type":"ImageObject","inLanguage":"es","@id":"https:\/\/www.torreviejagastronomica.com\/#\/schema\/logo\/image\/","url":"https:\/\/www.torreviejagastronomica.com\/wp-content\/uploads\/2023\/09\/Logo-Torrevieja-Gastronomica.png","contentUrl":"https:\/\/www.torreviejagastronomica.com\/wp-content\/uploads\/2023\/09\/Logo-Torrevieja-Gastronomica.png","width":350,"height":100,"caption":"Torrevieja Gastron\u00f3mica"},"image":{"@id":"https:\/\/www.torreviejagastronomica.com\/#\/schema\/logo\/image\/"}},{"@type":"Person","@id":"https:\/\/www.torreviejagastronomica.com\/#\/schema\/person\/43c1ae0a05eb24e94513f69078cd11a7","name":"admin","image":{"@type":"ImageObject","inLanguage":"es","@id":"https:\/\/www.torreviejagastronomica.com\/#\/schema\/person\/image\/","url":"https:\/\/secure.gravatar.com\/avatar\/6497fb95944786a8c3310104dbce94031a7dee2c3b2645b425bfeeec49855f50?s=96&d=mm&r=g","contentUrl":"https:\/\/secure.gravatar.com\/avatar\/6497fb95944786a8c3310104dbce94031a7dee2c3b2645b425bfeeec49855f50?s=96&d=mm&r=g","caption":"admin"},"url":"https:\/\/www.torreviejagastronomica.com\/es\/author\/admin\/"}]}},"_links":{"self":[{"href":"https:\/\/www.torreviejagastronomica.com\/es\/wp-json\/wp\/v2\/posts\/881","targetHints":{"allow":["GET"]}}],"collection":[{"href":"https:\/\/www.torreviejagastronomica.com\/es\/wp-json\/wp\/v2\/posts"}],"about":[{"href":"https:\/\/www.torreviejagastronomica.com\/es\/wp-json\/wp\/v2\/types\/post"}],"author":[{"embeddable":true,"href":"https:\/\/www.torreviejagastronomica.com\/es\/wp-json\/wp\/v2\/users\/3"}],"replies":[{"embeddable":true,"href":"https:\/\/www.torreviejagastronomica.com\/es\/wp-json\/wp\/v2\/comments?post=881"}],"version-history":[{"count":0,"href":"https:\/\/www.torreviejagastronomica.com\/es\/wp-json\/wp\/v2\/posts\/881\/revisions"}],"wp:featuredmedia":[{"embeddable":true,"href":"https:\/\/www.torreviejagastronomica.com\/es\/wp-json\/wp\/v2\/media\/883"}],"wp:attachment":[{"href":"https:\/\/www.torreviejagastronomica.com\/es\/wp-json\/wp\/v2\/media?parent=881"}],"wp:term":[{"taxonomy":"category","embeddable":true,"href":"https:\/\/www.torreviejagastronomica.com\/es\/wp-json\/wp\/v2\/categories?post=881"},{"taxonomy":"post_tag","embeddable":true,"href":"https:\/\/www.torreviejagastronomica.com\/es\/wp-json\/wp\/v2\/tags?post=881"}],"curies":[{"name":"wp","href":"https:\/\/api.w.org\/{rel}","templated":true}]}}