{"id":878,"date":"2014-03-03T09:19:14","date_gmt":"2014-03-03T09:19:14","guid":{"rendered":"http:\/\/www.torreviejagastronomica.com\/?p=878"},"modified":"2014-03-03T09:19:14","modified_gmt":"2014-03-03T09:19:14","slug":"arroces-de-torrevieja-ofrece-lo-mejor-de-la-gastronomia-local","status":"publish","type":"post","link":"https:\/\/www.torreviejagastronomica.com\/es\/arroces-de-torrevieja-ofrece-lo-mejor-de-la-gastronomia-local\/","title":{"rendered":"\u00abArroces de Torrevieja\u00bb ofrece lo mejor de la gastronom\u00eda local"},"content":{"rendered":"<p>Fuente: <a href=\"http:\/\/www.diarioinformacion.com\/vega-baja\/2014\/02\/26\/arroces-torrevieja-ofrece-mejor-gastronomia\/1473531.html\">informaci\u00f3n.es<\/a><\/p>\n<h2 itemprop=\"description\" style=\"text-align: justify;\">La hosteler\u00eda del municipio presenta del 3 al domingo 9 de marzo men\u00fas especiales en 27 restaurantes<\/h2>\n<p style=\"text-align: justify;\">La pr\u00f3xima semana 27 restaurantes de Torrevieja y Orihuela Costa celebran la II edici\u00f3n de los \u00abArroces de Torrevieja\u00bb, que ofrecer\u00e1 del lunes 3 al domingo 9 de marzo numerosas modalidades de este plato \u00abestrella\u00bb de la gastronom\u00eda local, tal y fue considerado ayer en la presentaci\u00f3n del evento, llevada a cabo en el Centro de Turismo de la ciudad, en un acto protagonizado por la directiva de la Asociaci\u00f3n de Hosteler\u00eda de Torrevieja y Comarca, as\u00ed como el edil de Hosteler\u00eda y Turismo Luis Mar\u00eda Pizana, ya que la iniciativa es organizada por la propia Asociaci\u00f3n, con la colaboraci\u00f3n del Ayuntamiento.<\/p>\n<p style=\"text-align: justify;\">El precio por cubierto incluir\u00e1 un plato principal, as\u00ed como entrantes, bebida y postre, a un precio que oscilar\u00e1, en funci\u00f3n del d\u00eda y el establecimiento, entre los 20 y los 28 euros, IVA incluido, una horquilla que da m\u00e1s flexibilidad a los restauradores para poner el precio, que el a\u00f1o pasado fue unitario a 22.50 euros. Adem\u00e1s, se han incorporado dos restaurantes m\u00e1s que en la pasada edici\u00f3n. Los detalles se pueden encontrar en la web de la asociaci\u00f3n (www.torreviejagastronomica.com).<\/p>\n<p style=\"text-align: justify;\">Entre las variedades que se podr\u00e1n paladear, se encuentran el arroz del \u00abSe\u00f1oret\u00bb; el caldero; arroz y pulpo; con oreja; con bacalao y espinacas; meloso de rabo de toro y rovellons (n\u00edscalos); con conejo y foie; arroz trufado con presa ib\u00e9rica; de rape con almejas; con conejo y caracoles; arroz y bogavante; arroz y bancal con sepia; a banda; de boquerones; y un largo etc\u00e9tera, hasta 189 modalidades.<\/p>\n<p style=\"text-align: justify;\">Jos\u00e9 Antonio Lozano, presidente de los hosteleros, destac\u00f3 que, \u00abpor este precio, es una oferta \u00fanica en la provincia\u00bb, y argument\u00f3 que, junto con las \u00abJornadas de la Cazuelica y el Vino\u00bb, llevadas a cabo recientemente, esta nueva iniciativa abre el calendario anual de la asociaci\u00f3n, que este a\u00f1o ha elaborado una programaci\u00f3n de eventos para todo 2014 que ya fue presentada en la Feria Internacional de Turismo de Madrid el mes pasado.<\/p>\n<p style=\"text-align: justify;\">Pizana remarc\u00f3 la importancia global para el turismo de la ciudad de este tipo de productos, y tambi\u00e9n conmin\u00f3 a los empresarios a unirse, de forma individual al Sistema Integral de Calidad Tur\u00edstica en Destino, que est\u00e1 promoviendo Turespa\u00f1a, con el apoyo del gobierno valenciano y del propio Ayuntamiento tanto para el sector p\u00fablico como para el privado.<\/p>\n","protected":false},"excerpt":{"rendered":"<p>Fuente: informaci\u00f3n.es La hosteler\u00eda del municipio presenta del 3 al domingo 9 de marzo men\u00fas especiales en 27 restaurantes La pr\u00f3xima semana 27 restaurantes de Torrevieja y Orihuela Costa celebran la II edici\u00f3n de los \u00abArroces de Torrevieja\u00bb, que ofrecer\u00e1 del lunes 3 al domingo 9 de marzo numerosas modalidades de este plato \u00abestrella\u00bb de [&hellip;]<\/p>\n","protected":false},"author":3,"featured_media":879,"comment_status":"closed","ping_status":"open","sticky":false,"template":"","format":"standard","meta":{"footnotes":""},"categories":[8],"tags":[],"class_list":["post-878","post","type-post","status-publish","format-standard","has-post-thumbnail","hentry","category-eventos"],"yoast_head":"<!-- This site is optimized with the Yoast SEO plugin v25.7 - https:\/\/yoast.com\/wordpress\/plugins\/seo\/ -->\n<title>\u00abArroces de Torrevieja\u00bb ofrece lo mejor de la gastronom\u00eda local - Torrevieja Gastron\u00f3mica<\/title>\n<meta name=\"robots\" content=\"index, follow, max-snippet:-1, max-image-preview:large, max-video-preview:-1\" \/>\n<link rel=\"canonical\" href=\"https:\/\/www.torreviejagastronomica.com\/es\/arroces-de-torrevieja-ofrece-lo-mejor-de-la-gastronomia-local\/\" \/>\n<meta property=\"og:locale\" content=\"es_ES\" \/>\n<meta property=\"og:type\" content=\"article\" \/>\n<meta property=\"og:title\" content=\"\u00abArroces de Torrevieja\u00bb ofrece lo mejor de la gastronom\u00eda local - Torrevieja Gastron\u00f3mica\" \/>\n<meta property=\"og:description\" content=\"Fuente: informaci\u00f3n.es La hosteler\u00eda del municipio presenta del 3 al domingo 9 de marzo men\u00fas especiales en 27 restaurantes La pr\u00f3xima semana 27 restaurantes de Torrevieja y Orihuela Costa celebran la II edici\u00f3n de los \u00abArroces de Torrevieja\u00bb, que ofrecer\u00e1 del lunes 3 al domingo 9 de marzo numerosas modalidades de este plato \u00abestrella\u00bb de [&hellip;]\" \/>\n<meta property=\"og:url\" content=\"https:\/\/www.torreviejagastronomica.com\/es\/arroces-de-torrevieja-ofrece-lo-mejor-de-la-gastronomia-local\/\" \/>\n<meta property=\"og:site_name\" content=\"Torrevieja Gastron\u00f3mica\" \/>\n<meta property=\"article:published_time\" content=\"2014-03-03T09:19:14+00:00\" \/>\n<meta property=\"og:image\" content=\"https:\/\/www.torreviejagastronomica.com\/wp-content\/uploads\/2014\/03\/arroces-torrevieja.jpg\" \/>\n\t<meta property=\"og:image:width\" content=\"523\" \/>\n\t<meta property=\"og:image:height\" content=\"368\" \/>\n\t<meta property=\"og:image:type\" content=\"image\/jpeg\" \/>\n<meta name=\"author\" content=\"admin\" \/>\n<meta name=\"twitter:card\" content=\"summary_large_image\" \/>\n<meta name=\"twitter:label1\" content=\"Escrito por\" \/>\n\t<meta name=\"twitter:data1\" content=\"admin\" \/>\n\t<meta name=\"twitter:label2\" content=\"Tiempo de lectura\" \/>\n\t<meta name=\"twitter:data2\" content=\"2 minutos\" \/>\n<script type=\"application\/ld+json\" class=\"yoast-schema-graph\">{\"@context\":\"https:\/\/schema.org\",\"@graph\":[{\"@type\":\"Article\",\"@id\":\"https:\/\/www.torreviejagastronomica.com\/arroces-de-torrevieja-ofrece-lo-mejor-de-la-gastronomia-local\/#article\",\"isPartOf\":{\"@id\":\"https:\/\/www.torreviejagastronomica.com\/arroces-de-torrevieja-ofrece-lo-mejor-de-la-gastronomia-local\/\"},\"author\":{\"name\":\"admin\",\"@id\":\"https:\/\/www.torreviejagastronomica.com\/#\/schema\/person\/43c1ae0a05eb24e94513f69078cd11a7\"},\"headline\":\"\u00abArroces de Torrevieja\u00bb ofrece lo mejor de la gastronom\u00eda local\",\"datePublished\":\"2014-03-03T09:19:14+00:00\",\"mainEntityOfPage\":{\"@id\":\"https:\/\/www.torreviejagastronomica.com\/arroces-de-torrevieja-ofrece-lo-mejor-de-la-gastronomia-local\/\"},\"wordCount\":437,\"publisher\":{\"@id\":\"https:\/\/www.torreviejagastronomica.com\/#organization\"},\"image\":{\"@id\":\"https:\/\/www.torreviejagastronomica.com\/arroces-de-torrevieja-ofrece-lo-mejor-de-la-gastronomia-local\/#primaryimage\"},\"thumbnailUrl\":\"https:\/\/www.torreviejagastronomica.com\/wp-content\/uploads\/2014\/03\/arroces-torrevieja.jpg\",\"articleSection\":[\"Eventos\"],\"inLanguage\":\"es\"},{\"@type\":\"WebPage\",\"@id\":\"https:\/\/www.torreviejagastronomica.com\/arroces-de-torrevieja-ofrece-lo-mejor-de-la-gastronomia-local\/\",\"url\":\"https:\/\/www.torreviejagastronomica.com\/arroces-de-torrevieja-ofrece-lo-mejor-de-la-gastronomia-local\/\",\"name\":\"\u00abArroces de Torrevieja\u00bb ofrece lo mejor de la gastronom\u00eda local - Torrevieja Gastron\u00f3mica\",\"isPartOf\":{\"@id\":\"https:\/\/www.torreviejagastronomica.com\/#website\"},\"primaryImageOfPage\":{\"@id\":\"https:\/\/www.torreviejagastronomica.com\/arroces-de-torrevieja-ofrece-lo-mejor-de-la-gastronomia-local\/#primaryimage\"},\"image\":{\"@id\":\"https:\/\/www.torreviejagastronomica.com\/arroces-de-torrevieja-ofrece-lo-mejor-de-la-gastronomia-local\/#primaryimage\"},\"thumbnailUrl\":\"https:\/\/www.torreviejagastronomica.com\/wp-content\/uploads\/2014\/03\/arroces-torrevieja.jpg\",\"datePublished\":\"2014-03-03T09:19:14+00:00\",\"breadcrumb\":{\"@id\":\"https:\/\/www.torreviejagastronomica.com\/arroces-de-torrevieja-ofrece-lo-mejor-de-la-gastronomia-local\/#breadcrumb\"},\"inLanguage\":\"es\",\"potentialAction\":[{\"@type\":\"ReadAction\",\"target\":[\"https:\/\/www.torreviejagastronomica.com\/arroces-de-torrevieja-ofrece-lo-mejor-de-la-gastronomia-local\/\"]}]},{\"@type\":\"ImageObject\",\"inLanguage\":\"es\",\"@id\":\"https:\/\/www.torreviejagastronomica.com\/arroces-de-torrevieja-ofrece-lo-mejor-de-la-gastronomia-local\/#primaryimage\",\"url\":\"https:\/\/www.torreviejagastronomica.com\/wp-content\/uploads\/2014\/03\/arroces-torrevieja.jpg\",\"contentUrl\":\"https:\/\/www.torreviejagastronomica.com\/wp-content\/uploads\/2014\/03\/arroces-torrevieja.jpg\",\"width\":523,\"height\":368},{\"@type\":\"BreadcrumbList\",\"@id\":\"https:\/\/www.torreviejagastronomica.com\/arroces-de-torrevieja-ofrece-lo-mejor-de-la-gastronomia-local\/#breadcrumb\",\"itemListElement\":[{\"@type\":\"ListItem\",\"position\":1,\"name\":\"Portada\",\"item\":\"https:\/\/www.torreviejagastronomica.com\/\"},{\"@type\":\"ListItem\",\"position\":2,\"name\":\"\u00abArroces de Torrevieja\u00bb ofrece lo mejor de la gastronom\u00eda local\"}]},{\"@type\":\"WebSite\",\"@id\":\"https:\/\/www.torreviejagastronomica.com\/#website\",\"url\":\"https:\/\/www.torreviejagastronomica.com\/\",\"name\":\"Torrevieja Gastron\u00f3mica\",\"description\":\"Asociaci\u00f3n Hosteler\u00eda Torrevieja y Comarca\",\"publisher\":{\"@id\":\"https:\/\/www.torreviejagastronomica.com\/#organization\"},\"potentialAction\":[{\"@type\":\"SearchAction\",\"target\":{\"@type\":\"EntryPoint\",\"urlTemplate\":\"https:\/\/www.torreviejagastronomica.com\/?s={search_term_string}\"},\"query-input\":{\"@type\":\"PropertyValueSpecification\",\"valueRequired\":true,\"valueName\":\"search_term_string\"}}],\"inLanguage\":\"es\"},{\"@type\":\"Organization\",\"@id\":\"https:\/\/www.torreviejagastronomica.com\/#organization\",\"name\":\"Torrevieja Gastron\u00f3mica\",\"url\":\"https:\/\/www.torreviejagastronomica.com\/\",\"logo\":{\"@type\":\"ImageObject\",\"inLanguage\":\"es\",\"@id\":\"https:\/\/www.torreviejagastronomica.com\/#\/schema\/logo\/image\/\",\"url\":\"https:\/\/www.torreviejagastronomica.com\/wp-content\/uploads\/2023\/09\/Logo-Torrevieja-Gastronomica.png\",\"contentUrl\":\"https:\/\/www.torreviejagastronomica.com\/wp-content\/uploads\/2023\/09\/Logo-Torrevieja-Gastronomica.png\",\"width\":350,\"height\":100,\"caption\":\"Torrevieja Gastron\u00f3mica\"},\"image\":{\"@id\":\"https:\/\/www.torreviejagastronomica.com\/#\/schema\/logo\/image\/\"}},{\"@type\":\"Person\",\"@id\":\"https:\/\/www.torreviejagastronomica.com\/#\/schema\/person\/43c1ae0a05eb24e94513f69078cd11a7\",\"name\":\"admin\",\"image\":{\"@type\":\"ImageObject\",\"inLanguage\":\"es\",\"@id\":\"https:\/\/www.torreviejagastronomica.com\/#\/schema\/person\/image\/\",\"url\":\"https:\/\/secure.gravatar.com\/avatar\/6497fb95944786a8c3310104dbce94031a7dee2c3b2645b425bfeeec49855f50?s=96&d=mm&r=g\",\"contentUrl\":\"https:\/\/secure.gravatar.com\/avatar\/6497fb95944786a8c3310104dbce94031a7dee2c3b2645b425bfeeec49855f50?s=96&d=mm&r=g\",\"caption\":\"admin\"},\"url\":\"https:\/\/www.torreviejagastronomica.com\/es\/author\/admin\/\"}]}<\/script>\n<!-- \/ Yoast SEO plugin. -->","yoast_head_json":{"title":"\u00abArroces de Torrevieja\u00bb ofrece lo mejor de la gastronom\u00eda local - Torrevieja Gastron\u00f3mica","robots":{"index":"index","follow":"follow","max-snippet":"max-snippet:-1","max-image-preview":"max-image-preview:large","max-video-preview":"max-video-preview:-1"},"canonical":"https:\/\/www.torreviejagastronomica.com\/es\/arroces-de-torrevieja-ofrece-lo-mejor-de-la-gastronomia-local\/","og_locale":"es_ES","og_type":"article","og_title":"\u00abArroces de Torrevieja\u00bb ofrece lo mejor de la gastronom\u00eda local - Torrevieja Gastron\u00f3mica","og_description":"Fuente: informaci\u00f3n.es La hosteler\u00eda del municipio presenta del 3 al domingo 9 de marzo men\u00fas especiales en 27 restaurantes La pr\u00f3xima semana 27 restaurantes de Torrevieja y Orihuela Costa celebran la II edici\u00f3n de los \u00abArroces de Torrevieja\u00bb, que ofrecer\u00e1 del lunes 3 al domingo 9 de marzo numerosas modalidades de este plato \u00abestrella\u00bb de [&hellip;]","og_url":"https:\/\/www.torreviejagastronomica.com\/es\/arroces-de-torrevieja-ofrece-lo-mejor-de-la-gastronomia-local\/","og_site_name":"Torrevieja Gastron\u00f3mica","article_published_time":"2014-03-03T09:19:14+00:00","og_image":[{"width":523,"height":368,"url":"https:\/\/www.torreviejagastronomica.com\/wp-content\/uploads\/2014\/03\/arroces-torrevieja.jpg","type":"image\/jpeg"}],"author":"admin","twitter_card":"summary_large_image","twitter_misc":{"Escrito por":"admin","Tiempo de lectura":"2 minutos"},"schema":{"@context":"https:\/\/schema.org","@graph":[{"@type":"Article","@id":"https:\/\/www.torreviejagastronomica.com\/arroces-de-torrevieja-ofrece-lo-mejor-de-la-gastronomia-local\/#article","isPartOf":{"@id":"https:\/\/www.torreviejagastronomica.com\/arroces-de-torrevieja-ofrece-lo-mejor-de-la-gastronomia-local\/"},"author":{"name":"admin","@id":"https:\/\/www.torreviejagastronomica.com\/#\/schema\/person\/43c1ae0a05eb24e94513f69078cd11a7"},"headline":"\u00abArroces de Torrevieja\u00bb ofrece lo mejor de la gastronom\u00eda local","datePublished":"2014-03-03T09:19:14+00:00","mainEntityOfPage":{"@id":"https:\/\/www.torreviejagastronomica.com\/arroces-de-torrevieja-ofrece-lo-mejor-de-la-gastronomia-local\/"},"wordCount":437,"publisher":{"@id":"https:\/\/www.torreviejagastronomica.com\/#organization"},"image":{"@id":"https:\/\/www.torreviejagastronomica.com\/arroces-de-torrevieja-ofrece-lo-mejor-de-la-gastronomia-local\/#primaryimage"},"thumbnailUrl":"https:\/\/www.torreviejagastronomica.com\/wp-content\/uploads\/2014\/03\/arroces-torrevieja.jpg","articleSection":["Eventos"],"inLanguage":"es"},{"@type":"WebPage","@id":"https:\/\/www.torreviejagastronomica.com\/arroces-de-torrevieja-ofrece-lo-mejor-de-la-gastronomia-local\/","url":"https:\/\/www.torreviejagastronomica.com\/arroces-de-torrevieja-ofrece-lo-mejor-de-la-gastronomia-local\/","name":"\u00abArroces de Torrevieja\u00bb ofrece lo mejor de la gastronom\u00eda local - Torrevieja Gastron\u00f3mica","isPartOf":{"@id":"https:\/\/www.torreviejagastronomica.com\/#website"},"primaryImageOfPage":{"@id":"https:\/\/www.torreviejagastronomica.com\/arroces-de-torrevieja-ofrece-lo-mejor-de-la-gastronomia-local\/#primaryimage"},"image":{"@id":"https:\/\/www.torreviejagastronomica.com\/arroces-de-torrevieja-ofrece-lo-mejor-de-la-gastronomia-local\/#primaryimage"},"thumbnailUrl":"https:\/\/www.torreviejagastronomica.com\/wp-content\/uploads\/2014\/03\/arroces-torrevieja.jpg","datePublished":"2014-03-03T09:19:14+00:00","breadcrumb":{"@id":"https:\/\/www.torreviejagastronomica.com\/arroces-de-torrevieja-ofrece-lo-mejor-de-la-gastronomia-local\/#breadcrumb"},"inLanguage":"es","potentialAction":[{"@type":"ReadAction","target":["https:\/\/www.torreviejagastronomica.com\/arroces-de-torrevieja-ofrece-lo-mejor-de-la-gastronomia-local\/"]}]},{"@type":"ImageObject","inLanguage":"es","@id":"https:\/\/www.torreviejagastronomica.com\/arroces-de-torrevieja-ofrece-lo-mejor-de-la-gastronomia-local\/#primaryimage","url":"https:\/\/www.torreviejagastronomica.com\/wp-content\/uploads\/2014\/03\/arroces-torrevieja.jpg","contentUrl":"https:\/\/www.torreviejagastronomica.com\/wp-content\/uploads\/2014\/03\/arroces-torrevieja.jpg","width":523,"height":368},{"@type":"BreadcrumbList","@id":"https:\/\/www.torreviejagastronomica.com\/arroces-de-torrevieja-ofrece-lo-mejor-de-la-gastronomia-local\/#breadcrumb","itemListElement":[{"@type":"ListItem","position":1,"name":"Portada","item":"https:\/\/www.torreviejagastronomica.com\/"},{"@type":"ListItem","position":2,"name":"\u00abArroces de Torrevieja\u00bb ofrece lo mejor de la gastronom\u00eda local"}]},{"@type":"WebSite","@id":"https:\/\/www.torreviejagastronomica.com\/#website","url":"https:\/\/www.torreviejagastronomica.com\/","name":"Torrevieja Gastron\u00f3mica","description":"Asociaci\u00f3n Hosteler\u00eda Torrevieja y Comarca","publisher":{"@id":"https:\/\/www.torreviejagastronomica.com\/#organization"},"potentialAction":[{"@type":"SearchAction","target":{"@type":"EntryPoint","urlTemplate":"https:\/\/www.torreviejagastronomica.com\/?s={search_term_string}"},"query-input":{"@type":"PropertyValueSpecification","valueRequired":true,"valueName":"search_term_string"}}],"inLanguage":"es"},{"@type":"Organization","@id":"https:\/\/www.torreviejagastronomica.com\/#organization","name":"Torrevieja Gastron\u00f3mica","url":"https:\/\/www.torreviejagastronomica.com\/","logo":{"@type":"ImageObject","inLanguage":"es","@id":"https:\/\/www.torreviejagastronomica.com\/#\/schema\/logo\/image\/","url":"https:\/\/www.torreviejagastronomica.com\/wp-content\/uploads\/2023\/09\/Logo-Torrevieja-Gastronomica.png","contentUrl":"https:\/\/www.torreviejagastronomica.com\/wp-content\/uploads\/2023\/09\/Logo-Torrevieja-Gastronomica.png","width":350,"height":100,"caption":"Torrevieja Gastron\u00f3mica"},"image":{"@id":"https:\/\/www.torreviejagastronomica.com\/#\/schema\/logo\/image\/"}},{"@type":"Person","@id":"https:\/\/www.torreviejagastronomica.com\/#\/schema\/person\/43c1ae0a05eb24e94513f69078cd11a7","name":"admin","image":{"@type":"ImageObject","inLanguage":"es","@id":"https:\/\/www.torreviejagastronomica.com\/#\/schema\/person\/image\/","url":"https:\/\/secure.gravatar.com\/avatar\/6497fb95944786a8c3310104dbce94031a7dee2c3b2645b425bfeeec49855f50?s=96&d=mm&r=g","contentUrl":"https:\/\/secure.gravatar.com\/avatar\/6497fb95944786a8c3310104dbce94031a7dee2c3b2645b425bfeeec49855f50?s=96&d=mm&r=g","caption":"admin"},"url":"https:\/\/www.torreviejagastronomica.com\/es\/author\/admin\/"}]}},"_links":{"self":[{"href":"https:\/\/www.torreviejagastronomica.com\/es\/wp-json\/wp\/v2\/posts\/878","targetHints":{"allow":["GET"]}}],"collection":[{"href":"https:\/\/www.torreviejagastronomica.com\/es\/wp-json\/wp\/v2\/posts"}],"about":[{"href":"https:\/\/www.torreviejagastronomica.com\/es\/wp-json\/wp\/v2\/types\/post"}],"author":[{"embeddable":true,"href":"https:\/\/www.torreviejagastronomica.com\/es\/wp-json\/wp\/v2\/users\/3"}],"replies":[{"embeddable":true,"href":"https:\/\/www.torreviejagastronomica.com\/es\/wp-json\/wp\/v2\/comments?post=878"}],"version-history":[{"count":0,"href":"https:\/\/www.torreviejagastronomica.com\/es\/wp-json\/wp\/v2\/posts\/878\/revisions"}],"wp:featuredmedia":[{"embeddable":true,"href":"https:\/\/www.torreviejagastronomica.com\/es\/wp-json\/wp\/v2\/media\/879"}],"wp:attachment":[{"href":"https:\/\/www.torreviejagastronomica.com\/es\/wp-json\/wp\/v2\/media?parent=878"}],"wp:term":[{"taxonomy":"category","embeddable":true,"href":"https:\/\/www.torreviejagastronomica.com\/es\/wp-json\/wp\/v2\/categories?post=878"},{"taxonomy":"post_tag","embeddable":true,"href":"https:\/\/www.torreviejagastronomica.com\/es\/wp-json\/wp\/v2\/tags?post=878"}],"curies":[{"name":"wp","href":"https:\/\/api.w.org\/{rel}","templated":true}]}}