{"id":8243,"date":"2026-09-04T10:06:50","date_gmt":"2026-09-04T08:06:50","guid":{"rendered":"https:\/\/www.torreviejagastronomica.com\/?p=8243"},"modified":"2026-09-05T12:58:54","modified_gmt":"2026-09-05T10:58:54","slug":"international-tapas-day-2026","status":"publish","type":"post","link":"https:\/\/www.torreviejagastronomica.com\/es\/international-tapas-day-2026\/","title":{"rendered":"International Tapas Day 2026"},"content":{"rendered":"\n<figure class=\"wp-block-gallery has-nested-images columns-default is-cropped wp-block-gallery-1 is-layout-flex wp-block-gallery-is-layout-flex\">\n<figure data-wp-context=\"{&quot;imageId&quot;:&quot;6a9d1b198bf60&quot;}\" data-wp-interactive=\"core\/image\" class=\"wp-block-image size-large wp-lightbox-container\"><img fetchpriority=\"high\" decoding=\"async\" width=\"1024\" height=\"724\" data-wp-class--hide=\"state.isContentHidden\" data-wp-class--show=\"state.isContentVisible\" data-wp-init=\"callbacks.setButtonStyles\" data-wp-on-async--click=\"actions.showLightbox\" data-wp-on-async--load=\"callbacks.setButtonStyles\" data-wp-on-async-window--resize=\"callbacks.setButtonStyles\" data-id=\"8288\" src=\"https:\/\/www.torreviejagastronomica.com\/wp-content\/uploads\/2026\/09\/asociacion-hosteleria-torrevieja-2000-tripticos-exterior.jpg-1024x724.jpeg\" alt=\"\" class=\"wp-image-8288\" srcset=\"https:\/\/www.torreviejagastronomica.com\/wp-content\/uploads\/2026\/09\/asociacion-hosteleria-torrevieja-2000-tripticos-exterior.jpg-1024x724.jpeg 1024w, https:\/\/www.torreviejagastronomica.com\/wp-content\/uploads\/2026\/09\/asociacion-hosteleria-torrevieja-2000-tripticos-exterior.jpg-300x212.jpeg 300w, https:\/\/www.torreviejagastronomica.com\/wp-content\/uploads\/2026\/09\/asociacion-hosteleria-torrevieja-2000-tripticos-exterior.jpg-768x543.jpeg 768w, https:\/\/www.torreviejagastronomica.com\/wp-content\/uploads\/2026\/09\/asociacion-hosteleria-torrevieja-2000-tripticos-exterior.jpg-1536x1085.jpeg 1536w, https:\/\/www.torreviejagastronomica.com\/wp-content\/uploads\/2026\/09\/asociacion-hosteleria-torrevieja-2000-tripticos-exterior.jpg-2048x1447.jpeg 2048w, https:\/\/www.torreviejagastronomica.com\/wp-content\/uploads\/2026\/09\/asociacion-hosteleria-torrevieja-2000-tripticos-exterior.jpg-18x12.jpeg 18w\" sizes=\"(max-width: 1024px) 100vw, 1024px\" \/><button\n\t\t\tclass=\"lightbox-trigger\"\n\t\t\ttype=\"button\"\n\t\t\taria-haspopup=\"dialog\"\n\t\t\taria-label=\"Agrandar\"\n\t\t\tdata-wp-init=\"callbacks.initTriggerButton\"\n\t\t\tdata-wp-on-async--click=\"actions.showLightbox\"\n\t\t\tdata-wp-style--right=\"state.imageButtonRight\"\n\t\t\tdata-wp-style--top=\"state.imageButtonTop\"\n\t\t>\n\t\t\t<svg xmlns=\"http:\/\/www.w3.org\/2000\/svg\" width=\"12\" height=\"12\" fill=\"none\" viewBox=\"0 0 12 12\">\n\t\t\t\t<path fill=\"#fff\" d=\"M2 0a2 2 0 0 0-2 2v2h1.5V2a.5.5 0 0 1 .5-.5h2V0H2Zm2 10.5H2a.5.5 0 0 1-.5-.5V8H0v2a2 2 0 0 0 2 2h2v-1.5ZM8 12v-1.5h2a.5.5 0 0 0 .5-.5V8H12v2a2 2 0 0 1-2 2H8Zm2-12a2 2 0 0 1 2 2v2h-1.5V2a.5.5 0 0 0-.5-.5H8V0h2Z\" \/>\n\t\t\t<\/svg>\n\t\t<\/button><\/figure>\n\n\n\n<figure data-wp-context=\"{&quot;imageId&quot;:&quot;6a9d1b198c307&quot;}\" data-wp-interactive=\"core\/image\" class=\"wp-block-image size-large wp-lightbox-container\"><img decoding=\"async\" width=\"1024\" height=\"724\" data-wp-class--hide=\"state.isContentHidden\" data-wp-class--show=\"state.isContentVisible\" data-wp-init=\"callbacks.setButtonStyles\" data-wp-on-async--click=\"actions.showLightbox\" data-wp-on-async--load=\"callbacks.setButtonStyles\" data-wp-on-async-window--resize=\"callbacks.setButtonStyles\" data-id=\"8287\" src=\"https:\/\/www.torreviejagastronomica.com\/wp-content\/uploads\/2026\/09\/asociacion-hosteleria-torrevieja-2000-tripticos-interior.jpg-1024x724.jpeg\" alt=\"\" class=\"wp-image-8287\" srcset=\"https:\/\/www.torreviejagastronomica.com\/wp-content\/uploads\/2026\/09\/asociacion-hosteleria-torrevieja-2000-tripticos-interior.jpg-1024x724.jpeg 1024w, https:\/\/www.torreviejagastronomica.com\/wp-content\/uploads\/2026\/09\/asociacion-hosteleria-torrevieja-2000-tripticos-interior.jpg-300x212.jpeg 300w, https:\/\/www.torreviejagastronomica.com\/wp-content\/uploads\/2026\/09\/asociacion-hosteleria-torrevieja-2000-tripticos-interior.jpg-768x543.jpeg 768w, https:\/\/www.torreviejagastronomica.com\/wp-content\/uploads\/2026\/09\/asociacion-hosteleria-torrevieja-2000-tripticos-interior.jpg-1536x1085.jpeg 1536w, https:\/\/www.torreviejagastronomica.com\/wp-content\/uploads\/2026\/09\/asociacion-hosteleria-torrevieja-2000-tripticos-interior.jpg-2048x1447.jpeg 2048w, https:\/\/www.torreviejagastronomica.com\/wp-content\/uploads\/2026\/09\/asociacion-hosteleria-torrevieja-2000-tripticos-interior.jpg-18x12.jpeg 18w\" sizes=\"(max-width: 1024px) 100vw, 1024px\" \/><button\n\t\t\tclass=\"lightbox-trigger\"\n\t\t\ttype=\"button\"\n\t\t\taria-haspopup=\"dialog\"\n\t\t\taria-label=\"Agrandar\"\n\t\t\tdata-wp-init=\"callbacks.initTriggerButton\"\n\t\t\tdata-wp-on-async--click=\"actions.showLightbox\"\n\t\t\tdata-wp-style--right=\"state.imageButtonRight\"\n\t\t\tdata-wp-style--top=\"state.imageButtonTop\"\n\t\t>\n\t\t\t<svg xmlns=\"http:\/\/www.w3.org\/2000\/svg\" width=\"12\" height=\"12\" fill=\"none\" viewBox=\"0 0 12 12\">\n\t\t\t\t<path fill=\"#fff\" d=\"M2 0a2 2 0 0 0-2 2v2h1.5V2a.5.5 0 0 1 .5-.5h2V0H2Zm2 10.5H2a.5.5 0 0 1-.5-.5V8H0v2a2 2 0 0 0 2 2h2v-1.5ZM8 12v-1.5h2a.5.5 0 0 0 .5-.5V8H12v2a2 2 0 0 1-2 2H8Zm2-12a2 2 0 0 1 2 2v2h-1.5V2a.5.5 0 0 0-.5-.5H8V0h2Z\" \/>\n\t\t\t<\/svg>\n\t\t<\/button><\/figure>\n<\/figure>\n\n\n\n<figure data-wp-context=\"{&quot;imageId&quot;:&quot;6a9d1b198d0f9&quot;}\" data-wp-interactive=\"core\/image\" class=\"wp-block-image aligncenter size-large wp-lightbox-container\"><img decoding=\"async\" width=\"724\" height=\"1024\" data-wp-class--hide=\"state.isContentHidden\" data-wp-class--show=\"state.isContentVisible\" data-wp-init=\"callbacks.setButtonStyles\" data-wp-on-async--click=\"actions.showLightbox\" data-wp-on-async--load=\"callbacks.setButtonStyles\" data-wp-on-async-window--resize=\"callbacks.setButtonStyles\" src=\"https:\/\/www.torreviejagastronomica.com\/wp-content\/uploads\/2026\/09\/Unknown-1-724x1024.jpeg\" alt=\"\" class=\"wp-image-8289\" srcset=\"https:\/\/www.torreviejagastronomica.com\/wp-content\/uploads\/2026\/09\/Unknown-1-724x1024.jpeg 724w, https:\/\/www.torreviejagastronomica.com\/wp-content\/uploads\/2026\/09\/Unknown-1-212x300.jpeg 212w, https:\/\/www.torreviejagastronomica.com\/wp-content\/uploads\/2026\/09\/Unknown-1-768x1087.jpeg 768w, https:\/\/www.torreviejagastronomica.com\/wp-content\/uploads\/2026\/09\/Unknown-1-1085x1536.jpeg 1085w, https:\/\/www.torreviejagastronomica.com\/wp-content\/uploads\/2026\/09\/Unknown-1-1447x2048.jpeg 1447w, https:\/\/www.torreviejagastronomica.com\/wp-content\/uploads\/2026\/09\/Unknown-1-8x12.jpeg 8w, https:\/\/www.torreviejagastronomica.com\/wp-content\/uploads\/2026\/09\/Unknown-1.jpeg 1652w\" sizes=\"(max-width: 724px) 100vw, 724px\" \/><button\n\t\t\tclass=\"lightbox-trigger\"\n\t\t\ttype=\"button\"\n\t\t\taria-haspopup=\"dialog\"\n\t\t\taria-label=\"Agrandar\"\n\t\t\tdata-wp-init=\"callbacks.initTriggerButton\"\n\t\t\tdata-wp-on-async--click=\"actions.showLightbox\"\n\t\t\tdata-wp-style--right=\"state.imageButtonRight\"\n\t\t\tdata-wp-style--top=\"state.imageButtonTop\"\n\t\t>\n\t\t\t<svg xmlns=\"http:\/\/www.w3.org\/2000\/svg\" width=\"12\" height=\"12\" fill=\"none\" viewBox=\"0 0 12 12\">\n\t\t\t\t<path fill=\"#fff\" d=\"M2 0a2 2 0 0 0-2 2v2h1.5V2a.5.5 0 0 1 .5-.5h2V0H2Zm2 10.5H2a.5.5 0 0 1-.5-.5V8H0v2a2 2 0 0 0 2 2h2v-1.5ZM8 12v-1.5h2a.5.5 0 0 0 .5-.5V8H12v2a2 2 0 0 1-2 2H8Zm2-12a2 2 0 0 1 2 2v2h-1.5V2a.5.5 0 0 0-.5-.5H8V0h2Z\" \/>\n\t\t\t<\/svg>\n\t\t<\/button><\/figure>\n\n\n\n<p><\/p>\n","protected":false},"excerpt":{"rendered":"","protected":false},"author":4,"featured_media":8292,"comment_status":"open","ping_status":"open","sticky":false,"template":"","format":"standard","meta":{"footnotes":""},"categories":[8],"tags":[],"class_list":["post-8243","post","type-post","status-publish","format-standard","has-post-thumbnail","hentry","category-eventos"],"yoast_head":"<!-- This site is optimized with the Yoast SEO plugin v28.2 - https:\/\/yoast.com\/product\/yoast-seo-wordpress\/ -->\n<title>International Tapas Day 2026 - Torrevieja Gastron\u00f3mica<\/title>\n<meta name=\"robots\" content=\"index, follow, max-snippet:-1, max-image-preview:large, max-video-preview:-1\" \/>\n<link rel=\"canonical\" href=\"https:\/\/www.torreviejagastronomica.com\/es\/international-tapas-day-2026\/\" \/>\n<meta property=\"og:locale\" content=\"es_ES\" \/>\n<meta property=\"og:type\" content=\"article\" \/>\n<meta property=\"og:title\" content=\"International Tapas Day 2026 - Torrevieja Gastron\u00f3mica\" \/>\n<meta property=\"og:url\" content=\"https:\/\/www.torreviejagastronomica.com\/es\/international-tapas-day-2026\/\" \/>\n<meta property=\"og:site_name\" content=\"Torrevieja Gastron\u00f3mica\" \/>\n<meta property=\"article:published_time\" content=\"2026-09-04T08:06:50+00:00\" \/>\n<meta property=\"article:modified_time\" content=\"2026-09-05T10:58:54+00:00\" \/>\n<meta property=\"og:image\" content=\"https:\/\/www.torreviejagastronomica.com\/wp-content\/uploads\/2026\/09\/este.jpg\" \/>\n\t<meta property=\"og:image:width\" content=\"1920\" \/>\n\t<meta property=\"og:image:height\" content=\"1080\" \/>\n\t<meta property=\"og:image:type\" content=\"image\/jpeg\" \/>\n<meta name=\"author\" content=\"Asociaci\u00f3n de Empresas de Hosteler\u00eda de Torrevieja y Comarca\" \/>\n<meta name=\"twitter:card\" content=\"summary_large_image\" \/>\n<meta name=\"twitter:label1\" content=\"Escrito por\" \/>\n\t<meta name=\"twitter:data1\" content=\"Asociaci\u00f3n de Empresas de Hosteler\u00eda de Torrevieja y Comarca\" \/>\n\t<meta name=\"twitter:label2\" content=\"Tiempo de lectura\" \/>\n\t<meta name=\"twitter:data2\" content=\"1 minuto\" \/>\n<script type=\"application\/ld+json\" class=\"yoast-schema-graph\">{\"@context\":\"https:\\\/\\\/schema.org\",\"@graph\":[{\"@type\":\"Article\",\"@id\":\"https:\\\/\\\/www.torreviejagastronomica.com\\\/international-tapas-day-2026\\\/#article\",\"isPartOf\":{\"@id\":\"https:\\\/\\\/www.torreviejagastronomica.com\\\/international-tapas-day-2026\\\/\"},\"author\":{\"name\":\"Asociaci\u00f3n de Empresas de Hosteler\u00eda de Torrevieja y Comarca\",\"@id\":\"https:\\\/\\\/www.torreviejagastronomica.com\\\/#\\\/schema\\\/person\\\/9e0116f808f941d46f9baadf5335f0a9\"},\"headline\":\"International Tapas Day 2026\",\"datePublished\":\"2026-09-04T08:06:50+00:00\",\"dateModified\":\"2026-09-05T10:58:54+00:00\",\"mainEntityOfPage\":{\"@id\":\"https:\\\/\\\/www.torreviejagastronomica.com\\\/international-tapas-day-2026\\\/\"},\"wordCount\":3,\"commentCount\":0,\"publisher\":{\"@id\":\"https:\\\/\\\/www.torreviejagastronomica.com\\\/#organization\"},\"image\":{\"@id\":\"https:\\\/\\\/www.torreviejagastronomica.com\\\/international-tapas-day-2026\\\/#primaryimage\"},\"thumbnailUrl\":\"https:\\\/\\\/www.torreviejagastronomica.com\\\/wp-content\\\/uploads\\\/2026\\\/09\\\/este.jpg\",\"articleSection\":[\"Eventos\"],\"inLanguage\":\"es\",\"potentialAction\":[{\"@type\":\"CommentAction\",\"name\":\"Comment\",\"target\":[\"https:\\\/\\\/www.torreviejagastronomica.com\\\/international-tapas-day-2026\\\/#respond\"]}]},{\"@type\":\"WebPage\",\"@id\":\"https:\\\/\\\/www.torreviejagastronomica.com\\\/international-tapas-day-2026\\\/\",\"url\":\"https:\\\/\\\/www.torreviejagastronomica.com\\\/international-tapas-day-2026\\\/\",\"name\":\"International Tapas Day 2026 - Torrevieja Gastron\u00f3mica\",\"isPartOf\":{\"@id\":\"https:\\\/\\\/www.torreviejagastronomica.com\\\/#website\"},\"primaryImageOfPage\":{\"@id\":\"https:\\\/\\\/www.torreviejagastronomica.com\\\/international-tapas-day-2026\\\/#primaryimage\"},\"image\":{\"@id\":\"https:\\\/\\\/www.torreviejagastronomica.com\\\/international-tapas-day-2026\\\/#primaryimage\"},\"thumbnailUrl\":\"https:\\\/\\\/www.torreviejagastronomica.com\\\/wp-content\\\/uploads\\\/2026\\\/09\\\/este.jpg\",\"datePublished\":\"2026-09-04T08:06:50+00:00\",\"dateModified\":\"2026-09-05T10:58:54+00:00\",\"breadcrumb\":{\"@id\":\"https:\\\/\\\/www.torreviejagastronomica.com\\\/international-tapas-day-2026\\\/#breadcrumb\"},\"inLanguage\":\"es\",\"potentialAction\":[{\"@type\":\"ReadAction\",\"target\":[\"https:\\\/\\\/www.torreviejagastronomica.com\\\/international-tapas-day-2026\\\/\"]}]},{\"@type\":\"ImageObject\",\"inLanguage\":\"es\",\"@id\":\"https:\\\/\\\/www.torreviejagastronomica.com\\\/international-tapas-day-2026\\\/#primaryimage\",\"url\":\"https:\\\/\\\/www.torreviejagastronomica.com\\\/wp-content\\\/uploads\\\/2026\\\/09\\\/este.jpg\",\"contentUrl\":\"https:\\\/\\\/www.torreviejagastronomica.com\\\/wp-content\\\/uploads\\\/2026\\\/09\\\/este.jpg\",\"width\":1920,\"height\":1080},{\"@type\":\"BreadcrumbList\",\"@id\":\"https:\\\/\\\/www.torreviejagastronomica.com\\\/international-tapas-day-2026\\\/#breadcrumb\",\"itemListElement\":[{\"@type\":\"ListItem\",\"position\":1,\"name\":\"Portada\",\"item\":\"https:\\\/\\\/www.torreviejagastronomica.com\\\/\"},{\"@type\":\"ListItem\",\"position\":2,\"name\":\"International Tapas Day 2026\"}]},{\"@type\":\"WebSite\",\"@id\":\"https:\\\/\\\/www.torreviejagastronomica.com\\\/#website\",\"url\":\"https:\\\/\\\/www.torreviejagastronomica.com\\\/\",\"name\":\"Torrevieja Gastron\u00f3mica\",\"description\":\"Asociaci\u00f3n Hosteler\u00eda Torrevieja y Comarca\",\"publisher\":{\"@id\":\"https:\\\/\\\/www.torreviejagastronomica.com\\\/#organization\"},\"potentialAction\":[{\"@type\":\"SearchAction\",\"target\":{\"@type\":\"EntryPoint\",\"urlTemplate\":\"https:\\\/\\\/www.torreviejagastronomica.com\\\/?s={search_term_string}\"},\"query-input\":{\"@type\":\"PropertyValueSpecification\",\"valueRequired\":true,\"valueName\":\"search_term_string\"}}],\"inLanguage\":\"es\"},{\"@type\":\"Organization\",\"@id\":\"https:\\\/\\\/www.torreviejagastronomica.com\\\/#organization\",\"name\":\"Torrevieja Gastron\u00f3mica\",\"url\":\"https:\\\/\\\/www.torreviejagastronomica.com\\\/\",\"logo\":{\"@type\":\"ImageObject\",\"inLanguage\":\"es\",\"@id\":\"https:\\\/\\\/www.torreviejagastronomica.com\\\/#\\\/schema\\\/logo\\\/image\\\/\",\"url\":\"https:\\\/\\\/www.torreviejagastronomica.com\\\/wp-content\\\/uploads\\\/2023\\\/09\\\/Logo-Torrevieja-Gastronomica.png\",\"contentUrl\":\"https:\\\/\\\/www.torreviejagastronomica.com\\\/wp-content\\\/uploads\\\/2023\\\/09\\\/Logo-Torrevieja-Gastronomica.png\",\"width\":350,\"height\":100,\"caption\":\"Torrevieja Gastron\u00f3mica\"},\"image\":{\"@id\":\"https:\\\/\\\/www.torreviejagastronomica.com\\\/#\\\/schema\\\/logo\\\/image\\\/\"}},{\"@type\":\"Person\",\"@id\":\"https:\\\/\\\/www.torreviejagastronomica.com\\\/#\\\/schema\\\/person\\\/9e0116f808f941d46f9baadf5335f0a9\",\"name\":\"Asociaci\u00f3n de Empresas de Hosteler\u00eda de Torrevieja y Comarca\",\"image\":{\"@type\":\"ImageObject\",\"inLanguage\":\"es\",\"@id\":\"https:\\\/\\\/secure.gravatar.com\\\/avatar\\\/32ba6ba6e685fc061412a65c4a8a8b6caaf6d90d0985a737a4015d36e84d2d1f?s=96&d=mm&r=g\",\"url\":\"https:\\\/\\\/secure.gravatar.com\\\/avatar\\\/32ba6ba6e685fc061412a65c4a8a8b6caaf6d90d0985a737a4015d36e84d2d1f?s=96&d=mm&r=g\",\"contentUrl\":\"https:\\\/\\\/secure.gravatar.com\\\/avatar\\\/32ba6ba6e685fc061412a65c4a8a8b6caaf6d90d0985a737a4015d36e84d2d1f?s=96&d=mm&r=g\",\"caption\":\"Asociaci\u00f3n de Empresas de Hosteler\u00eda de Torrevieja y Comarca\"},\"url\":\"https:\\\/\\\/www.torreviejagastronomica.com\\\/es\\\/author\\\/hosteleria\\\/\"}]}<\/script>\n<!-- \/ Yoast SEO plugin. -->","yoast_head_json":{"title":"International Tapas Day 2026 - Torrevieja Gastron\u00f3mica","robots":{"index":"index","follow":"follow","max-snippet":"max-snippet:-1","max-image-preview":"max-image-preview:large","max-video-preview":"max-video-preview:-1"},"canonical":"https:\/\/www.torreviejagastronomica.com\/es\/international-tapas-day-2026\/","og_locale":"es_ES","og_type":"article","og_title":"International Tapas Day 2026 - Torrevieja Gastron\u00f3mica","og_url":"https:\/\/www.torreviejagastronomica.com\/es\/international-tapas-day-2026\/","og_site_name":"Torrevieja Gastron\u00f3mica","article_published_time":"2026-09-04T08:06:50+00:00","article_modified_time":"2026-09-05T10:58:54+00:00","og_image":[{"width":1920,"height":1080,"url":"https:\/\/www.torreviejagastronomica.com\/wp-content\/uploads\/2026\/09\/este.jpg","type":"image\/jpeg"}],"author":"Asociaci\u00f3n de Empresas de Hosteler\u00eda de Torrevieja y Comarca","twitter_card":"summary_large_image","twitter_misc":{"Escrito por":"Asociaci\u00f3n de Empresas de Hosteler\u00eda de Torrevieja y Comarca","Tiempo de lectura":"1 minuto"},"schema":{"@context":"https:\/\/schema.org","@graph":[{"@type":"Article","@id":"https:\/\/www.torreviejagastronomica.com\/international-tapas-day-2026\/#article","isPartOf":{"@id":"https:\/\/www.torreviejagastronomica.com\/international-tapas-day-2026\/"},"author":{"name":"Asociaci\u00f3n de Empresas de Hosteler\u00eda de Torrevieja y Comarca","@id":"https:\/\/www.torreviejagastronomica.com\/#\/schema\/person\/9e0116f808f941d46f9baadf5335f0a9"},"headline":"International Tapas Day 2026","datePublished":"2026-09-04T08:06:50+00:00","dateModified":"2026-09-05T10:58:54+00:00","mainEntityOfPage":{"@id":"https:\/\/www.torreviejagastronomica.com\/international-tapas-day-2026\/"},"wordCount":3,"commentCount":0,"publisher":{"@id":"https:\/\/www.torreviejagastronomica.com\/#organization"},"image":{"@id":"https:\/\/www.torreviejagastronomica.com\/international-tapas-day-2026\/#primaryimage"},"thumbnailUrl":"https:\/\/www.torreviejagastronomica.com\/wp-content\/uploads\/2026\/09\/este.jpg","articleSection":["Eventos"],"inLanguage":"es","potentialAction":[{"@type":"CommentAction","name":"Comment","target":["https:\/\/www.torreviejagastronomica.com\/international-tapas-day-2026\/#respond"]}]},{"@type":"WebPage","@id":"https:\/\/www.torreviejagastronomica.com\/international-tapas-day-2026\/","url":"https:\/\/www.torreviejagastronomica.com\/international-tapas-day-2026\/","name":"International Tapas Day 2026 - Torrevieja Gastron\u00f3mica","isPartOf":{"@id":"https:\/\/www.torreviejagastronomica.com\/#website"},"primaryImageOfPage":{"@id":"https:\/\/www.torreviejagastronomica.com\/international-tapas-day-2026\/#primaryimage"},"image":{"@id":"https:\/\/www.torreviejagastronomica.com\/international-tapas-day-2026\/#primaryimage"},"thumbnailUrl":"https:\/\/www.torreviejagastronomica.com\/wp-content\/uploads\/2026\/09\/este.jpg","datePublished":"2026-09-04T08:06:50+00:00","dateModified":"2026-09-05T10:58:54+00:00","breadcrumb":{"@id":"https:\/\/www.torreviejagastronomica.com\/international-tapas-day-2026\/#breadcrumb"},"inLanguage":"es","potentialAction":[{"@type":"ReadAction","target":["https:\/\/www.torreviejagastronomica.com\/international-tapas-day-2026\/"]}]},{"@type":"ImageObject","inLanguage":"es","@id":"https:\/\/www.torreviejagastronomica.com\/international-tapas-day-2026\/#primaryimage","url":"https:\/\/www.torreviejagastronomica.com\/wp-content\/uploads\/2026\/09\/este.jpg","contentUrl":"https:\/\/www.torreviejagastronomica.com\/wp-content\/uploads\/2026\/09\/este.jpg","width":1920,"height":1080},{"@type":"BreadcrumbList","@id":"https:\/\/www.torreviejagastronomica.com\/international-tapas-day-2026\/#breadcrumb","itemListElement":[{"@type":"ListItem","position":1,"name":"Portada","item":"https:\/\/www.torreviejagastronomica.com\/"},{"@type":"ListItem","position":2,"name":"International Tapas Day 2026"}]},{"@type":"WebSite","@id":"https:\/\/www.torreviejagastronomica.com\/#website","url":"https:\/\/www.torreviejagastronomica.com\/","name":"Torrevieja Gastron\u00f3mica","description":"Asociaci\u00f3n Hosteler\u00eda Torrevieja y Comarca","publisher":{"@id":"https:\/\/www.torreviejagastronomica.com\/#organization"},"potentialAction":[{"@type":"SearchAction","target":{"@type":"EntryPoint","urlTemplate":"https:\/\/www.torreviejagastronomica.com\/?s={search_term_string}"},"query-input":{"@type":"PropertyValueSpecification","valueRequired":true,"valueName":"search_term_string"}}],"inLanguage":"es"},{"@type":"Organization","@id":"https:\/\/www.torreviejagastronomica.com\/#organization","name":"Torrevieja Gastron\u00f3mica","url":"https:\/\/www.torreviejagastronomica.com\/","logo":{"@type":"ImageObject","inLanguage":"es","@id":"https:\/\/www.torreviejagastronomica.com\/#\/schema\/logo\/image\/","url":"https:\/\/www.torreviejagastronomica.com\/wp-content\/uploads\/2023\/09\/Logo-Torrevieja-Gastronomica.png","contentUrl":"https:\/\/www.torreviejagastronomica.com\/wp-content\/uploads\/2023\/09\/Logo-Torrevieja-Gastronomica.png","width":350,"height":100,"caption":"Torrevieja Gastron\u00f3mica"},"image":{"@id":"https:\/\/www.torreviejagastronomica.com\/#\/schema\/logo\/image\/"}},{"@type":"Person","@id":"https:\/\/www.torreviejagastronomica.com\/#\/schema\/person\/9e0116f808f941d46f9baadf5335f0a9","name":"Asociaci\u00f3n de Empresas de Hosteler\u00eda de Torrevieja y Comarca","image":{"@type":"ImageObject","inLanguage":"es","@id":"https:\/\/secure.gravatar.com\/avatar\/32ba6ba6e685fc061412a65c4a8a8b6caaf6d90d0985a737a4015d36e84d2d1f?s=96&d=mm&r=g","url":"https:\/\/secure.gravatar.com\/avatar\/32ba6ba6e685fc061412a65c4a8a8b6caaf6d90d0985a737a4015d36e84d2d1f?s=96&d=mm&r=g","contentUrl":"https:\/\/secure.gravatar.com\/avatar\/32ba6ba6e685fc061412a65c4a8a8b6caaf6d90d0985a737a4015d36e84d2d1f?s=96&d=mm&r=g","caption":"Asociaci\u00f3n de Empresas de Hosteler\u00eda de Torrevieja y Comarca"},"url":"https:\/\/www.torreviejagastronomica.com\/es\/author\/hosteleria\/"}]}},"_links":{"self":[{"href":"https:\/\/www.torreviejagastronomica.com\/es\/wp-json\/wp\/v2\/posts\/8243","targetHints":{"allow":["GET"]}}],"collection":[{"href":"https:\/\/www.torreviejagastronomica.com\/es\/wp-json\/wp\/v2\/posts"}],"about":[{"href":"https:\/\/www.torreviejagastronomica.com\/es\/wp-json\/wp\/v2\/types\/post"}],"author":[{"embeddable":true,"href":"https:\/\/www.torreviejagastronomica.com\/es\/wp-json\/wp\/v2\/users\/4"}],"replies":[{"embeddable":true,"href":"https:\/\/www.torreviejagastronomica.com\/es\/wp-json\/wp\/v2\/comments?post=8243"}],"version-history":[{"count":2,"href":"https:\/\/www.torreviejagastronomica.com\/es\/wp-json\/wp\/v2\/posts\/8243\/revisions"}],"predecessor-version":[{"id":8290,"href":"https:\/\/www.torreviejagastronomica.com\/es\/wp-json\/wp\/v2\/posts\/8243\/revisions\/8290"}],"wp:featuredmedia":[{"embeddable":true,"href":"https:\/\/www.torreviejagastronomica.com\/es\/wp-json\/wp\/v2\/media\/8292"}],"wp:attachment":[{"href":"https:\/\/www.torreviejagastronomica.com\/es\/wp-json\/wp\/v2\/media?parent=8243"}],"wp:term":[{"taxonomy":"category","embeddable":true,"href":"https:\/\/www.torreviejagastronomica.com\/es\/wp-json\/wp\/v2\/categories?post=8243"},{"taxonomy":"post_tag","embeddable":true,"href":"https:\/\/www.torreviejagastronomica.com\/es\/wp-json\/wp\/v2\/tags?post=8243"}],"curies":[{"name":"wp","href":"https:\/\/api.w.org\/{rel}","templated":true}]}}