{"id":8236,"date":"2026-09-01T15:43:59","date_gmt":"2026-09-01T13:43:59","guid":{"rendered":"https:\/\/www.torreviejagastronomica.com\/?p=8236"},"modified":"2026-09-01T15:44:01","modified_gmt":"2026-09-01T13:44:01","slug":"cursos-gratuitos-de-hosteleria-y-turismo-en-torrevieja-formacion-profesional-2-o-semestre-2026","status":"publish","type":"post","link":"https:\/\/www.torreviejagastronomica.com\/es\/cursos-gratuitos-de-hosteleria-y-turismo-en-torrevieja-formacion-profesional-2-o-semestre-2026\/","title":{"rendered":"Cursos gratuitos de hosteler\u00eda y turismo en Torrevieja, formaci\u00f3n profesional 2.\u00ba semestre 2026"},"content":{"rendered":"\n<h2 class=\"wp-block-heading\">CdT Torrevieja lanza m\u00e1s de 30 cursos gratuitos de hosteler\u00eda y turismo para el segundo semestre de 2026<\/h2>\n\n\n\n<p>El Centre de Turisme (CdT) de Torrevieja ha abierto la inscripci\u00f3n para su programa de <strong>Formaci\u00f3n Profesional para el Empleo<\/strong> correspondiente al segundo semestre de 2026, con una oferta de m\u00e1s de 30 cursos gratuitos dirigidos a profesionales en activo y personas en situaci\u00f3n de desempleo del sector tur\u00edstico y hostelero.<\/p>\n\n\n\n<p>La programaci\u00f3n incluye formaciones b\u00e1sicas obligatorias, como el curso de <strong>Higiene Alimentaria, Manipulaci\u00f3n de Alimentos y Gesti\u00f3n de Al\u00e9rgenos<\/strong>, con sesiones los d\u00edas 28 de septiembre, 26 de octubre, 16 y 23 de noviembre, y 1, 15 y 30 de diciembre, en horario de 9:00 a 14:00 h y una duraci\u00f3n de 5 horas. Este curso garantiza que los participantes obtengan los conocimientos necesarios para manipular alimentos sin riesgo para la salud, conforme a la normativa vigente.<\/p>\n\n\n\n<h2 class=\"wp-block-heading\">Especializaci\u00f3n en cocina, reposter\u00eda y tendencias gastron\u00f3micas<\/h2>\n\n\n\n<p>Entre las novedades destacan los cursos de <strong>Cocina y Reposter\u00eda<\/strong>, con tem\u00e1ticas innovadoras como vac\u00edo y baja temperatura (19-20 de octubre), cocina saludable para turismo deportivo (26-27 de octubre), panes y pizzas sin gluten (2-4 de noviembre), tapas y cocina en miniatura (9-10 de noviembre), cocina circular y desperdicio cero (16-17 de noviembre), y delicias de Jap\u00f3n y Asia sin gluten (23-24 de noviembre).<\/p>\n\n\n\n<p>Adem\u00e1s, el 30 de noviembre se impartir\u00e1 un taller especial sobre la <strong>mejor tortilla de patatas cl\u00e1sica<\/strong>, impartido por Celia Clara Correia, subcampeona 2025 en esta categor\u00eda.<\/p>\n\n\n\n<h2 class=\"wp-block-heading\">Formaci\u00f3n en gesti\u00f3n, direcci\u00f3n y herramientas digitales<\/h2>\n\n\n\n<p>Para aut\u00f3nomos y responsables de negocios hosteleros, el CdT Torrevieja ofrece cursos de <strong>Verifactu para aut\u00f3nomos<\/strong> (5 de octubre), <strong>inteligencia artificial aplicada al marketing hostelero<\/strong> (19-20 de octubre), <strong>creaci\u00f3n de contenido gastron\u00f3mico con m\u00f3vil<\/strong> (26-27 de octubre), <strong>herramientas digitales para la gesti\u00f3n hostelera<\/strong> (2-3 de noviembre), <strong>automatizaci\u00f3n b\u00e1sica para peque\u00f1os negocios<\/strong> (9-10 de noviembre), <strong>enoturismo emocional<\/strong> (16-17 de noviembre) y <strong>eventos gastron\u00f3micos rentables<\/strong> (23-24 de noviembre).<\/p>\n\n\n\n<h2 class=\"wp-block-heading\">Cursos de servicio: cocteler\u00eda, barismo y verm\u00fa<\/h2>\n\n\n\n<p>En el \u00e1rea de servicio, la oferta incluye <strong>Universo Vermul<\/strong> (5-6 de octubre), <strong>cocteler\u00eda acrob\u00e1tica profesional<\/strong> (19-21 de octubre), <strong>barista profesional<\/strong> (9-11 de noviembre) y <strong>cocteler\u00eda con caf\u00e9<\/strong> (23-24 de noviembre), todos con horarios de 9:30 a 13:30 h y duraciones entre 8 y 12 horas.<\/p>\n\n\n\n<h2 class=\"wp-block-heading\">Inscripci\u00f3n y requisitos<\/h2>\n\n\n\n<p>Todos los cursos son <strong>gratuitos<\/strong> y se imparten en las instalaciones del CdT Torrevieja, ubicadas en la Carretera de Crevillent (CV-90), esquina con calle Los Lirios. Para inscribirse, es necesario registrarse en la web <a href=\"https:\/\/cdt.gva.es\">www.cdt.gva.es<\/a>, crear un usuario y acceder a la zona privada para realizar la matr\u00edcula. Los participantes deber\u00e1n autorizar la consulta de sus datos identificativos o adjuntar NIF\/NIE, n\u00f3mina o DARDE en vigor.<\/p>\n\n\n\n<p>M\u00e1s informaci\u00f3n: cdt_torrevieja@turismecv.es | 965 722 600 <\/p>\n\n\n\n<h3 class=\"wp-block-heading\"><\/h3>\n\n\n\n<p><\/p>\n\n\n\n<figure data-wp-context=\"{&quot;imageId&quot;:&quot;6a97c3940fab2&quot;}\" data-wp-interactive=\"core\/image\" class=\"wp-block-image aligncenter size-large wp-lightbox-container\"><img fetchpriority=\"high\" decoding=\"async\" width=\"724\" height=\"1024\" data-wp-class--hide=\"state.isContentHidden\" data-wp-class--show=\"state.isContentVisible\" data-wp-init=\"callbacks.setButtonStyles\" data-wp-on-async--click=\"actions.showLightbox\" data-wp-on-async--load=\"callbacks.setButtonStyles\" data-wp-on-async-window--resize=\"callbacks.setButtonStyles\" src=\"https:\/\/www.torreviejagastronomica.com\/wp-content\/uploads\/2026\/09\/PHOTO-2026-09-01-13-07-09-724x1024.jpg\" alt=\"\" class=\"wp-image-8237\" srcset=\"https:\/\/www.torreviejagastronomica.com\/wp-content\/uploads\/2026\/09\/PHOTO-2026-09-01-13-07-09-724x1024.jpg 724w, https:\/\/www.torreviejagastronomica.com\/wp-content\/uploads\/2026\/09\/PHOTO-2026-09-01-13-07-09-212x300.jpg 212w, https:\/\/www.torreviejagastronomica.com\/wp-content\/uploads\/2026\/09\/PHOTO-2026-09-01-13-07-09-768x1086.jpg 768w, https:\/\/www.torreviejagastronomica.com\/wp-content\/uploads\/2026\/09\/PHOTO-2026-09-01-13-07-09-1086x1536.jpg 1086w, https:\/\/www.torreviejagastronomica.com\/wp-content\/uploads\/2026\/09\/PHOTO-2026-09-01-13-07-09-8x12.jpg 8w, https:\/\/www.torreviejagastronomica.com\/wp-content\/uploads\/2026\/09\/PHOTO-2026-09-01-13-07-09.jpg 1131w\" sizes=\"(max-width: 724px) 100vw, 724px\" \/><button\n\t\t\tclass=\"lightbox-trigger\"\n\t\t\ttype=\"button\"\n\t\t\taria-haspopup=\"dialog\"\n\t\t\taria-label=\"Agrandar\"\n\t\t\tdata-wp-init=\"callbacks.initTriggerButton\"\n\t\t\tdata-wp-on-async--click=\"actions.showLightbox\"\n\t\t\tdata-wp-style--right=\"state.imageButtonRight\"\n\t\t\tdata-wp-style--top=\"state.imageButtonTop\"\n\t\t>\n\t\t\t<svg xmlns=\"http:\/\/www.w3.org\/2000\/svg\" width=\"12\" height=\"12\" fill=\"none\" viewBox=\"0 0 12 12\">\n\t\t\t\t<path fill=\"#fff\" d=\"M2 0a2 2 0 0 0-2 2v2h1.5V2a.5.5 0 0 1 .5-.5h2V0H2Zm2 10.5H2a.5.5 0 0 1-.5-.5V8H0v2a2 2 0 0 0 2 2h2v-1.5ZM8 12v-1.5h2a.5.5 0 0 0 .5-.5V8H12v2a2 2 0 0 1-2 2H8Zm2-12a2 2 0 0 1 2 2v2h-1.5V2a.5.5 0 0 0-.5-.5H8V0h2Z\" \/>\n\t\t\t<\/svg>\n\t\t<\/button><\/figure>\n\n\n\n<figure data-wp-context=\"{&quot;imageId&quot;:&quot;6a97c3940fe3e&quot;}\" data-wp-interactive=\"core\/image\" class=\"wp-block-image aligncenter size-full wp-lightbox-container\"><img decoding=\"async\" width=\"724\" height=\"1024\" data-wp-class--hide=\"state.isContentHidden\" data-wp-class--show=\"state.isContentVisible\" data-wp-init=\"callbacks.setButtonStyles\" data-wp-on-async--click=\"actions.showLightbox\" data-wp-on-async--load=\"callbacks.setButtonStyles\" data-wp-on-async-window--resize=\"callbacks.setButtonStyles\" src=\"https:\/\/www.torreviejagastronomica.com\/wp-content\/uploads\/2026\/09\/PHOTO-2026-09-01-13-07-08.jpg\" alt=\"\" class=\"wp-image-8238\" srcset=\"https:\/\/www.torreviejagastronomica.com\/wp-content\/uploads\/2026\/09\/PHOTO-2026-09-01-13-07-08.jpg 724w, https:\/\/www.torreviejagastronomica.com\/wp-content\/uploads\/2026\/09\/PHOTO-2026-09-01-13-07-08-212x300.jpg 212w, https:\/\/www.torreviejagastronomica.com\/wp-content\/uploads\/2026\/09\/PHOTO-2026-09-01-13-07-08-8x12.jpg 8w\" sizes=\"(max-width: 724px) 100vw, 724px\" \/><button\n\t\t\tclass=\"lightbox-trigger\"\n\t\t\ttype=\"button\"\n\t\t\taria-haspopup=\"dialog\"\n\t\t\taria-label=\"Agrandar\"\n\t\t\tdata-wp-init=\"callbacks.initTriggerButton\"\n\t\t\tdata-wp-on-async--click=\"actions.showLightbox\"\n\t\t\tdata-wp-style--right=\"state.imageButtonRight\"\n\t\t\tdata-wp-style--top=\"state.imageButtonTop\"\n\t\t>\n\t\t\t<svg xmlns=\"http:\/\/www.w3.org\/2000\/svg\" width=\"12\" height=\"12\" fill=\"none\" viewBox=\"0 0 12 12\">\n\t\t\t\t<path fill=\"#fff\" d=\"M2 0a2 2 0 0 0-2 2v2h1.5V2a.5.5 0 0 1 .5-.5h2V0H2Zm2 10.5H2a.5.5 0 0 1-.5-.5V8H0v2a2 2 0 0 0 2 2h2v-1.5ZM8 12v-1.5h2a.5.5 0 0 0 .5-.5V8H12v2a2 2 0 0 1-2 2H8Zm2-12a2 2 0 0 1 2 2v2h-1.5V2a.5.5 0 0 0-.5-.5H8V0h2Z\" \/>\n\t\t\t<\/svg>\n\t\t<\/button><\/figure>\n","protected":false},"excerpt":{"rendered":"<p>CdT Torrevieja lanza m\u00e1s de 30 cursos gratuitos de hosteler\u00eda y turismo para el segundo semestre de 2026 El Centre de Turisme (CdT) de Torrevieja ha abierto la inscripci\u00f3n para su programa de Formaci\u00f3n Profesional para el Empleo correspondiente al segundo semestre de 2026, con una oferta de m\u00e1s de 30 cursos gratuitos dirigidos a [&hellip;]<\/p>\n","protected":false},"author":4,"featured_media":8239,"comment_status":"open","ping_status":"open","sticky":false,"template":"","format":"standard","meta":{"footnotes":""},"categories":[7],"tags":[],"class_list":["post-8236","post","type-post","status-publish","format-standard","has-post-thumbnail","hentry","category-noticias"],"yoast_head":"<!-- This site is optimized with the Yoast SEO plugin v28.2 - https:\/\/yoast.com\/product\/yoast-seo-wordpress\/ -->\n<title>Cursos gratuitos de hosteler\u00eda y turismo en Torrevieja, formaci\u00f3n profesional 2.\u00ba semestre 2026 - Torrevieja Gastron\u00f3mica<\/title>\n<meta name=\"description\" content=\"Formaci\u00f3n profesional gratuita en hosteler\u00eda y turismo en CdT Torrevieja. Cursos de cocina, gesti\u00f3n, servicio e higiene alimentaria para 2.\u00ba semestre 2026.\" \/>\n<meta name=\"robots\" content=\"index, follow, max-snippet:-1, max-image-preview:large, max-video-preview:-1\" \/>\n<link rel=\"canonical\" href=\"https:\/\/www.torreviejagastronomica.com\/es\/cursos-gratuitos-de-hosteleria-y-turismo-en-torrevieja-formacion-profesional-2-o-semestre-2026\/\" \/>\n<meta property=\"og:locale\" content=\"es_ES\" \/>\n<meta property=\"og:type\" content=\"article\" \/>\n<meta property=\"og:title\" content=\"Cursos gratuitos de hosteler\u00eda y turismo en Torrevieja, formaci\u00f3n profesional 2.\u00ba semestre 2026 - Torrevieja Gastron\u00f3mica\" \/>\n<meta property=\"og:description\" content=\"Formaci\u00f3n profesional gratuita en hosteler\u00eda y turismo en CdT Torrevieja. Cursos de cocina, gesti\u00f3n, servicio e higiene alimentaria para 2.\u00ba semestre 2026.\" \/>\n<meta property=\"og:url\" content=\"https:\/\/www.torreviejagastronomica.com\/es\/cursos-gratuitos-de-hosteleria-y-turismo-en-torrevieja-formacion-profesional-2-o-semestre-2026\/\" \/>\n<meta property=\"og:site_name\" content=\"Torrevieja Gastron\u00f3mica\" \/>\n<meta property=\"article:published_time\" content=\"2026-09-01T13:43:59+00:00\" \/>\n<meta property=\"article:modified_time\" content=\"2026-09-01T13:44:01+00:00\" \/>\n<meta property=\"og:image\" content=\"https:\/\/www.torreviejagastronomica.com\/wp-content\/uploads\/2026\/09\/12123-1024x461.png\" \/>\n\t<meta property=\"og:image:width\" content=\"1024\" \/>\n\t<meta property=\"og:image:height\" content=\"461\" \/>\n\t<meta property=\"og:image:type\" content=\"image\/png\" \/>\n<meta name=\"author\" content=\"Asociaci\u00f3n de Empresas de Hosteler\u00eda de Torrevieja y Comarca\" \/>\n<meta name=\"twitter:card\" content=\"summary_large_image\" \/>\n<meta name=\"twitter:label1\" content=\"Escrito por\" \/>\n\t<meta name=\"twitter:data1\" content=\"Asociaci\u00f3n de Empresas de Hosteler\u00eda de Torrevieja y Comarca\" \/>\n\t<meta name=\"twitter:label2\" content=\"Tiempo de lectura\" \/>\n\t<meta name=\"twitter:data2\" content=\"3 minutos\" \/>\n<script type=\"application\/ld+json\" class=\"yoast-schema-graph\">{\"@context\":\"https:\\\/\\\/schema.org\",\"@graph\":[{\"@type\":\"Article\",\"@id\":\"https:\\\/\\\/www.torreviejagastronomica.com\\\/cursos-gratuitos-de-hosteleria-y-turismo-en-torrevieja-formacion-profesional-2-o-semestre-2026\\\/#article\",\"isPartOf\":{\"@id\":\"https:\\\/\\\/www.torreviejagastronomica.com\\\/cursos-gratuitos-de-hosteleria-y-turismo-en-torrevieja-formacion-profesional-2-o-semestre-2026\\\/\"},\"author\":{\"name\":\"Asociaci\u00f3n de Empresas de Hosteler\u00eda de Torrevieja y Comarca\",\"@id\":\"https:\\\/\\\/www.torreviejagastronomica.com\\\/#\\\/schema\\\/person\\\/9e0116f808f941d46f9baadf5335f0a9\"},\"headline\":\"Cursos gratuitos de hosteler\u00eda y turismo en Torrevieja, formaci\u00f3n profesional 2.\u00ba semestre 2026\",\"datePublished\":\"2026-09-01T13:43:59+00:00\",\"dateModified\":\"2026-09-01T13:44:01+00:00\",\"mainEntityOfPage\":{\"@id\":\"https:\\\/\\\/www.torreviejagastronomica.com\\\/cursos-gratuitos-de-hosteleria-y-turismo-en-torrevieja-formacion-profesional-2-o-semestre-2026\\\/\"},\"wordCount\":488,\"commentCount\":0,\"publisher\":{\"@id\":\"https:\\\/\\\/www.torreviejagastronomica.com\\\/#organization\"},\"image\":{\"@id\":\"https:\\\/\\\/www.torreviejagastronomica.com\\\/cursos-gratuitos-de-hosteleria-y-turismo-en-torrevieja-formacion-profesional-2-o-semestre-2026\\\/#primaryimage\"},\"thumbnailUrl\":\"https:\\\/\\\/www.torreviejagastronomica.com\\\/wp-content\\\/uploads\\\/2026\\\/09\\\/12123.png\",\"articleSection\":[\"Noticias\"],\"inLanguage\":\"es\",\"potentialAction\":[{\"@type\":\"CommentAction\",\"name\":\"Comment\",\"target\":[\"https:\\\/\\\/www.torreviejagastronomica.com\\\/cursos-gratuitos-de-hosteleria-y-turismo-en-torrevieja-formacion-profesional-2-o-semestre-2026\\\/#respond\"]}]},{\"@type\":\"WebPage\",\"@id\":\"https:\\\/\\\/www.torreviejagastronomica.com\\\/cursos-gratuitos-de-hosteleria-y-turismo-en-torrevieja-formacion-profesional-2-o-semestre-2026\\\/\",\"url\":\"https:\\\/\\\/www.torreviejagastronomica.com\\\/cursos-gratuitos-de-hosteleria-y-turismo-en-torrevieja-formacion-profesional-2-o-semestre-2026\\\/\",\"name\":\"Cursos gratuitos de hosteler\u00eda y turismo en Torrevieja, formaci\u00f3n profesional 2.\u00ba semestre 2026 - Torrevieja Gastron\u00f3mica\",\"isPartOf\":{\"@id\":\"https:\\\/\\\/www.torreviejagastronomica.com\\\/#website\"},\"primaryImageOfPage\":{\"@id\":\"https:\\\/\\\/www.torreviejagastronomica.com\\\/cursos-gratuitos-de-hosteleria-y-turismo-en-torrevieja-formacion-profesional-2-o-semestre-2026\\\/#primaryimage\"},\"image\":{\"@id\":\"https:\\\/\\\/www.torreviejagastronomica.com\\\/cursos-gratuitos-de-hosteleria-y-turismo-en-torrevieja-formacion-profesional-2-o-semestre-2026\\\/#primaryimage\"},\"thumbnailUrl\":\"https:\\\/\\\/www.torreviejagastronomica.com\\\/wp-content\\\/uploads\\\/2026\\\/09\\\/12123.png\",\"datePublished\":\"2026-09-01T13:43:59+00:00\",\"dateModified\":\"2026-09-01T13:44:01+00:00\",\"description\":\"Formaci\u00f3n profesional gratuita en hosteler\u00eda y turismo en CdT Torrevieja. Cursos de cocina, gesti\u00f3n, servicio e higiene alimentaria para 2.\u00ba semestre 2026.\",\"breadcrumb\":{\"@id\":\"https:\\\/\\\/www.torreviejagastronomica.com\\\/cursos-gratuitos-de-hosteleria-y-turismo-en-torrevieja-formacion-profesional-2-o-semestre-2026\\\/#breadcrumb\"},\"inLanguage\":\"es\",\"potentialAction\":[{\"@type\":\"ReadAction\",\"target\":[\"https:\\\/\\\/www.torreviejagastronomica.com\\\/cursos-gratuitos-de-hosteleria-y-turismo-en-torrevieja-formacion-profesional-2-o-semestre-2026\\\/\"]}]},{\"@type\":\"ImageObject\",\"inLanguage\":\"es\",\"@id\":\"https:\\\/\\\/www.torreviejagastronomica.com\\\/cursos-gratuitos-de-hosteleria-y-turismo-en-torrevieja-formacion-profesional-2-o-semestre-2026\\\/#primaryimage\",\"url\":\"https:\\\/\\\/www.torreviejagastronomica.com\\\/wp-content\\\/uploads\\\/2026\\\/09\\\/12123.png\",\"contentUrl\":\"https:\\\/\\\/www.torreviejagastronomica.com\\\/wp-content\\\/uploads\\\/2026\\\/09\\\/12123.png\",\"width\":2101,\"height\":945},{\"@type\":\"BreadcrumbList\",\"@id\":\"https:\\\/\\\/www.torreviejagastronomica.com\\\/cursos-gratuitos-de-hosteleria-y-turismo-en-torrevieja-formacion-profesional-2-o-semestre-2026\\\/#breadcrumb\",\"itemListElement\":[{\"@type\":\"ListItem\",\"position\":1,\"name\":\"Portada\",\"item\":\"https:\\\/\\\/www.torreviejagastronomica.com\\\/\"},{\"@type\":\"ListItem\",\"position\":2,\"name\":\"Cursos gratuitos de hosteler\u00eda y turismo en Torrevieja, formaci\u00f3n profesional 2.\u00ba semestre 2026\"}]},{\"@type\":\"WebSite\",\"@id\":\"https:\\\/\\\/www.torreviejagastronomica.com\\\/#website\",\"url\":\"https:\\\/\\\/www.torreviejagastronomica.com\\\/\",\"name\":\"Torrevieja Gastron\u00f3mica\",\"description\":\"Asociaci\u00f3n Hosteler\u00eda Torrevieja y Comarca\",\"publisher\":{\"@id\":\"https:\\\/\\\/www.torreviejagastronomica.com\\\/#organization\"},\"potentialAction\":[{\"@type\":\"SearchAction\",\"target\":{\"@type\":\"EntryPoint\",\"urlTemplate\":\"https:\\\/\\\/www.torreviejagastronomica.com\\\/?s={search_term_string}\"},\"query-input\":{\"@type\":\"PropertyValueSpecification\",\"valueRequired\":true,\"valueName\":\"search_term_string\"}}],\"inLanguage\":\"es\"},{\"@type\":\"Organization\",\"@id\":\"https:\\\/\\\/www.torreviejagastronomica.com\\\/#organization\",\"name\":\"Torrevieja Gastron\u00f3mica\",\"url\":\"https:\\\/\\\/www.torreviejagastronomica.com\\\/\",\"logo\":{\"@type\":\"ImageObject\",\"inLanguage\":\"es\",\"@id\":\"https:\\\/\\\/www.torreviejagastronomica.com\\\/#\\\/schema\\\/logo\\\/image\\\/\",\"url\":\"https:\\\/\\\/www.torreviejagastronomica.com\\\/wp-content\\\/uploads\\\/2023\\\/09\\\/Logo-Torrevieja-Gastronomica.png\",\"contentUrl\":\"https:\\\/\\\/www.torreviejagastronomica.com\\\/wp-content\\\/uploads\\\/2023\\\/09\\\/Logo-Torrevieja-Gastronomica.png\",\"width\":350,\"height\":100,\"caption\":\"Torrevieja Gastron\u00f3mica\"},\"image\":{\"@id\":\"https:\\\/\\\/www.torreviejagastronomica.com\\\/#\\\/schema\\\/logo\\\/image\\\/\"}},{\"@type\":\"Person\",\"@id\":\"https:\\\/\\\/www.torreviejagastronomica.com\\\/#\\\/schema\\\/person\\\/9e0116f808f941d46f9baadf5335f0a9\",\"name\":\"Asociaci\u00f3n de Empresas de Hosteler\u00eda de Torrevieja y Comarca\",\"image\":{\"@type\":\"ImageObject\",\"inLanguage\":\"es\",\"@id\":\"https:\\\/\\\/secure.gravatar.com\\\/avatar\\\/32ba6ba6e685fc061412a65c4a8a8b6caaf6d90d0985a737a4015d36e84d2d1f?s=96&d=mm&r=g\",\"url\":\"https:\\\/\\\/secure.gravatar.com\\\/avatar\\\/32ba6ba6e685fc061412a65c4a8a8b6caaf6d90d0985a737a4015d36e84d2d1f?s=96&d=mm&r=g\",\"contentUrl\":\"https:\\\/\\\/secure.gravatar.com\\\/avatar\\\/32ba6ba6e685fc061412a65c4a8a8b6caaf6d90d0985a737a4015d36e84d2d1f?s=96&d=mm&r=g\",\"caption\":\"Asociaci\u00f3n de Empresas de Hosteler\u00eda de Torrevieja y Comarca\"},\"url\":\"https:\\\/\\\/www.torreviejagastronomica.com\\\/es\\\/author\\\/hosteleria\\\/\"}]}<\/script>\n<!-- \/ Yoast SEO plugin. -->","yoast_head_json":{"title":"Cursos gratuitos de hosteler\u00eda y turismo en Torrevieja, formaci\u00f3n profesional 2.\u00ba semestre 2026 - Torrevieja Gastron\u00f3mica","description":"Formaci\u00f3n profesional gratuita en hosteler\u00eda y turismo en CdT Torrevieja. Cursos de cocina, gesti\u00f3n, servicio e higiene alimentaria para 2.\u00ba semestre 2026.","robots":{"index":"index","follow":"follow","max-snippet":"max-snippet:-1","max-image-preview":"max-image-preview:large","max-video-preview":"max-video-preview:-1"},"canonical":"https:\/\/www.torreviejagastronomica.com\/es\/cursos-gratuitos-de-hosteleria-y-turismo-en-torrevieja-formacion-profesional-2-o-semestre-2026\/","og_locale":"es_ES","og_type":"article","og_title":"Cursos gratuitos de hosteler\u00eda y turismo en Torrevieja, formaci\u00f3n profesional 2.\u00ba semestre 2026 - Torrevieja Gastron\u00f3mica","og_description":"Formaci\u00f3n profesional gratuita en hosteler\u00eda y turismo en CdT Torrevieja. Cursos de cocina, gesti\u00f3n, servicio e higiene alimentaria para 2.\u00ba semestre 2026.","og_url":"https:\/\/www.torreviejagastronomica.com\/es\/cursos-gratuitos-de-hosteleria-y-turismo-en-torrevieja-formacion-profesional-2-o-semestre-2026\/","og_site_name":"Torrevieja Gastron\u00f3mica","article_published_time":"2026-09-01T13:43:59+00:00","article_modified_time":"2026-09-01T13:44:01+00:00","og_image":[{"width":1024,"height":461,"url":"https:\/\/www.torreviejagastronomica.com\/wp-content\/uploads\/2026\/09\/12123-1024x461.png","type":"image\/png"}],"author":"Asociaci\u00f3n de Empresas de Hosteler\u00eda de Torrevieja y Comarca","twitter_card":"summary_large_image","twitter_misc":{"Escrito por":"Asociaci\u00f3n de Empresas de Hosteler\u00eda de Torrevieja y Comarca","Tiempo de lectura":"3 minutos"},"schema":{"@context":"https:\/\/schema.org","@graph":[{"@type":"Article","@id":"https:\/\/www.torreviejagastronomica.com\/cursos-gratuitos-de-hosteleria-y-turismo-en-torrevieja-formacion-profesional-2-o-semestre-2026\/#article","isPartOf":{"@id":"https:\/\/www.torreviejagastronomica.com\/cursos-gratuitos-de-hosteleria-y-turismo-en-torrevieja-formacion-profesional-2-o-semestre-2026\/"},"author":{"name":"Asociaci\u00f3n de Empresas de Hosteler\u00eda de Torrevieja y Comarca","@id":"https:\/\/www.torreviejagastronomica.com\/#\/schema\/person\/9e0116f808f941d46f9baadf5335f0a9"},"headline":"Cursos gratuitos de hosteler\u00eda y turismo en Torrevieja, formaci\u00f3n profesional 2.\u00ba semestre 2026","datePublished":"2026-09-01T13:43:59+00:00","dateModified":"2026-09-01T13:44:01+00:00","mainEntityOfPage":{"@id":"https:\/\/www.torreviejagastronomica.com\/cursos-gratuitos-de-hosteleria-y-turismo-en-torrevieja-formacion-profesional-2-o-semestre-2026\/"},"wordCount":488,"commentCount":0,"publisher":{"@id":"https:\/\/www.torreviejagastronomica.com\/#organization"},"image":{"@id":"https:\/\/www.torreviejagastronomica.com\/cursos-gratuitos-de-hosteleria-y-turismo-en-torrevieja-formacion-profesional-2-o-semestre-2026\/#primaryimage"},"thumbnailUrl":"https:\/\/www.torreviejagastronomica.com\/wp-content\/uploads\/2026\/09\/12123.png","articleSection":["Noticias"],"inLanguage":"es","potentialAction":[{"@type":"CommentAction","name":"Comment","target":["https:\/\/www.torreviejagastronomica.com\/cursos-gratuitos-de-hosteleria-y-turismo-en-torrevieja-formacion-profesional-2-o-semestre-2026\/#respond"]}]},{"@type":"WebPage","@id":"https:\/\/www.torreviejagastronomica.com\/cursos-gratuitos-de-hosteleria-y-turismo-en-torrevieja-formacion-profesional-2-o-semestre-2026\/","url":"https:\/\/www.torreviejagastronomica.com\/cursos-gratuitos-de-hosteleria-y-turismo-en-torrevieja-formacion-profesional-2-o-semestre-2026\/","name":"Cursos gratuitos de hosteler\u00eda y turismo en Torrevieja, formaci\u00f3n profesional 2.\u00ba semestre 2026 - Torrevieja Gastron\u00f3mica","isPartOf":{"@id":"https:\/\/www.torreviejagastronomica.com\/#website"},"primaryImageOfPage":{"@id":"https:\/\/www.torreviejagastronomica.com\/cursos-gratuitos-de-hosteleria-y-turismo-en-torrevieja-formacion-profesional-2-o-semestre-2026\/#primaryimage"},"image":{"@id":"https:\/\/www.torreviejagastronomica.com\/cursos-gratuitos-de-hosteleria-y-turismo-en-torrevieja-formacion-profesional-2-o-semestre-2026\/#primaryimage"},"thumbnailUrl":"https:\/\/www.torreviejagastronomica.com\/wp-content\/uploads\/2026\/09\/12123.png","datePublished":"2026-09-01T13:43:59+00:00","dateModified":"2026-09-01T13:44:01+00:00","description":"Formaci\u00f3n profesional gratuita en hosteler\u00eda y turismo en CdT Torrevieja. Cursos de cocina, gesti\u00f3n, servicio e higiene alimentaria para 2.\u00ba semestre 2026.","breadcrumb":{"@id":"https:\/\/www.torreviejagastronomica.com\/cursos-gratuitos-de-hosteleria-y-turismo-en-torrevieja-formacion-profesional-2-o-semestre-2026\/#breadcrumb"},"inLanguage":"es","potentialAction":[{"@type":"ReadAction","target":["https:\/\/www.torreviejagastronomica.com\/cursos-gratuitos-de-hosteleria-y-turismo-en-torrevieja-formacion-profesional-2-o-semestre-2026\/"]}]},{"@type":"ImageObject","inLanguage":"es","@id":"https:\/\/www.torreviejagastronomica.com\/cursos-gratuitos-de-hosteleria-y-turismo-en-torrevieja-formacion-profesional-2-o-semestre-2026\/#primaryimage","url":"https:\/\/www.torreviejagastronomica.com\/wp-content\/uploads\/2026\/09\/12123.png","contentUrl":"https:\/\/www.torreviejagastronomica.com\/wp-content\/uploads\/2026\/09\/12123.png","width":2101,"height":945},{"@type":"BreadcrumbList","@id":"https:\/\/www.torreviejagastronomica.com\/cursos-gratuitos-de-hosteleria-y-turismo-en-torrevieja-formacion-profesional-2-o-semestre-2026\/#breadcrumb","itemListElement":[{"@type":"ListItem","position":1,"name":"Portada","item":"https:\/\/www.torreviejagastronomica.com\/"},{"@type":"ListItem","position":2,"name":"Cursos gratuitos de hosteler\u00eda y turismo en Torrevieja, formaci\u00f3n profesional 2.\u00ba semestre 2026"}]},{"@type":"WebSite","@id":"https:\/\/www.torreviejagastronomica.com\/#website","url":"https:\/\/www.torreviejagastronomica.com\/","name":"Torrevieja Gastron\u00f3mica","description":"Asociaci\u00f3n Hosteler\u00eda Torrevieja y Comarca","publisher":{"@id":"https:\/\/www.torreviejagastronomica.com\/#organization"},"potentialAction":[{"@type":"SearchAction","target":{"@type":"EntryPoint","urlTemplate":"https:\/\/www.torreviejagastronomica.com\/?s={search_term_string}"},"query-input":{"@type":"PropertyValueSpecification","valueRequired":true,"valueName":"search_term_string"}}],"inLanguage":"es"},{"@type":"Organization","@id":"https:\/\/www.torreviejagastronomica.com\/#organization","name":"Torrevieja Gastron\u00f3mica","url":"https:\/\/www.torreviejagastronomica.com\/","logo":{"@type":"ImageObject","inLanguage":"es","@id":"https:\/\/www.torreviejagastronomica.com\/#\/schema\/logo\/image\/","url":"https:\/\/www.torreviejagastronomica.com\/wp-content\/uploads\/2023\/09\/Logo-Torrevieja-Gastronomica.png","contentUrl":"https:\/\/www.torreviejagastronomica.com\/wp-content\/uploads\/2023\/09\/Logo-Torrevieja-Gastronomica.png","width":350,"height":100,"caption":"Torrevieja Gastron\u00f3mica"},"image":{"@id":"https:\/\/www.torreviejagastronomica.com\/#\/schema\/logo\/image\/"}},{"@type":"Person","@id":"https:\/\/www.torreviejagastronomica.com\/#\/schema\/person\/9e0116f808f941d46f9baadf5335f0a9","name":"Asociaci\u00f3n de Empresas de Hosteler\u00eda de Torrevieja y Comarca","image":{"@type":"ImageObject","inLanguage":"es","@id":"https:\/\/secure.gravatar.com\/avatar\/32ba6ba6e685fc061412a65c4a8a8b6caaf6d90d0985a737a4015d36e84d2d1f?s=96&d=mm&r=g","url":"https:\/\/secure.gravatar.com\/avatar\/32ba6ba6e685fc061412a65c4a8a8b6caaf6d90d0985a737a4015d36e84d2d1f?s=96&d=mm&r=g","contentUrl":"https:\/\/secure.gravatar.com\/avatar\/32ba6ba6e685fc061412a65c4a8a8b6caaf6d90d0985a737a4015d36e84d2d1f?s=96&d=mm&r=g","caption":"Asociaci\u00f3n de Empresas de Hosteler\u00eda de Torrevieja y Comarca"},"url":"https:\/\/www.torreviejagastronomica.com\/es\/author\/hosteleria\/"}]}},"_links":{"self":[{"href":"https:\/\/www.torreviejagastronomica.com\/es\/wp-json\/wp\/v2\/posts\/8236","targetHints":{"allow":["GET"]}}],"collection":[{"href":"https:\/\/www.torreviejagastronomica.com\/es\/wp-json\/wp\/v2\/posts"}],"about":[{"href":"https:\/\/www.torreviejagastronomica.com\/es\/wp-json\/wp\/v2\/types\/post"}],"author":[{"embeddable":true,"href":"https:\/\/www.torreviejagastronomica.com\/es\/wp-json\/wp\/v2\/users\/4"}],"replies":[{"embeddable":true,"href":"https:\/\/www.torreviejagastronomica.com\/es\/wp-json\/wp\/v2\/comments?post=8236"}],"version-history":[{"count":1,"href":"https:\/\/www.torreviejagastronomica.com\/es\/wp-json\/wp\/v2\/posts\/8236\/revisions"}],"predecessor-version":[{"id":8240,"href":"https:\/\/www.torreviejagastronomica.com\/es\/wp-json\/wp\/v2\/posts\/8236\/revisions\/8240"}],"wp:featuredmedia":[{"embeddable":true,"href":"https:\/\/www.torreviejagastronomica.com\/es\/wp-json\/wp\/v2\/media\/8239"}],"wp:attachment":[{"href":"https:\/\/www.torreviejagastronomica.com\/es\/wp-json\/wp\/v2\/media?parent=8236"}],"wp:term":[{"taxonomy":"category","embeddable":true,"href":"https:\/\/www.torreviejagastronomica.com\/es\/wp-json\/wp\/v2\/categories?post=8236"},{"taxonomy":"post_tag","embeddable":true,"href":"https:\/\/www.torreviejagastronomica.com\/es\/wp-json\/wp\/v2\/tags?post=8236"}],"curies":[{"name":"wp","href":"https:\/\/api.w.org\/{rel}","templated":true}]}}