{"id":7847,"date":"2026-03-24T11:52:05","date_gmt":"2026-03-24T10:52:05","guid":{"rendered":"https:\/\/www.torreviejagastronomica.com\/?p=7847"},"modified":"2026-03-24T11:52:07","modified_gmt":"2026-03-24T10:52:07","slug":"ampliacion-horarios-hosteleria-ocio-nocturno-torrevieja-semana-santa-2026","status":"publish","type":"post","link":"https:\/\/www.torreviejagastronomica.com\/es\/ampliacion-horarios-hosteleria-ocio-nocturno-torrevieja-semana-santa-2026\/","title":{"rendered":"Ampliaci\u00f3n de horarios hosteler\u00eda y ocio nocturno en Torrevieja Semana Santa 2026"},"content":{"rendered":"\n<p>Os  informamos que, gracias al trabajo continuo de la Asociaci\u00f3n, se ha conseguido nuevamente la ampliaci\u00f3n de horarios para el sector de la hosteler\u00eda y el ocio nocturno en Torrevieja durante distintas \u00e9pocas de 2026, consolidando as\u00ed una medida que ha demostrado su eficacia en a\u00f1os anteriores.<\/p>\n\n\n\n<p>Esta ampliaci\u00f3n permite reforzar la actividad econ\u00f3mica local y mejorar la experiencia de residentes y visitantes, ofreciendo mayor flexibilidad para disfrutar de la oferta gastron\u00f3mica y de ocio del municipio.<\/p>\n\n\n\n<h2 class=\"wp-block-heading\"><strong>Ampliaci\u00f3n de horarios en Semana Santa 2026<\/strong><\/h2>\n\n\n\n<p>Con motivo de la celebraci\u00f3n de la Semana Santa, el Lunes de Pascua y la festividad de San Vicente Ferrer, se establece una ampliaci\u00f3n del horario general de cierre en&nbsp;<strong>60 minutos<\/strong>&nbsp;durante el siguiente periodo:<\/p>\n\n\n\n<p>\ud83d\udcc5&nbsp;<strong>Del 27 de marzo al 13 de abril de 2026 (de lunes a domingo)<\/strong><\/p>\n\n\n\n<h3 class=\"wp-block-heading\"><strong>Horarios ampliados<\/strong><\/h3>\n\n\n\n<p><strong>Establecimientos NO ubicados en dominio p\u00fablico mar\u00edtimo-terrestre:<\/strong><\/p>\n\n\n\n<ul class=\"wp-block-list\">\n<li>Pubs (Grupo B): hasta las\u00a0<strong>04:30 h<\/strong><\/li>\n\n\n\n<li>Discotecas (Grupo I): hasta las\u00a0<strong>08:30 h<\/strong><\/li>\n\n\n\n<li>Restaurantes, bares y cafeter\u00edas (Grupo J): hasta las\u00a0<strong>02:30 h<\/strong><\/li>\n\n\n\n<li>Salones de banquetes (Grupo L): hasta las\u00a0<strong>04:30 h<\/strong><\/li>\n\n\n\n<li>Salones lounge (Grupo O): hasta las\u00a0<strong>03:30 h<\/strong><\/li>\n<\/ul>\n\n\n\n<p><strong>Establecimientos ubicados en dominio p\u00fablico mar\u00edtimo-terrestre:<\/strong><\/p>\n\n\n\n<ul class=\"wp-block-list\">\n<li>Restaurantes, bares y cafeter\u00edas: hasta las\u00a0<strong>03:00 h<\/strong><\/li>\n\n\n\n<li>Salones lounge: hasta las\u00a0<strong>03:00 h<\/strong><\/li>\n\n\n\n<li>Resto de grupos: mismos horarios ampliados indicados anteriormente<\/li>\n<\/ul>\n\n\n\n<p>\ud83d\udcce Se recomienda consultar la resoluci\u00f3n oficial para conocer todos los detalles espec\u00edficos de la normativa.<\/p>\n\n\n\n<p><\/p>\n\n\n\n<h2 class=\"wp-block-heading\"><\/h2>\n\n\n\n<div data-wp-interactive=\"core\/file\" class=\"wp-block-file\"><object data-wp-bind--hidden=\"!state.hasPdfPreview\" hidden class=\"wp-block-file__embed\" data=\"https:\/\/www.torreviejagastronomica.com\/wp-content\/uploads\/2026\/03\/Resolucion-Ampliacion-Horarios-2026.pdf\" type=\"application\/pdf\" style=\"width:100%;height:600px\" aria-label=\"Incrustado de Resoluci\u00f3n Ampliaci\u00f3n Horarios 2026.\"><\/object><a id=\"wp-block-file--media-f7e4a7c2-6bc3-4084-bcc6-7f1fe151354b\" href=\"https:\/\/www.torreviejagastronomica.com\/wp-content\/uploads\/2026\/03\/Resolucion-Ampliacion-Horarios-2026.pdf\">Resoluci\u00f3n Ampliaci\u00f3n Horarios 2026<\/a><a href=\"https:\/\/www.torreviejagastronomica.com\/wp-content\/uploads\/2026\/03\/Resolucion-Ampliacion-Horarios-2026.pdf\" class=\"wp-block-file__button wp-element-button\" download aria-describedby=\"wp-block-file--media-f7e4a7c2-6bc3-4084-bcc6-7f1fe151354b\">Descarga<\/a><\/div>\n","protected":false},"excerpt":{"rendered":"<p>ampliaci\u00f3n del horario general de cierre en\u00a060 minutos\u00a0<\/p>\n","protected":false},"author":4,"featured_media":7848,"comment_status":"open","ping_status":"open","sticky":false,"template":"","format":"standard","meta":{"footnotes":""},"categories":[7],"tags":[],"class_list":["post-7847","post","type-post","status-publish","format-standard","has-post-thumbnail","hentry","category-noticias"],"yoast_head":"<!-- This site is optimized with the Yoast SEO plugin v25.7 - https:\/\/yoast.com\/wordpress\/plugins\/seo\/ -->\n<title>Ampliaci\u00f3n de horarios hosteler\u00eda y ocio nocturno en Torrevieja Semana Santa 2026 - Torrevieja Gastron\u00f3mica<\/title>\n<meta name=\"description\" content=\"Torrevieja ampl\u00eda los horarios de hosteler\u00eda y ocio nocturno en Semana Santa 2026. Consulta fechas, horarios y sectores afectados.\" \/>\n<meta name=\"robots\" content=\"index, follow, max-snippet:-1, max-image-preview:large, max-video-preview:-1\" \/>\n<link rel=\"canonical\" href=\"https:\/\/www.torreviejagastronomica.com\/es\/ampliacion-horarios-hosteleria-ocio-nocturno-torrevieja-semana-santa-2026\/\" \/>\n<meta property=\"og:locale\" content=\"es_ES\" \/>\n<meta property=\"og:type\" content=\"article\" \/>\n<meta property=\"og:title\" content=\"Ampliaci\u00f3n de horarios hosteler\u00eda y ocio nocturno en Torrevieja Semana Santa 2026 - Torrevieja Gastron\u00f3mica\" \/>\n<meta property=\"og:description\" content=\"Torrevieja ampl\u00eda los horarios de hosteler\u00eda y ocio nocturno en Semana Santa 2026. Consulta fechas, horarios y sectores afectados.\" \/>\n<meta property=\"og:url\" content=\"https:\/\/www.torreviejagastronomica.com\/es\/ampliacion-horarios-hosteleria-ocio-nocturno-torrevieja-semana-santa-2026\/\" \/>\n<meta property=\"og:site_name\" content=\"Torrevieja Gastron\u00f3mica\" \/>\n<meta property=\"article:published_time\" content=\"2026-03-24T10:52:05+00:00\" \/>\n<meta property=\"article:modified_time\" content=\"2026-03-24T10:52:07+00:00\" \/>\n<meta property=\"og:image\" content=\"https:\/\/www.torreviejagastronomica.com\/wp-content\/uploads\/2026\/03\/4EA839B3-D310-4821-BDB4-879C7B31214A-en-tamano-grande-1024x682.png\" \/>\n\t<meta property=\"og:image:width\" content=\"1024\" \/>\n\t<meta property=\"og:image:height\" content=\"682\" \/>\n\t<meta property=\"og:image:type\" content=\"image\/png\" \/>\n<meta name=\"author\" content=\"Asociaci\u00f3n de Empresas de Hosteler\u00eda de Torrevieja y Comarca\" \/>\n<meta name=\"twitter:card\" content=\"summary_large_image\" \/>\n<meta name=\"twitter:label1\" content=\"Escrito por\" \/>\n\t<meta name=\"twitter:data1\" content=\"Asociaci\u00f3n de Empresas de Hosteler\u00eda de Torrevieja y Comarca\" \/>\n\t<meta name=\"twitter:label2\" content=\"Tiempo de lectura\" \/>\n\t<meta name=\"twitter:data2\" content=\"2 minutos\" \/>\n<script type=\"application\/ld+json\" class=\"yoast-schema-graph\">{\"@context\":\"https:\/\/schema.org\",\"@graph\":[{\"@type\":\"Article\",\"@id\":\"https:\/\/www.torreviejagastronomica.com\/ampliacion-horarios-hosteleria-ocio-nocturno-torrevieja-semana-santa-2026\/#article\",\"isPartOf\":{\"@id\":\"https:\/\/www.torreviejagastronomica.com\/ampliacion-horarios-hosteleria-ocio-nocturno-torrevieja-semana-santa-2026\/\"},\"author\":{\"name\":\"Asociaci\u00f3n de Empresas de Hosteler\u00eda de Torrevieja y Comarca\",\"@id\":\"https:\/\/www.torreviejagastronomica.com\/#\/schema\/person\/9e0116f808f941d46f9baadf5335f0a9\"},\"headline\":\"Ampliaci\u00f3n de horarios hosteler\u00eda y ocio nocturno en Torrevieja Semana Santa 2026\",\"datePublished\":\"2026-03-24T10:52:05+00:00\",\"dateModified\":\"2026-03-24T10:52:07+00:00\",\"mainEntityOfPage\":{\"@id\":\"https:\/\/www.torreviejagastronomica.com\/ampliacion-horarios-hosteleria-ocio-nocturno-torrevieja-semana-santa-2026\/\"},\"wordCount\":254,\"commentCount\":0,\"publisher\":{\"@id\":\"https:\/\/www.torreviejagastronomica.com\/#organization\"},\"image\":{\"@id\":\"https:\/\/www.torreviejagastronomica.com\/ampliacion-horarios-hosteleria-ocio-nocturno-torrevieja-semana-santa-2026\/#primaryimage\"},\"thumbnailUrl\":\"https:\/\/www.torreviejagastronomica.com\/wp-content\/uploads\/2026\/03\/4EA839B3-D310-4821-BDB4-879C7B31214A-en-tamano-grande.png\",\"articleSection\":[\"Noticias\"],\"inLanguage\":\"es\",\"potentialAction\":[{\"@type\":\"CommentAction\",\"name\":\"Comment\",\"target\":[\"https:\/\/www.torreviejagastronomica.com\/ampliacion-horarios-hosteleria-ocio-nocturno-torrevieja-semana-santa-2026\/#respond\"]}]},{\"@type\":\"WebPage\",\"@id\":\"https:\/\/www.torreviejagastronomica.com\/ampliacion-horarios-hosteleria-ocio-nocturno-torrevieja-semana-santa-2026\/\",\"url\":\"https:\/\/www.torreviejagastronomica.com\/ampliacion-horarios-hosteleria-ocio-nocturno-torrevieja-semana-santa-2026\/\",\"name\":\"Ampliaci\u00f3n de horarios hosteler\u00eda y ocio nocturno en Torrevieja Semana Santa 2026 - Torrevieja Gastron\u00f3mica\",\"isPartOf\":{\"@id\":\"https:\/\/www.torreviejagastronomica.com\/#website\"},\"primaryImageOfPage\":{\"@id\":\"https:\/\/www.torreviejagastronomica.com\/ampliacion-horarios-hosteleria-ocio-nocturno-torrevieja-semana-santa-2026\/#primaryimage\"},\"image\":{\"@id\":\"https:\/\/www.torreviejagastronomica.com\/ampliacion-horarios-hosteleria-ocio-nocturno-torrevieja-semana-santa-2026\/#primaryimage\"},\"thumbnailUrl\":\"https:\/\/www.torreviejagastronomica.com\/wp-content\/uploads\/2026\/03\/4EA839B3-D310-4821-BDB4-879C7B31214A-en-tamano-grande.png\",\"datePublished\":\"2026-03-24T10:52:05+00:00\",\"dateModified\":\"2026-03-24T10:52:07+00:00\",\"description\":\"Torrevieja ampl\u00eda los horarios de hosteler\u00eda y ocio nocturno en Semana Santa 2026. Consulta fechas, horarios y sectores afectados.\",\"breadcrumb\":{\"@id\":\"https:\/\/www.torreviejagastronomica.com\/ampliacion-horarios-hosteleria-ocio-nocturno-torrevieja-semana-santa-2026\/#breadcrumb\"},\"inLanguage\":\"es\",\"potentialAction\":[{\"@type\":\"ReadAction\",\"target\":[\"https:\/\/www.torreviejagastronomica.com\/ampliacion-horarios-hosteleria-ocio-nocturno-torrevieja-semana-santa-2026\/\"]}]},{\"@type\":\"ImageObject\",\"inLanguage\":\"es\",\"@id\":\"https:\/\/www.torreviejagastronomica.com\/ampliacion-horarios-hosteleria-ocio-nocturno-torrevieja-semana-santa-2026\/#primaryimage\",\"url\":\"https:\/\/www.torreviejagastronomica.com\/wp-content\/uploads\/2026\/03\/4EA839B3-D310-4821-BDB4-879C7B31214A-en-tamano-grande.png\",\"contentUrl\":\"https:\/\/www.torreviejagastronomica.com\/wp-content\/uploads\/2026\/03\/4EA839B3-D310-4821-BDB4-879C7B31214A-en-tamano-grande.png\",\"width\":1280,\"height\":853},{\"@type\":\"BreadcrumbList\",\"@id\":\"https:\/\/www.torreviejagastronomica.com\/ampliacion-horarios-hosteleria-ocio-nocturno-torrevieja-semana-santa-2026\/#breadcrumb\",\"itemListElement\":[{\"@type\":\"ListItem\",\"position\":1,\"name\":\"Portada\",\"item\":\"https:\/\/www.torreviejagastronomica.com\/\"},{\"@type\":\"ListItem\",\"position\":2,\"name\":\"Ampliaci\u00f3n de horarios hosteler\u00eda y ocio nocturno en Torrevieja Semana Santa 2026\"}]},{\"@type\":\"WebSite\",\"@id\":\"https:\/\/www.torreviejagastronomica.com\/#website\",\"url\":\"https:\/\/www.torreviejagastronomica.com\/\",\"name\":\"Torrevieja Gastron\u00f3mica\",\"description\":\"Asociaci\u00f3n Hosteler\u00eda Torrevieja y Comarca\",\"publisher\":{\"@id\":\"https:\/\/www.torreviejagastronomica.com\/#organization\"},\"potentialAction\":[{\"@type\":\"SearchAction\",\"target\":{\"@type\":\"EntryPoint\",\"urlTemplate\":\"https:\/\/www.torreviejagastronomica.com\/?s={search_term_string}\"},\"query-input\":{\"@type\":\"PropertyValueSpecification\",\"valueRequired\":true,\"valueName\":\"search_term_string\"}}],\"inLanguage\":\"es\"},{\"@type\":\"Organization\",\"@id\":\"https:\/\/www.torreviejagastronomica.com\/#organization\",\"name\":\"Torrevieja Gastron\u00f3mica\",\"url\":\"https:\/\/www.torreviejagastronomica.com\/\",\"logo\":{\"@type\":\"ImageObject\",\"inLanguage\":\"es\",\"@id\":\"https:\/\/www.torreviejagastronomica.com\/#\/schema\/logo\/image\/\",\"url\":\"https:\/\/www.torreviejagastronomica.com\/wp-content\/uploads\/2023\/09\/Logo-Torrevieja-Gastronomica.png\",\"contentUrl\":\"https:\/\/www.torreviejagastronomica.com\/wp-content\/uploads\/2023\/09\/Logo-Torrevieja-Gastronomica.png\",\"width\":350,\"height\":100,\"caption\":\"Torrevieja Gastron\u00f3mica\"},\"image\":{\"@id\":\"https:\/\/www.torreviejagastronomica.com\/#\/schema\/logo\/image\/\"}},{\"@type\":\"Person\",\"@id\":\"https:\/\/www.torreviejagastronomica.com\/#\/schema\/person\/9e0116f808f941d46f9baadf5335f0a9\",\"name\":\"Asociaci\u00f3n de Empresas de Hosteler\u00eda de Torrevieja y Comarca\",\"image\":{\"@type\":\"ImageObject\",\"inLanguage\":\"es\",\"@id\":\"https:\/\/www.torreviejagastronomica.com\/#\/schema\/person\/image\/\",\"url\":\"https:\/\/secure.gravatar.com\/avatar\/32ba6ba6e685fc061412a65c4a8a8b6caaf6d90d0985a737a4015d36e84d2d1f?s=96&d=mm&r=g\",\"contentUrl\":\"https:\/\/secure.gravatar.com\/avatar\/32ba6ba6e685fc061412a65c4a8a8b6caaf6d90d0985a737a4015d36e84d2d1f?s=96&d=mm&r=g\",\"caption\":\"Asociaci\u00f3n de Empresas de Hosteler\u00eda de Torrevieja y Comarca\"},\"url\":\"https:\/\/www.torreviejagastronomica.com\/es\/author\/hosteleria\/\"}]}<\/script>\n<!-- \/ Yoast SEO plugin. -->","yoast_head_json":{"title":"Ampliaci\u00f3n de horarios hosteler\u00eda y ocio nocturno en Torrevieja Semana Santa 2026 - Torrevieja Gastron\u00f3mica","description":"Torrevieja ampl\u00eda los horarios de hosteler\u00eda y ocio nocturno en Semana Santa 2026. Consulta fechas, horarios y sectores afectados.","robots":{"index":"index","follow":"follow","max-snippet":"max-snippet:-1","max-image-preview":"max-image-preview:large","max-video-preview":"max-video-preview:-1"},"canonical":"https:\/\/www.torreviejagastronomica.com\/es\/ampliacion-horarios-hosteleria-ocio-nocturno-torrevieja-semana-santa-2026\/","og_locale":"es_ES","og_type":"article","og_title":"Ampliaci\u00f3n de horarios hosteler\u00eda y ocio nocturno en Torrevieja Semana Santa 2026 - Torrevieja Gastron\u00f3mica","og_description":"Torrevieja ampl\u00eda los horarios de hosteler\u00eda y ocio nocturno en Semana Santa 2026. Consulta fechas, horarios y sectores afectados.","og_url":"https:\/\/www.torreviejagastronomica.com\/es\/ampliacion-horarios-hosteleria-ocio-nocturno-torrevieja-semana-santa-2026\/","og_site_name":"Torrevieja Gastron\u00f3mica","article_published_time":"2026-03-24T10:52:05+00:00","article_modified_time":"2026-03-24T10:52:07+00:00","og_image":[{"width":1024,"height":682,"url":"https:\/\/www.torreviejagastronomica.com\/wp-content\/uploads\/2026\/03\/4EA839B3-D310-4821-BDB4-879C7B31214A-en-tamano-grande-1024x682.png","type":"image\/png"}],"author":"Asociaci\u00f3n de Empresas de Hosteler\u00eda de Torrevieja y Comarca","twitter_card":"summary_large_image","twitter_misc":{"Escrito por":"Asociaci\u00f3n de Empresas de Hosteler\u00eda de Torrevieja y Comarca","Tiempo de lectura":"2 minutos"},"schema":{"@context":"https:\/\/schema.org","@graph":[{"@type":"Article","@id":"https:\/\/www.torreviejagastronomica.com\/ampliacion-horarios-hosteleria-ocio-nocturno-torrevieja-semana-santa-2026\/#article","isPartOf":{"@id":"https:\/\/www.torreviejagastronomica.com\/ampliacion-horarios-hosteleria-ocio-nocturno-torrevieja-semana-santa-2026\/"},"author":{"name":"Asociaci\u00f3n de Empresas de Hosteler\u00eda de Torrevieja y Comarca","@id":"https:\/\/www.torreviejagastronomica.com\/#\/schema\/person\/9e0116f808f941d46f9baadf5335f0a9"},"headline":"Ampliaci\u00f3n de horarios hosteler\u00eda y ocio nocturno en Torrevieja Semana Santa 2026","datePublished":"2026-03-24T10:52:05+00:00","dateModified":"2026-03-24T10:52:07+00:00","mainEntityOfPage":{"@id":"https:\/\/www.torreviejagastronomica.com\/ampliacion-horarios-hosteleria-ocio-nocturno-torrevieja-semana-santa-2026\/"},"wordCount":254,"commentCount":0,"publisher":{"@id":"https:\/\/www.torreviejagastronomica.com\/#organization"},"image":{"@id":"https:\/\/www.torreviejagastronomica.com\/ampliacion-horarios-hosteleria-ocio-nocturno-torrevieja-semana-santa-2026\/#primaryimage"},"thumbnailUrl":"https:\/\/www.torreviejagastronomica.com\/wp-content\/uploads\/2026\/03\/4EA839B3-D310-4821-BDB4-879C7B31214A-en-tamano-grande.png","articleSection":["Noticias"],"inLanguage":"es","potentialAction":[{"@type":"CommentAction","name":"Comment","target":["https:\/\/www.torreviejagastronomica.com\/ampliacion-horarios-hosteleria-ocio-nocturno-torrevieja-semana-santa-2026\/#respond"]}]},{"@type":"WebPage","@id":"https:\/\/www.torreviejagastronomica.com\/ampliacion-horarios-hosteleria-ocio-nocturno-torrevieja-semana-santa-2026\/","url":"https:\/\/www.torreviejagastronomica.com\/ampliacion-horarios-hosteleria-ocio-nocturno-torrevieja-semana-santa-2026\/","name":"Ampliaci\u00f3n de horarios hosteler\u00eda y ocio nocturno en Torrevieja Semana Santa 2026 - Torrevieja Gastron\u00f3mica","isPartOf":{"@id":"https:\/\/www.torreviejagastronomica.com\/#website"},"primaryImageOfPage":{"@id":"https:\/\/www.torreviejagastronomica.com\/ampliacion-horarios-hosteleria-ocio-nocturno-torrevieja-semana-santa-2026\/#primaryimage"},"image":{"@id":"https:\/\/www.torreviejagastronomica.com\/ampliacion-horarios-hosteleria-ocio-nocturno-torrevieja-semana-santa-2026\/#primaryimage"},"thumbnailUrl":"https:\/\/www.torreviejagastronomica.com\/wp-content\/uploads\/2026\/03\/4EA839B3-D310-4821-BDB4-879C7B31214A-en-tamano-grande.png","datePublished":"2026-03-24T10:52:05+00:00","dateModified":"2026-03-24T10:52:07+00:00","description":"Torrevieja ampl\u00eda los horarios de hosteler\u00eda y ocio nocturno en Semana Santa 2026. Consulta fechas, horarios y sectores afectados.","breadcrumb":{"@id":"https:\/\/www.torreviejagastronomica.com\/ampliacion-horarios-hosteleria-ocio-nocturno-torrevieja-semana-santa-2026\/#breadcrumb"},"inLanguage":"es","potentialAction":[{"@type":"ReadAction","target":["https:\/\/www.torreviejagastronomica.com\/ampliacion-horarios-hosteleria-ocio-nocturno-torrevieja-semana-santa-2026\/"]}]},{"@type":"ImageObject","inLanguage":"es","@id":"https:\/\/www.torreviejagastronomica.com\/ampliacion-horarios-hosteleria-ocio-nocturno-torrevieja-semana-santa-2026\/#primaryimage","url":"https:\/\/www.torreviejagastronomica.com\/wp-content\/uploads\/2026\/03\/4EA839B3-D310-4821-BDB4-879C7B31214A-en-tamano-grande.png","contentUrl":"https:\/\/www.torreviejagastronomica.com\/wp-content\/uploads\/2026\/03\/4EA839B3-D310-4821-BDB4-879C7B31214A-en-tamano-grande.png","width":1280,"height":853},{"@type":"BreadcrumbList","@id":"https:\/\/www.torreviejagastronomica.com\/ampliacion-horarios-hosteleria-ocio-nocturno-torrevieja-semana-santa-2026\/#breadcrumb","itemListElement":[{"@type":"ListItem","position":1,"name":"Portada","item":"https:\/\/www.torreviejagastronomica.com\/"},{"@type":"ListItem","position":2,"name":"Ampliaci\u00f3n de horarios hosteler\u00eda y ocio nocturno en Torrevieja Semana Santa 2026"}]},{"@type":"WebSite","@id":"https:\/\/www.torreviejagastronomica.com\/#website","url":"https:\/\/www.torreviejagastronomica.com\/","name":"Torrevieja Gastron\u00f3mica","description":"Asociaci\u00f3n Hosteler\u00eda Torrevieja y Comarca","publisher":{"@id":"https:\/\/www.torreviejagastronomica.com\/#organization"},"potentialAction":[{"@type":"SearchAction","target":{"@type":"EntryPoint","urlTemplate":"https:\/\/www.torreviejagastronomica.com\/?s={search_term_string}"},"query-input":{"@type":"PropertyValueSpecification","valueRequired":true,"valueName":"search_term_string"}}],"inLanguage":"es"},{"@type":"Organization","@id":"https:\/\/www.torreviejagastronomica.com\/#organization","name":"Torrevieja Gastron\u00f3mica","url":"https:\/\/www.torreviejagastronomica.com\/","logo":{"@type":"ImageObject","inLanguage":"es","@id":"https:\/\/www.torreviejagastronomica.com\/#\/schema\/logo\/image\/","url":"https:\/\/www.torreviejagastronomica.com\/wp-content\/uploads\/2023\/09\/Logo-Torrevieja-Gastronomica.png","contentUrl":"https:\/\/www.torreviejagastronomica.com\/wp-content\/uploads\/2023\/09\/Logo-Torrevieja-Gastronomica.png","width":350,"height":100,"caption":"Torrevieja Gastron\u00f3mica"},"image":{"@id":"https:\/\/www.torreviejagastronomica.com\/#\/schema\/logo\/image\/"}},{"@type":"Person","@id":"https:\/\/www.torreviejagastronomica.com\/#\/schema\/person\/9e0116f808f941d46f9baadf5335f0a9","name":"Asociaci\u00f3n de Empresas de Hosteler\u00eda de Torrevieja y Comarca","image":{"@type":"ImageObject","inLanguage":"es","@id":"https:\/\/www.torreviejagastronomica.com\/#\/schema\/person\/image\/","url":"https:\/\/secure.gravatar.com\/avatar\/32ba6ba6e685fc061412a65c4a8a8b6caaf6d90d0985a737a4015d36e84d2d1f?s=96&d=mm&r=g","contentUrl":"https:\/\/secure.gravatar.com\/avatar\/32ba6ba6e685fc061412a65c4a8a8b6caaf6d90d0985a737a4015d36e84d2d1f?s=96&d=mm&r=g","caption":"Asociaci\u00f3n de Empresas de Hosteler\u00eda de Torrevieja y Comarca"},"url":"https:\/\/www.torreviejagastronomica.com\/es\/author\/hosteleria\/"}]}},"_links":{"self":[{"href":"https:\/\/www.torreviejagastronomica.com\/es\/wp-json\/wp\/v2\/posts\/7847","targetHints":{"allow":["GET"]}}],"collection":[{"href":"https:\/\/www.torreviejagastronomica.com\/es\/wp-json\/wp\/v2\/posts"}],"about":[{"href":"https:\/\/www.torreviejagastronomica.com\/es\/wp-json\/wp\/v2\/types\/post"}],"author":[{"embeddable":true,"href":"https:\/\/www.torreviejagastronomica.com\/es\/wp-json\/wp\/v2\/users\/4"}],"replies":[{"embeddable":true,"href":"https:\/\/www.torreviejagastronomica.com\/es\/wp-json\/wp\/v2\/comments?post=7847"}],"version-history":[{"count":1,"href":"https:\/\/www.torreviejagastronomica.com\/es\/wp-json\/wp\/v2\/posts\/7847\/revisions"}],"predecessor-version":[{"id":7850,"href":"https:\/\/www.torreviejagastronomica.com\/es\/wp-json\/wp\/v2\/posts\/7847\/revisions\/7850"}],"wp:featuredmedia":[{"embeddable":true,"href":"https:\/\/www.torreviejagastronomica.com\/es\/wp-json\/wp\/v2\/media\/7848"}],"wp:attachment":[{"href":"https:\/\/www.torreviejagastronomica.com\/es\/wp-json\/wp\/v2\/media?parent=7847"}],"wp:term":[{"taxonomy":"category","embeddable":true,"href":"https:\/\/www.torreviejagastronomica.com\/es\/wp-json\/wp\/v2\/categories?post=7847"},{"taxonomy":"post_tag","embeddable":true,"href":"https:\/\/www.torreviejagastronomica.com\/es\/wp-json\/wp\/v2\/tags?post=7847"}],"curies":[{"name":"wp","href":"https:\/\/api.w.org\/{rel}","templated":true}]}}