{"id":7558,"date":"2025-12-02T16:46:10","date_gmt":"2025-12-02T15:46:10","guid":{"rendered":"https:\/\/www.torreviejagastronomica.com\/?p=7558"},"modified":"2025-12-02T16:46:12","modified_gmt":"2025-12-02T15:46:12","slug":"la-asociacion-de-hosteleria-informa-del-aplazamiento-oficial-de-verifactu-y-de-los-nuevos-plazos-de-implantacion-hasta-2027","status":"publish","type":"post","link":"https:\/\/www.torreviejagastronomica.com\/es\/la-asociacion-de-hosteleria-informa-del-aplazamiento-oficial-de-verifactu-y-de-los-nuevos-plazos-de-implantacion-hasta-2027\/","title":{"rendered":"La Asociaci\u00f3n de Hosteler\u00eda informa del aplazamiento oficial de VERI*FACTU y de los nuevos plazos de implantaci\u00f3n hasta 2027"},"content":{"rendered":"\n<p>La AEHTC informa de que el Gobierno ha aprobado un aplazamiento oficial de la entrada en vigor del sistema inform\u00e1tico de facturaci\u00f3n VERI*FACTU, atendiendo a las demandas de distintas asociaciones empresariales, entre ellas la AEHTC, que ven\u00edan solicitando m\u00e1s tiempo para adaptar sus sistemas de facturaci\u00f3n a los nuevos requisitos. Este cambio ampl\u00eda en un a\u00f1o los plazos inicialmente previstos, con el objetivo de garantizar una implementaci\u00f3n ordenada y viable para empresas, pymes y aut\u00f3nomos.<\/p>\n\n\n\n<h2 class=\"wp-block-heading\">Nuevos plazos de aplicaci\u00f3n<\/h2>\n\n\n\n<p>De acuerdo con la modificaci\u00f3n introducida en el Real Decreto 1007\/2023, el calendario de implantaci\u00f3n de VERI*FACTU queda ahora fijado de la siguiente manera:<\/p>\n\n\n\n<ul class=\"wp-block-list\">\n<li>Empresas sujetas al Impuesto sobre Sociedades: nueva fecha de obligatoriedad, 1 de enero de 2027 (antes prevista para el 1 de enero de 2026).<\/li>\n\n\n\n<li>Aut\u00f3nomos y pymes que utilicen sistemas inform\u00e1ticos de facturaci\u00f3n: nueva fecha de obligatoriedad, 1 de julio de 2027 (antes prevista para el 1 de julio de 2026).<\/li>\n<\/ul>\n\n\n\n<p>Este aplazamiento supone, por tanto, una ampliaci\u00f3n generalizada de un a\u00f1o respecto al calendario anterior, ofreciendo un margen adicional para la adaptaci\u00f3n t\u00e9cnica y organizativa de los negocios.<\/p>\n\n\n\n<h2 class=\"wp-block-heading\">Motivos del aplazamiento<\/h2>\n\n\n\n<p>Durante los \u00faltimos meses, distintas asociaciones sectoriales, incluida la AEHTC, han mantenido reuniones con la Agencia Estatal de Administraci\u00f3n Tributaria para trasladar la necesidad de ajustar los plazos a la realidad tecnol\u00f3gica actual de las empresas. Entre las principales demandas destacaban la necesidad de contar con tiempo suficiente para adaptar y verificar los nuevos sistemas de facturaci\u00f3n, as\u00ed como evitar cargas desproporcionadas para pymes y aut\u00f3nomos.<\/p>\n\n\n\n<p>El Gobierno ha respondido a estas peticiones ampliando los plazos de entrada en vigor, con el fin de alinear la implantaci\u00f3n de VERI*FACTU con las capacidades reales del tejido empresarial y garantizar que la transici\u00f3n se realice de forma homog\u00e9nea y segura.<\/p>\n\n\n\n<h2 class=\"wp-block-heading\">Compromiso de la Asociaci\u00f3n de Hosteler\u00eda<\/h2>\n\n\n\n<p>La Asociaci\u00f3n de Hosteler\u00eda seguir\u00e1 muy pendiente de cualquier actualizaci\u00f3n normativa relacionada con VERI*FACTU para informar al sector con la m\u00e1xima rapidez y claridad. El objetivo es acompa\u00f1ar a las empresas hosteleras durante todo el proceso de adaptaci\u00f3n, resolviendo dudas y canalizando sus inquietudes ante las administraciones competentes.<\/p>\n\n\n\n<p>Como siempre, la Asociaci\u00f3n se pone a disposici\u00f3n de sus asociados para asesorarles sobre los requisitos del sistema de facturaci\u00f3n, los plazos de implantaci\u00f3n y las herramientas disponibles, y les animan a aprovechar este nuevo margen de tiempo para planificar con antelaci\u00f3n la transici\u00f3n a VERI*FACTU.<\/p>\n\n\n\n<p><\/p>\n\n\n\n<p><\/p>\n","protected":false},"excerpt":{"rendered":"<p>Como siempre, la Asociaci\u00f3n se pone a disposici\u00f3n de sus asociados para asesorarles sobre los requisitos del sistema de facturaci\u00f3n, <\/p>\n","protected":false},"author":4,"featured_media":7559,"comment_status":"open","ping_status":"open","sticky":false,"template":"","format":"standard","meta":{"footnotes":""},"categories":[7],"tags":[],"class_list":["post-7558","post","type-post","status-publish","format-standard","has-post-thumbnail","hentry","category-noticias"],"yoast_head":"<!-- This site is optimized with the Yoast SEO plugin v25.7 - https:\/\/yoast.com\/wordpress\/plugins\/seo\/ -->\n<title>La Asociaci\u00f3n de Hosteler\u00eda informa del aplazamiento oficial de VERI*FACTU y de los nuevos plazos de implantaci\u00f3n hasta 2027 - Torrevieja Gastron\u00f3mica<\/title>\n<meta name=\"description\" content=\"El Gobierno ampl\u00eda en un a\u00f1o los plazos de implantaci\u00f3n del sistema de facturaci\u00f3n VERI*FACTU, fijando el 1 de enero de 2027 para empresas sujetas a Impuesto sobre Sociedades y el 1 de julio de 2027 para aut\u00f3nomos y pymes, tras las reivindicaciones del sector hostelero y otras asociaciones empresariales.\" \/>\n<meta name=\"robots\" content=\"index, follow, max-snippet:-1, max-image-preview:large, max-video-preview:-1\" \/>\n<link rel=\"canonical\" href=\"https:\/\/www.torreviejagastronomica.com\/es\/la-asociacion-de-hosteleria-informa-del-aplazamiento-oficial-de-verifactu-y-de-los-nuevos-plazos-de-implantacion-hasta-2027\/\" \/>\n<meta property=\"og:locale\" content=\"es_ES\" \/>\n<meta property=\"og:type\" content=\"article\" \/>\n<meta property=\"og:title\" content=\"La Asociaci\u00f3n de Hosteler\u00eda informa del aplazamiento oficial de VERI*FACTU y de los nuevos plazos de implantaci\u00f3n hasta 2027 - Torrevieja Gastron\u00f3mica\" \/>\n<meta property=\"og:description\" content=\"El Gobierno ampl\u00eda en un a\u00f1o los plazos de implantaci\u00f3n del sistema de facturaci\u00f3n VERI*FACTU, fijando el 1 de enero de 2027 para empresas sujetas a Impuesto sobre Sociedades y el 1 de julio de 2027 para aut\u00f3nomos y pymes, tras las reivindicaciones del sector hostelero y otras asociaciones empresariales.\" \/>\n<meta property=\"og:url\" content=\"https:\/\/www.torreviejagastronomica.com\/es\/la-asociacion-de-hosteleria-informa-del-aplazamiento-oficial-de-verifactu-y-de-los-nuevos-plazos-de-implantacion-hasta-2027\/\" \/>\n<meta property=\"og:site_name\" content=\"Torrevieja Gastron\u00f3mica\" \/>\n<meta property=\"article:published_time\" content=\"2025-12-02T15:46:10+00:00\" \/>\n<meta property=\"article:modified_time\" content=\"2025-12-02T15:46:12+00:00\" \/>\n<meta property=\"og:image\" content=\"https:\/\/www.torreviejagastronomica.com\/wp-content\/uploads\/2025\/12\/1200_800.jpeg\" \/>\n\t<meta property=\"og:image:width\" content=\"1200\" \/>\n\t<meta property=\"og:image:height\" content=\"800\" \/>\n\t<meta property=\"og:image:type\" content=\"image\/jpeg\" \/>\n<meta name=\"author\" content=\"Asociaci\u00f3n de Empresas de Hosteler\u00eda de Torrevieja y Comarca\" \/>\n<meta name=\"twitter:card\" content=\"summary_large_image\" \/>\n<meta name=\"twitter:label1\" content=\"Escrito por\" \/>\n\t<meta name=\"twitter:data1\" content=\"Asociaci\u00f3n de Empresas de Hosteler\u00eda de Torrevieja y Comarca\" \/>\n\t<meta name=\"twitter:label2\" content=\"Tiempo de lectura\" \/>\n\t<meta name=\"twitter:data2\" content=\"3 minutos\" \/>\n<script type=\"application\/ld+json\" class=\"yoast-schema-graph\">{\"@context\":\"https:\/\/schema.org\",\"@graph\":[{\"@type\":\"Article\",\"@id\":\"https:\/\/www.torreviejagastronomica.com\/la-asociacion-de-hosteleria-informa-del-aplazamiento-oficial-de-verifactu-y-de-los-nuevos-plazos-de-implantacion-hasta-2027\/#article\",\"isPartOf\":{\"@id\":\"https:\/\/www.torreviejagastronomica.com\/la-asociacion-de-hosteleria-informa-del-aplazamiento-oficial-de-verifactu-y-de-los-nuevos-plazos-de-implantacion-hasta-2027\/\"},\"author\":{\"name\":\"Asociaci\u00f3n de Empresas de Hosteler\u00eda de Torrevieja y Comarca\",\"@id\":\"https:\/\/www.torreviejagastronomica.com\/#\/schema\/person\/9e0116f808f941d46f9baadf5335f0a9\"},\"headline\":\"La Asociaci\u00f3n de Hosteler\u00eda informa del aplazamiento oficial de VERI*FACTU y de los nuevos plazos de implantaci\u00f3n hasta 2027\",\"datePublished\":\"2025-12-02T15:46:10+00:00\",\"dateModified\":\"2025-12-02T15:46:12+00:00\",\"mainEntityOfPage\":{\"@id\":\"https:\/\/www.torreviejagastronomica.com\/la-asociacion-de-hosteleria-informa-del-aplazamiento-oficial-de-verifactu-y-de-los-nuevos-plazos-de-implantacion-hasta-2027\/\"},\"wordCount\":451,\"commentCount\":0,\"publisher\":{\"@id\":\"https:\/\/www.torreviejagastronomica.com\/#organization\"},\"image\":{\"@id\":\"https:\/\/www.torreviejagastronomica.com\/la-asociacion-de-hosteleria-informa-del-aplazamiento-oficial-de-verifactu-y-de-los-nuevos-plazos-de-implantacion-hasta-2027\/#primaryimage\"},\"thumbnailUrl\":\"https:\/\/www.torreviejagastronomica.com\/wp-content\/uploads\/2025\/12\/1200_800.jpeg\",\"articleSection\":[\"Noticias\"],\"inLanguage\":\"es\",\"potentialAction\":[{\"@type\":\"CommentAction\",\"name\":\"Comment\",\"target\":[\"https:\/\/www.torreviejagastronomica.com\/la-asociacion-de-hosteleria-informa-del-aplazamiento-oficial-de-verifactu-y-de-los-nuevos-plazos-de-implantacion-hasta-2027\/#respond\"]}]},{\"@type\":\"WebPage\",\"@id\":\"https:\/\/www.torreviejagastronomica.com\/la-asociacion-de-hosteleria-informa-del-aplazamiento-oficial-de-verifactu-y-de-los-nuevos-plazos-de-implantacion-hasta-2027\/\",\"url\":\"https:\/\/www.torreviejagastronomica.com\/la-asociacion-de-hosteleria-informa-del-aplazamiento-oficial-de-verifactu-y-de-los-nuevos-plazos-de-implantacion-hasta-2027\/\",\"name\":\"La Asociaci\u00f3n de Hosteler\u00eda informa del aplazamiento oficial de VERI*FACTU y de los nuevos plazos de implantaci\u00f3n hasta 2027 - Torrevieja Gastron\u00f3mica\",\"isPartOf\":{\"@id\":\"https:\/\/www.torreviejagastronomica.com\/#website\"},\"primaryImageOfPage\":{\"@id\":\"https:\/\/www.torreviejagastronomica.com\/la-asociacion-de-hosteleria-informa-del-aplazamiento-oficial-de-verifactu-y-de-los-nuevos-plazos-de-implantacion-hasta-2027\/#primaryimage\"},\"image\":{\"@id\":\"https:\/\/www.torreviejagastronomica.com\/la-asociacion-de-hosteleria-informa-del-aplazamiento-oficial-de-verifactu-y-de-los-nuevos-plazos-de-implantacion-hasta-2027\/#primaryimage\"},\"thumbnailUrl\":\"https:\/\/www.torreviejagastronomica.com\/wp-content\/uploads\/2025\/12\/1200_800.jpeg\",\"datePublished\":\"2025-12-02T15:46:10+00:00\",\"dateModified\":\"2025-12-02T15:46:12+00:00\",\"description\":\"El Gobierno ampl\u00eda en un a\u00f1o los plazos de implantaci\u00f3n del sistema de facturaci\u00f3n VERI*FACTU, fijando el 1 de enero de 2027 para empresas sujetas a Impuesto sobre Sociedades y el 1 de julio de 2027 para aut\u00f3nomos y pymes, tras las reivindicaciones del sector hostelero y otras asociaciones empresariales.\",\"breadcrumb\":{\"@id\":\"https:\/\/www.torreviejagastronomica.com\/la-asociacion-de-hosteleria-informa-del-aplazamiento-oficial-de-verifactu-y-de-los-nuevos-plazos-de-implantacion-hasta-2027\/#breadcrumb\"},\"inLanguage\":\"es\",\"potentialAction\":[{\"@type\":\"ReadAction\",\"target\":[\"https:\/\/www.torreviejagastronomica.com\/la-asociacion-de-hosteleria-informa-del-aplazamiento-oficial-de-verifactu-y-de-los-nuevos-plazos-de-implantacion-hasta-2027\/\"]}]},{\"@type\":\"ImageObject\",\"inLanguage\":\"es\",\"@id\":\"https:\/\/www.torreviejagastronomica.com\/la-asociacion-de-hosteleria-informa-del-aplazamiento-oficial-de-verifactu-y-de-los-nuevos-plazos-de-implantacion-hasta-2027\/#primaryimage\",\"url\":\"https:\/\/www.torreviejagastronomica.com\/wp-content\/uploads\/2025\/12\/1200_800.jpeg\",\"contentUrl\":\"https:\/\/www.torreviejagastronomica.com\/wp-content\/uploads\/2025\/12\/1200_800.jpeg\",\"width\":1200,\"height\":800},{\"@type\":\"BreadcrumbList\",\"@id\":\"https:\/\/www.torreviejagastronomica.com\/la-asociacion-de-hosteleria-informa-del-aplazamiento-oficial-de-verifactu-y-de-los-nuevos-plazos-de-implantacion-hasta-2027\/#breadcrumb\",\"itemListElement\":[{\"@type\":\"ListItem\",\"position\":1,\"name\":\"Portada\",\"item\":\"https:\/\/www.torreviejagastronomica.com\/\"},{\"@type\":\"ListItem\",\"position\":2,\"name\":\"La Asociaci\u00f3n de Hosteler\u00eda informa del aplazamiento oficial de VERI*FACTU y de los nuevos plazos de implantaci\u00f3n hasta 2027\"}]},{\"@type\":\"WebSite\",\"@id\":\"https:\/\/www.torreviejagastronomica.com\/#website\",\"url\":\"https:\/\/www.torreviejagastronomica.com\/\",\"name\":\"Torrevieja Gastron\u00f3mica\",\"description\":\"Asociaci\u00f3n Hosteler\u00eda Torrevieja y Comarca\",\"publisher\":{\"@id\":\"https:\/\/www.torreviejagastronomica.com\/#organization\"},\"potentialAction\":[{\"@type\":\"SearchAction\",\"target\":{\"@type\":\"EntryPoint\",\"urlTemplate\":\"https:\/\/www.torreviejagastronomica.com\/?s={search_term_string}\"},\"query-input\":{\"@type\":\"PropertyValueSpecification\",\"valueRequired\":true,\"valueName\":\"search_term_string\"}}],\"inLanguage\":\"es\"},{\"@type\":\"Organization\",\"@id\":\"https:\/\/www.torreviejagastronomica.com\/#organization\",\"name\":\"Torrevieja Gastron\u00f3mica\",\"url\":\"https:\/\/www.torreviejagastronomica.com\/\",\"logo\":{\"@type\":\"ImageObject\",\"inLanguage\":\"es\",\"@id\":\"https:\/\/www.torreviejagastronomica.com\/#\/schema\/logo\/image\/\",\"url\":\"https:\/\/www.torreviejagastronomica.com\/wp-content\/uploads\/2023\/09\/Logo-Torrevieja-Gastronomica.png\",\"contentUrl\":\"https:\/\/www.torreviejagastronomica.com\/wp-content\/uploads\/2023\/09\/Logo-Torrevieja-Gastronomica.png\",\"width\":350,\"height\":100,\"caption\":\"Torrevieja Gastron\u00f3mica\"},\"image\":{\"@id\":\"https:\/\/www.torreviejagastronomica.com\/#\/schema\/logo\/image\/\"}},{\"@type\":\"Person\",\"@id\":\"https:\/\/www.torreviejagastronomica.com\/#\/schema\/person\/9e0116f808f941d46f9baadf5335f0a9\",\"name\":\"Asociaci\u00f3n de Empresas de Hosteler\u00eda de Torrevieja y Comarca\",\"image\":{\"@type\":\"ImageObject\",\"inLanguage\":\"es\",\"@id\":\"https:\/\/www.torreviejagastronomica.com\/#\/schema\/person\/image\/\",\"url\":\"https:\/\/secure.gravatar.com\/avatar\/32ba6ba6e685fc061412a65c4a8a8b6caaf6d90d0985a737a4015d36e84d2d1f?s=96&d=mm&r=g\",\"contentUrl\":\"https:\/\/secure.gravatar.com\/avatar\/32ba6ba6e685fc061412a65c4a8a8b6caaf6d90d0985a737a4015d36e84d2d1f?s=96&d=mm&r=g\",\"caption\":\"Asociaci\u00f3n de Empresas de Hosteler\u00eda de Torrevieja y Comarca\"},\"url\":\"https:\/\/www.torreviejagastronomica.com\/es\/author\/hosteleria\/\"}]}<\/script>\n<!-- \/ Yoast SEO plugin. -->","yoast_head_json":{"title":"La Asociaci\u00f3n de Hosteler\u00eda informa del aplazamiento oficial de VERI*FACTU y de los nuevos plazos de implantaci\u00f3n hasta 2027 - Torrevieja Gastron\u00f3mica","description":"El Gobierno ampl\u00eda en un a\u00f1o los plazos de implantaci\u00f3n del sistema de facturaci\u00f3n VERI*FACTU, fijando el 1 de enero de 2027 para empresas sujetas a Impuesto sobre Sociedades y el 1 de julio de 2027 para aut\u00f3nomos y pymes, tras las reivindicaciones del sector hostelero y otras asociaciones empresariales.","robots":{"index":"index","follow":"follow","max-snippet":"max-snippet:-1","max-image-preview":"max-image-preview:large","max-video-preview":"max-video-preview:-1"},"canonical":"https:\/\/www.torreviejagastronomica.com\/es\/la-asociacion-de-hosteleria-informa-del-aplazamiento-oficial-de-verifactu-y-de-los-nuevos-plazos-de-implantacion-hasta-2027\/","og_locale":"es_ES","og_type":"article","og_title":"La Asociaci\u00f3n de Hosteler\u00eda informa del aplazamiento oficial de VERI*FACTU y de los nuevos plazos de implantaci\u00f3n hasta 2027 - Torrevieja Gastron\u00f3mica","og_description":"El Gobierno ampl\u00eda en un a\u00f1o los plazos de implantaci\u00f3n del sistema de facturaci\u00f3n VERI*FACTU, fijando el 1 de enero de 2027 para empresas sujetas a Impuesto sobre Sociedades y el 1 de julio de 2027 para aut\u00f3nomos y pymes, tras las reivindicaciones del sector hostelero y otras asociaciones empresariales.","og_url":"https:\/\/www.torreviejagastronomica.com\/es\/la-asociacion-de-hosteleria-informa-del-aplazamiento-oficial-de-verifactu-y-de-los-nuevos-plazos-de-implantacion-hasta-2027\/","og_site_name":"Torrevieja Gastron\u00f3mica","article_published_time":"2025-12-02T15:46:10+00:00","article_modified_time":"2025-12-02T15:46:12+00:00","og_image":[{"width":1200,"height":800,"url":"https:\/\/www.torreviejagastronomica.com\/wp-content\/uploads\/2025\/12\/1200_800.jpeg","type":"image\/jpeg"}],"author":"Asociaci\u00f3n de Empresas de Hosteler\u00eda de Torrevieja y Comarca","twitter_card":"summary_large_image","twitter_misc":{"Escrito por":"Asociaci\u00f3n de Empresas de Hosteler\u00eda de Torrevieja y Comarca","Tiempo de lectura":"3 minutos"},"schema":{"@context":"https:\/\/schema.org","@graph":[{"@type":"Article","@id":"https:\/\/www.torreviejagastronomica.com\/la-asociacion-de-hosteleria-informa-del-aplazamiento-oficial-de-verifactu-y-de-los-nuevos-plazos-de-implantacion-hasta-2027\/#article","isPartOf":{"@id":"https:\/\/www.torreviejagastronomica.com\/la-asociacion-de-hosteleria-informa-del-aplazamiento-oficial-de-verifactu-y-de-los-nuevos-plazos-de-implantacion-hasta-2027\/"},"author":{"name":"Asociaci\u00f3n de Empresas de Hosteler\u00eda de Torrevieja y Comarca","@id":"https:\/\/www.torreviejagastronomica.com\/#\/schema\/person\/9e0116f808f941d46f9baadf5335f0a9"},"headline":"La Asociaci\u00f3n de Hosteler\u00eda informa del aplazamiento oficial de VERI*FACTU y de los nuevos plazos de implantaci\u00f3n hasta 2027","datePublished":"2025-12-02T15:46:10+00:00","dateModified":"2025-12-02T15:46:12+00:00","mainEntityOfPage":{"@id":"https:\/\/www.torreviejagastronomica.com\/la-asociacion-de-hosteleria-informa-del-aplazamiento-oficial-de-verifactu-y-de-los-nuevos-plazos-de-implantacion-hasta-2027\/"},"wordCount":451,"commentCount":0,"publisher":{"@id":"https:\/\/www.torreviejagastronomica.com\/#organization"},"image":{"@id":"https:\/\/www.torreviejagastronomica.com\/la-asociacion-de-hosteleria-informa-del-aplazamiento-oficial-de-verifactu-y-de-los-nuevos-plazos-de-implantacion-hasta-2027\/#primaryimage"},"thumbnailUrl":"https:\/\/www.torreviejagastronomica.com\/wp-content\/uploads\/2025\/12\/1200_800.jpeg","articleSection":["Noticias"],"inLanguage":"es","potentialAction":[{"@type":"CommentAction","name":"Comment","target":["https:\/\/www.torreviejagastronomica.com\/la-asociacion-de-hosteleria-informa-del-aplazamiento-oficial-de-verifactu-y-de-los-nuevos-plazos-de-implantacion-hasta-2027\/#respond"]}]},{"@type":"WebPage","@id":"https:\/\/www.torreviejagastronomica.com\/la-asociacion-de-hosteleria-informa-del-aplazamiento-oficial-de-verifactu-y-de-los-nuevos-plazos-de-implantacion-hasta-2027\/","url":"https:\/\/www.torreviejagastronomica.com\/la-asociacion-de-hosteleria-informa-del-aplazamiento-oficial-de-verifactu-y-de-los-nuevos-plazos-de-implantacion-hasta-2027\/","name":"La Asociaci\u00f3n de Hosteler\u00eda informa del aplazamiento oficial de VERI*FACTU y de los nuevos plazos de implantaci\u00f3n hasta 2027 - Torrevieja Gastron\u00f3mica","isPartOf":{"@id":"https:\/\/www.torreviejagastronomica.com\/#website"},"primaryImageOfPage":{"@id":"https:\/\/www.torreviejagastronomica.com\/la-asociacion-de-hosteleria-informa-del-aplazamiento-oficial-de-verifactu-y-de-los-nuevos-plazos-de-implantacion-hasta-2027\/#primaryimage"},"image":{"@id":"https:\/\/www.torreviejagastronomica.com\/la-asociacion-de-hosteleria-informa-del-aplazamiento-oficial-de-verifactu-y-de-los-nuevos-plazos-de-implantacion-hasta-2027\/#primaryimage"},"thumbnailUrl":"https:\/\/www.torreviejagastronomica.com\/wp-content\/uploads\/2025\/12\/1200_800.jpeg","datePublished":"2025-12-02T15:46:10+00:00","dateModified":"2025-12-02T15:46:12+00:00","description":"El Gobierno ampl\u00eda en un a\u00f1o los plazos de implantaci\u00f3n del sistema de facturaci\u00f3n VERI*FACTU, fijando el 1 de enero de 2027 para empresas sujetas a Impuesto sobre Sociedades y el 1 de julio de 2027 para aut\u00f3nomos y pymes, tras las reivindicaciones del sector hostelero y otras asociaciones empresariales.","breadcrumb":{"@id":"https:\/\/www.torreviejagastronomica.com\/la-asociacion-de-hosteleria-informa-del-aplazamiento-oficial-de-verifactu-y-de-los-nuevos-plazos-de-implantacion-hasta-2027\/#breadcrumb"},"inLanguage":"es","potentialAction":[{"@type":"ReadAction","target":["https:\/\/www.torreviejagastronomica.com\/la-asociacion-de-hosteleria-informa-del-aplazamiento-oficial-de-verifactu-y-de-los-nuevos-plazos-de-implantacion-hasta-2027\/"]}]},{"@type":"ImageObject","inLanguage":"es","@id":"https:\/\/www.torreviejagastronomica.com\/la-asociacion-de-hosteleria-informa-del-aplazamiento-oficial-de-verifactu-y-de-los-nuevos-plazos-de-implantacion-hasta-2027\/#primaryimage","url":"https:\/\/www.torreviejagastronomica.com\/wp-content\/uploads\/2025\/12\/1200_800.jpeg","contentUrl":"https:\/\/www.torreviejagastronomica.com\/wp-content\/uploads\/2025\/12\/1200_800.jpeg","width":1200,"height":800},{"@type":"BreadcrumbList","@id":"https:\/\/www.torreviejagastronomica.com\/la-asociacion-de-hosteleria-informa-del-aplazamiento-oficial-de-verifactu-y-de-los-nuevos-plazos-de-implantacion-hasta-2027\/#breadcrumb","itemListElement":[{"@type":"ListItem","position":1,"name":"Portada","item":"https:\/\/www.torreviejagastronomica.com\/"},{"@type":"ListItem","position":2,"name":"La Asociaci\u00f3n de Hosteler\u00eda informa del aplazamiento oficial de VERI*FACTU y de los nuevos plazos de implantaci\u00f3n hasta 2027"}]},{"@type":"WebSite","@id":"https:\/\/www.torreviejagastronomica.com\/#website","url":"https:\/\/www.torreviejagastronomica.com\/","name":"Torrevieja Gastron\u00f3mica","description":"Asociaci\u00f3n Hosteler\u00eda Torrevieja y Comarca","publisher":{"@id":"https:\/\/www.torreviejagastronomica.com\/#organization"},"potentialAction":[{"@type":"SearchAction","target":{"@type":"EntryPoint","urlTemplate":"https:\/\/www.torreviejagastronomica.com\/?s={search_term_string}"},"query-input":{"@type":"PropertyValueSpecification","valueRequired":true,"valueName":"search_term_string"}}],"inLanguage":"es"},{"@type":"Organization","@id":"https:\/\/www.torreviejagastronomica.com\/#organization","name":"Torrevieja Gastron\u00f3mica","url":"https:\/\/www.torreviejagastronomica.com\/","logo":{"@type":"ImageObject","inLanguage":"es","@id":"https:\/\/www.torreviejagastronomica.com\/#\/schema\/logo\/image\/","url":"https:\/\/www.torreviejagastronomica.com\/wp-content\/uploads\/2023\/09\/Logo-Torrevieja-Gastronomica.png","contentUrl":"https:\/\/www.torreviejagastronomica.com\/wp-content\/uploads\/2023\/09\/Logo-Torrevieja-Gastronomica.png","width":350,"height":100,"caption":"Torrevieja Gastron\u00f3mica"},"image":{"@id":"https:\/\/www.torreviejagastronomica.com\/#\/schema\/logo\/image\/"}},{"@type":"Person","@id":"https:\/\/www.torreviejagastronomica.com\/#\/schema\/person\/9e0116f808f941d46f9baadf5335f0a9","name":"Asociaci\u00f3n de Empresas de Hosteler\u00eda de Torrevieja y Comarca","image":{"@type":"ImageObject","inLanguage":"es","@id":"https:\/\/www.torreviejagastronomica.com\/#\/schema\/person\/image\/","url":"https:\/\/secure.gravatar.com\/avatar\/32ba6ba6e685fc061412a65c4a8a8b6caaf6d90d0985a737a4015d36e84d2d1f?s=96&d=mm&r=g","contentUrl":"https:\/\/secure.gravatar.com\/avatar\/32ba6ba6e685fc061412a65c4a8a8b6caaf6d90d0985a737a4015d36e84d2d1f?s=96&d=mm&r=g","caption":"Asociaci\u00f3n de Empresas de Hosteler\u00eda de Torrevieja y Comarca"},"url":"https:\/\/www.torreviejagastronomica.com\/es\/author\/hosteleria\/"}]}},"_links":{"self":[{"href":"https:\/\/www.torreviejagastronomica.com\/es\/wp-json\/wp\/v2\/posts\/7558","targetHints":{"allow":["GET"]}}],"collection":[{"href":"https:\/\/www.torreviejagastronomica.com\/es\/wp-json\/wp\/v2\/posts"}],"about":[{"href":"https:\/\/www.torreviejagastronomica.com\/es\/wp-json\/wp\/v2\/types\/post"}],"author":[{"embeddable":true,"href":"https:\/\/www.torreviejagastronomica.com\/es\/wp-json\/wp\/v2\/users\/4"}],"replies":[{"embeddable":true,"href":"https:\/\/www.torreviejagastronomica.com\/es\/wp-json\/wp\/v2\/comments?post=7558"}],"version-history":[{"count":1,"href":"https:\/\/www.torreviejagastronomica.com\/es\/wp-json\/wp\/v2\/posts\/7558\/revisions"}],"predecessor-version":[{"id":7560,"href":"https:\/\/www.torreviejagastronomica.com\/es\/wp-json\/wp\/v2\/posts\/7558\/revisions\/7560"}],"wp:featuredmedia":[{"embeddable":true,"href":"https:\/\/www.torreviejagastronomica.com\/es\/wp-json\/wp\/v2\/media\/7559"}],"wp:attachment":[{"href":"https:\/\/www.torreviejagastronomica.com\/es\/wp-json\/wp\/v2\/media?parent=7558"}],"wp:term":[{"taxonomy":"category","embeddable":true,"href":"https:\/\/www.torreviejagastronomica.com\/es\/wp-json\/wp\/v2\/categories?post=7558"},{"taxonomy":"post_tag","embeddable":true,"href":"https:\/\/www.torreviejagastronomica.com\/es\/wp-json\/wp\/v2\/tags?post=7558"}],"curies":[{"name":"wp","href":"https:\/\/api.w.org\/{rel}","templated":true}]}}