{"id":7555,"date":"2025-12-02T14:35:16","date_gmt":"2025-12-02T13:35:16","guid":{"rendered":"https:\/\/www.torreviejagastronomica.com\/?p=7555"},"modified":"2025-12-02T17:22:18","modified_gmt":"2025-12-02T16:22:18","slug":"miss-flamingo-y-la-aehtc-presentan-el-programa-gastronomico-sabores-de-torrevieja","status":"publish","type":"post","link":"https:\/\/www.torreviejagastronomica.com\/es\/miss-flamingo-y-la-aehtc-presentan-el-programa-gastronomico-sabores-de-torrevieja\/","title":{"rendered":"Miss Flamingo y la AEHTC presentan el Programa Gastron\u00f3mico \u201cSabores de Torrevieja\u201d"},"content":{"rendered":"\n<h2 class=\"wp-block-heading\">Una iniciativa para impulsar la oferta local fuera de temporada y facilitar reservas a&nbsp;residentes y visitantes.<\/h2>\n\n\n\n<p><strong>Miss Flamingo<\/strong>, plataforma digital dedicada a promocionar experiencias locales, en colaboraci\u00f3n con la <strong>Asociaci\u00f3n de Empresas de Hosteler\u00eda de Torrevieja y Comarca (AEHTC),<\/strong> presenta el Programa Gastron\u00f3mico: <strong>Sabores de Torrevieja,<\/strong> una iniciativa dise\u00f1ada para dinamizar la oferta gastron\u00f3mica local y atraer clientela durante todo el a\u00f1o.<\/p>\n\n\n\n<p>El programa incluye una selecci\u00f3n de experiencias gastron\u00f3micas \u2014ruta de tapas, men\u00fas de temporada y cenas degustaci\u00f3n\u2014 ofrecidas por establecimientos asociados, con promoci\u00f3n centralizada y sistema de reservas a trav\u00e9s de la plataforma <strong>Miss Flamingo<\/strong>. La propuesta busca facilitar la visibilidad de los negocios locales, aumentar el ticket medio y mejorar la experiencia del visitante con ofertas aut\u00e9nticas y personalizables.<\/p>\n\n\n\n<p><strong><em>\u201cEstamos muy ilusionados por poner en marcha \u2018Sabores de Torrevieja\u2019. Nuestro objetivo es unir a la hosteler\u00eda local y ofrecer a residentes y turistas una forma sencilla y atractiva de descubrir lo mejor de nuestra gastronom\u00eda,\u201d<\/em><\/strong> declara Esther Elkouss, fundadora y CEO de Miss Flamingo.<\/p>\n\n\n\n<p>La <strong>AEHTC<\/strong> apoyar\u00e1 la iniciativa mediante acciones de difusi\u00f3n entre sus asociados y colaboraci\u00f3n en la coordinaci\u00f3n del lanzamiento. La firma del acuerdo marco entre Miss Flamingo y la AEHTC est\u00e1 prevista para el\u00a02 de diciembre de 2025, coincidiendo con la sesi\u00f3n fotogr\u00e1fica y la presentaci\u00f3n a los asociados.<\/p>\n\n\n\n<p><strong>Lanzamiento y reservas<\/strong><\/p>\n\n\n\n<p>La apertura de inscripciones para establecimientos ser\u00e1 del&nbsp;02\/12\/2025 al 15\/12\/2025. Tras la fase de preparaci\u00f3n (fotograf\u00edas, contenido y acuerdos), la promoci\u00f3n y la apertura de reservas se activar\u00e1n en enero de 2026; la fecha exacta del lanzamiento se comunicar\u00e1 pr\u00f3ximamente.<\/p>\n\n\n\n<p>Torrevieja, 2 de diciembre de 2025 \u2014<\/p>\n\n\n\n<p><strong>Contacto para prensa<\/strong><\/p>\n\n\n\n<p>Esther Elkouss \u2014 <a href=\"https:\/\/www.instagram.com\/missflamingoapp\/\"><strong>Miss Flamingo<\/strong><\/a><\/p>\n\n\n\n<p>Tel.: 649 76 17 12<\/p>\n\n\n\n<p>Email: esther@missflamingo.es<\/p>\n\n\n\n<p><\/p>\n","protected":false},"excerpt":{"rendered":"<p>ruta de tapas, men\u00fas de temporada y cenas degustaci\u00f3n<\/p>\n","protected":false},"author":4,"featured_media":7556,"comment_status":"open","ping_status":"open","sticky":false,"template":"","format":"standard","meta":{"footnotes":""},"categories":[7],"tags":[],"class_list":["post-7555","post","type-post","status-publish","format-standard","has-post-thumbnail","hentry","category-noticias"],"yoast_head":"<!-- This site is optimized with the Yoast SEO plugin v25.7 - https:\/\/yoast.com\/wordpress\/plugins\/seo\/ -->\n<title>Miss Flamingo y la AEHTC presentan el Programa Gastron\u00f3mico \u201cSabores de Torrevieja\u201d - Torrevieja Gastron\u00f3mica<\/title>\n<meta name=\"description\" content=\"Miss Flamingo y la AEHTC presentan el programa \u201cSabores de Torrevieja\u201d, una iniciativa para promocionar la gastronom\u00eda local con rutas, men\u00fas y experiencias que impulsan la hosteler\u00eda fuera de temporada.\" \/>\n<meta name=\"robots\" content=\"index, follow, max-snippet:-1, max-image-preview:large, max-video-preview:-1\" \/>\n<link rel=\"canonical\" href=\"https:\/\/www.torreviejagastronomica.com\/es\/miss-flamingo-y-la-aehtc-presentan-el-programa-gastronomico-sabores-de-torrevieja\/\" \/>\n<meta property=\"og:locale\" content=\"es_ES\" \/>\n<meta property=\"og:type\" content=\"article\" \/>\n<meta property=\"og:title\" content=\"Miss Flamingo y la AEHTC presentan el Programa Gastron\u00f3mico \u201cSabores de Torrevieja\u201d - Torrevieja Gastron\u00f3mica\" \/>\n<meta property=\"og:description\" content=\"Miss Flamingo y la AEHTC presentan el programa \u201cSabores de Torrevieja\u201d, una iniciativa para promocionar la gastronom\u00eda local con rutas, men\u00fas y experiencias que impulsan la hosteler\u00eda fuera de temporada.\" \/>\n<meta property=\"og:url\" content=\"https:\/\/www.torreviejagastronomica.com\/es\/miss-flamingo-y-la-aehtc-presentan-el-programa-gastronomico-sabores-de-torrevieja\/\" \/>\n<meta property=\"og:site_name\" content=\"Torrevieja Gastron\u00f3mica\" \/>\n<meta property=\"article:published_time\" content=\"2025-12-02T13:35:16+00:00\" \/>\n<meta property=\"article:modified_time\" content=\"2025-12-02T16:22:18+00:00\" \/>\n<meta property=\"og:image\" content=\"https:\/\/www.torreviejagastronomica.com\/wp-content\/uploads\/2025\/12\/IMAGENES-FIRMA-CONVENIO-AEHTC-MISS-FLAMINGO-en-tamano-grande.jpeg\" \/>\n\t<meta property=\"og:image:width\" content=\"1280\" \/>\n\t<meta property=\"og:image:height\" content=\"960\" \/>\n\t<meta property=\"og:image:type\" content=\"image\/jpeg\" \/>\n<meta name=\"author\" content=\"Asociaci\u00f3n de Empresas de Hosteler\u00eda de Torrevieja y Comarca\" \/>\n<meta name=\"twitter:card\" content=\"summary_large_image\" \/>\n<meta name=\"twitter:label1\" content=\"Escrito por\" \/>\n\t<meta name=\"twitter:data1\" content=\"Asociaci\u00f3n de Empresas de Hosteler\u00eda de Torrevieja y Comarca\" \/>\n\t<meta name=\"twitter:label2\" content=\"Tiempo de lectura\" \/>\n\t<meta name=\"twitter:data2\" content=\"2 minutos\" \/>\n<script type=\"application\/ld+json\" class=\"yoast-schema-graph\">{\"@context\":\"https:\/\/schema.org\",\"@graph\":[{\"@type\":\"Article\",\"@id\":\"https:\/\/www.torreviejagastronomica.com\/miss-flamingo-y-la-aehtc-presentan-el-programa-gastronomico-sabores-de-torrevieja\/#article\",\"isPartOf\":{\"@id\":\"https:\/\/www.torreviejagastronomica.com\/miss-flamingo-y-la-aehtc-presentan-el-programa-gastronomico-sabores-de-torrevieja\/\"},\"author\":{\"name\":\"Asociaci\u00f3n de Empresas de Hosteler\u00eda de Torrevieja y Comarca\",\"@id\":\"https:\/\/www.torreviejagastronomica.com\/#\/schema\/person\/9e0116f808f941d46f9baadf5335f0a9\"},\"headline\":\"Miss Flamingo y la AEHTC presentan el Programa Gastron\u00f3mico \u201cSabores de Torrevieja\u201d\",\"datePublished\":\"2025-12-02T13:35:16+00:00\",\"dateModified\":\"2025-12-02T16:22:18+00:00\",\"mainEntityOfPage\":{\"@id\":\"https:\/\/www.torreviejagastronomica.com\/miss-flamingo-y-la-aehtc-presentan-el-programa-gastronomico-sabores-de-torrevieja\/\"},\"wordCount\":315,\"commentCount\":0,\"publisher\":{\"@id\":\"https:\/\/www.torreviejagastronomica.com\/#organization\"},\"image\":{\"@id\":\"https:\/\/www.torreviejagastronomica.com\/miss-flamingo-y-la-aehtc-presentan-el-programa-gastronomico-sabores-de-torrevieja\/#primaryimage\"},\"thumbnailUrl\":\"https:\/\/www.torreviejagastronomica.com\/wp-content\/uploads\/2025\/12\/IMAGENES-FIRMA-CONVENIO-AEHTC-MISS-FLAMINGO-en-tamano-grande.jpeg\",\"articleSection\":[\"Noticias\"],\"inLanguage\":\"es\",\"potentialAction\":[{\"@type\":\"CommentAction\",\"name\":\"Comment\",\"target\":[\"https:\/\/www.torreviejagastronomica.com\/miss-flamingo-y-la-aehtc-presentan-el-programa-gastronomico-sabores-de-torrevieja\/#respond\"]}]},{\"@type\":\"WebPage\",\"@id\":\"https:\/\/www.torreviejagastronomica.com\/miss-flamingo-y-la-aehtc-presentan-el-programa-gastronomico-sabores-de-torrevieja\/\",\"url\":\"https:\/\/www.torreviejagastronomica.com\/miss-flamingo-y-la-aehtc-presentan-el-programa-gastronomico-sabores-de-torrevieja\/\",\"name\":\"Miss Flamingo y la AEHTC presentan el Programa Gastron\u00f3mico \u201cSabores de Torrevieja\u201d - Torrevieja Gastron\u00f3mica\",\"isPartOf\":{\"@id\":\"https:\/\/www.torreviejagastronomica.com\/#website\"},\"primaryImageOfPage\":{\"@id\":\"https:\/\/www.torreviejagastronomica.com\/miss-flamingo-y-la-aehtc-presentan-el-programa-gastronomico-sabores-de-torrevieja\/#primaryimage\"},\"image\":{\"@id\":\"https:\/\/www.torreviejagastronomica.com\/miss-flamingo-y-la-aehtc-presentan-el-programa-gastronomico-sabores-de-torrevieja\/#primaryimage\"},\"thumbnailUrl\":\"https:\/\/www.torreviejagastronomica.com\/wp-content\/uploads\/2025\/12\/IMAGENES-FIRMA-CONVENIO-AEHTC-MISS-FLAMINGO-en-tamano-grande.jpeg\",\"datePublished\":\"2025-12-02T13:35:16+00:00\",\"dateModified\":\"2025-12-02T16:22:18+00:00\",\"description\":\"Miss Flamingo y la AEHTC presentan el programa \u201cSabores de Torrevieja\u201d, una iniciativa para promocionar la gastronom\u00eda local con rutas, men\u00fas y experiencias que impulsan la hosteler\u00eda fuera de temporada.\",\"breadcrumb\":{\"@id\":\"https:\/\/www.torreviejagastronomica.com\/miss-flamingo-y-la-aehtc-presentan-el-programa-gastronomico-sabores-de-torrevieja\/#breadcrumb\"},\"inLanguage\":\"es\",\"potentialAction\":[{\"@type\":\"ReadAction\",\"target\":[\"https:\/\/www.torreviejagastronomica.com\/miss-flamingo-y-la-aehtc-presentan-el-programa-gastronomico-sabores-de-torrevieja\/\"]}]},{\"@type\":\"ImageObject\",\"inLanguage\":\"es\",\"@id\":\"https:\/\/www.torreviejagastronomica.com\/miss-flamingo-y-la-aehtc-presentan-el-programa-gastronomico-sabores-de-torrevieja\/#primaryimage\",\"url\":\"https:\/\/www.torreviejagastronomica.com\/wp-content\/uploads\/2025\/12\/IMAGENES-FIRMA-CONVENIO-AEHTC-MISS-FLAMINGO-en-tamano-grande.jpeg\",\"contentUrl\":\"https:\/\/www.torreviejagastronomica.com\/wp-content\/uploads\/2025\/12\/IMAGENES-FIRMA-CONVENIO-AEHTC-MISS-FLAMINGO-en-tamano-grande.jpeg\",\"width\":1280,\"height\":960},{\"@type\":\"BreadcrumbList\",\"@id\":\"https:\/\/www.torreviejagastronomica.com\/miss-flamingo-y-la-aehtc-presentan-el-programa-gastronomico-sabores-de-torrevieja\/#breadcrumb\",\"itemListElement\":[{\"@type\":\"ListItem\",\"position\":1,\"name\":\"Portada\",\"item\":\"https:\/\/www.torreviejagastronomica.com\/\"},{\"@type\":\"ListItem\",\"position\":2,\"name\":\"Miss Flamingo y la AEHTC presentan el Programa Gastron\u00f3mico \u201cSabores de Torrevieja\u201d\"}]},{\"@type\":\"WebSite\",\"@id\":\"https:\/\/www.torreviejagastronomica.com\/#website\",\"url\":\"https:\/\/www.torreviejagastronomica.com\/\",\"name\":\"Torrevieja Gastron\u00f3mica\",\"description\":\"Asociaci\u00f3n Hosteler\u00eda Torrevieja y Comarca\",\"publisher\":{\"@id\":\"https:\/\/www.torreviejagastronomica.com\/#organization\"},\"potentialAction\":[{\"@type\":\"SearchAction\",\"target\":{\"@type\":\"EntryPoint\",\"urlTemplate\":\"https:\/\/www.torreviejagastronomica.com\/?s={search_term_string}\"},\"query-input\":{\"@type\":\"PropertyValueSpecification\",\"valueRequired\":true,\"valueName\":\"search_term_string\"}}],\"inLanguage\":\"es\"},{\"@type\":\"Organization\",\"@id\":\"https:\/\/www.torreviejagastronomica.com\/#organization\",\"name\":\"Torrevieja Gastron\u00f3mica\",\"url\":\"https:\/\/www.torreviejagastronomica.com\/\",\"logo\":{\"@type\":\"ImageObject\",\"inLanguage\":\"es\",\"@id\":\"https:\/\/www.torreviejagastronomica.com\/#\/schema\/logo\/image\/\",\"url\":\"https:\/\/www.torreviejagastronomica.com\/wp-content\/uploads\/2023\/09\/Logo-Torrevieja-Gastronomica.png\",\"contentUrl\":\"https:\/\/www.torreviejagastronomica.com\/wp-content\/uploads\/2023\/09\/Logo-Torrevieja-Gastronomica.png\",\"width\":350,\"height\":100,\"caption\":\"Torrevieja Gastron\u00f3mica\"},\"image\":{\"@id\":\"https:\/\/www.torreviejagastronomica.com\/#\/schema\/logo\/image\/\"}},{\"@type\":\"Person\",\"@id\":\"https:\/\/www.torreviejagastronomica.com\/#\/schema\/person\/9e0116f808f941d46f9baadf5335f0a9\",\"name\":\"Asociaci\u00f3n de Empresas de Hosteler\u00eda de Torrevieja y Comarca\",\"image\":{\"@type\":\"ImageObject\",\"inLanguage\":\"es\",\"@id\":\"https:\/\/www.torreviejagastronomica.com\/#\/schema\/person\/image\/\",\"url\":\"https:\/\/secure.gravatar.com\/avatar\/32ba6ba6e685fc061412a65c4a8a8b6caaf6d90d0985a737a4015d36e84d2d1f?s=96&d=mm&r=g\",\"contentUrl\":\"https:\/\/secure.gravatar.com\/avatar\/32ba6ba6e685fc061412a65c4a8a8b6caaf6d90d0985a737a4015d36e84d2d1f?s=96&d=mm&r=g\",\"caption\":\"Asociaci\u00f3n de Empresas de Hosteler\u00eda de Torrevieja y Comarca\"},\"url\":\"https:\/\/www.torreviejagastronomica.com\/es\/author\/hosteleria\/\"}]}<\/script>\n<!-- \/ Yoast SEO plugin. -->","yoast_head_json":{"title":"Miss Flamingo y la AEHTC presentan el Programa Gastron\u00f3mico \u201cSabores de Torrevieja\u201d - Torrevieja Gastron\u00f3mica","description":"Miss Flamingo y la AEHTC presentan el programa \u201cSabores de Torrevieja\u201d, una iniciativa para promocionar la gastronom\u00eda local con rutas, men\u00fas y experiencias que impulsan la hosteler\u00eda fuera de temporada.","robots":{"index":"index","follow":"follow","max-snippet":"max-snippet:-1","max-image-preview":"max-image-preview:large","max-video-preview":"max-video-preview:-1"},"canonical":"https:\/\/www.torreviejagastronomica.com\/es\/miss-flamingo-y-la-aehtc-presentan-el-programa-gastronomico-sabores-de-torrevieja\/","og_locale":"es_ES","og_type":"article","og_title":"Miss Flamingo y la AEHTC presentan el Programa Gastron\u00f3mico \u201cSabores de Torrevieja\u201d - Torrevieja Gastron\u00f3mica","og_description":"Miss Flamingo y la AEHTC presentan el programa \u201cSabores de Torrevieja\u201d, una iniciativa para promocionar la gastronom\u00eda local con rutas, men\u00fas y experiencias que impulsan la hosteler\u00eda fuera de temporada.","og_url":"https:\/\/www.torreviejagastronomica.com\/es\/miss-flamingo-y-la-aehtc-presentan-el-programa-gastronomico-sabores-de-torrevieja\/","og_site_name":"Torrevieja Gastron\u00f3mica","article_published_time":"2025-12-02T13:35:16+00:00","article_modified_time":"2025-12-02T16:22:18+00:00","og_image":[{"width":1280,"height":960,"url":"https:\/\/www.torreviejagastronomica.com\/wp-content\/uploads\/2025\/12\/IMAGENES-FIRMA-CONVENIO-AEHTC-MISS-FLAMINGO-en-tamano-grande.jpeg","type":"image\/jpeg"}],"author":"Asociaci\u00f3n de Empresas de Hosteler\u00eda de Torrevieja y Comarca","twitter_card":"summary_large_image","twitter_misc":{"Escrito por":"Asociaci\u00f3n de Empresas de Hosteler\u00eda de Torrevieja y Comarca","Tiempo de lectura":"2 minutos"},"schema":{"@context":"https:\/\/schema.org","@graph":[{"@type":"Article","@id":"https:\/\/www.torreviejagastronomica.com\/miss-flamingo-y-la-aehtc-presentan-el-programa-gastronomico-sabores-de-torrevieja\/#article","isPartOf":{"@id":"https:\/\/www.torreviejagastronomica.com\/miss-flamingo-y-la-aehtc-presentan-el-programa-gastronomico-sabores-de-torrevieja\/"},"author":{"name":"Asociaci\u00f3n de Empresas de Hosteler\u00eda de Torrevieja y Comarca","@id":"https:\/\/www.torreviejagastronomica.com\/#\/schema\/person\/9e0116f808f941d46f9baadf5335f0a9"},"headline":"Miss Flamingo y la AEHTC presentan el Programa Gastron\u00f3mico \u201cSabores de Torrevieja\u201d","datePublished":"2025-12-02T13:35:16+00:00","dateModified":"2025-12-02T16:22:18+00:00","mainEntityOfPage":{"@id":"https:\/\/www.torreviejagastronomica.com\/miss-flamingo-y-la-aehtc-presentan-el-programa-gastronomico-sabores-de-torrevieja\/"},"wordCount":315,"commentCount":0,"publisher":{"@id":"https:\/\/www.torreviejagastronomica.com\/#organization"},"image":{"@id":"https:\/\/www.torreviejagastronomica.com\/miss-flamingo-y-la-aehtc-presentan-el-programa-gastronomico-sabores-de-torrevieja\/#primaryimage"},"thumbnailUrl":"https:\/\/www.torreviejagastronomica.com\/wp-content\/uploads\/2025\/12\/IMAGENES-FIRMA-CONVENIO-AEHTC-MISS-FLAMINGO-en-tamano-grande.jpeg","articleSection":["Noticias"],"inLanguage":"es","potentialAction":[{"@type":"CommentAction","name":"Comment","target":["https:\/\/www.torreviejagastronomica.com\/miss-flamingo-y-la-aehtc-presentan-el-programa-gastronomico-sabores-de-torrevieja\/#respond"]}]},{"@type":"WebPage","@id":"https:\/\/www.torreviejagastronomica.com\/miss-flamingo-y-la-aehtc-presentan-el-programa-gastronomico-sabores-de-torrevieja\/","url":"https:\/\/www.torreviejagastronomica.com\/miss-flamingo-y-la-aehtc-presentan-el-programa-gastronomico-sabores-de-torrevieja\/","name":"Miss Flamingo y la AEHTC presentan el Programa Gastron\u00f3mico \u201cSabores de Torrevieja\u201d - Torrevieja Gastron\u00f3mica","isPartOf":{"@id":"https:\/\/www.torreviejagastronomica.com\/#website"},"primaryImageOfPage":{"@id":"https:\/\/www.torreviejagastronomica.com\/miss-flamingo-y-la-aehtc-presentan-el-programa-gastronomico-sabores-de-torrevieja\/#primaryimage"},"image":{"@id":"https:\/\/www.torreviejagastronomica.com\/miss-flamingo-y-la-aehtc-presentan-el-programa-gastronomico-sabores-de-torrevieja\/#primaryimage"},"thumbnailUrl":"https:\/\/www.torreviejagastronomica.com\/wp-content\/uploads\/2025\/12\/IMAGENES-FIRMA-CONVENIO-AEHTC-MISS-FLAMINGO-en-tamano-grande.jpeg","datePublished":"2025-12-02T13:35:16+00:00","dateModified":"2025-12-02T16:22:18+00:00","description":"Miss Flamingo y la AEHTC presentan el programa \u201cSabores de Torrevieja\u201d, una iniciativa para promocionar la gastronom\u00eda local con rutas, men\u00fas y experiencias que impulsan la hosteler\u00eda fuera de temporada.","breadcrumb":{"@id":"https:\/\/www.torreviejagastronomica.com\/miss-flamingo-y-la-aehtc-presentan-el-programa-gastronomico-sabores-de-torrevieja\/#breadcrumb"},"inLanguage":"es","potentialAction":[{"@type":"ReadAction","target":["https:\/\/www.torreviejagastronomica.com\/miss-flamingo-y-la-aehtc-presentan-el-programa-gastronomico-sabores-de-torrevieja\/"]}]},{"@type":"ImageObject","inLanguage":"es","@id":"https:\/\/www.torreviejagastronomica.com\/miss-flamingo-y-la-aehtc-presentan-el-programa-gastronomico-sabores-de-torrevieja\/#primaryimage","url":"https:\/\/www.torreviejagastronomica.com\/wp-content\/uploads\/2025\/12\/IMAGENES-FIRMA-CONVENIO-AEHTC-MISS-FLAMINGO-en-tamano-grande.jpeg","contentUrl":"https:\/\/www.torreviejagastronomica.com\/wp-content\/uploads\/2025\/12\/IMAGENES-FIRMA-CONVENIO-AEHTC-MISS-FLAMINGO-en-tamano-grande.jpeg","width":1280,"height":960},{"@type":"BreadcrumbList","@id":"https:\/\/www.torreviejagastronomica.com\/miss-flamingo-y-la-aehtc-presentan-el-programa-gastronomico-sabores-de-torrevieja\/#breadcrumb","itemListElement":[{"@type":"ListItem","position":1,"name":"Portada","item":"https:\/\/www.torreviejagastronomica.com\/"},{"@type":"ListItem","position":2,"name":"Miss Flamingo y la AEHTC presentan el Programa Gastron\u00f3mico \u201cSabores de Torrevieja\u201d"}]},{"@type":"WebSite","@id":"https:\/\/www.torreviejagastronomica.com\/#website","url":"https:\/\/www.torreviejagastronomica.com\/","name":"Torrevieja Gastron\u00f3mica","description":"Asociaci\u00f3n Hosteler\u00eda Torrevieja y Comarca","publisher":{"@id":"https:\/\/www.torreviejagastronomica.com\/#organization"},"potentialAction":[{"@type":"SearchAction","target":{"@type":"EntryPoint","urlTemplate":"https:\/\/www.torreviejagastronomica.com\/?s={search_term_string}"},"query-input":{"@type":"PropertyValueSpecification","valueRequired":true,"valueName":"search_term_string"}}],"inLanguage":"es"},{"@type":"Organization","@id":"https:\/\/www.torreviejagastronomica.com\/#organization","name":"Torrevieja Gastron\u00f3mica","url":"https:\/\/www.torreviejagastronomica.com\/","logo":{"@type":"ImageObject","inLanguage":"es","@id":"https:\/\/www.torreviejagastronomica.com\/#\/schema\/logo\/image\/","url":"https:\/\/www.torreviejagastronomica.com\/wp-content\/uploads\/2023\/09\/Logo-Torrevieja-Gastronomica.png","contentUrl":"https:\/\/www.torreviejagastronomica.com\/wp-content\/uploads\/2023\/09\/Logo-Torrevieja-Gastronomica.png","width":350,"height":100,"caption":"Torrevieja Gastron\u00f3mica"},"image":{"@id":"https:\/\/www.torreviejagastronomica.com\/#\/schema\/logo\/image\/"}},{"@type":"Person","@id":"https:\/\/www.torreviejagastronomica.com\/#\/schema\/person\/9e0116f808f941d46f9baadf5335f0a9","name":"Asociaci\u00f3n de Empresas de Hosteler\u00eda de Torrevieja y Comarca","image":{"@type":"ImageObject","inLanguage":"es","@id":"https:\/\/www.torreviejagastronomica.com\/#\/schema\/person\/image\/","url":"https:\/\/secure.gravatar.com\/avatar\/32ba6ba6e685fc061412a65c4a8a8b6caaf6d90d0985a737a4015d36e84d2d1f?s=96&d=mm&r=g","contentUrl":"https:\/\/secure.gravatar.com\/avatar\/32ba6ba6e685fc061412a65c4a8a8b6caaf6d90d0985a737a4015d36e84d2d1f?s=96&d=mm&r=g","caption":"Asociaci\u00f3n de Empresas de Hosteler\u00eda de Torrevieja y Comarca"},"url":"https:\/\/www.torreviejagastronomica.com\/es\/author\/hosteleria\/"}]}},"_links":{"self":[{"href":"https:\/\/www.torreviejagastronomica.com\/es\/wp-json\/wp\/v2\/posts\/7555","targetHints":{"allow":["GET"]}}],"collection":[{"href":"https:\/\/www.torreviejagastronomica.com\/es\/wp-json\/wp\/v2\/posts"}],"about":[{"href":"https:\/\/www.torreviejagastronomica.com\/es\/wp-json\/wp\/v2\/types\/post"}],"author":[{"embeddable":true,"href":"https:\/\/www.torreviejagastronomica.com\/es\/wp-json\/wp\/v2\/users\/4"}],"replies":[{"embeddable":true,"href":"https:\/\/www.torreviejagastronomica.com\/es\/wp-json\/wp\/v2\/comments?post=7555"}],"version-history":[{"count":1,"href":"https:\/\/www.torreviejagastronomica.com\/es\/wp-json\/wp\/v2\/posts\/7555\/revisions"}],"predecessor-version":[{"id":7557,"href":"https:\/\/www.torreviejagastronomica.com\/es\/wp-json\/wp\/v2\/posts\/7555\/revisions\/7557"}],"wp:featuredmedia":[{"embeddable":true,"href":"https:\/\/www.torreviejagastronomica.com\/es\/wp-json\/wp\/v2\/media\/7556"}],"wp:attachment":[{"href":"https:\/\/www.torreviejagastronomica.com\/es\/wp-json\/wp\/v2\/media?parent=7555"}],"wp:term":[{"taxonomy":"category","embeddable":true,"href":"https:\/\/www.torreviejagastronomica.com\/es\/wp-json\/wp\/v2\/categories?post=7555"},{"taxonomy":"post_tag","embeddable":true,"href":"https:\/\/www.torreviejagastronomica.com\/es\/wp-json\/wp\/v2\/tags?post=7555"}],"curies":[{"name":"wp","href":"https:\/\/api.w.org\/{rel}","templated":true}]}}