{"id":7546,"date":"2025-11-18T16:28:27","date_gmt":"2025-11-18T15:28:27","guid":{"rendered":"https:\/\/www.torreviejagastronomica.com\/?p=7546"},"modified":"2025-11-18T17:06:10","modified_gmt":"2025-11-18T16:06:10","slug":"la-asociacion-de-hosteleria-de-torrevieja-anuncia-los-ganadores-del-ii-concurso-nos-vamos-de-tapas","status":"publish","type":"post","link":"https:\/\/www.torreviejagastronomica.com\/es\/la-asociacion-de-hosteleria-de-torrevieja-anuncia-los-ganadores-del-ii-concurso-nos-vamos-de-tapas\/","title":{"rendered":"La Asociaci\u00f3n de Hosteler\u00eda de Torrevieja anuncia los ganadores del II Concurso \u201cNos vamos de tapas\u201d"},"content":{"rendered":"\n<p>Esta ma\u00f1ana, a las 10:00 horas, en el Centro de Turismo (CdT) de Torrevieja, se han anunciado oficialmente los ganadores del <strong>Segundo Concurso \u201cNos vamos de tapas\u201d<\/strong>, organizado por la <strong>Asociaci\u00f3n de Empresas de Hosteler\u00eda de Torrevieja y Comarca<\/strong>.<\/p>\n\n\n\n<p>La lectura de los premiados ha estado a cargo de <strong>Alicia Arenas Mercader<\/strong>, directora del CdT de Torrevieja y secretaria del jurado, tras la apertura del sobre con los resultados oficiales. En el acto se han dado a conocer los ganadores de las categor\u00edas <strong>Mejor Tapa Tradicional<\/strong> y <strong>Mejor Tapa Innovadora<\/strong>.<\/p>\n\n\n\n<p>En la categor\u00eda <strong>Tapa Tradicional<\/strong>, el premio ha sido para el <strong>Restaurante La Mar de Bien<\/strong>, gracias a su exquisita propuesta <strong>Chipirones rellenos de marisco con salsa americana y crujiente de puerro<\/strong>, que ha conquistado al jurado por su sabor y presentaci\u00f3n.<\/p>\n\n\n\n<p><\/p>\n\n\n\n<figure class=\"wp-block-embed is-type-video is-provider-youtube wp-block-embed-youtube wp-embed-aspect-16-9 wp-has-aspect-ratio\"><div class=\"wp-block-embed__wrapper\">\n<iframe title=\"Anuncio de los ganadores del 2\u00ba Concurso de NOS VAMOS DE TAPAS 2025\" width=\"800\" height=\"450\" src=\"https:\/\/www.youtube.com\/embed\/dhANq469vE0?start=9&#038;feature=oembed\" frameborder=\"0\" allow=\"accelerometer; autoplay; clipboard-write; encrypted-media; gyroscope; picture-in-picture; web-share\" referrerpolicy=\"strict-origin-when-cross-origin\" allowfullscreen><\/iframe>\n<\/div><\/figure>\n\n\n\n<p><\/p>\n\n\n\n<p>Por su parte, el ganador de la <strong>Tapa Innovadora<\/strong> fue descalificado por no estar presente en el momento del anuncio, tal y como establecen las bases del certamen. Ante esta circunstancia, el premio de dicha categor\u00eda ha quedado anulado y se reservar\u00e1 para futuras actividades o ediciones del concurso.<\/p>\n\n\n\n<p>Durante el acto tambi\u00e9n se realiz\u00f3 el sorteo entre los establecimientos participantes, resultando ganador del <strong>viaje valorado en 1.000 euros<\/strong> el local <strong>La Cantina Food &amp; Drinks<\/strong>.<\/p>\n\n\n\n<p>La <strong>entrega oficial de premios<\/strong> se celebrar\u00e1 el pr\u00f3ximo <strong>jueves en las Bodegas Vega<\/strong>, donde se reconocer\u00e1 p\u00fablicamente a los galardonados y se brindar\u00e1 por el \u00e9xito de esta segunda edici\u00f3n de \u201cNos vamos de tapas\u201d.<\/p>\n\n\n\n<p>La <strong>Asociaci\u00f3n de Empresas de Hosteler\u00eda de Torrevieja y Comarca<\/strong> agradece la implicaci\u00f3n de todos los participantes y anima a continuar apoyando y disfrutando de la creatividad y sabor de la gastronom\u00eda local en las pr\u00f3ximas ediciones.<\/p>\n\n\n\n<p><strong>Contacto para prensa:<\/strong><br>Asociaci\u00f3n de Empresas de Hosteler\u00eda de Torrevieja y Comarca<br>Tel\u00e9fono: 678 673 494<br>Correo electr\u00f3nico: correo@aehtc.net<\/p>\n\n\n\n<p><strong>Torrevieja, martes 18 de noviembre de 2025.<\/strong><\/p>\n\n\n\n<p><\/p>\n\n\n\n<figure data-wp-context=\"{&quot;imageId&quot;:&quot;69f5c9e1c5a8f&quot;}\" data-wp-interactive=\"core\/image\" class=\"wp-block-image aligncenter size-large wp-lightbox-container\"><img fetchpriority=\"high\" decoding=\"async\" width=\"768\" height=\"1024\" data-wp-class--hide=\"state.isContentHidden\" data-wp-class--show=\"state.isContentVisible\" data-wp-init=\"callbacks.setButtonStyles\" data-wp-on-async--click=\"actions.showLightbox\" data-wp-on-async--load=\"callbacks.setButtonStyles\" data-wp-on-async-window--resize=\"callbacks.setButtonStyles\" src=\"https:\/\/www.torreviejagastronomica.com\/wp-content\/uploads\/2025\/11\/IMG_3849-768x1024.jpeg\" alt=\"\" class=\"wp-image-7551\" srcset=\"https:\/\/www.torreviejagastronomica.com\/wp-content\/uploads\/2025\/11\/IMG_3849-768x1024.jpeg 768w, https:\/\/www.torreviejagastronomica.com\/wp-content\/uploads\/2025\/11\/IMG_3849-225x300.jpeg 225w, https:\/\/www.torreviejagastronomica.com\/wp-content\/uploads\/2025\/11\/IMG_3849-1152x1536.jpeg 1152w, https:\/\/www.torreviejagastronomica.com\/wp-content\/uploads\/2025\/11\/IMG_3849-9x12.jpeg 9w, https:\/\/www.torreviejagastronomica.com\/wp-content\/uploads\/2025\/11\/IMG_3849.jpeg 1536w\" sizes=\"(max-width: 768px) 100vw, 768px\" \/><button\n\t\t\tclass=\"lightbox-trigger\"\n\t\t\ttype=\"button\"\n\t\t\taria-haspopup=\"dialog\"\n\t\t\taria-label=\"Agrandar\"\n\t\t\tdata-wp-init=\"callbacks.initTriggerButton\"\n\t\t\tdata-wp-on-async--click=\"actions.showLightbox\"\n\t\t\tdata-wp-style--right=\"state.imageButtonRight\"\n\t\t\tdata-wp-style--top=\"state.imageButtonTop\"\n\t\t>\n\t\t\t<svg xmlns=\"http:\/\/www.w3.org\/2000\/svg\" width=\"12\" height=\"12\" fill=\"none\" viewBox=\"0 0 12 12\">\n\t\t\t\t<path fill=\"#fff\" d=\"M2 0a2 2 0 0 0-2 2v2h1.5V2a.5.5 0 0 1 .5-.5h2V0H2Zm2 10.5H2a.5.5 0 0 1-.5-.5V8H0v2a2 2 0 0 0 2 2h2v-1.5ZM8 12v-1.5h2a.5.5 0 0 0 .5-.5V8H12v2a2 2 0 0 1-2 2H8Zm2-12a2 2 0 0 1 2 2v2h-1.5V2a.5.5 0 0 0-.5-.5H8V0h2Z\" \/>\n\t\t\t<\/svg>\n\t\t<\/button><\/figure>\n\n\n\n<p><\/p>\n","protected":false},"excerpt":{"rendered":"<p>La entrega oficial de premios se celebrar\u00e1 el pr\u00f3ximo jueves en las Bodegas Vega, donde se reconocer\u00e1 p\u00fablicamente a los galardonados y se brindar\u00e1 por el \u00e9xito de esta segunda edici\u00f3n de \u201cNos vamos de tapas\u201d.<\/p>\n","protected":false},"author":4,"featured_media":7549,"comment_status":"open","ping_status":"open","sticky":false,"template":"","format":"standard","meta":{"footnotes":""},"categories":[7],"tags":[],"class_list":["post-7546","post","type-post","status-publish","format-standard","has-post-thumbnail","hentry","category-noticias"],"yoast_head":"<!-- This site is optimized with the Yoast SEO plugin v25.7 - https:\/\/yoast.com\/wordpress\/plugins\/seo\/ -->\n<title>La Asociaci\u00f3n de Hosteler\u00eda de Torrevieja anuncia los ganadores del II Concurso \u201cNos vamos de tapas\u201d - Torrevieja Gastron\u00f3mica<\/title>\n<meta name=\"description\" content=\"Descubre los ganadores del II Concurso \u201cNos vamos de tapas\u201d organizado por la Asociaci\u00f3n de Hosteler\u00eda de Torrevieja y Comarca. Premios, sorteos y pr\u00f3xima gala en Bodegas Vega.\" \/>\n<meta name=\"robots\" content=\"index, follow, max-snippet:-1, max-image-preview:large, max-video-preview:-1\" \/>\n<link rel=\"canonical\" href=\"https:\/\/www.torreviejagastronomica.com\/es\/la-asociacion-de-hosteleria-de-torrevieja-anuncia-los-ganadores-del-ii-concurso-nos-vamos-de-tapas\/\" \/>\n<meta property=\"og:locale\" content=\"es_ES\" \/>\n<meta property=\"og:type\" content=\"article\" \/>\n<meta property=\"og:title\" content=\"La Asociaci\u00f3n de Hosteler\u00eda de Torrevieja anuncia los ganadores del II Concurso \u201cNos vamos de tapas\u201d - Torrevieja Gastron\u00f3mica\" \/>\n<meta property=\"og:description\" content=\"Descubre los ganadores del II Concurso \u201cNos vamos de tapas\u201d organizado por la Asociaci\u00f3n de Hosteler\u00eda de Torrevieja y Comarca. Premios, sorteos y pr\u00f3xima gala en Bodegas Vega.\" \/>\n<meta property=\"og:url\" content=\"https:\/\/www.torreviejagastronomica.com\/es\/la-asociacion-de-hosteleria-de-torrevieja-anuncia-los-ganadores-del-ii-concurso-nos-vamos-de-tapas\/\" \/>\n<meta property=\"og:site_name\" content=\"Torrevieja Gastron\u00f3mica\" \/>\n<meta property=\"article:published_time\" content=\"2025-11-18T15:28:27+00:00\" \/>\n<meta property=\"article:modified_time\" content=\"2025-11-18T16:06:10+00:00\" \/>\n<meta name=\"author\" content=\"Asociaci\u00f3n de Empresas de Hosteler\u00eda de Torrevieja y Comarca\" \/>\n<meta name=\"twitter:card\" content=\"summary_large_image\" \/>\n<meta name=\"twitter:label1\" content=\"Escrito por\" \/>\n\t<meta name=\"twitter:data1\" content=\"Asociaci\u00f3n de Empresas de Hosteler\u00eda de Torrevieja y Comarca\" \/>\n\t<meta name=\"twitter:label2\" content=\"Tiempo de lectura\" \/>\n\t<meta name=\"twitter:data2\" content=\"2 minutos\" \/>\n<script type=\"application\/ld+json\" class=\"yoast-schema-graph\">{\"@context\":\"https:\/\/schema.org\",\"@graph\":[{\"@type\":\"Article\",\"@id\":\"https:\/\/www.torreviejagastronomica.com\/la-asociacion-de-hosteleria-de-torrevieja-anuncia-los-ganadores-del-ii-concurso-nos-vamos-de-tapas\/#article\",\"isPartOf\":{\"@id\":\"https:\/\/www.torreviejagastronomica.com\/la-asociacion-de-hosteleria-de-torrevieja-anuncia-los-ganadores-del-ii-concurso-nos-vamos-de-tapas\/\"},\"author\":{\"name\":\"Asociaci\u00f3n de Empresas de Hosteler\u00eda de Torrevieja y Comarca\",\"@id\":\"https:\/\/www.torreviejagastronomica.com\/#\/schema\/person\/9e0116f808f941d46f9baadf5335f0a9\"},\"headline\":\"La Asociaci\u00f3n de Hosteler\u00eda de Torrevieja anuncia los ganadores del II Concurso \u201cNos vamos de tapas\u201d\",\"datePublished\":\"2025-11-18T15:28:27+00:00\",\"dateModified\":\"2025-11-18T16:06:10+00:00\",\"mainEntityOfPage\":{\"@id\":\"https:\/\/www.torreviejagastronomica.com\/la-asociacion-de-hosteleria-de-torrevieja-anuncia-los-ganadores-del-ii-concurso-nos-vamos-de-tapas\/\"},\"wordCount\":350,\"commentCount\":0,\"publisher\":{\"@id\":\"https:\/\/www.torreviejagastronomica.com\/#organization\"},\"image\":{\"@id\":\"https:\/\/www.torreviejagastronomica.com\/la-asociacion-de-hosteleria-de-torrevieja-anuncia-los-ganadores-del-ii-concurso-nos-vamos-de-tapas\/#primaryimage\"},\"thumbnailUrl\":\"https:\/\/www.torreviejagastronomica.com\/wp-content\/uploads\/2025\/11\/FullSizeRender-scaled.jpg\",\"articleSection\":[\"Noticias\"],\"inLanguage\":\"es\",\"potentialAction\":[{\"@type\":\"CommentAction\",\"name\":\"Comment\",\"target\":[\"https:\/\/www.torreviejagastronomica.com\/la-asociacion-de-hosteleria-de-torrevieja-anuncia-los-ganadores-del-ii-concurso-nos-vamos-de-tapas\/#respond\"]}]},{\"@type\":\"WebPage\",\"@id\":\"https:\/\/www.torreviejagastronomica.com\/la-asociacion-de-hosteleria-de-torrevieja-anuncia-los-ganadores-del-ii-concurso-nos-vamos-de-tapas\/\",\"url\":\"https:\/\/www.torreviejagastronomica.com\/la-asociacion-de-hosteleria-de-torrevieja-anuncia-los-ganadores-del-ii-concurso-nos-vamos-de-tapas\/\",\"name\":\"La Asociaci\u00f3n de Hosteler\u00eda de Torrevieja anuncia los ganadores del II Concurso \u201cNos vamos de tapas\u201d - Torrevieja Gastron\u00f3mica\",\"isPartOf\":{\"@id\":\"https:\/\/www.torreviejagastronomica.com\/#website\"},\"primaryImageOfPage\":{\"@id\":\"https:\/\/www.torreviejagastronomica.com\/la-asociacion-de-hosteleria-de-torrevieja-anuncia-los-ganadores-del-ii-concurso-nos-vamos-de-tapas\/#primaryimage\"},\"image\":{\"@id\":\"https:\/\/www.torreviejagastronomica.com\/la-asociacion-de-hosteleria-de-torrevieja-anuncia-los-ganadores-del-ii-concurso-nos-vamos-de-tapas\/#primaryimage\"},\"thumbnailUrl\":\"https:\/\/www.torreviejagastronomica.com\/wp-content\/uploads\/2025\/11\/FullSizeRender-scaled.jpg\",\"datePublished\":\"2025-11-18T15:28:27+00:00\",\"dateModified\":\"2025-11-18T16:06:10+00:00\",\"description\":\"Descubre los ganadores del II Concurso \u201cNos vamos de tapas\u201d organizado por la Asociaci\u00f3n de Hosteler\u00eda de Torrevieja y Comarca. Premios, sorteos y pr\u00f3xima gala en Bodegas Vega.\",\"breadcrumb\":{\"@id\":\"https:\/\/www.torreviejagastronomica.com\/la-asociacion-de-hosteleria-de-torrevieja-anuncia-los-ganadores-del-ii-concurso-nos-vamos-de-tapas\/#breadcrumb\"},\"inLanguage\":\"es\",\"potentialAction\":[{\"@type\":\"ReadAction\",\"target\":[\"https:\/\/www.torreviejagastronomica.com\/la-asociacion-de-hosteleria-de-torrevieja-anuncia-los-ganadores-del-ii-concurso-nos-vamos-de-tapas\/\"]}]},{\"@type\":\"ImageObject\",\"inLanguage\":\"es\",\"@id\":\"https:\/\/www.torreviejagastronomica.com\/la-asociacion-de-hosteleria-de-torrevieja-anuncia-los-ganadores-del-ii-concurso-nos-vamos-de-tapas\/#primaryimage\",\"url\":\"https:\/\/www.torreviejagastronomica.com\/wp-content\/uploads\/2025\/11\/FullSizeRender-scaled.jpg\",\"contentUrl\":\"https:\/\/www.torreviejagastronomica.com\/wp-content\/uploads\/2025\/11\/FullSizeRender-scaled.jpg\",\"width\":2560,\"height\":1920},{\"@type\":\"BreadcrumbList\",\"@id\":\"https:\/\/www.torreviejagastronomica.com\/la-asociacion-de-hosteleria-de-torrevieja-anuncia-los-ganadores-del-ii-concurso-nos-vamos-de-tapas\/#breadcrumb\",\"itemListElement\":[{\"@type\":\"ListItem\",\"position\":1,\"name\":\"Portada\",\"item\":\"https:\/\/www.torreviejagastronomica.com\/\"},{\"@type\":\"ListItem\",\"position\":2,\"name\":\"La Asociaci\u00f3n de Hosteler\u00eda de Torrevieja anuncia los ganadores del II Concurso \u201cNos vamos de tapas\u201d\"}]},{\"@type\":\"WebSite\",\"@id\":\"https:\/\/www.torreviejagastronomica.com\/#website\",\"url\":\"https:\/\/www.torreviejagastronomica.com\/\",\"name\":\"Torrevieja Gastron\u00f3mica\",\"description\":\"Asociaci\u00f3n Hosteler\u00eda Torrevieja y Comarca\",\"publisher\":{\"@id\":\"https:\/\/www.torreviejagastronomica.com\/#organization\"},\"potentialAction\":[{\"@type\":\"SearchAction\",\"target\":{\"@type\":\"EntryPoint\",\"urlTemplate\":\"https:\/\/www.torreviejagastronomica.com\/?s={search_term_string}\"},\"query-input\":{\"@type\":\"PropertyValueSpecification\",\"valueRequired\":true,\"valueName\":\"search_term_string\"}}],\"inLanguage\":\"es\"},{\"@type\":\"Organization\",\"@id\":\"https:\/\/www.torreviejagastronomica.com\/#organization\",\"name\":\"Torrevieja Gastron\u00f3mica\",\"url\":\"https:\/\/www.torreviejagastronomica.com\/\",\"logo\":{\"@type\":\"ImageObject\",\"inLanguage\":\"es\",\"@id\":\"https:\/\/www.torreviejagastronomica.com\/#\/schema\/logo\/image\/\",\"url\":\"https:\/\/www.torreviejagastronomica.com\/wp-content\/uploads\/2023\/09\/Logo-Torrevieja-Gastronomica.png\",\"contentUrl\":\"https:\/\/www.torreviejagastronomica.com\/wp-content\/uploads\/2023\/09\/Logo-Torrevieja-Gastronomica.png\",\"width\":350,\"height\":100,\"caption\":\"Torrevieja Gastron\u00f3mica\"},\"image\":{\"@id\":\"https:\/\/www.torreviejagastronomica.com\/#\/schema\/logo\/image\/\"}},{\"@type\":\"Person\",\"@id\":\"https:\/\/www.torreviejagastronomica.com\/#\/schema\/person\/9e0116f808f941d46f9baadf5335f0a9\",\"name\":\"Asociaci\u00f3n de Empresas de Hosteler\u00eda de Torrevieja y Comarca\",\"image\":{\"@type\":\"ImageObject\",\"inLanguage\":\"es\",\"@id\":\"https:\/\/www.torreviejagastronomica.com\/#\/schema\/person\/image\/\",\"url\":\"https:\/\/secure.gravatar.com\/avatar\/32ba6ba6e685fc061412a65c4a8a8b6caaf6d90d0985a737a4015d36e84d2d1f?s=96&d=mm&r=g\",\"contentUrl\":\"https:\/\/secure.gravatar.com\/avatar\/32ba6ba6e685fc061412a65c4a8a8b6caaf6d90d0985a737a4015d36e84d2d1f?s=96&d=mm&r=g\",\"caption\":\"Asociaci\u00f3n de Empresas de Hosteler\u00eda de Torrevieja y Comarca\"},\"url\":\"https:\/\/www.torreviejagastronomica.com\/es\/author\/hosteleria\/\"}]}<\/script>\n<!-- \/ Yoast SEO plugin. -->","yoast_head_json":{"title":"La Asociaci\u00f3n de Hosteler\u00eda de Torrevieja anuncia los ganadores del II Concurso \u201cNos vamos de tapas\u201d - Torrevieja Gastron\u00f3mica","description":"Descubre los ganadores del II Concurso \u201cNos vamos de tapas\u201d organizado por la Asociaci\u00f3n de Hosteler\u00eda de Torrevieja y Comarca. Premios, sorteos y pr\u00f3xima gala en Bodegas Vega.","robots":{"index":"index","follow":"follow","max-snippet":"max-snippet:-1","max-image-preview":"max-image-preview:large","max-video-preview":"max-video-preview:-1"},"canonical":"https:\/\/www.torreviejagastronomica.com\/es\/la-asociacion-de-hosteleria-de-torrevieja-anuncia-los-ganadores-del-ii-concurso-nos-vamos-de-tapas\/","og_locale":"es_ES","og_type":"article","og_title":"La Asociaci\u00f3n de Hosteler\u00eda de Torrevieja anuncia los ganadores del II Concurso \u201cNos vamos de tapas\u201d - Torrevieja Gastron\u00f3mica","og_description":"Descubre los ganadores del II Concurso \u201cNos vamos de tapas\u201d organizado por la Asociaci\u00f3n de Hosteler\u00eda de Torrevieja y Comarca. Premios, sorteos y pr\u00f3xima gala en Bodegas Vega.","og_url":"https:\/\/www.torreviejagastronomica.com\/es\/la-asociacion-de-hosteleria-de-torrevieja-anuncia-los-ganadores-del-ii-concurso-nos-vamos-de-tapas\/","og_site_name":"Torrevieja Gastron\u00f3mica","article_published_time":"2025-11-18T15:28:27+00:00","article_modified_time":"2025-11-18T16:06:10+00:00","author":"Asociaci\u00f3n de Empresas de Hosteler\u00eda de Torrevieja y Comarca","twitter_card":"summary_large_image","twitter_misc":{"Escrito por":"Asociaci\u00f3n de Empresas de Hosteler\u00eda de Torrevieja y Comarca","Tiempo de lectura":"2 minutos"},"schema":{"@context":"https:\/\/schema.org","@graph":[{"@type":"Article","@id":"https:\/\/www.torreviejagastronomica.com\/la-asociacion-de-hosteleria-de-torrevieja-anuncia-los-ganadores-del-ii-concurso-nos-vamos-de-tapas\/#article","isPartOf":{"@id":"https:\/\/www.torreviejagastronomica.com\/la-asociacion-de-hosteleria-de-torrevieja-anuncia-los-ganadores-del-ii-concurso-nos-vamos-de-tapas\/"},"author":{"name":"Asociaci\u00f3n de Empresas de Hosteler\u00eda de Torrevieja y Comarca","@id":"https:\/\/www.torreviejagastronomica.com\/#\/schema\/person\/9e0116f808f941d46f9baadf5335f0a9"},"headline":"La Asociaci\u00f3n de Hosteler\u00eda de Torrevieja anuncia los ganadores del II Concurso \u201cNos vamos de tapas\u201d","datePublished":"2025-11-18T15:28:27+00:00","dateModified":"2025-11-18T16:06:10+00:00","mainEntityOfPage":{"@id":"https:\/\/www.torreviejagastronomica.com\/la-asociacion-de-hosteleria-de-torrevieja-anuncia-los-ganadores-del-ii-concurso-nos-vamos-de-tapas\/"},"wordCount":350,"commentCount":0,"publisher":{"@id":"https:\/\/www.torreviejagastronomica.com\/#organization"},"image":{"@id":"https:\/\/www.torreviejagastronomica.com\/la-asociacion-de-hosteleria-de-torrevieja-anuncia-los-ganadores-del-ii-concurso-nos-vamos-de-tapas\/#primaryimage"},"thumbnailUrl":"https:\/\/www.torreviejagastronomica.com\/wp-content\/uploads\/2025\/11\/FullSizeRender-scaled.jpg","articleSection":["Noticias"],"inLanguage":"es","potentialAction":[{"@type":"CommentAction","name":"Comment","target":["https:\/\/www.torreviejagastronomica.com\/la-asociacion-de-hosteleria-de-torrevieja-anuncia-los-ganadores-del-ii-concurso-nos-vamos-de-tapas\/#respond"]}]},{"@type":"WebPage","@id":"https:\/\/www.torreviejagastronomica.com\/la-asociacion-de-hosteleria-de-torrevieja-anuncia-los-ganadores-del-ii-concurso-nos-vamos-de-tapas\/","url":"https:\/\/www.torreviejagastronomica.com\/la-asociacion-de-hosteleria-de-torrevieja-anuncia-los-ganadores-del-ii-concurso-nos-vamos-de-tapas\/","name":"La Asociaci\u00f3n de Hosteler\u00eda de Torrevieja anuncia los ganadores del II Concurso \u201cNos vamos de tapas\u201d - Torrevieja Gastron\u00f3mica","isPartOf":{"@id":"https:\/\/www.torreviejagastronomica.com\/#website"},"primaryImageOfPage":{"@id":"https:\/\/www.torreviejagastronomica.com\/la-asociacion-de-hosteleria-de-torrevieja-anuncia-los-ganadores-del-ii-concurso-nos-vamos-de-tapas\/#primaryimage"},"image":{"@id":"https:\/\/www.torreviejagastronomica.com\/la-asociacion-de-hosteleria-de-torrevieja-anuncia-los-ganadores-del-ii-concurso-nos-vamos-de-tapas\/#primaryimage"},"thumbnailUrl":"https:\/\/www.torreviejagastronomica.com\/wp-content\/uploads\/2025\/11\/FullSizeRender-scaled.jpg","datePublished":"2025-11-18T15:28:27+00:00","dateModified":"2025-11-18T16:06:10+00:00","description":"Descubre los ganadores del II Concurso \u201cNos vamos de tapas\u201d organizado por la Asociaci\u00f3n de Hosteler\u00eda de Torrevieja y Comarca. Premios, sorteos y pr\u00f3xima gala en Bodegas Vega.","breadcrumb":{"@id":"https:\/\/www.torreviejagastronomica.com\/la-asociacion-de-hosteleria-de-torrevieja-anuncia-los-ganadores-del-ii-concurso-nos-vamos-de-tapas\/#breadcrumb"},"inLanguage":"es","potentialAction":[{"@type":"ReadAction","target":["https:\/\/www.torreviejagastronomica.com\/la-asociacion-de-hosteleria-de-torrevieja-anuncia-los-ganadores-del-ii-concurso-nos-vamos-de-tapas\/"]}]},{"@type":"ImageObject","inLanguage":"es","@id":"https:\/\/www.torreviejagastronomica.com\/la-asociacion-de-hosteleria-de-torrevieja-anuncia-los-ganadores-del-ii-concurso-nos-vamos-de-tapas\/#primaryimage","url":"https:\/\/www.torreviejagastronomica.com\/wp-content\/uploads\/2025\/11\/FullSizeRender-scaled.jpg","contentUrl":"https:\/\/www.torreviejagastronomica.com\/wp-content\/uploads\/2025\/11\/FullSizeRender-scaled.jpg","width":2560,"height":1920},{"@type":"BreadcrumbList","@id":"https:\/\/www.torreviejagastronomica.com\/la-asociacion-de-hosteleria-de-torrevieja-anuncia-los-ganadores-del-ii-concurso-nos-vamos-de-tapas\/#breadcrumb","itemListElement":[{"@type":"ListItem","position":1,"name":"Portada","item":"https:\/\/www.torreviejagastronomica.com\/"},{"@type":"ListItem","position":2,"name":"La Asociaci\u00f3n de Hosteler\u00eda de Torrevieja anuncia los ganadores del II Concurso \u201cNos vamos de tapas\u201d"}]},{"@type":"WebSite","@id":"https:\/\/www.torreviejagastronomica.com\/#website","url":"https:\/\/www.torreviejagastronomica.com\/","name":"Torrevieja Gastron\u00f3mica","description":"Asociaci\u00f3n Hosteler\u00eda Torrevieja y Comarca","publisher":{"@id":"https:\/\/www.torreviejagastronomica.com\/#organization"},"potentialAction":[{"@type":"SearchAction","target":{"@type":"EntryPoint","urlTemplate":"https:\/\/www.torreviejagastronomica.com\/?s={search_term_string}"},"query-input":{"@type":"PropertyValueSpecification","valueRequired":true,"valueName":"search_term_string"}}],"inLanguage":"es"},{"@type":"Organization","@id":"https:\/\/www.torreviejagastronomica.com\/#organization","name":"Torrevieja Gastron\u00f3mica","url":"https:\/\/www.torreviejagastronomica.com\/","logo":{"@type":"ImageObject","inLanguage":"es","@id":"https:\/\/www.torreviejagastronomica.com\/#\/schema\/logo\/image\/","url":"https:\/\/www.torreviejagastronomica.com\/wp-content\/uploads\/2023\/09\/Logo-Torrevieja-Gastronomica.png","contentUrl":"https:\/\/www.torreviejagastronomica.com\/wp-content\/uploads\/2023\/09\/Logo-Torrevieja-Gastronomica.png","width":350,"height":100,"caption":"Torrevieja Gastron\u00f3mica"},"image":{"@id":"https:\/\/www.torreviejagastronomica.com\/#\/schema\/logo\/image\/"}},{"@type":"Person","@id":"https:\/\/www.torreviejagastronomica.com\/#\/schema\/person\/9e0116f808f941d46f9baadf5335f0a9","name":"Asociaci\u00f3n de Empresas de Hosteler\u00eda de Torrevieja y Comarca","image":{"@type":"ImageObject","inLanguage":"es","@id":"https:\/\/www.torreviejagastronomica.com\/#\/schema\/person\/image\/","url":"https:\/\/secure.gravatar.com\/avatar\/32ba6ba6e685fc061412a65c4a8a8b6caaf6d90d0985a737a4015d36e84d2d1f?s=96&d=mm&r=g","contentUrl":"https:\/\/secure.gravatar.com\/avatar\/32ba6ba6e685fc061412a65c4a8a8b6caaf6d90d0985a737a4015d36e84d2d1f?s=96&d=mm&r=g","caption":"Asociaci\u00f3n de Empresas de Hosteler\u00eda de Torrevieja y Comarca"},"url":"https:\/\/www.torreviejagastronomica.com\/es\/author\/hosteleria\/"}]}},"_links":{"self":[{"href":"https:\/\/www.torreviejagastronomica.com\/es\/wp-json\/wp\/v2\/posts\/7546","targetHints":{"allow":["GET"]}}],"collection":[{"href":"https:\/\/www.torreviejagastronomica.com\/es\/wp-json\/wp\/v2\/posts"}],"about":[{"href":"https:\/\/www.torreviejagastronomica.com\/es\/wp-json\/wp\/v2\/types\/post"}],"author":[{"embeddable":true,"href":"https:\/\/www.torreviejagastronomica.com\/es\/wp-json\/wp\/v2\/users\/4"}],"replies":[{"embeddable":true,"href":"https:\/\/www.torreviejagastronomica.com\/es\/wp-json\/wp\/v2\/comments?post=7546"}],"version-history":[{"count":4,"href":"https:\/\/www.torreviejagastronomica.com\/es\/wp-json\/wp\/v2\/posts\/7546\/revisions"}],"predecessor-version":[{"id":7554,"href":"https:\/\/www.torreviejagastronomica.com\/es\/wp-json\/wp\/v2\/posts\/7546\/revisions\/7554"}],"wp:featuredmedia":[{"embeddable":true,"href":"https:\/\/www.torreviejagastronomica.com\/es\/wp-json\/wp\/v2\/media\/7549"}],"wp:attachment":[{"href":"https:\/\/www.torreviejagastronomica.com\/es\/wp-json\/wp\/v2\/media?parent=7546"}],"wp:term":[{"taxonomy":"category","embeddable":true,"href":"https:\/\/www.torreviejagastronomica.com\/es\/wp-json\/wp\/v2\/categories?post=7546"},{"taxonomy":"post_tag","embeddable":true,"href":"https:\/\/www.torreviejagastronomica.com\/es\/wp-json\/wp\/v2\/tags?post=7546"}],"curies":[{"name":"wp","href":"https:\/\/api.w.org\/{rel}","templated":true}]}}