{"id":7536,"date":"2025-11-12T18:12:09","date_gmt":"2025-11-12T17:12:09","guid":{"rendered":"https:\/\/www.torreviejagastronomica.com\/?p=7536"},"modified":"2025-11-12T18:12:11","modified_gmt":"2025-11-12T17:12:11","slug":"instrucciones-para-dar-de-alta-tu-establecimiento-para-campana-bono-consumo-torrevieja","status":"publish","type":"post","link":"https:\/\/www.torreviejagastronomica.com\/es\/instrucciones-para-dar-de-alta-tu-establecimiento-para-campana-bono-consumo-torrevieja\/","title":{"rendered":"Instrucciones para dar de alta tu establecimiento para campa\u00f1a Bono Consumo Torrevieja"},"content":{"rendered":"\n<p>Os informamos de que, del&nbsp;<strong>24 de noviembre al 31 de diciembre<\/strong>, se llevar\u00e1 a cabo una&nbsp;<strong>nueva edici\u00f3n de la campa\u00f1a Bono Consumo Torrevieja<\/strong>.<\/p>\n\n\n\n<p>A continuaci\u00f3n, os detallamos las&nbsp;<strong>instrucciones y requisitos<\/strong>&nbsp;que deb\u00e9is tener en cuenta para participar en esta nueva convocatoria.<\/p>\n\n\n\n<p><strong>\u00bfC\u00f3mo me doy de alta?<\/strong><\/p>\n\n\n\n<p>Entra en la web&nbsp;<a href=\"https:\/\/torrevieja.bonoconsumo.es\/#\/es\/altas\" target=\"_blank\" rel=\"noreferrer noopener\">https:\/\/torrevieja.bonoconsumo.es\/#\/es\/altas<\/a>&nbsp;a<strong>&nbsp;desde hoy mi\u00e9rcoles 12 de noviembr.<\/strong>&nbsp;<\/p>\n\n\n\n<p><strong>\u00bfQu\u00e9 documentaci\u00f3n debo aportar?<\/strong><\/p>\n\n\n\n<p>Adem\u00e1s de los datos corrientes: nombre comercial, raz\u00f3n social, CIF, etc. Tendr\u00e1s que adjuntar 3 archivos.<\/p>\n\n\n\n<p>1. Imagen del establecimiento.<\/p>\n\n\n\n<p>2. Certificado de titularidad bancaria de la cuenta donde quieras que te hagamos las liquidaciones<\/p>\n\n\n\n<p>3. Certificado IAE con el ep\u00edgrafe de la actividad en la que tu establecimiento est\u00e1 dado de alta y tiene autorizado participar. Sirve un certificado de la AEAT o bien un modelo 036 con el IAE en cuesti\u00f3n.&nbsp;<strong>Se ruega enviar el documento completo y no hojas sueltas.<\/strong><\/p>\n\n\n\n<p><strong>Mi IAE no aparece en la lista<\/strong><\/p>\n\n\n\n<p>Revisa que tu IAE figure en los ep\u00edgrafes admitidos:&nbsp;<a href=\"https:\/\/torrevieja.bonoconsumo.es\/pdf\/iae.pdf\" target=\"_blank\" rel=\"noreferrer noopener\">https:\/\/torrevieja.bonoconsumo.es\/pdf\/iae.pdf<\/a><\/p>\n\n\n\n<p><strong>Ya me he registrado \u00bfTengo que hacer algo m\u00e1s?<\/strong><\/p>\n\n\n\n<p>Revisar\u00e1n tu solicitud y si los datos son correctos te llegar\u00e1 un correo electr\u00f3nico con tus credenciales para iniciar sesi\u00f3n. Si hubiese algo que subsanar te contactar\u00e1n y te indicar\u00e1n c\u00f3mo proceder. Si tu establecimiento no cumpliese las condiciones de participaci\u00f3n recibir\u00e1s un correo informando de que no se te ha autorizado a participar en la campa\u00f1a.<\/p>\n\n\n\n<p><strong>Ya he recibido mis credenciales \u00bfQu\u00e9 debo hacer?<\/strong><\/p>\n\n\n\n<p>Una vez hayan validado tu participaci\u00f3n y hayas recibido tus credenciales podr\u00e1s iniciar sesi\u00f3n desde&nbsp;<a href=\"https:\/\/torrevieja.bonoconsumo.es\/#\/es\/admin\" target=\"_blank\" rel=\"noreferrer noopener\">https:\/\/torrevieja.bonoconsumo.es\/#\/es\/admin<\/a><\/p>\n\n\n\n<p><strong>Si ya has participado en anteriores ediciones, es fundamental que elimines cookies y datos de navegaci\u00f3n en tu navegador web antes de nada (explicaci\u00f3n al final).<\/strong>&nbsp;Si aparece un mensaje de error \u00abAgente no dado de alta\u00bb, porque seguramente tienes guardadas las credenciales de la campa\u00f1a anterior y te est\u00e1 intentando logear con ellas. Si no sabes hacerlo busca asistencia con alg\u00fan t\u00e9cnico inform\u00e1tico. Es un procedimiento r\u00e1pido y que no te va a llevar m\u00e1s de 1 minuto.<\/p>\n\n\n\n<p>Por \u00faltimo, deber\u00e1s introducir los 4 campos que has recibido por correo electr\u00f3nico en el formulario de inicio de sesi\u00f3n<\/p>\n\n\n\n<p>\u00b7&nbsp;&nbsp;Canal<\/p>\n\n\n\n<p>\u00b7&nbsp;&nbsp;Terminal<\/p>\n\n\n\n<p>\u00b7&nbsp;&nbsp;Usuario<\/p>\n\n\n\n<p>\u00b7&nbsp;&nbsp;Clave<\/p>\n\n\n\n<figure class=\"wp-block-image size-full\"><img fetchpriority=\"high\" decoding=\"async\" width=\"519\" height=\"410\" src=\"https:\/\/www.torreviejagastronomica.com\/wp-content\/uploads\/2025\/11\/image006.png\" alt=\"\" class=\"wp-image-7537\" srcset=\"https:\/\/www.torreviejagastronomica.com\/wp-content\/uploads\/2025\/11\/image006.png 519w, https:\/\/www.torreviejagastronomica.com\/wp-content\/uploads\/2025\/11\/image006-300x237.png 300w, https:\/\/www.torreviejagastronomica.com\/wp-content\/uploads\/2025\/11\/image006-15x12.png 15w\" sizes=\"(max-width: 519px) 100vw, 519px\" \/><\/figure>\n\n\n\n<p>Es recomendable usar la opci\u00f3n copiar y pegar de tu dispositivo para recoger los datos que has recibido en el email con tus credenciales y as\u00ed asegurarte al 100% de que los datos que metes en el formulario son los correctos. Si metes alg\u00fan dato mal, aparecer\u00e1 el error \u00ab026 los datos introducidos no son correctos\u00bb y, tras varios intentos fallidos, un bloqueo de una hora con otro c\u00f3digo de error. El 761.<\/p>\n\n\n\n<figure class=\"wp-block-image size-full\"><img decoding=\"async\" width=\"519\" height=\"422\" src=\"https:\/\/www.torreviejagastronomica.com\/wp-content\/uploads\/2025\/11\/image007.png\" alt=\"\" class=\"wp-image-7538\" srcset=\"https:\/\/www.torreviejagastronomica.com\/wp-content\/uploads\/2025\/11\/image007.png 519w, https:\/\/www.torreviejagastronomica.com\/wp-content\/uploads\/2025\/11\/image007-300x244.png 300w, https:\/\/www.torreviejagastronomica.com\/wp-content\/uploads\/2025\/11\/image007-15x12.png 15w\" sizes=\"(max-width: 519px) 100vw, 519px\" \/><\/figure>\n\n\n\n<p>Recuerda que si tienes alguna duda puedes contactar a:<\/p>\n\n\n\n<p><a href=\"mailto:soporte@bonoconsumo.net\" target=\"_blank\" rel=\"noreferrer noopener\">soporte@bonoconsumo.net<\/a><\/p>\n\n\n\n<p><a href=\"mailto:soporte.apymeco@gmail.com\" target=\"_blank\" rel=\"noreferrer noopener\">soporte.apymeco@gmail.com<\/a><\/p>\n\n\n\n<p><strong>\u00a1Te animamos a participar en esta nueva edici\u00f3n de Bono Consumo!<\/strong><\/p>\n\n\n\n<p><strong>Instrucciones para eliminar las<\/strong>cookies&nbsp;<strong><u>Google Chrome<\/u><\/strong>:<\/p>\n\n\n\n<p><strong>PASO 1:<\/strong>&nbsp;Abre el siguiente enlace:&nbsp;<a href=\"chrome:\/\/settings\/clearBrowserData\">chrome:\/\/settings\/clearBrowserData<\/a><\/p>\n\n\n\n<p><strong>PASO 2:\u00a0<\/strong>Marca \u00abDesde siempre\u00bb<\/p>\n\n\n\n<p><br><\/p>\n\n\n\n<figure class=\"wp-block-image size-full\"><img decoding=\"async\" width=\"542\" height=\"213\" src=\"https:\/\/www.torreviejagastronomica.com\/wp-content\/uploads\/2025\/11\/image008.jpg\" alt=\"\" class=\"wp-image-7539\" srcset=\"https:\/\/www.torreviejagastronomica.com\/wp-content\/uploads\/2025\/11\/image008.jpg 542w, https:\/\/www.torreviejagastronomica.com\/wp-content\/uploads\/2025\/11\/image008-300x118.jpg 300w, https:\/\/www.torreviejagastronomica.com\/wp-content\/uploads\/2025\/11\/image008-18x7.jpg 18w\" sizes=\"(max-width: 542px) 100vw, 542px\" \/><\/figure>\n\n\n\n<p><strong>PASO 3:<\/strong>\u00a0Selecciona s\u00f3lo \u00abCookies y otros datos de sitios\u00bb\u00a0+ \u00abConfiguraci\u00f3n de sitios\u00bb. El resto de opciones d\u00e9jalas desmarcadas<\/p>\n\n\n\n<figure class=\"wp-block-image size-full\"><img loading=\"lazy\" decoding=\"async\" width=\"542\" height=\"430\" src=\"https:\/\/www.torreviejagastronomica.com\/wp-content\/uploads\/2025\/11\/image009.jpg\" alt=\"\" class=\"wp-image-7540\" srcset=\"https:\/\/www.torreviejagastronomica.com\/wp-content\/uploads\/2025\/11\/image009.jpg 542w, https:\/\/www.torreviejagastronomica.com\/wp-content\/uploads\/2025\/11\/image009-300x238.jpg 300w, https:\/\/www.torreviejagastronomica.com\/wp-content\/uploads\/2025\/11\/image009-15x12.jpg 15w\" sizes=\"(max-width: 542px) 100vw, 542px\" \/><\/figure>\n\n\n\n<p><strong>PASO 4:\u00a0<\/strong>Pulsar en \u00abEliminar datos\u00bb<\/p>\n\n\n\n<figure class=\"wp-block-image size-full\"><img loading=\"lazy\" decoding=\"async\" width=\"475\" height=\"542\" src=\"https:\/\/www.torreviejagastronomica.com\/wp-content\/uploads\/2025\/11\/image010.jpg\" alt=\"\" class=\"wp-image-7541\" srcset=\"https:\/\/www.torreviejagastronomica.com\/wp-content\/uploads\/2025\/11\/image010.jpg 475w, https:\/\/www.torreviejagastronomica.com\/wp-content\/uploads\/2025\/11\/image010-263x300.jpg 263w, https:\/\/www.torreviejagastronomica.com\/wp-content\/uploads\/2025\/11\/image010-11x12.jpg 11w\" sizes=\"(max-width: 475px) 100vw, 475px\" \/><\/figure>\n\n\n\n<p>Ahora, cuando accedas al formulario de inicio de sesi\u00f3n para establecimientos ya deber\u00eda salir el formulario con los 4 campos listo para introducir&nbsp; datos:<\/p>\n\n\n\n<p><a href=\"https:\/\/torrevieja.bonoconsumo.es\/#\/es\/admin\">https:\/\/torrevieja.bonoconsumo.es\/#\/es\/admin<\/a><\/p>\n\n\n\n<figure class=\"wp-block-image size-full\"><img loading=\"lazy\" decoding=\"async\" width=\"542\" height=\"145\" src=\"https:\/\/www.torreviejagastronomica.com\/wp-content\/uploads\/2025\/11\/image011.jpg\" alt=\"\" class=\"wp-image-7542\" srcset=\"https:\/\/www.torreviejagastronomica.com\/wp-content\/uploads\/2025\/11\/image011.jpg 542w, https:\/\/www.torreviejagastronomica.com\/wp-content\/uploads\/2025\/11\/image011-300x80.jpg 300w, https:\/\/www.torreviejagastronomica.com\/wp-content\/uploads\/2025\/11\/image011-18x5.jpg 18w\" sizes=\"(max-width: 542px) 100vw, 542px\" \/><\/figure>\n\n\n\n<p><\/p>\n","protected":false},"excerpt":{"rendered":"<p>24 de noviembre al 31 de diciembre, se llevar\u00e1 a cabo una\u00a0nueva edici\u00f3n de la campa\u00f1a Bono Consumo Torrevieja.<\/p>\n","protected":false},"author":4,"featured_media":7543,"comment_status":"open","ping_status":"open","sticky":false,"template":"","format":"standard","meta":{"footnotes":""},"categories":[7],"tags":[],"class_list":["post-7536","post","type-post","status-publish","format-standard","has-post-thumbnail","hentry","category-noticias"],"yoast_head":"<!-- This site is optimized with the Yoast SEO plugin v25.7 - https:\/\/yoast.com\/wordpress\/plugins\/seo\/ -->\n<title>Instrucciones para dar de alta tu establecimiento para campa\u00f1a Bono Consumo Torrevieja - Torrevieja Gastron\u00f3mica<\/title>\n<meta name=\"robots\" content=\"index, follow, max-snippet:-1, max-image-preview:large, max-video-preview:-1\" \/>\n<link rel=\"canonical\" href=\"https:\/\/www.torreviejagastronomica.com\/es\/instrucciones-para-dar-de-alta-tu-establecimiento-para-campana-bono-consumo-torrevieja\/\" \/>\n<meta property=\"og:locale\" content=\"es_ES\" \/>\n<meta property=\"og:type\" content=\"article\" \/>\n<meta property=\"og:title\" content=\"Instrucciones para dar de alta tu establecimiento para campa\u00f1a Bono Consumo Torrevieja - Torrevieja Gastron\u00f3mica\" \/>\n<meta property=\"og:description\" content=\"24 de noviembre al 31 de diciembre, se llevar\u00e1 a cabo una\u00a0nueva edici\u00f3n de la campa\u00f1a Bono Consumo Torrevieja.\" \/>\n<meta property=\"og:url\" content=\"https:\/\/www.torreviejagastronomica.com\/es\/instrucciones-para-dar-de-alta-tu-establecimiento-para-campana-bono-consumo-torrevieja\/\" \/>\n<meta property=\"og:site_name\" content=\"Torrevieja Gastron\u00f3mica\" \/>\n<meta property=\"article:published_time\" content=\"2025-11-12T17:12:09+00:00\" \/>\n<meta property=\"article:modified_time\" content=\"2025-11-12T17:12:11+00:00\" \/>\n<meta property=\"og:image\" content=\"https:\/\/www.torreviejagastronomica.com\/wp-content\/uploads\/2025\/11\/FORMATO-WEB.jpg\" \/>\n\t<meta property=\"og:image:width\" content=\"2101\" \/>\n\t<meta property=\"og:image:height\" content=\"945\" \/>\n\t<meta property=\"og:image:type\" content=\"image\/jpeg\" \/>\n<meta name=\"author\" content=\"Asociaci\u00f3n de Empresas de Hosteler\u00eda de Torrevieja y Comarca\" \/>\n<meta name=\"twitter:card\" content=\"summary_large_image\" \/>\n<meta name=\"twitter:label1\" content=\"Escrito por\" \/>\n\t<meta name=\"twitter:data1\" content=\"Asociaci\u00f3n de Empresas de Hosteler\u00eda de Torrevieja y Comarca\" \/>\n\t<meta name=\"twitter:label2\" content=\"Tiempo de lectura\" \/>\n\t<meta name=\"twitter:data2\" content=\"4 minutos\" \/>\n<script type=\"application\/ld+json\" class=\"yoast-schema-graph\">{\"@context\":\"https:\/\/schema.org\",\"@graph\":[{\"@type\":\"Article\",\"@id\":\"https:\/\/www.torreviejagastronomica.com\/instrucciones-para-dar-de-alta-tu-establecimiento-para-campana-bono-consumo-torrevieja\/#article\",\"isPartOf\":{\"@id\":\"https:\/\/www.torreviejagastronomica.com\/instrucciones-para-dar-de-alta-tu-establecimiento-para-campana-bono-consumo-torrevieja\/\"},\"author\":{\"name\":\"Asociaci\u00f3n de Empresas de Hosteler\u00eda de Torrevieja y Comarca\",\"@id\":\"https:\/\/www.torreviejagastronomica.com\/#\/schema\/person\/9e0116f808f941d46f9baadf5335f0a9\"},\"headline\":\"Instrucciones para dar de alta tu establecimiento para campa\u00f1a Bono Consumo Torrevieja\",\"datePublished\":\"2025-11-12T17:12:09+00:00\",\"dateModified\":\"2025-11-12T17:12:11+00:00\",\"mainEntityOfPage\":{\"@id\":\"https:\/\/www.torreviejagastronomica.com\/instrucciones-para-dar-de-alta-tu-establecimiento-para-campana-bono-consumo-torrevieja\/\"},\"wordCount\":614,\"commentCount\":0,\"publisher\":{\"@id\":\"https:\/\/www.torreviejagastronomica.com\/#organization\"},\"image\":{\"@id\":\"https:\/\/www.torreviejagastronomica.com\/instrucciones-para-dar-de-alta-tu-establecimiento-para-campana-bono-consumo-torrevieja\/#primaryimage\"},\"thumbnailUrl\":\"https:\/\/www.torreviejagastronomica.com\/wp-content\/uploads\/2025\/11\/FORMATO-WEB.jpg\",\"articleSection\":[\"Noticias\"],\"inLanguage\":\"es\",\"potentialAction\":[{\"@type\":\"CommentAction\",\"name\":\"Comment\",\"target\":[\"https:\/\/www.torreviejagastronomica.com\/instrucciones-para-dar-de-alta-tu-establecimiento-para-campana-bono-consumo-torrevieja\/#respond\"]}]},{\"@type\":\"WebPage\",\"@id\":\"https:\/\/www.torreviejagastronomica.com\/instrucciones-para-dar-de-alta-tu-establecimiento-para-campana-bono-consumo-torrevieja\/\",\"url\":\"https:\/\/www.torreviejagastronomica.com\/instrucciones-para-dar-de-alta-tu-establecimiento-para-campana-bono-consumo-torrevieja\/\",\"name\":\"Instrucciones para dar de alta tu establecimiento para campa\u00f1a Bono Consumo Torrevieja - Torrevieja Gastron\u00f3mica\",\"isPartOf\":{\"@id\":\"https:\/\/www.torreviejagastronomica.com\/#website\"},\"primaryImageOfPage\":{\"@id\":\"https:\/\/www.torreviejagastronomica.com\/instrucciones-para-dar-de-alta-tu-establecimiento-para-campana-bono-consumo-torrevieja\/#primaryimage\"},\"image\":{\"@id\":\"https:\/\/www.torreviejagastronomica.com\/instrucciones-para-dar-de-alta-tu-establecimiento-para-campana-bono-consumo-torrevieja\/#primaryimage\"},\"thumbnailUrl\":\"https:\/\/www.torreviejagastronomica.com\/wp-content\/uploads\/2025\/11\/FORMATO-WEB.jpg\",\"datePublished\":\"2025-11-12T17:12:09+00:00\",\"dateModified\":\"2025-11-12T17:12:11+00:00\",\"breadcrumb\":{\"@id\":\"https:\/\/www.torreviejagastronomica.com\/instrucciones-para-dar-de-alta-tu-establecimiento-para-campana-bono-consumo-torrevieja\/#breadcrumb\"},\"inLanguage\":\"es\",\"potentialAction\":[{\"@type\":\"ReadAction\",\"target\":[\"https:\/\/www.torreviejagastronomica.com\/instrucciones-para-dar-de-alta-tu-establecimiento-para-campana-bono-consumo-torrevieja\/\"]}]},{\"@type\":\"ImageObject\",\"inLanguage\":\"es\",\"@id\":\"https:\/\/www.torreviejagastronomica.com\/instrucciones-para-dar-de-alta-tu-establecimiento-para-campana-bono-consumo-torrevieja\/#primaryimage\",\"url\":\"https:\/\/www.torreviejagastronomica.com\/wp-content\/uploads\/2025\/11\/FORMATO-WEB.jpg\",\"contentUrl\":\"https:\/\/www.torreviejagastronomica.com\/wp-content\/uploads\/2025\/11\/FORMATO-WEB.jpg\",\"width\":2101,\"height\":945},{\"@type\":\"BreadcrumbList\",\"@id\":\"https:\/\/www.torreviejagastronomica.com\/instrucciones-para-dar-de-alta-tu-establecimiento-para-campana-bono-consumo-torrevieja\/#breadcrumb\",\"itemListElement\":[{\"@type\":\"ListItem\",\"position\":1,\"name\":\"Portada\",\"item\":\"https:\/\/www.torreviejagastronomica.com\/\"},{\"@type\":\"ListItem\",\"position\":2,\"name\":\"Instrucciones para dar de alta tu establecimiento para campa\u00f1a Bono Consumo Torrevieja\"}]},{\"@type\":\"WebSite\",\"@id\":\"https:\/\/www.torreviejagastronomica.com\/#website\",\"url\":\"https:\/\/www.torreviejagastronomica.com\/\",\"name\":\"Torrevieja Gastron\u00f3mica\",\"description\":\"Asociaci\u00f3n Hosteler\u00eda Torrevieja y Comarca\",\"publisher\":{\"@id\":\"https:\/\/www.torreviejagastronomica.com\/#organization\"},\"potentialAction\":[{\"@type\":\"SearchAction\",\"target\":{\"@type\":\"EntryPoint\",\"urlTemplate\":\"https:\/\/www.torreviejagastronomica.com\/?s={search_term_string}\"},\"query-input\":{\"@type\":\"PropertyValueSpecification\",\"valueRequired\":true,\"valueName\":\"search_term_string\"}}],\"inLanguage\":\"es\"},{\"@type\":\"Organization\",\"@id\":\"https:\/\/www.torreviejagastronomica.com\/#organization\",\"name\":\"Torrevieja Gastron\u00f3mica\",\"url\":\"https:\/\/www.torreviejagastronomica.com\/\",\"logo\":{\"@type\":\"ImageObject\",\"inLanguage\":\"es\",\"@id\":\"https:\/\/www.torreviejagastronomica.com\/#\/schema\/logo\/image\/\",\"url\":\"https:\/\/www.torreviejagastronomica.com\/wp-content\/uploads\/2023\/09\/Logo-Torrevieja-Gastronomica.png\",\"contentUrl\":\"https:\/\/www.torreviejagastronomica.com\/wp-content\/uploads\/2023\/09\/Logo-Torrevieja-Gastronomica.png\",\"width\":350,\"height\":100,\"caption\":\"Torrevieja Gastron\u00f3mica\"},\"image\":{\"@id\":\"https:\/\/www.torreviejagastronomica.com\/#\/schema\/logo\/image\/\"}},{\"@type\":\"Person\",\"@id\":\"https:\/\/www.torreviejagastronomica.com\/#\/schema\/person\/9e0116f808f941d46f9baadf5335f0a9\",\"name\":\"Asociaci\u00f3n de Empresas de Hosteler\u00eda de Torrevieja y Comarca\",\"image\":{\"@type\":\"ImageObject\",\"inLanguage\":\"es\",\"@id\":\"https:\/\/www.torreviejagastronomica.com\/#\/schema\/person\/image\/\",\"url\":\"https:\/\/secure.gravatar.com\/avatar\/32ba6ba6e685fc061412a65c4a8a8b6caaf6d90d0985a737a4015d36e84d2d1f?s=96&d=mm&r=g\",\"contentUrl\":\"https:\/\/secure.gravatar.com\/avatar\/32ba6ba6e685fc061412a65c4a8a8b6caaf6d90d0985a737a4015d36e84d2d1f?s=96&d=mm&r=g\",\"caption\":\"Asociaci\u00f3n de Empresas de Hosteler\u00eda de Torrevieja y Comarca\"},\"url\":\"https:\/\/www.torreviejagastronomica.com\/es\/author\/hosteleria\/\"}]}<\/script>\n<!-- \/ Yoast SEO plugin. -->","yoast_head_json":{"title":"Instrucciones para dar de alta tu establecimiento para campa\u00f1a Bono Consumo Torrevieja - Torrevieja Gastron\u00f3mica","robots":{"index":"index","follow":"follow","max-snippet":"max-snippet:-1","max-image-preview":"max-image-preview:large","max-video-preview":"max-video-preview:-1"},"canonical":"https:\/\/www.torreviejagastronomica.com\/es\/instrucciones-para-dar-de-alta-tu-establecimiento-para-campana-bono-consumo-torrevieja\/","og_locale":"es_ES","og_type":"article","og_title":"Instrucciones para dar de alta tu establecimiento para campa\u00f1a Bono Consumo Torrevieja - Torrevieja Gastron\u00f3mica","og_description":"24 de noviembre al 31 de diciembre, se llevar\u00e1 a cabo una\u00a0nueva edici\u00f3n de la campa\u00f1a Bono Consumo Torrevieja.","og_url":"https:\/\/www.torreviejagastronomica.com\/es\/instrucciones-para-dar-de-alta-tu-establecimiento-para-campana-bono-consumo-torrevieja\/","og_site_name":"Torrevieja Gastron\u00f3mica","article_published_time":"2025-11-12T17:12:09+00:00","article_modified_time":"2025-11-12T17:12:11+00:00","og_image":[{"width":2101,"height":945,"url":"https:\/\/www.torreviejagastronomica.com\/wp-content\/uploads\/2025\/11\/FORMATO-WEB.jpg","type":"image\/jpeg"}],"author":"Asociaci\u00f3n de Empresas de Hosteler\u00eda de Torrevieja y Comarca","twitter_card":"summary_large_image","twitter_misc":{"Escrito por":"Asociaci\u00f3n de Empresas de Hosteler\u00eda de Torrevieja y Comarca","Tiempo de lectura":"4 minutos"},"schema":{"@context":"https:\/\/schema.org","@graph":[{"@type":"Article","@id":"https:\/\/www.torreviejagastronomica.com\/instrucciones-para-dar-de-alta-tu-establecimiento-para-campana-bono-consumo-torrevieja\/#article","isPartOf":{"@id":"https:\/\/www.torreviejagastronomica.com\/instrucciones-para-dar-de-alta-tu-establecimiento-para-campana-bono-consumo-torrevieja\/"},"author":{"name":"Asociaci\u00f3n de Empresas de Hosteler\u00eda de Torrevieja y Comarca","@id":"https:\/\/www.torreviejagastronomica.com\/#\/schema\/person\/9e0116f808f941d46f9baadf5335f0a9"},"headline":"Instrucciones para dar de alta tu establecimiento para campa\u00f1a Bono Consumo Torrevieja","datePublished":"2025-11-12T17:12:09+00:00","dateModified":"2025-11-12T17:12:11+00:00","mainEntityOfPage":{"@id":"https:\/\/www.torreviejagastronomica.com\/instrucciones-para-dar-de-alta-tu-establecimiento-para-campana-bono-consumo-torrevieja\/"},"wordCount":614,"commentCount":0,"publisher":{"@id":"https:\/\/www.torreviejagastronomica.com\/#organization"},"image":{"@id":"https:\/\/www.torreviejagastronomica.com\/instrucciones-para-dar-de-alta-tu-establecimiento-para-campana-bono-consumo-torrevieja\/#primaryimage"},"thumbnailUrl":"https:\/\/www.torreviejagastronomica.com\/wp-content\/uploads\/2025\/11\/FORMATO-WEB.jpg","articleSection":["Noticias"],"inLanguage":"es","potentialAction":[{"@type":"CommentAction","name":"Comment","target":["https:\/\/www.torreviejagastronomica.com\/instrucciones-para-dar-de-alta-tu-establecimiento-para-campana-bono-consumo-torrevieja\/#respond"]}]},{"@type":"WebPage","@id":"https:\/\/www.torreviejagastronomica.com\/instrucciones-para-dar-de-alta-tu-establecimiento-para-campana-bono-consumo-torrevieja\/","url":"https:\/\/www.torreviejagastronomica.com\/instrucciones-para-dar-de-alta-tu-establecimiento-para-campana-bono-consumo-torrevieja\/","name":"Instrucciones para dar de alta tu establecimiento para campa\u00f1a Bono Consumo Torrevieja - Torrevieja Gastron\u00f3mica","isPartOf":{"@id":"https:\/\/www.torreviejagastronomica.com\/#website"},"primaryImageOfPage":{"@id":"https:\/\/www.torreviejagastronomica.com\/instrucciones-para-dar-de-alta-tu-establecimiento-para-campana-bono-consumo-torrevieja\/#primaryimage"},"image":{"@id":"https:\/\/www.torreviejagastronomica.com\/instrucciones-para-dar-de-alta-tu-establecimiento-para-campana-bono-consumo-torrevieja\/#primaryimage"},"thumbnailUrl":"https:\/\/www.torreviejagastronomica.com\/wp-content\/uploads\/2025\/11\/FORMATO-WEB.jpg","datePublished":"2025-11-12T17:12:09+00:00","dateModified":"2025-11-12T17:12:11+00:00","breadcrumb":{"@id":"https:\/\/www.torreviejagastronomica.com\/instrucciones-para-dar-de-alta-tu-establecimiento-para-campana-bono-consumo-torrevieja\/#breadcrumb"},"inLanguage":"es","potentialAction":[{"@type":"ReadAction","target":["https:\/\/www.torreviejagastronomica.com\/instrucciones-para-dar-de-alta-tu-establecimiento-para-campana-bono-consumo-torrevieja\/"]}]},{"@type":"ImageObject","inLanguage":"es","@id":"https:\/\/www.torreviejagastronomica.com\/instrucciones-para-dar-de-alta-tu-establecimiento-para-campana-bono-consumo-torrevieja\/#primaryimage","url":"https:\/\/www.torreviejagastronomica.com\/wp-content\/uploads\/2025\/11\/FORMATO-WEB.jpg","contentUrl":"https:\/\/www.torreviejagastronomica.com\/wp-content\/uploads\/2025\/11\/FORMATO-WEB.jpg","width":2101,"height":945},{"@type":"BreadcrumbList","@id":"https:\/\/www.torreviejagastronomica.com\/instrucciones-para-dar-de-alta-tu-establecimiento-para-campana-bono-consumo-torrevieja\/#breadcrumb","itemListElement":[{"@type":"ListItem","position":1,"name":"Portada","item":"https:\/\/www.torreviejagastronomica.com\/"},{"@type":"ListItem","position":2,"name":"Instrucciones para dar de alta tu establecimiento para campa\u00f1a Bono Consumo Torrevieja"}]},{"@type":"WebSite","@id":"https:\/\/www.torreviejagastronomica.com\/#website","url":"https:\/\/www.torreviejagastronomica.com\/","name":"Torrevieja Gastron\u00f3mica","description":"Asociaci\u00f3n Hosteler\u00eda Torrevieja y Comarca","publisher":{"@id":"https:\/\/www.torreviejagastronomica.com\/#organization"},"potentialAction":[{"@type":"SearchAction","target":{"@type":"EntryPoint","urlTemplate":"https:\/\/www.torreviejagastronomica.com\/?s={search_term_string}"},"query-input":{"@type":"PropertyValueSpecification","valueRequired":true,"valueName":"search_term_string"}}],"inLanguage":"es"},{"@type":"Organization","@id":"https:\/\/www.torreviejagastronomica.com\/#organization","name":"Torrevieja Gastron\u00f3mica","url":"https:\/\/www.torreviejagastronomica.com\/","logo":{"@type":"ImageObject","inLanguage":"es","@id":"https:\/\/www.torreviejagastronomica.com\/#\/schema\/logo\/image\/","url":"https:\/\/www.torreviejagastronomica.com\/wp-content\/uploads\/2023\/09\/Logo-Torrevieja-Gastronomica.png","contentUrl":"https:\/\/www.torreviejagastronomica.com\/wp-content\/uploads\/2023\/09\/Logo-Torrevieja-Gastronomica.png","width":350,"height":100,"caption":"Torrevieja Gastron\u00f3mica"},"image":{"@id":"https:\/\/www.torreviejagastronomica.com\/#\/schema\/logo\/image\/"}},{"@type":"Person","@id":"https:\/\/www.torreviejagastronomica.com\/#\/schema\/person\/9e0116f808f941d46f9baadf5335f0a9","name":"Asociaci\u00f3n de Empresas de Hosteler\u00eda de Torrevieja y Comarca","image":{"@type":"ImageObject","inLanguage":"es","@id":"https:\/\/www.torreviejagastronomica.com\/#\/schema\/person\/image\/","url":"https:\/\/secure.gravatar.com\/avatar\/32ba6ba6e685fc061412a65c4a8a8b6caaf6d90d0985a737a4015d36e84d2d1f?s=96&d=mm&r=g","contentUrl":"https:\/\/secure.gravatar.com\/avatar\/32ba6ba6e685fc061412a65c4a8a8b6caaf6d90d0985a737a4015d36e84d2d1f?s=96&d=mm&r=g","caption":"Asociaci\u00f3n de Empresas de Hosteler\u00eda de Torrevieja y Comarca"},"url":"https:\/\/www.torreviejagastronomica.com\/es\/author\/hosteleria\/"}]}},"_links":{"self":[{"href":"https:\/\/www.torreviejagastronomica.com\/es\/wp-json\/wp\/v2\/posts\/7536","targetHints":{"allow":["GET"]}}],"collection":[{"href":"https:\/\/www.torreviejagastronomica.com\/es\/wp-json\/wp\/v2\/posts"}],"about":[{"href":"https:\/\/www.torreviejagastronomica.com\/es\/wp-json\/wp\/v2\/types\/post"}],"author":[{"embeddable":true,"href":"https:\/\/www.torreviejagastronomica.com\/es\/wp-json\/wp\/v2\/users\/4"}],"replies":[{"embeddable":true,"href":"https:\/\/www.torreviejagastronomica.com\/es\/wp-json\/wp\/v2\/comments?post=7536"}],"version-history":[{"count":1,"href":"https:\/\/www.torreviejagastronomica.com\/es\/wp-json\/wp\/v2\/posts\/7536\/revisions"}],"predecessor-version":[{"id":7544,"href":"https:\/\/www.torreviejagastronomica.com\/es\/wp-json\/wp\/v2\/posts\/7536\/revisions\/7544"}],"wp:featuredmedia":[{"embeddable":true,"href":"https:\/\/www.torreviejagastronomica.com\/es\/wp-json\/wp\/v2\/media\/7543"}],"wp:attachment":[{"href":"https:\/\/www.torreviejagastronomica.com\/es\/wp-json\/wp\/v2\/media?parent=7536"}],"wp:term":[{"taxonomy":"category","embeddable":true,"href":"https:\/\/www.torreviejagastronomica.com\/es\/wp-json\/wp\/v2\/categories?post=7536"},{"taxonomy":"post_tag","embeddable":true,"href":"https:\/\/www.torreviejagastronomica.com\/es\/wp-json\/wp\/v2\/tags?post=7536"}],"curies":[{"name":"wp","href":"https:\/\/api.w.org\/{rel}","templated":true}]}}