{"id":7482,"date":"2025-09-24T11:12:22","date_gmt":"2025-09-24T09:12:22","guid":{"rendered":"https:\/\/www.torreviejagastronomica.com\/?p=7482"},"modified":"2025-09-24T11:12:25","modified_gmt":"2025-09-24T09:12:25","slug":"international-tapas-day-celebra-su-ix-edicion-en-torrevieja-este-sabado-27-de-septiembre","status":"publish","type":"post","link":"https:\/\/www.torreviejagastronomica.com\/es\/international-tapas-day-celebra-su-ix-edicion-en-torrevieja-este-sabado-27-de-septiembre\/","title":{"rendered":"International Tapas Day celebra su IX edici\u00f3n en Torrevieja este s\u00e1bado 27 de septiembre"},"content":{"rendered":"\n<p>La IX edici\u00f3n de <strong>International Tapas Day<\/strong> llega a Torrevieja este s\u00e1bado 27 de septiembre con muchas novedades: concurso fotogr\u00e1fico en Instagram, sorteos, premios especiales y la participaci\u00f3n de 15 establecimientos que presentar\u00e1n sus mejores propuestas gastron\u00f3micas.<\/p>\n\n\n\n<h3 class=\"wp-block-heading\">Presentaci\u00f3n oficial del evento<\/h3>\n\n\n\n<p>La Asociaci\u00f3n de Empresarios de Hosteler\u00eda de Torrevieja y Comarca (AEHTC) present\u00f3 el evento en un acto presidido por Jos\u00e9 Ignacio Pastor, presidente de la entidad. Estuvo acompa\u00f1ado por Rosario Mart\u00ednez, concejala de Hosteler\u00eda y Turismo del Ayuntamiento de Torrevieja, y por Alicia Arenas, directora del CdT de Torrevieja.<\/p>\n\n\n\n<p>Durante la presentaci\u00f3n, Pastor destac\u00f3 que este evento, ya consolidado en el calendario gastron\u00f3mico local, es una jornada que impulsa la hosteler\u00eda torrevejense, ofreciendo visibilidad al talento de los establecimientos y una experiencia \u00fanica tanto a vecinos como a visitantes.<\/p>\n\n\n\n<h3 class=\"wp-block-heading\">Concurso fotogr\u00e1fico y sorteos<\/h3>\n\n\n\n<p>Coincidiendo con el <strong>D\u00eda Internacional del Turismo<\/strong>, esta edici\u00f3n incluye un concurso fotogr\u00e1fico en Instagram: los asistentes podr\u00e1n publicar im\u00e1genes disfrutando de las tapas en los establecimientos participantes o en lugares emblem\u00e1ticos de la ciudad.<\/p>\n\n\n\n<p>La foto m\u00e1s original, creativa y divertida ser\u00e1 premiada. Adem\u00e1s, el p\u00fablico podr\u00e1 optar a diferentes sorteos escaneando el c\u00f3digo QR presente en la publicidad oficial del evento.<\/p>\n\n\n\n<h3 class=\"wp-block-heading\">La \u201cTapa Makro\u201d: novedad de este a\u00f1o<\/h3>\n\n\n\n<p>Como principal novedad, se introduce la <strong><a href=\"https:\/\/www.makro.es\/\">Tapa Makro<\/a><\/strong>, una propuesta en la que los establecimientos deber\u00e1n elaborar una tapa con la alcachofa como ingrediente protagonista. Un jurado profesional valorar\u00e1 <em>sabor, originalidad y elaboraci\u00f3n<\/em> para seleccionar las dos mejores tapas. Los ganadores recibir\u00e1n como premio un carro de productos de Makro, proveedor oficial del evento.<\/p>\n\n\n\n<h3 class=\"wp-block-heading\">Establecimientos participantes<\/h3>\n\n\n\n<p>Un total de 15 locales asociados a la AEHTC demostrar\u00e1n su creatividad culinaria en esta jornada, ofreciendo tapas originales con sello local:<\/p>\n\n\n\n<ul class=\"wp-block-list\">\n<li>Bianco Sea Club<\/li>\n\n\n\n<li>La Cantina Food &amp; Drinks<\/li>\n\n\n\n<li>Jax Torrevieja<\/li>\n\n\n\n<li>N\u00e1ufragos Beach Club<\/li>\n\n\n\n<li>Luna Creciente Gastrobar<\/li>\n\n\n\n<li>Restaurante HB Torrevieja<\/li>\n\n\n\n<li>G\u00fcest Restaurante Gastrobar<\/li>\n\n\n\n<li>Restaurante Diba<\/li>\n\n\n\n<li>Restaurante Catalina II<\/li>\n\n\n\n<li>Po Rom Pom Pom<\/li>\n\n\n\n<li>Cafeter\u00eda Kafeina<\/li>\n\n\n\n<li>Restaurante Casa Luchy<\/li>\n\n\n\n<li>Restaurante Martini\u2019s<\/li>\n\n\n\n<li>Restaurante La Mata \u201cFelisa\u201d<\/li>\n\n\n\n<li>Hotel La Laguna Spa &amp; Golf<\/li>\n<\/ul>\n\n\n\n<h3 class=\"wp-block-heading\">Un evento consolidado<\/h3>\n\n\n\n<p><strong>International Tapas Day<\/strong> se ha convertido en uno de los eventos gastron\u00f3micos m\u00e1s destacados del calendario local, donde vecinos, turistas y visitantes podr\u00e1n disfrutar de tapas creativas, originales y llenas de sabor, en un ambiente festivo que une gastronom\u00eda y turismo.<\/p>\n\n\n\n<p><strong>Organiza:<\/strong> Asociaci\u00f3n de Empresarios de Hosteler\u00eda de Torrevieja y Comarca (AEHTC)<br><strong>Colaboran:<\/strong> Ayuntamiento de Torrevieja y Patronato Provincial de Turismo Costa Blanca<\/p>\n\n\n\n<p><strong>M\u00e1s informaci\u00f3n en:<\/strong><br><a href=\"http:\/\/www.torreviejagastronomica.com\/\">www.torreviejagastronomica.com<\/a><br><a href=\"https:\/\/www.facebook.com\/TorreviejaGastronomica1\/\">Facebook Torrevieja Gastron\u00f3mica<\/a><br><a href=\"https:\/\/www.instagram.com\/torrevieja_gastronomica\/\">Instagram @torrevieja_gastronomica<\/a><\/p>\n\n\n\n<hr class=\"wp-block-separator has-alpha-channel-opacity\"\/>\n\n\n\n<figure data-wp-context=\"{&quot;imageId&quot;:&quot;69f3f1de564dc&quot;}\" data-wp-interactive=\"core\/image\" class=\"wp-block-image aligncenter wp-lightbox-container\"><img decoding=\"async\" data-wp-class--hide=\"state.isContentHidden\" data-wp-class--show=\"state.isContentVisible\" data-wp-init=\"callbacks.setButtonStyles\" data-wp-on-async--click=\"actions.showLightbox\" data-wp-on-async--load=\"callbacks.setButtonStyles\" data-wp-on-async-window--resize=\"callbacks.setButtonStyles\" src=\"https:\/\/usercontent.one\/wp\/www.todotorrevieja.es\/wp-content\/uploads\/2025\/09\/INTERNATIONAL-TAPAS-DAY-CARTEL-COLAB-09_25-1-1-727x1024.jpg?media=1756882715\" alt=\"\"\/><button\n\t\t\tclass=\"lightbox-trigger\"\n\t\t\ttype=\"button\"\n\t\t\taria-haspopup=\"dialog\"\n\t\t\taria-label=\"Agrandar\"\n\t\t\tdata-wp-init=\"callbacks.initTriggerButton\"\n\t\t\tdata-wp-on-async--click=\"actions.showLightbox\"\n\t\t\tdata-wp-style--right=\"state.imageButtonRight\"\n\t\t\tdata-wp-style--top=\"state.imageButtonTop\"\n\t\t>\n\t\t\t<svg xmlns=\"http:\/\/www.w3.org\/2000\/svg\" width=\"12\" height=\"12\" fill=\"none\" viewBox=\"0 0 12 12\">\n\t\t\t\t<path fill=\"#fff\" d=\"M2 0a2 2 0 0 0-2 2v2h1.5V2a.5.5 0 0 1 .5-.5h2V0H2Zm2 10.5H2a.5.5 0 0 1-.5-.5V8H0v2a2 2 0 0 0 2 2h2v-1.5ZM8 12v-1.5h2a.5.5 0 0 0 .5-.5V8H12v2a2 2 0 0 1-2 2H8Zm2-12a2 2 0 0 1 2 2v2h-1.5V2a.5.5 0 0 0-.5-.5H8V0h2Z\" \/>\n\t\t\t<\/svg>\n\t\t<\/button><\/figure>\n\n\n\n<figure data-wp-context=\"{&quot;imageId&quot;:&quot;69f3f1de56762&quot;}\" data-wp-interactive=\"core\/image\" class=\"wp-block-image aligncenter wp-lightbox-container\"><img decoding=\"async\" data-wp-class--hide=\"state.isContentHidden\" data-wp-class--show=\"state.isContentVisible\" data-wp-init=\"callbacks.setButtonStyles\" data-wp-on-async--click=\"actions.showLightbox\" data-wp-on-async--load=\"callbacks.setButtonStyles\" data-wp-on-async-window--resize=\"callbacks.setButtonStyles\" src=\"https:\/\/usercontent.one\/wp\/www.todotorrevieja.es\/wp-content\/uploads\/2025\/09\/Unknown-1-1024x728.jpeg?media=1756882715\" alt=\"\"\/><button\n\t\t\tclass=\"lightbox-trigger\"\n\t\t\ttype=\"button\"\n\t\t\taria-haspopup=\"dialog\"\n\t\t\taria-label=\"Agrandar\"\n\t\t\tdata-wp-init=\"callbacks.initTriggerButton\"\n\t\t\tdata-wp-on-async--click=\"actions.showLightbox\"\n\t\t\tdata-wp-style--right=\"state.imageButtonRight\"\n\t\t\tdata-wp-style--top=\"state.imageButtonTop\"\n\t\t>\n\t\t\t<svg xmlns=\"http:\/\/www.w3.org\/2000\/svg\" width=\"12\" height=\"12\" fill=\"none\" viewBox=\"0 0 12 12\">\n\t\t\t\t<path fill=\"#fff\" d=\"M2 0a2 2 0 0 0-2 2v2h1.5V2a.5.5 0 0 1 .5-.5h2V0H2Zm2 10.5H2a.5.5 0 0 1-.5-.5V8H0v2a2 2 0 0 0 2 2h2v-1.5ZM8 12v-1.5h2a.5.5 0 0 0 .5-.5V8H12v2a2 2 0 0 1-2 2H8Zm2-12a2 2 0 0 1 2 2v2h-1.5V2a.5.5 0 0 0-.5-.5H8V0h2Z\" \/>\n\t\t\t<\/svg>\n\t\t<\/button><\/figure>\n\n\n\n<figure data-wp-context=\"{&quot;imageId&quot;:&quot;69f3f1de56b3f&quot;}\" data-wp-interactive=\"core\/image\" class=\"wp-block-image aligncenter size-large wp-lightbox-container\"><img fetchpriority=\"high\" decoding=\"async\" width=\"1024\" height=\"728\" data-wp-class--hide=\"state.isContentHidden\" data-wp-class--show=\"state.isContentVisible\" data-wp-init=\"callbacks.setButtonStyles\" data-wp-on-async--click=\"actions.showLightbox\" data-wp-on-async--load=\"callbacks.setButtonStyles\" data-wp-on-async-window--resize=\"callbacks.setButtonStyles\" src=\"https:\/\/www.torreviejagastronomica.com\/wp-content\/uploads\/2025\/09\/INTERNATIONAL-TAPAS-DAY-TRIPTICO-INT-09_25-1-1024x728.jpg\" alt=\"\" class=\"wp-image-7483\" srcset=\"https:\/\/www.torreviejagastronomica.com\/wp-content\/uploads\/2025\/09\/INTERNATIONAL-TAPAS-DAY-TRIPTICO-INT-09_25-1-1024x728.jpg 1024w, https:\/\/www.torreviejagastronomica.com\/wp-content\/uploads\/2025\/09\/INTERNATIONAL-TAPAS-DAY-TRIPTICO-INT-09_25-1-300x213.jpg 300w, https:\/\/www.torreviejagastronomica.com\/wp-content\/uploads\/2025\/09\/INTERNATIONAL-TAPAS-DAY-TRIPTICO-INT-09_25-1-768x546.jpg 768w, https:\/\/www.torreviejagastronomica.com\/wp-content\/uploads\/2025\/09\/INTERNATIONAL-TAPAS-DAY-TRIPTICO-INT-09_25-1-1536x1092.jpg 1536w, https:\/\/www.torreviejagastronomica.com\/wp-content\/uploads\/2025\/09\/INTERNATIONAL-TAPAS-DAY-TRIPTICO-INT-09_25-1-18x12.jpg 18w, https:\/\/www.torreviejagastronomica.com\/wp-content\/uploads\/2025\/09\/INTERNATIONAL-TAPAS-DAY-TRIPTICO-INT-09_25-1.jpg 1778w\" sizes=\"(max-width: 1024px) 100vw, 1024px\" \/><button\n\t\t\tclass=\"lightbox-trigger\"\n\t\t\ttype=\"button\"\n\t\t\taria-haspopup=\"dialog\"\n\t\t\taria-label=\"Agrandar\"\n\t\t\tdata-wp-init=\"callbacks.initTriggerButton\"\n\t\t\tdata-wp-on-async--click=\"actions.showLightbox\"\n\t\t\tdata-wp-style--right=\"state.imageButtonRight\"\n\t\t\tdata-wp-style--top=\"state.imageButtonTop\"\n\t\t>\n\t\t\t<svg xmlns=\"http:\/\/www.w3.org\/2000\/svg\" width=\"12\" height=\"12\" fill=\"none\" viewBox=\"0 0 12 12\">\n\t\t\t\t<path fill=\"#fff\" d=\"M2 0a2 2 0 0 0-2 2v2h1.5V2a.5.5 0 0 1 .5-.5h2V0H2Zm2 10.5H2a.5.5 0 0 1-.5-.5V8H0v2a2 2 0 0 0 2 2h2v-1.5ZM8 12v-1.5h2a.5.5 0 0 0 .5-.5V8H12v2a2 2 0 0 1-2 2H8Zm2-12a2 2 0 0 1 2 2v2h-1.5V2a.5.5 0 0 0-.5-.5H8V0h2Z\" \/>\n\t\t\t<\/svg>\n\t\t<\/button><\/figure>\n","protected":false},"excerpt":{"rendered":"<p>International Tapas Day se ha convertido en uno de los eventos gastron\u00f3micos m\u00e1s destacados del calendario local,<\/p>\n","protected":false},"author":4,"featured_media":7484,"comment_status":"open","ping_status":"open","sticky":false,"template":"","format":"standard","meta":{"footnotes":""},"categories":[7],"tags":[],"class_list":["post-7482","post","type-post","status-publish","format-standard","has-post-thumbnail","hentry","category-noticias"],"yoast_head":"<!-- This site is optimized with the Yoast SEO plugin v25.7 - https:\/\/yoast.com\/wordpress\/plugins\/seo\/ -->\n<title>International Tapas Day celebra su IX edici\u00f3n en Torrevieja este s\u00e1bado 27 de septiembre - Torrevieja Gastron\u00f3mica<\/title>\n<meta name=\"description\" content=\"Torrevieja celebra el IX International Tapas Day este s\u00e1bado 27 de septiembre con 15 locales participantes, concurso fotogr\u00e1fico en Instagram, sorteos y la novedad de la Tapa Makro con la alcachofa como protagonista.\" \/>\n<meta name=\"robots\" content=\"index, follow, max-snippet:-1, max-image-preview:large, max-video-preview:-1\" \/>\n<link rel=\"canonical\" href=\"https:\/\/www.torreviejagastronomica.com\/es\/international-tapas-day-celebra-su-ix-edicion-en-torrevieja-este-sabado-27-de-septiembre\/\" \/>\n<meta property=\"og:locale\" content=\"es_ES\" \/>\n<meta property=\"og:type\" content=\"article\" \/>\n<meta property=\"og:title\" content=\"International Tapas Day celebra su IX edici\u00f3n en Torrevieja este s\u00e1bado 27 de septiembre - Torrevieja Gastron\u00f3mica\" \/>\n<meta property=\"og:description\" content=\"Torrevieja celebra el IX International Tapas Day este s\u00e1bado 27 de septiembre con 15 locales participantes, concurso fotogr\u00e1fico en Instagram, sorteos y la novedad de la Tapa Makro con la alcachofa como protagonista.\" \/>\n<meta property=\"og:url\" content=\"https:\/\/www.torreviejagastronomica.com\/es\/international-tapas-day-celebra-su-ix-edicion-en-torrevieja-este-sabado-27-de-septiembre\/\" \/>\n<meta property=\"og:site_name\" content=\"Torrevieja Gastron\u00f3mica\" \/>\n<meta property=\"article:published_time\" content=\"2025-09-24T09:12:22+00:00\" \/>\n<meta property=\"article:modified_time\" content=\"2025-09-24T09:12:25+00:00\" \/>\n<meta property=\"og:image\" content=\"https:\/\/www.torreviejagastronomica.com\/wp-content\/uploads\/2025\/09\/IMAGEN-PRESENTACION-INTERNATIONAL-TAPAS-DAY-2025-scaled.jpg\" \/>\n\t<meta property=\"og:image:width\" content=\"2560\" \/>\n\t<meta property=\"og:image:height\" content=\"1920\" \/>\n\t<meta property=\"og:image:type\" content=\"image\/jpeg\" \/>\n<meta name=\"author\" content=\"Asociaci\u00f3n de Empresas de Hosteler\u00eda de Torrevieja y Comarca\" \/>\n<meta name=\"twitter:card\" content=\"summary_large_image\" \/>\n<meta name=\"twitter:label1\" content=\"Escrito por\" \/>\n\t<meta name=\"twitter:data1\" content=\"Asociaci\u00f3n de Empresas de Hosteler\u00eda de Torrevieja y Comarca\" \/>\n\t<meta name=\"twitter:label2\" content=\"Tiempo de lectura\" \/>\n\t<meta name=\"twitter:data2\" content=\"3 minutos\" \/>\n<script type=\"application\/ld+json\" class=\"yoast-schema-graph\">{\"@context\":\"https:\/\/schema.org\",\"@graph\":[{\"@type\":\"Article\",\"@id\":\"https:\/\/www.torreviejagastronomica.com\/international-tapas-day-celebra-su-ix-edicion-en-torrevieja-este-sabado-27-de-septiembre\/#article\",\"isPartOf\":{\"@id\":\"https:\/\/www.torreviejagastronomica.com\/international-tapas-day-celebra-su-ix-edicion-en-torrevieja-este-sabado-27-de-septiembre\/\"},\"author\":{\"name\":\"Asociaci\u00f3n de Empresas de Hosteler\u00eda de Torrevieja y Comarca\",\"@id\":\"https:\/\/www.torreviejagastronomica.com\/#\/schema\/person\/9e0116f808f941d46f9baadf5335f0a9\"},\"headline\":\"International Tapas Day celebra su IX edici\u00f3n en Torrevieja este s\u00e1bado 27 de septiembre\",\"datePublished\":\"2025-09-24T09:12:22+00:00\",\"dateModified\":\"2025-09-24T09:12:25+00:00\",\"mainEntityOfPage\":{\"@id\":\"https:\/\/www.torreviejagastronomica.com\/international-tapas-day-celebra-su-ix-edicion-en-torrevieja-este-sabado-27-de-septiembre\/\"},\"wordCount\":464,\"commentCount\":0,\"publisher\":{\"@id\":\"https:\/\/www.torreviejagastronomica.com\/#organization\"},\"image\":{\"@id\":\"https:\/\/www.torreviejagastronomica.com\/international-tapas-day-celebra-su-ix-edicion-en-torrevieja-este-sabado-27-de-septiembre\/#primaryimage\"},\"thumbnailUrl\":\"https:\/\/www.torreviejagastronomica.com\/wp-content\/uploads\/2025\/09\/IMAGEN-PRESENTACION-INTERNATIONAL-TAPAS-DAY-2025-scaled.jpg\",\"articleSection\":[\"Noticias\"],\"inLanguage\":\"es\",\"potentialAction\":[{\"@type\":\"CommentAction\",\"name\":\"Comment\",\"target\":[\"https:\/\/www.torreviejagastronomica.com\/international-tapas-day-celebra-su-ix-edicion-en-torrevieja-este-sabado-27-de-septiembre\/#respond\"]}]},{\"@type\":\"WebPage\",\"@id\":\"https:\/\/www.torreviejagastronomica.com\/international-tapas-day-celebra-su-ix-edicion-en-torrevieja-este-sabado-27-de-septiembre\/\",\"url\":\"https:\/\/www.torreviejagastronomica.com\/international-tapas-day-celebra-su-ix-edicion-en-torrevieja-este-sabado-27-de-septiembre\/\",\"name\":\"International Tapas Day celebra su IX edici\u00f3n en Torrevieja este s\u00e1bado 27 de septiembre - Torrevieja Gastron\u00f3mica\",\"isPartOf\":{\"@id\":\"https:\/\/www.torreviejagastronomica.com\/#website\"},\"primaryImageOfPage\":{\"@id\":\"https:\/\/www.torreviejagastronomica.com\/international-tapas-day-celebra-su-ix-edicion-en-torrevieja-este-sabado-27-de-septiembre\/#primaryimage\"},\"image\":{\"@id\":\"https:\/\/www.torreviejagastronomica.com\/international-tapas-day-celebra-su-ix-edicion-en-torrevieja-este-sabado-27-de-septiembre\/#primaryimage\"},\"thumbnailUrl\":\"https:\/\/www.torreviejagastronomica.com\/wp-content\/uploads\/2025\/09\/IMAGEN-PRESENTACION-INTERNATIONAL-TAPAS-DAY-2025-scaled.jpg\",\"datePublished\":\"2025-09-24T09:12:22+00:00\",\"dateModified\":\"2025-09-24T09:12:25+00:00\",\"description\":\"Torrevieja celebra el IX International Tapas Day este s\u00e1bado 27 de septiembre con 15 locales participantes, concurso fotogr\u00e1fico en Instagram, sorteos y la novedad de la Tapa Makro con la alcachofa como protagonista.\",\"breadcrumb\":{\"@id\":\"https:\/\/www.torreviejagastronomica.com\/international-tapas-day-celebra-su-ix-edicion-en-torrevieja-este-sabado-27-de-septiembre\/#breadcrumb\"},\"inLanguage\":\"es\",\"potentialAction\":[{\"@type\":\"ReadAction\",\"target\":[\"https:\/\/www.torreviejagastronomica.com\/international-tapas-day-celebra-su-ix-edicion-en-torrevieja-este-sabado-27-de-septiembre\/\"]}]},{\"@type\":\"ImageObject\",\"inLanguage\":\"es\",\"@id\":\"https:\/\/www.torreviejagastronomica.com\/international-tapas-day-celebra-su-ix-edicion-en-torrevieja-este-sabado-27-de-septiembre\/#primaryimage\",\"url\":\"https:\/\/www.torreviejagastronomica.com\/wp-content\/uploads\/2025\/09\/IMAGEN-PRESENTACION-INTERNATIONAL-TAPAS-DAY-2025-scaled.jpg\",\"contentUrl\":\"https:\/\/www.torreviejagastronomica.com\/wp-content\/uploads\/2025\/09\/IMAGEN-PRESENTACION-INTERNATIONAL-TAPAS-DAY-2025-scaled.jpg\",\"width\":2560,\"height\":1920},{\"@type\":\"BreadcrumbList\",\"@id\":\"https:\/\/www.torreviejagastronomica.com\/international-tapas-day-celebra-su-ix-edicion-en-torrevieja-este-sabado-27-de-septiembre\/#breadcrumb\",\"itemListElement\":[{\"@type\":\"ListItem\",\"position\":1,\"name\":\"Portada\",\"item\":\"https:\/\/www.torreviejagastronomica.com\/\"},{\"@type\":\"ListItem\",\"position\":2,\"name\":\"International Tapas Day celebra su IX edici\u00f3n en Torrevieja este s\u00e1bado 27 de septiembre\"}]},{\"@type\":\"WebSite\",\"@id\":\"https:\/\/www.torreviejagastronomica.com\/#website\",\"url\":\"https:\/\/www.torreviejagastronomica.com\/\",\"name\":\"Torrevieja Gastron\u00f3mica\",\"description\":\"Asociaci\u00f3n Hosteler\u00eda Torrevieja y Comarca\",\"publisher\":{\"@id\":\"https:\/\/www.torreviejagastronomica.com\/#organization\"},\"potentialAction\":[{\"@type\":\"SearchAction\",\"target\":{\"@type\":\"EntryPoint\",\"urlTemplate\":\"https:\/\/www.torreviejagastronomica.com\/?s={search_term_string}\"},\"query-input\":{\"@type\":\"PropertyValueSpecification\",\"valueRequired\":true,\"valueName\":\"search_term_string\"}}],\"inLanguage\":\"es\"},{\"@type\":\"Organization\",\"@id\":\"https:\/\/www.torreviejagastronomica.com\/#organization\",\"name\":\"Torrevieja Gastron\u00f3mica\",\"url\":\"https:\/\/www.torreviejagastronomica.com\/\",\"logo\":{\"@type\":\"ImageObject\",\"inLanguage\":\"es\",\"@id\":\"https:\/\/www.torreviejagastronomica.com\/#\/schema\/logo\/image\/\",\"url\":\"https:\/\/www.torreviejagastronomica.com\/wp-content\/uploads\/2023\/09\/Logo-Torrevieja-Gastronomica.png\",\"contentUrl\":\"https:\/\/www.torreviejagastronomica.com\/wp-content\/uploads\/2023\/09\/Logo-Torrevieja-Gastronomica.png\",\"width\":350,\"height\":100,\"caption\":\"Torrevieja Gastron\u00f3mica\"},\"image\":{\"@id\":\"https:\/\/www.torreviejagastronomica.com\/#\/schema\/logo\/image\/\"}},{\"@type\":\"Person\",\"@id\":\"https:\/\/www.torreviejagastronomica.com\/#\/schema\/person\/9e0116f808f941d46f9baadf5335f0a9\",\"name\":\"Asociaci\u00f3n de Empresas de Hosteler\u00eda de Torrevieja y Comarca\",\"image\":{\"@type\":\"ImageObject\",\"inLanguage\":\"es\",\"@id\":\"https:\/\/www.torreviejagastronomica.com\/#\/schema\/person\/image\/\",\"url\":\"https:\/\/secure.gravatar.com\/avatar\/32ba6ba6e685fc061412a65c4a8a8b6caaf6d90d0985a737a4015d36e84d2d1f?s=96&d=mm&r=g\",\"contentUrl\":\"https:\/\/secure.gravatar.com\/avatar\/32ba6ba6e685fc061412a65c4a8a8b6caaf6d90d0985a737a4015d36e84d2d1f?s=96&d=mm&r=g\",\"caption\":\"Asociaci\u00f3n de Empresas de Hosteler\u00eda de Torrevieja y Comarca\"},\"url\":\"https:\/\/www.torreviejagastronomica.com\/es\/author\/hosteleria\/\"}]}<\/script>\n<!-- \/ Yoast SEO plugin. -->","yoast_head_json":{"title":"International Tapas Day celebra su IX edici\u00f3n en Torrevieja este s\u00e1bado 27 de septiembre - Torrevieja Gastron\u00f3mica","description":"Torrevieja celebra el IX International Tapas Day este s\u00e1bado 27 de septiembre con 15 locales participantes, concurso fotogr\u00e1fico en Instagram, sorteos y la novedad de la Tapa Makro con la alcachofa como protagonista.","robots":{"index":"index","follow":"follow","max-snippet":"max-snippet:-1","max-image-preview":"max-image-preview:large","max-video-preview":"max-video-preview:-1"},"canonical":"https:\/\/www.torreviejagastronomica.com\/es\/international-tapas-day-celebra-su-ix-edicion-en-torrevieja-este-sabado-27-de-septiembre\/","og_locale":"es_ES","og_type":"article","og_title":"International Tapas Day celebra su IX edici\u00f3n en Torrevieja este s\u00e1bado 27 de septiembre - Torrevieja Gastron\u00f3mica","og_description":"Torrevieja celebra el IX International Tapas Day este s\u00e1bado 27 de septiembre con 15 locales participantes, concurso fotogr\u00e1fico en Instagram, sorteos y la novedad de la Tapa Makro con la alcachofa como protagonista.","og_url":"https:\/\/www.torreviejagastronomica.com\/es\/international-tapas-day-celebra-su-ix-edicion-en-torrevieja-este-sabado-27-de-septiembre\/","og_site_name":"Torrevieja Gastron\u00f3mica","article_published_time":"2025-09-24T09:12:22+00:00","article_modified_time":"2025-09-24T09:12:25+00:00","og_image":[{"width":2560,"height":1920,"url":"https:\/\/www.torreviejagastronomica.com\/wp-content\/uploads\/2025\/09\/IMAGEN-PRESENTACION-INTERNATIONAL-TAPAS-DAY-2025-scaled.jpg","type":"image\/jpeg"}],"author":"Asociaci\u00f3n de Empresas de Hosteler\u00eda de Torrevieja y Comarca","twitter_card":"summary_large_image","twitter_misc":{"Escrito por":"Asociaci\u00f3n de Empresas de Hosteler\u00eda de Torrevieja y Comarca","Tiempo de lectura":"3 minutos"},"schema":{"@context":"https:\/\/schema.org","@graph":[{"@type":"Article","@id":"https:\/\/www.torreviejagastronomica.com\/international-tapas-day-celebra-su-ix-edicion-en-torrevieja-este-sabado-27-de-septiembre\/#article","isPartOf":{"@id":"https:\/\/www.torreviejagastronomica.com\/international-tapas-day-celebra-su-ix-edicion-en-torrevieja-este-sabado-27-de-septiembre\/"},"author":{"name":"Asociaci\u00f3n de Empresas de Hosteler\u00eda de Torrevieja y Comarca","@id":"https:\/\/www.torreviejagastronomica.com\/#\/schema\/person\/9e0116f808f941d46f9baadf5335f0a9"},"headline":"International Tapas Day celebra su IX edici\u00f3n en Torrevieja este s\u00e1bado 27 de septiembre","datePublished":"2025-09-24T09:12:22+00:00","dateModified":"2025-09-24T09:12:25+00:00","mainEntityOfPage":{"@id":"https:\/\/www.torreviejagastronomica.com\/international-tapas-day-celebra-su-ix-edicion-en-torrevieja-este-sabado-27-de-septiembre\/"},"wordCount":464,"commentCount":0,"publisher":{"@id":"https:\/\/www.torreviejagastronomica.com\/#organization"},"image":{"@id":"https:\/\/www.torreviejagastronomica.com\/international-tapas-day-celebra-su-ix-edicion-en-torrevieja-este-sabado-27-de-septiembre\/#primaryimage"},"thumbnailUrl":"https:\/\/www.torreviejagastronomica.com\/wp-content\/uploads\/2025\/09\/IMAGEN-PRESENTACION-INTERNATIONAL-TAPAS-DAY-2025-scaled.jpg","articleSection":["Noticias"],"inLanguage":"es","potentialAction":[{"@type":"CommentAction","name":"Comment","target":["https:\/\/www.torreviejagastronomica.com\/international-tapas-day-celebra-su-ix-edicion-en-torrevieja-este-sabado-27-de-septiembre\/#respond"]}]},{"@type":"WebPage","@id":"https:\/\/www.torreviejagastronomica.com\/international-tapas-day-celebra-su-ix-edicion-en-torrevieja-este-sabado-27-de-septiembre\/","url":"https:\/\/www.torreviejagastronomica.com\/international-tapas-day-celebra-su-ix-edicion-en-torrevieja-este-sabado-27-de-septiembre\/","name":"International Tapas Day celebra su IX edici\u00f3n en Torrevieja este s\u00e1bado 27 de septiembre - Torrevieja Gastron\u00f3mica","isPartOf":{"@id":"https:\/\/www.torreviejagastronomica.com\/#website"},"primaryImageOfPage":{"@id":"https:\/\/www.torreviejagastronomica.com\/international-tapas-day-celebra-su-ix-edicion-en-torrevieja-este-sabado-27-de-septiembre\/#primaryimage"},"image":{"@id":"https:\/\/www.torreviejagastronomica.com\/international-tapas-day-celebra-su-ix-edicion-en-torrevieja-este-sabado-27-de-septiembre\/#primaryimage"},"thumbnailUrl":"https:\/\/www.torreviejagastronomica.com\/wp-content\/uploads\/2025\/09\/IMAGEN-PRESENTACION-INTERNATIONAL-TAPAS-DAY-2025-scaled.jpg","datePublished":"2025-09-24T09:12:22+00:00","dateModified":"2025-09-24T09:12:25+00:00","description":"Torrevieja celebra el IX International Tapas Day este s\u00e1bado 27 de septiembre con 15 locales participantes, concurso fotogr\u00e1fico en Instagram, sorteos y la novedad de la Tapa Makro con la alcachofa como protagonista.","breadcrumb":{"@id":"https:\/\/www.torreviejagastronomica.com\/international-tapas-day-celebra-su-ix-edicion-en-torrevieja-este-sabado-27-de-septiembre\/#breadcrumb"},"inLanguage":"es","potentialAction":[{"@type":"ReadAction","target":["https:\/\/www.torreviejagastronomica.com\/international-tapas-day-celebra-su-ix-edicion-en-torrevieja-este-sabado-27-de-septiembre\/"]}]},{"@type":"ImageObject","inLanguage":"es","@id":"https:\/\/www.torreviejagastronomica.com\/international-tapas-day-celebra-su-ix-edicion-en-torrevieja-este-sabado-27-de-septiembre\/#primaryimage","url":"https:\/\/www.torreviejagastronomica.com\/wp-content\/uploads\/2025\/09\/IMAGEN-PRESENTACION-INTERNATIONAL-TAPAS-DAY-2025-scaled.jpg","contentUrl":"https:\/\/www.torreviejagastronomica.com\/wp-content\/uploads\/2025\/09\/IMAGEN-PRESENTACION-INTERNATIONAL-TAPAS-DAY-2025-scaled.jpg","width":2560,"height":1920},{"@type":"BreadcrumbList","@id":"https:\/\/www.torreviejagastronomica.com\/international-tapas-day-celebra-su-ix-edicion-en-torrevieja-este-sabado-27-de-septiembre\/#breadcrumb","itemListElement":[{"@type":"ListItem","position":1,"name":"Portada","item":"https:\/\/www.torreviejagastronomica.com\/"},{"@type":"ListItem","position":2,"name":"International Tapas Day celebra su IX edici\u00f3n en Torrevieja este s\u00e1bado 27 de septiembre"}]},{"@type":"WebSite","@id":"https:\/\/www.torreviejagastronomica.com\/#website","url":"https:\/\/www.torreviejagastronomica.com\/","name":"Torrevieja Gastron\u00f3mica","description":"Asociaci\u00f3n Hosteler\u00eda Torrevieja y Comarca","publisher":{"@id":"https:\/\/www.torreviejagastronomica.com\/#organization"},"potentialAction":[{"@type":"SearchAction","target":{"@type":"EntryPoint","urlTemplate":"https:\/\/www.torreviejagastronomica.com\/?s={search_term_string}"},"query-input":{"@type":"PropertyValueSpecification","valueRequired":true,"valueName":"search_term_string"}}],"inLanguage":"es"},{"@type":"Organization","@id":"https:\/\/www.torreviejagastronomica.com\/#organization","name":"Torrevieja Gastron\u00f3mica","url":"https:\/\/www.torreviejagastronomica.com\/","logo":{"@type":"ImageObject","inLanguage":"es","@id":"https:\/\/www.torreviejagastronomica.com\/#\/schema\/logo\/image\/","url":"https:\/\/www.torreviejagastronomica.com\/wp-content\/uploads\/2023\/09\/Logo-Torrevieja-Gastronomica.png","contentUrl":"https:\/\/www.torreviejagastronomica.com\/wp-content\/uploads\/2023\/09\/Logo-Torrevieja-Gastronomica.png","width":350,"height":100,"caption":"Torrevieja Gastron\u00f3mica"},"image":{"@id":"https:\/\/www.torreviejagastronomica.com\/#\/schema\/logo\/image\/"}},{"@type":"Person","@id":"https:\/\/www.torreviejagastronomica.com\/#\/schema\/person\/9e0116f808f941d46f9baadf5335f0a9","name":"Asociaci\u00f3n de Empresas de Hosteler\u00eda de Torrevieja y Comarca","image":{"@type":"ImageObject","inLanguage":"es","@id":"https:\/\/www.torreviejagastronomica.com\/#\/schema\/person\/image\/","url":"https:\/\/secure.gravatar.com\/avatar\/32ba6ba6e685fc061412a65c4a8a8b6caaf6d90d0985a737a4015d36e84d2d1f?s=96&d=mm&r=g","contentUrl":"https:\/\/secure.gravatar.com\/avatar\/32ba6ba6e685fc061412a65c4a8a8b6caaf6d90d0985a737a4015d36e84d2d1f?s=96&d=mm&r=g","caption":"Asociaci\u00f3n de Empresas de Hosteler\u00eda de Torrevieja y Comarca"},"url":"https:\/\/www.torreviejagastronomica.com\/es\/author\/hosteleria\/"}]}},"_links":{"self":[{"href":"https:\/\/www.torreviejagastronomica.com\/es\/wp-json\/wp\/v2\/posts\/7482","targetHints":{"allow":["GET"]}}],"collection":[{"href":"https:\/\/www.torreviejagastronomica.com\/es\/wp-json\/wp\/v2\/posts"}],"about":[{"href":"https:\/\/www.torreviejagastronomica.com\/es\/wp-json\/wp\/v2\/types\/post"}],"author":[{"embeddable":true,"href":"https:\/\/www.torreviejagastronomica.com\/es\/wp-json\/wp\/v2\/users\/4"}],"replies":[{"embeddable":true,"href":"https:\/\/www.torreviejagastronomica.com\/es\/wp-json\/wp\/v2\/comments?post=7482"}],"version-history":[{"count":1,"href":"https:\/\/www.torreviejagastronomica.com\/es\/wp-json\/wp\/v2\/posts\/7482\/revisions"}],"predecessor-version":[{"id":7485,"href":"https:\/\/www.torreviejagastronomica.com\/es\/wp-json\/wp\/v2\/posts\/7482\/revisions\/7485"}],"wp:featuredmedia":[{"embeddable":true,"href":"https:\/\/www.torreviejagastronomica.com\/es\/wp-json\/wp\/v2\/media\/7484"}],"wp:attachment":[{"href":"https:\/\/www.torreviejagastronomica.com\/es\/wp-json\/wp\/v2\/media?parent=7482"}],"wp:term":[{"taxonomy":"category","embeddable":true,"href":"https:\/\/www.torreviejagastronomica.com\/es\/wp-json\/wp\/v2\/categories?post=7482"},{"taxonomy":"post_tag","embeddable":true,"href":"https:\/\/www.torreviejagastronomica.com\/es\/wp-json\/wp\/v2\/tags?post=7482"}],"curies":[{"name":"wp","href":"https:\/\/api.w.org\/{rel}","templated":true}]}}