{"id":7475,"date":"2025-09-17T16:43:41","date_gmt":"2025-09-17T14:43:41","guid":{"rendered":"https:\/\/www.torreviejagastronomica.com\/?p=7475"},"modified":"2025-09-17T16:50:35","modified_gmt":"2025-09-17T14:50:35","slug":"ii-concurso-y-12a-edicion-de-nos-vamos-de-tapas-2025-en-torrevieja","status":"publish","type":"post","link":"https:\/\/www.torreviejagastronomica.com\/es\/ii-concurso-y-12a-edicion-de-nos-vamos-de-tapas-2025-en-torrevieja\/","title":{"rendered":"II Concurso y 12\u00aa Edici\u00f3n de \u00a1Nos Vamos de Tapas! 2025 en Torrevieja"},"content":{"rendered":"\n<p>La Asociaci\u00f3n informa que ya est\u00e1 abierto el plazo de inscripci\u00f3n para participar en el <strong>II Concurso y 12\u00aa Edici\u00f3n de \u00a1Nos Vamos de Tapas! 2025<\/strong>. Los establecimientos interesados podr\u00e1n inscribirse desde hoy hasta el <strong>martes 7 de octubre a las 17:00 h<\/strong>.<\/p>\n\n\n\n<h3 class=\"wp-block-heading\">Diferencia entre concurso y actividad<\/h3>\n\n\n\n<ul class=\"wp-block-list\">\n<li><strong>Concurso gastron\u00f3mico<\/strong>: Se celebrar\u00e1 el <strong>jueves 16 de octubre de 2025 a las 10:00 h<\/strong> en el <strong>CdT de Torrevieja<\/strong>, donde un jurado profesional degustar\u00e1 y valorar\u00e1 las tapas presentadas.<\/li>\n\n\n\n<li><strong>Actividad \u201cNos Vamos de Tapas\u201d<\/strong>: Tendr\u00e1 lugar en los establecimientos participantes durante dos fines de semana:<\/li>\n\n\n\n<li>Del <strong>6 al 9 de noviembre de 2025<\/strong><\/li>\n\n\n\n<li>Del <strong>13 al 16 de noviembre de 2025<\/strong><\/li>\n<\/ul>\n\n\n\n<h3 class=\"wp-block-heading\">Documentaci\u00f3n para participar<\/h3>\n\n\n\n<ul class=\"wp-block-list\">\n<li>Formulario de inscripci\u00f3n cumplimentado.<\/li>\n\n\n\n<li>Fotograf\u00edas en formato horizontal de las <strong>4 tapas<\/strong> que se presentar\u00e1n.<\/li>\n<\/ul>\n\n\n\n<p>No se aceptar\u00e1n inscripciones incompletas ni fuera de plazo.<\/p>\n\n\n\n<h3 class=\"wp-block-heading\">Premios del concurso \ud83c\udfc6<\/h3>\n\n\n\n<ul class=\"wp-block-list\">\n<li><strong>Mejor Tapa Innovadora<\/strong>: 1.000 \u20ac + el peso del due\u00f1o\/gerente en surtido de cervezas del Grupo Mahou-San Miguel.<\/li>\n\n\n\n<li><strong>Mejor Tapa Tradicional<\/strong>: 1.000 \u20ac + el peso del due\u00f1o\/gerente en surtido de cervezas del Grupo Mahou-San Miguel.<\/li>\n\n\n\n<li>Adem\u00e1s, entre los asistentes al acto de entrega de premios, que se celebrar\u00e1 el <strong>18 de noviembre en el CdT de Torrevieja<\/strong>, se sortear\u00e1 un viaje.<\/li>\n<\/ul>\n\n\n\n<h3 class=\"wp-block-heading\">Modalidades de participaci\u00f3n<\/h3>\n\n\n\n<p>Cada establecimiento podr\u00e1 elegir libremente entre:<\/p>\n\n\n\n<ul class=\"wp-block-list\">\n<li>4 tapas tradicionales<\/li>\n\n\n\n<li>4 tapas innovadoras<\/li>\n\n\n\n<li>Combinaci\u00f3n de ambas<\/li>\n<\/ul>\n\n\n\n<h3 class=\"wp-block-heading\">Organiza y colabora<\/h3>\n\n\n\n<ul class=\"wp-block-list\">\n<li><strong>Proveedor oficial<\/strong>: Mahou<\/li>\n\n\n\n<li><strong>Distribuidor oficial<\/strong>: <a href=\"https:\/\/www.verasl.com\/\"><strong>Vera Ma\u00f1ogil Hnos.<\/strong><\/a><\/li>\n<\/ul>\n\n\n\n<p>Este evento se ha consolidado como una de las grandes citas gastron\u00f3micas de la comarca, reuniendo a vecinos y visitantes en torno a la innovaci\u00f3n y tradici\u00f3n culinaria.<\/p>\n\n\n\n<p>Para cualquier informaci\u00f3n adicional, dudas o consultas, los establecimientos pueden dirigirse a la asociaci\u00f3n.<\/p>\n\n\n\n<h3 class=\"wp-block-heading\"><\/h3>\n\n\n\n<p><\/p>\n","protected":false},"excerpt":{"rendered":"<p>Para cualquier informaci\u00f3n adicional, dudas o consultas, los establecimientos pueden dirigirse a la asociaci\u00f3n.<\/p>\n","protected":false},"author":4,"featured_media":7476,"comment_status":"open","ping_status":"open","sticky":false,"template":"","format":"standard","meta":{"footnotes":""},"categories":[7],"tags":[],"class_list":["post-7475","post","type-post","status-publish","format-standard","has-post-thumbnail","hentry","category-noticias"],"yoast_head":"<!-- This site is optimized with the Yoast SEO plugin v25.7 - https:\/\/yoast.com\/wordpress\/plugins\/seo\/ -->\n<title>II Concurso y 12\u00aa Edici\u00f3n de \u00a1Nos Vamos de Tapas! 2025 en Torrevieja - Torrevieja Gastron\u00f3mica<\/title>\n<meta name=\"description\" content=\"Abierto el plazo de inscripci\u00f3n para el II Concurso y 12\u00aa Edici\u00f3n de \u00a1Nos Vamos de Tapas! en Torrevieja 2025. Premios, fechas y toda la informaci\u00f3n de participaci\u00f3n.\" \/>\n<meta name=\"robots\" content=\"index, follow, max-snippet:-1, max-image-preview:large, max-video-preview:-1\" \/>\n<link rel=\"canonical\" href=\"https:\/\/www.torreviejagastronomica.com\/es\/ii-concurso-y-12a-edicion-de-nos-vamos-de-tapas-2025-en-torrevieja\/\" \/>\n<meta property=\"og:locale\" content=\"es_ES\" \/>\n<meta property=\"og:type\" content=\"article\" \/>\n<meta property=\"og:title\" content=\"II Concurso y 12\u00aa Edici\u00f3n de \u00a1Nos Vamos de Tapas! 2025 en Torrevieja - Torrevieja Gastron\u00f3mica\" \/>\n<meta property=\"og:description\" content=\"Abierto el plazo de inscripci\u00f3n para el II Concurso y 12\u00aa Edici\u00f3n de \u00a1Nos Vamos de Tapas! en Torrevieja 2025. Premios, fechas y toda la informaci\u00f3n de participaci\u00f3n.\" \/>\n<meta property=\"og:url\" content=\"https:\/\/www.torreviejagastronomica.com\/es\/ii-concurso-y-12a-edicion-de-nos-vamos-de-tapas-2025-en-torrevieja\/\" \/>\n<meta property=\"og:site_name\" content=\"Torrevieja Gastron\u00f3mica\" \/>\n<meta property=\"article:published_time\" content=\"2025-09-17T14:43:41+00:00\" \/>\n<meta property=\"article:modified_time\" content=\"2025-09-17T14:50:35+00:00\" \/>\n<meta property=\"og:image\" content=\"https:\/\/www.torreviejagastronomica.com\/wp-content\/uploads\/2025\/09\/generated_image-1024x683.png\" \/>\n\t<meta property=\"og:image:width\" content=\"1024\" \/>\n\t<meta property=\"og:image:height\" content=\"683\" \/>\n\t<meta property=\"og:image:type\" content=\"image\/png\" \/>\n<meta name=\"author\" content=\"Asociaci\u00f3n de Empresas de Hosteler\u00eda de Torrevieja y Comarca\" \/>\n<meta name=\"twitter:card\" content=\"summary_large_image\" \/>\n<meta name=\"twitter:label1\" content=\"Escrito por\" \/>\n\t<meta name=\"twitter:data1\" content=\"Asociaci\u00f3n de Empresas de Hosteler\u00eda de Torrevieja y Comarca\" \/>\n\t<meta name=\"twitter:label2\" content=\"Tiempo de lectura\" \/>\n\t<meta name=\"twitter:data2\" content=\"2 minutos\" \/>\n<script type=\"application\/ld+json\" class=\"yoast-schema-graph\">{\"@context\":\"https:\/\/schema.org\",\"@graph\":[{\"@type\":\"Article\",\"@id\":\"https:\/\/www.torreviejagastronomica.com\/ii-concurso-y-12a-edicion-de-nos-vamos-de-tapas-2025-en-torrevieja\/#article\",\"isPartOf\":{\"@id\":\"https:\/\/www.torreviejagastronomica.com\/ii-concurso-y-12a-edicion-de-nos-vamos-de-tapas-2025-en-torrevieja\/\"},\"author\":{\"name\":\"Asociaci\u00f3n de Empresas de Hosteler\u00eda de Torrevieja y Comarca\",\"@id\":\"https:\/\/www.torreviejagastronomica.com\/#\/schema\/person\/9e0116f808f941d46f9baadf5335f0a9\"},\"headline\":\"II Concurso y 12\u00aa Edici\u00f3n de \u00a1Nos Vamos de Tapas! 2025 en Torrevieja\",\"datePublished\":\"2025-09-17T14:43:41+00:00\",\"dateModified\":\"2025-09-17T14:50:35+00:00\",\"mainEntityOfPage\":{\"@id\":\"https:\/\/www.torreviejagastronomica.com\/ii-concurso-y-12a-edicion-de-nos-vamos-de-tapas-2025-en-torrevieja\/\"},\"wordCount\":285,\"commentCount\":0,\"publisher\":{\"@id\":\"https:\/\/www.torreviejagastronomica.com\/#organization\"},\"image\":{\"@id\":\"https:\/\/www.torreviejagastronomica.com\/ii-concurso-y-12a-edicion-de-nos-vamos-de-tapas-2025-en-torrevieja\/#primaryimage\"},\"thumbnailUrl\":\"https:\/\/www.torreviejagastronomica.com\/wp-content\/uploads\/2025\/09\/generated_image.png\",\"articleSection\":[\"Noticias\"],\"inLanguage\":\"es\",\"potentialAction\":[{\"@type\":\"CommentAction\",\"name\":\"Comment\",\"target\":[\"https:\/\/www.torreviejagastronomica.com\/ii-concurso-y-12a-edicion-de-nos-vamos-de-tapas-2025-en-torrevieja\/#respond\"]}]},{\"@type\":\"WebPage\",\"@id\":\"https:\/\/www.torreviejagastronomica.com\/ii-concurso-y-12a-edicion-de-nos-vamos-de-tapas-2025-en-torrevieja\/\",\"url\":\"https:\/\/www.torreviejagastronomica.com\/ii-concurso-y-12a-edicion-de-nos-vamos-de-tapas-2025-en-torrevieja\/\",\"name\":\"II Concurso y 12\u00aa Edici\u00f3n de \u00a1Nos Vamos de Tapas! 2025 en Torrevieja - Torrevieja Gastron\u00f3mica\",\"isPartOf\":{\"@id\":\"https:\/\/www.torreviejagastronomica.com\/#website\"},\"primaryImageOfPage\":{\"@id\":\"https:\/\/www.torreviejagastronomica.com\/ii-concurso-y-12a-edicion-de-nos-vamos-de-tapas-2025-en-torrevieja\/#primaryimage\"},\"image\":{\"@id\":\"https:\/\/www.torreviejagastronomica.com\/ii-concurso-y-12a-edicion-de-nos-vamos-de-tapas-2025-en-torrevieja\/#primaryimage\"},\"thumbnailUrl\":\"https:\/\/www.torreviejagastronomica.com\/wp-content\/uploads\/2025\/09\/generated_image.png\",\"datePublished\":\"2025-09-17T14:43:41+00:00\",\"dateModified\":\"2025-09-17T14:50:35+00:00\",\"description\":\"Abierto el plazo de inscripci\u00f3n para el II Concurso y 12\u00aa Edici\u00f3n de \u00a1Nos Vamos de Tapas! en Torrevieja 2025. Premios, fechas y toda la informaci\u00f3n de participaci\u00f3n.\",\"breadcrumb\":{\"@id\":\"https:\/\/www.torreviejagastronomica.com\/ii-concurso-y-12a-edicion-de-nos-vamos-de-tapas-2025-en-torrevieja\/#breadcrumb\"},\"inLanguage\":\"es\",\"potentialAction\":[{\"@type\":\"ReadAction\",\"target\":[\"https:\/\/www.torreviejagastronomica.com\/ii-concurso-y-12a-edicion-de-nos-vamos-de-tapas-2025-en-torrevieja\/\"]}]},{\"@type\":\"ImageObject\",\"inLanguage\":\"es\",\"@id\":\"https:\/\/www.torreviejagastronomica.com\/ii-concurso-y-12a-edicion-de-nos-vamos-de-tapas-2025-en-torrevieja\/#primaryimage\",\"url\":\"https:\/\/www.torreviejagastronomica.com\/wp-content\/uploads\/2025\/09\/generated_image.png\",\"contentUrl\":\"https:\/\/www.torreviejagastronomica.com\/wp-content\/uploads\/2025\/09\/generated_image.png\",\"width\":1536,\"height\":1024},{\"@type\":\"BreadcrumbList\",\"@id\":\"https:\/\/www.torreviejagastronomica.com\/ii-concurso-y-12a-edicion-de-nos-vamos-de-tapas-2025-en-torrevieja\/#breadcrumb\",\"itemListElement\":[{\"@type\":\"ListItem\",\"position\":1,\"name\":\"Portada\",\"item\":\"https:\/\/www.torreviejagastronomica.com\/\"},{\"@type\":\"ListItem\",\"position\":2,\"name\":\"II Concurso y 12\u00aa Edici\u00f3n de \u00a1Nos Vamos de Tapas! 2025 en Torrevieja\"}]},{\"@type\":\"WebSite\",\"@id\":\"https:\/\/www.torreviejagastronomica.com\/#website\",\"url\":\"https:\/\/www.torreviejagastronomica.com\/\",\"name\":\"Torrevieja Gastron\u00f3mica\",\"description\":\"Asociaci\u00f3n Hosteler\u00eda Torrevieja y Comarca\",\"publisher\":{\"@id\":\"https:\/\/www.torreviejagastronomica.com\/#organization\"},\"potentialAction\":[{\"@type\":\"SearchAction\",\"target\":{\"@type\":\"EntryPoint\",\"urlTemplate\":\"https:\/\/www.torreviejagastronomica.com\/?s={search_term_string}\"},\"query-input\":{\"@type\":\"PropertyValueSpecification\",\"valueRequired\":true,\"valueName\":\"search_term_string\"}}],\"inLanguage\":\"es\"},{\"@type\":\"Organization\",\"@id\":\"https:\/\/www.torreviejagastronomica.com\/#organization\",\"name\":\"Torrevieja Gastron\u00f3mica\",\"url\":\"https:\/\/www.torreviejagastronomica.com\/\",\"logo\":{\"@type\":\"ImageObject\",\"inLanguage\":\"es\",\"@id\":\"https:\/\/www.torreviejagastronomica.com\/#\/schema\/logo\/image\/\",\"url\":\"https:\/\/www.torreviejagastronomica.com\/wp-content\/uploads\/2023\/09\/Logo-Torrevieja-Gastronomica.png\",\"contentUrl\":\"https:\/\/www.torreviejagastronomica.com\/wp-content\/uploads\/2023\/09\/Logo-Torrevieja-Gastronomica.png\",\"width\":350,\"height\":100,\"caption\":\"Torrevieja Gastron\u00f3mica\"},\"image\":{\"@id\":\"https:\/\/www.torreviejagastronomica.com\/#\/schema\/logo\/image\/\"}},{\"@type\":\"Person\",\"@id\":\"https:\/\/www.torreviejagastronomica.com\/#\/schema\/person\/9e0116f808f941d46f9baadf5335f0a9\",\"name\":\"Asociaci\u00f3n de Empresas de Hosteler\u00eda de Torrevieja y Comarca\",\"image\":{\"@type\":\"ImageObject\",\"inLanguage\":\"es\",\"@id\":\"https:\/\/www.torreviejagastronomica.com\/#\/schema\/person\/image\/\",\"url\":\"https:\/\/secure.gravatar.com\/avatar\/32ba6ba6e685fc061412a65c4a8a8b6caaf6d90d0985a737a4015d36e84d2d1f?s=96&d=mm&r=g\",\"contentUrl\":\"https:\/\/secure.gravatar.com\/avatar\/32ba6ba6e685fc061412a65c4a8a8b6caaf6d90d0985a737a4015d36e84d2d1f?s=96&d=mm&r=g\",\"caption\":\"Asociaci\u00f3n de Empresas de Hosteler\u00eda de Torrevieja y Comarca\"},\"url\":\"https:\/\/www.torreviejagastronomica.com\/es\/author\/hosteleria\/\"}]}<\/script>\n<!-- \/ Yoast SEO plugin. -->","yoast_head_json":{"title":"II Concurso y 12\u00aa Edici\u00f3n de \u00a1Nos Vamos de Tapas! 2025 en Torrevieja - Torrevieja Gastron\u00f3mica","description":"Abierto el plazo de inscripci\u00f3n para el II Concurso y 12\u00aa Edici\u00f3n de \u00a1Nos Vamos de Tapas! en Torrevieja 2025. Premios, fechas y toda la informaci\u00f3n de participaci\u00f3n.","robots":{"index":"index","follow":"follow","max-snippet":"max-snippet:-1","max-image-preview":"max-image-preview:large","max-video-preview":"max-video-preview:-1"},"canonical":"https:\/\/www.torreviejagastronomica.com\/es\/ii-concurso-y-12a-edicion-de-nos-vamos-de-tapas-2025-en-torrevieja\/","og_locale":"es_ES","og_type":"article","og_title":"II Concurso y 12\u00aa Edici\u00f3n de \u00a1Nos Vamos de Tapas! 2025 en Torrevieja - Torrevieja Gastron\u00f3mica","og_description":"Abierto el plazo de inscripci\u00f3n para el II Concurso y 12\u00aa Edici\u00f3n de \u00a1Nos Vamos de Tapas! en Torrevieja 2025. Premios, fechas y toda la informaci\u00f3n de participaci\u00f3n.","og_url":"https:\/\/www.torreviejagastronomica.com\/es\/ii-concurso-y-12a-edicion-de-nos-vamos-de-tapas-2025-en-torrevieja\/","og_site_name":"Torrevieja Gastron\u00f3mica","article_published_time":"2025-09-17T14:43:41+00:00","article_modified_time":"2025-09-17T14:50:35+00:00","og_image":[{"width":1024,"height":683,"url":"https:\/\/www.torreviejagastronomica.com\/wp-content\/uploads\/2025\/09\/generated_image-1024x683.png","type":"image\/png"}],"author":"Asociaci\u00f3n de Empresas de Hosteler\u00eda de Torrevieja y Comarca","twitter_card":"summary_large_image","twitter_misc":{"Escrito por":"Asociaci\u00f3n de Empresas de Hosteler\u00eda de Torrevieja y Comarca","Tiempo de lectura":"2 minutos"},"schema":{"@context":"https:\/\/schema.org","@graph":[{"@type":"Article","@id":"https:\/\/www.torreviejagastronomica.com\/ii-concurso-y-12a-edicion-de-nos-vamos-de-tapas-2025-en-torrevieja\/#article","isPartOf":{"@id":"https:\/\/www.torreviejagastronomica.com\/ii-concurso-y-12a-edicion-de-nos-vamos-de-tapas-2025-en-torrevieja\/"},"author":{"name":"Asociaci\u00f3n de Empresas de Hosteler\u00eda de Torrevieja y Comarca","@id":"https:\/\/www.torreviejagastronomica.com\/#\/schema\/person\/9e0116f808f941d46f9baadf5335f0a9"},"headline":"II Concurso y 12\u00aa Edici\u00f3n de \u00a1Nos Vamos de Tapas! 2025 en Torrevieja","datePublished":"2025-09-17T14:43:41+00:00","dateModified":"2025-09-17T14:50:35+00:00","mainEntityOfPage":{"@id":"https:\/\/www.torreviejagastronomica.com\/ii-concurso-y-12a-edicion-de-nos-vamos-de-tapas-2025-en-torrevieja\/"},"wordCount":285,"commentCount":0,"publisher":{"@id":"https:\/\/www.torreviejagastronomica.com\/#organization"},"image":{"@id":"https:\/\/www.torreviejagastronomica.com\/ii-concurso-y-12a-edicion-de-nos-vamos-de-tapas-2025-en-torrevieja\/#primaryimage"},"thumbnailUrl":"https:\/\/www.torreviejagastronomica.com\/wp-content\/uploads\/2025\/09\/generated_image.png","articleSection":["Noticias"],"inLanguage":"es","potentialAction":[{"@type":"CommentAction","name":"Comment","target":["https:\/\/www.torreviejagastronomica.com\/ii-concurso-y-12a-edicion-de-nos-vamos-de-tapas-2025-en-torrevieja\/#respond"]}]},{"@type":"WebPage","@id":"https:\/\/www.torreviejagastronomica.com\/ii-concurso-y-12a-edicion-de-nos-vamos-de-tapas-2025-en-torrevieja\/","url":"https:\/\/www.torreviejagastronomica.com\/ii-concurso-y-12a-edicion-de-nos-vamos-de-tapas-2025-en-torrevieja\/","name":"II Concurso y 12\u00aa Edici\u00f3n de \u00a1Nos Vamos de Tapas! 2025 en Torrevieja - Torrevieja Gastron\u00f3mica","isPartOf":{"@id":"https:\/\/www.torreviejagastronomica.com\/#website"},"primaryImageOfPage":{"@id":"https:\/\/www.torreviejagastronomica.com\/ii-concurso-y-12a-edicion-de-nos-vamos-de-tapas-2025-en-torrevieja\/#primaryimage"},"image":{"@id":"https:\/\/www.torreviejagastronomica.com\/ii-concurso-y-12a-edicion-de-nos-vamos-de-tapas-2025-en-torrevieja\/#primaryimage"},"thumbnailUrl":"https:\/\/www.torreviejagastronomica.com\/wp-content\/uploads\/2025\/09\/generated_image.png","datePublished":"2025-09-17T14:43:41+00:00","dateModified":"2025-09-17T14:50:35+00:00","description":"Abierto el plazo de inscripci\u00f3n para el II Concurso y 12\u00aa Edici\u00f3n de \u00a1Nos Vamos de Tapas! en Torrevieja 2025. Premios, fechas y toda la informaci\u00f3n de participaci\u00f3n.","breadcrumb":{"@id":"https:\/\/www.torreviejagastronomica.com\/ii-concurso-y-12a-edicion-de-nos-vamos-de-tapas-2025-en-torrevieja\/#breadcrumb"},"inLanguage":"es","potentialAction":[{"@type":"ReadAction","target":["https:\/\/www.torreviejagastronomica.com\/ii-concurso-y-12a-edicion-de-nos-vamos-de-tapas-2025-en-torrevieja\/"]}]},{"@type":"ImageObject","inLanguage":"es","@id":"https:\/\/www.torreviejagastronomica.com\/ii-concurso-y-12a-edicion-de-nos-vamos-de-tapas-2025-en-torrevieja\/#primaryimage","url":"https:\/\/www.torreviejagastronomica.com\/wp-content\/uploads\/2025\/09\/generated_image.png","contentUrl":"https:\/\/www.torreviejagastronomica.com\/wp-content\/uploads\/2025\/09\/generated_image.png","width":1536,"height":1024},{"@type":"BreadcrumbList","@id":"https:\/\/www.torreviejagastronomica.com\/ii-concurso-y-12a-edicion-de-nos-vamos-de-tapas-2025-en-torrevieja\/#breadcrumb","itemListElement":[{"@type":"ListItem","position":1,"name":"Portada","item":"https:\/\/www.torreviejagastronomica.com\/"},{"@type":"ListItem","position":2,"name":"II Concurso y 12\u00aa Edici\u00f3n de \u00a1Nos Vamos de Tapas! 2025 en Torrevieja"}]},{"@type":"WebSite","@id":"https:\/\/www.torreviejagastronomica.com\/#website","url":"https:\/\/www.torreviejagastronomica.com\/","name":"Torrevieja Gastron\u00f3mica","description":"Asociaci\u00f3n Hosteler\u00eda Torrevieja y Comarca","publisher":{"@id":"https:\/\/www.torreviejagastronomica.com\/#organization"},"potentialAction":[{"@type":"SearchAction","target":{"@type":"EntryPoint","urlTemplate":"https:\/\/www.torreviejagastronomica.com\/?s={search_term_string}"},"query-input":{"@type":"PropertyValueSpecification","valueRequired":true,"valueName":"search_term_string"}}],"inLanguage":"es"},{"@type":"Organization","@id":"https:\/\/www.torreviejagastronomica.com\/#organization","name":"Torrevieja Gastron\u00f3mica","url":"https:\/\/www.torreviejagastronomica.com\/","logo":{"@type":"ImageObject","inLanguage":"es","@id":"https:\/\/www.torreviejagastronomica.com\/#\/schema\/logo\/image\/","url":"https:\/\/www.torreviejagastronomica.com\/wp-content\/uploads\/2023\/09\/Logo-Torrevieja-Gastronomica.png","contentUrl":"https:\/\/www.torreviejagastronomica.com\/wp-content\/uploads\/2023\/09\/Logo-Torrevieja-Gastronomica.png","width":350,"height":100,"caption":"Torrevieja Gastron\u00f3mica"},"image":{"@id":"https:\/\/www.torreviejagastronomica.com\/#\/schema\/logo\/image\/"}},{"@type":"Person","@id":"https:\/\/www.torreviejagastronomica.com\/#\/schema\/person\/9e0116f808f941d46f9baadf5335f0a9","name":"Asociaci\u00f3n de Empresas de Hosteler\u00eda de Torrevieja y Comarca","image":{"@type":"ImageObject","inLanguage":"es","@id":"https:\/\/www.torreviejagastronomica.com\/#\/schema\/person\/image\/","url":"https:\/\/secure.gravatar.com\/avatar\/32ba6ba6e685fc061412a65c4a8a8b6caaf6d90d0985a737a4015d36e84d2d1f?s=96&d=mm&r=g","contentUrl":"https:\/\/secure.gravatar.com\/avatar\/32ba6ba6e685fc061412a65c4a8a8b6caaf6d90d0985a737a4015d36e84d2d1f?s=96&d=mm&r=g","caption":"Asociaci\u00f3n de Empresas de Hosteler\u00eda de Torrevieja y Comarca"},"url":"https:\/\/www.torreviejagastronomica.com\/es\/author\/hosteleria\/"}]}},"_links":{"self":[{"href":"https:\/\/www.torreviejagastronomica.com\/es\/wp-json\/wp\/v2\/posts\/7475","targetHints":{"allow":["GET"]}}],"collection":[{"href":"https:\/\/www.torreviejagastronomica.com\/es\/wp-json\/wp\/v2\/posts"}],"about":[{"href":"https:\/\/www.torreviejagastronomica.com\/es\/wp-json\/wp\/v2\/types\/post"}],"author":[{"embeddable":true,"href":"https:\/\/www.torreviejagastronomica.com\/es\/wp-json\/wp\/v2\/users\/4"}],"replies":[{"embeddable":true,"href":"https:\/\/www.torreviejagastronomica.com\/es\/wp-json\/wp\/v2\/comments?post=7475"}],"version-history":[{"count":2,"href":"https:\/\/www.torreviejagastronomica.com\/es\/wp-json\/wp\/v2\/posts\/7475\/revisions"}],"predecessor-version":[{"id":7478,"href":"https:\/\/www.torreviejagastronomica.com\/es\/wp-json\/wp\/v2\/posts\/7475\/revisions\/7478"}],"wp:featuredmedia":[{"embeddable":true,"href":"https:\/\/www.torreviejagastronomica.com\/es\/wp-json\/wp\/v2\/media\/7476"}],"wp:attachment":[{"href":"https:\/\/www.torreviejagastronomica.com\/es\/wp-json\/wp\/v2\/media?parent=7475"}],"wp:term":[{"taxonomy":"category","embeddable":true,"href":"https:\/\/www.torreviejagastronomica.com\/es\/wp-json\/wp\/v2\/categories?post=7475"},{"taxonomy":"post_tag","embeddable":true,"href":"https:\/\/www.torreviejagastronomica.com\/es\/wp-json\/wp\/v2\/tags?post=7475"}],"curies":[{"name":"wp","href":"https:\/\/api.w.org\/{rel}","templated":true}]}}