{"id":7472,"date":"2025-09-16T21:49:28","date_gmt":"2025-09-16T19:49:28","guid":{"rendered":"https:\/\/www.torreviejagastronomica.com\/?p=7472"},"modified":"2025-09-16T21:49:31","modified_gmt":"2025-09-16T19:49:31","slug":"torrevieja-celebra-el-dia-mundial-del-turismo-con-rutas-tapas-y-actividades-culturales-y-familiares","status":"publish","type":"post","link":"https:\/\/www.torreviejagastronomica.com\/es\/torrevieja-celebra-el-dia-mundial-del-turismo-con-rutas-tapas-y-actividades-culturales-y-familiares\/","title":{"rendered":"Torrevieja celebra el D\u00eda Mundial del Turismo con rutas, tapas y actividades culturales y familiares"},"content":{"rendered":"\n<p>La Concejal de Turismo del Ayuntamiento de Torrevieja, Rosario Mart\u00ednez Chazarra, ha presentado el programa de actividades con motivo del <strong>D\u00eda Mundial del Turismo 2025<\/strong>, que se celebrar\u00e1 del <strong>26 al 28 de septiembr<\/strong>. La ciudad ofrecer\u00e1 un completo calendario de propuestas abiertas a todos los p\u00fablicos con visitas guiadas, charlas, actividades familiares, jornadas gastron\u00f3micas, museos gratuitos y un concurso fotogr\u00e1fico en redes sociales.<\/p>\n\n\n\n<h3 class=\"wp-block-heading\">Programa de actividades<\/h3>\n\n\n\n<p><strong>Viernes 26 de septiembre<\/strong><\/p>\n\n\n\n<ul class=\"wp-block-list\">\n<li><strong>Visitas guiadas por el centro urbano<\/strong>, en espa\u00f1ol, ingl\u00e9s y franc\u00e9s, con pases a las 10:00 y 11:00 horas. Inscripci\u00f3n previa en la Oficina de Turismo.<\/li>\n<\/ul>\n\n\n\n<p><strong>S\u00e1bado 27 de septiembre<\/strong><\/p>\n\n\n\n<ul class=\"wp-block-list\">\n<li><strong>Ruta teatralizada familiar \u201cLa salada historia de las lagunas\u201d<\/strong>, en el Parque Natural de La Mata (10:30 a 12:30 h), dirigida a ni\u00f1os de 7 a 12 a\u00f1os. Aforo limitado a 50 personas.<\/li>\n\n\n\n<li><strong>Visitas guiadas al Museo de Historia Natural<\/strong>, con pases a las 11:00 y 12:00 h (inscripci\u00f3n mediante c\u00f3digo QR).<\/li>\n\n\n\n<li><strong>Charlas divulgativas \u201c\u00c9rase una vez la playa\u201d<\/strong>, de 9:30 a 13:00 h en la calle Concepci\u00f3n.<\/li>\n\n\n\n<li><strong>Jornada de puertas abiertas en museos<\/strong> (Museos Flotantes y Museo del Mar y de la Sal), con acceso gratuito de 10:00 a 13:00 h.<\/li>\n\n\n\n<li><strong>Visita guiada a la Industria Salinera<\/strong>, de 09:00 a 11:00 h, con precio especial de 6 \u20ac.<\/li>\n\n\n\n<li><strong>D\u00eda Internacional de la Tapa \u2013 International Tapas Day in Torrevieja<\/strong>, organizado por la Asociaci\u00f3n de Empresas de Hosteler\u00eda. M\u00e1s informaci\u00f3n en www.torreviejagastronomica.com.<\/li>\n<\/ul>\n\n\n\n<p><strong>Domingo 28 de septiembre<\/strong><\/p>\n\n\n\n<ul class=\"wp-block-list\">\n<li><strong>Ruta ecotur\u00edstica \u201cVi\u00f1edos y sal\u201d<\/strong> en el Parque Natural de La Mata, de 10:00 a 13:30 h. Inscripciones en la Oficina de Turismo o v\u00eda web www.turismodetorrevieja.com\/ecorutas.<\/li>\n<\/ul>\n\n\n\n<h3 class=\"wp-block-heading\">Actividades complementarias<\/h3>\n\n\n\n<p>Del <strong>15 al 26 de septiembre<\/strong> se celebra el <strong>Concurso de Fotograf\u00eda \u201cTorrevieja DMT25\u201d<\/strong> en Instagram. Los participantes deben publicar una foto de su lugar favorito en la ciudad, etiquetar a @torreviejaturis y a\u00f1adir el hashtag #TorreviejaDMT25. Las bases y premios est\u00e1n disponibles en la web municipal.<\/p>\n\n\n\n<p>La concejal Rosario Mart\u00ednez ha destacado que con este programa, Torrevieja reafirma su compromiso con un modelo de turismo <strong>sostenible, cultural y de proximidad<\/strong>, poniendo en valor su patrimonio natural, hist\u00f3rico y gastron\u00f3mico.<\/p>\n\n\n\n<p><\/p>\n","protected":false},"excerpt":{"rendered":"<p>La concejal Rosario Mart\u00ednez ha destacado que con este programa, Torrevieja reafirma su compromiso con un modelo de turismo sostenible, cultural y de proximidad, <\/p>\n","protected":false},"author":4,"featured_media":7473,"comment_status":"open","ping_status":"open","sticky":false,"template":"","format":"standard","meta":{"footnotes":""},"categories":[7],"tags":[],"class_list":["post-7472","post","type-post","status-publish","format-standard","has-post-thumbnail","hentry","category-noticias"],"yoast_head":"<!-- This site is optimized with the Yoast SEO plugin v25.7 - https:\/\/yoast.com\/wordpress\/plugins\/seo\/ -->\n<title>Torrevieja celebra el D\u00eda Mundial del Turismo con rutas, tapas y actividades culturales y familiares - Torrevieja Gastron\u00f3mica<\/title>\n<meta name=\"robots\" content=\"index, follow, max-snippet:-1, max-image-preview:large, max-video-preview:-1\" \/>\n<link rel=\"canonical\" href=\"https:\/\/www.torreviejagastronomica.com\/es\/torrevieja-celebra-el-dia-mundial-del-turismo-con-rutas-tapas-y-actividades-culturales-y-familiares\/\" \/>\n<meta property=\"og:locale\" content=\"es_ES\" \/>\n<meta property=\"og:type\" content=\"article\" \/>\n<meta property=\"og:title\" content=\"Torrevieja celebra el D\u00eda Mundial del Turismo con rutas, tapas y actividades culturales y familiares - Torrevieja Gastron\u00f3mica\" \/>\n<meta property=\"og:description\" content=\"La concejal Rosario Mart\u00ednez ha destacado que con este programa, Torrevieja reafirma su compromiso con un modelo de turismo sostenible, cultural y de proximidad,\" \/>\n<meta property=\"og:url\" content=\"https:\/\/www.torreviejagastronomica.com\/es\/torrevieja-celebra-el-dia-mundial-del-turismo-con-rutas-tapas-y-actividades-culturales-y-familiares\/\" \/>\n<meta property=\"og:site_name\" content=\"Torrevieja Gastron\u00f3mica\" \/>\n<meta property=\"article:published_time\" content=\"2025-09-16T19:49:28+00:00\" \/>\n<meta property=\"article:modified_time\" content=\"2025-09-16T19:49:31+00:00\" \/>\n<meta property=\"og:image\" content=\"https:\/\/www.torreviejagastronomica.com\/wp-content\/uploads\/2025\/09\/turismo.jpg\" \/>\n\t<meta property=\"og:image:width\" content=\"1920\" \/>\n\t<meta property=\"og:image:height\" content=\"1080\" \/>\n\t<meta property=\"og:image:type\" content=\"image\/jpeg\" \/>\n<meta name=\"author\" content=\"Asociaci\u00f3n de Empresas de Hosteler\u00eda de Torrevieja y Comarca\" \/>\n<meta name=\"twitter:card\" content=\"summary_large_image\" \/>\n<meta name=\"twitter:label1\" content=\"Escrito por\" \/>\n\t<meta name=\"twitter:data1\" content=\"Asociaci\u00f3n de Empresas de Hosteler\u00eda de Torrevieja y Comarca\" \/>\n\t<meta name=\"twitter:label2\" content=\"Tiempo de lectura\" \/>\n\t<meta name=\"twitter:data2\" content=\"2 minutos\" \/>\n<script type=\"application\/ld+json\" class=\"yoast-schema-graph\">{\"@context\":\"https:\/\/schema.org\",\"@graph\":[{\"@type\":\"Article\",\"@id\":\"https:\/\/www.torreviejagastronomica.com\/torrevieja-celebra-el-dia-mundial-del-turismo-con-rutas-tapas-y-actividades-culturales-y-familiares\/#article\",\"isPartOf\":{\"@id\":\"https:\/\/www.torreviejagastronomica.com\/torrevieja-celebra-el-dia-mundial-del-turismo-con-rutas-tapas-y-actividades-culturales-y-familiares\/\"},\"author\":{\"name\":\"Asociaci\u00f3n de Empresas de Hosteler\u00eda de Torrevieja y Comarca\",\"@id\":\"https:\/\/www.torreviejagastronomica.com\/#\/schema\/person\/9e0116f808f941d46f9baadf5335f0a9\"},\"headline\":\"Torrevieja celebra el D\u00eda Mundial del Turismo con rutas, tapas y actividades culturales y familiares\",\"datePublished\":\"2025-09-16T19:49:28+00:00\",\"dateModified\":\"2025-09-16T19:49:31+00:00\",\"mainEntityOfPage\":{\"@id\":\"https:\/\/www.torreviejagastronomica.com\/torrevieja-celebra-el-dia-mundial-del-turismo-con-rutas-tapas-y-actividades-culturales-y-familiares\/\"},\"wordCount\":368,\"commentCount\":0,\"publisher\":{\"@id\":\"https:\/\/www.torreviejagastronomica.com\/#organization\"},\"image\":{\"@id\":\"https:\/\/www.torreviejagastronomica.com\/torrevieja-celebra-el-dia-mundial-del-turismo-con-rutas-tapas-y-actividades-culturales-y-familiares\/#primaryimage\"},\"thumbnailUrl\":\"https:\/\/www.torreviejagastronomica.com\/wp-content\/uploads\/2025\/09\/turismo.jpg\",\"articleSection\":[\"Noticias\"],\"inLanguage\":\"es\",\"potentialAction\":[{\"@type\":\"CommentAction\",\"name\":\"Comment\",\"target\":[\"https:\/\/www.torreviejagastronomica.com\/torrevieja-celebra-el-dia-mundial-del-turismo-con-rutas-tapas-y-actividades-culturales-y-familiares\/#respond\"]}]},{\"@type\":\"WebPage\",\"@id\":\"https:\/\/www.torreviejagastronomica.com\/torrevieja-celebra-el-dia-mundial-del-turismo-con-rutas-tapas-y-actividades-culturales-y-familiares\/\",\"url\":\"https:\/\/www.torreviejagastronomica.com\/torrevieja-celebra-el-dia-mundial-del-turismo-con-rutas-tapas-y-actividades-culturales-y-familiares\/\",\"name\":\"Torrevieja celebra el D\u00eda Mundial del Turismo con rutas, tapas y actividades culturales y familiares - Torrevieja Gastron\u00f3mica\",\"isPartOf\":{\"@id\":\"https:\/\/www.torreviejagastronomica.com\/#website\"},\"primaryImageOfPage\":{\"@id\":\"https:\/\/www.torreviejagastronomica.com\/torrevieja-celebra-el-dia-mundial-del-turismo-con-rutas-tapas-y-actividades-culturales-y-familiares\/#primaryimage\"},\"image\":{\"@id\":\"https:\/\/www.torreviejagastronomica.com\/torrevieja-celebra-el-dia-mundial-del-turismo-con-rutas-tapas-y-actividades-culturales-y-familiares\/#primaryimage\"},\"thumbnailUrl\":\"https:\/\/www.torreviejagastronomica.com\/wp-content\/uploads\/2025\/09\/turismo.jpg\",\"datePublished\":\"2025-09-16T19:49:28+00:00\",\"dateModified\":\"2025-09-16T19:49:31+00:00\",\"breadcrumb\":{\"@id\":\"https:\/\/www.torreviejagastronomica.com\/torrevieja-celebra-el-dia-mundial-del-turismo-con-rutas-tapas-y-actividades-culturales-y-familiares\/#breadcrumb\"},\"inLanguage\":\"es\",\"potentialAction\":[{\"@type\":\"ReadAction\",\"target\":[\"https:\/\/www.torreviejagastronomica.com\/torrevieja-celebra-el-dia-mundial-del-turismo-con-rutas-tapas-y-actividades-culturales-y-familiares\/\"]}]},{\"@type\":\"ImageObject\",\"inLanguage\":\"es\",\"@id\":\"https:\/\/www.torreviejagastronomica.com\/torrevieja-celebra-el-dia-mundial-del-turismo-con-rutas-tapas-y-actividades-culturales-y-familiares\/#primaryimage\",\"url\":\"https:\/\/www.torreviejagastronomica.com\/wp-content\/uploads\/2025\/09\/turismo.jpg\",\"contentUrl\":\"https:\/\/www.torreviejagastronomica.com\/wp-content\/uploads\/2025\/09\/turismo.jpg\",\"width\":1920,\"height\":1080},{\"@type\":\"BreadcrumbList\",\"@id\":\"https:\/\/www.torreviejagastronomica.com\/torrevieja-celebra-el-dia-mundial-del-turismo-con-rutas-tapas-y-actividades-culturales-y-familiares\/#breadcrumb\",\"itemListElement\":[{\"@type\":\"ListItem\",\"position\":1,\"name\":\"Portada\",\"item\":\"https:\/\/www.torreviejagastronomica.com\/\"},{\"@type\":\"ListItem\",\"position\":2,\"name\":\"Torrevieja celebra el D\u00eda Mundial del Turismo con rutas, tapas y actividades culturales y familiares\"}]},{\"@type\":\"WebSite\",\"@id\":\"https:\/\/www.torreviejagastronomica.com\/#website\",\"url\":\"https:\/\/www.torreviejagastronomica.com\/\",\"name\":\"Torrevieja Gastron\u00f3mica\",\"description\":\"Asociaci\u00f3n Hosteler\u00eda Torrevieja y Comarca\",\"publisher\":{\"@id\":\"https:\/\/www.torreviejagastronomica.com\/#organization\"},\"potentialAction\":[{\"@type\":\"SearchAction\",\"target\":{\"@type\":\"EntryPoint\",\"urlTemplate\":\"https:\/\/www.torreviejagastronomica.com\/?s={search_term_string}\"},\"query-input\":{\"@type\":\"PropertyValueSpecification\",\"valueRequired\":true,\"valueName\":\"search_term_string\"}}],\"inLanguage\":\"es\"},{\"@type\":\"Organization\",\"@id\":\"https:\/\/www.torreviejagastronomica.com\/#organization\",\"name\":\"Torrevieja Gastron\u00f3mica\",\"url\":\"https:\/\/www.torreviejagastronomica.com\/\",\"logo\":{\"@type\":\"ImageObject\",\"inLanguage\":\"es\",\"@id\":\"https:\/\/www.torreviejagastronomica.com\/#\/schema\/logo\/image\/\",\"url\":\"https:\/\/www.torreviejagastronomica.com\/wp-content\/uploads\/2023\/09\/Logo-Torrevieja-Gastronomica.png\",\"contentUrl\":\"https:\/\/www.torreviejagastronomica.com\/wp-content\/uploads\/2023\/09\/Logo-Torrevieja-Gastronomica.png\",\"width\":350,\"height\":100,\"caption\":\"Torrevieja Gastron\u00f3mica\"},\"image\":{\"@id\":\"https:\/\/www.torreviejagastronomica.com\/#\/schema\/logo\/image\/\"}},{\"@type\":\"Person\",\"@id\":\"https:\/\/www.torreviejagastronomica.com\/#\/schema\/person\/9e0116f808f941d46f9baadf5335f0a9\",\"name\":\"Asociaci\u00f3n de Empresas de Hosteler\u00eda de Torrevieja y Comarca\",\"image\":{\"@type\":\"ImageObject\",\"inLanguage\":\"es\",\"@id\":\"https:\/\/www.torreviejagastronomica.com\/#\/schema\/person\/image\/\",\"url\":\"https:\/\/secure.gravatar.com\/avatar\/32ba6ba6e685fc061412a65c4a8a8b6caaf6d90d0985a737a4015d36e84d2d1f?s=96&d=mm&r=g\",\"contentUrl\":\"https:\/\/secure.gravatar.com\/avatar\/32ba6ba6e685fc061412a65c4a8a8b6caaf6d90d0985a737a4015d36e84d2d1f?s=96&d=mm&r=g\",\"caption\":\"Asociaci\u00f3n de Empresas de Hosteler\u00eda de Torrevieja y Comarca\"},\"url\":\"https:\/\/www.torreviejagastronomica.com\/es\/author\/hosteleria\/\"}]}<\/script>\n<!-- \/ Yoast SEO plugin. -->","yoast_head_json":{"title":"Torrevieja celebra el D\u00eda Mundial del Turismo con rutas, tapas y actividades culturales y familiares - Torrevieja Gastron\u00f3mica","robots":{"index":"index","follow":"follow","max-snippet":"max-snippet:-1","max-image-preview":"max-image-preview:large","max-video-preview":"max-video-preview:-1"},"canonical":"https:\/\/www.torreviejagastronomica.com\/es\/torrevieja-celebra-el-dia-mundial-del-turismo-con-rutas-tapas-y-actividades-culturales-y-familiares\/","og_locale":"es_ES","og_type":"article","og_title":"Torrevieja celebra el D\u00eda Mundial del Turismo con rutas, tapas y actividades culturales y familiares - Torrevieja Gastron\u00f3mica","og_description":"La concejal Rosario Mart\u00ednez ha destacado que con este programa, Torrevieja reafirma su compromiso con un modelo de turismo sostenible, cultural y de proximidad,","og_url":"https:\/\/www.torreviejagastronomica.com\/es\/torrevieja-celebra-el-dia-mundial-del-turismo-con-rutas-tapas-y-actividades-culturales-y-familiares\/","og_site_name":"Torrevieja Gastron\u00f3mica","article_published_time":"2025-09-16T19:49:28+00:00","article_modified_time":"2025-09-16T19:49:31+00:00","og_image":[{"width":1920,"height":1080,"url":"https:\/\/www.torreviejagastronomica.com\/wp-content\/uploads\/2025\/09\/turismo.jpg","type":"image\/jpeg"}],"author":"Asociaci\u00f3n de Empresas de Hosteler\u00eda de Torrevieja y Comarca","twitter_card":"summary_large_image","twitter_misc":{"Escrito por":"Asociaci\u00f3n de Empresas de Hosteler\u00eda de Torrevieja y Comarca","Tiempo de lectura":"2 minutos"},"schema":{"@context":"https:\/\/schema.org","@graph":[{"@type":"Article","@id":"https:\/\/www.torreviejagastronomica.com\/torrevieja-celebra-el-dia-mundial-del-turismo-con-rutas-tapas-y-actividades-culturales-y-familiares\/#article","isPartOf":{"@id":"https:\/\/www.torreviejagastronomica.com\/torrevieja-celebra-el-dia-mundial-del-turismo-con-rutas-tapas-y-actividades-culturales-y-familiares\/"},"author":{"name":"Asociaci\u00f3n de Empresas de Hosteler\u00eda de Torrevieja y Comarca","@id":"https:\/\/www.torreviejagastronomica.com\/#\/schema\/person\/9e0116f808f941d46f9baadf5335f0a9"},"headline":"Torrevieja celebra el D\u00eda Mundial del Turismo con rutas, tapas y actividades culturales y familiares","datePublished":"2025-09-16T19:49:28+00:00","dateModified":"2025-09-16T19:49:31+00:00","mainEntityOfPage":{"@id":"https:\/\/www.torreviejagastronomica.com\/torrevieja-celebra-el-dia-mundial-del-turismo-con-rutas-tapas-y-actividades-culturales-y-familiares\/"},"wordCount":368,"commentCount":0,"publisher":{"@id":"https:\/\/www.torreviejagastronomica.com\/#organization"},"image":{"@id":"https:\/\/www.torreviejagastronomica.com\/torrevieja-celebra-el-dia-mundial-del-turismo-con-rutas-tapas-y-actividades-culturales-y-familiares\/#primaryimage"},"thumbnailUrl":"https:\/\/www.torreviejagastronomica.com\/wp-content\/uploads\/2025\/09\/turismo.jpg","articleSection":["Noticias"],"inLanguage":"es","potentialAction":[{"@type":"CommentAction","name":"Comment","target":["https:\/\/www.torreviejagastronomica.com\/torrevieja-celebra-el-dia-mundial-del-turismo-con-rutas-tapas-y-actividades-culturales-y-familiares\/#respond"]}]},{"@type":"WebPage","@id":"https:\/\/www.torreviejagastronomica.com\/torrevieja-celebra-el-dia-mundial-del-turismo-con-rutas-tapas-y-actividades-culturales-y-familiares\/","url":"https:\/\/www.torreviejagastronomica.com\/torrevieja-celebra-el-dia-mundial-del-turismo-con-rutas-tapas-y-actividades-culturales-y-familiares\/","name":"Torrevieja celebra el D\u00eda Mundial del Turismo con rutas, tapas y actividades culturales y familiares - Torrevieja Gastron\u00f3mica","isPartOf":{"@id":"https:\/\/www.torreviejagastronomica.com\/#website"},"primaryImageOfPage":{"@id":"https:\/\/www.torreviejagastronomica.com\/torrevieja-celebra-el-dia-mundial-del-turismo-con-rutas-tapas-y-actividades-culturales-y-familiares\/#primaryimage"},"image":{"@id":"https:\/\/www.torreviejagastronomica.com\/torrevieja-celebra-el-dia-mundial-del-turismo-con-rutas-tapas-y-actividades-culturales-y-familiares\/#primaryimage"},"thumbnailUrl":"https:\/\/www.torreviejagastronomica.com\/wp-content\/uploads\/2025\/09\/turismo.jpg","datePublished":"2025-09-16T19:49:28+00:00","dateModified":"2025-09-16T19:49:31+00:00","breadcrumb":{"@id":"https:\/\/www.torreviejagastronomica.com\/torrevieja-celebra-el-dia-mundial-del-turismo-con-rutas-tapas-y-actividades-culturales-y-familiares\/#breadcrumb"},"inLanguage":"es","potentialAction":[{"@type":"ReadAction","target":["https:\/\/www.torreviejagastronomica.com\/torrevieja-celebra-el-dia-mundial-del-turismo-con-rutas-tapas-y-actividades-culturales-y-familiares\/"]}]},{"@type":"ImageObject","inLanguage":"es","@id":"https:\/\/www.torreviejagastronomica.com\/torrevieja-celebra-el-dia-mundial-del-turismo-con-rutas-tapas-y-actividades-culturales-y-familiares\/#primaryimage","url":"https:\/\/www.torreviejagastronomica.com\/wp-content\/uploads\/2025\/09\/turismo.jpg","contentUrl":"https:\/\/www.torreviejagastronomica.com\/wp-content\/uploads\/2025\/09\/turismo.jpg","width":1920,"height":1080},{"@type":"BreadcrumbList","@id":"https:\/\/www.torreviejagastronomica.com\/torrevieja-celebra-el-dia-mundial-del-turismo-con-rutas-tapas-y-actividades-culturales-y-familiares\/#breadcrumb","itemListElement":[{"@type":"ListItem","position":1,"name":"Portada","item":"https:\/\/www.torreviejagastronomica.com\/"},{"@type":"ListItem","position":2,"name":"Torrevieja celebra el D\u00eda Mundial del Turismo con rutas, tapas y actividades culturales y familiares"}]},{"@type":"WebSite","@id":"https:\/\/www.torreviejagastronomica.com\/#website","url":"https:\/\/www.torreviejagastronomica.com\/","name":"Torrevieja Gastron\u00f3mica","description":"Asociaci\u00f3n Hosteler\u00eda Torrevieja y Comarca","publisher":{"@id":"https:\/\/www.torreviejagastronomica.com\/#organization"},"potentialAction":[{"@type":"SearchAction","target":{"@type":"EntryPoint","urlTemplate":"https:\/\/www.torreviejagastronomica.com\/?s={search_term_string}"},"query-input":{"@type":"PropertyValueSpecification","valueRequired":true,"valueName":"search_term_string"}}],"inLanguage":"es"},{"@type":"Organization","@id":"https:\/\/www.torreviejagastronomica.com\/#organization","name":"Torrevieja Gastron\u00f3mica","url":"https:\/\/www.torreviejagastronomica.com\/","logo":{"@type":"ImageObject","inLanguage":"es","@id":"https:\/\/www.torreviejagastronomica.com\/#\/schema\/logo\/image\/","url":"https:\/\/www.torreviejagastronomica.com\/wp-content\/uploads\/2023\/09\/Logo-Torrevieja-Gastronomica.png","contentUrl":"https:\/\/www.torreviejagastronomica.com\/wp-content\/uploads\/2023\/09\/Logo-Torrevieja-Gastronomica.png","width":350,"height":100,"caption":"Torrevieja Gastron\u00f3mica"},"image":{"@id":"https:\/\/www.torreviejagastronomica.com\/#\/schema\/logo\/image\/"}},{"@type":"Person","@id":"https:\/\/www.torreviejagastronomica.com\/#\/schema\/person\/9e0116f808f941d46f9baadf5335f0a9","name":"Asociaci\u00f3n de Empresas de Hosteler\u00eda de Torrevieja y Comarca","image":{"@type":"ImageObject","inLanguage":"es","@id":"https:\/\/www.torreviejagastronomica.com\/#\/schema\/person\/image\/","url":"https:\/\/secure.gravatar.com\/avatar\/32ba6ba6e685fc061412a65c4a8a8b6caaf6d90d0985a737a4015d36e84d2d1f?s=96&d=mm&r=g","contentUrl":"https:\/\/secure.gravatar.com\/avatar\/32ba6ba6e685fc061412a65c4a8a8b6caaf6d90d0985a737a4015d36e84d2d1f?s=96&d=mm&r=g","caption":"Asociaci\u00f3n de Empresas de Hosteler\u00eda de Torrevieja y Comarca"},"url":"https:\/\/www.torreviejagastronomica.com\/es\/author\/hosteleria\/"}]}},"_links":{"self":[{"href":"https:\/\/www.torreviejagastronomica.com\/es\/wp-json\/wp\/v2\/posts\/7472","targetHints":{"allow":["GET"]}}],"collection":[{"href":"https:\/\/www.torreviejagastronomica.com\/es\/wp-json\/wp\/v2\/posts"}],"about":[{"href":"https:\/\/www.torreviejagastronomica.com\/es\/wp-json\/wp\/v2\/types\/post"}],"author":[{"embeddable":true,"href":"https:\/\/www.torreviejagastronomica.com\/es\/wp-json\/wp\/v2\/users\/4"}],"replies":[{"embeddable":true,"href":"https:\/\/www.torreviejagastronomica.com\/es\/wp-json\/wp\/v2\/comments?post=7472"}],"version-history":[{"count":1,"href":"https:\/\/www.torreviejagastronomica.com\/es\/wp-json\/wp\/v2\/posts\/7472\/revisions"}],"predecessor-version":[{"id":7474,"href":"https:\/\/www.torreviejagastronomica.com\/es\/wp-json\/wp\/v2\/posts\/7472\/revisions\/7474"}],"wp:featuredmedia":[{"embeddable":true,"href":"https:\/\/www.torreviejagastronomica.com\/es\/wp-json\/wp\/v2\/media\/7473"}],"wp:attachment":[{"href":"https:\/\/www.torreviejagastronomica.com\/es\/wp-json\/wp\/v2\/media?parent=7472"}],"wp:term":[{"taxonomy":"category","embeddable":true,"href":"https:\/\/www.torreviejagastronomica.com\/es\/wp-json\/wp\/v2\/categories?post=7472"},{"taxonomy":"post_tag","embeddable":true,"href":"https:\/\/www.torreviejagastronomica.com\/es\/wp-json\/wp\/v2\/tags?post=7472"}],"curies":[{"name":"wp","href":"https:\/\/api.w.org\/{rel}","templated":true}]}}