{"id":7439,"date":"2025-09-10T13:56:01","date_gmt":"2025-09-10T11:56:01","guid":{"rendered":"https:\/\/www.torreviejagastronomica.com\/?p=7439"},"modified":"2025-09-10T13:56:04","modified_gmt":"2025-09-10T11:56:04","slug":"international-tapas-day-en-torrevieja-el-proximo-27-de-septiembre","status":"publish","type":"post","link":"https:\/\/www.torreviejagastronomica.com\/es\/international-tapas-day-en-torrevieja-el-proximo-27-de-septiembre\/","title":{"rendered":"International Tapas Day en Torrevieja el pr\u00f3ximo 27 de septiembre."},"content":{"rendered":"\n<p>La IX Edici\u00f3n del International Tapas Day se celebrar\u00e1 en Torrevieja el pr\u00f3ximo 27 de septiembre de 2025, coincidiendo con el D\u00eda Mundial del Turismo, y contar\u00e1 con la participaci\u00f3n de destacados restaurantes y bares locales ofreciendo tapa y bebida a un precio \u00fanico de 3,5 \u20ac.<\/p>\n\n\n\n<h3 class=\"wp-block-heading\">Evento gastron\u00f3mico internacional<\/h3>\n\n\n\n<p>El International Tapas Day de Torrevieja regresa por noveno a\u00f1o consecutivo, consolid\u00e1ndose como una cita imprescindible para los amantes de la buena cocina y los turistas que visitan la ciudad. Durante toda la jornada del s\u00e1bado 27 de septiembre, vecinos y visitantes podr\u00e1n disfrutar de una amplia variedad de tapas originales y bebidas en m\u00e1s de una decena de establecimientos participantes a lo largo de la ciudad.<\/p>\n\n\n\n<h3 class=\"wp-block-heading\">Participantes destacados y propuestas gastron\u00f3micas<\/h3>\n\n\n\n<p>Entre los locales participantes figuran restaurantes como <strong>Bianco Sea Emotion, La Cantina Food &amp; Drinks, Jax Torrevieja, N\u00e1ufragos Beach Club, Casa Luchy, Martini\u2019s, Rest. La Mata \u201cFelisa\u201d, Hotel La Laguna Spa &amp; Golf, Guest Rest. Gastrobar, Luna Creciente Gastrobar, Rest. Catalina II, Rest. Pom Pom Pom Pom, Restaurante Diba, Cafeter\u00eda Kafeina y Rest.\/Hostal HB Torrevieja, <\/strong>que presentar\u00e1n tapas creativas destacando productos locales como la alcachofa, pulpo, gambas, solomillo, bacalao y m\u00e1s.<\/p>\n\n\n\n<h3 class=\"wp-block-heading\">Sorteos y concurso de fotograf\u00eda<\/h3>\n\n\n\n<p>El evento incluye sorteos para los asistentes y un concurso de fotograf\u00eda en Instagram. Los participantes deben compartir sus im\u00e1genes del evento y escanear el c\u00f3digo QR disponible para entrar en los sorteos.<\/p>\n\n\n\n<h3 class=\"wp-block-heading\">Organizaci\u00f3n y colaboradores<\/h3>\n\n\n\n<p>El International Tapas Day est\u00e1 organizado por la Asociaci\u00f3n de Empresarios de Hosteler\u00eda de Torrevieja y Comarca, el Ayuntamiento de Torrevieja, Costa Blanca, la Generalitat Valenciana, y L\u2019Exquisit Mediterrani, con la colaboraci\u00f3n de empresas y entidades locales.<strong> <a href=\"https:\/\/www.makro.es\/\">Makro<\/a><\/strong> ser\u00e1 el proveedor oficial del evento, este a\u00f1o es<strong> la alcachofa.<\/strong><\/p>\n\n\n\n<h3 class=\"wp-block-heading\">M\u00e1s informaci\u00f3n<\/h3>\n\n\n\n<p>Para conocer la lista completa de participantes, las tapas ofertadas y c\u00f3mo participar en los sorteos y concursos, se recomienda seguir las redes sociales de instagram @torrevieja_gastronomica Facebook @torreviejagastronomica1 y visitar la web torreviejagastronomica.com.<\/p>\n\n\n\n<p><\/p>\n\n\n\n<figure class=\"wp-block-gallery has-nested-images columns-1 is-cropped wp-block-gallery-1 is-layout-flex wp-block-gallery-is-layout-flex\">\n<figure class=\"wp-block-image size-large\"><img fetchpriority=\"high\" decoding=\"async\" width=\"1024\" height=\"725\" data-id=\"7442\" src=\"https:\/\/www.torreviejagastronomica.com\/wp-content\/uploads\/2025\/09\/PHOTO-2025-09-08-14-58-40-2-1024x725.jpg\" alt=\"\" class=\"wp-image-7442\" srcset=\"https:\/\/www.torreviejagastronomica.com\/wp-content\/uploads\/2025\/09\/PHOTO-2025-09-08-14-58-40-2-1024x725.jpg 1024w, https:\/\/www.torreviejagastronomica.com\/wp-content\/uploads\/2025\/09\/PHOTO-2025-09-08-14-58-40-2-300x212.jpg 300w, https:\/\/www.torreviejagastronomica.com\/wp-content\/uploads\/2025\/09\/PHOTO-2025-09-08-14-58-40-2-768x544.jpg 768w, https:\/\/www.torreviejagastronomica.com\/wp-content\/uploads\/2025\/09\/PHOTO-2025-09-08-14-58-40-2-1536x1088.jpg 1536w, https:\/\/www.torreviejagastronomica.com\/wp-content\/uploads\/2025\/09\/PHOTO-2025-09-08-14-58-40-2-18x12.jpg 18w, https:\/\/www.torreviejagastronomica.com\/wp-content\/uploads\/2025\/09\/PHOTO-2025-09-08-14-58-40-2.jpg 1600w\" sizes=\"(max-width: 1024px) 100vw, 1024px\" \/><\/figure>\n\n\n\n<figure class=\"wp-block-image size-large\"><img decoding=\"async\" width=\"1024\" height=\"725\" data-id=\"7443\" src=\"https:\/\/www.torreviejagastronomica.com\/wp-content\/uploads\/2025\/09\/PHOTO-2025-09-08-14-58-40-1024x725.jpg\" alt=\"\" class=\"wp-image-7443\" srcset=\"https:\/\/www.torreviejagastronomica.com\/wp-content\/uploads\/2025\/09\/PHOTO-2025-09-08-14-58-40-1024x725.jpg 1024w, https:\/\/www.torreviejagastronomica.com\/wp-content\/uploads\/2025\/09\/PHOTO-2025-09-08-14-58-40-300x212.jpg 300w, https:\/\/www.torreviejagastronomica.com\/wp-content\/uploads\/2025\/09\/PHOTO-2025-09-08-14-58-40-768x544.jpg 768w, https:\/\/www.torreviejagastronomica.com\/wp-content\/uploads\/2025\/09\/PHOTO-2025-09-08-14-58-40-1536x1088.jpg 1536w, https:\/\/www.torreviejagastronomica.com\/wp-content\/uploads\/2025\/09\/PHOTO-2025-09-08-14-58-40-18x12.jpg 18w, https:\/\/www.torreviejagastronomica.com\/wp-content\/uploads\/2025\/09\/PHOTO-2025-09-08-14-58-40.jpg 1600w\" sizes=\"(max-width: 1024px) 100vw, 1024px\" \/><\/figure>\n<\/figure>\n\n\n\n<p><\/p>\n","protected":false},"excerpt":{"rendered":"<p>sigue nuestras redes para m\u00e1s informaci\u00f3n.<\/p>\n","protected":false},"author":4,"featured_media":7440,"comment_status":"open","ping_status":"open","sticky":false,"template":"","format":"standard","meta":{"footnotes":""},"categories":[8,7],"tags":[],"class_list":["post-7439","post","type-post","status-publish","format-standard","has-post-thumbnail","hentry","category-eventos","category-noticias"],"yoast_head":"<!-- This site is optimized with the Yoast SEO plugin v25.7 - https:\/\/yoast.com\/wordpress\/plugins\/seo\/ -->\n<title>International Tapas Day en Torrevieja el pr\u00f3ximo 27 de septiembre. - Torrevieja Gastron\u00f3mica<\/title>\n<meta name=\"robots\" content=\"index, follow, max-snippet:-1, max-image-preview:large, max-video-preview:-1\" \/>\n<link rel=\"canonical\" href=\"https:\/\/www.torreviejagastronomica.com\/es\/international-tapas-day-en-torrevieja-el-proximo-27-de-septiembre\/\" \/>\n<meta property=\"og:locale\" content=\"es_ES\" \/>\n<meta property=\"og:type\" content=\"article\" \/>\n<meta property=\"og:title\" content=\"International Tapas Day en Torrevieja el pr\u00f3ximo 27 de septiembre. - Torrevieja Gastron\u00f3mica\" \/>\n<meta property=\"og:description\" content=\"sigue nuestras redes para m\u00e1s informaci\u00f3n.\" \/>\n<meta property=\"og:url\" content=\"https:\/\/www.torreviejagastronomica.com\/es\/international-tapas-day-en-torrevieja-el-proximo-27-de-septiembre\/\" \/>\n<meta property=\"og:site_name\" content=\"Torrevieja Gastron\u00f3mica\" \/>\n<meta property=\"article:published_time\" content=\"2025-09-10T11:56:01+00:00\" \/>\n<meta property=\"article:modified_time\" content=\"2025-09-10T11:56:04+00:00\" \/>\n<meta property=\"og:image\" content=\"https:\/\/www.torreviejagastronomica.com\/wp-content\/uploads\/2025\/09\/Sin-titulo-1920-x-1080-px.jpg\" \/>\n\t<meta property=\"og:image:width\" content=\"1920\" \/>\n\t<meta property=\"og:image:height\" content=\"1080\" \/>\n\t<meta property=\"og:image:type\" content=\"image\/jpeg\" \/>\n<meta name=\"author\" content=\"Asociaci\u00f3n de Empresas de Hosteler\u00eda de Torrevieja y Comarca\" \/>\n<meta name=\"twitter:card\" content=\"summary_large_image\" \/>\n<meta name=\"twitter:label1\" content=\"Escrito por\" \/>\n\t<meta name=\"twitter:data1\" content=\"Asociaci\u00f3n de Empresas de Hosteler\u00eda de Torrevieja y Comarca\" \/>\n\t<meta name=\"twitter:label2\" content=\"Tiempo de lectura\" \/>\n\t<meta name=\"twitter:data2\" content=\"3 minutos\" \/>\n<script type=\"application\/ld+json\" class=\"yoast-schema-graph\">{\"@context\":\"https:\/\/schema.org\",\"@graph\":[{\"@type\":\"Article\",\"@id\":\"https:\/\/www.torreviejagastronomica.com\/international-tapas-day-en-torrevieja-el-proximo-27-de-septiembre\/#article\",\"isPartOf\":{\"@id\":\"https:\/\/www.torreviejagastronomica.com\/international-tapas-day-en-torrevieja-el-proximo-27-de-septiembre\/\"},\"author\":{\"name\":\"Asociaci\u00f3n de Empresas de Hosteler\u00eda de Torrevieja y Comarca\",\"@id\":\"https:\/\/www.torreviejagastronomica.com\/#\/schema\/person\/9e0116f808f941d46f9baadf5335f0a9\"},\"headline\":\"International Tapas Day en Torrevieja el pr\u00f3ximo 27 de septiembre.\",\"datePublished\":\"2025-09-10T11:56:01+00:00\",\"dateModified\":\"2025-09-10T11:56:04+00:00\",\"mainEntityOfPage\":{\"@id\":\"https:\/\/www.torreviejagastronomica.com\/international-tapas-day-en-torrevieja-el-proximo-27-de-septiembre\/\"},\"wordCount\":356,\"commentCount\":0,\"publisher\":{\"@id\":\"https:\/\/www.torreviejagastronomica.com\/#organization\"},\"image\":{\"@id\":\"https:\/\/www.torreviejagastronomica.com\/international-tapas-day-en-torrevieja-el-proximo-27-de-septiembre\/#primaryimage\"},\"thumbnailUrl\":\"https:\/\/www.torreviejagastronomica.com\/wp-content\/uploads\/2025\/09\/Sin-titulo-1920-x-1080-px.jpg\",\"articleSection\":[\"Eventos\",\"Noticias\"],\"inLanguage\":\"es\",\"potentialAction\":[{\"@type\":\"CommentAction\",\"name\":\"Comment\",\"target\":[\"https:\/\/www.torreviejagastronomica.com\/international-tapas-day-en-torrevieja-el-proximo-27-de-septiembre\/#respond\"]}]},{\"@type\":\"WebPage\",\"@id\":\"https:\/\/www.torreviejagastronomica.com\/international-tapas-day-en-torrevieja-el-proximo-27-de-septiembre\/\",\"url\":\"https:\/\/www.torreviejagastronomica.com\/international-tapas-day-en-torrevieja-el-proximo-27-de-septiembre\/\",\"name\":\"International Tapas Day en Torrevieja el pr\u00f3ximo 27 de septiembre. - Torrevieja Gastron\u00f3mica\",\"isPartOf\":{\"@id\":\"https:\/\/www.torreviejagastronomica.com\/#website\"},\"primaryImageOfPage\":{\"@id\":\"https:\/\/www.torreviejagastronomica.com\/international-tapas-day-en-torrevieja-el-proximo-27-de-septiembre\/#primaryimage\"},\"image\":{\"@id\":\"https:\/\/www.torreviejagastronomica.com\/international-tapas-day-en-torrevieja-el-proximo-27-de-septiembre\/#primaryimage\"},\"thumbnailUrl\":\"https:\/\/www.torreviejagastronomica.com\/wp-content\/uploads\/2025\/09\/Sin-titulo-1920-x-1080-px.jpg\",\"datePublished\":\"2025-09-10T11:56:01+00:00\",\"dateModified\":\"2025-09-10T11:56:04+00:00\",\"breadcrumb\":{\"@id\":\"https:\/\/www.torreviejagastronomica.com\/international-tapas-day-en-torrevieja-el-proximo-27-de-septiembre\/#breadcrumb\"},\"inLanguage\":\"es\",\"potentialAction\":[{\"@type\":\"ReadAction\",\"target\":[\"https:\/\/www.torreviejagastronomica.com\/international-tapas-day-en-torrevieja-el-proximo-27-de-septiembre\/\"]}]},{\"@type\":\"ImageObject\",\"inLanguage\":\"es\",\"@id\":\"https:\/\/www.torreviejagastronomica.com\/international-tapas-day-en-torrevieja-el-proximo-27-de-septiembre\/#primaryimage\",\"url\":\"https:\/\/www.torreviejagastronomica.com\/wp-content\/uploads\/2025\/09\/Sin-titulo-1920-x-1080-px.jpg\",\"contentUrl\":\"https:\/\/www.torreviejagastronomica.com\/wp-content\/uploads\/2025\/09\/Sin-titulo-1920-x-1080-px.jpg\",\"width\":1920,\"height\":1080},{\"@type\":\"BreadcrumbList\",\"@id\":\"https:\/\/www.torreviejagastronomica.com\/international-tapas-day-en-torrevieja-el-proximo-27-de-septiembre\/#breadcrumb\",\"itemListElement\":[{\"@type\":\"ListItem\",\"position\":1,\"name\":\"Portada\",\"item\":\"https:\/\/www.torreviejagastronomica.com\/\"},{\"@type\":\"ListItem\",\"position\":2,\"name\":\"International Tapas Day en Torrevieja el pr\u00f3ximo 27 de septiembre.\"}]},{\"@type\":\"WebSite\",\"@id\":\"https:\/\/www.torreviejagastronomica.com\/#website\",\"url\":\"https:\/\/www.torreviejagastronomica.com\/\",\"name\":\"Torrevieja Gastron\u00f3mica\",\"description\":\"Asociaci\u00f3n Hosteler\u00eda Torrevieja y Comarca\",\"publisher\":{\"@id\":\"https:\/\/www.torreviejagastronomica.com\/#organization\"},\"potentialAction\":[{\"@type\":\"SearchAction\",\"target\":{\"@type\":\"EntryPoint\",\"urlTemplate\":\"https:\/\/www.torreviejagastronomica.com\/?s={search_term_string}\"},\"query-input\":{\"@type\":\"PropertyValueSpecification\",\"valueRequired\":true,\"valueName\":\"search_term_string\"}}],\"inLanguage\":\"es\"},{\"@type\":\"Organization\",\"@id\":\"https:\/\/www.torreviejagastronomica.com\/#organization\",\"name\":\"Torrevieja Gastron\u00f3mica\",\"url\":\"https:\/\/www.torreviejagastronomica.com\/\",\"logo\":{\"@type\":\"ImageObject\",\"inLanguage\":\"es\",\"@id\":\"https:\/\/www.torreviejagastronomica.com\/#\/schema\/logo\/image\/\",\"url\":\"https:\/\/www.torreviejagastronomica.com\/wp-content\/uploads\/2023\/09\/Logo-Torrevieja-Gastronomica.png\",\"contentUrl\":\"https:\/\/www.torreviejagastronomica.com\/wp-content\/uploads\/2023\/09\/Logo-Torrevieja-Gastronomica.png\",\"width\":350,\"height\":100,\"caption\":\"Torrevieja Gastron\u00f3mica\"},\"image\":{\"@id\":\"https:\/\/www.torreviejagastronomica.com\/#\/schema\/logo\/image\/\"}},{\"@type\":\"Person\",\"@id\":\"https:\/\/www.torreviejagastronomica.com\/#\/schema\/person\/9e0116f808f941d46f9baadf5335f0a9\",\"name\":\"Asociaci\u00f3n de Empresas de Hosteler\u00eda de Torrevieja y Comarca\",\"image\":{\"@type\":\"ImageObject\",\"inLanguage\":\"es\",\"@id\":\"https:\/\/www.torreviejagastronomica.com\/#\/schema\/person\/image\/\",\"url\":\"https:\/\/secure.gravatar.com\/avatar\/32ba6ba6e685fc061412a65c4a8a8b6caaf6d90d0985a737a4015d36e84d2d1f?s=96&d=mm&r=g\",\"contentUrl\":\"https:\/\/secure.gravatar.com\/avatar\/32ba6ba6e685fc061412a65c4a8a8b6caaf6d90d0985a737a4015d36e84d2d1f?s=96&d=mm&r=g\",\"caption\":\"Asociaci\u00f3n de Empresas de Hosteler\u00eda de Torrevieja y Comarca\"},\"url\":\"https:\/\/www.torreviejagastronomica.com\/es\/author\/hosteleria\/\"}]}<\/script>\n<!-- \/ Yoast SEO plugin. -->","yoast_head_json":{"title":"International Tapas Day en Torrevieja el pr\u00f3ximo 27 de septiembre. - Torrevieja Gastron\u00f3mica","robots":{"index":"index","follow":"follow","max-snippet":"max-snippet:-1","max-image-preview":"max-image-preview:large","max-video-preview":"max-video-preview:-1"},"canonical":"https:\/\/www.torreviejagastronomica.com\/es\/international-tapas-day-en-torrevieja-el-proximo-27-de-septiembre\/","og_locale":"es_ES","og_type":"article","og_title":"International Tapas Day en Torrevieja el pr\u00f3ximo 27 de septiembre. - Torrevieja Gastron\u00f3mica","og_description":"sigue nuestras redes para m\u00e1s informaci\u00f3n.","og_url":"https:\/\/www.torreviejagastronomica.com\/es\/international-tapas-day-en-torrevieja-el-proximo-27-de-septiembre\/","og_site_name":"Torrevieja Gastron\u00f3mica","article_published_time":"2025-09-10T11:56:01+00:00","article_modified_time":"2025-09-10T11:56:04+00:00","og_image":[{"width":1920,"height":1080,"url":"https:\/\/www.torreviejagastronomica.com\/wp-content\/uploads\/2025\/09\/Sin-titulo-1920-x-1080-px.jpg","type":"image\/jpeg"}],"author":"Asociaci\u00f3n de Empresas de Hosteler\u00eda de Torrevieja y Comarca","twitter_card":"summary_large_image","twitter_misc":{"Escrito por":"Asociaci\u00f3n de Empresas de Hosteler\u00eda de Torrevieja y Comarca","Tiempo de lectura":"3 minutos"},"schema":{"@context":"https:\/\/schema.org","@graph":[{"@type":"Article","@id":"https:\/\/www.torreviejagastronomica.com\/international-tapas-day-en-torrevieja-el-proximo-27-de-septiembre\/#article","isPartOf":{"@id":"https:\/\/www.torreviejagastronomica.com\/international-tapas-day-en-torrevieja-el-proximo-27-de-septiembre\/"},"author":{"name":"Asociaci\u00f3n de Empresas de Hosteler\u00eda de Torrevieja y Comarca","@id":"https:\/\/www.torreviejagastronomica.com\/#\/schema\/person\/9e0116f808f941d46f9baadf5335f0a9"},"headline":"International Tapas Day en Torrevieja el pr\u00f3ximo 27 de septiembre.","datePublished":"2025-09-10T11:56:01+00:00","dateModified":"2025-09-10T11:56:04+00:00","mainEntityOfPage":{"@id":"https:\/\/www.torreviejagastronomica.com\/international-tapas-day-en-torrevieja-el-proximo-27-de-septiembre\/"},"wordCount":356,"commentCount":0,"publisher":{"@id":"https:\/\/www.torreviejagastronomica.com\/#organization"},"image":{"@id":"https:\/\/www.torreviejagastronomica.com\/international-tapas-day-en-torrevieja-el-proximo-27-de-septiembre\/#primaryimage"},"thumbnailUrl":"https:\/\/www.torreviejagastronomica.com\/wp-content\/uploads\/2025\/09\/Sin-titulo-1920-x-1080-px.jpg","articleSection":["Eventos","Noticias"],"inLanguage":"es","potentialAction":[{"@type":"CommentAction","name":"Comment","target":["https:\/\/www.torreviejagastronomica.com\/international-tapas-day-en-torrevieja-el-proximo-27-de-septiembre\/#respond"]}]},{"@type":"WebPage","@id":"https:\/\/www.torreviejagastronomica.com\/international-tapas-day-en-torrevieja-el-proximo-27-de-septiembre\/","url":"https:\/\/www.torreviejagastronomica.com\/international-tapas-day-en-torrevieja-el-proximo-27-de-septiembre\/","name":"International Tapas Day en Torrevieja el pr\u00f3ximo 27 de septiembre. - Torrevieja Gastron\u00f3mica","isPartOf":{"@id":"https:\/\/www.torreviejagastronomica.com\/#website"},"primaryImageOfPage":{"@id":"https:\/\/www.torreviejagastronomica.com\/international-tapas-day-en-torrevieja-el-proximo-27-de-septiembre\/#primaryimage"},"image":{"@id":"https:\/\/www.torreviejagastronomica.com\/international-tapas-day-en-torrevieja-el-proximo-27-de-septiembre\/#primaryimage"},"thumbnailUrl":"https:\/\/www.torreviejagastronomica.com\/wp-content\/uploads\/2025\/09\/Sin-titulo-1920-x-1080-px.jpg","datePublished":"2025-09-10T11:56:01+00:00","dateModified":"2025-09-10T11:56:04+00:00","breadcrumb":{"@id":"https:\/\/www.torreviejagastronomica.com\/international-tapas-day-en-torrevieja-el-proximo-27-de-septiembre\/#breadcrumb"},"inLanguage":"es","potentialAction":[{"@type":"ReadAction","target":["https:\/\/www.torreviejagastronomica.com\/international-tapas-day-en-torrevieja-el-proximo-27-de-septiembre\/"]}]},{"@type":"ImageObject","inLanguage":"es","@id":"https:\/\/www.torreviejagastronomica.com\/international-tapas-day-en-torrevieja-el-proximo-27-de-septiembre\/#primaryimage","url":"https:\/\/www.torreviejagastronomica.com\/wp-content\/uploads\/2025\/09\/Sin-titulo-1920-x-1080-px.jpg","contentUrl":"https:\/\/www.torreviejagastronomica.com\/wp-content\/uploads\/2025\/09\/Sin-titulo-1920-x-1080-px.jpg","width":1920,"height":1080},{"@type":"BreadcrumbList","@id":"https:\/\/www.torreviejagastronomica.com\/international-tapas-day-en-torrevieja-el-proximo-27-de-septiembre\/#breadcrumb","itemListElement":[{"@type":"ListItem","position":1,"name":"Portada","item":"https:\/\/www.torreviejagastronomica.com\/"},{"@type":"ListItem","position":2,"name":"International Tapas Day en Torrevieja el pr\u00f3ximo 27 de septiembre."}]},{"@type":"WebSite","@id":"https:\/\/www.torreviejagastronomica.com\/#website","url":"https:\/\/www.torreviejagastronomica.com\/","name":"Torrevieja Gastron\u00f3mica","description":"Asociaci\u00f3n Hosteler\u00eda Torrevieja y Comarca","publisher":{"@id":"https:\/\/www.torreviejagastronomica.com\/#organization"},"potentialAction":[{"@type":"SearchAction","target":{"@type":"EntryPoint","urlTemplate":"https:\/\/www.torreviejagastronomica.com\/?s={search_term_string}"},"query-input":{"@type":"PropertyValueSpecification","valueRequired":true,"valueName":"search_term_string"}}],"inLanguage":"es"},{"@type":"Organization","@id":"https:\/\/www.torreviejagastronomica.com\/#organization","name":"Torrevieja Gastron\u00f3mica","url":"https:\/\/www.torreviejagastronomica.com\/","logo":{"@type":"ImageObject","inLanguage":"es","@id":"https:\/\/www.torreviejagastronomica.com\/#\/schema\/logo\/image\/","url":"https:\/\/www.torreviejagastronomica.com\/wp-content\/uploads\/2023\/09\/Logo-Torrevieja-Gastronomica.png","contentUrl":"https:\/\/www.torreviejagastronomica.com\/wp-content\/uploads\/2023\/09\/Logo-Torrevieja-Gastronomica.png","width":350,"height":100,"caption":"Torrevieja Gastron\u00f3mica"},"image":{"@id":"https:\/\/www.torreviejagastronomica.com\/#\/schema\/logo\/image\/"}},{"@type":"Person","@id":"https:\/\/www.torreviejagastronomica.com\/#\/schema\/person\/9e0116f808f941d46f9baadf5335f0a9","name":"Asociaci\u00f3n de Empresas de Hosteler\u00eda de Torrevieja y Comarca","image":{"@type":"ImageObject","inLanguage":"es","@id":"https:\/\/www.torreviejagastronomica.com\/#\/schema\/person\/image\/","url":"https:\/\/secure.gravatar.com\/avatar\/32ba6ba6e685fc061412a65c4a8a8b6caaf6d90d0985a737a4015d36e84d2d1f?s=96&d=mm&r=g","contentUrl":"https:\/\/secure.gravatar.com\/avatar\/32ba6ba6e685fc061412a65c4a8a8b6caaf6d90d0985a737a4015d36e84d2d1f?s=96&d=mm&r=g","caption":"Asociaci\u00f3n de Empresas de Hosteler\u00eda de Torrevieja y Comarca"},"url":"https:\/\/www.torreviejagastronomica.com\/es\/author\/hosteleria\/"}]}},"_links":{"self":[{"href":"https:\/\/www.torreviejagastronomica.com\/es\/wp-json\/wp\/v2\/posts\/7439","targetHints":{"allow":["GET"]}}],"collection":[{"href":"https:\/\/www.torreviejagastronomica.com\/es\/wp-json\/wp\/v2\/posts"}],"about":[{"href":"https:\/\/www.torreviejagastronomica.com\/es\/wp-json\/wp\/v2\/types\/post"}],"author":[{"embeddable":true,"href":"https:\/\/www.torreviejagastronomica.com\/es\/wp-json\/wp\/v2\/users\/4"}],"replies":[{"embeddable":true,"href":"https:\/\/www.torreviejagastronomica.com\/es\/wp-json\/wp\/v2\/comments?post=7439"}],"version-history":[{"count":1,"href":"https:\/\/www.torreviejagastronomica.com\/es\/wp-json\/wp\/v2\/posts\/7439\/revisions"}],"predecessor-version":[{"id":7444,"href":"https:\/\/www.torreviejagastronomica.com\/es\/wp-json\/wp\/v2\/posts\/7439\/revisions\/7444"}],"wp:featuredmedia":[{"embeddable":true,"href":"https:\/\/www.torreviejagastronomica.com\/es\/wp-json\/wp\/v2\/media\/7440"}],"wp:attachment":[{"href":"https:\/\/www.torreviejagastronomica.com\/es\/wp-json\/wp\/v2\/media?parent=7439"}],"wp:term":[{"taxonomy":"category","embeddable":true,"href":"https:\/\/www.torreviejagastronomica.com\/es\/wp-json\/wp\/v2\/categories?post=7439"},{"taxonomy":"post_tag","embeddable":true,"href":"https:\/\/www.torreviejagastronomica.com\/es\/wp-json\/wp\/v2\/tags?post=7439"}],"curies":[{"name":"wp","href":"https:\/\/api.w.org\/{rel}","templated":true}]}}