{"id":7406,"date":"2025-09-08T20:36:52","date_gmt":"2025-09-08T18:36:52","guid":{"rendered":"https:\/\/www.torreviejagastronomica.com\/?p=7406"},"modified":"2025-09-08T21:02:48","modified_gmt":"2025-09-08T19:02:48","slug":"cursos-gratuitos-de-formacion-profesional-para-el-empleo-2o-semestre-2025-en-cdt-torrevieja","status":"publish","type":"post","link":"https:\/\/www.torreviejagastronomica.com\/es\/cursos-gratuitos-de-formacion-profesional-para-el-empleo-2o-semestre-2025-en-cdt-torrevieja\/","title":{"rendered":"Cursos gratuitos de Formaci\u00f3n Profesional para el Empleo \u2013 2\u00ba semestre 2025 en CdT Torrevieja"},"content":{"rendered":"\n<h4 class=\"wp-block-heading\">El CdT de Torrevieja abre la inscripci\u00f3n a nuevos <strong>cursos gratuitos con certificado de profesionalidad<\/strong>, dirigidos a personas desempleadas e impulsados gracias a la cofinanciaci\u00f3n del <strong>Fondo Social Europeo y la Generalitat Valenciana<\/strong>.<\/h4>\n\n\n\n<p>Los cursos disponibles para el segundo semestre de 2025 son:<\/p>\n\n\n\n<ul class=\"wp-block-list\">\n<li><strong>Cocina (HOTR0408) Nivel 2<\/strong><\/li>\n\n\n\n<li>Fechas: 1 de diciembre de 2025 \u2013 8 de junio de 2026<\/li>\n\n\n\n<li>Horario: lunes a viernes, 9:00 a 16:00 h<\/li>\n\n\n\n<li>Duraci\u00f3n: 810 horas<\/li>\n\n\n\n<li>Inscripci\u00f3n hasta el 24 de noviembre.<\/li>\n\n\n\n<li>Prueba de selecci\u00f3n: 25 de noviembre a las 11:00 h.<\/li>\n\n\n\n<li><strong>Servicios de Restaurante (HOTR0608) Nivel 2<\/strong><\/li>\n\n\n\n<li>Fechas: 1 de diciembre de 2025 \u2013 28 de mayo de 2026<\/li>\n\n\n\n<li>Horario: lunes a viernes, 9:00 a 16:00 h<\/li>\n\n\n\n<li>Duraci\u00f3n: 580 horas<\/li>\n\n\n\n<li>Inscripci\u00f3n hasta el 24 de noviembre.<\/li>\n\n\n\n<li>Prueba de selecci\u00f3n: 25 de noviembre a las 11:00 h.<\/li>\n\n\n\n<li><strong>Reposter\u00eda (HOTR0509) Nivel 2<\/strong><\/li>\n\n\n\n<li>Fechas: 10 de diciembre de 2025 \u2013 20 de mayo de 2026<\/li>\n\n\n\n<li>Horario: lunes a viernes, 9:00 a 14:00 h<\/li>\n\n\n\n<li>Duraci\u00f3n: 500 horas<\/li>\n\n\n\n<li>Inscripci\u00f3n hasta el 1 de diciembre.<\/li>\n\n\n\n<li>Prueba de selecci\u00f3n: 2 de diciembre a las 11:00 h.<\/li>\n<\/ul>\n\n\n\n<p><strong>Requisitos de admisi\u00f3n<\/strong>: inscripci\u00f3n online en <a href=\"https:\/\/www.cdt.gva.es\">www.cdt.gva.es<\/a> con DNI\/NIE y DARDE en vigor. Plazas limitadas, asistencia m\u00ednima del 75% y superaci\u00f3n de pruebas para la obtenci\u00f3n del diploma.<\/p>\n\n\n\n<hr class=\"wp-block-separator has-alpha-channel-opacity\"\/>\n\n\n\n<h3 class=\"wp-block-heading\"><\/h3>\n\n\n\n<p><\/p>\n","protected":false},"excerpt":{"rendered":"<p>Plazas limitadas, asistencia m\u00ednima del 75% y superaci\u00f3n de pruebas para la obtenci\u00f3n del diploma.<\/p>\n","protected":false},"author":4,"featured_media":7407,"comment_status":"open","ping_status":"open","sticky":false,"template":"","format":"standard","meta":{"footnotes":""},"categories":[7],"tags":[],"class_list":["post-7406","post","type-post","status-publish","format-standard","has-post-thumbnail","hentry","category-noticias"],"yoast_head":"<!-- This site is optimized with the Yoast SEO plugin v25.7 - https:\/\/yoast.com\/wordpress\/plugins\/seo\/ -->\n<title>Cursos gratuitos de Formaci\u00f3n Profesional para el Empleo \u2013 2\u00ba semestre 2025 en CdT Torrevieja - Torrevieja Gastron\u00f3mica<\/title>\n<meta name=\"description\" content=\"El CdT de Torrevieja abre inscripci\u00f3n a cursos gratuitos con certificado de profesionalidad en Cocina, Reposter\u00eda y Servicios de Restaurante. Plazas limitadas, inicio en diciembre 2025.\" \/>\n<meta name=\"robots\" content=\"index, follow, max-snippet:-1, max-image-preview:large, max-video-preview:-1\" \/>\n<link rel=\"canonical\" href=\"https:\/\/www.torreviejagastronomica.com\/es\/cursos-gratuitos-de-formacion-profesional-para-el-empleo-2o-semestre-2025-en-cdt-torrevieja\/\" \/>\n<meta property=\"og:locale\" content=\"es_ES\" \/>\n<meta property=\"og:type\" content=\"article\" \/>\n<meta property=\"og:title\" content=\"Cursos gratuitos de Formaci\u00f3n Profesional para el Empleo \u2013 2\u00ba semestre 2025 en CdT Torrevieja - Torrevieja Gastron\u00f3mica\" \/>\n<meta property=\"og:description\" content=\"Cursos gratuitos de Formaci\u00f3n Profesional para el Empleo \u2013 2\u00ba semestre 2025 en CdT Torrevieja, Cocina, Servicios de Restaurante y Reposter\u00eda\" \/>\n<meta property=\"og:url\" content=\"https:\/\/www.torreviejagastronomica.com\/es\/cursos-gratuitos-de-formacion-profesional-para-el-empleo-2o-semestre-2025-en-cdt-torrevieja\/\" \/>\n<meta property=\"og:site_name\" content=\"Torrevieja Gastron\u00f3mica\" \/>\n<meta property=\"article:published_time\" content=\"2025-09-08T18:36:52+00:00\" \/>\n<meta property=\"article:modified_time\" content=\"2025-09-08T19:02:48+00:00\" \/>\n<meta property=\"og:image\" content=\"https:\/\/www.torreviejagastronomica.com\/wp-content\/uploads\/2025\/09\/pexels-elletakesphotos-2696064-scaled.jpg\" \/>\n\t<meta property=\"og:image:width\" content=\"2560\" \/>\n\t<meta property=\"og:image:height\" content=\"1707\" \/>\n\t<meta property=\"og:image:type\" content=\"image\/jpeg\" \/>\n<meta name=\"author\" content=\"Asociaci\u00f3n de Empresas de Hosteler\u00eda de Torrevieja y Comarca\" \/>\n<meta name=\"twitter:card\" content=\"summary_large_image\" \/>\n<meta name=\"twitter:label1\" content=\"Escrito por\" \/>\n\t<meta name=\"twitter:data1\" content=\"Asociaci\u00f3n de Empresas de Hosteler\u00eda de Torrevieja y Comarca\" \/>\n\t<meta name=\"twitter:label2\" content=\"Tiempo de lectura\" \/>\n\t<meta name=\"twitter:data2\" content=\"2 minutos\" \/>\n<script type=\"application\/ld+json\" class=\"yoast-schema-graph\">{\"@context\":\"https:\/\/schema.org\",\"@graph\":[{\"@type\":\"Article\",\"@id\":\"https:\/\/www.torreviejagastronomica.com\/cursos-gratuitos-de-formacion-profesional-para-el-empleo-2o-semestre-2025-en-cdt-torrevieja\/#article\",\"isPartOf\":{\"@id\":\"https:\/\/www.torreviejagastronomica.com\/cursos-gratuitos-de-formacion-profesional-para-el-empleo-2o-semestre-2025-en-cdt-torrevieja\/\"},\"author\":{\"name\":\"Asociaci\u00f3n de Empresas de Hosteler\u00eda de Torrevieja y Comarca\",\"@id\":\"https:\/\/www.torreviejagastronomica.com\/#\/schema\/person\/9e0116f808f941d46f9baadf5335f0a9\"},\"headline\":\"Cursos gratuitos de Formaci\u00f3n Profesional para el Empleo \u2013 2\u00ba semestre 2025 en CdT Torrevieja\",\"datePublished\":\"2025-09-08T18:36:52+00:00\",\"dateModified\":\"2025-09-08T19:02:48+00:00\",\"mainEntityOfPage\":{\"@id\":\"https:\/\/www.torreviejagastronomica.com\/cursos-gratuitos-de-formacion-profesional-para-el-empleo-2o-semestre-2025-en-cdt-torrevieja\/\"},\"wordCount\":198,\"commentCount\":0,\"publisher\":{\"@id\":\"https:\/\/www.torreviejagastronomica.com\/#organization\"},\"image\":{\"@id\":\"https:\/\/www.torreviejagastronomica.com\/cursos-gratuitos-de-formacion-profesional-para-el-empleo-2o-semestre-2025-en-cdt-torrevieja\/#primaryimage\"},\"thumbnailUrl\":\"https:\/\/www.torreviejagastronomica.com\/wp-content\/uploads\/2025\/09\/pexels-elletakesphotos-2696064-scaled.jpg\",\"articleSection\":[\"Noticias\"],\"inLanguage\":\"es\",\"potentialAction\":[{\"@type\":\"CommentAction\",\"name\":\"Comment\",\"target\":[\"https:\/\/www.torreviejagastronomica.com\/cursos-gratuitos-de-formacion-profesional-para-el-empleo-2o-semestre-2025-en-cdt-torrevieja\/#respond\"]}]},{\"@type\":\"WebPage\",\"@id\":\"https:\/\/www.torreviejagastronomica.com\/cursos-gratuitos-de-formacion-profesional-para-el-empleo-2o-semestre-2025-en-cdt-torrevieja\/\",\"url\":\"https:\/\/www.torreviejagastronomica.com\/cursos-gratuitos-de-formacion-profesional-para-el-empleo-2o-semestre-2025-en-cdt-torrevieja\/\",\"name\":\"Cursos gratuitos de Formaci\u00f3n Profesional para el Empleo \u2013 2\u00ba semestre 2025 en CdT Torrevieja - Torrevieja Gastron\u00f3mica\",\"isPartOf\":{\"@id\":\"https:\/\/www.torreviejagastronomica.com\/#website\"},\"primaryImageOfPage\":{\"@id\":\"https:\/\/www.torreviejagastronomica.com\/cursos-gratuitos-de-formacion-profesional-para-el-empleo-2o-semestre-2025-en-cdt-torrevieja\/#primaryimage\"},\"image\":{\"@id\":\"https:\/\/www.torreviejagastronomica.com\/cursos-gratuitos-de-formacion-profesional-para-el-empleo-2o-semestre-2025-en-cdt-torrevieja\/#primaryimage\"},\"thumbnailUrl\":\"https:\/\/www.torreviejagastronomica.com\/wp-content\/uploads\/2025\/09\/pexels-elletakesphotos-2696064-scaled.jpg\",\"datePublished\":\"2025-09-08T18:36:52+00:00\",\"dateModified\":\"2025-09-08T19:02:48+00:00\",\"description\":\"El CdT de Torrevieja abre inscripci\u00f3n a cursos gratuitos con certificado de profesionalidad en Cocina, Reposter\u00eda y Servicios de Restaurante. Plazas limitadas, inicio en diciembre 2025.\",\"breadcrumb\":{\"@id\":\"https:\/\/www.torreviejagastronomica.com\/cursos-gratuitos-de-formacion-profesional-para-el-empleo-2o-semestre-2025-en-cdt-torrevieja\/#breadcrumb\"},\"inLanguage\":\"es\",\"potentialAction\":[{\"@type\":\"ReadAction\",\"target\":[\"https:\/\/www.torreviejagastronomica.com\/cursos-gratuitos-de-formacion-profesional-para-el-empleo-2o-semestre-2025-en-cdt-torrevieja\/\"]}]},{\"@type\":\"ImageObject\",\"inLanguage\":\"es\",\"@id\":\"https:\/\/www.torreviejagastronomica.com\/cursos-gratuitos-de-formacion-profesional-para-el-empleo-2o-semestre-2025-en-cdt-torrevieja\/#primaryimage\",\"url\":\"https:\/\/www.torreviejagastronomica.com\/wp-content\/uploads\/2025\/09\/pexels-elletakesphotos-2696064-scaled.jpg\",\"contentUrl\":\"https:\/\/www.torreviejagastronomica.com\/wp-content\/uploads\/2025\/09\/pexels-elletakesphotos-2696064-scaled.jpg\",\"width\":2560,\"height\":1707},{\"@type\":\"BreadcrumbList\",\"@id\":\"https:\/\/www.torreviejagastronomica.com\/cursos-gratuitos-de-formacion-profesional-para-el-empleo-2o-semestre-2025-en-cdt-torrevieja\/#breadcrumb\",\"itemListElement\":[{\"@type\":\"ListItem\",\"position\":1,\"name\":\"Portada\",\"item\":\"https:\/\/www.torreviejagastronomica.com\/\"},{\"@type\":\"ListItem\",\"position\":2,\"name\":\"Cursos gratuitos de Formaci\u00f3n Profesional para el Empleo \u2013 2\u00ba semestre 2025 en CdT Torrevieja\"}]},{\"@type\":\"WebSite\",\"@id\":\"https:\/\/www.torreviejagastronomica.com\/#website\",\"url\":\"https:\/\/www.torreviejagastronomica.com\/\",\"name\":\"Torrevieja Gastron\u00f3mica\",\"description\":\"Asociaci\u00f3n Hosteler\u00eda Torrevieja y Comarca\",\"publisher\":{\"@id\":\"https:\/\/www.torreviejagastronomica.com\/#organization\"},\"potentialAction\":[{\"@type\":\"SearchAction\",\"target\":{\"@type\":\"EntryPoint\",\"urlTemplate\":\"https:\/\/www.torreviejagastronomica.com\/?s={search_term_string}\"},\"query-input\":{\"@type\":\"PropertyValueSpecification\",\"valueRequired\":true,\"valueName\":\"search_term_string\"}}],\"inLanguage\":\"es\"},{\"@type\":\"Organization\",\"@id\":\"https:\/\/www.torreviejagastronomica.com\/#organization\",\"name\":\"Torrevieja Gastron\u00f3mica\",\"url\":\"https:\/\/www.torreviejagastronomica.com\/\",\"logo\":{\"@type\":\"ImageObject\",\"inLanguage\":\"es\",\"@id\":\"https:\/\/www.torreviejagastronomica.com\/#\/schema\/logo\/image\/\",\"url\":\"https:\/\/www.torreviejagastronomica.com\/wp-content\/uploads\/2023\/09\/Logo-Torrevieja-Gastronomica.png\",\"contentUrl\":\"https:\/\/www.torreviejagastronomica.com\/wp-content\/uploads\/2023\/09\/Logo-Torrevieja-Gastronomica.png\",\"width\":350,\"height\":100,\"caption\":\"Torrevieja Gastron\u00f3mica\"},\"image\":{\"@id\":\"https:\/\/www.torreviejagastronomica.com\/#\/schema\/logo\/image\/\"}},{\"@type\":\"Person\",\"@id\":\"https:\/\/www.torreviejagastronomica.com\/#\/schema\/person\/9e0116f808f941d46f9baadf5335f0a9\",\"name\":\"Asociaci\u00f3n de Empresas de Hosteler\u00eda de Torrevieja y Comarca\",\"image\":{\"@type\":\"ImageObject\",\"inLanguage\":\"es\",\"@id\":\"https:\/\/www.torreviejagastronomica.com\/#\/schema\/person\/image\/\",\"url\":\"https:\/\/secure.gravatar.com\/avatar\/32ba6ba6e685fc061412a65c4a8a8b6caaf6d90d0985a737a4015d36e84d2d1f?s=96&d=mm&r=g\",\"contentUrl\":\"https:\/\/secure.gravatar.com\/avatar\/32ba6ba6e685fc061412a65c4a8a8b6caaf6d90d0985a737a4015d36e84d2d1f?s=96&d=mm&r=g\",\"caption\":\"Asociaci\u00f3n de Empresas de Hosteler\u00eda de Torrevieja y Comarca\"},\"url\":\"https:\/\/www.torreviejagastronomica.com\/es\/author\/hosteleria\/\"}]}<\/script>\n<!-- \/ Yoast SEO plugin. -->","yoast_head_json":{"title":"Cursos gratuitos de Formaci\u00f3n Profesional para el Empleo \u2013 2\u00ba semestre 2025 en CdT Torrevieja - Torrevieja Gastron\u00f3mica","description":"El CdT de Torrevieja abre inscripci\u00f3n a cursos gratuitos con certificado de profesionalidad en Cocina, Reposter\u00eda y Servicios de Restaurante. Plazas limitadas, inicio en diciembre 2025.","robots":{"index":"index","follow":"follow","max-snippet":"max-snippet:-1","max-image-preview":"max-image-preview:large","max-video-preview":"max-video-preview:-1"},"canonical":"https:\/\/www.torreviejagastronomica.com\/es\/cursos-gratuitos-de-formacion-profesional-para-el-empleo-2o-semestre-2025-en-cdt-torrevieja\/","og_locale":"es_ES","og_type":"article","og_title":"Cursos gratuitos de Formaci\u00f3n Profesional para el Empleo \u2013 2\u00ba semestre 2025 en CdT Torrevieja - Torrevieja Gastron\u00f3mica","og_description":"Cursos gratuitos de Formaci\u00f3n Profesional para el Empleo \u2013 2\u00ba semestre 2025 en CdT Torrevieja, Cocina, Servicios de Restaurante y Reposter\u00eda","og_url":"https:\/\/www.torreviejagastronomica.com\/es\/cursos-gratuitos-de-formacion-profesional-para-el-empleo-2o-semestre-2025-en-cdt-torrevieja\/","og_site_name":"Torrevieja Gastron\u00f3mica","article_published_time":"2025-09-08T18:36:52+00:00","article_modified_time":"2025-09-08T19:02:48+00:00","og_image":[{"width":2560,"height":1707,"url":"https:\/\/www.torreviejagastronomica.com\/wp-content\/uploads\/2025\/09\/pexels-elletakesphotos-2696064-scaled.jpg","type":"image\/jpeg"}],"author":"Asociaci\u00f3n de Empresas de Hosteler\u00eda de Torrevieja y Comarca","twitter_card":"summary_large_image","twitter_misc":{"Escrito por":"Asociaci\u00f3n de Empresas de Hosteler\u00eda de Torrevieja y Comarca","Tiempo de lectura":"2 minutos"},"schema":{"@context":"https:\/\/schema.org","@graph":[{"@type":"Article","@id":"https:\/\/www.torreviejagastronomica.com\/cursos-gratuitos-de-formacion-profesional-para-el-empleo-2o-semestre-2025-en-cdt-torrevieja\/#article","isPartOf":{"@id":"https:\/\/www.torreviejagastronomica.com\/cursos-gratuitos-de-formacion-profesional-para-el-empleo-2o-semestre-2025-en-cdt-torrevieja\/"},"author":{"name":"Asociaci\u00f3n de Empresas de Hosteler\u00eda de Torrevieja y Comarca","@id":"https:\/\/www.torreviejagastronomica.com\/#\/schema\/person\/9e0116f808f941d46f9baadf5335f0a9"},"headline":"Cursos gratuitos de Formaci\u00f3n Profesional para el Empleo \u2013 2\u00ba semestre 2025 en CdT Torrevieja","datePublished":"2025-09-08T18:36:52+00:00","dateModified":"2025-09-08T19:02:48+00:00","mainEntityOfPage":{"@id":"https:\/\/www.torreviejagastronomica.com\/cursos-gratuitos-de-formacion-profesional-para-el-empleo-2o-semestre-2025-en-cdt-torrevieja\/"},"wordCount":198,"commentCount":0,"publisher":{"@id":"https:\/\/www.torreviejagastronomica.com\/#organization"},"image":{"@id":"https:\/\/www.torreviejagastronomica.com\/cursos-gratuitos-de-formacion-profesional-para-el-empleo-2o-semestre-2025-en-cdt-torrevieja\/#primaryimage"},"thumbnailUrl":"https:\/\/www.torreviejagastronomica.com\/wp-content\/uploads\/2025\/09\/pexels-elletakesphotos-2696064-scaled.jpg","articleSection":["Noticias"],"inLanguage":"es","potentialAction":[{"@type":"CommentAction","name":"Comment","target":["https:\/\/www.torreviejagastronomica.com\/cursos-gratuitos-de-formacion-profesional-para-el-empleo-2o-semestre-2025-en-cdt-torrevieja\/#respond"]}]},{"@type":"WebPage","@id":"https:\/\/www.torreviejagastronomica.com\/cursos-gratuitos-de-formacion-profesional-para-el-empleo-2o-semestre-2025-en-cdt-torrevieja\/","url":"https:\/\/www.torreviejagastronomica.com\/cursos-gratuitos-de-formacion-profesional-para-el-empleo-2o-semestre-2025-en-cdt-torrevieja\/","name":"Cursos gratuitos de Formaci\u00f3n Profesional para el Empleo \u2013 2\u00ba semestre 2025 en CdT Torrevieja - Torrevieja Gastron\u00f3mica","isPartOf":{"@id":"https:\/\/www.torreviejagastronomica.com\/#website"},"primaryImageOfPage":{"@id":"https:\/\/www.torreviejagastronomica.com\/cursos-gratuitos-de-formacion-profesional-para-el-empleo-2o-semestre-2025-en-cdt-torrevieja\/#primaryimage"},"image":{"@id":"https:\/\/www.torreviejagastronomica.com\/cursos-gratuitos-de-formacion-profesional-para-el-empleo-2o-semestre-2025-en-cdt-torrevieja\/#primaryimage"},"thumbnailUrl":"https:\/\/www.torreviejagastronomica.com\/wp-content\/uploads\/2025\/09\/pexels-elletakesphotos-2696064-scaled.jpg","datePublished":"2025-09-08T18:36:52+00:00","dateModified":"2025-09-08T19:02:48+00:00","description":"El CdT de Torrevieja abre inscripci\u00f3n a cursos gratuitos con certificado de profesionalidad en Cocina, Reposter\u00eda y Servicios de Restaurante. Plazas limitadas, inicio en diciembre 2025.","breadcrumb":{"@id":"https:\/\/www.torreviejagastronomica.com\/cursos-gratuitos-de-formacion-profesional-para-el-empleo-2o-semestre-2025-en-cdt-torrevieja\/#breadcrumb"},"inLanguage":"es","potentialAction":[{"@type":"ReadAction","target":["https:\/\/www.torreviejagastronomica.com\/cursos-gratuitos-de-formacion-profesional-para-el-empleo-2o-semestre-2025-en-cdt-torrevieja\/"]}]},{"@type":"ImageObject","inLanguage":"es","@id":"https:\/\/www.torreviejagastronomica.com\/cursos-gratuitos-de-formacion-profesional-para-el-empleo-2o-semestre-2025-en-cdt-torrevieja\/#primaryimage","url":"https:\/\/www.torreviejagastronomica.com\/wp-content\/uploads\/2025\/09\/pexels-elletakesphotos-2696064-scaled.jpg","contentUrl":"https:\/\/www.torreviejagastronomica.com\/wp-content\/uploads\/2025\/09\/pexels-elletakesphotos-2696064-scaled.jpg","width":2560,"height":1707},{"@type":"BreadcrumbList","@id":"https:\/\/www.torreviejagastronomica.com\/cursos-gratuitos-de-formacion-profesional-para-el-empleo-2o-semestre-2025-en-cdt-torrevieja\/#breadcrumb","itemListElement":[{"@type":"ListItem","position":1,"name":"Portada","item":"https:\/\/www.torreviejagastronomica.com\/"},{"@type":"ListItem","position":2,"name":"Cursos gratuitos de Formaci\u00f3n Profesional para el Empleo \u2013 2\u00ba semestre 2025 en CdT Torrevieja"}]},{"@type":"WebSite","@id":"https:\/\/www.torreviejagastronomica.com\/#website","url":"https:\/\/www.torreviejagastronomica.com\/","name":"Torrevieja Gastron\u00f3mica","description":"Asociaci\u00f3n Hosteler\u00eda Torrevieja y Comarca","publisher":{"@id":"https:\/\/www.torreviejagastronomica.com\/#organization"},"potentialAction":[{"@type":"SearchAction","target":{"@type":"EntryPoint","urlTemplate":"https:\/\/www.torreviejagastronomica.com\/?s={search_term_string}"},"query-input":{"@type":"PropertyValueSpecification","valueRequired":true,"valueName":"search_term_string"}}],"inLanguage":"es"},{"@type":"Organization","@id":"https:\/\/www.torreviejagastronomica.com\/#organization","name":"Torrevieja Gastron\u00f3mica","url":"https:\/\/www.torreviejagastronomica.com\/","logo":{"@type":"ImageObject","inLanguage":"es","@id":"https:\/\/www.torreviejagastronomica.com\/#\/schema\/logo\/image\/","url":"https:\/\/www.torreviejagastronomica.com\/wp-content\/uploads\/2023\/09\/Logo-Torrevieja-Gastronomica.png","contentUrl":"https:\/\/www.torreviejagastronomica.com\/wp-content\/uploads\/2023\/09\/Logo-Torrevieja-Gastronomica.png","width":350,"height":100,"caption":"Torrevieja Gastron\u00f3mica"},"image":{"@id":"https:\/\/www.torreviejagastronomica.com\/#\/schema\/logo\/image\/"}},{"@type":"Person","@id":"https:\/\/www.torreviejagastronomica.com\/#\/schema\/person\/9e0116f808f941d46f9baadf5335f0a9","name":"Asociaci\u00f3n de Empresas de Hosteler\u00eda de Torrevieja y Comarca","image":{"@type":"ImageObject","inLanguage":"es","@id":"https:\/\/www.torreviejagastronomica.com\/#\/schema\/person\/image\/","url":"https:\/\/secure.gravatar.com\/avatar\/32ba6ba6e685fc061412a65c4a8a8b6caaf6d90d0985a737a4015d36e84d2d1f?s=96&d=mm&r=g","contentUrl":"https:\/\/secure.gravatar.com\/avatar\/32ba6ba6e685fc061412a65c4a8a8b6caaf6d90d0985a737a4015d36e84d2d1f?s=96&d=mm&r=g","caption":"Asociaci\u00f3n de Empresas de Hosteler\u00eda de Torrevieja y Comarca"},"url":"https:\/\/www.torreviejagastronomica.com\/es\/author\/hosteleria\/"}]}},"_links":{"self":[{"href":"https:\/\/www.torreviejagastronomica.com\/es\/wp-json\/wp\/v2\/posts\/7406","targetHints":{"allow":["GET"]}}],"collection":[{"href":"https:\/\/www.torreviejagastronomica.com\/es\/wp-json\/wp\/v2\/posts"}],"about":[{"href":"https:\/\/www.torreviejagastronomica.com\/es\/wp-json\/wp\/v2\/types\/post"}],"author":[{"embeddable":true,"href":"https:\/\/www.torreviejagastronomica.com\/es\/wp-json\/wp\/v2\/users\/4"}],"replies":[{"embeddable":true,"href":"https:\/\/www.torreviejagastronomica.com\/es\/wp-json\/wp\/v2\/comments?post=7406"}],"version-history":[{"count":1,"href":"https:\/\/www.torreviejagastronomica.com\/es\/wp-json\/wp\/v2\/posts\/7406\/revisions"}],"predecessor-version":[{"id":7408,"href":"https:\/\/www.torreviejagastronomica.com\/es\/wp-json\/wp\/v2\/posts\/7406\/revisions\/7408"}],"wp:featuredmedia":[{"embeddable":true,"href":"https:\/\/www.torreviejagastronomica.com\/es\/wp-json\/wp\/v2\/media\/7407"}],"wp:attachment":[{"href":"https:\/\/www.torreviejagastronomica.com\/es\/wp-json\/wp\/v2\/media?parent=7406"}],"wp:term":[{"taxonomy":"category","embeddable":true,"href":"https:\/\/www.torreviejagastronomica.com\/es\/wp-json\/wp\/v2\/categories?post=7406"},{"taxonomy":"post_tag","embeddable":true,"href":"https:\/\/www.torreviejagastronomica.com\/es\/wp-json\/wp\/v2\/tags?post=7406"}],"curies":[{"name":"wp","href":"https:\/\/api.w.org\/{rel}","templated":true}]}}