{"id":7374,"date":"2025-08-21T12:31:19","date_gmt":"2025-08-21T10:31:19","guid":{"rendered":"https:\/\/www.torreviejagastronomica.com\/?p=7374"},"modified":"2025-08-21T12:31:21","modified_gmt":"2025-08-21T10:31:21","slug":"torrevieja-inicia-el-tramite-de-la-nueva-ordenanza-de-ocupacion-de-via-publica","status":"publish","type":"post","link":"https:\/\/www.torreviejagastronomica.com\/es\/torrevieja-inicia-el-tramite-de-la-nueva-ordenanza-de-ocupacion-de-via-publica\/","title":{"rendered":"Torrevieja inicia el tr\u00e1mite de la nueva Ordenanza de Ocupaci\u00f3n de V\u00eda P\u00fablica"},"content":{"rendered":"\n<p>El Ayuntamiento de Torrevieja ha iniciado el procedimiento para la&nbsp;<strong>redacci\u00f3n y aprobaci\u00f3n de la nueva Ordenanza Reguladora de la Ocupaci\u00f3n de la V\u00eda P\u00fablica para el sector hostelero y comercial<\/strong>.<\/p>\n\n\n\n<p>Antes de elaborar el texto definitivo, se ha abierto una&nbsp;<strong>consulta p\u00fablica previa<\/strong>&nbsp;con el objetivo de recabar la opini\u00f3n de ciudadanos, empresas y asociaciones. Este tr\u00e1mite permitir\u00e1 aportar sugerencias sobre:<br>\u2714&nbsp;Problemas que se pretenden resolver con la norma.<br>\u2714&nbsp;Necesidad y objetivos de la nueva ordenanza.<br>\u2714&nbsp;Posibles alternativas regulatorias.<\/p>\n\n\n\n<p><strong>\u00bfC\u00f3mo participar en la consulta?<\/strong><\/p>\n\n\n\n<ul class=\"wp-block-list\">\n<li><strong>Presentaci\u00f3n de sugerencias:<\/strong>\u00a0Se pueden enviar por escrito al Registro del Ayuntamiento (presencialmente o mediante la\u00a0<strong>sede electr\u00f3nica<\/strong>).<br><a href=\"https:\/\/torrevieja.sedelectronica.es\/info.0\">Acceso a la sede electr\u00f3nica<\/a><\/li>\n\n\n\n<li><strong>N\u00famero de expediente:<\/strong>\u00a034784\/2025.<\/li>\n\n\n\n<li><strong>Plazo:<\/strong>\u00a020 d\u00edas h\u00e1biles desde la publicaci\u00f3n en el tabl\u00f3n electr\u00f3nico y web municipal (publicado el 20 de agosto de 2025, finaliza el 17 de septiembre de 2025).<\/li>\n<\/ul>\n\n\n\n<p><strong>Descargar edicto completo:<\/strong><br><a href=\"https:\/\/torrevieja.sedelectronica.es\/preview-document\/099148b1-5574-4f65-b7ea-889708e742c7\/\">Consulta P\u00fablica \u2013 Nueva Ordenanza OVP (PDF)<\/a><\/p>\n\n\n\n<p><strong>Importancia para el sector hostelero<\/strong><br>Esta es una oportunidad para que las empresas del sector puedan aportar ideas y sugerencias que se tendr\u00e1n en cuenta en la redacci\u00f3n de la normativa que regular\u00e1 la ocupaci\u00f3n de terrazas y espacios p\u00fablicos.<\/p>\n\n\n\n<p>Para cualquier duda o asistencia, los establecimientos asociados pueden contactar con nosotros en&nbsp;<strong><a href=\"mailto:correo@aehtc.net\">correo@aehtc.net<\/a><\/strong>&nbsp;o en el&nbsp;<strong>678 673 494<\/strong>.<\/p>\n\n\n\n<p><\/p>\n","protected":false},"excerpt":{"rendered":"<p>Para cualquier duda o asistencia, los establecimientos asociados pueden contactar con la asociaci\u00f3n.<\/p>\n","protected":false},"author":4,"featured_media":7375,"comment_status":"open","ping_status":"open","sticky":false,"template":"","format":"standard","meta":{"footnotes":""},"categories":[7],"tags":[],"class_list":["post-7374","post","type-post","status-publish","format-standard","has-post-thumbnail","hentry","category-noticias"],"yoast_head":"<!-- This site is optimized with the Yoast SEO plugin v25.7 - https:\/\/yoast.com\/wordpress\/plugins\/seo\/ -->\n<title>Torrevieja inicia el tr\u00e1mite de la nueva Ordenanza de Ocupaci\u00f3n de V\u00eda P\u00fablica - Torrevieja Gastron\u00f3mica<\/title>\n<meta name=\"description\" content=\"El Ayuntamiento de Torrevieja abre consulta p\u00fablica para la nueva ordenanza de ocupaci\u00f3n de v\u00eda p\u00fablica. Ciudadanos y hosteleros pueden aportar propuestas.\" \/>\n<meta name=\"robots\" content=\"index, follow, max-snippet:-1, max-image-preview:large, max-video-preview:-1\" \/>\n<link rel=\"canonical\" href=\"https:\/\/www.torreviejagastronomica.com\/es\/torrevieja-inicia-el-tramite-de-la-nueva-ordenanza-de-ocupacion-de-via-publica\/\" \/>\n<meta property=\"og:locale\" content=\"es_ES\" \/>\n<meta property=\"og:type\" content=\"article\" \/>\n<meta property=\"og:title\" content=\"Torrevieja inicia el tr\u00e1mite de la nueva Ordenanza de Ocupaci\u00f3n de V\u00eda P\u00fablica - Torrevieja Gastron\u00f3mica\" \/>\n<meta property=\"og:description\" content=\"El Ayuntamiento de Torrevieja abre consulta p\u00fablica para la nueva ordenanza de ocupaci\u00f3n de v\u00eda p\u00fablica. Ciudadanos y hosteleros pueden aportar propuestas.\" \/>\n<meta property=\"og:url\" content=\"https:\/\/www.torreviejagastronomica.com\/es\/torrevieja-inicia-el-tramite-de-la-nueva-ordenanza-de-ocupacion-de-via-publica\/\" \/>\n<meta property=\"og:site_name\" content=\"Torrevieja Gastron\u00f3mica\" \/>\n<meta property=\"article:published_time\" content=\"2025-08-21T10:31:19+00:00\" \/>\n<meta property=\"article:modified_time\" content=\"2025-08-21T10:31:21+00:00\" \/>\n<meta property=\"og:image\" content=\"https:\/\/www.torreviejagastronomica.com\/wp-content\/uploads\/2025\/08\/terraza-1024x683.png\" \/>\n\t<meta property=\"og:image:width\" content=\"1024\" \/>\n\t<meta property=\"og:image:height\" content=\"683\" \/>\n\t<meta property=\"og:image:type\" content=\"image\/png\" \/>\n<meta name=\"author\" content=\"Asociaci\u00f3n de Empresas de Hosteler\u00eda de Torrevieja y Comarca\" \/>\n<meta name=\"twitter:card\" content=\"summary_large_image\" \/>\n<meta name=\"twitter:label1\" content=\"Escrito por\" \/>\n\t<meta name=\"twitter:data1\" content=\"Asociaci\u00f3n de Empresas de Hosteler\u00eda de Torrevieja y Comarca\" \/>\n\t<meta name=\"twitter:label2\" content=\"Tiempo de lectura\" \/>\n\t<meta name=\"twitter:data2\" content=\"2 minutos\" \/>\n<script type=\"application\/ld+json\" class=\"yoast-schema-graph\">{\"@context\":\"https:\/\/schema.org\",\"@graph\":[{\"@type\":\"Article\",\"@id\":\"https:\/\/www.torreviejagastronomica.com\/torrevieja-inicia-el-tramite-de-la-nueva-ordenanza-de-ocupacion-de-via-publica\/#article\",\"isPartOf\":{\"@id\":\"https:\/\/www.torreviejagastronomica.com\/torrevieja-inicia-el-tramite-de-la-nueva-ordenanza-de-ocupacion-de-via-publica\/\"},\"author\":{\"name\":\"Asociaci\u00f3n de Empresas de Hosteler\u00eda de Torrevieja y Comarca\",\"@id\":\"https:\/\/www.torreviejagastronomica.com\/#\/schema\/person\/9e0116f808f941d46f9baadf5335f0a9\"},\"headline\":\"Torrevieja inicia el tr\u00e1mite de la nueva Ordenanza de Ocupaci\u00f3n de V\u00eda P\u00fablica\",\"datePublished\":\"2025-08-21T10:31:19+00:00\",\"dateModified\":\"2025-08-21T10:31:21+00:00\",\"mainEntityOfPage\":{\"@id\":\"https:\/\/www.torreviejagastronomica.com\/torrevieja-inicia-el-tramite-de-la-nueva-ordenanza-de-ocupacion-de-via-publica\/\"},\"wordCount\":251,\"commentCount\":0,\"publisher\":{\"@id\":\"https:\/\/www.torreviejagastronomica.com\/#organization\"},\"image\":{\"@id\":\"https:\/\/www.torreviejagastronomica.com\/torrevieja-inicia-el-tramite-de-la-nueva-ordenanza-de-ocupacion-de-via-publica\/#primaryimage\"},\"thumbnailUrl\":\"https:\/\/www.torreviejagastronomica.com\/wp-content\/uploads\/2025\/08\/terraza.png\",\"articleSection\":[\"Noticias\"],\"inLanguage\":\"es\",\"potentialAction\":[{\"@type\":\"CommentAction\",\"name\":\"Comment\",\"target\":[\"https:\/\/www.torreviejagastronomica.com\/torrevieja-inicia-el-tramite-de-la-nueva-ordenanza-de-ocupacion-de-via-publica\/#respond\"]}]},{\"@type\":\"WebPage\",\"@id\":\"https:\/\/www.torreviejagastronomica.com\/torrevieja-inicia-el-tramite-de-la-nueva-ordenanza-de-ocupacion-de-via-publica\/\",\"url\":\"https:\/\/www.torreviejagastronomica.com\/torrevieja-inicia-el-tramite-de-la-nueva-ordenanza-de-ocupacion-de-via-publica\/\",\"name\":\"Torrevieja inicia el tr\u00e1mite de la nueva Ordenanza de Ocupaci\u00f3n de V\u00eda P\u00fablica - Torrevieja Gastron\u00f3mica\",\"isPartOf\":{\"@id\":\"https:\/\/www.torreviejagastronomica.com\/#website\"},\"primaryImageOfPage\":{\"@id\":\"https:\/\/www.torreviejagastronomica.com\/torrevieja-inicia-el-tramite-de-la-nueva-ordenanza-de-ocupacion-de-via-publica\/#primaryimage\"},\"image\":{\"@id\":\"https:\/\/www.torreviejagastronomica.com\/torrevieja-inicia-el-tramite-de-la-nueva-ordenanza-de-ocupacion-de-via-publica\/#primaryimage\"},\"thumbnailUrl\":\"https:\/\/www.torreviejagastronomica.com\/wp-content\/uploads\/2025\/08\/terraza.png\",\"datePublished\":\"2025-08-21T10:31:19+00:00\",\"dateModified\":\"2025-08-21T10:31:21+00:00\",\"description\":\"El Ayuntamiento de Torrevieja abre consulta p\u00fablica para la nueva ordenanza de ocupaci\u00f3n de v\u00eda p\u00fablica. Ciudadanos y hosteleros pueden aportar propuestas.\",\"breadcrumb\":{\"@id\":\"https:\/\/www.torreviejagastronomica.com\/torrevieja-inicia-el-tramite-de-la-nueva-ordenanza-de-ocupacion-de-via-publica\/#breadcrumb\"},\"inLanguage\":\"es\",\"potentialAction\":[{\"@type\":\"ReadAction\",\"target\":[\"https:\/\/www.torreviejagastronomica.com\/torrevieja-inicia-el-tramite-de-la-nueva-ordenanza-de-ocupacion-de-via-publica\/\"]}]},{\"@type\":\"ImageObject\",\"inLanguage\":\"es\",\"@id\":\"https:\/\/www.torreviejagastronomica.com\/torrevieja-inicia-el-tramite-de-la-nueva-ordenanza-de-ocupacion-de-via-publica\/#primaryimage\",\"url\":\"https:\/\/www.torreviejagastronomica.com\/wp-content\/uploads\/2025\/08\/terraza.png\",\"contentUrl\":\"https:\/\/www.torreviejagastronomica.com\/wp-content\/uploads\/2025\/08\/terraza.png\",\"width\":1536,\"height\":1024},{\"@type\":\"BreadcrumbList\",\"@id\":\"https:\/\/www.torreviejagastronomica.com\/torrevieja-inicia-el-tramite-de-la-nueva-ordenanza-de-ocupacion-de-via-publica\/#breadcrumb\",\"itemListElement\":[{\"@type\":\"ListItem\",\"position\":1,\"name\":\"Portada\",\"item\":\"https:\/\/www.torreviejagastronomica.com\/\"},{\"@type\":\"ListItem\",\"position\":2,\"name\":\"Torrevieja inicia el tr\u00e1mite de la nueva Ordenanza de Ocupaci\u00f3n de V\u00eda P\u00fablica\"}]},{\"@type\":\"WebSite\",\"@id\":\"https:\/\/www.torreviejagastronomica.com\/#website\",\"url\":\"https:\/\/www.torreviejagastronomica.com\/\",\"name\":\"Torrevieja Gastron\u00f3mica\",\"description\":\"Asociaci\u00f3n Hosteler\u00eda Torrevieja y Comarca\",\"publisher\":{\"@id\":\"https:\/\/www.torreviejagastronomica.com\/#organization\"},\"potentialAction\":[{\"@type\":\"SearchAction\",\"target\":{\"@type\":\"EntryPoint\",\"urlTemplate\":\"https:\/\/www.torreviejagastronomica.com\/?s={search_term_string}\"},\"query-input\":{\"@type\":\"PropertyValueSpecification\",\"valueRequired\":true,\"valueName\":\"search_term_string\"}}],\"inLanguage\":\"es\"},{\"@type\":\"Organization\",\"@id\":\"https:\/\/www.torreviejagastronomica.com\/#organization\",\"name\":\"Torrevieja Gastron\u00f3mica\",\"url\":\"https:\/\/www.torreviejagastronomica.com\/\",\"logo\":{\"@type\":\"ImageObject\",\"inLanguage\":\"es\",\"@id\":\"https:\/\/www.torreviejagastronomica.com\/#\/schema\/logo\/image\/\",\"url\":\"https:\/\/www.torreviejagastronomica.com\/wp-content\/uploads\/2023\/09\/Logo-Torrevieja-Gastronomica.png\",\"contentUrl\":\"https:\/\/www.torreviejagastronomica.com\/wp-content\/uploads\/2023\/09\/Logo-Torrevieja-Gastronomica.png\",\"width\":350,\"height\":100,\"caption\":\"Torrevieja Gastron\u00f3mica\"},\"image\":{\"@id\":\"https:\/\/www.torreviejagastronomica.com\/#\/schema\/logo\/image\/\"}},{\"@type\":\"Person\",\"@id\":\"https:\/\/www.torreviejagastronomica.com\/#\/schema\/person\/9e0116f808f941d46f9baadf5335f0a9\",\"name\":\"Asociaci\u00f3n de Empresas de Hosteler\u00eda de Torrevieja y Comarca\",\"image\":{\"@type\":\"ImageObject\",\"inLanguage\":\"es\",\"@id\":\"https:\/\/www.torreviejagastronomica.com\/#\/schema\/person\/image\/\",\"url\":\"https:\/\/secure.gravatar.com\/avatar\/32ba6ba6e685fc061412a65c4a8a8b6caaf6d90d0985a737a4015d36e84d2d1f?s=96&d=mm&r=g\",\"contentUrl\":\"https:\/\/secure.gravatar.com\/avatar\/32ba6ba6e685fc061412a65c4a8a8b6caaf6d90d0985a737a4015d36e84d2d1f?s=96&d=mm&r=g\",\"caption\":\"Asociaci\u00f3n de Empresas de Hosteler\u00eda de Torrevieja y Comarca\"},\"url\":\"https:\/\/www.torreviejagastronomica.com\/es\/author\/hosteleria\/\"}]}<\/script>\n<!-- \/ Yoast SEO plugin. -->","yoast_head_json":{"title":"Torrevieja inicia el tr\u00e1mite de la nueva Ordenanza de Ocupaci\u00f3n de V\u00eda P\u00fablica - Torrevieja Gastron\u00f3mica","description":"El Ayuntamiento de Torrevieja abre consulta p\u00fablica para la nueva ordenanza de ocupaci\u00f3n de v\u00eda p\u00fablica. Ciudadanos y hosteleros pueden aportar propuestas.","robots":{"index":"index","follow":"follow","max-snippet":"max-snippet:-1","max-image-preview":"max-image-preview:large","max-video-preview":"max-video-preview:-1"},"canonical":"https:\/\/www.torreviejagastronomica.com\/es\/torrevieja-inicia-el-tramite-de-la-nueva-ordenanza-de-ocupacion-de-via-publica\/","og_locale":"es_ES","og_type":"article","og_title":"Torrevieja inicia el tr\u00e1mite de la nueva Ordenanza de Ocupaci\u00f3n de V\u00eda P\u00fablica - Torrevieja Gastron\u00f3mica","og_description":"El Ayuntamiento de Torrevieja abre consulta p\u00fablica para la nueva ordenanza de ocupaci\u00f3n de v\u00eda p\u00fablica. Ciudadanos y hosteleros pueden aportar propuestas.","og_url":"https:\/\/www.torreviejagastronomica.com\/es\/torrevieja-inicia-el-tramite-de-la-nueva-ordenanza-de-ocupacion-de-via-publica\/","og_site_name":"Torrevieja Gastron\u00f3mica","article_published_time":"2025-08-21T10:31:19+00:00","article_modified_time":"2025-08-21T10:31:21+00:00","og_image":[{"width":1024,"height":683,"url":"https:\/\/www.torreviejagastronomica.com\/wp-content\/uploads\/2025\/08\/terraza-1024x683.png","type":"image\/png"}],"author":"Asociaci\u00f3n de Empresas de Hosteler\u00eda de Torrevieja y Comarca","twitter_card":"summary_large_image","twitter_misc":{"Escrito por":"Asociaci\u00f3n de Empresas de Hosteler\u00eda de Torrevieja y Comarca","Tiempo de lectura":"2 minutos"},"schema":{"@context":"https:\/\/schema.org","@graph":[{"@type":"Article","@id":"https:\/\/www.torreviejagastronomica.com\/torrevieja-inicia-el-tramite-de-la-nueva-ordenanza-de-ocupacion-de-via-publica\/#article","isPartOf":{"@id":"https:\/\/www.torreviejagastronomica.com\/torrevieja-inicia-el-tramite-de-la-nueva-ordenanza-de-ocupacion-de-via-publica\/"},"author":{"name":"Asociaci\u00f3n de Empresas de Hosteler\u00eda de Torrevieja y Comarca","@id":"https:\/\/www.torreviejagastronomica.com\/#\/schema\/person\/9e0116f808f941d46f9baadf5335f0a9"},"headline":"Torrevieja inicia el tr\u00e1mite de la nueva Ordenanza de Ocupaci\u00f3n de V\u00eda P\u00fablica","datePublished":"2025-08-21T10:31:19+00:00","dateModified":"2025-08-21T10:31:21+00:00","mainEntityOfPage":{"@id":"https:\/\/www.torreviejagastronomica.com\/torrevieja-inicia-el-tramite-de-la-nueva-ordenanza-de-ocupacion-de-via-publica\/"},"wordCount":251,"commentCount":0,"publisher":{"@id":"https:\/\/www.torreviejagastronomica.com\/#organization"},"image":{"@id":"https:\/\/www.torreviejagastronomica.com\/torrevieja-inicia-el-tramite-de-la-nueva-ordenanza-de-ocupacion-de-via-publica\/#primaryimage"},"thumbnailUrl":"https:\/\/www.torreviejagastronomica.com\/wp-content\/uploads\/2025\/08\/terraza.png","articleSection":["Noticias"],"inLanguage":"es","potentialAction":[{"@type":"CommentAction","name":"Comment","target":["https:\/\/www.torreviejagastronomica.com\/torrevieja-inicia-el-tramite-de-la-nueva-ordenanza-de-ocupacion-de-via-publica\/#respond"]}]},{"@type":"WebPage","@id":"https:\/\/www.torreviejagastronomica.com\/torrevieja-inicia-el-tramite-de-la-nueva-ordenanza-de-ocupacion-de-via-publica\/","url":"https:\/\/www.torreviejagastronomica.com\/torrevieja-inicia-el-tramite-de-la-nueva-ordenanza-de-ocupacion-de-via-publica\/","name":"Torrevieja inicia el tr\u00e1mite de la nueva Ordenanza de Ocupaci\u00f3n de V\u00eda P\u00fablica - Torrevieja Gastron\u00f3mica","isPartOf":{"@id":"https:\/\/www.torreviejagastronomica.com\/#website"},"primaryImageOfPage":{"@id":"https:\/\/www.torreviejagastronomica.com\/torrevieja-inicia-el-tramite-de-la-nueva-ordenanza-de-ocupacion-de-via-publica\/#primaryimage"},"image":{"@id":"https:\/\/www.torreviejagastronomica.com\/torrevieja-inicia-el-tramite-de-la-nueva-ordenanza-de-ocupacion-de-via-publica\/#primaryimage"},"thumbnailUrl":"https:\/\/www.torreviejagastronomica.com\/wp-content\/uploads\/2025\/08\/terraza.png","datePublished":"2025-08-21T10:31:19+00:00","dateModified":"2025-08-21T10:31:21+00:00","description":"El Ayuntamiento de Torrevieja abre consulta p\u00fablica para la nueva ordenanza de ocupaci\u00f3n de v\u00eda p\u00fablica. Ciudadanos y hosteleros pueden aportar propuestas.","breadcrumb":{"@id":"https:\/\/www.torreviejagastronomica.com\/torrevieja-inicia-el-tramite-de-la-nueva-ordenanza-de-ocupacion-de-via-publica\/#breadcrumb"},"inLanguage":"es","potentialAction":[{"@type":"ReadAction","target":["https:\/\/www.torreviejagastronomica.com\/torrevieja-inicia-el-tramite-de-la-nueva-ordenanza-de-ocupacion-de-via-publica\/"]}]},{"@type":"ImageObject","inLanguage":"es","@id":"https:\/\/www.torreviejagastronomica.com\/torrevieja-inicia-el-tramite-de-la-nueva-ordenanza-de-ocupacion-de-via-publica\/#primaryimage","url":"https:\/\/www.torreviejagastronomica.com\/wp-content\/uploads\/2025\/08\/terraza.png","contentUrl":"https:\/\/www.torreviejagastronomica.com\/wp-content\/uploads\/2025\/08\/terraza.png","width":1536,"height":1024},{"@type":"BreadcrumbList","@id":"https:\/\/www.torreviejagastronomica.com\/torrevieja-inicia-el-tramite-de-la-nueva-ordenanza-de-ocupacion-de-via-publica\/#breadcrumb","itemListElement":[{"@type":"ListItem","position":1,"name":"Portada","item":"https:\/\/www.torreviejagastronomica.com\/"},{"@type":"ListItem","position":2,"name":"Torrevieja inicia el tr\u00e1mite de la nueva Ordenanza de Ocupaci\u00f3n de V\u00eda P\u00fablica"}]},{"@type":"WebSite","@id":"https:\/\/www.torreviejagastronomica.com\/#website","url":"https:\/\/www.torreviejagastronomica.com\/","name":"Torrevieja Gastron\u00f3mica","description":"Asociaci\u00f3n Hosteler\u00eda Torrevieja y Comarca","publisher":{"@id":"https:\/\/www.torreviejagastronomica.com\/#organization"},"potentialAction":[{"@type":"SearchAction","target":{"@type":"EntryPoint","urlTemplate":"https:\/\/www.torreviejagastronomica.com\/?s={search_term_string}"},"query-input":{"@type":"PropertyValueSpecification","valueRequired":true,"valueName":"search_term_string"}}],"inLanguage":"es"},{"@type":"Organization","@id":"https:\/\/www.torreviejagastronomica.com\/#organization","name":"Torrevieja Gastron\u00f3mica","url":"https:\/\/www.torreviejagastronomica.com\/","logo":{"@type":"ImageObject","inLanguage":"es","@id":"https:\/\/www.torreviejagastronomica.com\/#\/schema\/logo\/image\/","url":"https:\/\/www.torreviejagastronomica.com\/wp-content\/uploads\/2023\/09\/Logo-Torrevieja-Gastronomica.png","contentUrl":"https:\/\/www.torreviejagastronomica.com\/wp-content\/uploads\/2023\/09\/Logo-Torrevieja-Gastronomica.png","width":350,"height":100,"caption":"Torrevieja Gastron\u00f3mica"},"image":{"@id":"https:\/\/www.torreviejagastronomica.com\/#\/schema\/logo\/image\/"}},{"@type":"Person","@id":"https:\/\/www.torreviejagastronomica.com\/#\/schema\/person\/9e0116f808f941d46f9baadf5335f0a9","name":"Asociaci\u00f3n de Empresas de Hosteler\u00eda de Torrevieja y Comarca","image":{"@type":"ImageObject","inLanguage":"es","@id":"https:\/\/www.torreviejagastronomica.com\/#\/schema\/person\/image\/","url":"https:\/\/secure.gravatar.com\/avatar\/32ba6ba6e685fc061412a65c4a8a8b6caaf6d90d0985a737a4015d36e84d2d1f?s=96&d=mm&r=g","contentUrl":"https:\/\/secure.gravatar.com\/avatar\/32ba6ba6e685fc061412a65c4a8a8b6caaf6d90d0985a737a4015d36e84d2d1f?s=96&d=mm&r=g","caption":"Asociaci\u00f3n de Empresas de Hosteler\u00eda de Torrevieja y Comarca"},"url":"https:\/\/www.torreviejagastronomica.com\/es\/author\/hosteleria\/"}]}},"_links":{"self":[{"href":"https:\/\/www.torreviejagastronomica.com\/es\/wp-json\/wp\/v2\/posts\/7374","targetHints":{"allow":["GET"]}}],"collection":[{"href":"https:\/\/www.torreviejagastronomica.com\/es\/wp-json\/wp\/v2\/posts"}],"about":[{"href":"https:\/\/www.torreviejagastronomica.com\/es\/wp-json\/wp\/v2\/types\/post"}],"author":[{"embeddable":true,"href":"https:\/\/www.torreviejagastronomica.com\/es\/wp-json\/wp\/v2\/users\/4"}],"replies":[{"embeddable":true,"href":"https:\/\/www.torreviejagastronomica.com\/es\/wp-json\/wp\/v2\/comments?post=7374"}],"version-history":[{"count":1,"href":"https:\/\/www.torreviejagastronomica.com\/es\/wp-json\/wp\/v2\/posts\/7374\/revisions"}],"predecessor-version":[{"id":7376,"href":"https:\/\/www.torreviejagastronomica.com\/es\/wp-json\/wp\/v2\/posts\/7374\/revisions\/7376"}],"wp:featuredmedia":[{"embeddable":true,"href":"https:\/\/www.torreviejagastronomica.com\/es\/wp-json\/wp\/v2\/media\/7375"}],"wp:attachment":[{"href":"https:\/\/www.torreviejagastronomica.com\/es\/wp-json\/wp\/v2\/media?parent=7374"}],"wp:term":[{"taxonomy":"category","embeddable":true,"href":"https:\/\/www.torreviejagastronomica.com\/es\/wp-json\/wp\/v2\/categories?post=7374"},{"taxonomy":"post_tag","embeddable":true,"href":"https:\/\/www.torreviejagastronomica.com\/es\/wp-json\/wp\/v2\/tags?post=7374"}],"curies":[{"name":"wp","href":"https:\/\/api.w.org\/{rel}","templated":true}]}}