{"id":6770,"date":"2025-08-10T19:20:50","date_gmt":"2025-08-10T17:20:50","guid":{"rendered":"https:\/\/www.torreviejagastronomica.com\/?p=6770"},"modified":"2025-08-10T19:20:52","modified_gmt":"2025-08-10T17:20:52","slug":"exito-rotundo-en-el-inicio-de-las-jornadas-gastronomicas-torrevieja-y-el-mar-2025","status":"publish","type":"post","link":"https:\/\/www.torreviejagastronomica.com\/es\/exito-rotundo-en-el-inicio-de-las-jornadas-gastronomicas-torrevieja-y-el-mar-2025\/","title":{"rendered":"\u00c9xito rotundo en el inicio de las Jornadas Gastron\u00f3micas \u201cTorrevieja y el Mar\u201d 2025"},"content":{"rendered":"\n<h2 class=\"wp-block-heading\">El Restaurante Luz de Mar inaugura el ciclo con creatividad, sabor mediterr\u00e1neo y una gran acogida por parte del p\u00fablico.<\/h2>\n\n\n\n<p>La Asociaci\u00f3n de Empresas de Hosteler\u00eda de Torrevieja y Comarca (AEHTC) celebra con gran satisfacci\u00f3n el \u00e9xito de la primera jornada de la nueva edici\u00f3n de las Jornadas Gastron\u00f3micas \u201cTorrevieja y el Mar\u201d 2025, celebrada el pasado viernes 20 de junio en el Restaurante Luz de Mar.<\/p>\n\n\n\n<p>El acto de apertura reuni\u00f3 a representantes institucionales, empresarios del sector, clientes habituales y medios de comunicaci\u00f3n, quienes pudieron disfrutar de una experiencia gastron\u00f3mica cuidadosamente dise\u00f1ada para poner en valor los productos de la cocina local, con un enfoque innovador y contempor\u00e1neo.<\/p>\n\n\n\n<p>El chef @xezjuan fue el encargado de firmar un men\u00fa sorprendente que combin\u00f3 tradici\u00f3n y vanguardia, destacando platos como:<\/p>\n\n\n\n<p>\u2022 Pan casero con mousse de hueva de m\u00fajol y cr\u00e8mefra\u00eeche.<\/p>\n\n\n\n<p>\u2022 Coca de berenjena ahumada, pimientos, queso Idiaz\u00e1bal y almendras fritas.<\/p>\n\n\n\n<p>\u2022 Gunkan de ternera Wagyu, yema de huevo, panceta Joselito y trufa.<\/p>\n\n\n\n<p>\u2022 S\u00e1ndwich helado de tarta de la abuela, estilo Luz de Mar.<\/p>\n\n\n\n<p>Desde la AEHTC agradecemos profundamente la colaboraci\u00f3n del equipo del Restaurante Luz de Mar, as\u00ed como la asistencia de todos los comensales que nos acompa\u00f1aron en esta primera cita.<\/p>\n\n\n\n<p>La siguiente jornada tendr\u00e1 lugar el pr\u00f3ximo viernes 27 de junio en el Restaurante del Real Club N\u00e1utico de Torrevieja (RCNT), donde continuaremos celebrando el talento de nuestros cocineros y el valor de la gastronom\u00eda torrevejense.<\/p>\n\n\n\n<p>Las reservas pueden realizarse directamente en el restaurante participante.<br>M\u00e1s informaci\u00f3n en:<\/p>\n\n\n\n<p><a href=\"http:\/\/torreviejagastronomica.com\/\">torreviejagastronomica.com<\/a><br><a href=\"https:\/\/www.aehtc.net\/\">www.aehtc.net<\/a><br><a href=\"https:\/\/www.facebook.com\/TorreviejaGastronomica1\/\">facebook.com\/TorreviejaGastronomica1<\/a><br><a href=\"https:\/\/www.instagram.com\/torrevieja_gastronomica\/\">instagram.com\/torrevieja_gastronomica<\/a><\/p>\n\n\n\n<p><\/p>\n\n\n\n<p><\/p>\n\n\n\n<figure class=\"wp-block-gallery has-nested-images columns-1 is-cropped wp-block-gallery-1 is-layout-flex wp-block-gallery-is-layout-flex\">\n<figure class=\"wp-block-image size-large\"><img fetchpriority=\"high\" decoding=\"async\" width=\"1024\" height=\"576\" data-id=\"6773\" src=\"https:\/\/www.torreviejagastronomica.com\/wp-content\/uploads\/2025\/08\/IMAGEN-RESTAURANTE-LUZ-DE-MAR-1-en-tamano-grande-1024x576.jpeg\" alt=\"\" class=\"wp-image-6773\" srcset=\"https:\/\/www.torreviejagastronomica.com\/wp-content\/uploads\/2025\/08\/IMAGEN-RESTAURANTE-LUZ-DE-MAR-1-en-tamano-grande-1024x576.jpeg 1024w, https:\/\/www.torreviejagastronomica.com\/wp-content\/uploads\/2025\/08\/IMAGEN-RESTAURANTE-LUZ-DE-MAR-1-en-tamano-grande-300x169.jpeg 300w, https:\/\/www.torreviejagastronomica.com\/wp-content\/uploads\/2025\/08\/IMAGEN-RESTAURANTE-LUZ-DE-MAR-1-en-tamano-grande-768x432.jpeg 768w, https:\/\/www.torreviejagastronomica.com\/wp-content\/uploads\/2025\/08\/IMAGEN-RESTAURANTE-LUZ-DE-MAR-1-en-tamano-grande-18x10.jpeg 18w, https:\/\/www.torreviejagastronomica.com\/wp-content\/uploads\/2025\/08\/IMAGEN-RESTAURANTE-LUZ-DE-MAR-1-en-tamano-grande.jpeg 1280w\" sizes=\"(max-width: 1024px) 100vw, 1024px\" \/><\/figure>\n\n\n\n<figure class=\"wp-block-image size-large\"><img decoding=\"async\" width=\"818\" height=\"1024\" data-id=\"6774\" src=\"https:\/\/www.torreviejagastronomica.com\/wp-content\/uploads\/2025\/08\/Unknown-en-tamano-grande-1-818x1024.jpeg\" alt=\"\" class=\"wp-image-6774\" srcset=\"https:\/\/www.torreviejagastronomica.com\/wp-content\/uploads\/2025\/08\/Unknown-en-tamano-grande-1-818x1024.jpeg 818w, https:\/\/www.torreviejagastronomica.com\/wp-content\/uploads\/2025\/08\/Unknown-en-tamano-grande-1-240x300.jpeg 240w, https:\/\/www.torreviejagastronomica.com\/wp-content\/uploads\/2025\/08\/Unknown-en-tamano-grande-1-768x961.jpeg 768w, https:\/\/www.torreviejagastronomica.com\/wp-content\/uploads\/2025\/08\/Unknown-en-tamano-grande-1-10x12.jpeg 10w, https:\/\/www.torreviejagastronomica.com\/wp-content\/uploads\/2025\/08\/Unknown-en-tamano-grande-1.jpeg 1023w\" sizes=\"(max-width: 818px) 100vw, 818px\" \/><\/figure>\n<\/figure>\n","protected":false},"excerpt":{"rendered":"<p>El acto de apertura reuni\u00f3 a representantes institucionales, empresarios del sector, clientes habituales y medios de comunicaci\u00f3n.<\/p>\n","protected":false},"author":4,"featured_media":6771,"comment_status":"open","ping_status":"open","sticky":false,"template":"","format":"standard","meta":{"footnotes":""},"categories":[7],"tags":[],"class_list":["post-6770","post","type-post","status-publish","format-standard","has-post-thumbnail","hentry","category-noticias"],"yoast_head":"<!-- This site is optimized with the Yoast SEO plugin v25.7 - https:\/\/yoast.com\/wordpress\/plugins\/seo\/ -->\n<title>\u00c9xito rotundo en el inicio de las Jornadas Gastron\u00f3micas \u201cTorrevieja y el Mar\u201d 2025 - Torrevieja Gastron\u00f3mica<\/title>\n<meta name=\"robots\" content=\"index, follow, max-snippet:-1, max-image-preview:large, max-video-preview:-1\" \/>\n<link rel=\"canonical\" href=\"https:\/\/www.torreviejagastronomica.com\/es\/exito-rotundo-en-el-inicio-de-las-jornadas-gastronomicas-torrevieja-y-el-mar-2025\/\" \/>\n<meta property=\"og:locale\" content=\"es_ES\" \/>\n<meta property=\"og:type\" content=\"article\" \/>\n<meta property=\"og:title\" content=\"\u00c9xito rotundo en el inicio de las Jornadas Gastron\u00f3micas \u201cTorrevieja y el Mar\u201d 2025 - Torrevieja Gastron\u00f3mica\" \/>\n<meta property=\"og:description\" content=\"El acto de apertura reuni\u00f3 a representantes institucionales, empresarios del sector, clientes habituales y medios de comunicaci\u00f3n.\" \/>\n<meta property=\"og:url\" content=\"https:\/\/www.torreviejagastronomica.com\/es\/exito-rotundo-en-el-inicio-de-las-jornadas-gastronomicas-torrevieja-y-el-mar-2025\/\" \/>\n<meta property=\"og:site_name\" content=\"Torrevieja Gastron\u00f3mica\" \/>\n<meta property=\"article:published_time\" content=\"2025-08-10T17:20:50+00:00\" \/>\n<meta property=\"article:modified_time\" content=\"2025-08-10T17:20:52+00:00\" \/>\n<meta property=\"og:image\" content=\"https:\/\/www.torreviejagastronomica.com\/wp-content\/uploads\/2025\/08\/Unknown-1-en-tamano-grande.jpeg\" \/>\n\t<meta property=\"og:image:width\" content=\"1280\" \/>\n\t<meta property=\"og:image:height\" content=\"720\" \/>\n\t<meta property=\"og:image:type\" content=\"image\/jpeg\" \/>\n<meta name=\"author\" content=\"Asociaci\u00f3n de Empresas de Hosteler\u00eda de Torrevieja y Comarca\" \/>\n<meta name=\"twitter:card\" content=\"summary_large_image\" \/>\n<meta name=\"twitter:label1\" content=\"Escrito por\" \/>\n\t<meta name=\"twitter:data1\" content=\"Asociaci\u00f3n de Empresas de Hosteler\u00eda de Torrevieja y Comarca\" \/>\n\t<meta name=\"twitter:label2\" content=\"Tiempo de lectura\" \/>\n\t<meta name=\"twitter:data2\" content=\"2 minutos\" \/>\n<script type=\"application\/ld+json\" class=\"yoast-schema-graph\">{\"@context\":\"https:\/\/schema.org\",\"@graph\":[{\"@type\":\"Article\",\"@id\":\"https:\/\/www.torreviejagastronomica.com\/exito-rotundo-en-el-inicio-de-las-jornadas-gastronomicas-torrevieja-y-el-mar-2025\/#article\",\"isPartOf\":{\"@id\":\"https:\/\/www.torreviejagastronomica.com\/exito-rotundo-en-el-inicio-de-las-jornadas-gastronomicas-torrevieja-y-el-mar-2025\/\"},\"author\":{\"name\":\"Asociaci\u00f3n de Empresas de Hosteler\u00eda de Torrevieja y Comarca\",\"@id\":\"https:\/\/www.torreviejagastronomica.com\/#\/schema\/person\/9e0116f808f941d46f9baadf5335f0a9\"},\"headline\":\"\u00c9xito rotundo en el inicio de las Jornadas Gastron\u00f3micas \u201cTorrevieja y el Mar\u201d 2025\",\"datePublished\":\"2025-08-10T17:20:50+00:00\",\"dateModified\":\"2025-08-10T17:20:52+00:00\",\"mainEntityOfPage\":{\"@id\":\"https:\/\/www.torreviejagastronomica.com\/exito-rotundo-en-el-inicio-de-las-jornadas-gastronomicas-torrevieja-y-el-mar-2025\/\"},\"wordCount\":294,\"commentCount\":0,\"publisher\":{\"@id\":\"https:\/\/www.torreviejagastronomica.com\/#organization\"},\"image\":{\"@id\":\"https:\/\/www.torreviejagastronomica.com\/exito-rotundo-en-el-inicio-de-las-jornadas-gastronomicas-torrevieja-y-el-mar-2025\/#primaryimage\"},\"thumbnailUrl\":\"https:\/\/www.torreviejagastronomica.com\/wp-content\/uploads\/2025\/08\/Unknown-1-en-tamano-grande.jpeg\",\"articleSection\":[\"Noticias\"],\"inLanguage\":\"es\",\"potentialAction\":[{\"@type\":\"CommentAction\",\"name\":\"Comment\",\"target\":[\"https:\/\/www.torreviejagastronomica.com\/exito-rotundo-en-el-inicio-de-las-jornadas-gastronomicas-torrevieja-y-el-mar-2025\/#respond\"]}]},{\"@type\":\"WebPage\",\"@id\":\"https:\/\/www.torreviejagastronomica.com\/exito-rotundo-en-el-inicio-de-las-jornadas-gastronomicas-torrevieja-y-el-mar-2025\/\",\"url\":\"https:\/\/www.torreviejagastronomica.com\/exito-rotundo-en-el-inicio-de-las-jornadas-gastronomicas-torrevieja-y-el-mar-2025\/\",\"name\":\"\u00c9xito rotundo en el inicio de las Jornadas Gastron\u00f3micas \u201cTorrevieja y el Mar\u201d 2025 - Torrevieja Gastron\u00f3mica\",\"isPartOf\":{\"@id\":\"https:\/\/www.torreviejagastronomica.com\/#website\"},\"primaryImageOfPage\":{\"@id\":\"https:\/\/www.torreviejagastronomica.com\/exito-rotundo-en-el-inicio-de-las-jornadas-gastronomicas-torrevieja-y-el-mar-2025\/#primaryimage\"},\"image\":{\"@id\":\"https:\/\/www.torreviejagastronomica.com\/exito-rotundo-en-el-inicio-de-las-jornadas-gastronomicas-torrevieja-y-el-mar-2025\/#primaryimage\"},\"thumbnailUrl\":\"https:\/\/www.torreviejagastronomica.com\/wp-content\/uploads\/2025\/08\/Unknown-1-en-tamano-grande.jpeg\",\"datePublished\":\"2025-08-10T17:20:50+00:00\",\"dateModified\":\"2025-08-10T17:20:52+00:00\",\"breadcrumb\":{\"@id\":\"https:\/\/www.torreviejagastronomica.com\/exito-rotundo-en-el-inicio-de-las-jornadas-gastronomicas-torrevieja-y-el-mar-2025\/#breadcrumb\"},\"inLanguage\":\"es\",\"potentialAction\":[{\"@type\":\"ReadAction\",\"target\":[\"https:\/\/www.torreviejagastronomica.com\/exito-rotundo-en-el-inicio-de-las-jornadas-gastronomicas-torrevieja-y-el-mar-2025\/\"]}]},{\"@type\":\"ImageObject\",\"inLanguage\":\"es\",\"@id\":\"https:\/\/www.torreviejagastronomica.com\/exito-rotundo-en-el-inicio-de-las-jornadas-gastronomicas-torrevieja-y-el-mar-2025\/#primaryimage\",\"url\":\"https:\/\/www.torreviejagastronomica.com\/wp-content\/uploads\/2025\/08\/Unknown-1-en-tamano-grande.jpeg\",\"contentUrl\":\"https:\/\/www.torreviejagastronomica.com\/wp-content\/uploads\/2025\/08\/Unknown-1-en-tamano-grande.jpeg\",\"width\":1280,\"height\":720},{\"@type\":\"BreadcrumbList\",\"@id\":\"https:\/\/www.torreviejagastronomica.com\/exito-rotundo-en-el-inicio-de-las-jornadas-gastronomicas-torrevieja-y-el-mar-2025\/#breadcrumb\",\"itemListElement\":[{\"@type\":\"ListItem\",\"position\":1,\"name\":\"Portada\",\"item\":\"https:\/\/www.torreviejagastronomica.com\/\"},{\"@type\":\"ListItem\",\"position\":2,\"name\":\"\u00c9xito rotundo en el inicio de las Jornadas Gastron\u00f3micas \u201cTorrevieja y el Mar\u201d 2025\"}]},{\"@type\":\"WebSite\",\"@id\":\"https:\/\/www.torreviejagastronomica.com\/#website\",\"url\":\"https:\/\/www.torreviejagastronomica.com\/\",\"name\":\"Torrevieja Gastron\u00f3mica\",\"description\":\"Asociaci\u00f3n Hosteler\u00eda Torrevieja y Comarca\",\"publisher\":{\"@id\":\"https:\/\/www.torreviejagastronomica.com\/#organization\"},\"potentialAction\":[{\"@type\":\"SearchAction\",\"target\":{\"@type\":\"EntryPoint\",\"urlTemplate\":\"https:\/\/www.torreviejagastronomica.com\/?s={search_term_string}\"},\"query-input\":{\"@type\":\"PropertyValueSpecification\",\"valueRequired\":true,\"valueName\":\"search_term_string\"}}],\"inLanguage\":\"es\"},{\"@type\":\"Organization\",\"@id\":\"https:\/\/www.torreviejagastronomica.com\/#organization\",\"name\":\"Torrevieja Gastron\u00f3mica\",\"url\":\"https:\/\/www.torreviejagastronomica.com\/\",\"logo\":{\"@type\":\"ImageObject\",\"inLanguage\":\"es\",\"@id\":\"https:\/\/www.torreviejagastronomica.com\/#\/schema\/logo\/image\/\",\"url\":\"https:\/\/www.torreviejagastronomica.com\/wp-content\/uploads\/2023\/09\/Logo-Torrevieja-Gastronomica.png\",\"contentUrl\":\"https:\/\/www.torreviejagastronomica.com\/wp-content\/uploads\/2023\/09\/Logo-Torrevieja-Gastronomica.png\",\"width\":350,\"height\":100,\"caption\":\"Torrevieja Gastron\u00f3mica\"},\"image\":{\"@id\":\"https:\/\/www.torreviejagastronomica.com\/#\/schema\/logo\/image\/\"}},{\"@type\":\"Person\",\"@id\":\"https:\/\/www.torreviejagastronomica.com\/#\/schema\/person\/9e0116f808f941d46f9baadf5335f0a9\",\"name\":\"Asociaci\u00f3n de Empresas de Hosteler\u00eda de Torrevieja y Comarca\",\"image\":{\"@type\":\"ImageObject\",\"inLanguage\":\"es\",\"@id\":\"https:\/\/www.torreviejagastronomica.com\/#\/schema\/person\/image\/\",\"url\":\"https:\/\/secure.gravatar.com\/avatar\/32ba6ba6e685fc061412a65c4a8a8b6caaf6d90d0985a737a4015d36e84d2d1f?s=96&d=mm&r=g\",\"contentUrl\":\"https:\/\/secure.gravatar.com\/avatar\/32ba6ba6e685fc061412a65c4a8a8b6caaf6d90d0985a737a4015d36e84d2d1f?s=96&d=mm&r=g\",\"caption\":\"Asociaci\u00f3n de Empresas de Hosteler\u00eda de Torrevieja y Comarca\"},\"url\":\"https:\/\/www.torreviejagastronomica.com\/es\/author\/hosteleria\/\"}]}<\/script>\n<!-- \/ Yoast SEO plugin. -->","yoast_head_json":{"title":"\u00c9xito rotundo en el inicio de las Jornadas Gastron\u00f3micas \u201cTorrevieja y el Mar\u201d 2025 - Torrevieja Gastron\u00f3mica","robots":{"index":"index","follow":"follow","max-snippet":"max-snippet:-1","max-image-preview":"max-image-preview:large","max-video-preview":"max-video-preview:-1"},"canonical":"https:\/\/www.torreviejagastronomica.com\/es\/exito-rotundo-en-el-inicio-de-las-jornadas-gastronomicas-torrevieja-y-el-mar-2025\/","og_locale":"es_ES","og_type":"article","og_title":"\u00c9xito rotundo en el inicio de las Jornadas Gastron\u00f3micas \u201cTorrevieja y el Mar\u201d 2025 - Torrevieja Gastron\u00f3mica","og_description":"El acto de apertura reuni\u00f3 a representantes institucionales, empresarios del sector, clientes habituales y medios de comunicaci\u00f3n.","og_url":"https:\/\/www.torreviejagastronomica.com\/es\/exito-rotundo-en-el-inicio-de-las-jornadas-gastronomicas-torrevieja-y-el-mar-2025\/","og_site_name":"Torrevieja Gastron\u00f3mica","article_published_time":"2025-08-10T17:20:50+00:00","article_modified_time":"2025-08-10T17:20:52+00:00","og_image":[{"width":1280,"height":720,"url":"https:\/\/www.torreviejagastronomica.com\/wp-content\/uploads\/2025\/08\/Unknown-1-en-tamano-grande.jpeg","type":"image\/jpeg"}],"author":"Asociaci\u00f3n de Empresas de Hosteler\u00eda de Torrevieja y Comarca","twitter_card":"summary_large_image","twitter_misc":{"Escrito por":"Asociaci\u00f3n de Empresas de Hosteler\u00eda de Torrevieja y Comarca","Tiempo de lectura":"2 minutos"},"schema":{"@context":"https:\/\/schema.org","@graph":[{"@type":"Article","@id":"https:\/\/www.torreviejagastronomica.com\/exito-rotundo-en-el-inicio-de-las-jornadas-gastronomicas-torrevieja-y-el-mar-2025\/#article","isPartOf":{"@id":"https:\/\/www.torreviejagastronomica.com\/exito-rotundo-en-el-inicio-de-las-jornadas-gastronomicas-torrevieja-y-el-mar-2025\/"},"author":{"name":"Asociaci\u00f3n de Empresas de Hosteler\u00eda de Torrevieja y Comarca","@id":"https:\/\/www.torreviejagastronomica.com\/#\/schema\/person\/9e0116f808f941d46f9baadf5335f0a9"},"headline":"\u00c9xito rotundo en el inicio de las Jornadas Gastron\u00f3micas \u201cTorrevieja y el Mar\u201d 2025","datePublished":"2025-08-10T17:20:50+00:00","dateModified":"2025-08-10T17:20:52+00:00","mainEntityOfPage":{"@id":"https:\/\/www.torreviejagastronomica.com\/exito-rotundo-en-el-inicio-de-las-jornadas-gastronomicas-torrevieja-y-el-mar-2025\/"},"wordCount":294,"commentCount":0,"publisher":{"@id":"https:\/\/www.torreviejagastronomica.com\/#organization"},"image":{"@id":"https:\/\/www.torreviejagastronomica.com\/exito-rotundo-en-el-inicio-de-las-jornadas-gastronomicas-torrevieja-y-el-mar-2025\/#primaryimage"},"thumbnailUrl":"https:\/\/www.torreviejagastronomica.com\/wp-content\/uploads\/2025\/08\/Unknown-1-en-tamano-grande.jpeg","articleSection":["Noticias"],"inLanguage":"es","potentialAction":[{"@type":"CommentAction","name":"Comment","target":["https:\/\/www.torreviejagastronomica.com\/exito-rotundo-en-el-inicio-de-las-jornadas-gastronomicas-torrevieja-y-el-mar-2025\/#respond"]}]},{"@type":"WebPage","@id":"https:\/\/www.torreviejagastronomica.com\/exito-rotundo-en-el-inicio-de-las-jornadas-gastronomicas-torrevieja-y-el-mar-2025\/","url":"https:\/\/www.torreviejagastronomica.com\/exito-rotundo-en-el-inicio-de-las-jornadas-gastronomicas-torrevieja-y-el-mar-2025\/","name":"\u00c9xito rotundo en el inicio de las Jornadas Gastron\u00f3micas \u201cTorrevieja y el Mar\u201d 2025 - Torrevieja Gastron\u00f3mica","isPartOf":{"@id":"https:\/\/www.torreviejagastronomica.com\/#website"},"primaryImageOfPage":{"@id":"https:\/\/www.torreviejagastronomica.com\/exito-rotundo-en-el-inicio-de-las-jornadas-gastronomicas-torrevieja-y-el-mar-2025\/#primaryimage"},"image":{"@id":"https:\/\/www.torreviejagastronomica.com\/exito-rotundo-en-el-inicio-de-las-jornadas-gastronomicas-torrevieja-y-el-mar-2025\/#primaryimage"},"thumbnailUrl":"https:\/\/www.torreviejagastronomica.com\/wp-content\/uploads\/2025\/08\/Unknown-1-en-tamano-grande.jpeg","datePublished":"2025-08-10T17:20:50+00:00","dateModified":"2025-08-10T17:20:52+00:00","breadcrumb":{"@id":"https:\/\/www.torreviejagastronomica.com\/exito-rotundo-en-el-inicio-de-las-jornadas-gastronomicas-torrevieja-y-el-mar-2025\/#breadcrumb"},"inLanguage":"es","potentialAction":[{"@type":"ReadAction","target":["https:\/\/www.torreviejagastronomica.com\/exito-rotundo-en-el-inicio-de-las-jornadas-gastronomicas-torrevieja-y-el-mar-2025\/"]}]},{"@type":"ImageObject","inLanguage":"es","@id":"https:\/\/www.torreviejagastronomica.com\/exito-rotundo-en-el-inicio-de-las-jornadas-gastronomicas-torrevieja-y-el-mar-2025\/#primaryimage","url":"https:\/\/www.torreviejagastronomica.com\/wp-content\/uploads\/2025\/08\/Unknown-1-en-tamano-grande.jpeg","contentUrl":"https:\/\/www.torreviejagastronomica.com\/wp-content\/uploads\/2025\/08\/Unknown-1-en-tamano-grande.jpeg","width":1280,"height":720},{"@type":"BreadcrumbList","@id":"https:\/\/www.torreviejagastronomica.com\/exito-rotundo-en-el-inicio-de-las-jornadas-gastronomicas-torrevieja-y-el-mar-2025\/#breadcrumb","itemListElement":[{"@type":"ListItem","position":1,"name":"Portada","item":"https:\/\/www.torreviejagastronomica.com\/"},{"@type":"ListItem","position":2,"name":"\u00c9xito rotundo en el inicio de las Jornadas Gastron\u00f3micas \u201cTorrevieja y el Mar\u201d 2025"}]},{"@type":"WebSite","@id":"https:\/\/www.torreviejagastronomica.com\/#website","url":"https:\/\/www.torreviejagastronomica.com\/","name":"Torrevieja Gastron\u00f3mica","description":"Asociaci\u00f3n Hosteler\u00eda Torrevieja y Comarca","publisher":{"@id":"https:\/\/www.torreviejagastronomica.com\/#organization"},"potentialAction":[{"@type":"SearchAction","target":{"@type":"EntryPoint","urlTemplate":"https:\/\/www.torreviejagastronomica.com\/?s={search_term_string}"},"query-input":{"@type":"PropertyValueSpecification","valueRequired":true,"valueName":"search_term_string"}}],"inLanguage":"es"},{"@type":"Organization","@id":"https:\/\/www.torreviejagastronomica.com\/#organization","name":"Torrevieja Gastron\u00f3mica","url":"https:\/\/www.torreviejagastronomica.com\/","logo":{"@type":"ImageObject","inLanguage":"es","@id":"https:\/\/www.torreviejagastronomica.com\/#\/schema\/logo\/image\/","url":"https:\/\/www.torreviejagastronomica.com\/wp-content\/uploads\/2023\/09\/Logo-Torrevieja-Gastronomica.png","contentUrl":"https:\/\/www.torreviejagastronomica.com\/wp-content\/uploads\/2023\/09\/Logo-Torrevieja-Gastronomica.png","width":350,"height":100,"caption":"Torrevieja Gastron\u00f3mica"},"image":{"@id":"https:\/\/www.torreviejagastronomica.com\/#\/schema\/logo\/image\/"}},{"@type":"Person","@id":"https:\/\/www.torreviejagastronomica.com\/#\/schema\/person\/9e0116f808f941d46f9baadf5335f0a9","name":"Asociaci\u00f3n de Empresas de Hosteler\u00eda de Torrevieja y Comarca","image":{"@type":"ImageObject","inLanguage":"es","@id":"https:\/\/www.torreviejagastronomica.com\/#\/schema\/person\/image\/","url":"https:\/\/secure.gravatar.com\/avatar\/32ba6ba6e685fc061412a65c4a8a8b6caaf6d90d0985a737a4015d36e84d2d1f?s=96&d=mm&r=g","contentUrl":"https:\/\/secure.gravatar.com\/avatar\/32ba6ba6e685fc061412a65c4a8a8b6caaf6d90d0985a737a4015d36e84d2d1f?s=96&d=mm&r=g","caption":"Asociaci\u00f3n de Empresas de Hosteler\u00eda de Torrevieja y Comarca"},"url":"https:\/\/www.torreviejagastronomica.com\/es\/author\/hosteleria\/"}]}},"_links":{"self":[{"href":"https:\/\/www.torreviejagastronomica.com\/es\/wp-json\/wp\/v2\/posts\/6770","targetHints":{"allow":["GET"]}}],"collection":[{"href":"https:\/\/www.torreviejagastronomica.com\/es\/wp-json\/wp\/v2\/posts"}],"about":[{"href":"https:\/\/www.torreviejagastronomica.com\/es\/wp-json\/wp\/v2\/types\/post"}],"author":[{"embeddable":true,"href":"https:\/\/www.torreviejagastronomica.com\/es\/wp-json\/wp\/v2\/users\/4"}],"replies":[{"embeddable":true,"href":"https:\/\/www.torreviejagastronomica.com\/es\/wp-json\/wp\/v2\/comments?post=6770"}],"version-history":[{"count":1,"href":"https:\/\/www.torreviejagastronomica.com\/es\/wp-json\/wp\/v2\/posts\/6770\/revisions"}],"predecessor-version":[{"id":6775,"href":"https:\/\/www.torreviejagastronomica.com\/es\/wp-json\/wp\/v2\/posts\/6770\/revisions\/6775"}],"wp:featuredmedia":[{"embeddable":true,"href":"https:\/\/www.torreviejagastronomica.com\/es\/wp-json\/wp\/v2\/media\/6771"}],"wp:attachment":[{"href":"https:\/\/www.torreviejagastronomica.com\/es\/wp-json\/wp\/v2\/media?parent=6770"}],"wp:term":[{"taxonomy":"category","embeddable":true,"href":"https:\/\/www.torreviejagastronomica.com\/es\/wp-json\/wp\/v2\/categories?post=6770"},{"taxonomy":"post_tag","embeddable":true,"href":"https:\/\/www.torreviejagastronomica.com\/es\/wp-json\/wp\/v2\/tags?post=6770"}],"curies":[{"name":"wp","href":"https:\/\/api.w.org\/{rel}","templated":true}]}}