{"id":669,"date":"2013-04-23T10:01:28","date_gmt":"2013-04-23T10:01:28","guid":{"rendered":"http:\/\/www.torreviejagastronomica.com\/?p=669"},"modified":"2013-04-23T10:01:28","modified_gmt":"2013-04-23T10:01:28","slug":"jose-garcia-lorente-recibe-el-tenedor-de-oro-en-la-38a-cena-de-hermandad-de-la-hosteleria-local","status":"publish","type":"post","link":"https:\/\/www.torreviejagastronomica.com\/es\/jose-garcia-lorente-recibe-el-tenedor-de-oro-en-la-38a-cena-de-hermandad-de-la-hosteleria-local\/","title":{"rendered":"Jos\u00e9 Garc\u00eda Lorente recibe el Tenedor de Oro en la 38\u00aa Cena de Hermandad de la Hosteler\u00eda local"},"content":{"rendered":"<p>Fuente: <a href=\"http:\/\/www.torreviejaip.tv\/sociedad\/2013042312722\/jose-garcia-lorente-recibe-el-tenedor-de-oro-en-la-38-cena-de-hermandad-de-la-hosteleria-local.html\">TorreviejaIP<\/a><\/p>\n<p style=\"text-align: justify;\">Anoche se celebraba la 38\u00aa Cena de Hermandad promovida por la AEHTC. Un acto al que precedi\u00f3 la gala de entrega de las distinciones anuales que sirvieron para premiar el esfuerzo tanto de asociados como de empresas colaboradoras y donde destac\u00f3 la entrega del m\u00e1ximo galard\u00f3n de la entidad: el Tenedor de Oro, que recib\u00eda Jos\u00e9 Garc\u00eda Lorente, propietario del Mes\u00f3n de la Costa. <a href=\"https:\/\/todo-torrevieja.com\/\">La gu\u00eda de Torrevieja<\/a><\/p>\n","protected":false},"excerpt":{"rendered":"<p>Fuente: TorreviejaIP Anoche se celebraba la 38\u00aa Cena de Hermandad promovida por la AEHTC. Un acto al que precedi\u00f3 la gala de entrega de las distinciones anuales que sirvieron para premiar el esfuerzo tanto de asociados como de empresas colaboradoras y donde destac\u00f3 la entrega del m\u00e1ximo galard\u00f3n de la entidad: el Tenedor de Oro, [&hellip;]<\/p>\n","protected":false},"author":3,"featured_media":670,"comment_status":"closed","ping_status":"open","sticky":false,"template":"","format":"standard","meta":{"footnotes":""},"categories":[8],"tags":[],"class_list":["post-669","post","type-post","status-publish","format-standard","has-post-thumbnail","hentry","category-eventos"],"yoast_head":"<!-- This site is optimized with the Yoast SEO plugin v25.7 - https:\/\/yoast.com\/wordpress\/plugins\/seo\/ -->\n<title>Jos\u00e9 Garc\u00eda Lorente recibe el Tenedor de Oro en la 38\u00aa Cena de Hermandad de la Hosteler\u00eda local - Torrevieja Gastron\u00f3mica<\/title>\n<meta name=\"robots\" content=\"index, follow, max-snippet:-1, max-image-preview:large, max-video-preview:-1\" \/>\n<link rel=\"canonical\" href=\"https:\/\/www.torreviejagastronomica.com\/es\/jose-garcia-lorente-recibe-el-tenedor-de-oro-en-la-38a-cena-de-hermandad-de-la-hosteleria-local\/\" \/>\n<meta property=\"og:locale\" content=\"es_ES\" \/>\n<meta property=\"og:type\" content=\"article\" \/>\n<meta property=\"og:title\" content=\"Jos\u00e9 Garc\u00eda Lorente recibe el Tenedor de Oro en la 38\u00aa Cena de Hermandad de la Hosteler\u00eda local - Torrevieja Gastron\u00f3mica\" \/>\n<meta property=\"og:description\" content=\"Fuente: TorreviejaIP Anoche se celebraba la 38\u00aa Cena de Hermandad promovida por la AEHTC. Un acto al que precedi\u00f3 la gala de entrega de las distinciones anuales que sirvieron para premiar el esfuerzo tanto de asociados como de empresas colaboradoras y donde destac\u00f3 la entrega del m\u00e1ximo galard\u00f3n de la entidad: el Tenedor de Oro, [&hellip;]\" \/>\n<meta property=\"og:url\" content=\"https:\/\/www.torreviejagastronomica.com\/es\/jose-garcia-lorente-recibe-el-tenedor-de-oro-en-la-38a-cena-de-hermandad-de-la-hosteleria-local\/\" \/>\n<meta property=\"og:site_name\" content=\"Torrevieja Gastron\u00f3mica\" \/>\n<meta property=\"article:published_time\" content=\"2013-04-23T10:01:28+00:00\" \/>\n<meta property=\"og:image\" content=\"https:\/\/www.torreviejagastronomica.com\/wp-content\/uploads\/2013\/04\/20130423_1.jpg\" \/>\n\t<meta property=\"og:image:width\" content=\"360\" \/>\n\t<meta property=\"og:image:height\" content=\"280\" \/>\n\t<meta property=\"og:image:type\" content=\"image\/jpeg\" \/>\n<meta name=\"author\" content=\"admin\" \/>\n<meta name=\"twitter:card\" content=\"summary_large_image\" \/>\n<meta name=\"twitter:label1\" content=\"Escrito por\" \/>\n\t<meta name=\"twitter:data1\" content=\"admin\" \/>\n<script type=\"application\/ld+json\" class=\"yoast-schema-graph\">{\"@context\":\"https:\/\/schema.org\",\"@graph\":[{\"@type\":\"Article\",\"@id\":\"https:\/\/www.torreviejagastronomica.com\/jose-garcia-lorente-recibe-el-tenedor-de-oro-en-la-38a-cena-de-hermandad-de-la-hosteleria-local\/#article\",\"isPartOf\":{\"@id\":\"https:\/\/www.torreviejagastronomica.com\/jose-garcia-lorente-recibe-el-tenedor-de-oro-en-la-38a-cena-de-hermandad-de-la-hosteleria-local\/\"},\"author\":{\"name\":\"admin\",\"@id\":\"https:\/\/www.torreviejagastronomica.com\/#\/schema\/person\/43c1ae0a05eb24e94513f69078cd11a7\"},\"headline\":\"Jos\u00e9 Garc\u00eda Lorente recibe el Tenedor de Oro en la 38\u00aa Cena de Hermandad de la Hosteler\u00eda local\",\"datePublished\":\"2013-04-23T10:01:28+00:00\",\"mainEntityOfPage\":{\"@id\":\"https:\/\/www.torreviejagastronomica.com\/jose-garcia-lorente-recibe-el-tenedor-de-oro-en-la-38a-cena-de-hermandad-de-la-hosteleria-local\/\"},\"wordCount\":94,\"publisher\":{\"@id\":\"https:\/\/www.torreviejagastronomica.com\/#organization\"},\"image\":{\"@id\":\"https:\/\/www.torreviejagastronomica.com\/jose-garcia-lorente-recibe-el-tenedor-de-oro-en-la-38a-cena-de-hermandad-de-la-hosteleria-local\/#primaryimage\"},\"thumbnailUrl\":\"https:\/\/www.torreviejagastronomica.com\/wp-content\/uploads\/2013\/04\/20130423_1.jpg\",\"articleSection\":[\"Eventos\"],\"inLanguage\":\"es\"},{\"@type\":\"WebPage\",\"@id\":\"https:\/\/www.torreviejagastronomica.com\/jose-garcia-lorente-recibe-el-tenedor-de-oro-en-la-38a-cena-de-hermandad-de-la-hosteleria-local\/\",\"url\":\"https:\/\/www.torreviejagastronomica.com\/jose-garcia-lorente-recibe-el-tenedor-de-oro-en-la-38a-cena-de-hermandad-de-la-hosteleria-local\/\",\"name\":\"Jos\u00e9 Garc\u00eda Lorente recibe el Tenedor de Oro en la 38\u00aa Cena de Hermandad de la Hosteler\u00eda local - Torrevieja Gastron\u00f3mica\",\"isPartOf\":{\"@id\":\"https:\/\/www.torreviejagastronomica.com\/#website\"},\"primaryImageOfPage\":{\"@id\":\"https:\/\/www.torreviejagastronomica.com\/jose-garcia-lorente-recibe-el-tenedor-de-oro-en-la-38a-cena-de-hermandad-de-la-hosteleria-local\/#primaryimage\"},\"image\":{\"@id\":\"https:\/\/www.torreviejagastronomica.com\/jose-garcia-lorente-recibe-el-tenedor-de-oro-en-la-38a-cena-de-hermandad-de-la-hosteleria-local\/#primaryimage\"},\"thumbnailUrl\":\"https:\/\/www.torreviejagastronomica.com\/wp-content\/uploads\/2013\/04\/20130423_1.jpg\",\"datePublished\":\"2013-04-23T10:01:28+00:00\",\"breadcrumb\":{\"@id\":\"https:\/\/www.torreviejagastronomica.com\/jose-garcia-lorente-recibe-el-tenedor-de-oro-en-la-38a-cena-de-hermandad-de-la-hosteleria-local\/#breadcrumb\"},\"inLanguage\":\"es\",\"potentialAction\":[{\"@type\":\"ReadAction\",\"target\":[\"https:\/\/www.torreviejagastronomica.com\/jose-garcia-lorente-recibe-el-tenedor-de-oro-en-la-38a-cena-de-hermandad-de-la-hosteleria-local\/\"]}]},{\"@type\":\"ImageObject\",\"inLanguage\":\"es\",\"@id\":\"https:\/\/www.torreviejagastronomica.com\/jose-garcia-lorente-recibe-el-tenedor-de-oro-en-la-38a-cena-de-hermandad-de-la-hosteleria-local\/#primaryimage\",\"url\":\"https:\/\/www.torreviejagastronomica.com\/wp-content\/uploads\/2013\/04\/20130423_1.jpg\",\"contentUrl\":\"https:\/\/www.torreviejagastronomica.com\/wp-content\/uploads\/2013\/04\/20130423_1.jpg\",\"width\":360,\"height\":280},{\"@type\":\"BreadcrumbList\",\"@id\":\"https:\/\/www.torreviejagastronomica.com\/jose-garcia-lorente-recibe-el-tenedor-de-oro-en-la-38a-cena-de-hermandad-de-la-hosteleria-local\/#breadcrumb\",\"itemListElement\":[{\"@type\":\"ListItem\",\"position\":1,\"name\":\"Portada\",\"item\":\"https:\/\/www.torreviejagastronomica.com\/\"},{\"@type\":\"ListItem\",\"position\":2,\"name\":\"Jos\u00e9 Garc\u00eda Lorente recibe el Tenedor de Oro en la 38\u00aa Cena de Hermandad de la Hosteler\u00eda local\"}]},{\"@type\":\"WebSite\",\"@id\":\"https:\/\/www.torreviejagastronomica.com\/#website\",\"url\":\"https:\/\/www.torreviejagastronomica.com\/\",\"name\":\"Torrevieja Gastron\u00f3mica\",\"description\":\"Asociaci\u00f3n Hosteler\u00eda Torrevieja y Comarca\",\"publisher\":{\"@id\":\"https:\/\/www.torreviejagastronomica.com\/#organization\"},\"potentialAction\":[{\"@type\":\"SearchAction\",\"target\":{\"@type\":\"EntryPoint\",\"urlTemplate\":\"https:\/\/www.torreviejagastronomica.com\/?s={search_term_string}\"},\"query-input\":{\"@type\":\"PropertyValueSpecification\",\"valueRequired\":true,\"valueName\":\"search_term_string\"}}],\"inLanguage\":\"es\"},{\"@type\":\"Organization\",\"@id\":\"https:\/\/www.torreviejagastronomica.com\/#organization\",\"name\":\"Torrevieja Gastron\u00f3mica\",\"url\":\"https:\/\/www.torreviejagastronomica.com\/\",\"logo\":{\"@type\":\"ImageObject\",\"inLanguage\":\"es\",\"@id\":\"https:\/\/www.torreviejagastronomica.com\/#\/schema\/logo\/image\/\",\"url\":\"https:\/\/www.torreviejagastronomica.com\/wp-content\/uploads\/2023\/09\/Logo-Torrevieja-Gastronomica.png\",\"contentUrl\":\"https:\/\/www.torreviejagastronomica.com\/wp-content\/uploads\/2023\/09\/Logo-Torrevieja-Gastronomica.png\",\"width\":350,\"height\":100,\"caption\":\"Torrevieja Gastron\u00f3mica\"},\"image\":{\"@id\":\"https:\/\/www.torreviejagastronomica.com\/#\/schema\/logo\/image\/\"}},{\"@type\":\"Person\",\"@id\":\"https:\/\/www.torreviejagastronomica.com\/#\/schema\/person\/43c1ae0a05eb24e94513f69078cd11a7\",\"name\":\"admin\",\"image\":{\"@type\":\"ImageObject\",\"inLanguage\":\"es\",\"@id\":\"https:\/\/www.torreviejagastronomica.com\/#\/schema\/person\/image\/\",\"url\":\"https:\/\/secure.gravatar.com\/avatar\/6497fb95944786a8c3310104dbce94031a7dee2c3b2645b425bfeeec49855f50?s=96&d=mm&r=g\",\"contentUrl\":\"https:\/\/secure.gravatar.com\/avatar\/6497fb95944786a8c3310104dbce94031a7dee2c3b2645b425bfeeec49855f50?s=96&d=mm&r=g\",\"caption\":\"admin\"},\"url\":\"https:\/\/www.torreviejagastronomica.com\/es\/author\/admin\/\"}]}<\/script>\n<!-- \/ Yoast SEO plugin. -->","yoast_head_json":{"title":"Jos\u00e9 Garc\u00eda Lorente recibe el Tenedor de Oro en la 38\u00aa Cena de Hermandad de la Hosteler\u00eda local - Torrevieja Gastron\u00f3mica","robots":{"index":"index","follow":"follow","max-snippet":"max-snippet:-1","max-image-preview":"max-image-preview:large","max-video-preview":"max-video-preview:-1"},"canonical":"https:\/\/www.torreviejagastronomica.com\/es\/jose-garcia-lorente-recibe-el-tenedor-de-oro-en-la-38a-cena-de-hermandad-de-la-hosteleria-local\/","og_locale":"es_ES","og_type":"article","og_title":"Jos\u00e9 Garc\u00eda Lorente recibe el Tenedor de Oro en la 38\u00aa Cena de Hermandad de la Hosteler\u00eda local - Torrevieja Gastron\u00f3mica","og_description":"Fuente: TorreviejaIP Anoche se celebraba la 38\u00aa Cena de Hermandad promovida por la AEHTC. Un acto al que precedi\u00f3 la gala de entrega de las distinciones anuales que sirvieron para premiar el esfuerzo tanto de asociados como de empresas colaboradoras y donde destac\u00f3 la entrega del m\u00e1ximo galard\u00f3n de la entidad: el Tenedor de Oro, [&hellip;]","og_url":"https:\/\/www.torreviejagastronomica.com\/es\/jose-garcia-lorente-recibe-el-tenedor-de-oro-en-la-38a-cena-de-hermandad-de-la-hosteleria-local\/","og_site_name":"Torrevieja Gastron\u00f3mica","article_published_time":"2013-04-23T10:01:28+00:00","og_image":[{"width":360,"height":280,"url":"https:\/\/www.torreviejagastronomica.com\/wp-content\/uploads\/2013\/04\/20130423_1.jpg","type":"image\/jpeg"}],"author":"admin","twitter_card":"summary_large_image","twitter_misc":{"Escrito por":"admin"},"schema":{"@context":"https:\/\/schema.org","@graph":[{"@type":"Article","@id":"https:\/\/www.torreviejagastronomica.com\/jose-garcia-lorente-recibe-el-tenedor-de-oro-en-la-38a-cena-de-hermandad-de-la-hosteleria-local\/#article","isPartOf":{"@id":"https:\/\/www.torreviejagastronomica.com\/jose-garcia-lorente-recibe-el-tenedor-de-oro-en-la-38a-cena-de-hermandad-de-la-hosteleria-local\/"},"author":{"name":"admin","@id":"https:\/\/www.torreviejagastronomica.com\/#\/schema\/person\/43c1ae0a05eb24e94513f69078cd11a7"},"headline":"Jos\u00e9 Garc\u00eda Lorente recibe el Tenedor de Oro en la 38\u00aa Cena de Hermandad de la Hosteler\u00eda local","datePublished":"2013-04-23T10:01:28+00:00","mainEntityOfPage":{"@id":"https:\/\/www.torreviejagastronomica.com\/jose-garcia-lorente-recibe-el-tenedor-de-oro-en-la-38a-cena-de-hermandad-de-la-hosteleria-local\/"},"wordCount":94,"publisher":{"@id":"https:\/\/www.torreviejagastronomica.com\/#organization"},"image":{"@id":"https:\/\/www.torreviejagastronomica.com\/jose-garcia-lorente-recibe-el-tenedor-de-oro-en-la-38a-cena-de-hermandad-de-la-hosteleria-local\/#primaryimage"},"thumbnailUrl":"https:\/\/www.torreviejagastronomica.com\/wp-content\/uploads\/2013\/04\/20130423_1.jpg","articleSection":["Eventos"],"inLanguage":"es"},{"@type":"WebPage","@id":"https:\/\/www.torreviejagastronomica.com\/jose-garcia-lorente-recibe-el-tenedor-de-oro-en-la-38a-cena-de-hermandad-de-la-hosteleria-local\/","url":"https:\/\/www.torreviejagastronomica.com\/jose-garcia-lorente-recibe-el-tenedor-de-oro-en-la-38a-cena-de-hermandad-de-la-hosteleria-local\/","name":"Jos\u00e9 Garc\u00eda Lorente recibe el Tenedor de Oro en la 38\u00aa Cena de Hermandad de la Hosteler\u00eda local - Torrevieja Gastron\u00f3mica","isPartOf":{"@id":"https:\/\/www.torreviejagastronomica.com\/#website"},"primaryImageOfPage":{"@id":"https:\/\/www.torreviejagastronomica.com\/jose-garcia-lorente-recibe-el-tenedor-de-oro-en-la-38a-cena-de-hermandad-de-la-hosteleria-local\/#primaryimage"},"image":{"@id":"https:\/\/www.torreviejagastronomica.com\/jose-garcia-lorente-recibe-el-tenedor-de-oro-en-la-38a-cena-de-hermandad-de-la-hosteleria-local\/#primaryimage"},"thumbnailUrl":"https:\/\/www.torreviejagastronomica.com\/wp-content\/uploads\/2013\/04\/20130423_1.jpg","datePublished":"2013-04-23T10:01:28+00:00","breadcrumb":{"@id":"https:\/\/www.torreviejagastronomica.com\/jose-garcia-lorente-recibe-el-tenedor-de-oro-en-la-38a-cena-de-hermandad-de-la-hosteleria-local\/#breadcrumb"},"inLanguage":"es","potentialAction":[{"@type":"ReadAction","target":["https:\/\/www.torreviejagastronomica.com\/jose-garcia-lorente-recibe-el-tenedor-de-oro-en-la-38a-cena-de-hermandad-de-la-hosteleria-local\/"]}]},{"@type":"ImageObject","inLanguage":"es","@id":"https:\/\/www.torreviejagastronomica.com\/jose-garcia-lorente-recibe-el-tenedor-de-oro-en-la-38a-cena-de-hermandad-de-la-hosteleria-local\/#primaryimage","url":"https:\/\/www.torreviejagastronomica.com\/wp-content\/uploads\/2013\/04\/20130423_1.jpg","contentUrl":"https:\/\/www.torreviejagastronomica.com\/wp-content\/uploads\/2013\/04\/20130423_1.jpg","width":360,"height":280},{"@type":"BreadcrumbList","@id":"https:\/\/www.torreviejagastronomica.com\/jose-garcia-lorente-recibe-el-tenedor-de-oro-en-la-38a-cena-de-hermandad-de-la-hosteleria-local\/#breadcrumb","itemListElement":[{"@type":"ListItem","position":1,"name":"Portada","item":"https:\/\/www.torreviejagastronomica.com\/"},{"@type":"ListItem","position":2,"name":"Jos\u00e9 Garc\u00eda Lorente recibe el Tenedor de Oro en la 38\u00aa Cena de Hermandad de la Hosteler\u00eda local"}]},{"@type":"WebSite","@id":"https:\/\/www.torreviejagastronomica.com\/#website","url":"https:\/\/www.torreviejagastronomica.com\/","name":"Torrevieja Gastron\u00f3mica","description":"Asociaci\u00f3n Hosteler\u00eda Torrevieja y Comarca","publisher":{"@id":"https:\/\/www.torreviejagastronomica.com\/#organization"},"potentialAction":[{"@type":"SearchAction","target":{"@type":"EntryPoint","urlTemplate":"https:\/\/www.torreviejagastronomica.com\/?s={search_term_string}"},"query-input":{"@type":"PropertyValueSpecification","valueRequired":true,"valueName":"search_term_string"}}],"inLanguage":"es"},{"@type":"Organization","@id":"https:\/\/www.torreviejagastronomica.com\/#organization","name":"Torrevieja Gastron\u00f3mica","url":"https:\/\/www.torreviejagastronomica.com\/","logo":{"@type":"ImageObject","inLanguage":"es","@id":"https:\/\/www.torreviejagastronomica.com\/#\/schema\/logo\/image\/","url":"https:\/\/www.torreviejagastronomica.com\/wp-content\/uploads\/2023\/09\/Logo-Torrevieja-Gastronomica.png","contentUrl":"https:\/\/www.torreviejagastronomica.com\/wp-content\/uploads\/2023\/09\/Logo-Torrevieja-Gastronomica.png","width":350,"height":100,"caption":"Torrevieja Gastron\u00f3mica"},"image":{"@id":"https:\/\/www.torreviejagastronomica.com\/#\/schema\/logo\/image\/"}},{"@type":"Person","@id":"https:\/\/www.torreviejagastronomica.com\/#\/schema\/person\/43c1ae0a05eb24e94513f69078cd11a7","name":"admin","image":{"@type":"ImageObject","inLanguage":"es","@id":"https:\/\/www.torreviejagastronomica.com\/#\/schema\/person\/image\/","url":"https:\/\/secure.gravatar.com\/avatar\/6497fb95944786a8c3310104dbce94031a7dee2c3b2645b425bfeeec49855f50?s=96&d=mm&r=g","contentUrl":"https:\/\/secure.gravatar.com\/avatar\/6497fb95944786a8c3310104dbce94031a7dee2c3b2645b425bfeeec49855f50?s=96&d=mm&r=g","caption":"admin"},"url":"https:\/\/www.torreviejagastronomica.com\/es\/author\/admin\/"}]}},"_links":{"self":[{"href":"https:\/\/www.torreviejagastronomica.com\/es\/wp-json\/wp\/v2\/posts\/669","targetHints":{"allow":["GET"]}}],"collection":[{"href":"https:\/\/www.torreviejagastronomica.com\/es\/wp-json\/wp\/v2\/posts"}],"about":[{"href":"https:\/\/www.torreviejagastronomica.com\/es\/wp-json\/wp\/v2\/types\/post"}],"author":[{"embeddable":true,"href":"https:\/\/www.torreviejagastronomica.com\/es\/wp-json\/wp\/v2\/users\/3"}],"replies":[{"embeddable":true,"href":"https:\/\/www.torreviejagastronomica.com\/es\/wp-json\/wp\/v2\/comments?post=669"}],"version-history":[{"count":0,"href":"https:\/\/www.torreviejagastronomica.com\/es\/wp-json\/wp\/v2\/posts\/669\/revisions"}],"wp:featuredmedia":[{"embeddable":true,"href":"https:\/\/www.torreviejagastronomica.com\/es\/wp-json\/wp\/v2\/media\/670"}],"wp:attachment":[{"href":"https:\/\/www.torreviejagastronomica.com\/es\/wp-json\/wp\/v2\/media?parent=669"}],"wp:term":[{"taxonomy":"category","embeddable":true,"href":"https:\/\/www.torreviejagastronomica.com\/es\/wp-json\/wp\/v2\/categories?post=669"},{"taxonomy":"post_tag","embeddable":true,"href":"https:\/\/www.torreviejagastronomica.com\/es\/wp-json\/wp\/v2\/tags?post=669"}],"curies":[{"name":"wp","href":"https:\/\/api.w.org\/{rel}","templated":true}]}}