{"id":6150,"date":"2025-02-13T20:28:56","date_gmt":"2025-02-13T19:28:56","guid":{"rendered":"https:\/\/www.torreviejagastronomica.com\/?p=6150"},"modified":"2025-02-13T20:28:58","modified_gmt":"2025-02-13T19:28:58","slug":"torrevieja-celebra-la-4a-edicion-de-pastel-y-cafe-la-semana-mas-dulce-del-10-al-16-de-febrero","status":"publish","type":"post","link":"https:\/\/www.torreviejagastronomica.com\/es\/torrevieja-celebra-la-4a-edicion-de-pastel-y-cafe-la-semana-mas-dulce-del-10-al-16-de-febrero\/","title":{"rendered":"Torrevieja celebra la 4\u00aa edici\u00f3n de \u00abPastel y Caf\u00e9, La semana m\u00e1s dulce\u00bb del 10 al 16 de febrero"},"content":{"rendered":"\n<h1 class=\"wp-block-heading\"><a href=\"https:\/\/www.aehtc.net\/wp-content\/uploads\/IMG_1733-en-tamano-grande.jpeg\"><\/a><\/h1>\n\n\n\n<p>Torrevieja,&nbsp;6 de febrero de 2025&nbsp;\u2013&nbsp;En la ma\u00f1ana de hoy, el presidente de la Asociaci\u00f3n de Empresas de Hosteler\u00eda de Torrevieja y Comarca,&nbsp;Jos\u00e9 Ignacio Pastor, junto a la concejal de Hosteler\u00eda y Turismo,&nbsp;Rosario Mart\u00ednez, han presentado en el Ayuntamiento la&nbsp;4\u00aa edici\u00f3n de \u00abPastel y Caf\u00e9 \u2013 La Semana M\u00e1s Dulce\u00bb, un evento gastron\u00f3mico que endulzar\u00e1 la ciudad del&nbsp;10 al 16 de febrero.<\/p>\n\n\n\n<p>Durante la presentaci\u00f3n,&nbsp;el presidente y la concejal&nbsp;han destacado la importancia de iniciativas como esta para dinamizar el sector hostelero local, fomentar el consumo en los establecimientos y seguir posicionando a Torrevieja como un destino gastron\u00f3mico de referencia.<\/p>\n\n\n\n<p>Durante esta semana especial,&nbsp;ocho establecimientos asociados&nbsp;ofrecer\u00e1n&nbsp;deliciosos dulces acompa\u00f1ados de caf\u00e9, t\u00e9 o infusi\u00f3n, con precios que oscilar\u00e1n entre los&nbsp;4 y 8 euros.<\/p>\n\n\n\n<p>Los&nbsp;establecimientos participantes&nbsp;son:<\/p>\n\n\n\n<p>\u2022&nbsp;Restaurante&nbsp;HB Torrevieja<\/p>\n\n\n\n<p>\u2022&nbsp;La Cantina Food &amp;&nbsp;Drinks<\/p>\n\n\n\n<p>\u2022&nbsp;Delicious&nbsp;Bakery&nbsp;La Jijonenca<\/p>\n\n\n\n<p>\u2022&nbsp;Bar Po Rom&nbsp;Pom&nbsp;Pom<\/p>\n\n\n\n<p>\u2022&nbsp;La Glorieta Caf\u00e9<\/p>\n\n\n\n<p>\u2022&nbsp;La Esquinita<\/p>\n\n\n\n<p>\u2022&nbsp;Restaurante La Mata \u201cFelisa\u201d<\/p>\n\n\n\n<p>\u2022&nbsp;Cafeter\u00eda Bistr\u00f3 \u2013 Hotel La Laguna Spa &amp; Golf<\/p>\n\n\n\n<p>Esta iniciativa, organizada por la&nbsp;Asociaci\u00f3n de Empresas de Hosteler\u00eda de Torrevieja y Comarca, con la colaboraci\u00f3n del&nbsp;Excmo.&nbsp;Ayuntamiento de Torrevieja y el Patronato Provincial de Turismo Costa Blanca, busca promover el sector hostelero local y ofrecer a residentes y visitantes la oportunidad de disfrutar de la mejor reposter\u00eda de la ciudad.<\/p>\n\n\n\n<p>\ud83d\udccd&nbsp;M\u00e1s informaci\u00f3n en:\u200b&nbsp;<a href=\"http:\/\/torreviejagastronomica.com\/\">torreviejagastronomica.com<\/a><\/p>\n\n\n\n<p>\u200b\u200b\u200b\u200b<a href=\"https:\/\/www.facebook.com\/TorreviejaGastronomica1\/\">https:\/\/www.facebook.com\/TorreviejaGastronomica1\/<\/a><\/p>\n\n\n\n<p>\u200b\u200b\u200b\u200b<a href=\"https:\/\/www.instagram.com\/torrevieja_gastronomica\/\">https:\/\/www.instagram.com\/torrevieja_gastronomica\/<\/a><\/p>\n\n\n\n<p>Del 10 al 16 de febrero, date un capricho y vive \u00abLa Semana M\u00e1s Dulce\u00bb en Torrevieja. \u00a1No te lo pierdas!<\/p>\n","protected":false},"excerpt":{"rendered":"<p>Momentos de la presentaci\u00f3n, Jos\u00e9 Ignacio Pastor presidente de AEHTC y Rosario Mart\u00ednez Chazarra concejala de Turismo <\/p>\n","protected":false},"author":4,"featured_media":6151,"comment_status":"open","ping_status":"open","sticky":false,"template":"","format":"standard","meta":{"footnotes":""},"categories":[1],"tags":[],"class_list":["post-6150","post","type-post","status-publish","format-standard","has-post-thumbnail","hentry","category-uncategorized"],"yoast_head":"<!-- This site is optimized with the Yoast SEO plugin v25.7 - https:\/\/yoast.com\/wordpress\/plugins\/seo\/ -->\n<title>Torrevieja celebra la 4\u00aa edici\u00f3n de \u00abPastel y Caf\u00e9, La semana m\u00e1s dulce\u00bb del 10 al 16 de febrero - Torrevieja Gastron\u00f3mica<\/title>\n<meta name=\"robots\" content=\"index, follow, max-snippet:-1, max-image-preview:large, max-video-preview:-1\" \/>\n<link rel=\"canonical\" href=\"https:\/\/www.torreviejagastronomica.com\/es\/torrevieja-celebra-la-4a-edicion-de-pastel-y-cafe-la-semana-mas-dulce-del-10-al-16-de-febrero\/\" \/>\n<meta property=\"og:locale\" content=\"es_ES\" \/>\n<meta property=\"og:type\" content=\"article\" \/>\n<meta property=\"og:title\" content=\"Torrevieja celebra la 4\u00aa edici\u00f3n de \u00abPastel y Caf\u00e9, La semana m\u00e1s dulce\u00bb del 10 al 16 de febrero - Torrevieja Gastron\u00f3mica\" \/>\n<meta property=\"og:description\" content=\"Momentos de la presentaci\u00f3n, Jos\u00e9 Ignacio Pastor presidente de AEHTC y Rosario Mart\u00ednez Chazarra concejala de Turismo\" \/>\n<meta property=\"og:url\" content=\"https:\/\/www.torreviejagastronomica.com\/es\/torrevieja-celebra-la-4a-edicion-de-pastel-y-cafe-la-semana-mas-dulce-del-10-al-16-de-febrero\/\" \/>\n<meta property=\"og:site_name\" content=\"Torrevieja Gastron\u00f3mica\" \/>\n<meta property=\"article:published_time\" content=\"2025-02-13T19:28:56+00:00\" \/>\n<meta property=\"article:modified_time\" content=\"2025-02-13T19:28:58+00:00\" \/>\n<meta property=\"og:image\" content=\"https:\/\/www.torreviejagastronomica.com\/wp-content\/uploads\/2025\/02\/IMG_1733-scaled.jpeg\" \/>\n\t<meta property=\"og:image:width\" content=\"2560\" \/>\n\t<meta property=\"og:image:height\" content=\"1440\" \/>\n\t<meta property=\"og:image:type\" content=\"image\/jpeg\" \/>\n<meta name=\"author\" content=\"Asociaci\u00f3n de Empresas de Hosteler\u00eda de Torrevieja y Comarca\" \/>\n<meta name=\"twitter:card\" content=\"summary_large_image\" \/>\n<meta name=\"twitter:label1\" content=\"Escrito por\" \/>\n\t<meta name=\"twitter:data1\" content=\"Asociaci\u00f3n de Empresas de Hosteler\u00eda de Torrevieja y Comarca\" \/>\n\t<meta name=\"twitter:label2\" content=\"Tiempo de lectura\" \/>\n\t<meta name=\"twitter:data2\" content=\"2 minutos\" \/>\n<script type=\"application\/ld+json\" class=\"yoast-schema-graph\">{\"@context\":\"https:\/\/schema.org\",\"@graph\":[{\"@type\":\"Article\",\"@id\":\"https:\/\/www.torreviejagastronomica.com\/torrevieja-celebra-la-4a-edicion-de-pastel-y-cafe-la-semana-mas-dulce-del-10-al-16-de-febrero\/#article\",\"isPartOf\":{\"@id\":\"https:\/\/www.torreviejagastronomica.com\/torrevieja-celebra-la-4a-edicion-de-pastel-y-cafe-la-semana-mas-dulce-del-10-al-16-de-febrero\/\"},\"author\":{\"name\":\"Asociaci\u00f3n de Empresas de Hosteler\u00eda de Torrevieja y Comarca\",\"@id\":\"https:\/\/www.torreviejagastronomica.com\/#\/schema\/person\/9e0116f808f941d46f9baadf5335f0a9\"},\"headline\":\"Torrevieja celebra la 4\u00aa edici\u00f3n de \u00abPastel y Caf\u00e9, La semana m\u00e1s dulce\u00bb del 10 al 16 de febrero\",\"datePublished\":\"2025-02-13T19:28:56+00:00\",\"dateModified\":\"2025-02-13T19:28:58+00:00\",\"mainEntityOfPage\":{\"@id\":\"https:\/\/www.torreviejagastronomica.com\/torrevieja-celebra-la-4a-edicion-de-pastel-y-cafe-la-semana-mas-dulce-del-10-al-16-de-febrero\/\"},\"wordCount\":324,\"commentCount\":0,\"publisher\":{\"@id\":\"https:\/\/www.torreviejagastronomica.com\/#organization\"},\"image\":{\"@id\":\"https:\/\/www.torreviejagastronomica.com\/torrevieja-celebra-la-4a-edicion-de-pastel-y-cafe-la-semana-mas-dulce-del-10-al-16-de-febrero\/#primaryimage\"},\"thumbnailUrl\":\"https:\/\/www.torreviejagastronomica.com\/wp-content\/uploads\/2025\/02\/IMG_1733-scaled.jpeg\",\"articleSection\":[\"Uncategorized\"],\"inLanguage\":\"es\",\"potentialAction\":[{\"@type\":\"CommentAction\",\"name\":\"Comment\",\"target\":[\"https:\/\/www.torreviejagastronomica.com\/torrevieja-celebra-la-4a-edicion-de-pastel-y-cafe-la-semana-mas-dulce-del-10-al-16-de-febrero\/#respond\"]}]},{\"@type\":\"WebPage\",\"@id\":\"https:\/\/www.torreviejagastronomica.com\/torrevieja-celebra-la-4a-edicion-de-pastel-y-cafe-la-semana-mas-dulce-del-10-al-16-de-febrero\/\",\"url\":\"https:\/\/www.torreviejagastronomica.com\/torrevieja-celebra-la-4a-edicion-de-pastel-y-cafe-la-semana-mas-dulce-del-10-al-16-de-febrero\/\",\"name\":\"Torrevieja celebra la 4\u00aa edici\u00f3n de \u00abPastel y Caf\u00e9, La semana m\u00e1s dulce\u00bb del 10 al 16 de febrero - Torrevieja Gastron\u00f3mica\",\"isPartOf\":{\"@id\":\"https:\/\/www.torreviejagastronomica.com\/#website\"},\"primaryImageOfPage\":{\"@id\":\"https:\/\/www.torreviejagastronomica.com\/torrevieja-celebra-la-4a-edicion-de-pastel-y-cafe-la-semana-mas-dulce-del-10-al-16-de-febrero\/#primaryimage\"},\"image\":{\"@id\":\"https:\/\/www.torreviejagastronomica.com\/torrevieja-celebra-la-4a-edicion-de-pastel-y-cafe-la-semana-mas-dulce-del-10-al-16-de-febrero\/#primaryimage\"},\"thumbnailUrl\":\"https:\/\/www.torreviejagastronomica.com\/wp-content\/uploads\/2025\/02\/IMG_1733-scaled.jpeg\",\"datePublished\":\"2025-02-13T19:28:56+00:00\",\"dateModified\":\"2025-02-13T19:28:58+00:00\",\"breadcrumb\":{\"@id\":\"https:\/\/www.torreviejagastronomica.com\/torrevieja-celebra-la-4a-edicion-de-pastel-y-cafe-la-semana-mas-dulce-del-10-al-16-de-febrero\/#breadcrumb\"},\"inLanguage\":\"es\",\"potentialAction\":[{\"@type\":\"ReadAction\",\"target\":[\"https:\/\/www.torreviejagastronomica.com\/torrevieja-celebra-la-4a-edicion-de-pastel-y-cafe-la-semana-mas-dulce-del-10-al-16-de-febrero\/\"]}]},{\"@type\":\"ImageObject\",\"inLanguage\":\"es\",\"@id\":\"https:\/\/www.torreviejagastronomica.com\/torrevieja-celebra-la-4a-edicion-de-pastel-y-cafe-la-semana-mas-dulce-del-10-al-16-de-febrero\/#primaryimage\",\"url\":\"https:\/\/www.torreviejagastronomica.com\/wp-content\/uploads\/2025\/02\/IMG_1733-scaled.jpeg\",\"contentUrl\":\"https:\/\/www.torreviejagastronomica.com\/wp-content\/uploads\/2025\/02\/IMG_1733-scaled.jpeg\",\"width\":2560,\"height\":1440},{\"@type\":\"BreadcrumbList\",\"@id\":\"https:\/\/www.torreviejagastronomica.com\/torrevieja-celebra-la-4a-edicion-de-pastel-y-cafe-la-semana-mas-dulce-del-10-al-16-de-febrero\/#breadcrumb\",\"itemListElement\":[{\"@type\":\"ListItem\",\"position\":1,\"name\":\"Portada\",\"item\":\"https:\/\/www.torreviejagastronomica.com\/\"},{\"@type\":\"ListItem\",\"position\":2,\"name\":\"Torrevieja celebra la 4\u00aa edici\u00f3n de \u00abPastel y Caf\u00e9, La semana m\u00e1s dulce\u00bb del 10 al 16 de febrero\"}]},{\"@type\":\"WebSite\",\"@id\":\"https:\/\/www.torreviejagastronomica.com\/#website\",\"url\":\"https:\/\/www.torreviejagastronomica.com\/\",\"name\":\"Torrevieja Gastron\u00f3mica\",\"description\":\"Asociaci\u00f3n Hosteler\u00eda Torrevieja y Comarca\",\"publisher\":{\"@id\":\"https:\/\/www.torreviejagastronomica.com\/#organization\"},\"potentialAction\":[{\"@type\":\"SearchAction\",\"target\":{\"@type\":\"EntryPoint\",\"urlTemplate\":\"https:\/\/www.torreviejagastronomica.com\/?s={search_term_string}\"},\"query-input\":{\"@type\":\"PropertyValueSpecification\",\"valueRequired\":true,\"valueName\":\"search_term_string\"}}],\"inLanguage\":\"es\"},{\"@type\":\"Organization\",\"@id\":\"https:\/\/www.torreviejagastronomica.com\/#organization\",\"name\":\"Torrevieja Gastron\u00f3mica\",\"url\":\"https:\/\/www.torreviejagastronomica.com\/\",\"logo\":{\"@type\":\"ImageObject\",\"inLanguage\":\"es\",\"@id\":\"https:\/\/www.torreviejagastronomica.com\/#\/schema\/logo\/image\/\",\"url\":\"https:\/\/www.torreviejagastronomica.com\/wp-content\/uploads\/2023\/09\/Logo-Torrevieja-Gastronomica.png\",\"contentUrl\":\"https:\/\/www.torreviejagastronomica.com\/wp-content\/uploads\/2023\/09\/Logo-Torrevieja-Gastronomica.png\",\"width\":350,\"height\":100,\"caption\":\"Torrevieja Gastron\u00f3mica\"},\"image\":{\"@id\":\"https:\/\/www.torreviejagastronomica.com\/#\/schema\/logo\/image\/\"}},{\"@type\":\"Person\",\"@id\":\"https:\/\/www.torreviejagastronomica.com\/#\/schema\/person\/9e0116f808f941d46f9baadf5335f0a9\",\"name\":\"Asociaci\u00f3n de Empresas de Hosteler\u00eda de Torrevieja y Comarca\",\"image\":{\"@type\":\"ImageObject\",\"inLanguage\":\"es\",\"@id\":\"https:\/\/www.torreviejagastronomica.com\/#\/schema\/person\/image\/\",\"url\":\"https:\/\/secure.gravatar.com\/avatar\/32ba6ba6e685fc061412a65c4a8a8b6caaf6d90d0985a737a4015d36e84d2d1f?s=96&d=mm&r=g\",\"contentUrl\":\"https:\/\/secure.gravatar.com\/avatar\/32ba6ba6e685fc061412a65c4a8a8b6caaf6d90d0985a737a4015d36e84d2d1f?s=96&d=mm&r=g\",\"caption\":\"Asociaci\u00f3n de Empresas de Hosteler\u00eda de Torrevieja y Comarca\"},\"url\":\"https:\/\/www.torreviejagastronomica.com\/es\/author\/hosteleria\/\"}]}<\/script>\n<!-- \/ Yoast SEO plugin. -->","yoast_head_json":{"title":"Torrevieja celebra la 4\u00aa edici\u00f3n de \u00abPastel y Caf\u00e9, La semana m\u00e1s dulce\u00bb del 10 al 16 de febrero - Torrevieja Gastron\u00f3mica","robots":{"index":"index","follow":"follow","max-snippet":"max-snippet:-1","max-image-preview":"max-image-preview:large","max-video-preview":"max-video-preview:-1"},"canonical":"https:\/\/www.torreviejagastronomica.com\/es\/torrevieja-celebra-la-4a-edicion-de-pastel-y-cafe-la-semana-mas-dulce-del-10-al-16-de-febrero\/","og_locale":"es_ES","og_type":"article","og_title":"Torrevieja celebra la 4\u00aa edici\u00f3n de \u00abPastel y Caf\u00e9, La semana m\u00e1s dulce\u00bb del 10 al 16 de febrero - Torrevieja Gastron\u00f3mica","og_description":"Momentos de la presentaci\u00f3n, Jos\u00e9 Ignacio Pastor presidente de AEHTC y Rosario Mart\u00ednez Chazarra concejala de Turismo","og_url":"https:\/\/www.torreviejagastronomica.com\/es\/torrevieja-celebra-la-4a-edicion-de-pastel-y-cafe-la-semana-mas-dulce-del-10-al-16-de-febrero\/","og_site_name":"Torrevieja Gastron\u00f3mica","article_published_time":"2025-02-13T19:28:56+00:00","article_modified_time":"2025-02-13T19:28:58+00:00","og_image":[{"width":2560,"height":1440,"url":"https:\/\/www.torreviejagastronomica.com\/wp-content\/uploads\/2025\/02\/IMG_1733-scaled.jpeg","type":"image\/jpeg"}],"author":"Asociaci\u00f3n de Empresas de Hosteler\u00eda de Torrevieja y Comarca","twitter_card":"summary_large_image","twitter_misc":{"Escrito por":"Asociaci\u00f3n de Empresas de Hosteler\u00eda de Torrevieja y Comarca","Tiempo de lectura":"2 minutos"},"schema":{"@context":"https:\/\/schema.org","@graph":[{"@type":"Article","@id":"https:\/\/www.torreviejagastronomica.com\/torrevieja-celebra-la-4a-edicion-de-pastel-y-cafe-la-semana-mas-dulce-del-10-al-16-de-febrero\/#article","isPartOf":{"@id":"https:\/\/www.torreviejagastronomica.com\/torrevieja-celebra-la-4a-edicion-de-pastel-y-cafe-la-semana-mas-dulce-del-10-al-16-de-febrero\/"},"author":{"name":"Asociaci\u00f3n de Empresas de Hosteler\u00eda de Torrevieja y Comarca","@id":"https:\/\/www.torreviejagastronomica.com\/#\/schema\/person\/9e0116f808f941d46f9baadf5335f0a9"},"headline":"Torrevieja celebra la 4\u00aa edici\u00f3n de \u00abPastel y Caf\u00e9, La semana m\u00e1s dulce\u00bb del 10 al 16 de febrero","datePublished":"2025-02-13T19:28:56+00:00","dateModified":"2025-02-13T19:28:58+00:00","mainEntityOfPage":{"@id":"https:\/\/www.torreviejagastronomica.com\/torrevieja-celebra-la-4a-edicion-de-pastel-y-cafe-la-semana-mas-dulce-del-10-al-16-de-febrero\/"},"wordCount":324,"commentCount":0,"publisher":{"@id":"https:\/\/www.torreviejagastronomica.com\/#organization"},"image":{"@id":"https:\/\/www.torreviejagastronomica.com\/torrevieja-celebra-la-4a-edicion-de-pastel-y-cafe-la-semana-mas-dulce-del-10-al-16-de-febrero\/#primaryimage"},"thumbnailUrl":"https:\/\/www.torreviejagastronomica.com\/wp-content\/uploads\/2025\/02\/IMG_1733-scaled.jpeg","articleSection":["Uncategorized"],"inLanguage":"es","potentialAction":[{"@type":"CommentAction","name":"Comment","target":["https:\/\/www.torreviejagastronomica.com\/torrevieja-celebra-la-4a-edicion-de-pastel-y-cafe-la-semana-mas-dulce-del-10-al-16-de-febrero\/#respond"]}]},{"@type":"WebPage","@id":"https:\/\/www.torreviejagastronomica.com\/torrevieja-celebra-la-4a-edicion-de-pastel-y-cafe-la-semana-mas-dulce-del-10-al-16-de-febrero\/","url":"https:\/\/www.torreviejagastronomica.com\/torrevieja-celebra-la-4a-edicion-de-pastel-y-cafe-la-semana-mas-dulce-del-10-al-16-de-febrero\/","name":"Torrevieja celebra la 4\u00aa edici\u00f3n de \u00abPastel y Caf\u00e9, La semana m\u00e1s dulce\u00bb del 10 al 16 de febrero - Torrevieja Gastron\u00f3mica","isPartOf":{"@id":"https:\/\/www.torreviejagastronomica.com\/#website"},"primaryImageOfPage":{"@id":"https:\/\/www.torreviejagastronomica.com\/torrevieja-celebra-la-4a-edicion-de-pastel-y-cafe-la-semana-mas-dulce-del-10-al-16-de-febrero\/#primaryimage"},"image":{"@id":"https:\/\/www.torreviejagastronomica.com\/torrevieja-celebra-la-4a-edicion-de-pastel-y-cafe-la-semana-mas-dulce-del-10-al-16-de-febrero\/#primaryimage"},"thumbnailUrl":"https:\/\/www.torreviejagastronomica.com\/wp-content\/uploads\/2025\/02\/IMG_1733-scaled.jpeg","datePublished":"2025-02-13T19:28:56+00:00","dateModified":"2025-02-13T19:28:58+00:00","breadcrumb":{"@id":"https:\/\/www.torreviejagastronomica.com\/torrevieja-celebra-la-4a-edicion-de-pastel-y-cafe-la-semana-mas-dulce-del-10-al-16-de-febrero\/#breadcrumb"},"inLanguage":"es","potentialAction":[{"@type":"ReadAction","target":["https:\/\/www.torreviejagastronomica.com\/torrevieja-celebra-la-4a-edicion-de-pastel-y-cafe-la-semana-mas-dulce-del-10-al-16-de-febrero\/"]}]},{"@type":"ImageObject","inLanguage":"es","@id":"https:\/\/www.torreviejagastronomica.com\/torrevieja-celebra-la-4a-edicion-de-pastel-y-cafe-la-semana-mas-dulce-del-10-al-16-de-febrero\/#primaryimage","url":"https:\/\/www.torreviejagastronomica.com\/wp-content\/uploads\/2025\/02\/IMG_1733-scaled.jpeg","contentUrl":"https:\/\/www.torreviejagastronomica.com\/wp-content\/uploads\/2025\/02\/IMG_1733-scaled.jpeg","width":2560,"height":1440},{"@type":"BreadcrumbList","@id":"https:\/\/www.torreviejagastronomica.com\/torrevieja-celebra-la-4a-edicion-de-pastel-y-cafe-la-semana-mas-dulce-del-10-al-16-de-febrero\/#breadcrumb","itemListElement":[{"@type":"ListItem","position":1,"name":"Portada","item":"https:\/\/www.torreviejagastronomica.com\/"},{"@type":"ListItem","position":2,"name":"Torrevieja celebra la 4\u00aa edici\u00f3n de \u00abPastel y Caf\u00e9, La semana m\u00e1s dulce\u00bb del 10 al 16 de febrero"}]},{"@type":"WebSite","@id":"https:\/\/www.torreviejagastronomica.com\/#website","url":"https:\/\/www.torreviejagastronomica.com\/","name":"Torrevieja Gastron\u00f3mica","description":"Asociaci\u00f3n Hosteler\u00eda Torrevieja y Comarca","publisher":{"@id":"https:\/\/www.torreviejagastronomica.com\/#organization"},"potentialAction":[{"@type":"SearchAction","target":{"@type":"EntryPoint","urlTemplate":"https:\/\/www.torreviejagastronomica.com\/?s={search_term_string}"},"query-input":{"@type":"PropertyValueSpecification","valueRequired":true,"valueName":"search_term_string"}}],"inLanguage":"es"},{"@type":"Organization","@id":"https:\/\/www.torreviejagastronomica.com\/#organization","name":"Torrevieja Gastron\u00f3mica","url":"https:\/\/www.torreviejagastronomica.com\/","logo":{"@type":"ImageObject","inLanguage":"es","@id":"https:\/\/www.torreviejagastronomica.com\/#\/schema\/logo\/image\/","url":"https:\/\/www.torreviejagastronomica.com\/wp-content\/uploads\/2023\/09\/Logo-Torrevieja-Gastronomica.png","contentUrl":"https:\/\/www.torreviejagastronomica.com\/wp-content\/uploads\/2023\/09\/Logo-Torrevieja-Gastronomica.png","width":350,"height":100,"caption":"Torrevieja Gastron\u00f3mica"},"image":{"@id":"https:\/\/www.torreviejagastronomica.com\/#\/schema\/logo\/image\/"}},{"@type":"Person","@id":"https:\/\/www.torreviejagastronomica.com\/#\/schema\/person\/9e0116f808f941d46f9baadf5335f0a9","name":"Asociaci\u00f3n de Empresas de Hosteler\u00eda de Torrevieja y Comarca","image":{"@type":"ImageObject","inLanguage":"es","@id":"https:\/\/www.torreviejagastronomica.com\/#\/schema\/person\/image\/","url":"https:\/\/secure.gravatar.com\/avatar\/32ba6ba6e685fc061412a65c4a8a8b6caaf6d90d0985a737a4015d36e84d2d1f?s=96&d=mm&r=g","contentUrl":"https:\/\/secure.gravatar.com\/avatar\/32ba6ba6e685fc061412a65c4a8a8b6caaf6d90d0985a737a4015d36e84d2d1f?s=96&d=mm&r=g","caption":"Asociaci\u00f3n de Empresas de Hosteler\u00eda de Torrevieja y Comarca"},"url":"https:\/\/www.torreviejagastronomica.com\/es\/author\/hosteleria\/"}]}},"_links":{"self":[{"href":"https:\/\/www.torreviejagastronomica.com\/es\/wp-json\/wp\/v2\/posts\/6150","targetHints":{"allow":["GET"]}}],"collection":[{"href":"https:\/\/www.torreviejagastronomica.com\/es\/wp-json\/wp\/v2\/posts"}],"about":[{"href":"https:\/\/www.torreviejagastronomica.com\/es\/wp-json\/wp\/v2\/types\/post"}],"author":[{"embeddable":true,"href":"https:\/\/www.torreviejagastronomica.com\/es\/wp-json\/wp\/v2\/users\/4"}],"replies":[{"embeddable":true,"href":"https:\/\/www.torreviejagastronomica.com\/es\/wp-json\/wp\/v2\/comments?post=6150"}],"version-history":[{"count":1,"href":"https:\/\/www.torreviejagastronomica.com\/es\/wp-json\/wp\/v2\/posts\/6150\/revisions"}],"predecessor-version":[{"id":6152,"href":"https:\/\/www.torreviejagastronomica.com\/es\/wp-json\/wp\/v2\/posts\/6150\/revisions\/6152"}],"wp:featuredmedia":[{"embeddable":true,"href":"https:\/\/www.torreviejagastronomica.com\/es\/wp-json\/wp\/v2\/media\/6151"}],"wp:attachment":[{"href":"https:\/\/www.torreviejagastronomica.com\/es\/wp-json\/wp\/v2\/media?parent=6150"}],"wp:term":[{"taxonomy":"category","embeddable":true,"href":"https:\/\/www.torreviejagastronomica.com\/es\/wp-json\/wp\/v2\/categories?post=6150"},{"taxonomy":"post_tag","embeddable":true,"href":"https:\/\/www.torreviejagastronomica.com\/es\/wp-json\/wp\/v2\/tags?post=6150"}],"curies":[{"name":"wp","href":"https:\/\/api.w.org\/{rel}","templated":true}]}}