{"id":4745,"date":"2024-05-29T18:44:14","date_gmt":"2024-05-29T16:44:14","guid":{"rendered":"https:\/\/www.torreviejagastronomica.com\/?p=4745"},"modified":"2024-05-29T22:23:07","modified_gmt":"2024-05-29T20:23:07","slug":"presentadas-las-jornadas-gastronomicas-torrevieja-y-el-mar-2024","status":"publish","type":"post","link":"https:\/\/www.torreviejagastronomica.com\/es\/presentadas-las-jornadas-gastronomicas-torrevieja-y-el-mar-2024\/","title":{"rendered":"Presentadas las jornadas gastron\u00f3micas \u00abTorrevieja y el Mar\u00bb 2024."},"content":{"rendered":"\n<h1 class=\"wp-block-heading\">Las Jornadas Gastron\u00f3micas Torrevieja y el Mar, se celebrar\u00e1n del 12 al 14 y del 19 al 21 de junio, con la participaci\u00f3n de 6 restaurantes asociados<\/h1>\n\n\n\n<p><\/p>\n\n\n\n<h2 class=\"wp-block-heading\"><\/h2>\n\n\n\n<p>El Presidente de la Asociaci\u00f3n de Empresas de Hosteler\u00eda de Torrevieja y Comarca, Jos\u00e9 Ignacio Pastor, acompa\u00f1ado por la Concejal de Hosteler\u00eda y Turismo, Rosario Mart\u00ednez, el secretario y el Tesorero de la Asociaci\u00f3n, Joaqu\u00edn Guillam\u00f3 y Marco Martinetti, y representantes de los seis restaurantes participantes, ha presentado en la ma\u00f1ana de hoy las Jornadas Gastron\u00f3micas \u201cTorrevieja y el Mar\u201d, que se celebrar\u00e1n del 12 al 14 y del 19 al 21 de junio, con la participaci\u00f3n de 6 restaurantes asociados, en los que se podr\u00e1 disfrutar de sus men\u00fas en horario de mediod\u00eda a un precio \u00fanico de 60 euros.<\/p>\n\n\n\n<p>Los participantes de estas jornadas son los siguientes:&nbsp;<\/p>\n\n\n\n<ul class=\"wp-block-list\">\n<li><strong>&nbsp;&nbsp;Mi\u00e9rcoles&nbsp;12 de junio: &nbsp; &nbsp;Bianco Sea&nbsp;Emotion<\/strong><\/li>\n\n\n\n<li><strong>&nbsp;&nbsp;Jueves&nbsp;13 de junio: &nbsp; &nbsp; &nbsp; &nbsp;Restaurante&nbsp;Sunset&nbsp;Beach<\/strong><\/li>\n\n\n\n<li><strong>&nbsp;&nbsp;Viernes&nbsp;14 de junio: &nbsp; &nbsp; &nbsp; Restaurante Mes\u00f3n El Huertano<\/strong><\/li>\n\n\n\n<li><strong>&nbsp;&nbsp;Mi\u00e9rcoles&nbsp;19 de junio: &nbsp; Mes\u00f3n Las Jarras<\/strong><\/li>\n\n\n\n<li><strong>&nbsp;&nbsp;Jueves&nbsp;20 de junio: &nbsp; &nbsp; &nbsp; Restaurante Mes\u00f3n de la Costa<\/strong><\/li>\n\n\n\n<li><strong>&nbsp;&nbsp;Viernes&nbsp;21 de junio: &nbsp; &nbsp; &nbsp;Restaurante Mes\u00f3n Las Villas<\/strong><\/li>\n<\/ul>\n\n\n\n<p><\/p>\n\n\n\n<p>El presidente Jos\u00e9 Ignacio Pastor subray\u00f3 la importancia de estas jornadas para realzar la oferta culinaria de la regi\u00f3n y atraer tanto a residentes como a turistas.\u00a0<strong><em>\u201cEstas jornadas son fundamentales para mantener la relevancia y competitividad del sector hostelero\u00bb.<\/em><\/strong>\u00a0A\u00f1adi\u00f3 que eventos como este no solo destacan la riqueza gastron\u00f3mica de Torrevieja, sino que tambi\u00e9n fortalecen la econom\u00eda local y fomentan un sentido de comunidad entre los empresarios del sector. \u00ab<strong><em>Queremos que tanto locales como visitantes\u00a0disfruten de una experiencia culinaria \u00fanica, apreciando la calidad y diversidad de nuestra oferta gastron\u00f3mica,\u00bb<\/em>\u00a0<\/strong>concluy\u00f3.<\/p>\n\n\n\n<p>Por su parte, la concejal Rosario Mart\u00ednez enfatiz\u00f3 el compromiso del ayuntamiento con la promoci\u00f3n de la gastronom\u00eda local.&nbsp;<strong><em>\u201cLas jornadas no solo ponen en valor los productos del mar, sino que tambi\u00e9n fomentan el turismo y la econom\u00eda local,\u201d<\/em><\/strong>&nbsp;indic\u00f3&nbsp;Rosario. Resalt\u00f3 que el apoyo a este tipo de eventos es una prioridad para la administraci\u00f3n local, ya que contribuyen a posicionar a Torrevieja como un destino gastron\u00f3mico de referencia.&nbsp;<strong><em>\u00abEstamos trabajando estrechamente con los hosteleros para asegurar que estas jornadas sean un \u00e9xito y reflejen la excelencia de nuestra gastronom\u00eda,\u00bb<\/em><\/strong>&nbsp;afirm\u00f3 la concejal.<\/p>\n\n\n\n<p><\/p>\n\n\n\n<figure class=\"wp-block-image size-large\"><img fetchpriority=\"high\" decoding=\"async\" width=\"1024\" height=\"541\" src=\"https:\/\/www.torreviejagastronomica.com\/wp-content\/uploads\/2024\/05\/POLIDIPTICO-JORNADAS-2024-1--1024x541.jpg\" alt=\"\" class=\"wp-image-4747\" srcset=\"https:\/\/www.torreviejagastronomica.com\/wp-content\/uploads\/2024\/05\/POLIDIPTICO-JORNADAS-2024-1--1024x541.jpg 1024w, https:\/\/www.torreviejagastronomica.com\/wp-content\/uploads\/2024\/05\/POLIDIPTICO-JORNADAS-2024-1--300x158.jpg 300w, https:\/\/www.torreviejagastronomica.com\/wp-content\/uploads\/2024\/05\/POLIDIPTICO-JORNADAS-2024-1--768x406.jpg 768w, https:\/\/www.torreviejagastronomica.com\/wp-content\/uploads\/2024\/05\/POLIDIPTICO-JORNADAS-2024-1--1536x811.jpg 1536w, https:\/\/www.torreviejagastronomica.com\/wp-content\/uploads\/2024\/05\/POLIDIPTICO-JORNADAS-2024-1-.jpg 1784w\" sizes=\"(max-width: 1024px) 100vw, 1024px\" \/><\/figure>\n\n\n\n<figure class=\"wp-block-image size-large\"><img decoding=\"async\" width=\"1024\" height=\"541\" src=\"https:\/\/www.torreviejagastronomica.com\/wp-content\/uploads\/2024\/05\/2-1024x541.jpg\" alt=\"\" class=\"wp-image-4748\" srcset=\"https:\/\/www.torreviejagastronomica.com\/wp-content\/uploads\/2024\/05\/2-1024x541.jpg 1024w, https:\/\/www.torreviejagastronomica.com\/wp-content\/uploads\/2024\/05\/2-300x159.jpg 300w, https:\/\/www.torreviejagastronomica.com\/wp-content\/uploads\/2024\/05\/2-768x406.jpg 768w, https:\/\/www.torreviejagastronomica.com\/wp-content\/uploads\/2024\/05\/2-1536x812.jpg 1536w, https:\/\/www.torreviejagastronomica.com\/wp-content\/uploads\/2024\/05\/2.jpg 1786w\" sizes=\"(max-width: 1024px) 100vw, 1024px\" \/><\/figure>\n","protected":false},"excerpt":{"rendered":"<p>Momento de la presentaci\u00f3n en \u00a0Restaurante Bianco Sea\u00a0Emotion<\/p>\n","protected":false},"author":4,"featured_media":4749,"comment_status":"open","ping_status":"open","sticky":false,"template":"","format":"standard","meta":{"footnotes":""},"categories":[1],"tags":[],"class_list":["post-4745","post","type-post","status-publish","format-standard","has-post-thumbnail","hentry","category-uncategorized"],"yoast_head":"<!-- This site is optimized with the Yoast SEO plugin v25.7 - https:\/\/yoast.com\/wordpress\/plugins\/seo\/ -->\n<title>Presentadas las jornadas gastron\u00f3micas \u00abTorrevieja y el Mar\u00bb 2024. - Torrevieja Gastron\u00f3mica<\/title>\n<meta name=\"robots\" content=\"index, follow, max-snippet:-1, max-image-preview:large, max-video-preview:-1\" \/>\n<link rel=\"canonical\" href=\"https:\/\/www.torreviejagastronomica.com\/es\/presentadas-las-jornadas-gastronomicas-torrevieja-y-el-mar-2024\/\" \/>\n<meta property=\"og:locale\" content=\"es_ES\" \/>\n<meta property=\"og:type\" content=\"article\" \/>\n<meta property=\"og:title\" content=\"Presentadas las jornadas gastron\u00f3micas \u00abTorrevieja y el Mar\u00bb 2024. - Torrevieja Gastron\u00f3mica\" \/>\n<meta property=\"og:description\" content=\"Momento de la presentaci\u00f3n en \u00a0Restaurante Bianco Sea\u00a0Emotion\" \/>\n<meta property=\"og:url\" content=\"https:\/\/www.torreviejagastronomica.com\/es\/presentadas-las-jornadas-gastronomicas-torrevieja-y-el-mar-2024\/\" \/>\n<meta property=\"og:site_name\" content=\"Torrevieja Gastron\u00f3mica\" \/>\n<meta property=\"article:published_time\" content=\"2024-05-29T16:44:14+00:00\" \/>\n<meta property=\"article:modified_time\" content=\"2024-05-29T20:23:07+00:00\" \/>\n<meta property=\"og:image\" content=\"https:\/\/www.torreviejagastronomica.com\/wp-content\/uploads\/2024\/05\/este-si-en-tamano-grande.jpeg\" \/>\n\t<meta property=\"og:image:width\" content=\"1280\" \/>\n\t<meta property=\"og:image:height\" content=\"720\" \/>\n\t<meta property=\"og:image:type\" content=\"image\/jpeg\" \/>\n<meta name=\"author\" content=\"Asociaci\u00f3n de Empresas de Hosteler\u00eda de Torrevieja y Comarca\" \/>\n<meta name=\"twitter:card\" content=\"summary_large_image\" \/>\n<meta name=\"twitter:label1\" content=\"Escrito por\" \/>\n\t<meta name=\"twitter:data1\" content=\"Asociaci\u00f3n de Empresas de Hosteler\u00eda de Torrevieja y Comarca\" \/>\n\t<meta name=\"twitter:label2\" content=\"Tiempo de lectura\" \/>\n\t<meta name=\"twitter:data2\" content=\"3 minutos\" \/>\n<script type=\"application\/ld+json\" class=\"yoast-schema-graph\">{\"@context\":\"https:\/\/schema.org\",\"@graph\":[{\"@type\":\"Article\",\"@id\":\"https:\/\/www.torreviejagastronomica.com\/presentadas-las-jornadas-gastronomicas-torrevieja-y-el-mar-2024\/#article\",\"isPartOf\":{\"@id\":\"https:\/\/www.torreviejagastronomica.com\/presentadas-las-jornadas-gastronomicas-torrevieja-y-el-mar-2024\/\"},\"author\":{\"name\":\"Asociaci\u00f3n de Empresas de Hosteler\u00eda de Torrevieja y Comarca\",\"@id\":\"https:\/\/www.torreviejagastronomica.com\/#\/schema\/person\/9e0116f808f941d46f9baadf5335f0a9\"},\"headline\":\"Presentadas las jornadas gastron\u00f3micas \u00abTorrevieja y el Mar\u00bb 2024.\",\"datePublished\":\"2024-05-29T16:44:14+00:00\",\"dateModified\":\"2024-05-29T20:23:07+00:00\",\"mainEntityOfPage\":{\"@id\":\"https:\/\/www.torreviejagastronomica.com\/presentadas-las-jornadas-gastronomicas-torrevieja-y-el-mar-2024\/\"},\"wordCount\":441,\"commentCount\":0,\"publisher\":{\"@id\":\"https:\/\/www.torreviejagastronomica.com\/#organization\"},\"image\":{\"@id\":\"https:\/\/www.torreviejagastronomica.com\/presentadas-las-jornadas-gastronomicas-torrevieja-y-el-mar-2024\/#primaryimage\"},\"thumbnailUrl\":\"https:\/\/www.torreviejagastronomica.com\/wp-content\/uploads\/2024\/05\/este-si-en-tamano-grande.jpeg\",\"articleSection\":[\"Uncategorized\"],\"inLanguage\":\"es\",\"potentialAction\":[{\"@type\":\"CommentAction\",\"name\":\"Comment\",\"target\":[\"https:\/\/www.torreviejagastronomica.com\/presentadas-las-jornadas-gastronomicas-torrevieja-y-el-mar-2024\/#respond\"]}]},{\"@type\":\"WebPage\",\"@id\":\"https:\/\/www.torreviejagastronomica.com\/presentadas-las-jornadas-gastronomicas-torrevieja-y-el-mar-2024\/\",\"url\":\"https:\/\/www.torreviejagastronomica.com\/presentadas-las-jornadas-gastronomicas-torrevieja-y-el-mar-2024\/\",\"name\":\"Presentadas las jornadas gastron\u00f3micas \u00abTorrevieja y el Mar\u00bb 2024. - Torrevieja Gastron\u00f3mica\",\"isPartOf\":{\"@id\":\"https:\/\/www.torreviejagastronomica.com\/#website\"},\"primaryImageOfPage\":{\"@id\":\"https:\/\/www.torreviejagastronomica.com\/presentadas-las-jornadas-gastronomicas-torrevieja-y-el-mar-2024\/#primaryimage\"},\"image\":{\"@id\":\"https:\/\/www.torreviejagastronomica.com\/presentadas-las-jornadas-gastronomicas-torrevieja-y-el-mar-2024\/#primaryimage\"},\"thumbnailUrl\":\"https:\/\/www.torreviejagastronomica.com\/wp-content\/uploads\/2024\/05\/este-si-en-tamano-grande.jpeg\",\"datePublished\":\"2024-05-29T16:44:14+00:00\",\"dateModified\":\"2024-05-29T20:23:07+00:00\",\"breadcrumb\":{\"@id\":\"https:\/\/www.torreviejagastronomica.com\/presentadas-las-jornadas-gastronomicas-torrevieja-y-el-mar-2024\/#breadcrumb\"},\"inLanguage\":\"es\",\"potentialAction\":[{\"@type\":\"ReadAction\",\"target\":[\"https:\/\/www.torreviejagastronomica.com\/presentadas-las-jornadas-gastronomicas-torrevieja-y-el-mar-2024\/\"]}]},{\"@type\":\"ImageObject\",\"inLanguage\":\"es\",\"@id\":\"https:\/\/www.torreviejagastronomica.com\/presentadas-las-jornadas-gastronomicas-torrevieja-y-el-mar-2024\/#primaryimage\",\"url\":\"https:\/\/www.torreviejagastronomica.com\/wp-content\/uploads\/2024\/05\/este-si-en-tamano-grande.jpeg\",\"contentUrl\":\"https:\/\/www.torreviejagastronomica.com\/wp-content\/uploads\/2024\/05\/este-si-en-tamano-grande.jpeg\",\"width\":1280,\"height\":720},{\"@type\":\"BreadcrumbList\",\"@id\":\"https:\/\/www.torreviejagastronomica.com\/presentadas-las-jornadas-gastronomicas-torrevieja-y-el-mar-2024\/#breadcrumb\",\"itemListElement\":[{\"@type\":\"ListItem\",\"position\":1,\"name\":\"Portada\",\"item\":\"https:\/\/www.torreviejagastronomica.com\/\"},{\"@type\":\"ListItem\",\"position\":2,\"name\":\"Presentadas las jornadas gastron\u00f3micas \u00abTorrevieja y el Mar\u00bb 2024.\"}]},{\"@type\":\"WebSite\",\"@id\":\"https:\/\/www.torreviejagastronomica.com\/#website\",\"url\":\"https:\/\/www.torreviejagastronomica.com\/\",\"name\":\"Torrevieja Gastron\u00f3mica\",\"description\":\"Asociaci\u00f3n Hosteler\u00eda Torrevieja y Comarca\",\"publisher\":{\"@id\":\"https:\/\/www.torreviejagastronomica.com\/#organization\"},\"potentialAction\":[{\"@type\":\"SearchAction\",\"target\":{\"@type\":\"EntryPoint\",\"urlTemplate\":\"https:\/\/www.torreviejagastronomica.com\/?s={search_term_string}\"},\"query-input\":{\"@type\":\"PropertyValueSpecification\",\"valueRequired\":true,\"valueName\":\"search_term_string\"}}],\"inLanguage\":\"es\"},{\"@type\":\"Organization\",\"@id\":\"https:\/\/www.torreviejagastronomica.com\/#organization\",\"name\":\"Torrevieja Gastron\u00f3mica\",\"url\":\"https:\/\/www.torreviejagastronomica.com\/\",\"logo\":{\"@type\":\"ImageObject\",\"inLanguage\":\"es\",\"@id\":\"https:\/\/www.torreviejagastronomica.com\/#\/schema\/logo\/image\/\",\"url\":\"https:\/\/www.torreviejagastronomica.com\/wp-content\/uploads\/2023\/09\/Logo-Torrevieja-Gastronomica.png\",\"contentUrl\":\"https:\/\/www.torreviejagastronomica.com\/wp-content\/uploads\/2023\/09\/Logo-Torrevieja-Gastronomica.png\",\"width\":350,\"height\":100,\"caption\":\"Torrevieja Gastron\u00f3mica\"},\"image\":{\"@id\":\"https:\/\/www.torreviejagastronomica.com\/#\/schema\/logo\/image\/\"}},{\"@type\":\"Person\",\"@id\":\"https:\/\/www.torreviejagastronomica.com\/#\/schema\/person\/9e0116f808f941d46f9baadf5335f0a9\",\"name\":\"Asociaci\u00f3n de Empresas de Hosteler\u00eda de Torrevieja y Comarca\",\"image\":{\"@type\":\"ImageObject\",\"inLanguage\":\"es\",\"@id\":\"https:\/\/www.torreviejagastronomica.com\/#\/schema\/person\/image\/\",\"url\":\"https:\/\/secure.gravatar.com\/avatar\/32ba6ba6e685fc061412a65c4a8a8b6caaf6d90d0985a737a4015d36e84d2d1f?s=96&d=mm&r=g\",\"contentUrl\":\"https:\/\/secure.gravatar.com\/avatar\/32ba6ba6e685fc061412a65c4a8a8b6caaf6d90d0985a737a4015d36e84d2d1f?s=96&d=mm&r=g\",\"caption\":\"Asociaci\u00f3n de Empresas de Hosteler\u00eda de Torrevieja y Comarca\"},\"url\":\"https:\/\/www.torreviejagastronomica.com\/es\/author\/hosteleria\/\"}]}<\/script>\n<!-- \/ Yoast SEO plugin. -->","yoast_head_json":{"title":"Presentadas las jornadas gastron\u00f3micas \u00abTorrevieja y el Mar\u00bb 2024. - Torrevieja Gastron\u00f3mica","robots":{"index":"index","follow":"follow","max-snippet":"max-snippet:-1","max-image-preview":"max-image-preview:large","max-video-preview":"max-video-preview:-1"},"canonical":"https:\/\/www.torreviejagastronomica.com\/es\/presentadas-las-jornadas-gastronomicas-torrevieja-y-el-mar-2024\/","og_locale":"es_ES","og_type":"article","og_title":"Presentadas las jornadas gastron\u00f3micas \u00abTorrevieja y el Mar\u00bb 2024. - Torrevieja Gastron\u00f3mica","og_description":"Momento de la presentaci\u00f3n en \u00a0Restaurante Bianco Sea\u00a0Emotion","og_url":"https:\/\/www.torreviejagastronomica.com\/es\/presentadas-las-jornadas-gastronomicas-torrevieja-y-el-mar-2024\/","og_site_name":"Torrevieja Gastron\u00f3mica","article_published_time":"2024-05-29T16:44:14+00:00","article_modified_time":"2024-05-29T20:23:07+00:00","og_image":[{"width":1280,"height":720,"url":"https:\/\/www.torreviejagastronomica.com\/wp-content\/uploads\/2024\/05\/este-si-en-tamano-grande.jpeg","type":"image\/jpeg"}],"author":"Asociaci\u00f3n de Empresas de Hosteler\u00eda de Torrevieja y Comarca","twitter_card":"summary_large_image","twitter_misc":{"Escrito por":"Asociaci\u00f3n de Empresas de Hosteler\u00eda de Torrevieja y Comarca","Tiempo de lectura":"3 minutos"},"schema":{"@context":"https:\/\/schema.org","@graph":[{"@type":"Article","@id":"https:\/\/www.torreviejagastronomica.com\/presentadas-las-jornadas-gastronomicas-torrevieja-y-el-mar-2024\/#article","isPartOf":{"@id":"https:\/\/www.torreviejagastronomica.com\/presentadas-las-jornadas-gastronomicas-torrevieja-y-el-mar-2024\/"},"author":{"name":"Asociaci\u00f3n de Empresas de Hosteler\u00eda de Torrevieja y Comarca","@id":"https:\/\/www.torreviejagastronomica.com\/#\/schema\/person\/9e0116f808f941d46f9baadf5335f0a9"},"headline":"Presentadas las jornadas gastron\u00f3micas \u00abTorrevieja y el Mar\u00bb 2024.","datePublished":"2024-05-29T16:44:14+00:00","dateModified":"2024-05-29T20:23:07+00:00","mainEntityOfPage":{"@id":"https:\/\/www.torreviejagastronomica.com\/presentadas-las-jornadas-gastronomicas-torrevieja-y-el-mar-2024\/"},"wordCount":441,"commentCount":0,"publisher":{"@id":"https:\/\/www.torreviejagastronomica.com\/#organization"},"image":{"@id":"https:\/\/www.torreviejagastronomica.com\/presentadas-las-jornadas-gastronomicas-torrevieja-y-el-mar-2024\/#primaryimage"},"thumbnailUrl":"https:\/\/www.torreviejagastronomica.com\/wp-content\/uploads\/2024\/05\/este-si-en-tamano-grande.jpeg","articleSection":["Uncategorized"],"inLanguage":"es","potentialAction":[{"@type":"CommentAction","name":"Comment","target":["https:\/\/www.torreviejagastronomica.com\/presentadas-las-jornadas-gastronomicas-torrevieja-y-el-mar-2024\/#respond"]}]},{"@type":"WebPage","@id":"https:\/\/www.torreviejagastronomica.com\/presentadas-las-jornadas-gastronomicas-torrevieja-y-el-mar-2024\/","url":"https:\/\/www.torreviejagastronomica.com\/presentadas-las-jornadas-gastronomicas-torrevieja-y-el-mar-2024\/","name":"Presentadas las jornadas gastron\u00f3micas \u00abTorrevieja y el Mar\u00bb 2024. - Torrevieja Gastron\u00f3mica","isPartOf":{"@id":"https:\/\/www.torreviejagastronomica.com\/#website"},"primaryImageOfPage":{"@id":"https:\/\/www.torreviejagastronomica.com\/presentadas-las-jornadas-gastronomicas-torrevieja-y-el-mar-2024\/#primaryimage"},"image":{"@id":"https:\/\/www.torreviejagastronomica.com\/presentadas-las-jornadas-gastronomicas-torrevieja-y-el-mar-2024\/#primaryimage"},"thumbnailUrl":"https:\/\/www.torreviejagastronomica.com\/wp-content\/uploads\/2024\/05\/este-si-en-tamano-grande.jpeg","datePublished":"2024-05-29T16:44:14+00:00","dateModified":"2024-05-29T20:23:07+00:00","breadcrumb":{"@id":"https:\/\/www.torreviejagastronomica.com\/presentadas-las-jornadas-gastronomicas-torrevieja-y-el-mar-2024\/#breadcrumb"},"inLanguage":"es","potentialAction":[{"@type":"ReadAction","target":["https:\/\/www.torreviejagastronomica.com\/presentadas-las-jornadas-gastronomicas-torrevieja-y-el-mar-2024\/"]}]},{"@type":"ImageObject","inLanguage":"es","@id":"https:\/\/www.torreviejagastronomica.com\/presentadas-las-jornadas-gastronomicas-torrevieja-y-el-mar-2024\/#primaryimage","url":"https:\/\/www.torreviejagastronomica.com\/wp-content\/uploads\/2024\/05\/este-si-en-tamano-grande.jpeg","contentUrl":"https:\/\/www.torreviejagastronomica.com\/wp-content\/uploads\/2024\/05\/este-si-en-tamano-grande.jpeg","width":1280,"height":720},{"@type":"BreadcrumbList","@id":"https:\/\/www.torreviejagastronomica.com\/presentadas-las-jornadas-gastronomicas-torrevieja-y-el-mar-2024\/#breadcrumb","itemListElement":[{"@type":"ListItem","position":1,"name":"Portada","item":"https:\/\/www.torreviejagastronomica.com\/"},{"@type":"ListItem","position":2,"name":"Presentadas las jornadas gastron\u00f3micas \u00abTorrevieja y el Mar\u00bb 2024."}]},{"@type":"WebSite","@id":"https:\/\/www.torreviejagastronomica.com\/#website","url":"https:\/\/www.torreviejagastronomica.com\/","name":"Torrevieja Gastron\u00f3mica","description":"Asociaci\u00f3n Hosteler\u00eda Torrevieja y Comarca","publisher":{"@id":"https:\/\/www.torreviejagastronomica.com\/#organization"},"potentialAction":[{"@type":"SearchAction","target":{"@type":"EntryPoint","urlTemplate":"https:\/\/www.torreviejagastronomica.com\/?s={search_term_string}"},"query-input":{"@type":"PropertyValueSpecification","valueRequired":true,"valueName":"search_term_string"}}],"inLanguage":"es"},{"@type":"Organization","@id":"https:\/\/www.torreviejagastronomica.com\/#organization","name":"Torrevieja Gastron\u00f3mica","url":"https:\/\/www.torreviejagastronomica.com\/","logo":{"@type":"ImageObject","inLanguage":"es","@id":"https:\/\/www.torreviejagastronomica.com\/#\/schema\/logo\/image\/","url":"https:\/\/www.torreviejagastronomica.com\/wp-content\/uploads\/2023\/09\/Logo-Torrevieja-Gastronomica.png","contentUrl":"https:\/\/www.torreviejagastronomica.com\/wp-content\/uploads\/2023\/09\/Logo-Torrevieja-Gastronomica.png","width":350,"height":100,"caption":"Torrevieja Gastron\u00f3mica"},"image":{"@id":"https:\/\/www.torreviejagastronomica.com\/#\/schema\/logo\/image\/"}},{"@type":"Person","@id":"https:\/\/www.torreviejagastronomica.com\/#\/schema\/person\/9e0116f808f941d46f9baadf5335f0a9","name":"Asociaci\u00f3n de Empresas de Hosteler\u00eda de Torrevieja y Comarca","image":{"@type":"ImageObject","inLanguage":"es","@id":"https:\/\/www.torreviejagastronomica.com\/#\/schema\/person\/image\/","url":"https:\/\/secure.gravatar.com\/avatar\/32ba6ba6e685fc061412a65c4a8a8b6caaf6d90d0985a737a4015d36e84d2d1f?s=96&d=mm&r=g","contentUrl":"https:\/\/secure.gravatar.com\/avatar\/32ba6ba6e685fc061412a65c4a8a8b6caaf6d90d0985a737a4015d36e84d2d1f?s=96&d=mm&r=g","caption":"Asociaci\u00f3n de Empresas de Hosteler\u00eda de Torrevieja y Comarca"},"url":"https:\/\/www.torreviejagastronomica.com\/es\/author\/hosteleria\/"}]}},"_links":{"self":[{"href":"https:\/\/www.torreviejagastronomica.com\/es\/wp-json\/wp\/v2\/posts\/4745","targetHints":{"allow":["GET"]}}],"collection":[{"href":"https:\/\/www.torreviejagastronomica.com\/es\/wp-json\/wp\/v2\/posts"}],"about":[{"href":"https:\/\/www.torreviejagastronomica.com\/es\/wp-json\/wp\/v2\/types\/post"}],"author":[{"embeddable":true,"href":"https:\/\/www.torreviejagastronomica.com\/es\/wp-json\/wp\/v2\/users\/4"}],"replies":[{"embeddable":true,"href":"https:\/\/www.torreviejagastronomica.com\/es\/wp-json\/wp\/v2\/comments?post=4745"}],"version-history":[{"count":2,"href":"https:\/\/www.torreviejagastronomica.com\/es\/wp-json\/wp\/v2\/posts\/4745\/revisions"}],"predecessor-version":[{"id":4752,"href":"https:\/\/www.torreviejagastronomica.com\/es\/wp-json\/wp\/v2\/posts\/4745\/revisions\/4752"}],"wp:featuredmedia":[{"embeddable":true,"href":"https:\/\/www.torreviejagastronomica.com\/es\/wp-json\/wp\/v2\/media\/4749"}],"wp:attachment":[{"href":"https:\/\/www.torreviejagastronomica.com\/es\/wp-json\/wp\/v2\/media?parent=4745"}],"wp:term":[{"taxonomy":"category","embeddable":true,"href":"https:\/\/www.torreviejagastronomica.com\/es\/wp-json\/wp\/v2\/categories?post=4745"},{"taxonomy":"post_tag","embeddable":true,"href":"https:\/\/www.torreviejagastronomica.com\/es\/wp-json\/wp\/v2\/tags?post=4745"}],"curies":[{"name":"wp","href":"https:\/\/api.w.org\/{rel}","templated":true}]}}