{"id":4570,"date":"2024-01-31T14:29:40","date_gmt":"2024-01-31T13:29:40","guid":{"rendered":"https:\/\/www.torreviejagastronomica.com\/?p=4570"},"modified":"2024-01-31T14:30:01","modified_gmt":"2024-01-31T13:30:01","slug":"nueva-edicion-de-jornadas-de-los-platos-de-cuchara-del-14-de-feb-al-3-de-marzo","status":"publish","type":"post","link":"https:\/\/www.torreviejagastronomica.com\/es\/nueva-edicion-de-jornadas-de-los-platos-de-cuchara-del-14-de-feb-al-3-de-marzo\/","title":{"rendered":"Nueva edici\u00f3n de \u201cJornadas de los Platos de Cuchara\u201d del 14 de feb. al 3 de marzo."},"content":{"rendered":"\n<p>La&nbsp;Confederaci\u00f3n de&nbsp;Hosteler\u00eda y Turismo de&nbsp;la Comunidad Valenciana (CONHOSTUR) con la colaboraci\u00f3n de Turisme Comunitat Valenciana &#8211; Lexquisit Mediterrani,&nbsp;ponen&nbsp;en marcha&nbsp;una nueva edici\u00f3n de&nbsp;\u201c<strong>Jornadas de los Platos de Cuchara\u201d<\/strong>&nbsp;que se celebrar\u00e1n&nbsp;<strong><u>del 14 de febrero al 3 de marzo 2024<\/u><\/strong>. &nbsp;<\/p>\n\n\n\n<p>Este evento gastron\u00f3mico tiene el objetivo de poner en valor la tradici\u00f3n gastron\u00f3mica y la gran calidad de la oferta de restauraci\u00f3n de los municipios de nuestra Comunitat Valenciana promoviendo la gastronom\u00eda local como se\u00f1a de identidad.<\/p>\n\n\n\n<p>El restaurante interesado deber\u00e1 cumplimentar el formulario de inscripci\u00f3n que encontrar\u00e1 en este enlace&nbsp;<strong><a href=\"https:\/\/inscripciones.conhostur.es\/\">INSCRIPCI\u00d3N<\/a><\/strong>&nbsp;<strong><u>antes del 9 de febrero<\/u><\/strong>. Y hacer una propuesta de men\u00fa con un&nbsp;<strong>plato de cuchara como protagonista<\/strong>, este deber\u00e1 incluir&nbsp;<strong>alguna receta o producto t\u00edpico de la gastronom\u00eda tradicional de la zona<\/strong>&nbsp;e ir acompa\u00f1ado con vino de la comarca. Con un precio&nbsp;<strong><u>a partir de&nbsp;20 euros (IVA incluido)<\/u><\/strong>.<\/p>\n\n\n\n<p><strong>OPCIONAL (MEN\u00da SAN VALENT\u00cdN)<\/strong><\/p>\n\n\n\n<p>Como novedad para esta edici\u00f3n, y coincidiendo con la celebraci\u00f3n del d\u00eda de los Enamorados, os invitamos a a\u00f1adir a vuestras propuestas un men\u00fa San Valent\u00edn (opcional) con platos o postres especiales t\u00edpicos de esos d\u00edas.<\/p>\n\n\n\n<p>Para cualquier consulta o informaci\u00f3n adicional pod\u00e9is consultar&nbsp;con&nbsp;CONHOSTUR&nbsp;en&nbsp;el tel\u00e9fono&nbsp;963 51 51 76&nbsp;&nbsp;o por email&nbsp;a&nbsp;<a href=\"mailto:proyectos@conhostur.es\">proyectos@conhostur.es<\/a><\/p>\n\n\n\n<p>Importante! Que si vais a participar nos inform\u00e9is&nbsp;para hacer un seguimiento de la inscripci\u00f3n.&nbsp;<\/p>\n","protected":false},"excerpt":{"rendered":"<p>la colaboraci\u00f3n de Turisme Comunitat Valenciana &#8211; Lexquisit Mediterrani,\u00a0ponen\u00a0en marcha\u00a0una nueva edici\u00f3n<\/p>\n","protected":false},"author":4,"featured_media":4571,"comment_status":"open","ping_status":"open","sticky":false,"template":"","format":"standard","meta":{"footnotes":""},"categories":[1],"tags":[],"class_list":["post-4570","post","type-post","status-publish","format-standard","has-post-thumbnail","hentry","category-uncategorized"],"yoast_head":"<!-- This site is optimized with the Yoast SEO plugin v25.7 - https:\/\/yoast.com\/wordpress\/plugins\/seo\/ -->\n<title>Nueva edici\u00f3n de \u201cJornadas de los Platos de Cuchara\u201d del 14 de feb. al 3 de marzo. - Torrevieja Gastron\u00f3mica<\/title>\n<meta name=\"robots\" content=\"index, follow, max-snippet:-1, max-image-preview:large, max-video-preview:-1\" \/>\n<link rel=\"canonical\" href=\"https:\/\/www.torreviejagastronomica.com\/es\/nueva-edicion-de-jornadas-de-los-platos-de-cuchara-del-14-de-feb-al-3-de-marzo\/\" \/>\n<meta property=\"og:locale\" content=\"es_ES\" \/>\n<meta property=\"og:type\" content=\"article\" \/>\n<meta property=\"og:title\" content=\"Nueva edici\u00f3n de \u201cJornadas de los Platos de Cuchara\u201d del 14 de feb. al 3 de marzo. - Torrevieja Gastron\u00f3mica\" \/>\n<meta property=\"og:description\" content=\"la colaboraci\u00f3n de Turisme Comunitat Valenciana - Lexquisit Mediterrani,\u00a0ponen\u00a0en marcha\u00a0una nueva edici\u00f3n\" \/>\n<meta property=\"og:url\" content=\"https:\/\/www.torreviejagastronomica.com\/es\/nueva-edicion-de-jornadas-de-los-platos-de-cuchara-del-14-de-feb-al-3-de-marzo\/\" \/>\n<meta property=\"og:site_name\" content=\"Torrevieja Gastron\u00f3mica\" \/>\n<meta property=\"article:published_time\" content=\"2024-01-31T13:29:40+00:00\" \/>\n<meta property=\"article:modified_time\" content=\"2024-01-31T13:30:01+00:00\" \/>\n<meta property=\"og:image\" content=\"https:\/\/www.torreviejagastronomica.com\/wp-content\/uploads\/2024\/01\/Unknown.jpeg\" \/>\n\t<meta property=\"og:image:width\" content=\"719\" \/>\n\t<meta property=\"og:image:height\" content=\"245\" \/>\n\t<meta property=\"og:image:type\" content=\"image\/jpeg\" \/>\n<meta name=\"author\" content=\"Asociaci\u00f3n de Empresas de Hosteler\u00eda de Torrevieja y Comarca\" \/>\n<meta name=\"twitter:card\" content=\"summary_large_image\" \/>\n<meta name=\"twitter:label1\" content=\"Escrito por\" \/>\n\t<meta name=\"twitter:data1\" content=\"Asociaci\u00f3n de Empresas de Hosteler\u00eda de Torrevieja y Comarca\" \/>\n\t<meta name=\"twitter:label2\" content=\"Tiempo de lectura\" \/>\n\t<meta name=\"twitter:data2\" content=\"2 minutos\" \/>\n<script type=\"application\/ld+json\" class=\"yoast-schema-graph\">{\"@context\":\"https:\/\/schema.org\",\"@graph\":[{\"@type\":\"Article\",\"@id\":\"https:\/\/www.torreviejagastronomica.com\/nueva-edicion-de-jornadas-de-los-platos-de-cuchara-del-14-de-feb-al-3-de-marzo\/#article\",\"isPartOf\":{\"@id\":\"https:\/\/www.torreviejagastronomica.com\/nueva-edicion-de-jornadas-de-los-platos-de-cuchara-del-14-de-feb-al-3-de-marzo\/\"},\"author\":{\"name\":\"Asociaci\u00f3n de Empresas de Hosteler\u00eda de Torrevieja y Comarca\",\"@id\":\"https:\/\/www.torreviejagastronomica.com\/#\/schema\/person\/9e0116f808f941d46f9baadf5335f0a9\"},\"headline\":\"Nueva edici\u00f3n de \u201cJornadas de los Platos de Cuchara\u201d del 14 de feb. al 3 de marzo.\",\"datePublished\":\"2024-01-31T13:29:40+00:00\",\"dateModified\":\"2024-01-31T13:30:01+00:00\",\"mainEntityOfPage\":{\"@id\":\"https:\/\/www.torreviejagastronomica.com\/nueva-edicion-de-jornadas-de-los-platos-de-cuchara-del-14-de-feb-al-3-de-marzo\/\"},\"wordCount\":292,\"commentCount\":0,\"publisher\":{\"@id\":\"https:\/\/www.torreviejagastronomica.com\/#organization\"},\"image\":{\"@id\":\"https:\/\/www.torreviejagastronomica.com\/nueva-edicion-de-jornadas-de-los-platos-de-cuchara-del-14-de-feb-al-3-de-marzo\/#primaryimage\"},\"thumbnailUrl\":\"https:\/\/www.torreviejagastronomica.com\/wp-content\/uploads\/2024\/01\/Unknown.jpeg\",\"articleSection\":[\"Uncategorized\"],\"inLanguage\":\"es\",\"potentialAction\":[{\"@type\":\"CommentAction\",\"name\":\"Comment\",\"target\":[\"https:\/\/www.torreviejagastronomica.com\/nueva-edicion-de-jornadas-de-los-platos-de-cuchara-del-14-de-feb-al-3-de-marzo\/#respond\"]}]},{\"@type\":\"WebPage\",\"@id\":\"https:\/\/www.torreviejagastronomica.com\/nueva-edicion-de-jornadas-de-los-platos-de-cuchara-del-14-de-feb-al-3-de-marzo\/\",\"url\":\"https:\/\/www.torreviejagastronomica.com\/nueva-edicion-de-jornadas-de-los-platos-de-cuchara-del-14-de-feb-al-3-de-marzo\/\",\"name\":\"Nueva edici\u00f3n de \u201cJornadas de los Platos de Cuchara\u201d del 14 de feb. al 3 de marzo. - Torrevieja Gastron\u00f3mica\",\"isPartOf\":{\"@id\":\"https:\/\/www.torreviejagastronomica.com\/#website\"},\"primaryImageOfPage\":{\"@id\":\"https:\/\/www.torreviejagastronomica.com\/nueva-edicion-de-jornadas-de-los-platos-de-cuchara-del-14-de-feb-al-3-de-marzo\/#primaryimage\"},\"image\":{\"@id\":\"https:\/\/www.torreviejagastronomica.com\/nueva-edicion-de-jornadas-de-los-platos-de-cuchara-del-14-de-feb-al-3-de-marzo\/#primaryimage\"},\"thumbnailUrl\":\"https:\/\/www.torreviejagastronomica.com\/wp-content\/uploads\/2024\/01\/Unknown.jpeg\",\"datePublished\":\"2024-01-31T13:29:40+00:00\",\"dateModified\":\"2024-01-31T13:30:01+00:00\",\"breadcrumb\":{\"@id\":\"https:\/\/www.torreviejagastronomica.com\/nueva-edicion-de-jornadas-de-los-platos-de-cuchara-del-14-de-feb-al-3-de-marzo\/#breadcrumb\"},\"inLanguage\":\"es\",\"potentialAction\":[{\"@type\":\"ReadAction\",\"target\":[\"https:\/\/www.torreviejagastronomica.com\/nueva-edicion-de-jornadas-de-los-platos-de-cuchara-del-14-de-feb-al-3-de-marzo\/\"]}]},{\"@type\":\"ImageObject\",\"inLanguage\":\"es\",\"@id\":\"https:\/\/www.torreviejagastronomica.com\/nueva-edicion-de-jornadas-de-los-platos-de-cuchara-del-14-de-feb-al-3-de-marzo\/#primaryimage\",\"url\":\"https:\/\/www.torreviejagastronomica.com\/wp-content\/uploads\/2024\/01\/Unknown.jpeg\",\"contentUrl\":\"https:\/\/www.torreviejagastronomica.com\/wp-content\/uploads\/2024\/01\/Unknown.jpeg\",\"width\":719,\"height\":245},{\"@type\":\"BreadcrumbList\",\"@id\":\"https:\/\/www.torreviejagastronomica.com\/nueva-edicion-de-jornadas-de-los-platos-de-cuchara-del-14-de-feb-al-3-de-marzo\/#breadcrumb\",\"itemListElement\":[{\"@type\":\"ListItem\",\"position\":1,\"name\":\"Portada\",\"item\":\"https:\/\/www.torreviejagastronomica.com\/\"},{\"@type\":\"ListItem\",\"position\":2,\"name\":\"Nueva edici\u00f3n de \u201cJornadas de los Platos de Cuchara\u201d del 14 de feb. al 3 de marzo.\"}]},{\"@type\":\"WebSite\",\"@id\":\"https:\/\/www.torreviejagastronomica.com\/#website\",\"url\":\"https:\/\/www.torreviejagastronomica.com\/\",\"name\":\"Torrevieja Gastron\u00f3mica\",\"description\":\"Asociaci\u00f3n Hosteler\u00eda Torrevieja y Comarca\",\"publisher\":{\"@id\":\"https:\/\/www.torreviejagastronomica.com\/#organization\"},\"potentialAction\":[{\"@type\":\"SearchAction\",\"target\":{\"@type\":\"EntryPoint\",\"urlTemplate\":\"https:\/\/www.torreviejagastronomica.com\/?s={search_term_string}\"},\"query-input\":{\"@type\":\"PropertyValueSpecification\",\"valueRequired\":true,\"valueName\":\"search_term_string\"}}],\"inLanguage\":\"es\"},{\"@type\":\"Organization\",\"@id\":\"https:\/\/www.torreviejagastronomica.com\/#organization\",\"name\":\"Torrevieja Gastron\u00f3mica\",\"url\":\"https:\/\/www.torreviejagastronomica.com\/\",\"logo\":{\"@type\":\"ImageObject\",\"inLanguage\":\"es\",\"@id\":\"https:\/\/www.torreviejagastronomica.com\/#\/schema\/logo\/image\/\",\"url\":\"https:\/\/www.torreviejagastronomica.com\/wp-content\/uploads\/2023\/09\/Logo-Torrevieja-Gastronomica.png\",\"contentUrl\":\"https:\/\/www.torreviejagastronomica.com\/wp-content\/uploads\/2023\/09\/Logo-Torrevieja-Gastronomica.png\",\"width\":350,\"height\":100,\"caption\":\"Torrevieja Gastron\u00f3mica\"},\"image\":{\"@id\":\"https:\/\/www.torreviejagastronomica.com\/#\/schema\/logo\/image\/\"}},{\"@type\":\"Person\",\"@id\":\"https:\/\/www.torreviejagastronomica.com\/#\/schema\/person\/9e0116f808f941d46f9baadf5335f0a9\",\"name\":\"Asociaci\u00f3n de Empresas de Hosteler\u00eda de Torrevieja y Comarca\",\"image\":{\"@type\":\"ImageObject\",\"inLanguage\":\"es\",\"@id\":\"https:\/\/www.torreviejagastronomica.com\/#\/schema\/person\/image\/\",\"url\":\"https:\/\/secure.gravatar.com\/avatar\/32ba6ba6e685fc061412a65c4a8a8b6caaf6d90d0985a737a4015d36e84d2d1f?s=96&d=mm&r=g\",\"contentUrl\":\"https:\/\/secure.gravatar.com\/avatar\/32ba6ba6e685fc061412a65c4a8a8b6caaf6d90d0985a737a4015d36e84d2d1f?s=96&d=mm&r=g\",\"caption\":\"Asociaci\u00f3n de Empresas de Hosteler\u00eda de Torrevieja y Comarca\"},\"url\":\"https:\/\/www.torreviejagastronomica.com\/es\/author\/hosteleria\/\"}]}<\/script>\n<!-- \/ Yoast SEO plugin. -->","yoast_head_json":{"title":"Nueva edici\u00f3n de \u201cJornadas de los Platos de Cuchara\u201d del 14 de feb. al 3 de marzo. - Torrevieja Gastron\u00f3mica","robots":{"index":"index","follow":"follow","max-snippet":"max-snippet:-1","max-image-preview":"max-image-preview:large","max-video-preview":"max-video-preview:-1"},"canonical":"https:\/\/www.torreviejagastronomica.com\/es\/nueva-edicion-de-jornadas-de-los-platos-de-cuchara-del-14-de-feb-al-3-de-marzo\/","og_locale":"es_ES","og_type":"article","og_title":"Nueva edici\u00f3n de \u201cJornadas de los Platos de Cuchara\u201d del 14 de feb. al 3 de marzo. - Torrevieja Gastron\u00f3mica","og_description":"la colaboraci\u00f3n de Turisme Comunitat Valenciana - Lexquisit Mediterrani,\u00a0ponen\u00a0en marcha\u00a0una nueva edici\u00f3n","og_url":"https:\/\/www.torreviejagastronomica.com\/es\/nueva-edicion-de-jornadas-de-los-platos-de-cuchara-del-14-de-feb-al-3-de-marzo\/","og_site_name":"Torrevieja Gastron\u00f3mica","article_published_time":"2024-01-31T13:29:40+00:00","article_modified_time":"2024-01-31T13:30:01+00:00","og_image":[{"width":719,"height":245,"url":"https:\/\/www.torreviejagastronomica.com\/wp-content\/uploads\/2024\/01\/Unknown.jpeg","type":"image\/jpeg"}],"author":"Asociaci\u00f3n de Empresas de Hosteler\u00eda de Torrevieja y Comarca","twitter_card":"summary_large_image","twitter_misc":{"Escrito por":"Asociaci\u00f3n de Empresas de Hosteler\u00eda de Torrevieja y Comarca","Tiempo de lectura":"2 minutos"},"schema":{"@context":"https:\/\/schema.org","@graph":[{"@type":"Article","@id":"https:\/\/www.torreviejagastronomica.com\/nueva-edicion-de-jornadas-de-los-platos-de-cuchara-del-14-de-feb-al-3-de-marzo\/#article","isPartOf":{"@id":"https:\/\/www.torreviejagastronomica.com\/nueva-edicion-de-jornadas-de-los-platos-de-cuchara-del-14-de-feb-al-3-de-marzo\/"},"author":{"name":"Asociaci\u00f3n de Empresas de Hosteler\u00eda de Torrevieja y Comarca","@id":"https:\/\/www.torreviejagastronomica.com\/#\/schema\/person\/9e0116f808f941d46f9baadf5335f0a9"},"headline":"Nueva edici\u00f3n de \u201cJornadas de los Platos de Cuchara\u201d del 14 de feb. al 3 de marzo.","datePublished":"2024-01-31T13:29:40+00:00","dateModified":"2024-01-31T13:30:01+00:00","mainEntityOfPage":{"@id":"https:\/\/www.torreviejagastronomica.com\/nueva-edicion-de-jornadas-de-los-platos-de-cuchara-del-14-de-feb-al-3-de-marzo\/"},"wordCount":292,"commentCount":0,"publisher":{"@id":"https:\/\/www.torreviejagastronomica.com\/#organization"},"image":{"@id":"https:\/\/www.torreviejagastronomica.com\/nueva-edicion-de-jornadas-de-los-platos-de-cuchara-del-14-de-feb-al-3-de-marzo\/#primaryimage"},"thumbnailUrl":"https:\/\/www.torreviejagastronomica.com\/wp-content\/uploads\/2024\/01\/Unknown.jpeg","articleSection":["Uncategorized"],"inLanguage":"es","potentialAction":[{"@type":"CommentAction","name":"Comment","target":["https:\/\/www.torreviejagastronomica.com\/nueva-edicion-de-jornadas-de-los-platos-de-cuchara-del-14-de-feb-al-3-de-marzo\/#respond"]}]},{"@type":"WebPage","@id":"https:\/\/www.torreviejagastronomica.com\/nueva-edicion-de-jornadas-de-los-platos-de-cuchara-del-14-de-feb-al-3-de-marzo\/","url":"https:\/\/www.torreviejagastronomica.com\/nueva-edicion-de-jornadas-de-los-platos-de-cuchara-del-14-de-feb-al-3-de-marzo\/","name":"Nueva edici\u00f3n de \u201cJornadas de los Platos de Cuchara\u201d del 14 de feb. al 3 de marzo. - Torrevieja Gastron\u00f3mica","isPartOf":{"@id":"https:\/\/www.torreviejagastronomica.com\/#website"},"primaryImageOfPage":{"@id":"https:\/\/www.torreviejagastronomica.com\/nueva-edicion-de-jornadas-de-los-platos-de-cuchara-del-14-de-feb-al-3-de-marzo\/#primaryimage"},"image":{"@id":"https:\/\/www.torreviejagastronomica.com\/nueva-edicion-de-jornadas-de-los-platos-de-cuchara-del-14-de-feb-al-3-de-marzo\/#primaryimage"},"thumbnailUrl":"https:\/\/www.torreviejagastronomica.com\/wp-content\/uploads\/2024\/01\/Unknown.jpeg","datePublished":"2024-01-31T13:29:40+00:00","dateModified":"2024-01-31T13:30:01+00:00","breadcrumb":{"@id":"https:\/\/www.torreviejagastronomica.com\/nueva-edicion-de-jornadas-de-los-platos-de-cuchara-del-14-de-feb-al-3-de-marzo\/#breadcrumb"},"inLanguage":"es","potentialAction":[{"@type":"ReadAction","target":["https:\/\/www.torreviejagastronomica.com\/nueva-edicion-de-jornadas-de-los-platos-de-cuchara-del-14-de-feb-al-3-de-marzo\/"]}]},{"@type":"ImageObject","inLanguage":"es","@id":"https:\/\/www.torreviejagastronomica.com\/nueva-edicion-de-jornadas-de-los-platos-de-cuchara-del-14-de-feb-al-3-de-marzo\/#primaryimage","url":"https:\/\/www.torreviejagastronomica.com\/wp-content\/uploads\/2024\/01\/Unknown.jpeg","contentUrl":"https:\/\/www.torreviejagastronomica.com\/wp-content\/uploads\/2024\/01\/Unknown.jpeg","width":719,"height":245},{"@type":"BreadcrumbList","@id":"https:\/\/www.torreviejagastronomica.com\/nueva-edicion-de-jornadas-de-los-platos-de-cuchara-del-14-de-feb-al-3-de-marzo\/#breadcrumb","itemListElement":[{"@type":"ListItem","position":1,"name":"Portada","item":"https:\/\/www.torreviejagastronomica.com\/"},{"@type":"ListItem","position":2,"name":"Nueva edici\u00f3n de \u201cJornadas de los Platos de Cuchara\u201d del 14 de feb. al 3 de marzo."}]},{"@type":"WebSite","@id":"https:\/\/www.torreviejagastronomica.com\/#website","url":"https:\/\/www.torreviejagastronomica.com\/","name":"Torrevieja Gastron\u00f3mica","description":"Asociaci\u00f3n Hosteler\u00eda Torrevieja y Comarca","publisher":{"@id":"https:\/\/www.torreviejagastronomica.com\/#organization"},"potentialAction":[{"@type":"SearchAction","target":{"@type":"EntryPoint","urlTemplate":"https:\/\/www.torreviejagastronomica.com\/?s={search_term_string}"},"query-input":{"@type":"PropertyValueSpecification","valueRequired":true,"valueName":"search_term_string"}}],"inLanguage":"es"},{"@type":"Organization","@id":"https:\/\/www.torreviejagastronomica.com\/#organization","name":"Torrevieja Gastron\u00f3mica","url":"https:\/\/www.torreviejagastronomica.com\/","logo":{"@type":"ImageObject","inLanguage":"es","@id":"https:\/\/www.torreviejagastronomica.com\/#\/schema\/logo\/image\/","url":"https:\/\/www.torreviejagastronomica.com\/wp-content\/uploads\/2023\/09\/Logo-Torrevieja-Gastronomica.png","contentUrl":"https:\/\/www.torreviejagastronomica.com\/wp-content\/uploads\/2023\/09\/Logo-Torrevieja-Gastronomica.png","width":350,"height":100,"caption":"Torrevieja Gastron\u00f3mica"},"image":{"@id":"https:\/\/www.torreviejagastronomica.com\/#\/schema\/logo\/image\/"}},{"@type":"Person","@id":"https:\/\/www.torreviejagastronomica.com\/#\/schema\/person\/9e0116f808f941d46f9baadf5335f0a9","name":"Asociaci\u00f3n de Empresas de Hosteler\u00eda de Torrevieja y Comarca","image":{"@type":"ImageObject","inLanguage":"es","@id":"https:\/\/www.torreviejagastronomica.com\/#\/schema\/person\/image\/","url":"https:\/\/secure.gravatar.com\/avatar\/32ba6ba6e685fc061412a65c4a8a8b6caaf6d90d0985a737a4015d36e84d2d1f?s=96&d=mm&r=g","contentUrl":"https:\/\/secure.gravatar.com\/avatar\/32ba6ba6e685fc061412a65c4a8a8b6caaf6d90d0985a737a4015d36e84d2d1f?s=96&d=mm&r=g","caption":"Asociaci\u00f3n de Empresas de Hosteler\u00eda de Torrevieja y Comarca"},"url":"https:\/\/www.torreviejagastronomica.com\/es\/author\/hosteleria\/"}]}},"_links":{"self":[{"href":"https:\/\/www.torreviejagastronomica.com\/es\/wp-json\/wp\/v2\/posts\/4570","targetHints":{"allow":["GET"]}}],"collection":[{"href":"https:\/\/www.torreviejagastronomica.com\/es\/wp-json\/wp\/v2\/posts"}],"about":[{"href":"https:\/\/www.torreviejagastronomica.com\/es\/wp-json\/wp\/v2\/types\/post"}],"author":[{"embeddable":true,"href":"https:\/\/www.torreviejagastronomica.com\/es\/wp-json\/wp\/v2\/users\/4"}],"replies":[{"embeddable":true,"href":"https:\/\/www.torreviejagastronomica.com\/es\/wp-json\/wp\/v2\/comments?post=4570"}],"version-history":[{"count":2,"href":"https:\/\/www.torreviejagastronomica.com\/es\/wp-json\/wp\/v2\/posts\/4570\/revisions"}],"predecessor-version":[{"id":4573,"href":"https:\/\/www.torreviejagastronomica.com\/es\/wp-json\/wp\/v2\/posts\/4570\/revisions\/4573"}],"wp:featuredmedia":[{"embeddable":true,"href":"https:\/\/www.torreviejagastronomica.com\/es\/wp-json\/wp\/v2\/media\/4571"}],"wp:attachment":[{"href":"https:\/\/www.torreviejagastronomica.com\/es\/wp-json\/wp\/v2\/media?parent=4570"}],"wp:term":[{"taxonomy":"category","embeddable":true,"href":"https:\/\/www.torreviejagastronomica.com\/es\/wp-json\/wp\/v2\/categories?post=4570"},{"taxonomy":"post_tag","embeddable":true,"href":"https:\/\/www.torreviejagastronomica.com\/es\/wp-json\/wp\/v2\/tags?post=4570"}],"curies":[{"name":"wp","href":"https:\/\/api.w.org\/{rel}","templated":true}]}}