{"id":4470,"date":"2024-01-12T11:59:57","date_gmt":"2024-01-12T10:59:57","guid":{"rendered":"https:\/\/www.torreviejagastronomica.com\/?p=4470"},"modified":"2024-01-12T11:59:58","modified_gmt":"2024-01-12T10:59:58","slug":"cdt-de-torrevieja-anuncia-nuevos-cursos","status":"publish","type":"post","link":"https:\/\/www.torreviejagastronomica.com\/es\/cdt-de-torrevieja-anuncia-nuevos-cursos\/","title":{"rendered":"CDT de Torrevieja, anuncia nuevos cursos."},"content":{"rendered":"\n<p><\/p>\n\n\n\n<p><\/p>\n\n\n\n<p><a href=\"https:\/\/www.facebook.com\/elrinconlamata\/\" target=\"_blank\" rel=\"noreferrer noopener\"><\/a><\/p>\n\n\n\n<p><a href=\"https:\/\/www.facebook.com\/bar.kapachy\" target=\"_blank\" rel=\"noreferrer noopener\"><\/a><strong>El Centro de Turismo (CdT) en Torrevieja<\/strong>\u00a0anuncia el lanzamiento de nuevos cursos y certificados de profesionalidad gratuitos que comenzar\u00e1n en febrero. Estos cursos incluyen formaci\u00f3n en higiene alimentaria, cocina de invierno, dulces t\u00edpicos de Semana Santa, operaciones b\u00e1sicas de restaurante, y mejora de la experiencia del cliente en establecimientos tur\u00edsticos.<strong>\u00a0El CdT forma parte de la Red de Centros de Turismo de la Comunidad Valenciana\u00a0<\/strong>y busca proporcionar una formaci\u00f3n completa a profesionales actuales y futuros en el sector tur\u00edstico, que es crucial para la econom\u00eda espa\u00f1ola.<\/p>\n\n\n\n<p>La oferta de la&nbsp;<strong>Red CdT&nbsp;<\/strong>incluye Formaci\u00f3n Continua para profesionales en activo, con cursos de reciclaje pr\u00e1cticos y compatibles con horarios laborales, y Formaci\u00f3n Ocupacional para personas desempleadas que desean trabajar en el sector tur\u00edstico. Estos cursos m\u00e1s extensos incluyen ense\u00f1anza te\u00f3rica y pr\u00e1cticas reales. Los cursos son impartidos por expertos en el sector, y al finalizar algunos de ellos, los estudiantes recibir\u00e1n un certificado de profesionalidad oficial v\u00e1lido en toda Espa\u00f1a.<\/p>\n\n\n\n<p>Adem\u00e1s, el<strong>&nbsp;CdT de Torrevieja<\/strong>&nbsp;destaca la oferta de&nbsp;<strong>Formaci\u00f3n Online,&nbsp;<\/strong>que permite acceder a la formaci\u00f3n de manera flexible y sin necesidad de desplazamientos. Estos cursos en l\u00ednea ofrecen una formaci\u00f3n individualizada con un docente para atender dudas, as\u00ed como canales de comunicaci\u00f3n en l\u00ednea con otros alumnos.<\/p>\n\n\n\n<p><strong>El CdT de Torrevieja, inaugurado en 2005,<\/strong>&nbsp;se enfoca en la formaci\u00f3n especializada en turismo y gastronom\u00eda. Ofrece una formaci\u00f3n pr\u00e1ctica en instalaciones modernas para desarrollar r\u00e1pidamente las habilidades necesarias para ingresar al mercado laboral. El centro cuenta con un Consejo Asesor compuesto por profesionales del sector tur\u00edstico para adaptar la formaci\u00f3n a las necesidades de la industria.<\/p>\n","protected":false},"excerpt":{"rendered":"<p>El CdT de Torrevieja, inaugurado en 2005,\u00a0se enfoca en la formaci\u00f3n especializada en turismo y gastronom\u00eda. <\/p>\n","protected":false},"author":4,"featured_media":4471,"comment_status":"open","ping_status":"open","sticky":false,"template":"","format":"standard","meta":{"footnotes":""},"categories":[1],"tags":[],"class_list":["post-4470","post","type-post","status-publish","format-standard","has-post-thumbnail","hentry","category-uncategorized"],"yoast_head":"<!-- This site is optimized with the Yoast SEO plugin v25.7 - https:\/\/yoast.com\/wordpress\/plugins\/seo\/ -->\n<title>CDT de Torrevieja, anuncia nuevos cursos. - Torrevieja Gastron\u00f3mica<\/title>\n<meta name=\"robots\" content=\"index, follow, max-snippet:-1, max-image-preview:large, max-video-preview:-1\" \/>\n<link rel=\"canonical\" href=\"https:\/\/www.torreviejagastronomica.com\/es\/cdt-de-torrevieja-anuncia-nuevos-cursos\/\" \/>\n<meta property=\"og:locale\" content=\"es_ES\" \/>\n<meta property=\"og:type\" content=\"article\" \/>\n<meta property=\"og:title\" content=\"CDT de Torrevieja, anuncia nuevos cursos. - Torrevieja Gastron\u00f3mica\" \/>\n<meta property=\"og:description\" content=\"El CdT de Torrevieja, inaugurado en 2005,\u00a0se enfoca en la formaci\u00f3n especializada en turismo y gastronom\u00eda.\" \/>\n<meta property=\"og:url\" content=\"https:\/\/www.torreviejagastronomica.com\/es\/cdt-de-torrevieja-anuncia-nuevos-cursos\/\" \/>\n<meta property=\"og:site_name\" content=\"Torrevieja Gastron\u00f3mica\" \/>\n<meta property=\"article:published_time\" content=\"2024-01-12T10:59:57+00:00\" \/>\n<meta property=\"article:modified_time\" content=\"2024-01-12T10:59:58+00:00\" \/>\n<meta property=\"og:image\" content=\"https:\/\/www.torreviejagastronomica.com\/wp-content\/uploads\/2024\/01\/104.jpg.webp\" \/>\n\t<meta property=\"og:image:width\" content=\"1200\" \/>\n\t<meta property=\"og:image:height\" content=\"1200\" \/>\n\t<meta property=\"og:image:type\" content=\"image\/webp\" \/>\n<meta name=\"author\" content=\"Asociaci\u00f3n de Empresas de Hosteler\u00eda de Torrevieja y Comarca\" \/>\n<meta name=\"twitter:card\" content=\"summary_large_image\" \/>\n<meta name=\"twitter:label1\" content=\"Escrito por\" \/>\n\t<meta name=\"twitter:data1\" content=\"Asociaci\u00f3n de Empresas de Hosteler\u00eda de Torrevieja y Comarca\" \/>\n\t<meta name=\"twitter:label2\" content=\"Tiempo de lectura\" \/>\n\t<meta name=\"twitter:data2\" content=\"2 minutos\" \/>\n<script type=\"application\/ld+json\" class=\"yoast-schema-graph\">{\"@context\":\"https:\/\/schema.org\",\"@graph\":[{\"@type\":\"Article\",\"@id\":\"https:\/\/www.torreviejagastronomica.com\/cdt-de-torrevieja-anuncia-nuevos-cursos\/#article\",\"isPartOf\":{\"@id\":\"https:\/\/www.torreviejagastronomica.com\/cdt-de-torrevieja-anuncia-nuevos-cursos\/\"},\"author\":{\"name\":\"Asociaci\u00f3n de Empresas de Hosteler\u00eda de Torrevieja y Comarca\",\"@id\":\"https:\/\/www.torreviejagastronomica.com\/#\/schema\/person\/9e0116f808f941d46f9baadf5335f0a9\"},\"headline\":\"CDT de Torrevieja, anuncia nuevos cursos.\",\"datePublished\":\"2024-01-12T10:59:57+00:00\",\"dateModified\":\"2024-01-12T10:59:58+00:00\",\"mainEntityOfPage\":{\"@id\":\"https:\/\/www.torreviejagastronomica.com\/cdt-de-torrevieja-anuncia-nuevos-cursos\/\"},\"wordCount\":314,\"commentCount\":0,\"publisher\":{\"@id\":\"https:\/\/www.torreviejagastronomica.com\/#organization\"},\"image\":{\"@id\":\"https:\/\/www.torreviejagastronomica.com\/cdt-de-torrevieja-anuncia-nuevos-cursos\/#primaryimage\"},\"thumbnailUrl\":\"https:\/\/www.torreviejagastronomica.com\/wp-content\/uploads\/2024\/01\/104.jpg.webp\",\"articleSection\":[\"Uncategorized\"],\"inLanguage\":\"es\",\"potentialAction\":[{\"@type\":\"CommentAction\",\"name\":\"Comment\",\"target\":[\"https:\/\/www.torreviejagastronomica.com\/cdt-de-torrevieja-anuncia-nuevos-cursos\/#respond\"]}]},{\"@type\":\"WebPage\",\"@id\":\"https:\/\/www.torreviejagastronomica.com\/cdt-de-torrevieja-anuncia-nuevos-cursos\/\",\"url\":\"https:\/\/www.torreviejagastronomica.com\/cdt-de-torrevieja-anuncia-nuevos-cursos\/\",\"name\":\"CDT de Torrevieja, anuncia nuevos cursos. - Torrevieja Gastron\u00f3mica\",\"isPartOf\":{\"@id\":\"https:\/\/www.torreviejagastronomica.com\/#website\"},\"primaryImageOfPage\":{\"@id\":\"https:\/\/www.torreviejagastronomica.com\/cdt-de-torrevieja-anuncia-nuevos-cursos\/#primaryimage\"},\"image\":{\"@id\":\"https:\/\/www.torreviejagastronomica.com\/cdt-de-torrevieja-anuncia-nuevos-cursos\/#primaryimage\"},\"thumbnailUrl\":\"https:\/\/www.torreviejagastronomica.com\/wp-content\/uploads\/2024\/01\/104.jpg.webp\",\"datePublished\":\"2024-01-12T10:59:57+00:00\",\"dateModified\":\"2024-01-12T10:59:58+00:00\",\"breadcrumb\":{\"@id\":\"https:\/\/www.torreviejagastronomica.com\/cdt-de-torrevieja-anuncia-nuevos-cursos\/#breadcrumb\"},\"inLanguage\":\"es\",\"potentialAction\":[{\"@type\":\"ReadAction\",\"target\":[\"https:\/\/www.torreviejagastronomica.com\/cdt-de-torrevieja-anuncia-nuevos-cursos\/\"]}]},{\"@type\":\"ImageObject\",\"inLanguage\":\"es\",\"@id\":\"https:\/\/www.torreviejagastronomica.com\/cdt-de-torrevieja-anuncia-nuevos-cursos\/#primaryimage\",\"url\":\"https:\/\/www.torreviejagastronomica.com\/wp-content\/uploads\/2024\/01\/104.jpg.webp\",\"contentUrl\":\"https:\/\/www.torreviejagastronomica.com\/wp-content\/uploads\/2024\/01\/104.jpg.webp\",\"width\":1200,\"height\":1200},{\"@type\":\"BreadcrumbList\",\"@id\":\"https:\/\/www.torreviejagastronomica.com\/cdt-de-torrevieja-anuncia-nuevos-cursos\/#breadcrumb\",\"itemListElement\":[{\"@type\":\"ListItem\",\"position\":1,\"name\":\"Portada\",\"item\":\"https:\/\/www.torreviejagastronomica.com\/\"},{\"@type\":\"ListItem\",\"position\":2,\"name\":\"CDT de Torrevieja, anuncia nuevos cursos.\"}]},{\"@type\":\"WebSite\",\"@id\":\"https:\/\/www.torreviejagastronomica.com\/#website\",\"url\":\"https:\/\/www.torreviejagastronomica.com\/\",\"name\":\"Torrevieja Gastron\u00f3mica\",\"description\":\"Asociaci\u00f3n Hosteler\u00eda Torrevieja y Comarca\",\"publisher\":{\"@id\":\"https:\/\/www.torreviejagastronomica.com\/#organization\"},\"potentialAction\":[{\"@type\":\"SearchAction\",\"target\":{\"@type\":\"EntryPoint\",\"urlTemplate\":\"https:\/\/www.torreviejagastronomica.com\/?s={search_term_string}\"},\"query-input\":{\"@type\":\"PropertyValueSpecification\",\"valueRequired\":true,\"valueName\":\"search_term_string\"}}],\"inLanguage\":\"es\"},{\"@type\":\"Organization\",\"@id\":\"https:\/\/www.torreviejagastronomica.com\/#organization\",\"name\":\"Torrevieja Gastron\u00f3mica\",\"url\":\"https:\/\/www.torreviejagastronomica.com\/\",\"logo\":{\"@type\":\"ImageObject\",\"inLanguage\":\"es\",\"@id\":\"https:\/\/www.torreviejagastronomica.com\/#\/schema\/logo\/image\/\",\"url\":\"https:\/\/www.torreviejagastronomica.com\/wp-content\/uploads\/2023\/09\/Logo-Torrevieja-Gastronomica.png\",\"contentUrl\":\"https:\/\/www.torreviejagastronomica.com\/wp-content\/uploads\/2023\/09\/Logo-Torrevieja-Gastronomica.png\",\"width\":350,\"height\":100,\"caption\":\"Torrevieja Gastron\u00f3mica\"},\"image\":{\"@id\":\"https:\/\/www.torreviejagastronomica.com\/#\/schema\/logo\/image\/\"}},{\"@type\":\"Person\",\"@id\":\"https:\/\/www.torreviejagastronomica.com\/#\/schema\/person\/9e0116f808f941d46f9baadf5335f0a9\",\"name\":\"Asociaci\u00f3n de Empresas de Hosteler\u00eda de Torrevieja y Comarca\",\"image\":{\"@type\":\"ImageObject\",\"inLanguage\":\"es\",\"@id\":\"https:\/\/www.torreviejagastronomica.com\/#\/schema\/person\/image\/\",\"url\":\"https:\/\/secure.gravatar.com\/avatar\/32ba6ba6e685fc061412a65c4a8a8b6caaf6d90d0985a737a4015d36e84d2d1f?s=96&d=mm&r=g\",\"contentUrl\":\"https:\/\/secure.gravatar.com\/avatar\/32ba6ba6e685fc061412a65c4a8a8b6caaf6d90d0985a737a4015d36e84d2d1f?s=96&d=mm&r=g\",\"caption\":\"Asociaci\u00f3n de Empresas de Hosteler\u00eda de Torrevieja y Comarca\"},\"url\":\"https:\/\/www.torreviejagastronomica.com\/es\/author\/hosteleria\/\"}]}<\/script>\n<!-- \/ Yoast SEO plugin. -->","yoast_head_json":{"title":"CDT de Torrevieja, anuncia nuevos cursos. - Torrevieja Gastron\u00f3mica","robots":{"index":"index","follow":"follow","max-snippet":"max-snippet:-1","max-image-preview":"max-image-preview:large","max-video-preview":"max-video-preview:-1"},"canonical":"https:\/\/www.torreviejagastronomica.com\/es\/cdt-de-torrevieja-anuncia-nuevos-cursos\/","og_locale":"es_ES","og_type":"article","og_title":"CDT de Torrevieja, anuncia nuevos cursos. - Torrevieja Gastron\u00f3mica","og_description":"El CdT de Torrevieja, inaugurado en 2005,\u00a0se enfoca en la formaci\u00f3n especializada en turismo y gastronom\u00eda.","og_url":"https:\/\/www.torreviejagastronomica.com\/es\/cdt-de-torrevieja-anuncia-nuevos-cursos\/","og_site_name":"Torrevieja Gastron\u00f3mica","article_published_time":"2024-01-12T10:59:57+00:00","article_modified_time":"2024-01-12T10:59:58+00:00","og_image":[{"width":1200,"height":1200,"url":"https:\/\/www.torreviejagastronomica.com\/wp-content\/uploads\/2024\/01\/104.jpg.webp","type":"image\/webp"}],"author":"Asociaci\u00f3n de Empresas de Hosteler\u00eda de Torrevieja y Comarca","twitter_card":"summary_large_image","twitter_misc":{"Escrito por":"Asociaci\u00f3n de Empresas de Hosteler\u00eda de Torrevieja y Comarca","Tiempo de lectura":"2 minutos"},"schema":{"@context":"https:\/\/schema.org","@graph":[{"@type":"Article","@id":"https:\/\/www.torreviejagastronomica.com\/cdt-de-torrevieja-anuncia-nuevos-cursos\/#article","isPartOf":{"@id":"https:\/\/www.torreviejagastronomica.com\/cdt-de-torrevieja-anuncia-nuevos-cursos\/"},"author":{"name":"Asociaci\u00f3n de Empresas de Hosteler\u00eda de Torrevieja y Comarca","@id":"https:\/\/www.torreviejagastronomica.com\/#\/schema\/person\/9e0116f808f941d46f9baadf5335f0a9"},"headline":"CDT de Torrevieja, anuncia nuevos cursos.","datePublished":"2024-01-12T10:59:57+00:00","dateModified":"2024-01-12T10:59:58+00:00","mainEntityOfPage":{"@id":"https:\/\/www.torreviejagastronomica.com\/cdt-de-torrevieja-anuncia-nuevos-cursos\/"},"wordCount":314,"commentCount":0,"publisher":{"@id":"https:\/\/www.torreviejagastronomica.com\/#organization"},"image":{"@id":"https:\/\/www.torreviejagastronomica.com\/cdt-de-torrevieja-anuncia-nuevos-cursos\/#primaryimage"},"thumbnailUrl":"https:\/\/www.torreviejagastronomica.com\/wp-content\/uploads\/2024\/01\/104.jpg.webp","articleSection":["Uncategorized"],"inLanguage":"es","potentialAction":[{"@type":"CommentAction","name":"Comment","target":["https:\/\/www.torreviejagastronomica.com\/cdt-de-torrevieja-anuncia-nuevos-cursos\/#respond"]}]},{"@type":"WebPage","@id":"https:\/\/www.torreviejagastronomica.com\/cdt-de-torrevieja-anuncia-nuevos-cursos\/","url":"https:\/\/www.torreviejagastronomica.com\/cdt-de-torrevieja-anuncia-nuevos-cursos\/","name":"CDT de Torrevieja, anuncia nuevos cursos. - Torrevieja Gastron\u00f3mica","isPartOf":{"@id":"https:\/\/www.torreviejagastronomica.com\/#website"},"primaryImageOfPage":{"@id":"https:\/\/www.torreviejagastronomica.com\/cdt-de-torrevieja-anuncia-nuevos-cursos\/#primaryimage"},"image":{"@id":"https:\/\/www.torreviejagastronomica.com\/cdt-de-torrevieja-anuncia-nuevos-cursos\/#primaryimage"},"thumbnailUrl":"https:\/\/www.torreviejagastronomica.com\/wp-content\/uploads\/2024\/01\/104.jpg.webp","datePublished":"2024-01-12T10:59:57+00:00","dateModified":"2024-01-12T10:59:58+00:00","breadcrumb":{"@id":"https:\/\/www.torreviejagastronomica.com\/cdt-de-torrevieja-anuncia-nuevos-cursos\/#breadcrumb"},"inLanguage":"es","potentialAction":[{"@type":"ReadAction","target":["https:\/\/www.torreviejagastronomica.com\/cdt-de-torrevieja-anuncia-nuevos-cursos\/"]}]},{"@type":"ImageObject","inLanguage":"es","@id":"https:\/\/www.torreviejagastronomica.com\/cdt-de-torrevieja-anuncia-nuevos-cursos\/#primaryimage","url":"https:\/\/www.torreviejagastronomica.com\/wp-content\/uploads\/2024\/01\/104.jpg.webp","contentUrl":"https:\/\/www.torreviejagastronomica.com\/wp-content\/uploads\/2024\/01\/104.jpg.webp","width":1200,"height":1200},{"@type":"BreadcrumbList","@id":"https:\/\/www.torreviejagastronomica.com\/cdt-de-torrevieja-anuncia-nuevos-cursos\/#breadcrumb","itemListElement":[{"@type":"ListItem","position":1,"name":"Portada","item":"https:\/\/www.torreviejagastronomica.com\/"},{"@type":"ListItem","position":2,"name":"CDT de Torrevieja, anuncia nuevos cursos."}]},{"@type":"WebSite","@id":"https:\/\/www.torreviejagastronomica.com\/#website","url":"https:\/\/www.torreviejagastronomica.com\/","name":"Torrevieja Gastron\u00f3mica","description":"Asociaci\u00f3n Hosteler\u00eda Torrevieja y Comarca","publisher":{"@id":"https:\/\/www.torreviejagastronomica.com\/#organization"},"potentialAction":[{"@type":"SearchAction","target":{"@type":"EntryPoint","urlTemplate":"https:\/\/www.torreviejagastronomica.com\/?s={search_term_string}"},"query-input":{"@type":"PropertyValueSpecification","valueRequired":true,"valueName":"search_term_string"}}],"inLanguage":"es"},{"@type":"Organization","@id":"https:\/\/www.torreviejagastronomica.com\/#organization","name":"Torrevieja Gastron\u00f3mica","url":"https:\/\/www.torreviejagastronomica.com\/","logo":{"@type":"ImageObject","inLanguage":"es","@id":"https:\/\/www.torreviejagastronomica.com\/#\/schema\/logo\/image\/","url":"https:\/\/www.torreviejagastronomica.com\/wp-content\/uploads\/2023\/09\/Logo-Torrevieja-Gastronomica.png","contentUrl":"https:\/\/www.torreviejagastronomica.com\/wp-content\/uploads\/2023\/09\/Logo-Torrevieja-Gastronomica.png","width":350,"height":100,"caption":"Torrevieja Gastron\u00f3mica"},"image":{"@id":"https:\/\/www.torreviejagastronomica.com\/#\/schema\/logo\/image\/"}},{"@type":"Person","@id":"https:\/\/www.torreviejagastronomica.com\/#\/schema\/person\/9e0116f808f941d46f9baadf5335f0a9","name":"Asociaci\u00f3n de Empresas de Hosteler\u00eda de Torrevieja y Comarca","image":{"@type":"ImageObject","inLanguage":"es","@id":"https:\/\/www.torreviejagastronomica.com\/#\/schema\/person\/image\/","url":"https:\/\/secure.gravatar.com\/avatar\/32ba6ba6e685fc061412a65c4a8a8b6caaf6d90d0985a737a4015d36e84d2d1f?s=96&d=mm&r=g","contentUrl":"https:\/\/secure.gravatar.com\/avatar\/32ba6ba6e685fc061412a65c4a8a8b6caaf6d90d0985a737a4015d36e84d2d1f?s=96&d=mm&r=g","caption":"Asociaci\u00f3n de Empresas de Hosteler\u00eda de Torrevieja y Comarca"},"url":"https:\/\/www.torreviejagastronomica.com\/es\/author\/hosteleria\/"}]}},"_links":{"self":[{"href":"https:\/\/www.torreviejagastronomica.com\/es\/wp-json\/wp\/v2\/posts\/4470","targetHints":{"allow":["GET"]}}],"collection":[{"href":"https:\/\/www.torreviejagastronomica.com\/es\/wp-json\/wp\/v2\/posts"}],"about":[{"href":"https:\/\/www.torreviejagastronomica.com\/es\/wp-json\/wp\/v2\/types\/post"}],"author":[{"embeddable":true,"href":"https:\/\/www.torreviejagastronomica.com\/es\/wp-json\/wp\/v2\/users\/4"}],"replies":[{"embeddable":true,"href":"https:\/\/www.torreviejagastronomica.com\/es\/wp-json\/wp\/v2\/comments?post=4470"}],"version-history":[{"count":1,"href":"https:\/\/www.torreviejagastronomica.com\/es\/wp-json\/wp\/v2\/posts\/4470\/revisions"}],"predecessor-version":[{"id":4472,"href":"https:\/\/www.torreviejagastronomica.com\/es\/wp-json\/wp\/v2\/posts\/4470\/revisions\/4472"}],"wp:featuredmedia":[{"embeddable":true,"href":"https:\/\/www.torreviejagastronomica.com\/es\/wp-json\/wp\/v2\/media\/4471"}],"wp:attachment":[{"href":"https:\/\/www.torreviejagastronomica.com\/es\/wp-json\/wp\/v2\/media?parent=4470"}],"wp:term":[{"taxonomy":"category","embeddable":true,"href":"https:\/\/www.torreviejagastronomica.com\/es\/wp-json\/wp\/v2\/categories?post=4470"},{"taxonomy":"post_tag","embeddable":true,"href":"https:\/\/www.torreviejagastronomica.com\/es\/wp-json\/wp\/v2\/tags?post=4470"}],"curies":[{"name":"wp","href":"https:\/\/api.w.org\/{rel}","templated":true}]}}