{"id":4459,"date":"2023-11-06T09:59:59","date_gmt":"2023-11-06T08:59:59","guid":{"rendered":"https:\/\/www.torreviejagastronomica.com\/?p=4459"},"modified":"2023-11-07T10:14:03","modified_gmt":"2023-11-07T09:14:03","slug":"10a-edicion-nos-vamos-de-tapas-2023","status":"publish","type":"post","link":"https:\/\/www.torreviejagastronomica.com\/es\/10a-edicion-nos-vamos-de-tapas-2023\/","title":{"rendered":"10\u00aa Edici\u00f3n NOS VAMOS DE TAPAS 2023"},"content":{"rendered":"\n<h2 class=\"wp-block-heading\">\u00a1\u00a1Nos vamos de tapas en Torrevieja!!<\/h2>\n\n\n\n<p><em><strong>Del 9 al 12 y del 16 al 19 de Noviembre se celebra la 10\u00aa Edici\u00f3n de NOS VAMOS DE TAPAS<\/strong><\/em><\/p>\n\n\n\n<h1 class=\"wp-block-heading\"><strong>Tapa + Bebida = 3,5\u20ac<\/strong><\/h1>\n\n\n\n<p>Nuevamente las calles de Torrevieja se llenaran de gente que sale a tapear, 15 establecimientos ofreceran un total de 60 tapas, 30 de ellas tradicionales de Torrevieja y otras 30 innovadoras creadas especialmente para la ocasi\u00f3n.<\/p>\n\n\n\n<p>Adem\u00e1s podras ganar uno de los Por supuesto que vas a descubrir nuevos bares y restaurantes de la localidad y si tienes un poquito de suerte, <strong>puedes ganar el tel\u00e9fono m\u00f3vil que sortea la Asociaci\u00f3n de Hosteler\u00eda de Torrevieja<\/strong>&nbsp;por gentileza de Torrevieja.com<\/p>\n\n\n\n<p>Los restaurantes participantes en esta edici\u00f3n son los siguientes:<\/p>\n\n\n\n<p>1) BAR LA ZONA<\/p>\n\n\n\n<p>2) BIANCO SEA EMOTION<\/p>\n\n\n\n<p>3) ARROCER\u00cdA PEPES<\/p>\n\n\n\n<p>4) LA CANTINA FOOD &amp; DRINKS<\/p>\n\n\n\n<p>5) RESTAURANTE LUZ DE MAR<\/p>\n\n\n\n<p>6) TAPER\u00cdA EL TEATRO<\/p>\n\n\n\n<p>7) JAX TORREVIEJA<\/p>\n\n\n\n<p>8) MULLINS GASTRO IRISH PUB<\/p>\n\n\n\n<p>9) EL CALLEJ\u00d3N<\/p>\n\n\n\n<p>10) MAT\u2019S BURGER<\/p>\n\n\n\n<p>11) CASA LUCHY RESTAURANTE<\/p>\n\n\n\n<p>12) HB TORREVIEJA<\/p>\n\n\n\n<p>13) RESTAURANTE EL RINC\u00d3N<\/p>\n\n\n\n<p>14) EL CHIRINGUITO LA MAR DE BIEN<\/p>\n\n\n\n<p>15) LA MAR DE BIEN<\/p>\n\n\n\n<p>El p\u00fablico asistente en este evento podr\u00e1 participar en el sorteo de diferentes regalos organizado por LA ASOCIACI\u00d3N DE EMPRESAS DE HOSTELER\u00cdA DE TORREVIEJA Y COMARCA, los premios de esta edici\u00f3n son:<\/p>\n\n\n\n<p>PREMIO A\/ Una cena men\u00fa degustaci\u00f3n por importe de 50,00\u20ac para dos personas ofrecida por la Asociaci\u00f3n de Empresas de Hosteler\u00eda de Torrevieja y Comarca. Caja de experiencia PlanB!<\/p>\n\n\n\n<p>PREMIO B\/ Una cena men\u00fa degustaci\u00f3n por importe de 50,00\u20ac para dos personas ofrecida por la Asociaci\u00f3n de Empresas de Hosteler\u00eda de Torrevieja y Comarca. Caja de experiencia PlanB!<\/p>\n\n\n\n<p>PREMIO C\/ Una cena men\u00fa degustaci\u00f3n por importe de 50,00\u20ac para dos personas ofrecida por la Asociaci\u00f3n de Empresas de Hosteler\u00eda de Torrevieja y Comarca. Pack de vinos<\/p>\n\n\n\n<p>PREMIO D\/ Una cena men\u00fa degustaci\u00f3n por importe de 50,00\u20ac para dos personas ofrecida por la Asociaci\u00f3n de Empresas de Hosteler\u00eda de Torrevieja y Comarca.<\/p>\n\n\n\n<p>En los enlaces que a continuaci\u00f3n detallamos pueden descargar toda la informaci\u00f3n que, pr\u00f3ximamente tambi\u00e9n podr\u00e1n consultarla en www.torreviejagastronomica.com y www.aehtc.net<\/p>\n\n\n\n<p>\u00a1Buen provecho!<\/p>\n\n\n\n<p><strong><a href=\"https:\/\/drive.google.com\/file\/d\/122TROyjg5VBNjxBdrRjP6MThVVeNbtbq\/view?usp=sharing\">DESCARGA EL PROGRAMA<\/a><\/strong><\/p>\n","protected":false},"excerpt":{"rendered":"<p>\u00a1\u00a1Nos vamos de tapas en Torrevieja!! Del 9 al 12 y del 16 al 19 de Noviembre se celebra la 10\u00aa Edici\u00f3n de NOS VAMOS DE TAPAS Tapa + Bebida = 3,5\u20ac Nuevamente las calles de Torrevieja se llenaran de gente que sale a tapear, 15 establecimientos ofreceran un total de 60 tapas, 30 de [&hellip;]<\/p>\n","protected":false},"author":4,"featured_media":4460,"comment_status":"open","ping_status":"open","sticky":true,"template":"","format":"standard","meta":{"footnotes":""},"categories":[8,7],"tags":[23,26],"class_list":["post-4459","post","type-post","status-publish","format-standard","has-post-thumbnail","hentry","category-eventos","category-noticias","tag-asociacion-hosteleria","tag-torrevieja"],"yoast_head":"<!-- This site is optimized with the Yoast SEO plugin v25.7 - https:\/\/yoast.com\/wordpress\/plugins\/seo\/ -->\n<title>10\u00aa Edici\u00f3n NOS VAMOS DE TAPAS 2023 - Torrevieja Gastron\u00f3mica<\/title>\n<meta name=\"robots\" content=\"index, follow, max-snippet:-1, max-image-preview:large, max-video-preview:-1\" \/>\n<link rel=\"canonical\" href=\"https:\/\/www.torreviejagastronomica.com\/es\/10a-edicion-nos-vamos-de-tapas-2023\/\" \/>\n<meta property=\"og:locale\" content=\"es_ES\" \/>\n<meta property=\"og:type\" content=\"article\" \/>\n<meta property=\"og:title\" content=\"10\u00aa Edici\u00f3n NOS VAMOS DE TAPAS 2023 - Torrevieja Gastron\u00f3mica\" \/>\n<meta property=\"og:description\" content=\"\u00a1\u00a1Nos vamos de tapas en Torrevieja!! Del 9 al 12 y del 16 al 19 de Noviembre se celebra la 10\u00aa Edici\u00f3n de NOS VAMOS DE TAPAS Tapa + Bebida = 3,5\u20ac Nuevamente las calles de Torrevieja se llenaran de gente que sale a tapear, 15 establecimientos ofreceran un total de 60 tapas, 30 de [&hellip;]\" \/>\n<meta property=\"og:url\" content=\"https:\/\/www.torreviejagastronomica.com\/es\/10a-edicion-nos-vamos-de-tapas-2023\/\" \/>\n<meta property=\"og:site_name\" content=\"Torrevieja Gastron\u00f3mica\" \/>\n<meta property=\"article:published_time\" content=\"2023-11-06T08:59:59+00:00\" \/>\n<meta property=\"article:modified_time\" content=\"2023-11-07T09:14:03+00:00\" \/>\n<meta property=\"og:image\" content=\"https:\/\/www.torreviejagastronomica.com\/wp-content\/uploads\/2023\/11\/CARTEL-NOS-VAMOS-DE-TAPAS-2023.jpg\" \/>\n\t<meta property=\"og:image:width\" content=\"656\" \/>\n\t<meta property=\"og:image:height\" content=\"933\" \/>\n\t<meta property=\"og:image:type\" content=\"image\/jpeg\" \/>\n<meta name=\"author\" content=\"Asociaci\u00f3n de Empresas de Hosteler\u00eda de Torrevieja y Comarca\" \/>\n<meta name=\"twitter:card\" content=\"summary_large_image\" \/>\n<meta name=\"twitter:label1\" content=\"Escrito por\" \/>\n\t<meta name=\"twitter:data1\" content=\"Asociaci\u00f3n de Empresas de Hosteler\u00eda de Torrevieja y Comarca\" \/>\n\t<meta name=\"twitter:label2\" content=\"Tiempo de lectura\" \/>\n\t<meta name=\"twitter:data2\" content=\"2 minutos\" \/>\n<script type=\"application\/ld+json\" class=\"yoast-schema-graph\">{\"@context\":\"https:\/\/schema.org\",\"@graph\":[{\"@type\":\"Article\",\"@id\":\"https:\/\/www.torreviejagastronomica.com\/10a-edicion-nos-vamos-de-tapas-2023\/#article\",\"isPartOf\":{\"@id\":\"https:\/\/www.torreviejagastronomica.com\/10a-edicion-nos-vamos-de-tapas-2023\/\"},\"author\":{\"name\":\"Asociaci\u00f3n de Empresas de Hosteler\u00eda de Torrevieja y Comarca\",\"@id\":\"https:\/\/www.torreviejagastronomica.com\/#\/schema\/person\/9e0116f808f941d46f9baadf5335f0a9\"},\"headline\":\"10\u00aa Edici\u00f3n NOS VAMOS DE TAPAS 2023\",\"datePublished\":\"2023-11-06T08:59:59+00:00\",\"dateModified\":\"2023-11-07T09:14:03+00:00\",\"mainEntityOfPage\":{\"@id\":\"https:\/\/www.torreviejagastronomica.com\/10a-edicion-nos-vamos-de-tapas-2023\/\"},\"wordCount\":367,\"commentCount\":0,\"publisher\":{\"@id\":\"https:\/\/www.torreviejagastronomica.com\/#organization\"},\"image\":{\"@id\":\"https:\/\/www.torreviejagastronomica.com\/10a-edicion-nos-vamos-de-tapas-2023\/#primaryimage\"},\"thumbnailUrl\":\"https:\/\/www.torreviejagastronomica.com\/wp-content\/uploads\/2023\/11\/CARTEL-NOS-VAMOS-DE-TAPAS-2023.jpg\",\"keywords\":[\"asociaci\u00f3n hosteler\u00eda\",\"torrevieja\"],\"articleSection\":[\"Eventos\",\"Noticias\"],\"inLanguage\":\"es\",\"potentialAction\":[{\"@type\":\"CommentAction\",\"name\":\"Comment\",\"target\":[\"https:\/\/www.torreviejagastronomica.com\/10a-edicion-nos-vamos-de-tapas-2023\/#respond\"]}]},{\"@type\":\"WebPage\",\"@id\":\"https:\/\/www.torreviejagastronomica.com\/10a-edicion-nos-vamos-de-tapas-2023\/\",\"url\":\"https:\/\/www.torreviejagastronomica.com\/10a-edicion-nos-vamos-de-tapas-2023\/\",\"name\":\"10\u00aa Edici\u00f3n NOS VAMOS DE TAPAS 2023 - Torrevieja Gastron\u00f3mica\",\"isPartOf\":{\"@id\":\"https:\/\/www.torreviejagastronomica.com\/#website\"},\"primaryImageOfPage\":{\"@id\":\"https:\/\/www.torreviejagastronomica.com\/10a-edicion-nos-vamos-de-tapas-2023\/#primaryimage\"},\"image\":{\"@id\":\"https:\/\/www.torreviejagastronomica.com\/10a-edicion-nos-vamos-de-tapas-2023\/#primaryimage\"},\"thumbnailUrl\":\"https:\/\/www.torreviejagastronomica.com\/wp-content\/uploads\/2023\/11\/CARTEL-NOS-VAMOS-DE-TAPAS-2023.jpg\",\"datePublished\":\"2023-11-06T08:59:59+00:00\",\"dateModified\":\"2023-11-07T09:14:03+00:00\",\"breadcrumb\":{\"@id\":\"https:\/\/www.torreviejagastronomica.com\/10a-edicion-nos-vamos-de-tapas-2023\/#breadcrumb\"},\"inLanguage\":\"es\",\"potentialAction\":[{\"@type\":\"ReadAction\",\"target\":[\"https:\/\/www.torreviejagastronomica.com\/10a-edicion-nos-vamos-de-tapas-2023\/\"]}]},{\"@type\":\"ImageObject\",\"inLanguage\":\"es\",\"@id\":\"https:\/\/www.torreviejagastronomica.com\/10a-edicion-nos-vamos-de-tapas-2023\/#primaryimage\",\"url\":\"https:\/\/www.torreviejagastronomica.com\/wp-content\/uploads\/2023\/11\/CARTEL-NOS-VAMOS-DE-TAPAS-2023.jpg\",\"contentUrl\":\"https:\/\/www.torreviejagastronomica.com\/wp-content\/uploads\/2023\/11\/CARTEL-NOS-VAMOS-DE-TAPAS-2023.jpg\",\"width\":656,\"height\":933},{\"@type\":\"BreadcrumbList\",\"@id\":\"https:\/\/www.torreviejagastronomica.com\/10a-edicion-nos-vamos-de-tapas-2023\/#breadcrumb\",\"itemListElement\":[{\"@type\":\"ListItem\",\"position\":1,\"name\":\"Portada\",\"item\":\"https:\/\/www.torreviejagastronomica.com\/\"},{\"@type\":\"ListItem\",\"position\":2,\"name\":\"10\u00aa Edici\u00f3n NOS VAMOS DE TAPAS 2023\"}]},{\"@type\":\"WebSite\",\"@id\":\"https:\/\/www.torreviejagastronomica.com\/#website\",\"url\":\"https:\/\/www.torreviejagastronomica.com\/\",\"name\":\"Torrevieja Gastron\u00f3mica\",\"description\":\"Asociaci\u00f3n Hosteler\u00eda Torrevieja y Comarca\",\"publisher\":{\"@id\":\"https:\/\/www.torreviejagastronomica.com\/#organization\"},\"potentialAction\":[{\"@type\":\"SearchAction\",\"target\":{\"@type\":\"EntryPoint\",\"urlTemplate\":\"https:\/\/www.torreviejagastronomica.com\/?s={search_term_string}\"},\"query-input\":{\"@type\":\"PropertyValueSpecification\",\"valueRequired\":true,\"valueName\":\"search_term_string\"}}],\"inLanguage\":\"es\"},{\"@type\":\"Organization\",\"@id\":\"https:\/\/www.torreviejagastronomica.com\/#organization\",\"name\":\"Torrevieja Gastron\u00f3mica\",\"url\":\"https:\/\/www.torreviejagastronomica.com\/\",\"logo\":{\"@type\":\"ImageObject\",\"inLanguage\":\"es\",\"@id\":\"https:\/\/www.torreviejagastronomica.com\/#\/schema\/logo\/image\/\",\"url\":\"https:\/\/www.torreviejagastronomica.com\/wp-content\/uploads\/2023\/09\/Logo-Torrevieja-Gastronomica.png\",\"contentUrl\":\"https:\/\/www.torreviejagastronomica.com\/wp-content\/uploads\/2023\/09\/Logo-Torrevieja-Gastronomica.png\",\"width\":350,\"height\":100,\"caption\":\"Torrevieja Gastron\u00f3mica\"},\"image\":{\"@id\":\"https:\/\/www.torreviejagastronomica.com\/#\/schema\/logo\/image\/\"}},{\"@type\":\"Person\",\"@id\":\"https:\/\/www.torreviejagastronomica.com\/#\/schema\/person\/9e0116f808f941d46f9baadf5335f0a9\",\"name\":\"Asociaci\u00f3n de Empresas de Hosteler\u00eda de Torrevieja y Comarca\",\"image\":{\"@type\":\"ImageObject\",\"inLanguage\":\"es\",\"@id\":\"https:\/\/www.torreviejagastronomica.com\/#\/schema\/person\/image\/\",\"url\":\"https:\/\/secure.gravatar.com\/avatar\/32ba6ba6e685fc061412a65c4a8a8b6caaf6d90d0985a737a4015d36e84d2d1f?s=96&d=mm&r=g\",\"contentUrl\":\"https:\/\/secure.gravatar.com\/avatar\/32ba6ba6e685fc061412a65c4a8a8b6caaf6d90d0985a737a4015d36e84d2d1f?s=96&d=mm&r=g\",\"caption\":\"Asociaci\u00f3n de Empresas de Hosteler\u00eda de Torrevieja y Comarca\"},\"url\":\"https:\/\/www.torreviejagastronomica.com\/es\/author\/hosteleria\/\"}]}<\/script>\n<!-- \/ Yoast SEO plugin. -->","yoast_head_json":{"title":"10\u00aa Edici\u00f3n NOS VAMOS DE TAPAS 2023 - Torrevieja Gastron\u00f3mica","robots":{"index":"index","follow":"follow","max-snippet":"max-snippet:-1","max-image-preview":"max-image-preview:large","max-video-preview":"max-video-preview:-1"},"canonical":"https:\/\/www.torreviejagastronomica.com\/es\/10a-edicion-nos-vamos-de-tapas-2023\/","og_locale":"es_ES","og_type":"article","og_title":"10\u00aa Edici\u00f3n NOS VAMOS DE TAPAS 2023 - Torrevieja Gastron\u00f3mica","og_description":"\u00a1\u00a1Nos vamos de tapas en Torrevieja!! Del 9 al 12 y del 16 al 19 de Noviembre se celebra la 10\u00aa Edici\u00f3n de NOS VAMOS DE TAPAS Tapa + Bebida = 3,5\u20ac Nuevamente las calles de Torrevieja se llenaran de gente que sale a tapear, 15 establecimientos ofreceran un total de 60 tapas, 30 de [&hellip;]","og_url":"https:\/\/www.torreviejagastronomica.com\/es\/10a-edicion-nos-vamos-de-tapas-2023\/","og_site_name":"Torrevieja Gastron\u00f3mica","article_published_time":"2023-11-06T08:59:59+00:00","article_modified_time":"2023-11-07T09:14:03+00:00","og_image":[{"width":656,"height":933,"url":"https:\/\/www.torreviejagastronomica.com\/wp-content\/uploads\/2023\/11\/CARTEL-NOS-VAMOS-DE-TAPAS-2023.jpg","type":"image\/jpeg"}],"author":"Asociaci\u00f3n de Empresas de Hosteler\u00eda de Torrevieja y Comarca","twitter_card":"summary_large_image","twitter_misc":{"Escrito por":"Asociaci\u00f3n de Empresas de Hosteler\u00eda de Torrevieja y Comarca","Tiempo de lectura":"2 minutos"},"schema":{"@context":"https:\/\/schema.org","@graph":[{"@type":"Article","@id":"https:\/\/www.torreviejagastronomica.com\/10a-edicion-nos-vamos-de-tapas-2023\/#article","isPartOf":{"@id":"https:\/\/www.torreviejagastronomica.com\/10a-edicion-nos-vamos-de-tapas-2023\/"},"author":{"name":"Asociaci\u00f3n de Empresas de Hosteler\u00eda de Torrevieja y Comarca","@id":"https:\/\/www.torreviejagastronomica.com\/#\/schema\/person\/9e0116f808f941d46f9baadf5335f0a9"},"headline":"10\u00aa Edici\u00f3n NOS VAMOS DE TAPAS 2023","datePublished":"2023-11-06T08:59:59+00:00","dateModified":"2023-11-07T09:14:03+00:00","mainEntityOfPage":{"@id":"https:\/\/www.torreviejagastronomica.com\/10a-edicion-nos-vamos-de-tapas-2023\/"},"wordCount":367,"commentCount":0,"publisher":{"@id":"https:\/\/www.torreviejagastronomica.com\/#organization"},"image":{"@id":"https:\/\/www.torreviejagastronomica.com\/10a-edicion-nos-vamos-de-tapas-2023\/#primaryimage"},"thumbnailUrl":"https:\/\/www.torreviejagastronomica.com\/wp-content\/uploads\/2023\/11\/CARTEL-NOS-VAMOS-DE-TAPAS-2023.jpg","keywords":["asociaci\u00f3n hosteler\u00eda","torrevieja"],"articleSection":["Eventos","Noticias"],"inLanguage":"es","potentialAction":[{"@type":"CommentAction","name":"Comment","target":["https:\/\/www.torreviejagastronomica.com\/10a-edicion-nos-vamos-de-tapas-2023\/#respond"]}]},{"@type":"WebPage","@id":"https:\/\/www.torreviejagastronomica.com\/10a-edicion-nos-vamos-de-tapas-2023\/","url":"https:\/\/www.torreviejagastronomica.com\/10a-edicion-nos-vamos-de-tapas-2023\/","name":"10\u00aa Edici\u00f3n NOS VAMOS DE TAPAS 2023 - Torrevieja Gastron\u00f3mica","isPartOf":{"@id":"https:\/\/www.torreviejagastronomica.com\/#website"},"primaryImageOfPage":{"@id":"https:\/\/www.torreviejagastronomica.com\/10a-edicion-nos-vamos-de-tapas-2023\/#primaryimage"},"image":{"@id":"https:\/\/www.torreviejagastronomica.com\/10a-edicion-nos-vamos-de-tapas-2023\/#primaryimage"},"thumbnailUrl":"https:\/\/www.torreviejagastronomica.com\/wp-content\/uploads\/2023\/11\/CARTEL-NOS-VAMOS-DE-TAPAS-2023.jpg","datePublished":"2023-11-06T08:59:59+00:00","dateModified":"2023-11-07T09:14:03+00:00","breadcrumb":{"@id":"https:\/\/www.torreviejagastronomica.com\/10a-edicion-nos-vamos-de-tapas-2023\/#breadcrumb"},"inLanguage":"es","potentialAction":[{"@type":"ReadAction","target":["https:\/\/www.torreviejagastronomica.com\/10a-edicion-nos-vamos-de-tapas-2023\/"]}]},{"@type":"ImageObject","inLanguage":"es","@id":"https:\/\/www.torreviejagastronomica.com\/10a-edicion-nos-vamos-de-tapas-2023\/#primaryimage","url":"https:\/\/www.torreviejagastronomica.com\/wp-content\/uploads\/2023\/11\/CARTEL-NOS-VAMOS-DE-TAPAS-2023.jpg","contentUrl":"https:\/\/www.torreviejagastronomica.com\/wp-content\/uploads\/2023\/11\/CARTEL-NOS-VAMOS-DE-TAPAS-2023.jpg","width":656,"height":933},{"@type":"BreadcrumbList","@id":"https:\/\/www.torreviejagastronomica.com\/10a-edicion-nos-vamos-de-tapas-2023\/#breadcrumb","itemListElement":[{"@type":"ListItem","position":1,"name":"Portada","item":"https:\/\/www.torreviejagastronomica.com\/"},{"@type":"ListItem","position":2,"name":"10\u00aa Edici\u00f3n NOS VAMOS DE TAPAS 2023"}]},{"@type":"WebSite","@id":"https:\/\/www.torreviejagastronomica.com\/#website","url":"https:\/\/www.torreviejagastronomica.com\/","name":"Torrevieja Gastron\u00f3mica","description":"Asociaci\u00f3n Hosteler\u00eda Torrevieja y Comarca","publisher":{"@id":"https:\/\/www.torreviejagastronomica.com\/#organization"},"potentialAction":[{"@type":"SearchAction","target":{"@type":"EntryPoint","urlTemplate":"https:\/\/www.torreviejagastronomica.com\/?s={search_term_string}"},"query-input":{"@type":"PropertyValueSpecification","valueRequired":true,"valueName":"search_term_string"}}],"inLanguage":"es"},{"@type":"Organization","@id":"https:\/\/www.torreviejagastronomica.com\/#organization","name":"Torrevieja Gastron\u00f3mica","url":"https:\/\/www.torreviejagastronomica.com\/","logo":{"@type":"ImageObject","inLanguage":"es","@id":"https:\/\/www.torreviejagastronomica.com\/#\/schema\/logo\/image\/","url":"https:\/\/www.torreviejagastronomica.com\/wp-content\/uploads\/2023\/09\/Logo-Torrevieja-Gastronomica.png","contentUrl":"https:\/\/www.torreviejagastronomica.com\/wp-content\/uploads\/2023\/09\/Logo-Torrevieja-Gastronomica.png","width":350,"height":100,"caption":"Torrevieja Gastron\u00f3mica"},"image":{"@id":"https:\/\/www.torreviejagastronomica.com\/#\/schema\/logo\/image\/"}},{"@type":"Person","@id":"https:\/\/www.torreviejagastronomica.com\/#\/schema\/person\/9e0116f808f941d46f9baadf5335f0a9","name":"Asociaci\u00f3n de Empresas de Hosteler\u00eda de Torrevieja y Comarca","image":{"@type":"ImageObject","inLanguage":"es","@id":"https:\/\/www.torreviejagastronomica.com\/#\/schema\/person\/image\/","url":"https:\/\/secure.gravatar.com\/avatar\/32ba6ba6e685fc061412a65c4a8a8b6caaf6d90d0985a737a4015d36e84d2d1f?s=96&d=mm&r=g","contentUrl":"https:\/\/secure.gravatar.com\/avatar\/32ba6ba6e685fc061412a65c4a8a8b6caaf6d90d0985a737a4015d36e84d2d1f?s=96&d=mm&r=g","caption":"Asociaci\u00f3n de Empresas de Hosteler\u00eda de Torrevieja y Comarca"},"url":"https:\/\/www.torreviejagastronomica.com\/es\/author\/hosteleria\/"}]}},"_links":{"self":[{"href":"https:\/\/www.torreviejagastronomica.com\/es\/wp-json\/wp\/v2\/posts\/4459","targetHints":{"allow":["GET"]}}],"collection":[{"href":"https:\/\/www.torreviejagastronomica.com\/es\/wp-json\/wp\/v2\/posts"}],"about":[{"href":"https:\/\/www.torreviejagastronomica.com\/es\/wp-json\/wp\/v2\/types\/post"}],"author":[{"embeddable":true,"href":"https:\/\/www.torreviejagastronomica.com\/es\/wp-json\/wp\/v2\/users\/4"}],"replies":[{"embeddable":true,"href":"https:\/\/www.torreviejagastronomica.com\/es\/wp-json\/wp\/v2\/comments?post=4459"}],"version-history":[{"count":2,"href":"https:\/\/www.torreviejagastronomica.com\/es\/wp-json\/wp\/v2\/posts\/4459\/revisions"}],"predecessor-version":[{"id":4465,"href":"https:\/\/www.torreviejagastronomica.com\/es\/wp-json\/wp\/v2\/posts\/4459\/revisions\/4465"}],"wp:featuredmedia":[{"embeddable":true,"href":"https:\/\/www.torreviejagastronomica.com\/es\/wp-json\/wp\/v2\/media\/4460"}],"wp:attachment":[{"href":"https:\/\/www.torreviejagastronomica.com\/es\/wp-json\/wp\/v2\/media?parent=4459"}],"wp:term":[{"taxonomy":"category","embeddable":true,"href":"https:\/\/www.torreviejagastronomica.com\/es\/wp-json\/wp\/v2\/categories?post=4459"},{"taxonomy":"post_tag","embeddable":true,"href":"https:\/\/www.torreviejagastronomica.com\/es\/wp-json\/wp\/v2\/tags?post=4459"}],"curies":[{"name":"wp","href":"https:\/\/api.w.org\/{rel}","templated":true}]}}