{"id":383,"date":"2013-02-11T15:31:42","date_gmt":"2013-02-11T15:31:42","guid":{"rendered":"http:\/\/www.torreviejagastronomica.com\/?p=383"},"modified":"2013-02-11T15:31:42","modified_gmt":"2013-02-11T15:31:42","slug":"presentacion-jornadas-gastronomicas-arroces-de-torrevieja-fiutur-2013","status":"publish","type":"post","link":"https:\/\/www.torreviejagastronomica.com\/es\/presentacion-jornadas-gastronomicas-arroces-de-torrevieja-fiutur-2013\/","title":{"rendered":"Presentaci\u00f3n Jornadas Gastron\u00f3micas Arroces de Torrevieja. Fitur 2013"},"content":{"rendered":"<p align=\"center\"><b>DEMOSTRACI\u00d3N GASTRON\u00d3MICA (SHOW COOKING) DE UN CALDERO T\u00cdPICO TORREVEJENSE<\/b><\/p>\n<p><b>\u00a0<\/b><\/p>\n<p align=\"center\"><b>La Asociaci\u00f3n de Hosteler\u00eda presenta las jornadas \u201cArroces de Torrevieja\u201d, del 4 al 10 de marzo, en la que van a participar 25 restaurantes de la localidad<\/b><\/p>\n<p><b>\u00a0<\/b><\/p>\n<p><b>TORREVIEJA (31-01-13).<\/b> Uno de los platos t\u00edpicos torrevejenses ha sido protagonista hoy en FITUR de la mano de la Asociaci\u00f3n de Empresarios de Hosteler\u00eda de Torrevieja y Comarca. El restaurador Tom\u00e1s Arenas, del restaurante <i>Las Jarras<\/i> de La Mata, ha realizado una demostraci\u00f3n gastron\u00f3mica (<b><i>show-cooking)<\/i><\/b> ante un gran n\u00famero de p\u00fablico asistente, elaborando un excepcional arroz de caldero que posteriormente ha sido degustado por las numerosas personas que han seguido atentamente el proceso de elaboraci\u00f3n llevado a cabo por este maestro arrocero.<\/p>\n<p>Asimismo, la concejal de Comercio y Hosteler\u00eda, Agustina Esteve, el edil de Turismo, Luis Mar\u00eda Pizana, y el presidente de la Asociaci\u00f3n de Empresas de Hosteler\u00eda de Torrevieja y Comarca, Jos\u00e9 Antonio Lozano, han presentado en FITUR unas jornadas gastron\u00f3micas denominadas \u201cArroces de Torrevieja\u201d, en donde durante toda una semana, del 4 al 10 de marzo, un total de 25 restaurantes de la ciudad ofrecer\u00e1n por 22\u00b450 euros por persona, un men\u00fa que tendr\u00e1 como plato principal el arroz, y que contar\u00e1 con dos entradas como m\u00ednimo, un arroz, postre y bebidas. En este acto ha sido presentado tambi\u00e9n el logotipo del producto denominado \u201cTorrevieja Gastron\u00f3mica\u201d, que ofrece una misma l\u00ednea de dise\u00f1o a la ya existente para la Concejal\u00eda de Turismo pero con un toque diferenciador por su tematizaci\u00f3n.<\/p>\n","protected":false},"excerpt":{"rendered":"<p>DEMOSTRACI\u00d3N GASTRON\u00d3MICA (SHOW COOKING) DE UN CALDERO T\u00cdPICO TORREVEJENSE \u00a0 La Asociaci\u00f3n de Hosteler\u00eda presenta las jornadas \u201cArroces de Torrevieja\u201d, del 4 al 10 de marzo, en la que van a participar 25 restaurantes de la localidad \u00a0 TORREVIEJA (31-01-13). Uno de los platos t\u00edpicos torrevejenses ha sido protagonista hoy en FITUR de la mano [&hellip;]<\/p>\n","protected":false},"author":3,"featured_media":390,"comment_status":"closed","ping_status":"open","sticky":false,"template":"","format":"standard","meta":{"footnotes":""},"categories":[8],"tags":[43,44,45,46,34,47,36,48,37,38,49,50,51,40,41,52,30,53,54,55,56,57,58,59,32],"class_list":["post-383","post","type-post","status-publish","format-standard","has-post-thumbnail","hentry","category-eventos","tag-agora","tag-agua-marina","tag-alondra","tag-bahia","tag-barlovento","tag-catalina-ii","tag-el-huertano","tag-el-novillo","tag-el-pescador","tag-el-puerto","tag-el-sarmiento","tag-la-huertica","tag-las-canas","tag-las-jarras","tag-las-villas","tag-los-cucalos","tag-marisqueria-torrevieja","tag-meson-real","tag-monte-bianco","tag-nautilus","tag-niki-beach","tag-pantasana","tag-picos-de-europa","tag-piscolabis","tag-rincon-de-capis"],"yoast_head":"<!-- This site is optimized with the Yoast SEO plugin v25.7 - https:\/\/yoast.com\/wordpress\/plugins\/seo\/ -->\n<title>Presentaci\u00f3n Jornadas Gastron\u00f3micas Arroces de Torrevieja. Fitur 2013 - Torrevieja Gastron\u00f3mica<\/title>\n<meta name=\"robots\" content=\"index, follow, max-snippet:-1, max-image-preview:large, max-video-preview:-1\" \/>\n<link rel=\"canonical\" href=\"https:\/\/www.torreviejagastronomica.com\/es\/presentacion-jornadas-gastronomicas-arroces-de-torrevieja-fiutur-2013\/\" \/>\n<meta property=\"og:locale\" content=\"es_ES\" \/>\n<meta property=\"og:type\" content=\"article\" \/>\n<meta property=\"og:title\" content=\"Presentaci\u00f3n Jornadas Gastron\u00f3micas Arroces de Torrevieja. Fitur 2013 - Torrevieja Gastron\u00f3mica\" \/>\n<meta property=\"og:description\" content=\"DEMOSTRACI\u00d3N GASTRON\u00d3MICA (SHOW COOKING) DE UN CALDERO T\u00cdPICO TORREVEJENSE \u00a0 La Asociaci\u00f3n de Hosteler\u00eda presenta las jornadas \u201cArroces de Torrevieja\u201d, del 4 al 10 de marzo, en la que van a participar 25 restaurantes de la localidad \u00a0 TORREVIEJA (31-01-13). Uno de los platos t\u00edpicos torrevejenses ha sido protagonista hoy en FITUR de la mano [&hellip;]\" \/>\n<meta property=\"og:url\" content=\"https:\/\/www.torreviejagastronomica.com\/es\/presentacion-jornadas-gastronomicas-arroces-de-torrevieja-fiutur-2013\/\" \/>\n<meta property=\"og:site_name\" content=\"Torrevieja Gastron\u00f3mica\" \/>\n<meta property=\"article:published_time\" content=\"2013-02-11T15:31:42+00:00\" \/>\n<meta property=\"og:image\" content=\"https:\/\/www.torreviejagastronomica.com\/wp-content\/uploads\/2013\/02\/fitur20131.jpg\" \/>\n\t<meta property=\"og:image:width\" content=\"500\" \/>\n\t<meta property=\"og:image:height\" content=\"444\" \/>\n\t<meta property=\"og:image:type\" content=\"image\/jpeg\" \/>\n<meta name=\"author\" content=\"admin\" \/>\n<meta name=\"twitter:card\" content=\"summary_large_image\" \/>\n<meta name=\"twitter:label1\" content=\"Escrito por\" \/>\n\t<meta name=\"twitter:data1\" content=\"admin\" \/>\n\t<meta name=\"twitter:label2\" content=\"Tiempo de lectura\" \/>\n\t<meta name=\"twitter:data2\" content=\"1 minuto\" \/>\n<script type=\"application\/ld+json\" class=\"yoast-schema-graph\">{\"@context\":\"https:\/\/schema.org\",\"@graph\":[{\"@type\":\"Article\",\"@id\":\"https:\/\/www.torreviejagastronomica.com\/presentacion-jornadas-gastronomicas-arroces-de-torrevieja-fiutur-2013\/#article\",\"isPartOf\":{\"@id\":\"https:\/\/www.torreviejagastronomica.com\/presentacion-jornadas-gastronomicas-arroces-de-torrevieja-fiutur-2013\/\"},\"author\":{\"name\":\"admin\",\"@id\":\"https:\/\/www.torreviejagastronomica.com\/#\/schema\/person\/43c1ae0a05eb24e94513f69078cd11a7\"},\"headline\":\"Presentaci\u00f3n Jornadas Gastron\u00f3micas Arroces de Torrevieja. Fitur 2013\",\"datePublished\":\"2013-02-11T15:31:42+00:00\",\"mainEntityOfPage\":{\"@id\":\"https:\/\/www.torreviejagastronomica.com\/presentacion-jornadas-gastronomicas-arroces-de-torrevieja-fiutur-2013\/\"},\"wordCount\":278,\"publisher\":{\"@id\":\"https:\/\/www.torreviejagastronomica.com\/#organization\"},\"image\":{\"@id\":\"https:\/\/www.torreviejagastronomica.com\/presentacion-jornadas-gastronomicas-arroces-de-torrevieja-fiutur-2013\/#primaryimage\"},\"thumbnailUrl\":\"https:\/\/www.torreviejagastronomica.com\/wp-content\/uploads\/2013\/02\/fitur20131.jpg\",\"keywords\":[\"Agora\",\"Agua Marina\",\"Alondra\",\"Bahia\",\"barlovento\",\"Catalina II\",\"el huertano\",\"El Novillo\",\"el pescador\",\"el puerto\",\"El Sarmiento\",\"La Huertica\",\"Las Ca\u00f1as\",\"las jarras\",\"las villas\",\"Los Cucalos\",\"marisqueria torrevieja\",\"Meson Real\",\"Monte Bianco\",\"Nautilus\",\"Niki Beach\",\"Pantasana\",\"Picos de Europa\",\"Piscolabis\",\"rincon de capis\"],\"articleSection\":[\"Eventos\"],\"inLanguage\":\"es\"},{\"@type\":\"WebPage\",\"@id\":\"https:\/\/www.torreviejagastronomica.com\/presentacion-jornadas-gastronomicas-arroces-de-torrevieja-fiutur-2013\/\",\"url\":\"https:\/\/www.torreviejagastronomica.com\/presentacion-jornadas-gastronomicas-arroces-de-torrevieja-fiutur-2013\/\",\"name\":\"Presentaci\u00f3n Jornadas Gastron\u00f3micas Arroces de Torrevieja. Fitur 2013 - Torrevieja Gastron\u00f3mica\",\"isPartOf\":{\"@id\":\"https:\/\/www.torreviejagastronomica.com\/#website\"},\"primaryImageOfPage\":{\"@id\":\"https:\/\/www.torreviejagastronomica.com\/presentacion-jornadas-gastronomicas-arroces-de-torrevieja-fiutur-2013\/#primaryimage\"},\"image\":{\"@id\":\"https:\/\/www.torreviejagastronomica.com\/presentacion-jornadas-gastronomicas-arroces-de-torrevieja-fiutur-2013\/#primaryimage\"},\"thumbnailUrl\":\"https:\/\/www.torreviejagastronomica.com\/wp-content\/uploads\/2013\/02\/fitur20131.jpg\",\"datePublished\":\"2013-02-11T15:31:42+00:00\",\"breadcrumb\":{\"@id\":\"https:\/\/www.torreviejagastronomica.com\/presentacion-jornadas-gastronomicas-arroces-de-torrevieja-fiutur-2013\/#breadcrumb\"},\"inLanguage\":\"es\",\"potentialAction\":[{\"@type\":\"ReadAction\",\"target\":[\"https:\/\/www.torreviejagastronomica.com\/presentacion-jornadas-gastronomicas-arroces-de-torrevieja-fiutur-2013\/\"]}]},{\"@type\":\"ImageObject\",\"inLanguage\":\"es\",\"@id\":\"https:\/\/www.torreviejagastronomica.com\/presentacion-jornadas-gastronomicas-arroces-de-torrevieja-fiutur-2013\/#primaryimage\",\"url\":\"https:\/\/www.torreviejagastronomica.com\/wp-content\/uploads\/2013\/02\/fitur20131.jpg\",\"contentUrl\":\"https:\/\/www.torreviejagastronomica.com\/wp-content\/uploads\/2013\/02\/fitur20131.jpg\",\"width\":500,\"height\":444},{\"@type\":\"BreadcrumbList\",\"@id\":\"https:\/\/www.torreviejagastronomica.com\/presentacion-jornadas-gastronomicas-arroces-de-torrevieja-fiutur-2013\/#breadcrumb\",\"itemListElement\":[{\"@type\":\"ListItem\",\"position\":1,\"name\":\"Portada\",\"item\":\"https:\/\/www.torreviejagastronomica.com\/\"},{\"@type\":\"ListItem\",\"position\":2,\"name\":\"Presentaci\u00f3n Jornadas Gastron\u00f3micas Arroces de Torrevieja. Fitur 2013\"}]},{\"@type\":\"WebSite\",\"@id\":\"https:\/\/www.torreviejagastronomica.com\/#website\",\"url\":\"https:\/\/www.torreviejagastronomica.com\/\",\"name\":\"Torrevieja Gastron\u00f3mica\",\"description\":\"Asociaci\u00f3n Hosteler\u00eda Torrevieja y Comarca\",\"publisher\":{\"@id\":\"https:\/\/www.torreviejagastronomica.com\/#organization\"},\"potentialAction\":[{\"@type\":\"SearchAction\",\"target\":{\"@type\":\"EntryPoint\",\"urlTemplate\":\"https:\/\/www.torreviejagastronomica.com\/?s={search_term_string}\"},\"query-input\":{\"@type\":\"PropertyValueSpecification\",\"valueRequired\":true,\"valueName\":\"search_term_string\"}}],\"inLanguage\":\"es\"},{\"@type\":\"Organization\",\"@id\":\"https:\/\/www.torreviejagastronomica.com\/#organization\",\"name\":\"Torrevieja Gastron\u00f3mica\",\"url\":\"https:\/\/www.torreviejagastronomica.com\/\",\"logo\":{\"@type\":\"ImageObject\",\"inLanguage\":\"es\",\"@id\":\"https:\/\/www.torreviejagastronomica.com\/#\/schema\/logo\/image\/\",\"url\":\"https:\/\/www.torreviejagastronomica.com\/wp-content\/uploads\/2023\/09\/Logo-Torrevieja-Gastronomica.png\",\"contentUrl\":\"https:\/\/www.torreviejagastronomica.com\/wp-content\/uploads\/2023\/09\/Logo-Torrevieja-Gastronomica.png\",\"width\":350,\"height\":100,\"caption\":\"Torrevieja Gastron\u00f3mica\"},\"image\":{\"@id\":\"https:\/\/www.torreviejagastronomica.com\/#\/schema\/logo\/image\/\"}},{\"@type\":\"Person\",\"@id\":\"https:\/\/www.torreviejagastronomica.com\/#\/schema\/person\/43c1ae0a05eb24e94513f69078cd11a7\",\"name\":\"admin\",\"image\":{\"@type\":\"ImageObject\",\"inLanguage\":\"es\",\"@id\":\"https:\/\/www.torreviejagastronomica.com\/#\/schema\/person\/image\/\",\"url\":\"https:\/\/secure.gravatar.com\/avatar\/6497fb95944786a8c3310104dbce94031a7dee2c3b2645b425bfeeec49855f50?s=96&d=mm&r=g\",\"contentUrl\":\"https:\/\/secure.gravatar.com\/avatar\/6497fb95944786a8c3310104dbce94031a7dee2c3b2645b425bfeeec49855f50?s=96&d=mm&r=g\",\"caption\":\"admin\"},\"url\":\"https:\/\/www.torreviejagastronomica.com\/es\/author\/admin\/\"}]}<\/script>\n<!-- \/ Yoast SEO plugin. -->","yoast_head_json":{"title":"Presentaci\u00f3n Jornadas Gastron\u00f3micas Arroces de Torrevieja. Fitur 2013 - Torrevieja Gastron\u00f3mica","robots":{"index":"index","follow":"follow","max-snippet":"max-snippet:-1","max-image-preview":"max-image-preview:large","max-video-preview":"max-video-preview:-1"},"canonical":"https:\/\/www.torreviejagastronomica.com\/es\/presentacion-jornadas-gastronomicas-arroces-de-torrevieja-fiutur-2013\/","og_locale":"es_ES","og_type":"article","og_title":"Presentaci\u00f3n Jornadas Gastron\u00f3micas Arroces de Torrevieja. Fitur 2013 - Torrevieja Gastron\u00f3mica","og_description":"DEMOSTRACI\u00d3N GASTRON\u00d3MICA (SHOW COOKING) DE UN CALDERO T\u00cdPICO TORREVEJENSE \u00a0 La Asociaci\u00f3n de Hosteler\u00eda presenta las jornadas \u201cArroces de Torrevieja\u201d, del 4 al 10 de marzo, en la que van a participar 25 restaurantes de la localidad \u00a0 TORREVIEJA (31-01-13). Uno de los platos t\u00edpicos torrevejenses ha sido protagonista hoy en FITUR de la mano [&hellip;]","og_url":"https:\/\/www.torreviejagastronomica.com\/es\/presentacion-jornadas-gastronomicas-arroces-de-torrevieja-fiutur-2013\/","og_site_name":"Torrevieja Gastron\u00f3mica","article_published_time":"2013-02-11T15:31:42+00:00","og_image":[{"width":500,"height":444,"url":"https:\/\/www.torreviejagastronomica.com\/wp-content\/uploads\/2013\/02\/fitur20131.jpg","type":"image\/jpeg"}],"author":"admin","twitter_card":"summary_large_image","twitter_misc":{"Escrito por":"admin","Tiempo de lectura":"1 minuto"},"schema":{"@context":"https:\/\/schema.org","@graph":[{"@type":"Article","@id":"https:\/\/www.torreviejagastronomica.com\/presentacion-jornadas-gastronomicas-arroces-de-torrevieja-fiutur-2013\/#article","isPartOf":{"@id":"https:\/\/www.torreviejagastronomica.com\/presentacion-jornadas-gastronomicas-arroces-de-torrevieja-fiutur-2013\/"},"author":{"name":"admin","@id":"https:\/\/www.torreviejagastronomica.com\/#\/schema\/person\/43c1ae0a05eb24e94513f69078cd11a7"},"headline":"Presentaci\u00f3n Jornadas Gastron\u00f3micas Arroces de Torrevieja. Fitur 2013","datePublished":"2013-02-11T15:31:42+00:00","mainEntityOfPage":{"@id":"https:\/\/www.torreviejagastronomica.com\/presentacion-jornadas-gastronomicas-arroces-de-torrevieja-fiutur-2013\/"},"wordCount":278,"publisher":{"@id":"https:\/\/www.torreviejagastronomica.com\/#organization"},"image":{"@id":"https:\/\/www.torreviejagastronomica.com\/presentacion-jornadas-gastronomicas-arroces-de-torrevieja-fiutur-2013\/#primaryimage"},"thumbnailUrl":"https:\/\/www.torreviejagastronomica.com\/wp-content\/uploads\/2013\/02\/fitur20131.jpg","keywords":["Agora","Agua Marina","Alondra","Bahia","barlovento","Catalina II","el huertano","El Novillo","el pescador","el puerto","El Sarmiento","La Huertica","Las Ca\u00f1as","las jarras","las villas","Los Cucalos","marisqueria torrevieja","Meson Real","Monte Bianco","Nautilus","Niki Beach","Pantasana","Picos de Europa","Piscolabis","rincon de capis"],"articleSection":["Eventos"],"inLanguage":"es"},{"@type":"WebPage","@id":"https:\/\/www.torreviejagastronomica.com\/presentacion-jornadas-gastronomicas-arroces-de-torrevieja-fiutur-2013\/","url":"https:\/\/www.torreviejagastronomica.com\/presentacion-jornadas-gastronomicas-arroces-de-torrevieja-fiutur-2013\/","name":"Presentaci\u00f3n Jornadas Gastron\u00f3micas Arroces de Torrevieja. Fitur 2013 - Torrevieja Gastron\u00f3mica","isPartOf":{"@id":"https:\/\/www.torreviejagastronomica.com\/#website"},"primaryImageOfPage":{"@id":"https:\/\/www.torreviejagastronomica.com\/presentacion-jornadas-gastronomicas-arroces-de-torrevieja-fiutur-2013\/#primaryimage"},"image":{"@id":"https:\/\/www.torreviejagastronomica.com\/presentacion-jornadas-gastronomicas-arroces-de-torrevieja-fiutur-2013\/#primaryimage"},"thumbnailUrl":"https:\/\/www.torreviejagastronomica.com\/wp-content\/uploads\/2013\/02\/fitur20131.jpg","datePublished":"2013-02-11T15:31:42+00:00","breadcrumb":{"@id":"https:\/\/www.torreviejagastronomica.com\/presentacion-jornadas-gastronomicas-arroces-de-torrevieja-fiutur-2013\/#breadcrumb"},"inLanguage":"es","potentialAction":[{"@type":"ReadAction","target":["https:\/\/www.torreviejagastronomica.com\/presentacion-jornadas-gastronomicas-arroces-de-torrevieja-fiutur-2013\/"]}]},{"@type":"ImageObject","inLanguage":"es","@id":"https:\/\/www.torreviejagastronomica.com\/presentacion-jornadas-gastronomicas-arroces-de-torrevieja-fiutur-2013\/#primaryimage","url":"https:\/\/www.torreviejagastronomica.com\/wp-content\/uploads\/2013\/02\/fitur20131.jpg","contentUrl":"https:\/\/www.torreviejagastronomica.com\/wp-content\/uploads\/2013\/02\/fitur20131.jpg","width":500,"height":444},{"@type":"BreadcrumbList","@id":"https:\/\/www.torreviejagastronomica.com\/presentacion-jornadas-gastronomicas-arroces-de-torrevieja-fiutur-2013\/#breadcrumb","itemListElement":[{"@type":"ListItem","position":1,"name":"Portada","item":"https:\/\/www.torreviejagastronomica.com\/"},{"@type":"ListItem","position":2,"name":"Presentaci\u00f3n Jornadas Gastron\u00f3micas Arroces de Torrevieja. Fitur 2013"}]},{"@type":"WebSite","@id":"https:\/\/www.torreviejagastronomica.com\/#website","url":"https:\/\/www.torreviejagastronomica.com\/","name":"Torrevieja Gastron\u00f3mica","description":"Asociaci\u00f3n Hosteler\u00eda Torrevieja y Comarca","publisher":{"@id":"https:\/\/www.torreviejagastronomica.com\/#organization"},"potentialAction":[{"@type":"SearchAction","target":{"@type":"EntryPoint","urlTemplate":"https:\/\/www.torreviejagastronomica.com\/?s={search_term_string}"},"query-input":{"@type":"PropertyValueSpecification","valueRequired":true,"valueName":"search_term_string"}}],"inLanguage":"es"},{"@type":"Organization","@id":"https:\/\/www.torreviejagastronomica.com\/#organization","name":"Torrevieja Gastron\u00f3mica","url":"https:\/\/www.torreviejagastronomica.com\/","logo":{"@type":"ImageObject","inLanguage":"es","@id":"https:\/\/www.torreviejagastronomica.com\/#\/schema\/logo\/image\/","url":"https:\/\/www.torreviejagastronomica.com\/wp-content\/uploads\/2023\/09\/Logo-Torrevieja-Gastronomica.png","contentUrl":"https:\/\/www.torreviejagastronomica.com\/wp-content\/uploads\/2023\/09\/Logo-Torrevieja-Gastronomica.png","width":350,"height":100,"caption":"Torrevieja Gastron\u00f3mica"},"image":{"@id":"https:\/\/www.torreviejagastronomica.com\/#\/schema\/logo\/image\/"}},{"@type":"Person","@id":"https:\/\/www.torreviejagastronomica.com\/#\/schema\/person\/43c1ae0a05eb24e94513f69078cd11a7","name":"admin","image":{"@type":"ImageObject","inLanguage":"es","@id":"https:\/\/www.torreviejagastronomica.com\/#\/schema\/person\/image\/","url":"https:\/\/secure.gravatar.com\/avatar\/6497fb95944786a8c3310104dbce94031a7dee2c3b2645b425bfeeec49855f50?s=96&d=mm&r=g","contentUrl":"https:\/\/secure.gravatar.com\/avatar\/6497fb95944786a8c3310104dbce94031a7dee2c3b2645b425bfeeec49855f50?s=96&d=mm&r=g","caption":"admin"},"url":"https:\/\/www.torreviejagastronomica.com\/es\/author\/admin\/"}]}},"_links":{"self":[{"href":"https:\/\/www.torreviejagastronomica.com\/es\/wp-json\/wp\/v2\/posts\/383","targetHints":{"allow":["GET"]}}],"collection":[{"href":"https:\/\/www.torreviejagastronomica.com\/es\/wp-json\/wp\/v2\/posts"}],"about":[{"href":"https:\/\/www.torreviejagastronomica.com\/es\/wp-json\/wp\/v2\/types\/post"}],"author":[{"embeddable":true,"href":"https:\/\/www.torreviejagastronomica.com\/es\/wp-json\/wp\/v2\/users\/3"}],"replies":[{"embeddable":true,"href":"https:\/\/www.torreviejagastronomica.com\/es\/wp-json\/wp\/v2\/comments?post=383"}],"version-history":[{"count":0,"href":"https:\/\/www.torreviejagastronomica.com\/es\/wp-json\/wp\/v2\/posts\/383\/revisions"}],"wp:featuredmedia":[{"embeddable":true,"href":"https:\/\/www.torreviejagastronomica.com\/es\/wp-json\/wp\/v2\/media\/390"}],"wp:attachment":[{"href":"https:\/\/www.torreviejagastronomica.com\/es\/wp-json\/wp\/v2\/media?parent=383"}],"wp:term":[{"taxonomy":"category","embeddable":true,"href":"https:\/\/www.torreviejagastronomica.com\/es\/wp-json\/wp\/v2\/categories?post=383"},{"taxonomy":"post_tag","embeddable":true,"href":"https:\/\/www.torreviejagastronomica.com\/es\/wp-json\/wp\/v2\/tags?post=383"}],"curies":[{"name":"wp","href":"https:\/\/api.w.org\/{rel}","templated":true}]}}