{"id":3476,"date":"2023-08-25T11:43:29","date_gmt":"2023-08-25T09:43:29","guid":{"rendered":"https:\/\/www.torreviejagastronomica.com\/?p=3476"},"modified":"2023-09-27T11:31:54","modified_gmt":"2023-09-27T09:31:54","slug":"abierto-el-plazo-de-inscripcion-para-participar-en","status":"publish","type":"post","link":"https:\/\/www.torreviejagastronomica.com\/es\/abierto-el-plazo-de-inscripcion-para-participar-en\/","title":{"rendered":"ABIERTO EL PLAZO DE INSCRIPCI\u00d3N PARA PARTICIPAR EN"},"content":{"rendered":"\n<p><strong>INTERNATIONAL TAPAS DAY 2023<\/strong><\/p>\n\n\n\n<p>Nos complace comunicaros de la celebraci\u00f3n de una nueva edici\u00f3n de <strong>INTERNATIONAL TAPAS DAY IN TORREVIEJA<\/strong>, que tendr\u00e1 lugar el <strong>s\u00e1bado 30 de septiembre<\/strong> en horario de ma\u00f1ana y noche (12.00 a 16.30 y de 19.30 a 23.00).<\/p>\n\n\n\n<p>Como en anteriores ediciones se distribuir\u00e1 entre los establecimientos interesados en participar, un fant\u00e1stico merchandising para dar a los clientes de esta actividad.<\/p>\n\n\n\n<p><strong><em><u>Las condiciones de participaci\u00f3n son muy f\u00e1ciles:<\/u><\/em><\/strong><\/p>\n\n\n\n<ol class=\"wp-block-list\" type=\"1\"><li>Enviar por e-mail a &nbsp;<a href=\"mailto:correo@aehtc.net\">correo@aehtc.net<\/a> el formulario adjunto y el LOGO del establecimiento.<\/li><li>Ofertar durante ese d\u00eda (30 de septiembre) un m\u00ednimo de 2 <strong>tapas<\/strong> diferentes <strong>con<\/strong> una <strong>bebida<\/strong> por el precio de <strong>3,50 \u20ac,<\/strong> en horario de mediod\u00eda y noche<\/li><li>El <strong>plazo m\u00e1ximo<\/strong> para inscribirse finaliza el <strong>lunes 4 de septiembre.<\/strong><\/li><li><strong>No se admitir\u00e1n inscripciones fuera de plazo.<\/strong><\/li><\/ol>\n\n\n\n<p><strong>NOTA: Aconsejamos enviar imagen de las tapas para promocionarlas en redes sociales.<\/strong><\/p>\n\n\n\n<p>Para cualquier consulta o aclaraci\u00f3n no dude en contactar con nosotros a <a href=\"mailto:correo@aehtc.net\"><strong>correo@aehtc.net<\/strong><\/a> o al <strong>678 673 494<\/strong><\/p>\n\n\n\n<p class=\"has-black-color has-white-background-color has-text-color has-background\"><strong>Descarga el formulario de inscripci\u00f3n:<\/strong> <a href=\"https:\/\/docs.google.com\/document\/d\/1oMRi9TTk-hFXMS-K-hTpm5iZgQ9Mye3Z\/edit?usp=sharing&amp;ouid=117860577025744612167&amp;rtpof=true&amp;sd=true\">https:\/\/docs.google.com\/document\/d\/1oMRi9TTk-hFXMS-K-hTpm5iZgQ9Mye3Z\/edit?usp=sharing&amp;ouid=117860577025744612167&amp;rtpof=true&amp;sd=true<\/a><\/p>\n\n\n\n<p><\/p>\n","protected":false},"excerpt":{"rendered":"<p>INTERNATIONAL TAPAS DAY 2023 Nos complace comunicaros de la celebraci\u00f3n de una nueva edici\u00f3n de INTERNATIONAL TAPAS DAY IN TORREVIEJA, que tendr\u00e1 lugar el s\u00e1bado 30 de septiembre en horario de ma\u00f1ana y noche (12.00 a 16.30 y de 19.30 a 23.00). Como en anteriores ediciones se distribuir\u00e1 entre los establecimientos interesados en participar, un [&hellip;]<\/p>\n","protected":false},"author":4,"featured_media":3477,"comment_status":"closed","ping_status":"open","sticky":true,"template":"","format":"standard","meta":{"footnotes":""},"categories":[7],"tags":[23,65,26,71],"class_list":["post-3476","post","type-post","status-publish","format-standard","has-post-thumbnail","hentry","category-noticias","tag-asociacion-hosteleria","tag-hosteleria","tag-torrevieja","tag-turismo"],"yoast_head":"<!-- This site is optimized with the Yoast SEO plugin v25.7 - https:\/\/yoast.com\/wordpress\/plugins\/seo\/ -->\n<title>ABIERTO EL PLAZO DE INSCRIPCI\u00d3N PARA PARTICIPAR EN - Torrevieja Gastron\u00f3mica<\/title>\n<meta name=\"robots\" content=\"index, follow, max-snippet:-1, max-image-preview:large, max-video-preview:-1\" \/>\n<link rel=\"canonical\" href=\"https:\/\/www.torreviejagastronomica.com\/es\/abierto-el-plazo-de-inscripcion-para-participar-en\/\" \/>\n<meta property=\"og:locale\" content=\"es_ES\" \/>\n<meta property=\"og:type\" content=\"article\" \/>\n<meta property=\"og:title\" content=\"ABIERTO EL PLAZO DE INSCRIPCI\u00d3N PARA PARTICIPAR EN - Torrevieja Gastron\u00f3mica\" \/>\n<meta property=\"og:description\" content=\"INTERNATIONAL TAPAS DAY 2023 Nos complace comunicaros de la celebraci\u00f3n de una nueva edici\u00f3n de INTERNATIONAL TAPAS DAY IN TORREVIEJA, que tendr\u00e1 lugar el s\u00e1bado 30 de septiembre en horario de ma\u00f1ana y noche (12.00 a 16.30 y de 19.30 a 23.00). Como en anteriores ediciones se distribuir\u00e1 entre los establecimientos interesados en participar, un [&hellip;]\" \/>\n<meta property=\"og:url\" content=\"https:\/\/www.torreviejagastronomica.com\/es\/abierto-el-plazo-de-inscripcion-para-participar-en\/\" \/>\n<meta property=\"og:site_name\" content=\"Torrevieja Gastron\u00f3mica\" \/>\n<meta property=\"article:published_time\" content=\"2023-08-25T09:43:29+00:00\" \/>\n<meta property=\"article:modified_time\" content=\"2023-09-27T09:31:54+00:00\" \/>\n<meta property=\"og:image\" content=\"https:\/\/www.torreviejagastronomica.com\/wp-content\/uploads\/2023\/08\/CARTEL-PROMOCION-INSCRIPCION.jpg\" \/>\n\t<meta property=\"og:image:width\" content=\"1750\" \/>\n\t<meta property=\"og:image:height\" content=\"723\" \/>\n\t<meta property=\"og:image:type\" content=\"image\/jpeg\" \/>\n<meta name=\"author\" content=\"Asociaci\u00f3n de Empresas de Hosteler\u00eda de Torrevieja y Comarca\" \/>\n<meta name=\"twitter:card\" content=\"summary_large_image\" \/>\n<meta name=\"twitter:label1\" content=\"Escrito por\" \/>\n\t<meta name=\"twitter:data1\" content=\"Asociaci\u00f3n de Empresas de Hosteler\u00eda de Torrevieja y Comarca\" \/>\n\t<meta name=\"twitter:label2\" content=\"Tiempo de lectura\" \/>\n\t<meta name=\"twitter:data2\" content=\"1 minuto\" \/>\n<script type=\"application\/ld+json\" class=\"yoast-schema-graph\">{\"@context\":\"https:\/\/schema.org\",\"@graph\":[{\"@type\":\"Article\",\"@id\":\"https:\/\/www.torreviejagastronomica.com\/abierto-el-plazo-de-inscripcion-para-participar-en\/#article\",\"isPartOf\":{\"@id\":\"https:\/\/www.torreviejagastronomica.com\/abierto-el-plazo-de-inscripcion-para-participar-en\/\"},\"author\":{\"name\":\"Asociaci\u00f3n de Empresas de Hosteler\u00eda de Torrevieja y Comarca\",\"@id\":\"https:\/\/www.torreviejagastronomica.com\/#\/schema\/person\/9e0116f808f941d46f9baadf5335f0a9\"},\"headline\":\"ABIERTO EL PLAZO DE INSCRIPCI\u00d3N PARA PARTICIPAR EN\",\"datePublished\":\"2023-08-25T09:43:29+00:00\",\"dateModified\":\"2023-09-27T09:31:54+00:00\",\"mainEntityOfPage\":{\"@id\":\"https:\/\/www.torreviejagastronomica.com\/abierto-el-plazo-de-inscripcion-para-participar-en\/\"},\"wordCount\":202,\"publisher\":{\"@id\":\"https:\/\/www.torreviejagastronomica.com\/#organization\"},\"image\":{\"@id\":\"https:\/\/www.torreviejagastronomica.com\/abierto-el-plazo-de-inscripcion-para-participar-en\/#primaryimage\"},\"thumbnailUrl\":\"https:\/\/www.torreviejagastronomica.com\/wp-content\/uploads\/2023\/08\/CARTEL-PROMOCION-INSCRIPCION.jpg\",\"keywords\":[\"asociaci\u00f3n hosteler\u00eda\",\"Hosteleria\",\"torrevieja\",\"turismo\"],\"articleSection\":[\"Noticias\"],\"inLanguage\":\"es\"},{\"@type\":\"WebPage\",\"@id\":\"https:\/\/www.torreviejagastronomica.com\/abierto-el-plazo-de-inscripcion-para-participar-en\/\",\"url\":\"https:\/\/www.torreviejagastronomica.com\/abierto-el-plazo-de-inscripcion-para-participar-en\/\",\"name\":\"ABIERTO EL PLAZO DE INSCRIPCI\u00d3N PARA PARTICIPAR EN - Torrevieja Gastron\u00f3mica\",\"isPartOf\":{\"@id\":\"https:\/\/www.torreviejagastronomica.com\/#website\"},\"primaryImageOfPage\":{\"@id\":\"https:\/\/www.torreviejagastronomica.com\/abierto-el-plazo-de-inscripcion-para-participar-en\/#primaryimage\"},\"image\":{\"@id\":\"https:\/\/www.torreviejagastronomica.com\/abierto-el-plazo-de-inscripcion-para-participar-en\/#primaryimage\"},\"thumbnailUrl\":\"https:\/\/www.torreviejagastronomica.com\/wp-content\/uploads\/2023\/08\/CARTEL-PROMOCION-INSCRIPCION.jpg\",\"datePublished\":\"2023-08-25T09:43:29+00:00\",\"dateModified\":\"2023-09-27T09:31:54+00:00\",\"breadcrumb\":{\"@id\":\"https:\/\/www.torreviejagastronomica.com\/abierto-el-plazo-de-inscripcion-para-participar-en\/#breadcrumb\"},\"inLanguage\":\"es\",\"potentialAction\":[{\"@type\":\"ReadAction\",\"target\":[\"https:\/\/www.torreviejagastronomica.com\/abierto-el-plazo-de-inscripcion-para-participar-en\/\"]}]},{\"@type\":\"ImageObject\",\"inLanguage\":\"es\",\"@id\":\"https:\/\/www.torreviejagastronomica.com\/abierto-el-plazo-de-inscripcion-para-participar-en\/#primaryimage\",\"url\":\"https:\/\/www.torreviejagastronomica.com\/wp-content\/uploads\/2023\/08\/CARTEL-PROMOCION-INSCRIPCION.jpg\",\"contentUrl\":\"https:\/\/www.torreviejagastronomica.com\/wp-content\/uploads\/2023\/08\/CARTEL-PROMOCION-INSCRIPCION.jpg\",\"width\":1750,\"height\":723},{\"@type\":\"BreadcrumbList\",\"@id\":\"https:\/\/www.torreviejagastronomica.com\/abierto-el-plazo-de-inscripcion-para-participar-en\/#breadcrumb\",\"itemListElement\":[{\"@type\":\"ListItem\",\"position\":1,\"name\":\"Portada\",\"item\":\"https:\/\/www.torreviejagastronomica.com\/\"},{\"@type\":\"ListItem\",\"position\":2,\"name\":\"ABIERTO EL PLAZO DE INSCRIPCI\u00d3N PARA PARTICIPAR EN\"}]},{\"@type\":\"WebSite\",\"@id\":\"https:\/\/www.torreviejagastronomica.com\/#website\",\"url\":\"https:\/\/www.torreviejagastronomica.com\/\",\"name\":\"Torrevieja Gastron\u00f3mica\",\"description\":\"Asociaci\u00f3n Hosteler\u00eda Torrevieja y Comarca\",\"publisher\":{\"@id\":\"https:\/\/www.torreviejagastronomica.com\/#organization\"},\"potentialAction\":[{\"@type\":\"SearchAction\",\"target\":{\"@type\":\"EntryPoint\",\"urlTemplate\":\"https:\/\/www.torreviejagastronomica.com\/?s={search_term_string}\"},\"query-input\":{\"@type\":\"PropertyValueSpecification\",\"valueRequired\":true,\"valueName\":\"search_term_string\"}}],\"inLanguage\":\"es\"},{\"@type\":\"Organization\",\"@id\":\"https:\/\/www.torreviejagastronomica.com\/#organization\",\"name\":\"Torrevieja Gastron\u00f3mica\",\"url\":\"https:\/\/www.torreviejagastronomica.com\/\",\"logo\":{\"@type\":\"ImageObject\",\"inLanguage\":\"es\",\"@id\":\"https:\/\/www.torreviejagastronomica.com\/#\/schema\/logo\/image\/\",\"url\":\"https:\/\/www.torreviejagastronomica.com\/wp-content\/uploads\/2023\/09\/Logo-Torrevieja-Gastronomica.png\",\"contentUrl\":\"https:\/\/www.torreviejagastronomica.com\/wp-content\/uploads\/2023\/09\/Logo-Torrevieja-Gastronomica.png\",\"width\":350,\"height\":100,\"caption\":\"Torrevieja Gastron\u00f3mica\"},\"image\":{\"@id\":\"https:\/\/www.torreviejagastronomica.com\/#\/schema\/logo\/image\/\"}},{\"@type\":\"Person\",\"@id\":\"https:\/\/www.torreviejagastronomica.com\/#\/schema\/person\/9e0116f808f941d46f9baadf5335f0a9\",\"name\":\"Asociaci\u00f3n de Empresas de Hosteler\u00eda de Torrevieja y Comarca\",\"image\":{\"@type\":\"ImageObject\",\"inLanguage\":\"es\",\"@id\":\"https:\/\/www.torreviejagastronomica.com\/#\/schema\/person\/image\/\",\"url\":\"https:\/\/secure.gravatar.com\/avatar\/32ba6ba6e685fc061412a65c4a8a8b6caaf6d90d0985a737a4015d36e84d2d1f?s=96&d=mm&r=g\",\"contentUrl\":\"https:\/\/secure.gravatar.com\/avatar\/32ba6ba6e685fc061412a65c4a8a8b6caaf6d90d0985a737a4015d36e84d2d1f?s=96&d=mm&r=g\",\"caption\":\"Asociaci\u00f3n de Empresas de Hosteler\u00eda de Torrevieja y Comarca\"},\"url\":\"https:\/\/www.torreviejagastronomica.com\/es\/author\/hosteleria\/\"}]}<\/script>\n<!-- \/ Yoast SEO plugin. -->","yoast_head_json":{"title":"ABIERTO EL PLAZO DE INSCRIPCI\u00d3N PARA PARTICIPAR EN - Torrevieja Gastron\u00f3mica","robots":{"index":"index","follow":"follow","max-snippet":"max-snippet:-1","max-image-preview":"max-image-preview:large","max-video-preview":"max-video-preview:-1"},"canonical":"https:\/\/www.torreviejagastronomica.com\/es\/abierto-el-plazo-de-inscripcion-para-participar-en\/","og_locale":"es_ES","og_type":"article","og_title":"ABIERTO EL PLAZO DE INSCRIPCI\u00d3N PARA PARTICIPAR EN - Torrevieja Gastron\u00f3mica","og_description":"INTERNATIONAL TAPAS DAY 2023 Nos complace comunicaros de la celebraci\u00f3n de una nueva edici\u00f3n de INTERNATIONAL TAPAS DAY IN TORREVIEJA, que tendr\u00e1 lugar el s\u00e1bado 30 de septiembre en horario de ma\u00f1ana y noche (12.00 a 16.30 y de 19.30 a 23.00). Como en anteriores ediciones se distribuir\u00e1 entre los establecimientos interesados en participar, un [&hellip;]","og_url":"https:\/\/www.torreviejagastronomica.com\/es\/abierto-el-plazo-de-inscripcion-para-participar-en\/","og_site_name":"Torrevieja Gastron\u00f3mica","article_published_time":"2023-08-25T09:43:29+00:00","article_modified_time":"2023-09-27T09:31:54+00:00","og_image":[{"width":1750,"height":723,"url":"https:\/\/www.torreviejagastronomica.com\/wp-content\/uploads\/2023\/08\/CARTEL-PROMOCION-INSCRIPCION.jpg","type":"image\/jpeg"}],"author":"Asociaci\u00f3n de Empresas de Hosteler\u00eda de Torrevieja y Comarca","twitter_card":"summary_large_image","twitter_misc":{"Escrito por":"Asociaci\u00f3n de Empresas de Hosteler\u00eda de Torrevieja y Comarca","Tiempo de lectura":"1 minuto"},"schema":{"@context":"https:\/\/schema.org","@graph":[{"@type":"Article","@id":"https:\/\/www.torreviejagastronomica.com\/abierto-el-plazo-de-inscripcion-para-participar-en\/#article","isPartOf":{"@id":"https:\/\/www.torreviejagastronomica.com\/abierto-el-plazo-de-inscripcion-para-participar-en\/"},"author":{"name":"Asociaci\u00f3n de Empresas de Hosteler\u00eda de Torrevieja y Comarca","@id":"https:\/\/www.torreviejagastronomica.com\/#\/schema\/person\/9e0116f808f941d46f9baadf5335f0a9"},"headline":"ABIERTO EL PLAZO DE INSCRIPCI\u00d3N PARA PARTICIPAR EN","datePublished":"2023-08-25T09:43:29+00:00","dateModified":"2023-09-27T09:31:54+00:00","mainEntityOfPage":{"@id":"https:\/\/www.torreviejagastronomica.com\/abierto-el-plazo-de-inscripcion-para-participar-en\/"},"wordCount":202,"publisher":{"@id":"https:\/\/www.torreviejagastronomica.com\/#organization"},"image":{"@id":"https:\/\/www.torreviejagastronomica.com\/abierto-el-plazo-de-inscripcion-para-participar-en\/#primaryimage"},"thumbnailUrl":"https:\/\/www.torreviejagastronomica.com\/wp-content\/uploads\/2023\/08\/CARTEL-PROMOCION-INSCRIPCION.jpg","keywords":["asociaci\u00f3n hosteler\u00eda","Hosteleria","torrevieja","turismo"],"articleSection":["Noticias"],"inLanguage":"es"},{"@type":"WebPage","@id":"https:\/\/www.torreviejagastronomica.com\/abierto-el-plazo-de-inscripcion-para-participar-en\/","url":"https:\/\/www.torreviejagastronomica.com\/abierto-el-plazo-de-inscripcion-para-participar-en\/","name":"ABIERTO EL PLAZO DE INSCRIPCI\u00d3N PARA PARTICIPAR EN - Torrevieja Gastron\u00f3mica","isPartOf":{"@id":"https:\/\/www.torreviejagastronomica.com\/#website"},"primaryImageOfPage":{"@id":"https:\/\/www.torreviejagastronomica.com\/abierto-el-plazo-de-inscripcion-para-participar-en\/#primaryimage"},"image":{"@id":"https:\/\/www.torreviejagastronomica.com\/abierto-el-plazo-de-inscripcion-para-participar-en\/#primaryimage"},"thumbnailUrl":"https:\/\/www.torreviejagastronomica.com\/wp-content\/uploads\/2023\/08\/CARTEL-PROMOCION-INSCRIPCION.jpg","datePublished":"2023-08-25T09:43:29+00:00","dateModified":"2023-09-27T09:31:54+00:00","breadcrumb":{"@id":"https:\/\/www.torreviejagastronomica.com\/abierto-el-plazo-de-inscripcion-para-participar-en\/#breadcrumb"},"inLanguage":"es","potentialAction":[{"@type":"ReadAction","target":["https:\/\/www.torreviejagastronomica.com\/abierto-el-plazo-de-inscripcion-para-participar-en\/"]}]},{"@type":"ImageObject","inLanguage":"es","@id":"https:\/\/www.torreviejagastronomica.com\/abierto-el-plazo-de-inscripcion-para-participar-en\/#primaryimage","url":"https:\/\/www.torreviejagastronomica.com\/wp-content\/uploads\/2023\/08\/CARTEL-PROMOCION-INSCRIPCION.jpg","contentUrl":"https:\/\/www.torreviejagastronomica.com\/wp-content\/uploads\/2023\/08\/CARTEL-PROMOCION-INSCRIPCION.jpg","width":1750,"height":723},{"@type":"BreadcrumbList","@id":"https:\/\/www.torreviejagastronomica.com\/abierto-el-plazo-de-inscripcion-para-participar-en\/#breadcrumb","itemListElement":[{"@type":"ListItem","position":1,"name":"Portada","item":"https:\/\/www.torreviejagastronomica.com\/"},{"@type":"ListItem","position":2,"name":"ABIERTO EL PLAZO DE INSCRIPCI\u00d3N PARA PARTICIPAR EN"}]},{"@type":"WebSite","@id":"https:\/\/www.torreviejagastronomica.com\/#website","url":"https:\/\/www.torreviejagastronomica.com\/","name":"Torrevieja Gastron\u00f3mica","description":"Asociaci\u00f3n Hosteler\u00eda Torrevieja y Comarca","publisher":{"@id":"https:\/\/www.torreviejagastronomica.com\/#organization"},"potentialAction":[{"@type":"SearchAction","target":{"@type":"EntryPoint","urlTemplate":"https:\/\/www.torreviejagastronomica.com\/?s={search_term_string}"},"query-input":{"@type":"PropertyValueSpecification","valueRequired":true,"valueName":"search_term_string"}}],"inLanguage":"es"},{"@type":"Organization","@id":"https:\/\/www.torreviejagastronomica.com\/#organization","name":"Torrevieja Gastron\u00f3mica","url":"https:\/\/www.torreviejagastronomica.com\/","logo":{"@type":"ImageObject","inLanguage":"es","@id":"https:\/\/www.torreviejagastronomica.com\/#\/schema\/logo\/image\/","url":"https:\/\/www.torreviejagastronomica.com\/wp-content\/uploads\/2023\/09\/Logo-Torrevieja-Gastronomica.png","contentUrl":"https:\/\/www.torreviejagastronomica.com\/wp-content\/uploads\/2023\/09\/Logo-Torrevieja-Gastronomica.png","width":350,"height":100,"caption":"Torrevieja Gastron\u00f3mica"},"image":{"@id":"https:\/\/www.torreviejagastronomica.com\/#\/schema\/logo\/image\/"}},{"@type":"Person","@id":"https:\/\/www.torreviejagastronomica.com\/#\/schema\/person\/9e0116f808f941d46f9baadf5335f0a9","name":"Asociaci\u00f3n de Empresas de Hosteler\u00eda de Torrevieja y Comarca","image":{"@type":"ImageObject","inLanguage":"es","@id":"https:\/\/www.torreviejagastronomica.com\/#\/schema\/person\/image\/","url":"https:\/\/secure.gravatar.com\/avatar\/32ba6ba6e685fc061412a65c4a8a8b6caaf6d90d0985a737a4015d36e84d2d1f?s=96&d=mm&r=g","contentUrl":"https:\/\/secure.gravatar.com\/avatar\/32ba6ba6e685fc061412a65c4a8a8b6caaf6d90d0985a737a4015d36e84d2d1f?s=96&d=mm&r=g","caption":"Asociaci\u00f3n de Empresas de Hosteler\u00eda de Torrevieja y Comarca"},"url":"https:\/\/www.torreviejagastronomica.com\/es\/author\/hosteleria\/"}]}},"_links":{"self":[{"href":"https:\/\/www.torreviejagastronomica.com\/es\/wp-json\/wp\/v2\/posts\/3476","targetHints":{"allow":["GET"]}}],"collection":[{"href":"https:\/\/www.torreviejagastronomica.com\/es\/wp-json\/wp\/v2\/posts"}],"about":[{"href":"https:\/\/www.torreviejagastronomica.com\/es\/wp-json\/wp\/v2\/types\/post"}],"author":[{"embeddable":true,"href":"https:\/\/www.torreviejagastronomica.com\/es\/wp-json\/wp\/v2\/users\/4"}],"replies":[{"embeddable":true,"href":"https:\/\/www.torreviejagastronomica.com\/es\/wp-json\/wp\/v2\/comments?post=3476"}],"version-history":[{"count":1,"href":"https:\/\/www.torreviejagastronomica.com\/es\/wp-json\/wp\/v2\/posts\/3476\/revisions"}],"predecessor-version":[{"id":3513,"href":"https:\/\/www.torreviejagastronomica.com\/es\/wp-json\/wp\/v2\/posts\/3476\/revisions\/3513"}],"wp:featuredmedia":[{"embeddable":true,"href":"https:\/\/www.torreviejagastronomica.com\/es\/wp-json\/wp\/v2\/media\/3477"}],"wp:attachment":[{"href":"https:\/\/www.torreviejagastronomica.com\/es\/wp-json\/wp\/v2\/media?parent=3476"}],"wp:term":[{"taxonomy":"category","embeddable":true,"href":"https:\/\/www.torreviejagastronomica.com\/es\/wp-json\/wp\/v2\/categories?post=3476"},{"taxonomy":"post_tag","embeddable":true,"href":"https:\/\/www.torreviejagastronomica.com\/es\/wp-json\/wp\/v2\/tags?post=3476"}],"curies":[{"name":"wp","href":"https:\/\/api.w.org\/{rel}","templated":true}]}}