{"id":3463,"date":"2023-07-13T08:14:54","date_gmt":"2023-07-13T08:14:54","guid":{"rendered":"https:\/\/www.torreviejagastronomica.com\/?p=3463"},"modified":"2023-07-13T08:14:54","modified_gmt":"2023-07-13T08:14:54","slug":"curso-experto-en-direccion-de-sala-2a-edicion-oferta-exclusiva-aehtc-100e-de-descuento","status":"publish","type":"post","link":"https:\/\/www.torreviejagastronomica.com\/es\/curso-experto-en-direccion-de-sala-2a-edicion-oferta-exclusiva-aehtc-100e-de-descuento\/","title":{"rendered":"Curso Experto en Direcci\u00f3n de Sala (2\u00aa Edici\u00f3n) &#8211; OFERTA EXCLUSIVA AEHTC \u00a1100\u20ac DE DESCUENTO! |"},"content":{"rendered":"\n<p><a href=\"https:\/\/drive.google.com\/file\/d\/1b_1CjUx3RQ1Y2pxSI7GSy1M7tA_vUyT3\/view?usp=sharing\">Oferta exclusiva de Gastrouni para <strong>miembros de la Asociaci\u00f3n de Empresas de Hosteler\u00eda de Torrevieja y Comarca<\/strong><\/a><\/p>\n\n\n\n<p><a href=\"https:\/\/drive.google.com\/file\/d\/1b_1CjUx3RQ1Y2pxSI7GSy1M7tA_vUyT3\/view?usp=sharing\">El&nbsp;Curso de Experto en Direcci\u00f3n de Sala,&nbsp;es un t\u00edtulo propio universitario&nbsp;que ponemos en marcha desde Gastrouni junto con el&nbsp;Instituto Mediterr\u00e1neo de Estudios de Protocolo (IMEP), dirigido a la&nbsp;capacitaci\u00f3n de los profesionales de la sala moderna.<\/a><\/p>\n\n\n\n<p><a href=\"https:\/\/drive.google.com\/file\/d\/1b_1CjUx3RQ1Y2pxSI7GSy1M7tA_vUyT3\/view?usp=sharing\">\u2705 Disponible&nbsp;en&nbsp;dos modalidades:&nbsp;<\/a><br><a href=\"https:\/\/drive.google.com\/file\/d\/1b_1CjUx3RQ1Y2pxSI7GSy1M7tA_vUyT3\/view?usp=sharing\">\u25aa Modalidad presencial&nbsp;en el&nbsp;centro de Alicante.<\/a><br><a href=\"https:\/\/drive.google.com\/file\/d\/1b_1CjUx3RQ1Y2pxSI7GSy1M7tA_vUyT3\/view?usp=sharing\">\u25aa Modalidad 100% online, con asistencia a clases interactivas en directo por streaming.<\/a><\/p>\n\n\n\n<p><a href=\"https:\/\/drive.google.com\/file\/d\/1b_1CjUx3RQ1Y2pxSI7GSy1M7tA_vUyT3\/view?usp=sharing\">\u2705 Clases intensivas los martes&nbsp;de 10:00 a 14:00 y de 16:00 a 19:00 en la sede de IMEP Alicante.<\/a><\/p>\n\n\n\n<p><a href=\"https:\/\/drive.google.com\/file\/d\/1b_1CjUx3RQ1Y2pxSI7GSy1M7tA_vUyT3\/view?usp=sharing\">\u2705 Duraci\u00f3n de&nbsp;4 meses, de octubre a enero.<\/a><\/p>\n\n\n\n<p><a href=\"https:\/\/drive.google.com\/file\/d\/1b_1CjUx3RQ1Y2pxSI7GSy1M7tA_vUyT3\/view?usp=sharing\">\u2705 Bonificable&nbsp;con fondos de la Fundaci\u00f3n Estatal para la Formaci\u00f3n en el Empleo (Fundae)<\/a><\/p>\n\n\n\n<p><br><a href=\"https:\/\/drive.google.com\/file\/d\/1b_1CjUx3RQ1Y2pxSI7GSy1M7tA_vUyT3\/view?usp=sharing\">\u203c SOLO 20 PLAZAS DISPONIBLE EN MODALIDAD PRESENCIAL \u203c<\/a><br><a href=\"https:\/\/drive.google.com\/file\/d\/1b_1CjUx3RQ1Y2pxSI7GSy1M7tA_vUyT3\/view?usp=sharing\">COMIENZO EL 17 DE OCTUBRE DE 2023<\/a><\/p>\n\n\n\n<p><a href=\"https:\/\/drive.google.com\/file\/d\/1b_1CjUx3RQ1Y2pxSI7GSy1M7tA_vUyT3\/view?usp=sharing\">\u2139 Puedes encontrar informaci\u00f3n m\u00e1s en profundidad sobre el curso en la&nbsp;p\u00e1gina web de IMEP<\/a><br><a href=\"https:\/\/drive.google.com\/file\/d\/1b_1CjUx3RQ1Y2pxSI7GSy1M7tA_vUyT3\/view?usp=sharing\">\ud83d\udc47\ud83c\udffc\ud83d\udc47\ud83c\udffc\ud83d\udc47\ud83c\udffc\ud83d\udc47\ud83c\udffc<\/a><br><a href=\"https:\/\/drive.google.com\/file\/d\/1b_1CjUx3RQ1Y2pxSI7GSy1M7tA_vUyT3\/view?usp=sharing\">https:\/\/mailchi.mp\/protocoloimep.com\/eds<\/a><\/p>\n\n\n\n<p><br><a href=\"https:\/\/drive.google.com\/file\/d\/1b_1CjUx3RQ1Y2pxSI7GSy1M7tA_vUyT3\/view?usp=sharing\">\ud83e\udd14Y si a\u00fan te queda alguna duda, puedes en enviar un email o llamar a Gastrouni:<\/a><\/p>\n\n\n\n<p><a href=\"https:\/\/drive.google.com\/file\/d\/1b_1CjUx3RQ1Y2pxSI7GSy1M7tA_vUyT3\/view?usp=sharing\">\ud83d\udce9info@gastrouni.com<\/a><br><a href=\"https:\/\/drive.google.com\/file\/d\/1b_1CjUx3RQ1Y2pxSI7GSy1M7tA_vUyT3\/view?usp=sharing\">\ud83d\udcde601&nbsp;275&nbsp;69<\/a><\/p>\n\n\n\n<p><a href=\"https:\/\/drive.google.com\/file\/d\/1b_1CjUx3RQ1Y2pxSI7GSy1M7tA_vUyT3\/view?usp=sharing\">Enlace directo descarga dosier e inscripci\u00f3n: https:\/\/mailchi.mp\/9f800eca375a\/14rog7uzpe<\/a><\/p>\n\n\n\n<p><a href=\"https:\/\/drive.google.com\/file\/d\/1b_1CjUx3RQ1Y2pxSI7GSy1M7tA_vUyT3\/view?usp=sharing\">Video promocional:&nbsp;https:\/\/drive.google.com\/file\/d\/1b_1CjUx3RQ1Y2pxSI7GSy1M7tA_vUyT3\/view?usp=sharing<\/a><\/p>\n","protected":false},"excerpt":{"rendered":"<p>Oferta exclusiva de Gastrouni para miembros de la Asociaci\u00f3n de Empresas de Hosteler\u00eda de Torrevieja y Comarca El&nbsp;Curso de Experto en Direcci\u00f3n de Sala,&nbsp;es un t\u00edtulo propio universitario&nbsp;que ponemos en marcha desde Gastrouni junto con el&nbsp;Instituto Mediterr\u00e1neo de Estudios de Protocolo (IMEP), dirigido a la&nbsp;capacitaci\u00f3n de los profesionales de la sala moderna. \u2705 Disponible&nbsp;en&nbsp;dos modalidades:&nbsp;\u25aa [&hellip;]<\/p>\n","protected":false},"author":4,"featured_media":3464,"comment_status":"closed","ping_status":"open","sticky":true,"template":"","format":"standard","meta":{"footnotes":""},"categories":[7],"tags":[],"class_list":["post-3463","post","type-post","status-publish","format-standard","has-post-thumbnail","hentry","category-noticias"],"yoast_head":"<!-- This site is optimized with the Yoast SEO plugin v25.7 - https:\/\/yoast.com\/wordpress\/plugins\/seo\/ -->\n<title>Curso Experto en Direcci\u00f3n de Sala (2\u00aa Edici\u00f3n) - OFERTA EXCLUSIVA AEHTC \u00a1100\u20ac DE DESCUENTO! | - Torrevieja Gastron\u00f3mica<\/title>\n<meta name=\"robots\" content=\"index, follow, max-snippet:-1, max-image-preview:large, max-video-preview:-1\" \/>\n<link rel=\"canonical\" href=\"https:\/\/www.torreviejagastronomica.com\/es\/curso-experto-en-direccion-de-sala-2a-edicion-oferta-exclusiva-aehtc-100e-de-descuento\/\" \/>\n<meta property=\"og:locale\" content=\"es_ES\" \/>\n<meta property=\"og:type\" content=\"article\" \/>\n<meta property=\"og:title\" content=\"Curso Experto en Direcci\u00f3n de Sala (2\u00aa Edici\u00f3n) - OFERTA EXCLUSIVA AEHTC \u00a1100\u20ac DE DESCUENTO! | - Torrevieja Gastron\u00f3mica\" \/>\n<meta property=\"og:description\" content=\"Oferta exclusiva de Gastrouni para miembros de la Asociaci\u00f3n de Empresas de Hosteler\u00eda de Torrevieja y Comarca El&nbsp;Curso de Experto en Direcci\u00f3n de Sala,&nbsp;es un t\u00edtulo propio universitario&nbsp;que ponemos en marcha desde Gastrouni junto con el&nbsp;Instituto Mediterr\u00e1neo de Estudios de Protocolo (IMEP), dirigido a la&nbsp;capacitaci\u00f3n de los profesionales de la sala moderna. \u2705 Disponible&nbsp;en&nbsp;dos modalidades:&nbsp;\u25aa [&hellip;]\" \/>\n<meta property=\"og:url\" content=\"https:\/\/www.torreviejagastronomica.com\/es\/curso-experto-en-direccion-de-sala-2a-edicion-oferta-exclusiva-aehtc-100e-de-descuento\/\" \/>\n<meta property=\"og:site_name\" content=\"Torrevieja Gastron\u00f3mica\" \/>\n<meta property=\"article:published_time\" content=\"2023-07-13T08:14:54+00:00\" \/>\n<meta property=\"og:image\" content=\"https:\/\/www.torreviejagastronomica.com\/wp-content\/uploads\/2023\/07\/Cartel-informacion-curso-GASTROUNI.mp4.jpg\" \/>\n\t<meta property=\"og:image:width\" content=\"1280\" \/>\n\t<meta property=\"og:image:height\" content=\"720\" \/>\n\t<meta property=\"og:image:type\" content=\"image\/jpeg\" \/>\n<meta name=\"author\" content=\"Asociaci\u00f3n de Empresas de Hosteler\u00eda de Torrevieja y Comarca\" \/>\n<meta name=\"twitter:card\" content=\"summary_large_image\" \/>\n<meta name=\"twitter:label1\" content=\"Escrito por\" \/>\n\t<meta name=\"twitter:data1\" content=\"Asociaci\u00f3n de Empresas de Hosteler\u00eda de Torrevieja y Comarca\" \/>\n\t<meta name=\"twitter:label2\" content=\"Tiempo de lectura\" \/>\n\t<meta name=\"twitter:data2\" content=\"1 minuto\" \/>\n<script type=\"application\/ld+json\" class=\"yoast-schema-graph\">{\"@context\":\"https:\/\/schema.org\",\"@graph\":[{\"@type\":\"Article\",\"@id\":\"https:\/\/www.torreviejagastronomica.com\/curso-experto-en-direccion-de-sala-2a-edicion-oferta-exclusiva-aehtc-100e-de-descuento\/#article\",\"isPartOf\":{\"@id\":\"https:\/\/www.torreviejagastronomica.com\/curso-experto-en-direccion-de-sala-2a-edicion-oferta-exclusiva-aehtc-100e-de-descuento\/\"},\"author\":{\"name\":\"Asociaci\u00f3n de Empresas de Hosteler\u00eda de Torrevieja y Comarca\",\"@id\":\"https:\/\/www.torreviejagastronomica.com\/#\/schema\/person\/9e0116f808f941d46f9baadf5335f0a9\"},\"headline\":\"Curso Experto en Direcci\u00f3n de Sala (2\u00aa Edici\u00f3n) &#8211; OFERTA EXCLUSIVA AEHTC \u00a1100\u20ac DE DESCUENTO! |\",\"datePublished\":\"2023-07-13T08:14:54+00:00\",\"mainEntityOfPage\":{\"@id\":\"https:\/\/www.torreviejagastronomica.com\/curso-experto-en-direccion-de-sala-2a-edicion-oferta-exclusiva-aehtc-100e-de-descuento\/\"},\"wordCount\":246,\"publisher\":{\"@id\":\"https:\/\/www.torreviejagastronomica.com\/#organization\"},\"image\":{\"@id\":\"https:\/\/www.torreviejagastronomica.com\/curso-experto-en-direccion-de-sala-2a-edicion-oferta-exclusiva-aehtc-100e-de-descuento\/#primaryimage\"},\"thumbnailUrl\":\"https:\/\/www.torreviejagastronomica.com\/wp-content\/uploads\/2023\/07\/Cartel-informacion-curso-GASTROUNI.mp4.jpg\",\"articleSection\":[\"Noticias\"],\"inLanguage\":\"es\"},{\"@type\":\"WebPage\",\"@id\":\"https:\/\/www.torreviejagastronomica.com\/curso-experto-en-direccion-de-sala-2a-edicion-oferta-exclusiva-aehtc-100e-de-descuento\/\",\"url\":\"https:\/\/www.torreviejagastronomica.com\/curso-experto-en-direccion-de-sala-2a-edicion-oferta-exclusiva-aehtc-100e-de-descuento\/\",\"name\":\"Curso Experto en Direcci\u00f3n de Sala (2\u00aa Edici\u00f3n) - OFERTA EXCLUSIVA AEHTC \u00a1100\u20ac DE DESCUENTO! | - Torrevieja Gastron\u00f3mica\",\"isPartOf\":{\"@id\":\"https:\/\/www.torreviejagastronomica.com\/#website\"},\"primaryImageOfPage\":{\"@id\":\"https:\/\/www.torreviejagastronomica.com\/curso-experto-en-direccion-de-sala-2a-edicion-oferta-exclusiva-aehtc-100e-de-descuento\/#primaryimage\"},\"image\":{\"@id\":\"https:\/\/www.torreviejagastronomica.com\/curso-experto-en-direccion-de-sala-2a-edicion-oferta-exclusiva-aehtc-100e-de-descuento\/#primaryimage\"},\"thumbnailUrl\":\"https:\/\/www.torreviejagastronomica.com\/wp-content\/uploads\/2023\/07\/Cartel-informacion-curso-GASTROUNI.mp4.jpg\",\"datePublished\":\"2023-07-13T08:14:54+00:00\",\"breadcrumb\":{\"@id\":\"https:\/\/www.torreviejagastronomica.com\/curso-experto-en-direccion-de-sala-2a-edicion-oferta-exclusiva-aehtc-100e-de-descuento\/#breadcrumb\"},\"inLanguage\":\"es\",\"potentialAction\":[{\"@type\":\"ReadAction\",\"target\":[\"https:\/\/www.torreviejagastronomica.com\/curso-experto-en-direccion-de-sala-2a-edicion-oferta-exclusiva-aehtc-100e-de-descuento\/\"]}]},{\"@type\":\"ImageObject\",\"inLanguage\":\"es\",\"@id\":\"https:\/\/www.torreviejagastronomica.com\/curso-experto-en-direccion-de-sala-2a-edicion-oferta-exclusiva-aehtc-100e-de-descuento\/#primaryimage\",\"url\":\"https:\/\/www.torreviejagastronomica.com\/wp-content\/uploads\/2023\/07\/Cartel-informacion-curso-GASTROUNI.mp4.jpg\",\"contentUrl\":\"https:\/\/www.torreviejagastronomica.com\/wp-content\/uploads\/2023\/07\/Cartel-informacion-curso-GASTROUNI.mp4.jpg\",\"width\":1280,\"height\":720},{\"@type\":\"BreadcrumbList\",\"@id\":\"https:\/\/www.torreviejagastronomica.com\/curso-experto-en-direccion-de-sala-2a-edicion-oferta-exclusiva-aehtc-100e-de-descuento\/#breadcrumb\",\"itemListElement\":[{\"@type\":\"ListItem\",\"position\":1,\"name\":\"Portada\",\"item\":\"https:\/\/www.torreviejagastronomica.com\/\"},{\"@type\":\"ListItem\",\"position\":2,\"name\":\"Curso Experto en Direcci\u00f3n de Sala (2\u00aa Edici\u00f3n) &#8211; OFERTA EXCLUSIVA AEHTC \u00a1100\u20ac DE DESCUENTO! |\"}]},{\"@type\":\"WebSite\",\"@id\":\"https:\/\/www.torreviejagastronomica.com\/#website\",\"url\":\"https:\/\/www.torreviejagastronomica.com\/\",\"name\":\"Torrevieja Gastron\u00f3mica\",\"description\":\"Asociaci\u00f3n Hosteler\u00eda Torrevieja y Comarca\",\"publisher\":{\"@id\":\"https:\/\/www.torreviejagastronomica.com\/#organization\"},\"potentialAction\":[{\"@type\":\"SearchAction\",\"target\":{\"@type\":\"EntryPoint\",\"urlTemplate\":\"https:\/\/www.torreviejagastronomica.com\/?s={search_term_string}\"},\"query-input\":{\"@type\":\"PropertyValueSpecification\",\"valueRequired\":true,\"valueName\":\"search_term_string\"}}],\"inLanguage\":\"es\"},{\"@type\":\"Organization\",\"@id\":\"https:\/\/www.torreviejagastronomica.com\/#organization\",\"name\":\"Torrevieja Gastron\u00f3mica\",\"url\":\"https:\/\/www.torreviejagastronomica.com\/\",\"logo\":{\"@type\":\"ImageObject\",\"inLanguage\":\"es\",\"@id\":\"https:\/\/www.torreviejagastronomica.com\/#\/schema\/logo\/image\/\",\"url\":\"https:\/\/www.torreviejagastronomica.com\/wp-content\/uploads\/2023\/09\/Logo-Torrevieja-Gastronomica.png\",\"contentUrl\":\"https:\/\/www.torreviejagastronomica.com\/wp-content\/uploads\/2023\/09\/Logo-Torrevieja-Gastronomica.png\",\"width\":350,\"height\":100,\"caption\":\"Torrevieja Gastron\u00f3mica\"},\"image\":{\"@id\":\"https:\/\/www.torreviejagastronomica.com\/#\/schema\/logo\/image\/\"}},{\"@type\":\"Person\",\"@id\":\"https:\/\/www.torreviejagastronomica.com\/#\/schema\/person\/9e0116f808f941d46f9baadf5335f0a9\",\"name\":\"Asociaci\u00f3n de Empresas de Hosteler\u00eda de Torrevieja y Comarca\",\"image\":{\"@type\":\"ImageObject\",\"inLanguage\":\"es\",\"@id\":\"https:\/\/www.torreviejagastronomica.com\/#\/schema\/person\/image\/\",\"url\":\"https:\/\/secure.gravatar.com\/avatar\/32ba6ba6e685fc061412a65c4a8a8b6caaf6d90d0985a737a4015d36e84d2d1f?s=96&d=mm&r=g\",\"contentUrl\":\"https:\/\/secure.gravatar.com\/avatar\/32ba6ba6e685fc061412a65c4a8a8b6caaf6d90d0985a737a4015d36e84d2d1f?s=96&d=mm&r=g\",\"caption\":\"Asociaci\u00f3n de Empresas de Hosteler\u00eda de Torrevieja y Comarca\"},\"url\":\"https:\/\/www.torreviejagastronomica.com\/es\/author\/hosteleria\/\"}]}<\/script>\n<!-- \/ Yoast SEO plugin. -->","yoast_head_json":{"title":"Curso Experto en Direcci\u00f3n de Sala (2\u00aa Edici\u00f3n) - OFERTA EXCLUSIVA AEHTC \u00a1100\u20ac DE DESCUENTO! | - Torrevieja Gastron\u00f3mica","robots":{"index":"index","follow":"follow","max-snippet":"max-snippet:-1","max-image-preview":"max-image-preview:large","max-video-preview":"max-video-preview:-1"},"canonical":"https:\/\/www.torreviejagastronomica.com\/es\/curso-experto-en-direccion-de-sala-2a-edicion-oferta-exclusiva-aehtc-100e-de-descuento\/","og_locale":"es_ES","og_type":"article","og_title":"Curso Experto en Direcci\u00f3n de Sala (2\u00aa Edici\u00f3n) - OFERTA EXCLUSIVA AEHTC \u00a1100\u20ac DE DESCUENTO! | - Torrevieja Gastron\u00f3mica","og_description":"Oferta exclusiva de Gastrouni para miembros de la Asociaci\u00f3n de Empresas de Hosteler\u00eda de Torrevieja y Comarca El&nbsp;Curso de Experto en Direcci\u00f3n de Sala,&nbsp;es un t\u00edtulo propio universitario&nbsp;que ponemos en marcha desde Gastrouni junto con el&nbsp;Instituto Mediterr\u00e1neo de Estudios de Protocolo (IMEP), dirigido a la&nbsp;capacitaci\u00f3n de los profesionales de la sala moderna. \u2705 Disponible&nbsp;en&nbsp;dos modalidades:&nbsp;\u25aa [&hellip;]","og_url":"https:\/\/www.torreviejagastronomica.com\/es\/curso-experto-en-direccion-de-sala-2a-edicion-oferta-exclusiva-aehtc-100e-de-descuento\/","og_site_name":"Torrevieja Gastron\u00f3mica","article_published_time":"2023-07-13T08:14:54+00:00","og_image":[{"width":1280,"height":720,"url":"https:\/\/www.torreviejagastronomica.com\/wp-content\/uploads\/2023\/07\/Cartel-informacion-curso-GASTROUNI.mp4.jpg","type":"image\/jpeg"}],"author":"Asociaci\u00f3n de Empresas de Hosteler\u00eda de Torrevieja y Comarca","twitter_card":"summary_large_image","twitter_misc":{"Escrito por":"Asociaci\u00f3n de Empresas de Hosteler\u00eda de Torrevieja y Comarca","Tiempo de lectura":"1 minuto"},"schema":{"@context":"https:\/\/schema.org","@graph":[{"@type":"Article","@id":"https:\/\/www.torreviejagastronomica.com\/curso-experto-en-direccion-de-sala-2a-edicion-oferta-exclusiva-aehtc-100e-de-descuento\/#article","isPartOf":{"@id":"https:\/\/www.torreviejagastronomica.com\/curso-experto-en-direccion-de-sala-2a-edicion-oferta-exclusiva-aehtc-100e-de-descuento\/"},"author":{"name":"Asociaci\u00f3n de Empresas de Hosteler\u00eda de Torrevieja y Comarca","@id":"https:\/\/www.torreviejagastronomica.com\/#\/schema\/person\/9e0116f808f941d46f9baadf5335f0a9"},"headline":"Curso Experto en Direcci\u00f3n de Sala (2\u00aa Edici\u00f3n) &#8211; OFERTA EXCLUSIVA AEHTC \u00a1100\u20ac DE DESCUENTO! |","datePublished":"2023-07-13T08:14:54+00:00","mainEntityOfPage":{"@id":"https:\/\/www.torreviejagastronomica.com\/curso-experto-en-direccion-de-sala-2a-edicion-oferta-exclusiva-aehtc-100e-de-descuento\/"},"wordCount":246,"publisher":{"@id":"https:\/\/www.torreviejagastronomica.com\/#organization"},"image":{"@id":"https:\/\/www.torreviejagastronomica.com\/curso-experto-en-direccion-de-sala-2a-edicion-oferta-exclusiva-aehtc-100e-de-descuento\/#primaryimage"},"thumbnailUrl":"https:\/\/www.torreviejagastronomica.com\/wp-content\/uploads\/2023\/07\/Cartel-informacion-curso-GASTROUNI.mp4.jpg","articleSection":["Noticias"],"inLanguage":"es"},{"@type":"WebPage","@id":"https:\/\/www.torreviejagastronomica.com\/curso-experto-en-direccion-de-sala-2a-edicion-oferta-exclusiva-aehtc-100e-de-descuento\/","url":"https:\/\/www.torreviejagastronomica.com\/curso-experto-en-direccion-de-sala-2a-edicion-oferta-exclusiva-aehtc-100e-de-descuento\/","name":"Curso Experto en Direcci\u00f3n de Sala (2\u00aa Edici\u00f3n) - OFERTA EXCLUSIVA AEHTC \u00a1100\u20ac DE DESCUENTO! | - Torrevieja Gastron\u00f3mica","isPartOf":{"@id":"https:\/\/www.torreviejagastronomica.com\/#website"},"primaryImageOfPage":{"@id":"https:\/\/www.torreviejagastronomica.com\/curso-experto-en-direccion-de-sala-2a-edicion-oferta-exclusiva-aehtc-100e-de-descuento\/#primaryimage"},"image":{"@id":"https:\/\/www.torreviejagastronomica.com\/curso-experto-en-direccion-de-sala-2a-edicion-oferta-exclusiva-aehtc-100e-de-descuento\/#primaryimage"},"thumbnailUrl":"https:\/\/www.torreviejagastronomica.com\/wp-content\/uploads\/2023\/07\/Cartel-informacion-curso-GASTROUNI.mp4.jpg","datePublished":"2023-07-13T08:14:54+00:00","breadcrumb":{"@id":"https:\/\/www.torreviejagastronomica.com\/curso-experto-en-direccion-de-sala-2a-edicion-oferta-exclusiva-aehtc-100e-de-descuento\/#breadcrumb"},"inLanguage":"es","potentialAction":[{"@type":"ReadAction","target":["https:\/\/www.torreviejagastronomica.com\/curso-experto-en-direccion-de-sala-2a-edicion-oferta-exclusiva-aehtc-100e-de-descuento\/"]}]},{"@type":"ImageObject","inLanguage":"es","@id":"https:\/\/www.torreviejagastronomica.com\/curso-experto-en-direccion-de-sala-2a-edicion-oferta-exclusiva-aehtc-100e-de-descuento\/#primaryimage","url":"https:\/\/www.torreviejagastronomica.com\/wp-content\/uploads\/2023\/07\/Cartel-informacion-curso-GASTROUNI.mp4.jpg","contentUrl":"https:\/\/www.torreviejagastronomica.com\/wp-content\/uploads\/2023\/07\/Cartel-informacion-curso-GASTROUNI.mp4.jpg","width":1280,"height":720},{"@type":"BreadcrumbList","@id":"https:\/\/www.torreviejagastronomica.com\/curso-experto-en-direccion-de-sala-2a-edicion-oferta-exclusiva-aehtc-100e-de-descuento\/#breadcrumb","itemListElement":[{"@type":"ListItem","position":1,"name":"Portada","item":"https:\/\/www.torreviejagastronomica.com\/"},{"@type":"ListItem","position":2,"name":"Curso Experto en Direcci\u00f3n de Sala (2\u00aa Edici\u00f3n) &#8211; OFERTA EXCLUSIVA AEHTC \u00a1100\u20ac DE DESCUENTO! |"}]},{"@type":"WebSite","@id":"https:\/\/www.torreviejagastronomica.com\/#website","url":"https:\/\/www.torreviejagastronomica.com\/","name":"Torrevieja Gastron\u00f3mica","description":"Asociaci\u00f3n Hosteler\u00eda Torrevieja y Comarca","publisher":{"@id":"https:\/\/www.torreviejagastronomica.com\/#organization"},"potentialAction":[{"@type":"SearchAction","target":{"@type":"EntryPoint","urlTemplate":"https:\/\/www.torreviejagastronomica.com\/?s={search_term_string}"},"query-input":{"@type":"PropertyValueSpecification","valueRequired":true,"valueName":"search_term_string"}}],"inLanguage":"es"},{"@type":"Organization","@id":"https:\/\/www.torreviejagastronomica.com\/#organization","name":"Torrevieja Gastron\u00f3mica","url":"https:\/\/www.torreviejagastronomica.com\/","logo":{"@type":"ImageObject","inLanguage":"es","@id":"https:\/\/www.torreviejagastronomica.com\/#\/schema\/logo\/image\/","url":"https:\/\/www.torreviejagastronomica.com\/wp-content\/uploads\/2023\/09\/Logo-Torrevieja-Gastronomica.png","contentUrl":"https:\/\/www.torreviejagastronomica.com\/wp-content\/uploads\/2023\/09\/Logo-Torrevieja-Gastronomica.png","width":350,"height":100,"caption":"Torrevieja Gastron\u00f3mica"},"image":{"@id":"https:\/\/www.torreviejagastronomica.com\/#\/schema\/logo\/image\/"}},{"@type":"Person","@id":"https:\/\/www.torreviejagastronomica.com\/#\/schema\/person\/9e0116f808f941d46f9baadf5335f0a9","name":"Asociaci\u00f3n de Empresas de Hosteler\u00eda de Torrevieja y Comarca","image":{"@type":"ImageObject","inLanguage":"es","@id":"https:\/\/www.torreviejagastronomica.com\/#\/schema\/person\/image\/","url":"https:\/\/secure.gravatar.com\/avatar\/32ba6ba6e685fc061412a65c4a8a8b6caaf6d90d0985a737a4015d36e84d2d1f?s=96&d=mm&r=g","contentUrl":"https:\/\/secure.gravatar.com\/avatar\/32ba6ba6e685fc061412a65c4a8a8b6caaf6d90d0985a737a4015d36e84d2d1f?s=96&d=mm&r=g","caption":"Asociaci\u00f3n de Empresas de Hosteler\u00eda de Torrevieja y Comarca"},"url":"https:\/\/www.torreviejagastronomica.com\/es\/author\/hosteleria\/"}]}},"_links":{"self":[{"href":"https:\/\/www.torreviejagastronomica.com\/es\/wp-json\/wp\/v2\/posts\/3463","targetHints":{"allow":["GET"]}}],"collection":[{"href":"https:\/\/www.torreviejagastronomica.com\/es\/wp-json\/wp\/v2\/posts"}],"about":[{"href":"https:\/\/www.torreviejagastronomica.com\/es\/wp-json\/wp\/v2\/types\/post"}],"author":[{"embeddable":true,"href":"https:\/\/www.torreviejagastronomica.com\/es\/wp-json\/wp\/v2\/users\/4"}],"replies":[{"embeddable":true,"href":"https:\/\/www.torreviejagastronomica.com\/es\/wp-json\/wp\/v2\/comments?post=3463"}],"version-history":[{"count":0,"href":"https:\/\/www.torreviejagastronomica.com\/es\/wp-json\/wp\/v2\/posts\/3463\/revisions"}],"wp:featuredmedia":[{"embeddable":true,"href":"https:\/\/www.torreviejagastronomica.com\/es\/wp-json\/wp\/v2\/media\/3464"}],"wp:attachment":[{"href":"https:\/\/www.torreviejagastronomica.com\/es\/wp-json\/wp\/v2\/media?parent=3463"}],"wp:term":[{"taxonomy":"category","embeddable":true,"href":"https:\/\/www.torreviejagastronomica.com\/es\/wp-json\/wp\/v2\/categories?post=3463"},{"taxonomy":"post_tag","embeddable":true,"href":"https:\/\/www.torreviejagastronomica.com\/es\/wp-json\/wp\/v2\/tags?post=3463"}],"curies":[{"name":"wp","href":"https:\/\/api.w.org\/{rel}","templated":true}]}}