{"id":336,"date":"2013-01-18T19:04:47","date_gmt":"2013-01-18T19:04:47","guid":{"rendered":"http:\/\/www.torreviejagastronomica.com\/?p=275"},"modified":"2013-01-18T19:04:47","modified_gmt":"2013-01-18T19:04:47","slug":"entregados-los-diplomas-de-participacion-winecanting-2012","status":"publish","type":"post","link":"https:\/\/www.torreviejagastronomica.com\/es\/entregados-los-diplomas-de-participacion-winecanting-2012\/","title":{"rendered":"Entregados los diplomas de participacion Winecanting 2012"},"content":{"rendered":"<p><em>Fuente: \u00ab<a title=\"Torrevieja.com\" href=\"http:\/\/www.torrevieja.com\/es\/torrevieja\/entregados-los-diplomas-de-participacion-winecanting-2012.html\" target=\"_blank\" rel=\"noopener\">Torrevieja.com<\/a>\u00ab<\/em><\/p>\n<p style=\"text-align: justify;\"><em><strong>Los tres restaurantes de Torrevieja galardonados han sido los m\u00e1s activos de la comarca de la Vega Baja en la promoci\u00f3n del consumo de los vinos Denominaci\u00f3n de Origen de la provincia de Alicante.<\/strong><\/em><\/p>\n<p style=\"text-align: justify;\">La concejal de Comercio y Hosteler\u00eda del Ayuntamiento de Torrevieja, Agustina Esteve, junto con el presidente de la Asociaci\u00f3n de Empresarios de Hosteler\u00eda de Torrevieja y Comarca, Jos\u00e9 Antonio Lozano, han entregado en la ma\u00f1ana de hoy los diplomas en nombre de la Denominaci\u00f3n de Origen Vinos de Alicante a tres restaurantes de Torrevieja, que han participado durante todo el pasado a\u00f1o 2012 en sus locales en la promoci\u00f3n del consumo y el estilo de vida de\u00a0 los vinos de Denominaci\u00f3n de Origen de la provincia de Alicante \u201cPromoci\u00f3n Winecanting 2012\u201d.<br \/>\nAgustina Esteve ha destacado que de toda la comarca de la Vega Baja los restaurantes de la ciudad de Torrevieja fueron los m\u00e1s activos y participativos en esta actividad de promoci\u00f3n. Los restaurantes torrevejenses galardonados con este diploma acreditativo han sido: Marisquer\u00eda Torrevieja, Rinc\u00f3n de Capi\u00b4s y El Mes\u00f3n de la Costa.<br \/>\nLa edil de Comercio y Hosteler\u00eda ha felicitado p\u00fablicamente a la Denominaci\u00f3n de Origen de los vinos de Alicante por realizar una campa\u00f1a activa de difusi\u00f3n de la calidad y la variedad de los vinos de la provincia, entre los que se incluyen vinos elaborados con la uva de los vi\u00f1edos tradicionales del Parque Natural de las Lagunas de Torrevieja y La Mata.<br \/>\nAgustina Esteve ha se\u00f1alado que desde su Concejal\u00eda se va a continuar apostando por realizar eventos conjuntos que favorezcan el conocimiento del p\u00fablico en general y del consumidor en particular, de unos vinos que siendo muy cercanos y familiares alcanzan una gran calidad. Asimismo, ha animado a que cualquier establecimiento de la ciudad de Torrevieja que desee incorporar vinos de Denominaci\u00f3n de Origen de Alicante, se ponga en contacto con las oficinas de esta entidad y le har\u00e1n llegar todos los contactos que precisen.<\/p>\n","protected":false},"excerpt":{"rendered":"<p>Fuente: \u00abTorrevieja.com\u00ab Los tres restaurantes de Torrevieja galardonados han sido los m\u00e1s activos de la comarca de la Vega Baja en la promoci\u00f3n del consumo de los vinos Denominaci\u00f3n de Origen de la provincia de Alicante. La concejal de Comercio y Hosteler\u00eda del Ayuntamiento de Torrevieja, Agustina Esteve, junto con el presidente de la Asociaci\u00f3n [&hellip;]<\/p>\n","protected":false},"author":3,"featured_media":337,"comment_status":"closed","ping_status":"open","sticky":false,"template":"","format":"standard","meta":{"footnotes":""},"categories":[8],"tags":[28,29,30,31,32,26,33,22],"class_list":["post-336","post","type-post","status-publish","format-standard","has-post-thumbnail","hentry","category-eventos","tag-alicante","tag-eventos-2","tag-marisqueria-torrevieja","tag-meson-de-la-costa","tag-rincon-de-capis","tag-torrevieja","tag-vega-baja","tag-vinos"],"yoast_head":"<!-- This site is optimized with the Yoast SEO plugin v25.7 - https:\/\/yoast.com\/wordpress\/plugins\/seo\/ -->\n<title>Entregados los diplomas de participacion Winecanting 2012 - Torrevieja Gastron\u00f3mica<\/title>\n<meta name=\"robots\" content=\"index, follow, max-snippet:-1, max-image-preview:large, max-video-preview:-1\" \/>\n<link rel=\"canonical\" href=\"https:\/\/www.torreviejagastronomica.com\/es\/entregados-los-diplomas-de-participacion-winecanting-2012\/\" \/>\n<meta property=\"og:locale\" content=\"es_ES\" \/>\n<meta property=\"og:type\" content=\"article\" \/>\n<meta property=\"og:title\" content=\"Entregados los diplomas de participacion Winecanting 2012 - Torrevieja Gastron\u00f3mica\" \/>\n<meta property=\"og:description\" content=\"Fuente: \u00abTorrevieja.com\u00ab Los tres restaurantes de Torrevieja galardonados han sido los m\u00e1s activos de la comarca de la Vega Baja en la promoci\u00f3n del consumo de los vinos Denominaci\u00f3n de Origen de la provincia de Alicante. La concejal de Comercio y Hosteler\u00eda del Ayuntamiento de Torrevieja, Agustina Esteve, junto con el presidente de la Asociaci\u00f3n [&hellip;]\" \/>\n<meta property=\"og:url\" content=\"https:\/\/www.torreviejagastronomica.com\/es\/entregados-los-diplomas-de-participacion-winecanting-2012\/\" \/>\n<meta property=\"og:site_name\" content=\"Torrevieja Gastron\u00f3mica\" \/>\n<meta property=\"article:published_time\" content=\"2013-01-18T19:04:47+00:00\" \/>\n<meta property=\"og:image\" content=\"https:\/\/www.torreviejagastronomica.com\/wp-content\/uploads\/2013\/01\/winecantingtorrevieja2012.jpg\" \/>\n\t<meta property=\"og:image:width\" content=\"500\" \/>\n\t<meta property=\"og:image:height\" content=\"333\" \/>\n\t<meta property=\"og:image:type\" content=\"image\/jpeg\" \/>\n<meta name=\"author\" content=\"admin\" \/>\n<meta name=\"twitter:card\" content=\"summary_large_image\" \/>\n<meta name=\"twitter:label1\" content=\"Escrito por\" \/>\n\t<meta name=\"twitter:data1\" content=\"admin\" \/>\n\t<meta name=\"twitter:label2\" content=\"Tiempo de lectura\" \/>\n\t<meta name=\"twitter:data2\" content=\"2 minutos\" \/>\n<script type=\"application\/ld+json\" class=\"yoast-schema-graph\">{\"@context\":\"https:\/\/schema.org\",\"@graph\":[{\"@type\":\"Article\",\"@id\":\"https:\/\/www.torreviejagastronomica.com\/entregados-los-diplomas-de-participacion-winecanting-2012\/#article\",\"isPartOf\":{\"@id\":\"https:\/\/www.torreviejagastronomica.com\/entregados-los-diplomas-de-participacion-winecanting-2012\/\"},\"author\":{\"name\":\"admin\",\"@id\":\"https:\/\/www.torreviejagastronomica.com\/#\/schema\/person\/43c1ae0a05eb24e94513f69078cd11a7\"},\"headline\":\"Entregados los diplomas de participacion Winecanting 2012\",\"datePublished\":\"2013-01-18T19:04:47+00:00\",\"mainEntityOfPage\":{\"@id\":\"https:\/\/www.torreviejagastronomica.com\/entregados-los-diplomas-de-participacion-winecanting-2012\/\"},\"wordCount\":360,\"publisher\":{\"@id\":\"https:\/\/www.torreviejagastronomica.com\/#organization\"},\"image\":{\"@id\":\"https:\/\/www.torreviejagastronomica.com\/entregados-los-diplomas-de-participacion-winecanting-2012\/#primaryimage\"},\"thumbnailUrl\":\"https:\/\/www.torreviejagastronomica.com\/wp-content\/uploads\/2013\/01\/winecantingtorrevieja2012.jpg\",\"keywords\":[\"alicante\",\"eventos\",\"marisqueria torrevieja\",\"meson de la costa\",\"rincon de capis\",\"torrevieja\",\"vega baja\",\"vinos\"],\"articleSection\":[\"Eventos\"],\"inLanguage\":\"es\"},{\"@type\":\"WebPage\",\"@id\":\"https:\/\/www.torreviejagastronomica.com\/entregados-los-diplomas-de-participacion-winecanting-2012\/\",\"url\":\"https:\/\/www.torreviejagastronomica.com\/entregados-los-diplomas-de-participacion-winecanting-2012\/\",\"name\":\"Entregados los diplomas de participacion Winecanting 2012 - Torrevieja Gastron\u00f3mica\",\"isPartOf\":{\"@id\":\"https:\/\/www.torreviejagastronomica.com\/#website\"},\"primaryImageOfPage\":{\"@id\":\"https:\/\/www.torreviejagastronomica.com\/entregados-los-diplomas-de-participacion-winecanting-2012\/#primaryimage\"},\"image\":{\"@id\":\"https:\/\/www.torreviejagastronomica.com\/entregados-los-diplomas-de-participacion-winecanting-2012\/#primaryimage\"},\"thumbnailUrl\":\"https:\/\/www.torreviejagastronomica.com\/wp-content\/uploads\/2013\/01\/winecantingtorrevieja2012.jpg\",\"datePublished\":\"2013-01-18T19:04:47+00:00\",\"breadcrumb\":{\"@id\":\"https:\/\/www.torreviejagastronomica.com\/entregados-los-diplomas-de-participacion-winecanting-2012\/#breadcrumb\"},\"inLanguage\":\"es\",\"potentialAction\":[{\"@type\":\"ReadAction\",\"target\":[\"https:\/\/www.torreviejagastronomica.com\/entregados-los-diplomas-de-participacion-winecanting-2012\/\"]}]},{\"@type\":\"ImageObject\",\"inLanguage\":\"es\",\"@id\":\"https:\/\/www.torreviejagastronomica.com\/entregados-los-diplomas-de-participacion-winecanting-2012\/#primaryimage\",\"url\":\"https:\/\/www.torreviejagastronomica.com\/wp-content\/uploads\/2013\/01\/winecantingtorrevieja2012.jpg\",\"contentUrl\":\"https:\/\/www.torreviejagastronomica.com\/wp-content\/uploads\/2013\/01\/winecantingtorrevieja2012.jpg\",\"width\":500,\"height\":333,\"caption\":\"Winecanting Torrevieja 2012\"},{\"@type\":\"BreadcrumbList\",\"@id\":\"https:\/\/www.torreviejagastronomica.com\/entregados-los-diplomas-de-participacion-winecanting-2012\/#breadcrumb\",\"itemListElement\":[{\"@type\":\"ListItem\",\"position\":1,\"name\":\"Portada\",\"item\":\"https:\/\/www.torreviejagastronomica.com\/\"},{\"@type\":\"ListItem\",\"position\":2,\"name\":\"Entregados los diplomas de participacion Winecanting 2012\"}]},{\"@type\":\"WebSite\",\"@id\":\"https:\/\/www.torreviejagastronomica.com\/#website\",\"url\":\"https:\/\/www.torreviejagastronomica.com\/\",\"name\":\"Torrevieja Gastron\u00f3mica\",\"description\":\"Asociaci\u00f3n Hosteler\u00eda Torrevieja y Comarca\",\"publisher\":{\"@id\":\"https:\/\/www.torreviejagastronomica.com\/#organization\"},\"potentialAction\":[{\"@type\":\"SearchAction\",\"target\":{\"@type\":\"EntryPoint\",\"urlTemplate\":\"https:\/\/www.torreviejagastronomica.com\/?s={search_term_string}\"},\"query-input\":{\"@type\":\"PropertyValueSpecification\",\"valueRequired\":true,\"valueName\":\"search_term_string\"}}],\"inLanguage\":\"es\"},{\"@type\":\"Organization\",\"@id\":\"https:\/\/www.torreviejagastronomica.com\/#organization\",\"name\":\"Torrevieja Gastron\u00f3mica\",\"url\":\"https:\/\/www.torreviejagastronomica.com\/\",\"logo\":{\"@type\":\"ImageObject\",\"inLanguage\":\"es\",\"@id\":\"https:\/\/www.torreviejagastronomica.com\/#\/schema\/logo\/image\/\",\"url\":\"https:\/\/www.torreviejagastronomica.com\/wp-content\/uploads\/2023\/09\/Logo-Torrevieja-Gastronomica.png\",\"contentUrl\":\"https:\/\/www.torreviejagastronomica.com\/wp-content\/uploads\/2023\/09\/Logo-Torrevieja-Gastronomica.png\",\"width\":350,\"height\":100,\"caption\":\"Torrevieja Gastron\u00f3mica\"},\"image\":{\"@id\":\"https:\/\/www.torreviejagastronomica.com\/#\/schema\/logo\/image\/\"}},{\"@type\":\"Person\",\"@id\":\"https:\/\/www.torreviejagastronomica.com\/#\/schema\/person\/43c1ae0a05eb24e94513f69078cd11a7\",\"name\":\"admin\",\"image\":{\"@type\":\"ImageObject\",\"inLanguage\":\"es\",\"@id\":\"https:\/\/www.torreviejagastronomica.com\/#\/schema\/person\/image\/\",\"url\":\"https:\/\/secure.gravatar.com\/avatar\/6497fb95944786a8c3310104dbce94031a7dee2c3b2645b425bfeeec49855f50?s=96&d=mm&r=g\",\"contentUrl\":\"https:\/\/secure.gravatar.com\/avatar\/6497fb95944786a8c3310104dbce94031a7dee2c3b2645b425bfeeec49855f50?s=96&d=mm&r=g\",\"caption\":\"admin\"},\"url\":\"https:\/\/www.torreviejagastronomica.com\/es\/author\/admin\/\"}]}<\/script>\n<!-- \/ Yoast SEO plugin. -->","yoast_head_json":{"title":"Entregados los diplomas de participacion Winecanting 2012 - Torrevieja Gastron\u00f3mica","robots":{"index":"index","follow":"follow","max-snippet":"max-snippet:-1","max-image-preview":"max-image-preview:large","max-video-preview":"max-video-preview:-1"},"canonical":"https:\/\/www.torreviejagastronomica.com\/es\/entregados-los-diplomas-de-participacion-winecanting-2012\/","og_locale":"es_ES","og_type":"article","og_title":"Entregados los diplomas de participacion Winecanting 2012 - Torrevieja Gastron\u00f3mica","og_description":"Fuente: \u00abTorrevieja.com\u00ab Los tres restaurantes de Torrevieja galardonados han sido los m\u00e1s activos de la comarca de la Vega Baja en la promoci\u00f3n del consumo de los vinos Denominaci\u00f3n de Origen de la provincia de Alicante. La concejal de Comercio y Hosteler\u00eda del Ayuntamiento de Torrevieja, Agustina Esteve, junto con el presidente de la Asociaci\u00f3n [&hellip;]","og_url":"https:\/\/www.torreviejagastronomica.com\/es\/entregados-los-diplomas-de-participacion-winecanting-2012\/","og_site_name":"Torrevieja Gastron\u00f3mica","article_published_time":"2013-01-18T19:04:47+00:00","og_image":[{"width":500,"height":333,"url":"https:\/\/www.torreviejagastronomica.com\/wp-content\/uploads\/2013\/01\/winecantingtorrevieja2012.jpg","type":"image\/jpeg"}],"author":"admin","twitter_card":"summary_large_image","twitter_misc":{"Escrito por":"admin","Tiempo de lectura":"2 minutos"},"schema":{"@context":"https:\/\/schema.org","@graph":[{"@type":"Article","@id":"https:\/\/www.torreviejagastronomica.com\/entregados-los-diplomas-de-participacion-winecanting-2012\/#article","isPartOf":{"@id":"https:\/\/www.torreviejagastronomica.com\/entregados-los-diplomas-de-participacion-winecanting-2012\/"},"author":{"name":"admin","@id":"https:\/\/www.torreviejagastronomica.com\/#\/schema\/person\/43c1ae0a05eb24e94513f69078cd11a7"},"headline":"Entregados los diplomas de participacion Winecanting 2012","datePublished":"2013-01-18T19:04:47+00:00","mainEntityOfPage":{"@id":"https:\/\/www.torreviejagastronomica.com\/entregados-los-diplomas-de-participacion-winecanting-2012\/"},"wordCount":360,"publisher":{"@id":"https:\/\/www.torreviejagastronomica.com\/#organization"},"image":{"@id":"https:\/\/www.torreviejagastronomica.com\/entregados-los-diplomas-de-participacion-winecanting-2012\/#primaryimage"},"thumbnailUrl":"https:\/\/www.torreviejagastronomica.com\/wp-content\/uploads\/2013\/01\/winecantingtorrevieja2012.jpg","keywords":["alicante","eventos","marisqueria torrevieja","meson de la costa","rincon de capis","torrevieja","vega baja","vinos"],"articleSection":["Eventos"],"inLanguage":"es"},{"@type":"WebPage","@id":"https:\/\/www.torreviejagastronomica.com\/entregados-los-diplomas-de-participacion-winecanting-2012\/","url":"https:\/\/www.torreviejagastronomica.com\/entregados-los-diplomas-de-participacion-winecanting-2012\/","name":"Entregados los diplomas de participacion Winecanting 2012 - Torrevieja Gastron\u00f3mica","isPartOf":{"@id":"https:\/\/www.torreviejagastronomica.com\/#website"},"primaryImageOfPage":{"@id":"https:\/\/www.torreviejagastronomica.com\/entregados-los-diplomas-de-participacion-winecanting-2012\/#primaryimage"},"image":{"@id":"https:\/\/www.torreviejagastronomica.com\/entregados-los-diplomas-de-participacion-winecanting-2012\/#primaryimage"},"thumbnailUrl":"https:\/\/www.torreviejagastronomica.com\/wp-content\/uploads\/2013\/01\/winecantingtorrevieja2012.jpg","datePublished":"2013-01-18T19:04:47+00:00","breadcrumb":{"@id":"https:\/\/www.torreviejagastronomica.com\/entregados-los-diplomas-de-participacion-winecanting-2012\/#breadcrumb"},"inLanguage":"es","potentialAction":[{"@type":"ReadAction","target":["https:\/\/www.torreviejagastronomica.com\/entregados-los-diplomas-de-participacion-winecanting-2012\/"]}]},{"@type":"ImageObject","inLanguage":"es","@id":"https:\/\/www.torreviejagastronomica.com\/entregados-los-diplomas-de-participacion-winecanting-2012\/#primaryimage","url":"https:\/\/www.torreviejagastronomica.com\/wp-content\/uploads\/2013\/01\/winecantingtorrevieja2012.jpg","contentUrl":"https:\/\/www.torreviejagastronomica.com\/wp-content\/uploads\/2013\/01\/winecantingtorrevieja2012.jpg","width":500,"height":333,"caption":"Winecanting Torrevieja 2012"},{"@type":"BreadcrumbList","@id":"https:\/\/www.torreviejagastronomica.com\/entregados-los-diplomas-de-participacion-winecanting-2012\/#breadcrumb","itemListElement":[{"@type":"ListItem","position":1,"name":"Portada","item":"https:\/\/www.torreviejagastronomica.com\/"},{"@type":"ListItem","position":2,"name":"Entregados los diplomas de participacion Winecanting 2012"}]},{"@type":"WebSite","@id":"https:\/\/www.torreviejagastronomica.com\/#website","url":"https:\/\/www.torreviejagastronomica.com\/","name":"Torrevieja Gastron\u00f3mica","description":"Asociaci\u00f3n Hosteler\u00eda Torrevieja y Comarca","publisher":{"@id":"https:\/\/www.torreviejagastronomica.com\/#organization"},"potentialAction":[{"@type":"SearchAction","target":{"@type":"EntryPoint","urlTemplate":"https:\/\/www.torreviejagastronomica.com\/?s={search_term_string}"},"query-input":{"@type":"PropertyValueSpecification","valueRequired":true,"valueName":"search_term_string"}}],"inLanguage":"es"},{"@type":"Organization","@id":"https:\/\/www.torreviejagastronomica.com\/#organization","name":"Torrevieja Gastron\u00f3mica","url":"https:\/\/www.torreviejagastronomica.com\/","logo":{"@type":"ImageObject","inLanguage":"es","@id":"https:\/\/www.torreviejagastronomica.com\/#\/schema\/logo\/image\/","url":"https:\/\/www.torreviejagastronomica.com\/wp-content\/uploads\/2023\/09\/Logo-Torrevieja-Gastronomica.png","contentUrl":"https:\/\/www.torreviejagastronomica.com\/wp-content\/uploads\/2023\/09\/Logo-Torrevieja-Gastronomica.png","width":350,"height":100,"caption":"Torrevieja Gastron\u00f3mica"},"image":{"@id":"https:\/\/www.torreviejagastronomica.com\/#\/schema\/logo\/image\/"}},{"@type":"Person","@id":"https:\/\/www.torreviejagastronomica.com\/#\/schema\/person\/43c1ae0a05eb24e94513f69078cd11a7","name":"admin","image":{"@type":"ImageObject","inLanguage":"es","@id":"https:\/\/www.torreviejagastronomica.com\/#\/schema\/person\/image\/","url":"https:\/\/secure.gravatar.com\/avatar\/6497fb95944786a8c3310104dbce94031a7dee2c3b2645b425bfeeec49855f50?s=96&d=mm&r=g","contentUrl":"https:\/\/secure.gravatar.com\/avatar\/6497fb95944786a8c3310104dbce94031a7dee2c3b2645b425bfeeec49855f50?s=96&d=mm&r=g","caption":"admin"},"url":"https:\/\/www.torreviejagastronomica.com\/es\/author\/admin\/"}]}},"_links":{"self":[{"href":"https:\/\/www.torreviejagastronomica.com\/es\/wp-json\/wp\/v2\/posts\/336","targetHints":{"allow":["GET"]}}],"collection":[{"href":"https:\/\/www.torreviejagastronomica.com\/es\/wp-json\/wp\/v2\/posts"}],"about":[{"href":"https:\/\/www.torreviejagastronomica.com\/es\/wp-json\/wp\/v2\/types\/post"}],"author":[{"embeddable":true,"href":"https:\/\/www.torreviejagastronomica.com\/es\/wp-json\/wp\/v2\/users\/3"}],"replies":[{"embeddable":true,"href":"https:\/\/www.torreviejagastronomica.com\/es\/wp-json\/wp\/v2\/comments?post=336"}],"version-history":[{"count":0,"href":"https:\/\/www.torreviejagastronomica.com\/es\/wp-json\/wp\/v2\/posts\/336\/revisions"}],"wp:featuredmedia":[{"embeddable":true,"href":"https:\/\/www.torreviejagastronomica.com\/es\/wp-json\/wp\/v2\/media\/337"}],"wp:attachment":[{"href":"https:\/\/www.torreviejagastronomica.com\/es\/wp-json\/wp\/v2\/media?parent=336"}],"wp:term":[{"taxonomy":"category","embeddable":true,"href":"https:\/\/www.torreviejagastronomica.com\/es\/wp-json\/wp\/v2\/categories?post=336"},{"taxonomy":"post_tag","embeddable":true,"href":"https:\/\/www.torreviejagastronomica.com\/es\/wp-json\/wp\/v2\/tags?post=336"}],"curies":[{"name":"wp","href":"https:\/\/api.w.org\/{rel}","templated":true}]}}