{"id":3359,"date":"2023-05-12T11:57:48","date_gmt":"2023-05-12T11:57:48","guid":{"rendered":"https:\/\/www.torreviejagastronomica.com\/?p=3359"},"modified":"2023-05-12T11:57:48","modified_gmt":"2023-05-12T11:57:48","slug":"convocatoria-de-ayudas-turisme-comunitat-valenciana-de-impulso-a-la-competitividad-turistica-para-el-ano-2023","status":"publish","type":"post","link":"https:\/\/www.torreviejagastronomica.com\/es\/convocatoria-de-ayudas-turisme-comunitat-valenciana-de-impulso-a-la-competitividad-turistica-para-el-ano-2023\/","title":{"rendered":"CONVOCATORIA DE AYUDAS TURISME COMUNITAT VALENCIANA DE IMPULSO A LA COMPETITIVIDAD TUR\u00cdSTICA PARA EL A\u00d1O 2023"},"content":{"rendered":"\n<p><strong>\uf0b7 Objeto:<\/strong><br>Convocar las ayudas de Turismo Comunitat Valenciana para el ejercicio 2023 dirigidas a empresas, asociaciones, federaciones y fundaciones para que desarrollen proyectos o eventos de impacto tur\u00edstico que impulsen la competitividad de las empresas y el marketing de producto<br>tur\u00edstico de la Comunitat Valenciana a trav\u00e9s de la digitalizaci\u00f3n, sostenibilidad, accesibilidad y puesta en el mercado de productos y\/o servicios tur\u00edsticos.<\/p>\n\n\n\n<p><br><strong>\uf0b7 Actuaciones:<\/strong><\/p>\n\n\n\n<p><br><strong>I. PROGRAMA 1<\/strong> &#8211; Impulso a la competitividad de las empresas y el marketing de<br>producto tur\u00edstico de la Comunitat Valenciana.<\/p>\n\n\n\n<p><br>Proyectos de mejora de la digitalizaci\u00f3n, ciberseguridad y automatizaci\u00f3n de procesos, servicios y\/o productos, promoci\u00f3n y publicidad en un entorno omnicanal (f\u00edsico y digital), comercializaci\u00f3n y puesta en mercado de productos y\/o servicios tur\u00edsticos experienciales y sostenibilidad y gamificaci\u00f3n.<\/p>\n\n\n\n<p><br><strong>II. PROGRAMA 2 <\/strong>&#8211; Impulso a eventos musicales, deportivos y culturales de impacto tur\u00edstico.<br>Actividades musicales, campeonatos, pruebas y concentraciones deportivas, actividades culturales vinculadas a la gastronom\u00eda, fiestas de inter\u00e9s tur\u00edstico de \u00e1mbito provincial, teatro, cine, danza u otras.<\/p>\n\n\n\n<p><br><strong>\uf0b7 Beneficiarios:<\/strong><\/p>\n\n\n\n<p><br><strong>I. Programa 1.<\/strong><\/p>\n\n\n\n<p><br><strong>a. <\/strong>Empresas tur\u00edsticas inscritas en el Registro de Turismo de la Comunitat Valenciana<br>que formen parte de alguno de los siguientes colectivos:<\/p>\n\n\n\n<p>-Titulares de establecimientos de alojamiento tur\u00edstico (personas f\u00edsicas o jur\u00eddicas propietarias o explotadoras de establecimientos hoteleros, campings, bloques y conjuntos de apartamentos tur\u00edsticos, empresas gestoras de viviendas de uso tur\u00edstico y alojamientos rurales).<\/p>\n\n\n\n<p>-Titulares de agencias de viajes.<\/p>\n\n\n\n<p>-Empresas de turismo activo.<\/p>\n\n\n\n<p><strong>b. Empresas que est\u00e9n adheridas a los Programas CREATURISME o L\u2019EXQUISIT<br>MEDITERRANI o dispongan del distintivo \u201cCompromiso con la Calidad Tur\u00edstica\u201d por su participaci\u00f3n en el Programa SICTED CV.<\/strong><\/p>\n\n\n\n<p><br><strong>\uf0b7 Cuant\u00eda:<\/strong><br>El importe global m\u00e1ximo destinado a las presentes ayudas asciende a 6.810.000 euros, con el siguiente desglose:<br>I. Programa 1: <strong>4.000.000 euros.<\/strong><\/p>\n\n\n\n<p><strong><br>La cuant\u00eda de la subvenci\u00f3n ser\u00e1 la cantidad que resulte de aplicar una intensidad de ayuda del 70 % sobre el coste subvencionable en el Programa 1 .<\/strong><\/p>\n\n\n\n<p><br><strong>\uf0b7 Condiciones de la ayuda:<\/strong><\/p>\n\n\n\n<p>Que se mantengan las condiciones de ser persona o entidad beneficiaria hasta el momento del pago de la subvenci\u00f3n.<\/p>\n\n\n\n<p>Las ayudas de esta convocatoria son compatibles con otras determinadas para la misma finalidad convocadas por otras administraciones o entes p\u00fablicos o privados nacionales o internacionales. Sin embargo, no son compatibles con la colaboraci\u00f3n econ\u00f3mica que articule en 2023 Turisme Comunitat Valenciana mediante l\u00edneas nominativas de subvenci\u00f3n para el mismo objeto y persona o entidad beneficiaria.<\/p>\n\n\n\n<p>No se contemplar\u00e1n ayudas para proyectos cuyo coste subvencionable sea inferior a 6.000 euros para el Programa 1 (pudiendo ser de 3.000 euros en el caso de empresas que est\u00e9n adheridas a los Programas CREATURISME o L\u2019EXQUISIT MEDITERRANI o dispongan del distintivo \u201cCompromiso con la Calidad Tur\u00edstica\u201d), o a 10.000 euros para el Programa 2.<\/p>\n\n\n\n<p>El proyecto a subvencionar deber\u00e1 realizarse entre el 1 de enero y el 31 de diciembre de 2023.<\/p>\n\n\n\n<p><br><strong>\uf0b7 Plazo de presentaci\u00f3n de solicitudes:<\/strong><br>El plazo se iniciar\u00e1 a las <strong>9:00 horas del d\u00eda 15 de mayo de 2023 y finalizar\u00e1 a las 23:59 horas del d\u00eda 2 de junio de 2023<\/strong><\/p>\n\n\n\n<p><a href=\"https:\/\/drive.google.com\/file\/d\/1Y62P5MeQWcVuMd0VN_-d6UoqAfwyuiFc\/view?usp=share_link\">https:\/\/drive.google.com\/file\/d\/1Y62P5MeQWcVuMd0VN_-d6UoqAfwyuiFc\/view?usp=share_link<\/a><\/p>\n\n\n\n<p><\/p>\n","protected":false},"excerpt":{"rendered":"<p>\uf0b7 Objeto:Convocar las ayudas de Turismo Comunitat Valenciana para el ejercicio 2023 dirigidas a empresas, asociaciones, federaciones y fundaciones para que desarrollen proyectos o eventos de impacto tur\u00edstico que impulsen la competitividad de las empresas y el marketing de productotur\u00edstico de la Comunitat Valenciana a trav\u00e9s de la digitalizaci\u00f3n, sostenibilidad, accesibilidad y puesta en el [&hellip;]<\/p>\n","protected":false},"author":4,"featured_media":3391,"comment_status":"closed","ping_status":"open","sticky":false,"template":"","format":"standard","meta":{"footnotes":""},"categories":[8],"tags":[],"class_list":["post-3359","post","type-post","status-publish","format-standard","has-post-thumbnail","hentry","category-eventos"],"yoast_head":"<!-- This site is optimized with the Yoast SEO plugin v25.7 - https:\/\/yoast.com\/wordpress\/plugins\/seo\/ -->\n<title>CONVOCATORIA DE AYUDAS TURISME COMUNITAT VALENCIANA DE IMPULSO A LA COMPETITIVIDAD TUR\u00cdSTICA PARA EL A\u00d1O 2023 - Torrevieja Gastron\u00f3mica<\/title>\n<meta name=\"robots\" content=\"index, follow, max-snippet:-1, max-image-preview:large, max-video-preview:-1\" \/>\n<link rel=\"canonical\" href=\"https:\/\/www.torreviejagastronomica.com\/es\/convocatoria-de-ayudas-turisme-comunitat-valenciana-de-impulso-a-la-competitividad-turistica-para-el-ano-2023\/\" \/>\n<meta property=\"og:locale\" content=\"es_ES\" \/>\n<meta property=\"og:type\" content=\"article\" \/>\n<meta property=\"og:title\" content=\"CONVOCATORIA DE AYUDAS TURISME COMUNITAT VALENCIANA DE IMPULSO A LA COMPETITIVIDAD TUR\u00cdSTICA PARA EL A\u00d1O 2023 - Torrevieja Gastron\u00f3mica\" \/>\n<meta property=\"og:description\" content=\"\uf0b7 Objeto:Convocar las ayudas de Turismo Comunitat Valenciana para el ejercicio 2023 dirigidas a empresas, asociaciones, federaciones y fundaciones para que desarrollen proyectos o eventos de impacto tur\u00edstico que impulsen la competitividad de las empresas y el marketing de productotur\u00edstico de la Comunitat Valenciana a trav\u00e9s de la digitalizaci\u00f3n, sostenibilidad, accesibilidad y puesta en el [&hellip;]\" \/>\n<meta property=\"og:url\" content=\"https:\/\/www.torreviejagastronomica.com\/es\/convocatoria-de-ayudas-turisme-comunitat-valenciana-de-impulso-a-la-competitividad-turistica-para-el-ano-2023\/\" \/>\n<meta property=\"og:site_name\" content=\"Torrevieja Gastron\u00f3mica\" \/>\n<meta property=\"article:published_time\" content=\"2023-05-12T11:57:48+00:00\" \/>\n<meta property=\"og:image\" content=\"https:\/\/www.torreviejagastronomica.com\/wp-content\/uploads\/2023\/05\/Captura-10.jpg\" \/>\n\t<meta property=\"og:image:width\" content=\"977\" \/>\n\t<meta property=\"og:image:height\" content=\"462\" \/>\n\t<meta property=\"og:image:type\" content=\"image\/jpeg\" \/>\n<meta name=\"author\" content=\"Asociaci\u00f3n de Empresas de Hosteler\u00eda de Torrevieja y Comarca\" \/>\n<meta name=\"twitter:card\" content=\"summary_large_image\" \/>\n<meta name=\"twitter:label1\" content=\"Escrito por\" \/>\n\t<meta name=\"twitter:data1\" content=\"Asociaci\u00f3n de Empresas de Hosteler\u00eda de Torrevieja y Comarca\" \/>\n\t<meta name=\"twitter:label2\" content=\"Tiempo de lectura\" \/>\n\t<meta name=\"twitter:data2\" content=\"3 minutos\" \/>\n<script type=\"application\/ld+json\" class=\"yoast-schema-graph\">{\"@context\":\"https:\/\/schema.org\",\"@graph\":[{\"@type\":\"Article\",\"@id\":\"https:\/\/www.torreviejagastronomica.com\/convocatoria-de-ayudas-turisme-comunitat-valenciana-de-impulso-a-la-competitividad-turistica-para-el-ano-2023\/#article\",\"isPartOf\":{\"@id\":\"https:\/\/www.torreviejagastronomica.com\/convocatoria-de-ayudas-turisme-comunitat-valenciana-de-impulso-a-la-competitividad-turistica-para-el-ano-2023\/\"},\"author\":{\"name\":\"Asociaci\u00f3n de Empresas de Hosteler\u00eda de Torrevieja y Comarca\",\"@id\":\"https:\/\/www.torreviejagastronomica.com\/#\/schema\/person\/9e0116f808f941d46f9baadf5335f0a9\"},\"headline\":\"CONVOCATORIA DE AYUDAS TURISME COMUNITAT VALENCIANA DE IMPULSO A LA COMPETITIVIDAD TUR\u00cdSTICA PARA EL A\u00d1O 2023\",\"datePublished\":\"2023-05-12T11:57:48+00:00\",\"mainEntityOfPage\":{\"@id\":\"https:\/\/www.torreviejagastronomica.com\/convocatoria-de-ayudas-turisme-comunitat-valenciana-de-impulso-a-la-competitividad-turistica-para-el-ano-2023\/\"},\"wordCount\":545,\"publisher\":{\"@id\":\"https:\/\/www.torreviejagastronomica.com\/#organization\"},\"image\":{\"@id\":\"https:\/\/www.torreviejagastronomica.com\/convocatoria-de-ayudas-turisme-comunitat-valenciana-de-impulso-a-la-competitividad-turistica-para-el-ano-2023\/#primaryimage\"},\"thumbnailUrl\":\"https:\/\/www.torreviejagastronomica.com\/wp-content\/uploads\/2023\/05\/Captura-10.jpg\",\"articleSection\":[\"Eventos\"],\"inLanguage\":\"es\"},{\"@type\":\"WebPage\",\"@id\":\"https:\/\/www.torreviejagastronomica.com\/convocatoria-de-ayudas-turisme-comunitat-valenciana-de-impulso-a-la-competitividad-turistica-para-el-ano-2023\/\",\"url\":\"https:\/\/www.torreviejagastronomica.com\/convocatoria-de-ayudas-turisme-comunitat-valenciana-de-impulso-a-la-competitividad-turistica-para-el-ano-2023\/\",\"name\":\"CONVOCATORIA DE AYUDAS TURISME COMUNITAT VALENCIANA DE IMPULSO A LA COMPETITIVIDAD TUR\u00cdSTICA PARA EL A\u00d1O 2023 - Torrevieja Gastron\u00f3mica\",\"isPartOf\":{\"@id\":\"https:\/\/www.torreviejagastronomica.com\/#website\"},\"primaryImageOfPage\":{\"@id\":\"https:\/\/www.torreviejagastronomica.com\/convocatoria-de-ayudas-turisme-comunitat-valenciana-de-impulso-a-la-competitividad-turistica-para-el-ano-2023\/#primaryimage\"},\"image\":{\"@id\":\"https:\/\/www.torreviejagastronomica.com\/convocatoria-de-ayudas-turisme-comunitat-valenciana-de-impulso-a-la-competitividad-turistica-para-el-ano-2023\/#primaryimage\"},\"thumbnailUrl\":\"https:\/\/www.torreviejagastronomica.com\/wp-content\/uploads\/2023\/05\/Captura-10.jpg\",\"datePublished\":\"2023-05-12T11:57:48+00:00\",\"breadcrumb\":{\"@id\":\"https:\/\/www.torreviejagastronomica.com\/convocatoria-de-ayudas-turisme-comunitat-valenciana-de-impulso-a-la-competitividad-turistica-para-el-ano-2023\/#breadcrumb\"},\"inLanguage\":\"es\",\"potentialAction\":[{\"@type\":\"ReadAction\",\"target\":[\"https:\/\/www.torreviejagastronomica.com\/convocatoria-de-ayudas-turisme-comunitat-valenciana-de-impulso-a-la-competitividad-turistica-para-el-ano-2023\/\"]}]},{\"@type\":\"ImageObject\",\"inLanguage\":\"es\",\"@id\":\"https:\/\/www.torreviejagastronomica.com\/convocatoria-de-ayudas-turisme-comunitat-valenciana-de-impulso-a-la-competitividad-turistica-para-el-ano-2023\/#primaryimage\",\"url\":\"https:\/\/www.torreviejagastronomica.com\/wp-content\/uploads\/2023\/05\/Captura-10.jpg\",\"contentUrl\":\"https:\/\/www.torreviejagastronomica.com\/wp-content\/uploads\/2023\/05\/Captura-10.jpg\",\"width\":977,\"height\":462},{\"@type\":\"BreadcrumbList\",\"@id\":\"https:\/\/www.torreviejagastronomica.com\/convocatoria-de-ayudas-turisme-comunitat-valenciana-de-impulso-a-la-competitividad-turistica-para-el-ano-2023\/#breadcrumb\",\"itemListElement\":[{\"@type\":\"ListItem\",\"position\":1,\"name\":\"Portada\",\"item\":\"https:\/\/www.torreviejagastronomica.com\/\"},{\"@type\":\"ListItem\",\"position\":2,\"name\":\"CONVOCATORIA DE AYUDAS TURISME COMUNITAT VALENCIANA DE IMPULSO A LA COMPETITIVIDAD TUR\u00cdSTICA PARA EL A\u00d1O 2023\"}]},{\"@type\":\"WebSite\",\"@id\":\"https:\/\/www.torreviejagastronomica.com\/#website\",\"url\":\"https:\/\/www.torreviejagastronomica.com\/\",\"name\":\"Torrevieja Gastron\u00f3mica\",\"description\":\"Asociaci\u00f3n Hosteler\u00eda Torrevieja y Comarca\",\"publisher\":{\"@id\":\"https:\/\/www.torreviejagastronomica.com\/#organization\"},\"potentialAction\":[{\"@type\":\"SearchAction\",\"target\":{\"@type\":\"EntryPoint\",\"urlTemplate\":\"https:\/\/www.torreviejagastronomica.com\/?s={search_term_string}\"},\"query-input\":{\"@type\":\"PropertyValueSpecification\",\"valueRequired\":true,\"valueName\":\"search_term_string\"}}],\"inLanguage\":\"es\"},{\"@type\":\"Organization\",\"@id\":\"https:\/\/www.torreviejagastronomica.com\/#organization\",\"name\":\"Torrevieja Gastron\u00f3mica\",\"url\":\"https:\/\/www.torreviejagastronomica.com\/\",\"logo\":{\"@type\":\"ImageObject\",\"inLanguage\":\"es\",\"@id\":\"https:\/\/www.torreviejagastronomica.com\/#\/schema\/logo\/image\/\",\"url\":\"https:\/\/www.torreviejagastronomica.com\/wp-content\/uploads\/2023\/09\/Logo-Torrevieja-Gastronomica.png\",\"contentUrl\":\"https:\/\/www.torreviejagastronomica.com\/wp-content\/uploads\/2023\/09\/Logo-Torrevieja-Gastronomica.png\",\"width\":350,\"height\":100,\"caption\":\"Torrevieja Gastron\u00f3mica\"},\"image\":{\"@id\":\"https:\/\/www.torreviejagastronomica.com\/#\/schema\/logo\/image\/\"}},{\"@type\":\"Person\",\"@id\":\"https:\/\/www.torreviejagastronomica.com\/#\/schema\/person\/9e0116f808f941d46f9baadf5335f0a9\",\"name\":\"Asociaci\u00f3n de Empresas de Hosteler\u00eda de Torrevieja y Comarca\",\"image\":{\"@type\":\"ImageObject\",\"inLanguage\":\"es\",\"@id\":\"https:\/\/www.torreviejagastronomica.com\/#\/schema\/person\/image\/\",\"url\":\"https:\/\/secure.gravatar.com\/avatar\/32ba6ba6e685fc061412a65c4a8a8b6caaf6d90d0985a737a4015d36e84d2d1f?s=96&d=mm&r=g\",\"contentUrl\":\"https:\/\/secure.gravatar.com\/avatar\/32ba6ba6e685fc061412a65c4a8a8b6caaf6d90d0985a737a4015d36e84d2d1f?s=96&d=mm&r=g\",\"caption\":\"Asociaci\u00f3n de Empresas de Hosteler\u00eda de Torrevieja y Comarca\"},\"url\":\"https:\/\/www.torreviejagastronomica.com\/es\/author\/hosteleria\/\"}]}<\/script>\n<!-- \/ Yoast SEO plugin. -->","yoast_head_json":{"title":"CONVOCATORIA DE AYUDAS TURISME COMUNITAT VALENCIANA DE IMPULSO A LA COMPETITIVIDAD TUR\u00cdSTICA PARA EL A\u00d1O 2023 - Torrevieja Gastron\u00f3mica","robots":{"index":"index","follow":"follow","max-snippet":"max-snippet:-1","max-image-preview":"max-image-preview:large","max-video-preview":"max-video-preview:-1"},"canonical":"https:\/\/www.torreviejagastronomica.com\/es\/convocatoria-de-ayudas-turisme-comunitat-valenciana-de-impulso-a-la-competitividad-turistica-para-el-ano-2023\/","og_locale":"es_ES","og_type":"article","og_title":"CONVOCATORIA DE AYUDAS TURISME COMUNITAT VALENCIANA DE IMPULSO A LA COMPETITIVIDAD TUR\u00cdSTICA PARA EL A\u00d1O 2023 - Torrevieja Gastron\u00f3mica","og_description":"\uf0b7 Objeto:Convocar las ayudas de Turismo Comunitat Valenciana para el ejercicio 2023 dirigidas a empresas, asociaciones, federaciones y fundaciones para que desarrollen proyectos o eventos de impacto tur\u00edstico que impulsen la competitividad de las empresas y el marketing de productotur\u00edstico de la Comunitat Valenciana a trav\u00e9s de la digitalizaci\u00f3n, sostenibilidad, accesibilidad y puesta en el [&hellip;]","og_url":"https:\/\/www.torreviejagastronomica.com\/es\/convocatoria-de-ayudas-turisme-comunitat-valenciana-de-impulso-a-la-competitividad-turistica-para-el-ano-2023\/","og_site_name":"Torrevieja Gastron\u00f3mica","article_published_time":"2023-05-12T11:57:48+00:00","og_image":[{"width":977,"height":462,"url":"https:\/\/www.torreviejagastronomica.com\/wp-content\/uploads\/2023\/05\/Captura-10.jpg","type":"image\/jpeg"}],"author":"Asociaci\u00f3n de Empresas de Hosteler\u00eda de Torrevieja y Comarca","twitter_card":"summary_large_image","twitter_misc":{"Escrito por":"Asociaci\u00f3n de Empresas de Hosteler\u00eda de Torrevieja y Comarca","Tiempo de lectura":"3 minutos"},"schema":{"@context":"https:\/\/schema.org","@graph":[{"@type":"Article","@id":"https:\/\/www.torreviejagastronomica.com\/convocatoria-de-ayudas-turisme-comunitat-valenciana-de-impulso-a-la-competitividad-turistica-para-el-ano-2023\/#article","isPartOf":{"@id":"https:\/\/www.torreviejagastronomica.com\/convocatoria-de-ayudas-turisme-comunitat-valenciana-de-impulso-a-la-competitividad-turistica-para-el-ano-2023\/"},"author":{"name":"Asociaci\u00f3n de Empresas de Hosteler\u00eda de Torrevieja y Comarca","@id":"https:\/\/www.torreviejagastronomica.com\/#\/schema\/person\/9e0116f808f941d46f9baadf5335f0a9"},"headline":"CONVOCATORIA DE AYUDAS TURISME COMUNITAT VALENCIANA DE IMPULSO A LA COMPETITIVIDAD TUR\u00cdSTICA PARA EL A\u00d1O 2023","datePublished":"2023-05-12T11:57:48+00:00","mainEntityOfPage":{"@id":"https:\/\/www.torreviejagastronomica.com\/convocatoria-de-ayudas-turisme-comunitat-valenciana-de-impulso-a-la-competitividad-turistica-para-el-ano-2023\/"},"wordCount":545,"publisher":{"@id":"https:\/\/www.torreviejagastronomica.com\/#organization"},"image":{"@id":"https:\/\/www.torreviejagastronomica.com\/convocatoria-de-ayudas-turisme-comunitat-valenciana-de-impulso-a-la-competitividad-turistica-para-el-ano-2023\/#primaryimage"},"thumbnailUrl":"https:\/\/www.torreviejagastronomica.com\/wp-content\/uploads\/2023\/05\/Captura-10.jpg","articleSection":["Eventos"],"inLanguage":"es"},{"@type":"WebPage","@id":"https:\/\/www.torreviejagastronomica.com\/convocatoria-de-ayudas-turisme-comunitat-valenciana-de-impulso-a-la-competitividad-turistica-para-el-ano-2023\/","url":"https:\/\/www.torreviejagastronomica.com\/convocatoria-de-ayudas-turisme-comunitat-valenciana-de-impulso-a-la-competitividad-turistica-para-el-ano-2023\/","name":"CONVOCATORIA DE AYUDAS TURISME COMUNITAT VALENCIANA DE IMPULSO A LA COMPETITIVIDAD TUR\u00cdSTICA PARA EL A\u00d1O 2023 - Torrevieja Gastron\u00f3mica","isPartOf":{"@id":"https:\/\/www.torreviejagastronomica.com\/#website"},"primaryImageOfPage":{"@id":"https:\/\/www.torreviejagastronomica.com\/convocatoria-de-ayudas-turisme-comunitat-valenciana-de-impulso-a-la-competitividad-turistica-para-el-ano-2023\/#primaryimage"},"image":{"@id":"https:\/\/www.torreviejagastronomica.com\/convocatoria-de-ayudas-turisme-comunitat-valenciana-de-impulso-a-la-competitividad-turistica-para-el-ano-2023\/#primaryimage"},"thumbnailUrl":"https:\/\/www.torreviejagastronomica.com\/wp-content\/uploads\/2023\/05\/Captura-10.jpg","datePublished":"2023-05-12T11:57:48+00:00","breadcrumb":{"@id":"https:\/\/www.torreviejagastronomica.com\/convocatoria-de-ayudas-turisme-comunitat-valenciana-de-impulso-a-la-competitividad-turistica-para-el-ano-2023\/#breadcrumb"},"inLanguage":"es","potentialAction":[{"@type":"ReadAction","target":["https:\/\/www.torreviejagastronomica.com\/convocatoria-de-ayudas-turisme-comunitat-valenciana-de-impulso-a-la-competitividad-turistica-para-el-ano-2023\/"]}]},{"@type":"ImageObject","inLanguage":"es","@id":"https:\/\/www.torreviejagastronomica.com\/convocatoria-de-ayudas-turisme-comunitat-valenciana-de-impulso-a-la-competitividad-turistica-para-el-ano-2023\/#primaryimage","url":"https:\/\/www.torreviejagastronomica.com\/wp-content\/uploads\/2023\/05\/Captura-10.jpg","contentUrl":"https:\/\/www.torreviejagastronomica.com\/wp-content\/uploads\/2023\/05\/Captura-10.jpg","width":977,"height":462},{"@type":"BreadcrumbList","@id":"https:\/\/www.torreviejagastronomica.com\/convocatoria-de-ayudas-turisme-comunitat-valenciana-de-impulso-a-la-competitividad-turistica-para-el-ano-2023\/#breadcrumb","itemListElement":[{"@type":"ListItem","position":1,"name":"Portada","item":"https:\/\/www.torreviejagastronomica.com\/"},{"@type":"ListItem","position":2,"name":"CONVOCATORIA DE AYUDAS TURISME COMUNITAT VALENCIANA DE IMPULSO A LA COMPETITIVIDAD TUR\u00cdSTICA PARA EL A\u00d1O 2023"}]},{"@type":"WebSite","@id":"https:\/\/www.torreviejagastronomica.com\/#website","url":"https:\/\/www.torreviejagastronomica.com\/","name":"Torrevieja Gastron\u00f3mica","description":"Asociaci\u00f3n Hosteler\u00eda Torrevieja y Comarca","publisher":{"@id":"https:\/\/www.torreviejagastronomica.com\/#organization"},"potentialAction":[{"@type":"SearchAction","target":{"@type":"EntryPoint","urlTemplate":"https:\/\/www.torreviejagastronomica.com\/?s={search_term_string}"},"query-input":{"@type":"PropertyValueSpecification","valueRequired":true,"valueName":"search_term_string"}}],"inLanguage":"es"},{"@type":"Organization","@id":"https:\/\/www.torreviejagastronomica.com\/#organization","name":"Torrevieja Gastron\u00f3mica","url":"https:\/\/www.torreviejagastronomica.com\/","logo":{"@type":"ImageObject","inLanguage":"es","@id":"https:\/\/www.torreviejagastronomica.com\/#\/schema\/logo\/image\/","url":"https:\/\/www.torreviejagastronomica.com\/wp-content\/uploads\/2023\/09\/Logo-Torrevieja-Gastronomica.png","contentUrl":"https:\/\/www.torreviejagastronomica.com\/wp-content\/uploads\/2023\/09\/Logo-Torrevieja-Gastronomica.png","width":350,"height":100,"caption":"Torrevieja Gastron\u00f3mica"},"image":{"@id":"https:\/\/www.torreviejagastronomica.com\/#\/schema\/logo\/image\/"}},{"@type":"Person","@id":"https:\/\/www.torreviejagastronomica.com\/#\/schema\/person\/9e0116f808f941d46f9baadf5335f0a9","name":"Asociaci\u00f3n de Empresas de Hosteler\u00eda de Torrevieja y Comarca","image":{"@type":"ImageObject","inLanguage":"es","@id":"https:\/\/www.torreviejagastronomica.com\/#\/schema\/person\/image\/","url":"https:\/\/secure.gravatar.com\/avatar\/32ba6ba6e685fc061412a65c4a8a8b6caaf6d90d0985a737a4015d36e84d2d1f?s=96&d=mm&r=g","contentUrl":"https:\/\/secure.gravatar.com\/avatar\/32ba6ba6e685fc061412a65c4a8a8b6caaf6d90d0985a737a4015d36e84d2d1f?s=96&d=mm&r=g","caption":"Asociaci\u00f3n de Empresas de Hosteler\u00eda de Torrevieja y Comarca"},"url":"https:\/\/www.torreviejagastronomica.com\/es\/author\/hosteleria\/"}]}},"_links":{"self":[{"href":"https:\/\/www.torreviejagastronomica.com\/es\/wp-json\/wp\/v2\/posts\/3359","targetHints":{"allow":["GET"]}}],"collection":[{"href":"https:\/\/www.torreviejagastronomica.com\/es\/wp-json\/wp\/v2\/posts"}],"about":[{"href":"https:\/\/www.torreviejagastronomica.com\/es\/wp-json\/wp\/v2\/types\/post"}],"author":[{"embeddable":true,"href":"https:\/\/www.torreviejagastronomica.com\/es\/wp-json\/wp\/v2\/users\/4"}],"replies":[{"embeddable":true,"href":"https:\/\/www.torreviejagastronomica.com\/es\/wp-json\/wp\/v2\/comments?post=3359"}],"version-history":[{"count":0,"href":"https:\/\/www.torreviejagastronomica.com\/es\/wp-json\/wp\/v2\/posts\/3359\/revisions"}],"wp:featuredmedia":[{"embeddable":true,"href":"https:\/\/www.torreviejagastronomica.com\/es\/wp-json\/wp\/v2\/media\/3391"}],"wp:attachment":[{"href":"https:\/\/www.torreviejagastronomica.com\/es\/wp-json\/wp\/v2\/media?parent=3359"}],"wp:term":[{"taxonomy":"category","embeddable":true,"href":"https:\/\/www.torreviejagastronomica.com\/es\/wp-json\/wp\/v2\/categories?post=3359"},{"taxonomy":"post_tag","embeddable":true,"href":"https:\/\/www.torreviejagastronomica.com\/es\/wp-json\/wp\/v2\/tags?post=3359"}],"curies":[{"name":"wp","href":"https:\/\/api.w.org\/{rel}","templated":true}]}}