{"id":334,"date":"2012-12-28T09:33:02","date_gmt":"2012-12-28T09:33:02","guid":{"rendered":"http:\/\/www.torreviejagastronomica.com\/?p=254"},"modified":"2012-12-28T09:33:02","modified_gmt":"2012-12-28T09:33:02","slug":"hosteleria-y-sector-hotelero-se-unen-para-lanzar-iniciativas-que-impulsen-la-oferta-turistica","status":"publish","type":"post","link":"https:\/\/www.torreviejagastronomica.com\/es\/hosteleria-y-sector-hotelero-se-unen-para-lanzar-iniciativas-que-impulsen-la-oferta-turistica\/","title":{"rendered":"Hosteler\u00eda y sector hotelero se unen para lanzar iniciativas que impulsen la oferta tur\u00edstica"},"content":{"rendered":"<p>Fuente: \u00ab<a title=\"Torreviejaip.tv\" href=\"http:\/\/www.torreviejaip.tv\/politica\/2012122812014\/hosteleria-y-sector-hotelero-se-unen-para-lanzar-iniciativas-que-impulsen-la-oferta-turistica.html\" target=\"_blank\" rel=\"noopener\">torreviejaip.tv<\/a>\u00bb<\/p>\n<p>La Asociaci\u00f3n de Empresarios de la Hosteler\u00eda de Torrevieja y Comarca, est\u00e1 preparando\u00a0 una serie de iniciativas que impulsen la oferta hostelera, tomando la fuerza que les corresponde en el marco de una oferta hotelera global. Entre estas figura la celebraci\u00f3n en el mes de marzo de la primera semana de \u00abLos Arroces de Torrevieja\u00bb.<\/p>\n","protected":false},"excerpt":{"rendered":"<p>Fuente: \u00abtorreviejaip.tv\u00bb La Asociaci\u00f3n de Empresarios de la Hosteler\u00eda de Torrevieja y Comarca, est\u00e1 preparando\u00a0 una serie de iniciativas que impulsen la oferta hostelera, tomando la fuerza que les corresponde en el marco de una oferta hotelera global. Entre estas figura la celebraci\u00f3n en el mes de marzo de la primera semana de \u00abLos Arroces [&hellip;]<\/p>\n","protected":false},"author":3,"featured_media":335,"comment_status":"closed","ping_status":"open","sticky":false,"template":"","format":"standard","meta":{"footnotes":""},"categories":[24,8],"tags":[27,23,26],"class_list":["post-334","post","type-post","status-publish","format-standard","has-post-thumbnail","hentry","category-bares-y-restaurantes","category-eventos","tag-arroces","tag-asociacion-hosteleria","tag-torrevieja"],"yoast_head":"<!-- This site is optimized with the Yoast SEO plugin v25.7 - https:\/\/yoast.com\/wordpress\/plugins\/seo\/ -->\n<title>Hosteler\u00eda y sector hotelero se unen para lanzar iniciativas que impulsen la oferta tur\u00edstica - Torrevieja Gastron\u00f3mica<\/title>\n<meta name=\"robots\" content=\"index, follow, max-snippet:-1, max-image-preview:large, max-video-preview:-1\" \/>\n<link rel=\"canonical\" href=\"https:\/\/www.torreviejagastronomica.com\/es\/hosteleria-y-sector-hotelero-se-unen-para-lanzar-iniciativas-que-impulsen-la-oferta-turistica\/\" \/>\n<meta property=\"og:locale\" content=\"es_ES\" \/>\n<meta property=\"og:type\" content=\"article\" \/>\n<meta property=\"og:title\" content=\"Hosteler\u00eda y sector hotelero se unen para lanzar iniciativas que impulsen la oferta tur\u00edstica - Torrevieja Gastron\u00f3mica\" \/>\n<meta property=\"og:description\" content=\"Fuente: \u00abtorreviejaip.tv\u00bb La Asociaci\u00f3n de Empresarios de la Hosteler\u00eda de Torrevieja y Comarca, est\u00e1 preparando\u00a0 una serie de iniciativas que impulsen la oferta hostelera, tomando la fuerza que les corresponde en el marco de una oferta hotelera global. Entre estas figura la celebraci\u00f3n en el mes de marzo de la primera semana de \u00abLos Arroces [&hellip;]\" \/>\n<meta property=\"og:url\" content=\"https:\/\/www.torreviejagastronomica.com\/es\/hosteleria-y-sector-hotelero-se-unen-para-lanzar-iniciativas-que-impulsen-la-oferta-turistica\/\" \/>\n<meta property=\"og:site_name\" content=\"Torrevieja Gastron\u00f3mica\" \/>\n<meta property=\"article:published_time\" content=\"2012-12-28T09:33:02+00:00\" \/>\n<meta property=\"og:image\" content=\"https:\/\/www.torreviejagastronomica.com\/wp-content\/uploads\/2013\/01\/fachadaasociacion.jpg\" \/>\n\t<meta property=\"og:image:width\" content=\"360\" \/>\n\t<meta property=\"og:image:height\" content=\"280\" \/>\n\t<meta property=\"og:image:type\" content=\"image\/jpeg\" \/>\n<meta name=\"author\" content=\"admin\" \/>\n<meta name=\"twitter:card\" content=\"summary_large_image\" \/>\n<meta name=\"twitter:label1\" content=\"Escrito por\" \/>\n\t<meta name=\"twitter:data1\" content=\"admin\" \/>\n<script type=\"application\/ld+json\" class=\"yoast-schema-graph\">{\"@context\":\"https:\/\/schema.org\",\"@graph\":[{\"@type\":\"Article\",\"@id\":\"https:\/\/www.torreviejagastronomica.com\/hosteleria-y-sector-hotelero-se-unen-para-lanzar-iniciativas-que-impulsen-la-oferta-turistica\/#article\",\"isPartOf\":{\"@id\":\"https:\/\/www.torreviejagastronomica.com\/hosteleria-y-sector-hotelero-se-unen-para-lanzar-iniciativas-que-impulsen-la-oferta-turistica\/\"},\"author\":{\"name\":\"admin\",\"@id\":\"https:\/\/www.torreviejagastronomica.com\/#\/schema\/person\/43c1ae0a05eb24e94513f69078cd11a7\"},\"headline\":\"Hosteler\u00eda y sector hotelero se unen para lanzar iniciativas que impulsen la oferta tur\u00edstica\",\"datePublished\":\"2012-12-28T09:33:02+00:00\",\"mainEntityOfPage\":{\"@id\":\"https:\/\/www.torreviejagastronomica.com\/hosteleria-y-sector-hotelero-se-unen-para-lanzar-iniciativas-que-impulsen-la-oferta-turistica\/\"},\"wordCount\":77,\"publisher\":{\"@id\":\"https:\/\/www.torreviejagastronomica.com\/#organization\"},\"image\":{\"@id\":\"https:\/\/www.torreviejagastronomica.com\/hosteleria-y-sector-hotelero-se-unen-para-lanzar-iniciativas-que-impulsen-la-oferta-turistica\/#primaryimage\"},\"thumbnailUrl\":\"https:\/\/www.torreviejagastronomica.com\/wp-content\/uploads\/2013\/01\/fachadaasociacion.jpg\",\"keywords\":[\"arroces\",\"asociaci\u00f3n hosteler\u00eda\",\"torrevieja\"],\"articleSection\":[\"Bares y Restaurantes\",\"Eventos\"],\"inLanguage\":\"es\"},{\"@type\":\"WebPage\",\"@id\":\"https:\/\/www.torreviejagastronomica.com\/hosteleria-y-sector-hotelero-se-unen-para-lanzar-iniciativas-que-impulsen-la-oferta-turistica\/\",\"url\":\"https:\/\/www.torreviejagastronomica.com\/hosteleria-y-sector-hotelero-se-unen-para-lanzar-iniciativas-que-impulsen-la-oferta-turistica\/\",\"name\":\"Hosteler\u00eda y sector hotelero se unen para lanzar iniciativas que impulsen la oferta tur\u00edstica - Torrevieja Gastron\u00f3mica\",\"isPartOf\":{\"@id\":\"https:\/\/www.torreviejagastronomica.com\/#website\"},\"primaryImageOfPage\":{\"@id\":\"https:\/\/www.torreviejagastronomica.com\/hosteleria-y-sector-hotelero-se-unen-para-lanzar-iniciativas-que-impulsen-la-oferta-turistica\/#primaryimage\"},\"image\":{\"@id\":\"https:\/\/www.torreviejagastronomica.com\/hosteleria-y-sector-hotelero-se-unen-para-lanzar-iniciativas-que-impulsen-la-oferta-turistica\/#primaryimage\"},\"thumbnailUrl\":\"https:\/\/www.torreviejagastronomica.com\/wp-content\/uploads\/2013\/01\/fachadaasociacion.jpg\",\"datePublished\":\"2012-12-28T09:33:02+00:00\",\"breadcrumb\":{\"@id\":\"https:\/\/www.torreviejagastronomica.com\/hosteleria-y-sector-hotelero-se-unen-para-lanzar-iniciativas-que-impulsen-la-oferta-turistica\/#breadcrumb\"},\"inLanguage\":\"es\",\"potentialAction\":[{\"@type\":\"ReadAction\",\"target\":[\"https:\/\/www.torreviejagastronomica.com\/hosteleria-y-sector-hotelero-se-unen-para-lanzar-iniciativas-que-impulsen-la-oferta-turistica\/\"]}]},{\"@type\":\"ImageObject\",\"inLanguage\":\"es\",\"@id\":\"https:\/\/www.torreviejagastronomica.com\/hosteleria-y-sector-hotelero-se-unen-para-lanzar-iniciativas-que-impulsen-la-oferta-turistica\/#primaryimage\",\"url\":\"https:\/\/www.torreviejagastronomica.com\/wp-content\/uploads\/2013\/01\/fachadaasociacion.jpg\",\"contentUrl\":\"https:\/\/www.torreviejagastronomica.com\/wp-content\/uploads\/2013\/01\/fachadaasociacion.jpg\",\"width\":360,\"height\":280,\"caption\":\"Asociaci\u00f3n Hosteler\u00eda Torrevieja y Comarca\"},{\"@type\":\"BreadcrumbList\",\"@id\":\"https:\/\/www.torreviejagastronomica.com\/hosteleria-y-sector-hotelero-se-unen-para-lanzar-iniciativas-que-impulsen-la-oferta-turistica\/#breadcrumb\",\"itemListElement\":[{\"@type\":\"ListItem\",\"position\":1,\"name\":\"Portada\",\"item\":\"https:\/\/www.torreviejagastronomica.com\/\"},{\"@type\":\"ListItem\",\"position\":2,\"name\":\"Hosteler\u00eda y sector hotelero se unen para lanzar iniciativas que impulsen la oferta tur\u00edstica\"}]},{\"@type\":\"WebSite\",\"@id\":\"https:\/\/www.torreviejagastronomica.com\/#website\",\"url\":\"https:\/\/www.torreviejagastronomica.com\/\",\"name\":\"Torrevieja Gastron\u00f3mica\",\"description\":\"Asociaci\u00f3n Hosteler\u00eda Torrevieja y Comarca\",\"publisher\":{\"@id\":\"https:\/\/www.torreviejagastronomica.com\/#organization\"},\"potentialAction\":[{\"@type\":\"SearchAction\",\"target\":{\"@type\":\"EntryPoint\",\"urlTemplate\":\"https:\/\/www.torreviejagastronomica.com\/?s={search_term_string}\"},\"query-input\":{\"@type\":\"PropertyValueSpecification\",\"valueRequired\":true,\"valueName\":\"search_term_string\"}}],\"inLanguage\":\"es\"},{\"@type\":\"Organization\",\"@id\":\"https:\/\/www.torreviejagastronomica.com\/#organization\",\"name\":\"Torrevieja Gastron\u00f3mica\",\"url\":\"https:\/\/www.torreviejagastronomica.com\/\",\"logo\":{\"@type\":\"ImageObject\",\"inLanguage\":\"es\",\"@id\":\"https:\/\/www.torreviejagastronomica.com\/#\/schema\/logo\/image\/\",\"url\":\"https:\/\/www.torreviejagastronomica.com\/wp-content\/uploads\/2023\/09\/Logo-Torrevieja-Gastronomica.png\",\"contentUrl\":\"https:\/\/www.torreviejagastronomica.com\/wp-content\/uploads\/2023\/09\/Logo-Torrevieja-Gastronomica.png\",\"width\":350,\"height\":100,\"caption\":\"Torrevieja Gastron\u00f3mica\"},\"image\":{\"@id\":\"https:\/\/www.torreviejagastronomica.com\/#\/schema\/logo\/image\/\"}},{\"@type\":\"Person\",\"@id\":\"https:\/\/www.torreviejagastronomica.com\/#\/schema\/person\/43c1ae0a05eb24e94513f69078cd11a7\",\"name\":\"admin\",\"image\":{\"@type\":\"ImageObject\",\"inLanguage\":\"es\",\"@id\":\"https:\/\/www.torreviejagastronomica.com\/#\/schema\/person\/image\/\",\"url\":\"https:\/\/secure.gravatar.com\/avatar\/6497fb95944786a8c3310104dbce94031a7dee2c3b2645b425bfeeec49855f50?s=96&d=mm&r=g\",\"contentUrl\":\"https:\/\/secure.gravatar.com\/avatar\/6497fb95944786a8c3310104dbce94031a7dee2c3b2645b425bfeeec49855f50?s=96&d=mm&r=g\",\"caption\":\"admin\"},\"url\":\"https:\/\/www.torreviejagastronomica.com\/es\/author\/admin\/\"}]}<\/script>\n<!-- \/ Yoast SEO plugin. -->","yoast_head_json":{"title":"Hosteler\u00eda y sector hotelero se unen para lanzar iniciativas que impulsen la oferta tur\u00edstica - Torrevieja Gastron\u00f3mica","robots":{"index":"index","follow":"follow","max-snippet":"max-snippet:-1","max-image-preview":"max-image-preview:large","max-video-preview":"max-video-preview:-1"},"canonical":"https:\/\/www.torreviejagastronomica.com\/es\/hosteleria-y-sector-hotelero-se-unen-para-lanzar-iniciativas-que-impulsen-la-oferta-turistica\/","og_locale":"es_ES","og_type":"article","og_title":"Hosteler\u00eda y sector hotelero se unen para lanzar iniciativas que impulsen la oferta tur\u00edstica - Torrevieja Gastron\u00f3mica","og_description":"Fuente: \u00abtorreviejaip.tv\u00bb La Asociaci\u00f3n de Empresarios de la Hosteler\u00eda de Torrevieja y Comarca, est\u00e1 preparando\u00a0 una serie de iniciativas que impulsen la oferta hostelera, tomando la fuerza que les corresponde en el marco de una oferta hotelera global. Entre estas figura la celebraci\u00f3n en el mes de marzo de la primera semana de \u00abLos Arroces [&hellip;]","og_url":"https:\/\/www.torreviejagastronomica.com\/es\/hosteleria-y-sector-hotelero-se-unen-para-lanzar-iniciativas-que-impulsen-la-oferta-turistica\/","og_site_name":"Torrevieja Gastron\u00f3mica","article_published_time":"2012-12-28T09:33:02+00:00","og_image":[{"width":360,"height":280,"url":"https:\/\/www.torreviejagastronomica.com\/wp-content\/uploads\/2013\/01\/fachadaasociacion.jpg","type":"image\/jpeg"}],"author":"admin","twitter_card":"summary_large_image","twitter_misc":{"Escrito por":"admin"},"schema":{"@context":"https:\/\/schema.org","@graph":[{"@type":"Article","@id":"https:\/\/www.torreviejagastronomica.com\/hosteleria-y-sector-hotelero-se-unen-para-lanzar-iniciativas-que-impulsen-la-oferta-turistica\/#article","isPartOf":{"@id":"https:\/\/www.torreviejagastronomica.com\/hosteleria-y-sector-hotelero-se-unen-para-lanzar-iniciativas-que-impulsen-la-oferta-turistica\/"},"author":{"name":"admin","@id":"https:\/\/www.torreviejagastronomica.com\/#\/schema\/person\/43c1ae0a05eb24e94513f69078cd11a7"},"headline":"Hosteler\u00eda y sector hotelero se unen para lanzar iniciativas que impulsen la oferta tur\u00edstica","datePublished":"2012-12-28T09:33:02+00:00","mainEntityOfPage":{"@id":"https:\/\/www.torreviejagastronomica.com\/hosteleria-y-sector-hotelero-se-unen-para-lanzar-iniciativas-que-impulsen-la-oferta-turistica\/"},"wordCount":77,"publisher":{"@id":"https:\/\/www.torreviejagastronomica.com\/#organization"},"image":{"@id":"https:\/\/www.torreviejagastronomica.com\/hosteleria-y-sector-hotelero-se-unen-para-lanzar-iniciativas-que-impulsen-la-oferta-turistica\/#primaryimage"},"thumbnailUrl":"https:\/\/www.torreviejagastronomica.com\/wp-content\/uploads\/2013\/01\/fachadaasociacion.jpg","keywords":["arroces","asociaci\u00f3n hosteler\u00eda","torrevieja"],"articleSection":["Bares y Restaurantes","Eventos"],"inLanguage":"es"},{"@type":"WebPage","@id":"https:\/\/www.torreviejagastronomica.com\/hosteleria-y-sector-hotelero-se-unen-para-lanzar-iniciativas-que-impulsen-la-oferta-turistica\/","url":"https:\/\/www.torreviejagastronomica.com\/hosteleria-y-sector-hotelero-se-unen-para-lanzar-iniciativas-que-impulsen-la-oferta-turistica\/","name":"Hosteler\u00eda y sector hotelero se unen para lanzar iniciativas que impulsen la oferta tur\u00edstica - Torrevieja Gastron\u00f3mica","isPartOf":{"@id":"https:\/\/www.torreviejagastronomica.com\/#website"},"primaryImageOfPage":{"@id":"https:\/\/www.torreviejagastronomica.com\/hosteleria-y-sector-hotelero-se-unen-para-lanzar-iniciativas-que-impulsen-la-oferta-turistica\/#primaryimage"},"image":{"@id":"https:\/\/www.torreviejagastronomica.com\/hosteleria-y-sector-hotelero-se-unen-para-lanzar-iniciativas-que-impulsen-la-oferta-turistica\/#primaryimage"},"thumbnailUrl":"https:\/\/www.torreviejagastronomica.com\/wp-content\/uploads\/2013\/01\/fachadaasociacion.jpg","datePublished":"2012-12-28T09:33:02+00:00","breadcrumb":{"@id":"https:\/\/www.torreviejagastronomica.com\/hosteleria-y-sector-hotelero-se-unen-para-lanzar-iniciativas-que-impulsen-la-oferta-turistica\/#breadcrumb"},"inLanguage":"es","potentialAction":[{"@type":"ReadAction","target":["https:\/\/www.torreviejagastronomica.com\/hosteleria-y-sector-hotelero-se-unen-para-lanzar-iniciativas-que-impulsen-la-oferta-turistica\/"]}]},{"@type":"ImageObject","inLanguage":"es","@id":"https:\/\/www.torreviejagastronomica.com\/hosteleria-y-sector-hotelero-se-unen-para-lanzar-iniciativas-que-impulsen-la-oferta-turistica\/#primaryimage","url":"https:\/\/www.torreviejagastronomica.com\/wp-content\/uploads\/2013\/01\/fachadaasociacion.jpg","contentUrl":"https:\/\/www.torreviejagastronomica.com\/wp-content\/uploads\/2013\/01\/fachadaasociacion.jpg","width":360,"height":280,"caption":"Asociaci\u00f3n Hosteler\u00eda Torrevieja y Comarca"},{"@type":"BreadcrumbList","@id":"https:\/\/www.torreviejagastronomica.com\/hosteleria-y-sector-hotelero-se-unen-para-lanzar-iniciativas-que-impulsen-la-oferta-turistica\/#breadcrumb","itemListElement":[{"@type":"ListItem","position":1,"name":"Portada","item":"https:\/\/www.torreviejagastronomica.com\/"},{"@type":"ListItem","position":2,"name":"Hosteler\u00eda y sector hotelero se unen para lanzar iniciativas que impulsen la oferta tur\u00edstica"}]},{"@type":"WebSite","@id":"https:\/\/www.torreviejagastronomica.com\/#website","url":"https:\/\/www.torreviejagastronomica.com\/","name":"Torrevieja Gastron\u00f3mica","description":"Asociaci\u00f3n Hosteler\u00eda Torrevieja y Comarca","publisher":{"@id":"https:\/\/www.torreviejagastronomica.com\/#organization"},"potentialAction":[{"@type":"SearchAction","target":{"@type":"EntryPoint","urlTemplate":"https:\/\/www.torreviejagastronomica.com\/?s={search_term_string}"},"query-input":{"@type":"PropertyValueSpecification","valueRequired":true,"valueName":"search_term_string"}}],"inLanguage":"es"},{"@type":"Organization","@id":"https:\/\/www.torreviejagastronomica.com\/#organization","name":"Torrevieja Gastron\u00f3mica","url":"https:\/\/www.torreviejagastronomica.com\/","logo":{"@type":"ImageObject","inLanguage":"es","@id":"https:\/\/www.torreviejagastronomica.com\/#\/schema\/logo\/image\/","url":"https:\/\/www.torreviejagastronomica.com\/wp-content\/uploads\/2023\/09\/Logo-Torrevieja-Gastronomica.png","contentUrl":"https:\/\/www.torreviejagastronomica.com\/wp-content\/uploads\/2023\/09\/Logo-Torrevieja-Gastronomica.png","width":350,"height":100,"caption":"Torrevieja Gastron\u00f3mica"},"image":{"@id":"https:\/\/www.torreviejagastronomica.com\/#\/schema\/logo\/image\/"}},{"@type":"Person","@id":"https:\/\/www.torreviejagastronomica.com\/#\/schema\/person\/43c1ae0a05eb24e94513f69078cd11a7","name":"admin","image":{"@type":"ImageObject","inLanguage":"es","@id":"https:\/\/www.torreviejagastronomica.com\/#\/schema\/person\/image\/","url":"https:\/\/secure.gravatar.com\/avatar\/6497fb95944786a8c3310104dbce94031a7dee2c3b2645b425bfeeec49855f50?s=96&d=mm&r=g","contentUrl":"https:\/\/secure.gravatar.com\/avatar\/6497fb95944786a8c3310104dbce94031a7dee2c3b2645b425bfeeec49855f50?s=96&d=mm&r=g","caption":"admin"},"url":"https:\/\/www.torreviejagastronomica.com\/es\/author\/admin\/"}]}},"_links":{"self":[{"href":"https:\/\/www.torreviejagastronomica.com\/es\/wp-json\/wp\/v2\/posts\/334","targetHints":{"allow":["GET"]}}],"collection":[{"href":"https:\/\/www.torreviejagastronomica.com\/es\/wp-json\/wp\/v2\/posts"}],"about":[{"href":"https:\/\/www.torreviejagastronomica.com\/es\/wp-json\/wp\/v2\/types\/post"}],"author":[{"embeddable":true,"href":"https:\/\/www.torreviejagastronomica.com\/es\/wp-json\/wp\/v2\/users\/3"}],"replies":[{"embeddable":true,"href":"https:\/\/www.torreviejagastronomica.com\/es\/wp-json\/wp\/v2\/comments?post=334"}],"version-history":[{"count":0,"href":"https:\/\/www.torreviejagastronomica.com\/es\/wp-json\/wp\/v2\/posts\/334\/revisions"}],"wp:featuredmedia":[{"embeddable":true,"href":"https:\/\/www.torreviejagastronomica.com\/es\/wp-json\/wp\/v2\/media\/335"}],"wp:attachment":[{"href":"https:\/\/www.torreviejagastronomica.com\/es\/wp-json\/wp\/v2\/media?parent=334"}],"wp:term":[{"taxonomy":"category","embeddable":true,"href":"https:\/\/www.torreviejagastronomica.com\/es\/wp-json\/wp\/v2\/categories?post=334"},{"taxonomy":"post_tag","embeddable":true,"href":"https:\/\/www.torreviejagastronomica.com\/es\/wp-json\/wp\/v2\/tags?post=334"}],"curies":[{"name":"wp","href":"https:\/\/api.w.org\/{rel}","templated":true}]}}