{"id":333,"date":"2013-01-16T09:27:10","date_gmt":"2013-01-16T09:27:10","guid":{"rendered":"http:\/\/www.torreviejagastronomica.com\/?p=246"},"modified":"2013-01-16T09:27:10","modified_gmt":"2013-01-16T09:27:10","slug":"la-asociacion-de-hosteleria-se-lanza-en-busca-del-publico-joven-los-jueves","status":"publish","type":"post","link":"https:\/\/www.torreviejagastronomica.com\/es\/la-asociacion-de-hosteleria-se-lanza-en-busca-del-publico-joven-los-jueves\/","title":{"rendered":"La Asociaci\u00f3n de Hosteler\u00eda se lanza en busca del p\u00fablico joven los jueves."},"content":{"rendered":"<p><strong><em>Fuente: \u00ab<a title=\"laverdad.es\" href=\"http:\/\/www.laverdad.es\/alicante\/v\/20130116\/torrevieja\/asociacion-hosteleria-lanza-busca-20130116.html\" target=\"_blank\" rel=\"noopener\">laverdad.es<\/a>\u00ab<\/em><\/strong><\/p>\n<p><strong>Presentan una nueva campa\u00f1a de ruta semanal que tendr\u00e1 lugar hasta el 21 de marzo bajo el nombre de &#8216;Tapas jueves&#8217;, al precio de 2 euros<\/strong><\/p>\n<p style=\"text-align: justify;\">Desde ma\u00f1ana y hasta el 21 de marzo, cuarenta establecimientos miembros de la Asociaci\u00f3n de Empresarios de la Hosteler\u00eda de Torrevieja y Comarca se unen para llevar a cabo una nueva iniciativa que, a pesar de tener ciertas similitudes con las rutas de la tapa, est\u00e1 bien diferenciada bajo el nombre de &#8216;Tapas jueves&#8217;. La concejal de Comercio y Hosteler\u00eda, Agustina Esteve, acompa\u00f1ada por el vicepresidente de la Asociaci\u00f3n de Empresarios de Hosteler\u00eda de Torrevieja y Comarca, Luis Miguel Blanco, y el tesorero de la asociaci\u00f3n, Luis Miguel Rodr\u00edguez, fueron los encargados de dar a conocer ayer los pormenores de esta nueva iniciativa.<\/p>\n<p style=\"text-align: justify;\">Uno de los objetivos principales es la captaci\u00f3n del p\u00fablico joven que cada vez m\u00e1s, tiene la costumbre de salir en este d\u00eda y arrancar el fin de semana. Tambi\u00e9n pretenden fomentar el tapeo en la ciudad a precios muy interesantes, con una clara orientaci\u00f3n a promocionar las tapas tradicionales y habituales de los bares y restaurantes participantes. Adem\u00e1s, todas las personas que disfruten de esta iniciativa llevada a cabo por el Ayuntamiento y la asociaci\u00f3n de hosteler\u00eda podr\u00e1n participar, a trav\u00e9s de unas papeletas que se les entregar\u00e1n en los bares y restaurantes, en el sorteo de un viaje para dos personas. Ganar\u00e1 la papeleta que coincida con el n\u00famero premiado en el sorteo de la Loter\u00eda Nacional del d\u00eda 30 de marzo. Los representantes de hosteler\u00eda barajan tres posibilidades para este premio. Los afortunados podr\u00e1n elegir entre un crucero, un viaje a Tenerife o un viaje que incluir\u00eda la visita a unas bodegas.<\/p>\n<p style=\"text-align: justify;\">El vicepresidente del colectivo hostelero, se\u00f1al\u00f3 que esta iniciativa se ha hecho pensando en los locales, bares y restaurantes que est\u00e1n asociados y que aunque ya est\u00e1 cerrada esta primera edici\u00f3n, se pretende convocar nuevas ofertas de este tipo en otras \u00e9pocas del a\u00f1o. Igualmente se\u00f1al\u00f3 que gracias a esta actividad se va a intentar lograr \u00abel h\u00e1bito del tapeo, dentro de un abanico de posibilidades amplio, donde debe destacar un aumento de la calidad y de la variedad del producto\u00bb. Los hosteleros han contado en esta primera edici\u00f3n de &#8216;Jueves tapas&#8217; con la colaboraci\u00f3n de la cervecera Mahou, que patrocina gran parte de la infraestructura y de la log\u00edstica del acontecimiento. Naturalmente el ingrediente que acompa\u00f1a a la tapa es un quinto de cerveza por el precio total de dos euros, aunque los clientes podr\u00e1n elegir tambi\u00e9n entre otras bebidas, seg\u00fan criterio del establecimiento en particular.<\/p>\n<p style=\"text-align: justify;\">Otra cuesti\u00f3n destacada es el horario, que ser\u00e1 libre para cada local inscrito en el recorrido, adem\u00e1s de que la elecci\u00f3n de las tapas ir\u00e1 en funci\u00f3n del criterio de cada cocina participante.<\/p>\n<p style=\"text-align: justify;\">La Asociaci\u00f3n de Hosteler\u00eda tiene previsto desarrollar otra serie de actividades, de cara al relanzamiento del sector y de sus asociados, como ser\u00e1 la Semana del Arroz, la cual, seg\u00fan indic\u00f3 el presidente de la entidad, Jos\u00e9 Antonio Lozano, podr\u00eda darse a conocer oficialmente durante la pr\u00f3xima celebraci\u00f3n en Madrid de la feria de turismo, Fitur, donde acudir\u00e1 una representaci\u00f3n torrevejense.<\/p>\n","protected":false},"excerpt":{"rendered":"<p>Fuente: \u00ablaverdad.es\u00ab Presentan una nueva campa\u00f1a de ruta semanal que tendr\u00e1 lugar hasta el 21 de marzo bajo el nombre de &#8216;Tapas jueves&#8217;, al precio de 2 euros Desde ma\u00f1ana y hasta el 21 de marzo, cuarenta establecimientos miembros de la Asociaci\u00f3n de Empresarios de la Hosteler\u00eda de Torrevieja y Comarca se unen para llevar [&hellip;]<\/p>\n","protected":false},"author":3,"featured_media":250,"comment_status":"closed","ping_status":"open","sticky":false,"template":"","format":"standard","meta":{"footnotes":""},"categories":[24,8],"tags":[23,12,25,20,26],"class_list":["post-333","post","type-post","status-publish","format-standard","has-post-thumbnail","hentry","category-bares-y-restaurantes","category-eventos","tag-asociacion-hosteleria","tag-cervezas","tag-rutas","tag-tapas","tag-torrevieja"],"yoast_head":"<!-- This site is optimized with the Yoast SEO plugin v25.7 - https:\/\/yoast.com\/wordpress\/plugins\/seo\/ -->\n<title>La Asociaci\u00f3n de Hosteler\u00eda se lanza en busca del p\u00fablico joven los jueves. - Torrevieja Gastron\u00f3mica<\/title>\n<meta name=\"robots\" content=\"index, follow, max-snippet:-1, max-image-preview:large, max-video-preview:-1\" \/>\n<link rel=\"canonical\" href=\"https:\/\/www.torreviejagastronomica.com\/es\/la-asociacion-de-hosteleria-se-lanza-en-busca-del-publico-joven-los-jueves\/\" \/>\n<meta property=\"og:locale\" content=\"es_ES\" \/>\n<meta property=\"og:type\" content=\"article\" \/>\n<meta property=\"og:title\" content=\"La Asociaci\u00f3n de Hosteler\u00eda se lanza en busca del p\u00fablico joven los jueves. - Torrevieja Gastron\u00f3mica\" \/>\n<meta property=\"og:description\" content=\"Fuente: \u00ablaverdad.es\u00ab Presentan una nueva campa\u00f1a de ruta semanal que tendr\u00e1 lugar hasta el 21 de marzo bajo el nombre de &#8216;Tapas jueves&#8217;, al precio de 2 euros Desde ma\u00f1ana y hasta el 21 de marzo, cuarenta establecimientos miembros de la Asociaci\u00f3n de Empresarios de la Hosteler\u00eda de Torrevieja y Comarca se unen para llevar [&hellip;]\" \/>\n<meta property=\"og:url\" content=\"https:\/\/www.torreviejagastronomica.com\/es\/la-asociacion-de-hosteleria-se-lanza-en-busca-del-publico-joven-los-jueves\/\" \/>\n<meta property=\"og:site_name\" content=\"Torrevieja Gastron\u00f3mica\" \/>\n<meta property=\"article:published_time\" content=\"2013-01-16T09:27:10+00:00\" \/>\n<meta property=\"og:image\" content=\"https:\/\/www.torreviejagastronomica.com\/wp-content\/uploads\/2013\/01\/juevestapaslaverdad.jpg\" \/>\n\t<meta property=\"og:image:width\" content=\"300\" \/>\n\t<meta property=\"og:image:height\" content=\"251\" \/>\n\t<meta property=\"og:image:type\" content=\"image\/jpeg\" \/>\n<meta name=\"author\" content=\"admin\" \/>\n<meta name=\"twitter:card\" content=\"summary_large_image\" \/>\n<meta name=\"twitter:label1\" content=\"Escrito por\" \/>\n\t<meta name=\"twitter:data1\" content=\"admin\" \/>\n\t<meta name=\"twitter:label2\" content=\"Tiempo de lectura\" \/>\n\t<meta name=\"twitter:data2\" content=\"3 minutos\" \/>\n<script type=\"application\/ld+json\" class=\"yoast-schema-graph\">{\"@context\":\"https:\/\/schema.org\",\"@graph\":[{\"@type\":\"Article\",\"@id\":\"https:\/\/www.torreviejagastronomica.com\/la-asociacion-de-hosteleria-se-lanza-en-busca-del-publico-joven-los-jueves\/#article\",\"isPartOf\":{\"@id\":\"https:\/\/www.torreviejagastronomica.com\/la-asociacion-de-hosteleria-se-lanza-en-busca-del-publico-joven-los-jueves\/\"},\"author\":{\"name\":\"admin\",\"@id\":\"https:\/\/www.torreviejagastronomica.com\/#\/schema\/person\/43c1ae0a05eb24e94513f69078cd11a7\"},\"headline\":\"La Asociaci\u00f3n de Hosteler\u00eda se lanza en busca del p\u00fablico joven los jueves.\",\"datePublished\":\"2013-01-16T09:27:10+00:00\",\"mainEntityOfPage\":{\"@id\":\"https:\/\/www.torreviejagastronomica.com\/la-asociacion-de-hosteleria-se-lanza-en-busca-del-publico-joven-los-jueves\/\"},\"wordCount\":592,\"publisher\":{\"@id\":\"https:\/\/www.torreviejagastronomica.com\/#organization\"},\"image\":{\"@id\":\"https:\/\/www.torreviejagastronomica.com\/la-asociacion-de-hosteleria-se-lanza-en-busca-del-publico-joven-los-jueves\/#primaryimage\"},\"thumbnailUrl\":\"https:\/\/www.torreviejagastronomica.com\/wp-content\/uploads\/2013\/01\/juevestapaslaverdad.jpg\",\"keywords\":[\"asociaci\u00f3n hosteler\u00eda\",\"cervezas\",\"rutas\",\"tapas\",\"torrevieja\"],\"articleSection\":[\"Bares y Restaurantes\",\"Eventos\"],\"inLanguage\":\"es\"},{\"@type\":\"WebPage\",\"@id\":\"https:\/\/www.torreviejagastronomica.com\/la-asociacion-de-hosteleria-se-lanza-en-busca-del-publico-joven-los-jueves\/\",\"url\":\"https:\/\/www.torreviejagastronomica.com\/la-asociacion-de-hosteleria-se-lanza-en-busca-del-publico-joven-los-jueves\/\",\"name\":\"La Asociaci\u00f3n de Hosteler\u00eda se lanza en busca del p\u00fablico joven los jueves. - Torrevieja Gastron\u00f3mica\",\"isPartOf\":{\"@id\":\"https:\/\/www.torreviejagastronomica.com\/#website\"},\"primaryImageOfPage\":{\"@id\":\"https:\/\/www.torreviejagastronomica.com\/la-asociacion-de-hosteleria-se-lanza-en-busca-del-publico-joven-los-jueves\/#primaryimage\"},\"image\":{\"@id\":\"https:\/\/www.torreviejagastronomica.com\/la-asociacion-de-hosteleria-se-lanza-en-busca-del-publico-joven-los-jueves\/#primaryimage\"},\"thumbnailUrl\":\"https:\/\/www.torreviejagastronomica.com\/wp-content\/uploads\/2013\/01\/juevestapaslaverdad.jpg\",\"datePublished\":\"2013-01-16T09:27:10+00:00\",\"breadcrumb\":{\"@id\":\"https:\/\/www.torreviejagastronomica.com\/la-asociacion-de-hosteleria-se-lanza-en-busca-del-publico-joven-los-jueves\/#breadcrumb\"},\"inLanguage\":\"es\",\"potentialAction\":[{\"@type\":\"ReadAction\",\"target\":[\"https:\/\/www.torreviejagastronomica.com\/la-asociacion-de-hosteleria-se-lanza-en-busca-del-publico-joven-los-jueves\/\"]}]},{\"@type\":\"ImageObject\",\"inLanguage\":\"es\",\"@id\":\"https:\/\/www.torreviejagastronomica.com\/la-asociacion-de-hosteleria-se-lanza-en-busca-del-publico-joven-los-jueves\/#primaryimage\",\"url\":\"https:\/\/www.torreviejagastronomica.com\/wp-content\/uploads\/2013\/01\/juevestapaslaverdad.jpg\",\"contentUrl\":\"https:\/\/www.torreviejagastronomica.com\/wp-content\/uploads\/2013\/01\/juevestapaslaverdad.jpg\",\"width\":300,\"height\":251,\"caption\":\"Presentaci\u00f3n Jueves Tapas Torrevieja\"},{\"@type\":\"BreadcrumbList\",\"@id\":\"https:\/\/www.torreviejagastronomica.com\/la-asociacion-de-hosteleria-se-lanza-en-busca-del-publico-joven-los-jueves\/#breadcrumb\",\"itemListElement\":[{\"@type\":\"ListItem\",\"position\":1,\"name\":\"Portada\",\"item\":\"https:\/\/www.torreviejagastronomica.com\/\"},{\"@type\":\"ListItem\",\"position\":2,\"name\":\"La Asociaci\u00f3n de Hosteler\u00eda se lanza en busca del p\u00fablico joven los jueves.\"}]},{\"@type\":\"WebSite\",\"@id\":\"https:\/\/www.torreviejagastronomica.com\/#website\",\"url\":\"https:\/\/www.torreviejagastronomica.com\/\",\"name\":\"Torrevieja Gastron\u00f3mica\",\"description\":\"Asociaci\u00f3n Hosteler\u00eda Torrevieja y Comarca\",\"publisher\":{\"@id\":\"https:\/\/www.torreviejagastronomica.com\/#organization\"},\"potentialAction\":[{\"@type\":\"SearchAction\",\"target\":{\"@type\":\"EntryPoint\",\"urlTemplate\":\"https:\/\/www.torreviejagastronomica.com\/?s={search_term_string}\"},\"query-input\":{\"@type\":\"PropertyValueSpecification\",\"valueRequired\":true,\"valueName\":\"search_term_string\"}}],\"inLanguage\":\"es\"},{\"@type\":\"Organization\",\"@id\":\"https:\/\/www.torreviejagastronomica.com\/#organization\",\"name\":\"Torrevieja Gastron\u00f3mica\",\"url\":\"https:\/\/www.torreviejagastronomica.com\/\",\"logo\":{\"@type\":\"ImageObject\",\"inLanguage\":\"es\",\"@id\":\"https:\/\/www.torreviejagastronomica.com\/#\/schema\/logo\/image\/\",\"url\":\"https:\/\/www.torreviejagastronomica.com\/wp-content\/uploads\/2023\/09\/Logo-Torrevieja-Gastronomica.png\",\"contentUrl\":\"https:\/\/www.torreviejagastronomica.com\/wp-content\/uploads\/2023\/09\/Logo-Torrevieja-Gastronomica.png\",\"width\":350,\"height\":100,\"caption\":\"Torrevieja Gastron\u00f3mica\"},\"image\":{\"@id\":\"https:\/\/www.torreviejagastronomica.com\/#\/schema\/logo\/image\/\"}},{\"@type\":\"Person\",\"@id\":\"https:\/\/www.torreviejagastronomica.com\/#\/schema\/person\/43c1ae0a05eb24e94513f69078cd11a7\",\"name\":\"admin\",\"image\":{\"@type\":\"ImageObject\",\"inLanguage\":\"es\",\"@id\":\"https:\/\/www.torreviejagastronomica.com\/#\/schema\/person\/image\/\",\"url\":\"https:\/\/secure.gravatar.com\/avatar\/6497fb95944786a8c3310104dbce94031a7dee2c3b2645b425bfeeec49855f50?s=96&d=mm&r=g\",\"contentUrl\":\"https:\/\/secure.gravatar.com\/avatar\/6497fb95944786a8c3310104dbce94031a7dee2c3b2645b425bfeeec49855f50?s=96&d=mm&r=g\",\"caption\":\"admin\"},\"url\":\"https:\/\/www.torreviejagastronomica.com\/es\/author\/admin\/\"}]}<\/script>\n<!-- \/ Yoast SEO plugin. -->","yoast_head_json":{"title":"La Asociaci\u00f3n de Hosteler\u00eda se lanza en busca del p\u00fablico joven los jueves. - Torrevieja Gastron\u00f3mica","robots":{"index":"index","follow":"follow","max-snippet":"max-snippet:-1","max-image-preview":"max-image-preview:large","max-video-preview":"max-video-preview:-1"},"canonical":"https:\/\/www.torreviejagastronomica.com\/es\/la-asociacion-de-hosteleria-se-lanza-en-busca-del-publico-joven-los-jueves\/","og_locale":"es_ES","og_type":"article","og_title":"La Asociaci\u00f3n de Hosteler\u00eda se lanza en busca del p\u00fablico joven los jueves. - Torrevieja Gastron\u00f3mica","og_description":"Fuente: \u00ablaverdad.es\u00ab Presentan una nueva campa\u00f1a de ruta semanal que tendr\u00e1 lugar hasta el 21 de marzo bajo el nombre de &#8216;Tapas jueves&#8217;, al precio de 2 euros Desde ma\u00f1ana y hasta el 21 de marzo, cuarenta establecimientos miembros de la Asociaci\u00f3n de Empresarios de la Hosteler\u00eda de Torrevieja y Comarca se unen para llevar [&hellip;]","og_url":"https:\/\/www.torreviejagastronomica.com\/es\/la-asociacion-de-hosteleria-se-lanza-en-busca-del-publico-joven-los-jueves\/","og_site_name":"Torrevieja Gastron\u00f3mica","article_published_time":"2013-01-16T09:27:10+00:00","og_image":[{"width":300,"height":251,"url":"https:\/\/www.torreviejagastronomica.com\/wp-content\/uploads\/2013\/01\/juevestapaslaverdad.jpg","type":"image\/jpeg"}],"author":"admin","twitter_card":"summary_large_image","twitter_misc":{"Escrito por":"admin","Tiempo de lectura":"3 minutos"},"schema":{"@context":"https:\/\/schema.org","@graph":[{"@type":"Article","@id":"https:\/\/www.torreviejagastronomica.com\/la-asociacion-de-hosteleria-se-lanza-en-busca-del-publico-joven-los-jueves\/#article","isPartOf":{"@id":"https:\/\/www.torreviejagastronomica.com\/la-asociacion-de-hosteleria-se-lanza-en-busca-del-publico-joven-los-jueves\/"},"author":{"name":"admin","@id":"https:\/\/www.torreviejagastronomica.com\/#\/schema\/person\/43c1ae0a05eb24e94513f69078cd11a7"},"headline":"La Asociaci\u00f3n de Hosteler\u00eda se lanza en busca del p\u00fablico joven los jueves.","datePublished":"2013-01-16T09:27:10+00:00","mainEntityOfPage":{"@id":"https:\/\/www.torreviejagastronomica.com\/la-asociacion-de-hosteleria-se-lanza-en-busca-del-publico-joven-los-jueves\/"},"wordCount":592,"publisher":{"@id":"https:\/\/www.torreviejagastronomica.com\/#organization"},"image":{"@id":"https:\/\/www.torreviejagastronomica.com\/la-asociacion-de-hosteleria-se-lanza-en-busca-del-publico-joven-los-jueves\/#primaryimage"},"thumbnailUrl":"https:\/\/www.torreviejagastronomica.com\/wp-content\/uploads\/2013\/01\/juevestapaslaverdad.jpg","keywords":["asociaci\u00f3n hosteler\u00eda","cervezas","rutas","tapas","torrevieja"],"articleSection":["Bares y Restaurantes","Eventos"],"inLanguage":"es"},{"@type":"WebPage","@id":"https:\/\/www.torreviejagastronomica.com\/la-asociacion-de-hosteleria-se-lanza-en-busca-del-publico-joven-los-jueves\/","url":"https:\/\/www.torreviejagastronomica.com\/la-asociacion-de-hosteleria-se-lanza-en-busca-del-publico-joven-los-jueves\/","name":"La Asociaci\u00f3n de Hosteler\u00eda se lanza en busca del p\u00fablico joven los jueves. - Torrevieja Gastron\u00f3mica","isPartOf":{"@id":"https:\/\/www.torreviejagastronomica.com\/#website"},"primaryImageOfPage":{"@id":"https:\/\/www.torreviejagastronomica.com\/la-asociacion-de-hosteleria-se-lanza-en-busca-del-publico-joven-los-jueves\/#primaryimage"},"image":{"@id":"https:\/\/www.torreviejagastronomica.com\/la-asociacion-de-hosteleria-se-lanza-en-busca-del-publico-joven-los-jueves\/#primaryimage"},"thumbnailUrl":"https:\/\/www.torreviejagastronomica.com\/wp-content\/uploads\/2013\/01\/juevestapaslaverdad.jpg","datePublished":"2013-01-16T09:27:10+00:00","breadcrumb":{"@id":"https:\/\/www.torreviejagastronomica.com\/la-asociacion-de-hosteleria-se-lanza-en-busca-del-publico-joven-los-jueves\/#breadcrumb"},"inLanguage":"es","potentialAction":[{"@type":"ReadAction","target":["https:\/\/www.torreviejagastronomica.com\/la-asociacion-de-hosteleria-se-lanza-en-busca-del-publico-joven-los-jueves\/"]}]},{"@type":"ImageObject","inLanguage":"es","@id":"https:\/\/www.torreviejagastronomica.com\/la-asociacion-de-hosteleria-se-lanza-en-busca-del-publico-joven-los-jueves\/#primaryimage","url":"https:\/\/www.torreviejagastronomica.com\/wp-content\/uploads\/2013\/01\/juevestapaslaverdad.jpg","contentUrl":"https:\/\/www.torreviejagastronomica.com\/wp-content\/uploads\/2013\/01\/juevestapaslaverdad.jpg","width":300,"height":251,"caption":"Presentaci\u00f3n Jueves Tapas Torrevieja"},{"@type":"BreadcrumbList","@id":"https:\/\/www.torreviejagastronomica.com\/la-asociacion-de-hosteleria-se-lanza-en-busca-del-publico-joven-los-jueves\/#breadcrumb","itemListElement":[{"@type":"ListItem","position":1,"name":"Portada","item":"https:\/\/www.torreviejagastronomica.com\/"},{"@type":"ListItem","position":2,"name":"La Asociaci\u00f3n de Hosteler\u00eda se lanza en busca del p\u00fablico joven los jueves."}]},{"@type":"WebSite","@id":"https:\/\/www.torreviejagastronomica.com\/#website","url":"https:\/\/www.torreviejagastronomica.com\/","name":"Torrevieja Gastron\u00f3mica","description":"Asociaci\u00f3n Hosteler\u00eda Torrevieja y Comarca","publisher":{"@id":"https:\/\/www.torreviejagastronomica.com\/#organization"},"potentialAction":[{"@type":"SearchAction","target":{"@type":"EntryPoint","urlTemplate":"https:\/\/www.torreviejagastronomica.com\/?s={search_term_string}"},"query-input":{"@type":"PropertyValueSpecification","valueRequired":true,"valueName":"search_term_string"}}],"inLanguage":"es"},{"@type":"Organization","@id":"https:\/\/www.torreviejagastronomica.com\/#organization","name":"Torrevieja Gastron\u00f3mica","url":"https:\/\/www.torreviejagastronomica.com\/","logo":{"@type":"ImageObject","inLanguage":"es","@id":"https:\/\/www.torreviejagastronomica.com\/#\/schema\/logo\/image\/","url":"https:\/\/www.torreviejagastronomica.com\/wp-content\/uploads\/2023\/09\/Logo-Torrevieja-Gastronomica.png","contentUrl":"https:\/\/www.torreviejagastronomica.com\/wp-content\/uploads\/2023\/09\/Logo-Torrevieja-Gastronomica.png","width":350,"height":100,"caption":"Torrevieja Gastron\u00f3mica"},"image":{"@id":"https:\/\/www.torreviejagastronomica.com\/#\/schema\/logo\/image\/"}},{"@type":"Person","@id":"https:\/\/www.torreviejagastronomica.com\/#\/schema\/person\/43c1ae0a05eb24e94513f69078cd11a7","name":"admin","image":{"@type":"ImageObject","inLanguage":"es","@id":"https:\/\/www.torreviejagastronomica.com\/#\/schema\/person\/image\/","url":"https:\/\/secure.gravatar.com\/avatar\/6497fb95944786a8c3310104dbce94031a7dee2c3b2645b425bfeeec49855f50?s=96&d=mm&r=g","contentUrl":"https:\/\/secure.gravatar.com\/avatar\/6497fb95944786a8c3310104dbce94031a7dee2c3b2645b425bfeeec49855f50?s=96&d=mm&r=g","caption":"admin"},"url":"https:\/\/www.torreviejagastronomica.com\/es\/author\/admin\/"}]}},"_links":{"self":[{"href":"https:\/\/www.torreviejagastronomica.com\/es\/wp-json\/wp\/v2\/posts\/333","targetHints":{"allow":["GET"]}}],"collection":[{"href":"https:\/\/www.torreviejagastronomica.com\/es\/wp-json\/wp\/v2\/posts"}],"about":[{"href":"https:\/\/www.torreviejagastronomica.com\/es\/wp-json\/wp\/v2\/types\/post"}],"author":[{"embeddable":true,"href":"https:\/\/www.torreviejagastronomica.com\/es\/wp-json\/wp\/v2\/users\/3"}],"replies":[{"embeddable":true,"href":"https:\/\/www.torreviejagastronomica.com\/es\/wp-json\/wp\/v2\/comments?post=333"}],"version-history":[{"count":0,"href":"https:\/\/www.torreviejagastronomica.com\/es\/wp-json\/wp\/v2\/posts\/333\/revisions"}],"wp:featuredmedia":[{"embeddable":true,"href":"https:\/\/www.torreviejagastronomica.com\/es\/wp-json\/wp\/v2\/media\/250"}],"wp:attachment":[{"href":"https:\/\/www.torreviejagastronomica.com\/es\/wp-json\/wp\/v2\/media?parent=333"}],"wp:term":[{"taxonomy":"category","embeddable":true,"href":"https:\/\/www.torreviejagastronomica.com\/es\/wp-json\/wp\/v2\/categories?post=333"},{"taxonomy":"post_tag","embeddable":true,"href":"https:\/\/www.torreviejagastronomica.com\/es\/wp-json\/wp\/v2\/tags?post=333"}],"curies":[{"name":"wp","href":"https:\/\/api.w.org\/{rel}","templated":true}]}}