{"id":3105,"date":"2022-06-02T15:40:05","date_gmt":"2022-06-02T15:40:05","guid":{"rendered":"https:\/\/www.torreviejagastronomica.com\/?p=3105"},"modified":"2022-06-02T15:40:05","modified_gmt":"2022-06-02T15:40:05","slug":"ofertas-de-empleo","status":"publish","type":"post","link":"https:\/\/www.torreviejagastronomica.com\/es\/ofertas-de-empleo\/","title":{"rendered":"Ofertas de Empleo"},"content":{"rendered":"<p>Desde Torrevieja Gastronom\u00eda damos a conocer las ofertas de empleo que nos remiten nuestros asociados.<\/p>\n<p>A Estribor Restaurante<\/p>\n<p>\u00bfQuieres unirte a nuestro equipo?<\/p>\n<p>Buscamos:<br \/>\n\u27a1 Camareros\/as<br \/>\n\u27a1 Cocinero\/a<br \/>\n\u27a1 Freganch\u00edn<br \/>\n\u00bfTe interesa?<br \/>\n\ud83d\udce9 Env\u00eda tu CV: compras@grupojyg.es<br \/>\n\u260e\ufe0f 656 39 04 70 (Johana)<\/p>\n<p>Subway La Zenia<br \/>\nBuscamos:<br \/>\n\u27a1 Preparador de bocadillos frente al cliente<br \/>\n\u27a1 Julio y Agosto<br \/>\n\u27a1 Centro Comercial Zenia Boulevard<br \/>\n\ud83d\udce9 Env\u00eda tu CV: subwayvegabaja@gmail.com<br \/>\n\u260e\ufe0f 637869818)<\/p>\n<p>Shannon Tavern<br \/>\nBuscamos:<br \/>\n\u27a1 Camarero\/a con experiencia<br \/>\n\u27a1 Manejo de Banda<br \/>\n\u27a1 Idioma: Espa\u00f1ol e Ingl\u00e9s<br \/>\n\ud83d\udce9 Env\u00eda tu CV: cv.info.pub@gmail.com<br \/>\n\u260e\ufe0f 669273074<\/p>\n<p>Restaurante Las Villas<\/p>\n<p>\u00bfQuieres unirte a nuestro equipo?<\/p>\n<p>Buscamos:<br \/>\n\u27a1 2 Camareros\/as de barra<\/p>\n<p>\u00bfTe interesa?<br \/>\n\ud83d\udce9 Env\u00eda tu CV: restaurantelasvillas@hotmail.com<br \/>\n\u260e\ufe0f 965 32 00 05 (Juanjo)<\/p>\n<p>Bar Cervecer\u00eda La Gaviota<br \/>\n\u27a1 2 Camareros en Barra<br \/>\n\ud83d\udce9 Env\u00eda tu CV: lagaviota.torrevieja@hotmail.com<br \/>\n\u260e\ufe0f 966 70 81 59 y 606 10 2102 (Jos\u00e9)<\/p>\n","protected":false},"excerpt":{"rendered":"<p>Desde Torrevieja Gastronom\u00eda damos a conocer las ofertas de empleo que nos remiten nuestros asociados. A Estribor Restaurante \u00bfQuieres unirte a nuestro equipo? Buscamos: \u27a1 Camareros\/as \u27a1 Cocinero\/a \u27a1 Freganch\u00edn \u00bfTe interesa? \ud83d\udce9 Env\u00eda tu CV: compras@grupojyg.es \u260e\ufe0f 656 39 04 70 (Johana) Subway La Zenia Buscamos: \u27a1 Preparador de bocadillos frente al cliente \u27a1 [&hellip;]<\/p>\n","protected":false},"author":4,"featured_media":3106,"comment_status":"closed","ping_status":"open","sticky":false,"template":"","format":"standard","meta":{"footnotes":""},"categories":[7],"tags":[63,64],"class_list":["post-3105","post","type-post","status-publish","format-standard","has-post-thumbnail","hentry","category-noticias","tag-empleo","tag-ofertas-de-empleo"],"yoast_head":"<!-- This site is optimized with the Yoast SEO plugin v25.7 - https:\/\/yoast.com\/wordpress\/plugins\/seo\/ -->\n<title>Ofertas de Empleo - Torrevieja Gastron\u00f3mica<\/title>\n<meta name=\"robots\" content=\"index, follow, max-snippet:-1, max-image-preview:large, max-video-preview:-1\" \/>\n<link rel=\"canonical\" href=\"https:\/\/www.torreviejagastronomica.com\/es\/ofertas-de-empleo\/\" \/>\n<meta property=\"og:locale\" content=\"es_ES\" \/>\n<meta property=\"og:type\" content=\"article\" \/>\n<meta property=\"og:title\" content=\"Ofertas de Empleo - Torrevieja Gastron\u00f3mica\" \/>\n<meta property=\"og:description\" content=\"Desde Torrevieja Gastronom\u00eda damos a conocer las ofertas de empleo que nos remiten nuestros asociados. A Estribor Restaurante \u00bfQuieres unirte a nuestro equipo? Buscamos: \u27a1 Camareros\/as \u27a1 Cocinero\/a \u27a1 Freganch\u00edn \u00bfTe interesa? \ud83d\udce9 Env\u00eda tu CV: compras@grupojyg.es \u260e\ufe0f 656 39 04 70 (Johana) Subway La Zenia Buscamos: \u27a1 Preparador de bocadillos frente al cliente \u27a1 [&hellip;]\" \/>\n<meta property=\"og:url\" content=\"https:\/\/www.torreviejagastronomica.com\/es\/ofertas-de-empleo\/\" \/>\n<meta property=\"og:site_name\" content=\"Torrevieja Gastron\u00f3mica\" \/>\n<meta property=\"article:published_time\" content=\"2022-06-02T15:40:05+00:00\" \/>\n<meta property=\"og:image\" content=\"https:\/\/www.torreviejagastronomica.com\/wp-content\/uploads\/2022\/06\/logo_asociacion_de_hosteleria_816733593.jpg\" \/>\n\t<meta property=\"og:image:width\" content=\"500\" \/>\n\t<meta property=\"og:image:height\" content=\"609\" \/>\n\t<meta property=\"og:image:type\" content=\"image\/jpeg\" \/>\n<meta name=\"author\" content=\"Asociaci\u00f3n de Empresas de Hosteler\u00eda de Torrevieja y Comarca\" \/>\n<meta name=\"twitter:card\" content=\"summary_large_image\" \/>\n<meta name=\"twitter:label1\" content=\"Escrito por\" \/>\n\t<meta name=\"twitter:data1\" content=\"Asociaci\u00f3n de Empresas de Hosteler\u00eda de Torrevieja y Comarca\" \/>\n\t<meta name=\"twitter:label2\" content=\"Tiempo de lectura\" \/>\n\t<meta name=\"twitter:data2\" content=\"1 minuto\" \/>\n<script type=\"application\/ld+json\" class=\"yoast-schema-graph\">{\"@context\":\"https:\/\/schema.org\",\"@graph\":[{\"@type\":\"Article\",\"@id\":\"https:\/\/www.torreviejagastronomica.com\/ofertas-de-empleo\/#article\",\"isPartOf\":{\"@id\":\"https:\/\/www.torreviejagastronomica.com\/ofertas-de-empleo\/\"},\"author\":{\"name\":\"Asociaci\u00f3n de Empresas de Hosteler\u00eda de Torrevieja y Comarca\",\"@id\":\"https:\/\/www.torreviejagastronomica.com\/#\/schema\/person\/9e0116f808f941d46f9baadf5335f0a9\"},\"headline\":\"Ofertas de Empleo\",\"datePublished\":\"2022-06-02T15:40:05+00:00\",\"mainEntityOfPage\":{\"@id\":\"https:\/\/www.torreviejagastronomica.com\/ofertas-de-empleo\/\"},\"wordCount\":134,\"publisher\":{\"@id\":\"https:\/\/www.torreviejagastronomica.com\/#organization\"},\"image\":{\"@id\":\"https:\/\/www.torreviejagastronomica.com\/ofertas-de-empleo\/#primaryimage\"},\"thumbnailUrl\":\"https:\/\/www.torreviejagastronomica.com\/wp-content\/uploads\/2022\/06\/logo_asociacion_de_hosteleria_816733593.jpg\",\"keywords\":[\"Empleo\",\"Ofertas de Empleo\"],\"articleSection\":[\"Noticias\"],\"inLanguage\":\"es\"},{\"@type\":\"WebPage\",\"@id\":\"https:\/\/www.torreviejagastronomica.com\/ofertas-de-empleo\/\",\"url\":\"https:\/\/www.torreviejagastronomica.com\/ofertas-de-empleo\/\",\"name\":\"Ofertas de Empleo - Torrevieja Gastron\u00f3mica\",\"isPartOf\":{\"@id\":\"https:\/\/www.torreviejagastronomica.com\/#website\"},\"primaryImageOfPage\":{\"@id\":\"https:\/\/www.torreviejagastronomica.com\/ofertas-de-empleo\/#primaryimage\"},\"image\":{\"@id\":\"https:\/\/www.torreviejagastronomica.com\/ofertas-de-empleo\/#primaryimage\"},\"thumbnailUrl\":\"https:\/\/www.torreviejagastronomica.com\/wp-content\/uploads\/2022\/06\/logo_asociacion_de_hosteleria_816733593.jpg\",\"datePublished\":\"2022-06-02T15:40:05+00:00\",\"breadcrumb\":{\"@id\":\"https:\/\/www.torreviejagastronomica.com\/ofertas-de-empleo\/#breadcrumb\"},\"inLanguage\":\"es\",\"potentialAction\":[{\"@type\":\"ReadAction\",\"target\":[\"https:\/\/www.torreviejagastronomica.com\/ofertas-de-empleo\/\"]}]},{\"@type\":\"ImageObject\",\"inLanguage\":\"es\",\"@id\":\"https:\/\/www.torreviejagastronomica.com\/ofertas-de-empleo\/#primaryimage\",\"url\":\"https:\/\/www.torreviejagastronomica.com\/wp-content\/uploads\/2022\/06\/logo_asociacion_de_hosteleria_816733593.jpg\",\"contentUrl\":\"https:\/\/www.torreviejagastronomica.com\/wp-content\/uploads\/2022\/06\/logo_asociacion_de_hosteleria_816733593.jpg\",\"width\":500,\"height\":609},{\"@type\":\"BreadcrumbList\",\"@id\":\"https:\/\/www.torreviejagastronomica.com\/ofertas-de-empleo\/#breadcrumb\",\"itemListElement\":[{\"@type\":\"ListItem\",\"position\":1,\"name\":\"Portada\",\"item\":\"https:\/\/www.torreviejagastronomica.com\/\"},{\"@type\":\"ListItem\",\"position\":2,\"name\":\"Ofertas de Empleo\"}]},{\"@type\":\"WebSite\",\"@id\":\"https:\/\/www.torreviejagastronomica.com\/#website\",\"url\":\"https:\/\/www.torreviejagastronomica.com\/\",\"name\":\"Torrevieja Gastron\u00f3mica\",\"description\":\"Asociaci\u00f3n Hosteler\u00eda Torrevieja y Comarca\",\"publisher\":{\"@id\":\"https:\/\/www.torreviejagastronomica.com\/#organization\"},\"potentialAction\":[{\"@type\":\"SearchAction\",\"target\":{\"@type\":\"EntryPoint\",\"urlTemplate\":\"https:\/\/www.torreviejagastronomica.com\/?s={search_term_string}\"},\"query-input\":{\"@type\":\"PropertyValueSpecification\",\"valueRequired\":true,\"valueName\":\"search_term_string\"}}],\"inLanguage\":\"es\"},{\"@type\":\"Organization\",\"@id\":\"https:\/\/www.torreviejagastronomica.com\/#organization\",\"name\":\"Torrevieja Gastron\u00f3mica\",\"url\":\"https:\/\/www.torreviejagastronomica.com\/\",\"logo\":{\"@type\":\"ImageObject\",\"inLanguage\":\"es\",\"@id\":\"https:\/\/www.torreviejagastronomica.com\/#\/schema\/logo\/image\/\",\"url\":\"https:\/\/www.torreviejagastronomica.com\/wp-content\/uploads\/2023\/09\/Logo-Torrevieja-Gastronomica.png\",\"contentUrl\":\"https:\/\/www.torreviejagastronomica.com\/wp-content\/uploads\/2023\/09\/Logo-Torrevieja-Gastronomica.png\",\"width\":350,\"height\":100,\"caption\":\"Torrevieja Gastron\u00f3mica\"},\"image\":{\"@id\":\"https:\/\/www.torreviejagastronomica.com\/#\/schema\/logo\/image\/\"}},{\"@type\":\"Person\",\"@id\":\"https:\/\/www.torreviejagastronomica.com\/#\/schema\/person\/9e0116f808f941d46f9baadf5335f0a9\",\"name\":\"Asociaci\u00f3n de Empresas de Hosteler\u00eda de Torrevieja y Comarca\",\"image\":{\"@type\":\"ImageObject\",\"inLanguage\":\"es\",\"@id\":\"https:\/\/www.torreviejagastronomica.com\/#\/schema\/person\/image\/\",\"url\":\"https:\/\/secure.gravatar.com\/avatar\/32ba6ba6e685fc061412a65c4a8a8b6caaf6d90d0985a737a4015d36e84d2d1f?s=96&d=mm&r=g\",\"contentUrl\":\"https:\/\/secure.gravatar.com\/avatar\/32ba6ba6e685fc061412a65c4a8a8b6caaf6d90d0985a737a4015d36e84d2d1f?s=96&d=mm&r=g\",\"caption\":\"Asociaci\u00f3n de Empresas de Hosteler\u00eda de Torrevieja y Comarca\"},\"url\":\"https:\/\/www.torreviejagastronomica.com\/es\/author\/hosteleria\/\"}]}<\/script>\n<!-- \/ Yoast SEO plugin. -->","yoast_head_json":{"title":"Ofertas de Empleo - Torrevieja Gastron\u00f3mica","robots":{"index":"index","follow":"follow","max-snippet":"max-snippet:-1","max-image-preview":"max-image-preview:large","max-video-preview":"max-video-preview:-1"},"canonical":"https:\/\/www.torreviejagastronomica.com\/es\/ofertas-de-empleo\/","og_locale":"es_ES","og_type":"article","og_title":"Ofertas de Empleo - Torrevieja Gastron\u00f3mica","og_description":"Desde Torrevieja Gastronom\u00eda damos a conocer las ofertas de empleo que nos remiten nuestros asociados. A Estribor Restaurante \u00bfQuieres unirte a nuestro equipo? Buscamos: \u27a1 Camareros\/as \u27a1 Cocinero\/a \u27a1 Freganch\u00edn \u00bfTe interesa? \ud83d\udce9 Env\u00eda tu CV: compras@grupojyg.es \u260e\ufe0f 656 39 04 70 (Johana) Subway La Zenia Buscamos: \u27a1 Preparador de bocadillos frente al cliente \u27a1 [&hellip;]","og_url":"https:\/\/www.torreviejagastronomica.com\/es\/ofertas-de-empleo\/","og_site_name":"Torrevieja Gastron\u00f3mica","article_published_time":"2022-06-02T15:40:05+00:00","og_image":[{"width":500,"height":609,"url":"https:\/\/www.torreviejagastronomica.com\/wp-content\/uploads\/2022\/06\/logo_asociacion_de_hosteleria_816733593.jpg","type":"image\/jpeg"}],"author":"Asociaci\u00f3n de Empresas de Hosteler\u00eda de Torrevieja y Comarca","twitter_card":"summary_large_image","twitter_misc":{"Escrito por":"Asociaci\u00f3n de Empresas de Hosteler\u00eda de Torrevieja y Comarca","Tiempo de lectura":"1 minuto"},"schema":{"@context":"https:\/\/schema.org","@graph":[{"@type":"Article","@id":"https:\/\/www.torreviejagastronomica.com\/ofertas-de-empleo\/#article","isPartOf":{"@id":"https:\/\/www.torreviejagastronomica.com\/ofertas-de-empleo\/"},"author":{"name":"Asociaci\u00f3n de Empresas de Hosteler\u00eda de Torrevieja y Comarca","@id":"https:\/\/www.torreviejagastronomica.com\/#\/schema\/person\/9e0116f808f941d46f9baadf5335f0a9"},"headline":"Ofertas de Empleo","datePublished":"2022-06-02T15:40:05+00:00","mainEntityOfPage":{"@id":"https:\/\/www.torreviejagastronomica.com\/ofertas-de-empleo\/"},"wordCount":134,"publisher":{"@id":"https:\/\/www.torreviejagastronomica.com\/#organization"},"image":{"@id":"https:\/\/www.torreviejagastronomica.com\/ofertas-de-empleo\/#primaryimage"},"thumbnailUrl":"https:\/\/www.torreviejagastronomica.com\/wp-content\/uploads\/2022\/06\/logo_asociacion_de_hosteleria_816733593.jpg","keywords":["Empleo","Ofertas de Empleo"],"articleSection":["Noticias"],"inLanguage":"es"},{"@type":"WebPage","@id":"https:\/\/www.torreviejagastronomica.com\/ofertas-de-empleo\/","url":"https:\/\/www.torreviejagastronomica.com\/ofertas-de-empleo\/","name":"Ofertas de Empleo - Torrevieja Gastron\u00f3mica","isPartOf":{"@id":"https:\/\/www.torreviejagastronomica.com\/#website"},"primaryImageOfPage":{"@id":"https:\/\/www.torreviejagastronomica.com\/ofertas-de-empleo\/#primaryimage"},"image":{"@id":"https:\/\/www.torreviejagastronomica.com\/ofertas-de-empleo\/#primaryimage"},"thumbnailUrl":"https:\/\/www.torreviejagastronomica.com\/wp-content\/uploads\/2022\/06\/logo_asociacion_de_hosteleria_816733593.jpg","datePublished":"2022-06-02T15:40:05+00:00","breadcrumb":{"@id":"https:\/\/www.torreviejagastronomica.com\/ofertas-de-empleo\/#breadcrumb"},"inLanguage":"es","potentialAction":[{"@type":"ReadAction","target":["https:\/\/www.torreviejagastronomica.com\/ofertas-de-empleo\/"]}]},{"@type":"ImageObject","inLanguage":"es","@id":"https:\/\/www.torreviejagastronomica.com\/ofertas-de-empleo\/#primaryimage","url":"https:\/\/www.torreviejagastronomica.com\/wp-content\/uploads\/2022\/06\/logo_asociacion_de_hosteleria_816733593.jpg","contentUrl":"https:\/\/www.torreviejagastronomica.com\/wp-content\/uploads\/2022\/06\/logo_asociacion_de_hosteleria_816733593.jpg","width":500,"height":609},{"@type":"BreadcrumbList","@id":"https:\/\/www.torreviejagastronomica.com\/ofertas-de-empleo\/#breadcrumb","itemListElement":[{"@type":"ListItem","position":1,"name":"Portada","item":"https:\/\/www.torreviejagastronomica.com\/"},{"@type":"ListItem","position":2,"name":"Ofertas de Empleo"}]},{"@type":"WebSite","@id":"https:\/\/www.torreviejagastronomica.com\/#website","url":"https:\/\/www.torreviejagastronomica.com\/","name":"Torrevieja Gastron\u00f3mica","description":"Asociaci\u00f3n Hosteler\u00eda Torrevieja y Comarca","publisher":{"@id":"https:\/\/www.torreviejagastronomica.com\/#organization"},"potentialAction":[{"@type":"SearchAction","target":{"@type":"EntryPoint","urlTemplate":"https:\/\/www.torreviejagastronomica.com\/?s={search_term_string}"},"query-input":{"@type":"PropertyValueSpecification","valueRequired":true,"valueName":"search_term_string"}}],"inLanguage":"es"},{"@type":"Organization","@id":"https:\/\/www.torreviejagastronomica.com\/#organization","name":"Torrevieja Gastron\u00f3mica","url":"https:\/\/www.torreviejagastronomica.com\/","logo":{"@type":"ImageObject","inLanguage":"es","@id":"https:\/\/www.torreviejagastronomica.com\/#\/schema\/logo\/image\/","url":"https:\/\/www.torreviejagastronomica.com\/wp-content\/uploads\/2023\/09\/Logo-Torrevieja-Gastronomica.png","contentUrl":"https:\/\/www.torreviejagastronomica.com\/wp-content\/uploads\/2023\/09\/Logo-Torrevieja-Gastronomica.png","width":350,"height":100,"caption":"Torrevieja Gastron\u00f3mica"},"image":{"@id":"https:\/\/www.torreviejagastronomica.com\/#\/schema\/logo\/image\/"}},{"@type":"Person","@id":"https:\/\/www.torreviejagastronomica.com\/#\/schema\/person\/9e0116f808f941d46f9baadf5335f0a9","name":"Asociaci\u00f3n de Empresas de Hosteler\u00eda de Torrevieja y Comarca","image":{"@type":"ImageObject","inLanguage":"es","@id":"https:\/\/www.torreviejagastronomica.com\/#\/schema\/person\/image\/","url":"https:\/\/secure.gravatar.com\/avatar\/32ba6ba6e685fc061412a65c4a8a8b6caaf6d90d0985a737a4015d36e84d2d1f?s=96&d=mm&r=g","contentUrl":"https:\/\/secure.gravatar.com\/avatar\/32ba6ba6e685fc061412a65c4a8a8b6caaf6d90d0985a737a4015d36e84d2d1f?s=96&d=mm&r=g","caption":"Asociaci\u00f3n de Empresas de Hosteler\u00eda de Torrevieja y Comarca"},"url":"https:\/\/www.torreviejagastronomica.com\/es\/author\/hosteleria\/"}]}},"_links":{"self":[{"href":"https:\/\/www.torreviejagastronomica.com\/es\/wp-json\/wp\/v2\/posts\/3105","targetHints":{"allow":["GET"]}}],"collection":[{"href":"https:\/\/www.torreviejagastronomica.com\/es\/wp-json\/wp\/v2\/posts"}],"about":[{"href":"https:\/\/www.torreviejagastronomica.com\/es\/wp-json\/wp\/v2\/types\/post"}],"author":[{"embeddable":true,"href":"https:\/\/www.torreviejagastronomica.com\/es\/wp-json\/wp\/v2\/users\/4"}],"replies":[{"embeddable":true,"href":"https:\/\/www.torreviejagastronomica.com\/es\/wp-json\/wp\/v2\/comments?post=3105"}],"version-history":[{"count":0,"href":"https:\/\/www.torreviejagastronomica.com\/es\/wp-json\/wp\/v2\/posts\/3105\/revisions"}],"wp:featuredmedia":[{"embeddable":true,"href":"https:\/\/www.torreviejagastronomica.com\/es\/wp-json\/wp\/v2\/media\/3106"}],"wp:attachment":[{"href":"https:\/\/www.torreviejagastronomica.com\/es\/wp-json\/wp\/v2\/media?parent=3105"}],"wp:term":[{"taxonomy":"category","embeddable":true,"href":"https:\/\/www.torreviejagastronomica.com\/es\/wp-json\/wp\/v2\/categories?post=3105"},{"taxonomy":"post_tag","embeddable":true,"href":"https:\/\/www.torreviejagastronomica.com\/es\/wp-json\/wp\/v2\/tags?post=3105"}],"curies":[{"name":"wp","href":"https:\/\/api.w.org\/{rel}","templated":true}]}}