{"id":2787,"date":"2020-02-20T08:50:45","date_gmt":"2020-02-20T08:50:45","guid":{"rendered":"https:\/\/www.torreviejagastronomica.com\/?p=2787"},"modified":"2020-02-20T08:50:45","modified_gmt":"2020-02-20T08:50:45","slug":"xlv-cena-de-hermandad-tenedores-de-oro-2020","status":"publish","type":"post","link":"https:\/\/www.torreviejagastronomica.com\/es\/xlv-cena-de-hermandad-tenedores-de-oro-2020\/","title":{"rendered":"XLV CENA DE HERMANDAD &#8211; TENEDORES DE ORO 2020"},"content":{"rendered":"<p>La Asociaci\u00f3n de Empresas de Hosteler\u00eda de Torrevieja y Comarca ha dado a conocer esta ma\u00f1ana en la sede de la Asociaci\u00f3n, los nombres de las personas y empresas que han sido distinguidos con los premios Tenedores de Oro 2020, elegidos por unanimidad de los miembros de la Junta Directiva de la Asociaci\u00f3n, bas\u00e1ndose en criterios de antig\u00fcedad, trayectoria y profesionalidad a:<\/p>\n<p><u>PLACA RECONOCIMIENTO EMPRESA 2020<\/u> \u2013 <span style=\"color: red;\">DIALSUR CASH &amp; CARRY TORREVIEJA<\/span><\/p>\n<p>Concedido a una empresa que mantiene v\u00ednculos directos con la hosteler\u00eda, con nuestros asociados y que colabora con la AEHTC en sus distintas actividades.<\/p>\n<p>&nbsp;<\/p>\n<p><u>MENCI\u00d3N DE HONOR DE LA HOSTELER\u00cdA 2020 &#8211;&nbsp; <\/u>&nbsp;<span style=\"color: red;\">MANUEL \u00c1NGEL CARO DOLS<\/span><\/p>\n<p>Reconocimiento p\u00fablico de aquellas personas que han dedicado y dedican una parte importante de sus vidas a la profesi\u00f3n, en cualquiera de sus distintas funciones.<\/p>\n<p>&nbsp;<\/p>\n<p><u>SOCIO DE HONOR 2020 <\/u>\u2013 <span style=\"color: red;\">MANUEL P\u00c9REZ CALVO<\/span><\/p>\n<p>Distintivo creado para reconocer p\u00fablicamente a asociados y personas que por su prestigio y por haber contribuido de modo relevante al desarrollo de la asociaci\u00f3n, se hagan acreedores de tal distinci\u00f3n.<\/p>\n<p>&nbsp;<\/p>\n<p><u>EMPRESA INNOVADORA 2020 \u2013 <\/u><span style=\"color: red;\">RESTAURANTE HABITUS<\/span><\/p>\n<p>Reconocimiento y distinci\u00f3n que se otorga a una empresa asociada por su continua innovaci\u00f3n y proyecci\u00f3n comercial.<\/p>\n<p>&nbsp;<\/p>\n<p><u>BANDEJA DE PLATA 2020 <\/u>\u2013 <span style=\"color: red;\">HELADER\u00cdA VALDES LA MATA PLAYA<\/span><\/p>\n<p>&nbsp;<\/p>\n<p>Distinci\u00f3n que la Asociaci\u00f3n concede a locales de hosteler\u00eda asociados que han destacado por su trayectoria y buen hacer<\/p>\n<p>&nbsp;<\/p>\n<p><u>COCTELERA DE PLATA 2020 <\/u>&#8211;&nbsp;&nbsp; <span style=\"color: red;\">RAM\u00cb COCKTAILS &amp; FOOD&nbsp;<\/span><\/p>\n<p>Reconocimiento y distinci\u00f3n que se otorga a pubs, salas de fiestas, locales de ocio nocturno asociados.<\/p>\n<p>&nbsp;<\/p>\n<p><u>TENEDOR DE ORO 2020 \u2013<\/u> <span style=\"color: red;\">RESTAURANTE RINC\u00d3N DE CAPIS<\/span><\/p>\n<p>M\u00e1ximo galard\u00f3n que la Asociaci\u00f3n otorga a un propietario de establecimiento asociado como reconocimiento p\u00fablico a su labor en el sector hostelero.<\/p>\n<p>&nbsp;<\/p>\n<p>&nbsp;<\/p>\n<p>&nbsp;&nbsp;&nbsp;&nbsp;&nbsp;&nbsp;&nbsp;&nbsp;&nbsp;&nbsp;&nbsp;&nbsp;&nbsp;&nbsp; La Junta Directiva de la Asociaci\u00f3n junto con los premiados han estado acompa\u00f1ados en el acto de presentaci\u00f3n por la Concejal de Hosteler\u00eda, Rosario Mart\u00ednez quien ha felicitado a los premiados y ha reconocido la gran labor del sector hostelero de la ciudad.<a href=\"https:\/\/todo-torrevieja.com\/\">&nbsp;Torrevieja informaci\u00f3n<\/a>.<\/p>\n<p>&nbsp;<\/p>\n<p>&nbsp;&nbsp;&nbsp;&nbsp;&nbsp;&nbsp;&nbsp;&nbsp;&nbsp;&nbsp;&nbsp; Las distinciones se entregar\u00e1n en la XLV (cuadrag\u00e9simo quinta) Cena de Hermandad de la Asociaci\u00f3n de Empresas de Hosteler\u00eda de Torrevieja y Comarca que se celebrar\u00e1 el lunes 23 de marzo en el Restaurante Insaciable.<\/p>\n<p>&nbsp;<\/p>\n<p><a href=\"https:\/\/www.torreviejagastronomica.com\/wp-content\/uploads\/2020\/02\/Foto-Presentacion-Tenedores-de-Oro-2020-.jpeg\"><img decoding=\"async\" class=\"aligncenter size-full wp-image-2790\" src=\"https:\/\/www.torreviejagastronomica.com\/wp-content\/uploads\/2020\/02\/Foto-Presentacion-Tenedores-de-Oro-2020-.jpeg\" alt=\"\" width=\"1600\" srcset=\"https:\/\/www.torreviejagastronomica.com\/wp-content\/uploads\/2020\/02\/Foto-Presentacion-Tenedores-de-Oro-2020-.jpeg 1600w, https:\/\/www.torreviejagastronomica.com\/wp-content\/uploads\/2020\/02\/Foto-Presentacion-Tenedores-de-Oro-2020--300x146.jpeg 300w, https:\/\/www.torreviejagastronomica.com\/wp-content\/uploads\/2020\/02\/Foto-Presentacion-Tenedores-de-Oro-2020--1024x497.jpeg 1024w, https:\/\/www.torreviejagastronomica.com\/wp-content\/uploads\/2020\/02\/Foto-Presentacion-Tenedores-de-Oro-2020--768x373.jpeg 768w, https:\/\/www.torreviejagastronomica.com\/wp-content\/uploads\/2020\/02\/Foto-Presentacion-Tenedores-de-Oro-2020--1536x746.jpeg 1536w\" sizes=\"(max-width: 1600px) 100vw, 1600px\" \/><\/a><a href=\"https:\/\/www.torreviejagastronomica.com\/wp-content\/uploads\/2020\/02\/Foto-Presentacion-Tenedores-de-Oro-2020-1.jpeg\"><img decoding=\"async\" class=\"aligncenter size-full wp-image-2791\" src=\"https:\/\/www.torreviejagastronomica.com\/wp-content\/uploads\/2020\/02\/Foto-Presentacion-Tenedores-de-Oro-2020-1.jpeg\" alt=\"\" width=\"1600\" srcset=\"https:\/\/www.torreviejagastronomica.com\/wp-content\/uploads\/2020\/02\/Foto-Presentacion-Tenedores-de-Oro-2020-1.jpeg 1600w, https:\/\/www.torreviejagastronomica.com\/wp-content\/uploads\/2020\/02\/Foto-Presentacion-Tenedores-de-Oro-2020-1-300x146.jpeg 300w, https:\/\/www.torreviejagastronomica.com\/wp-content\/uploads\/2020\/02\/Foto-Presentacion-Tenedores-de-Oro-2020-1-1024x497.jpeg 1024w, https:\/\/www.torreviejagastronomica.com\/wp-content\/uploads\/2020\/02\/Foto-Presentacion-Tenedores-de-Oro-2020-1-768x373.jpeg 768w, https:\/\/www.torreviejagastronomica.com\/wp-content\/uploads\/2020\/02\/Foto-Presentacion-Tenedores-de-Oro-2020-1-1536x746.jpeg 1536w\" sizes=\"(max-width: 1600px) 100vw, 1600px\" \/><\/a><a href=\"https:\/\/www.torreviejagastronomica.com\/wp-content\/uploads\/2020\/02\/Foto-Presentacion-Tenedores-de-Oro-2020.jpeg\"><img decoding=\"async\" class=\"aligncenter size-full wp-image-2789\" src=\"https:\/\/www.torreviejagastronomica.com\/wp-content\/uploads\/2020\/02\/Foto-Presentacion-Tenedores-de-Oro-2020.jpeg\" alt=\"\" width=\"1600\" srcset=\"https:\/\/www.torreviejagastronomica.com\/wp-content\/uploads\/2020\/02\/Foto-Presentacion-Tenedores-de-Oro-2020.jpeg 1600w, https:\/\/www.torreviejagastronomica.com\/wp-content\/uploads\/2020\/02\/Foto-Presentacion-Tenedores-de-Oro-2020-300x146.jpeg 300w, https:\/\/www.torreviejagastronomica.com\/wp-content\/uploads\/2020\/02\/Foto-Presentacion-Tenedores-de-Oro-2020-1024x497.jpeg 1024w, https:\/\/www.torreviejagastronomica.com\/wp-content\/uploads\/2020\/02\/Foto-Presentacion-Tenedores-de-Oro-2020-768x373.jpeg 768w, https:\/\/www.torreviejagastronomica.com\/wp-content\/uploads\/2020\/02\/Foto-Presentacion-Tenedores-de-Oro-2020-1536x746.jpeg 1536w\" sizes=\"(max-width: 1600px) 100vw, 1600px\" \/><\/a><\/p>\n","protected":false},"excerpt":{"rendered":"<p>La Asociaci\u00f3n de Empresas de Hosteler\u00eda de Torrevieja y Comarca ha dado a conocer esta ma\u00f1ana en la sede de la Asociaci\u00f3n, los nombres de las personas y empresas que han sido distinguidos con los premios Tenedores de Oro 2020, elegidos por unanimidad de los miembros de la Junta Directiva de la Asociaci\u00f3n, bas\u00e1ndose en [&hellip;]<\/p>\n","protected":false},"author":3,"featured_media":2789,"comment_status":"closed","ping_status":"open","sticky":false,"template":"","format":"standard","meta":{"footnotes":""},"categories":[8,7],"tags":[],"class_list":["post-2787","post","type-post","status-publish","format-standard","has-post-thumbnail","hentry","category-eventos","category-noticias"],"yoast_head":"<!-- This site is optimized with the Yoast SEO plugin v25.7 - https:\/\/yoast.com\/wordpress\/plugins\/seo\/ -->\n<title>XLV CENA DE HERMANDAD - TENEDORES DE ORO 2020 - Torrevieja Gastron\u00f3mica<\/title>\n<meta name=\"robots\" content=\"index, follow, max-snippet:-1, max-image-preview:large, max-video-preview:-1\" \/>\n<link rel=\"canonical\" href=\"https:\/\/www.torreviejagastronomica.com\/es\/xlv-cena-de-hermandad-tenedores-de-oro-2020\/\" \/>\n<meta property=\"og:locale\" content=\"es_ES\" \/>\n<meta property=\"og:type\" content=\"article\" \/>\n<meta property=\"og:title\" content=\"XLV CENA DE HERMANDAD - TENEDORES DE ORO 2020 - Torrevieja Gastron\u00f3mica\" \/>\n<meta property=\"og:description\" content=\"La Asociaci\u00f3n de Empresas de Hosteler\u00eda de Torrevieja y Comarca ha dado a conocer esta ma\u00f1ana en la sede de la Asociaci\u00f3n, los nombres de las personas y empresas que han sido distinguidos con los premios Tenedores de Oro 2020, elegidos por unanimidad de los miembros de la Junta Directiva de la Asociaci\u00f3n, bas\u00e1ndose en [&hellip;]\" \/>\n<meta property=\"og:url\" content=\"https:\/\/www.torreviejagastronomica.com\/es\/xlv-cena-de-hermandad-tenedores-de-oro-2020\/\" \/>\n<meta property=\"og:site_name\" content=\"Torrevieja Gastron\u00f3mica\" \/>\n<meta property=\"article:published_time\" content=\"2020-02-20T08:50:45+00:00\" \/>\n<meta property=\"og:image\" content=\"https:\/\/www.torreviejagastronomica.com\/wp-content\/uploads\/2020\/02\/Foto-Presentacion-Tenedores-de-Oro-2020.jpeg\" \/>\n\t<meta property=\"og:image:width\" content=\"1600\" \/>\n\t<meta property=\"og:image:height\" content=\"777\" \/>\n\t<meta property=\"og:image:type\" content=\"image\/jpeg\" \/>\n<meta name=\"author\" content=\"admin\" \/>\n<meta name=\"twitter:card\" content=\"summary_large_image\" \/>\n<meta name=\"twitter:label1\" content=\"Escrito por\" \/>\n\t<meta name=\"twitter:data1\" content=\"admin\" \/>\n\t<meta name=\"twitter:label2\" content=\"Tiempo de lectura\" \/>\n\t<meta name=\"twitter:data2\" content=\"2 minutos\" \/>\n<script type=\"application\/ld+json\" class=\"yoast-schema-graph\">{\"@context\":\"https:\/\/schema.org\",\"@graph\":[{\"@type\":\"Article\",\"@id\":\"https:\/\/www.torreviejagastronomica.com\/xlv-cena-de-hermandad-tenedores-de-oro-2020\/#article\",\"isPartOf\":{\"@id\":\"https:\/\/www.torreviejagastronomica.com\/xlv-cena-de-hermandad-tenedores-de-oro-2020\/\"},\"author\":{\"name\":\"admin\",\"@id\":\"https:\/\/www.torreviejagastronomica.com\/#\/schema\/person\/43c1ae0a05eb24e94513f69078cd11a7\"},\"headline\":\"XLV CENA DE HERMANDAD &#8211; TENEDORES DE ORO 2020\",\"datePublished\":\"2020-02-20T08:50:45+00:00\",\"mainEntityOfPage\":{\"@id\":\"https:\/\/www.torreviejagastronomica.com\/xlv-cena-de-hermandad-tenedores-de-oro-2020\/\"},\"wordCount\":436,\"publisher\":{\"@id\":\"https:\/\/www.torreviejagastronomica.com\/#organization\"},\"image\":{\"@id\":\"https:\/\/www.torreviejagastronomica.com\/xlv-cena-de-hermandad-tenedores-de-oro-2020\/#primaryimage\"},\"thumbnailUrl\":\"https:\/\/www.torreviejagastronomica.com\/wp-content\/uploads\/2020\/02\/Foto-Presentacion-Tenedores-de-Oro-2020.jpeg\",\"articleSection\":[\"Eventos\",\"Noticias\"],\"inLanguage\":\"es\"},{\"@type\":\"WebPage\",\"@id\":\"https:\/\/www.torreviejagastronomica.com\/xlv-cena-de-hermandad-tenedores-de-oro-2020\/\",\"url\":\"https:\/\/www.torreviejagastronomica.com\/xlv-cena-de-hermandad-tenedores-de-oro-2020\/\",\"name\":\"XLV CENA DE HERMANDAD - TENEDORES DE ORO 2020 - Torrevieja Gastron\u00f3mica\",\"isPartOf\":{\"@id\":\"https:\/\/www.torreviejagastronomica.com\/#website\"},\"primaryImageOfPage\":{\"@id\":\"https:\/\/www.torreviejagastronomica.com\/xlv-cena-de-hermandad-tenedores-de-oro-2020\/#primaryimage\"},\"image\":{\"@id\":\"https:\/\/www.torreviejagastronomica.com\/xlv-cena-de-hermandad-tenedores-de-oro-2020\/#primaryimage\"},\"thumbnailUrl\":\"https:\/\/www.torreviejagastronomica.com\/wp-content\/uploads\/2020\/02\/Foto-Presentacion-Tenedores-de-Oro-2020.jpeg\",\"datePublished\":\"2020-02-20T08:50:45+00:00\",\"breadcrumb\":{\"@id\":\"https:\/\/www.torreviejagastronomica.com\/xlv-cena-de-hermandad-tenedores-de-oro-2020\/#breadcrumb\"},\"inLanguage\":\"es\",\"potentialAction\":[{\"@type\":\"ReadAction\",\"target\":[\"https:\/\/www.torreviejagastronomica.com\/xlv-cena-de-hermandad-tenedores-de-oro-2020\/\"]}]},{\"@type\":\"ImageObject\",\"inLanguage\":\"es\",\"@id\":\"https:\/\/www.torreviejagastronomica.com\/xlv-cena-de-hermandad-tenedores-de-oro-2020\/#primaryimage\",\"url\":\"https:\/\/www.torreviejagastronomica.com\/wp-content\/uploads\/2020\/02\/Foto-Presentacion-Tenedores-de-Oro-2020.jpeg\",\"contentUrl\":\"https:\/\/www.torreviejagastronomica.com\/wp-content\/uploads\/2020\/02\/Foto-Presentacion-Tenedores-de-Oro-2020.jpeg\",\"width\":1600,\"height\":777},{\"@type\":\"BreadcrumbList\",\"@id\":\"https:\/\/www.torreviejagastronomica.com\/xlv-cena-de-hermandad-tenedores-de-oro-2020\/#breadcrumb\",\"itemListElement\":[{\"@type\":\"ListItem\",\"position\":1,\"name\":\"Portada\",\"item\":\"https:\/\/www.torreviejagastronomica.com\/\"},{\"@type\":\"ListItem\",\"position\":2,\"name\":\"XLV CENA DE HERMANDAD &#8211; TENEDORES DE ORO 2020\"}]},{\"@type\":\"WebSite\",\"@id\":\"https:\/\/www.torreviejagastronomica.com\/#website\",\"url\":\"https:\/\/www.torreviejagastronomica.com\/\",\"name\":\"Torrevieja Gastron\u00f3mica\",\"description\":\"Asociaci\u00f3n Hosteler\u00eda Torrevieja y Comarca\",\"publisher\":{\"@id\":\"https:\/\/www.torreviejagastronomica.com\/#organization\"},\"potentialAction\":[{\"@type\":\"SearchAction\",\"target\":{\"@type\":\"EntryPoint\",\"urlTemplate\":\"https:\/\/www.torreviejagastronomica.com\/?s={search_term_string}\"},\"query-input\":{\"@type\":\"PropertyValueSpecification\",\"valueRequired\":true,\"valueName\":\"search_term_string\"}}],\"inLanguage\":\"es\"},{\"@type\":\"Organization\",\"@id\":\"https:\/\/www.torreviejagastronomica.com\/#organization\",\"name\":\"Torrevieja Gastron\u00f3mica\",\"url\":\"https:\/\/www.torreviejagastronomica.com\/\",\"logo\":{\"@type\":\"ImageObject\",\"inLanguage\":\"es\",\"@id\":\"https:\/\/www.torreviejagastronomica.com\/#\/schema\/logo\/image\/\",\"url\":\"https:\/\/www.torreviejagastronomica.com\/wp-content\/uploads\/2023\/09\/Logo-Torrevieja-Gastronomica.png\",\"contentUrl\":\"https:\/\/www.torreviejagastronomica.com\/wp-content\/uploads\/2023\/09\/Logo-Torrevieja-Gastronomica.png\",\"width\":350,\"height\":100,\"caption\":\"Torrevieja Gastron\u00f3mica\"},\"image\":{\"@id\":\"https:\/\/www.torreviejagastronomica.com\/#\/schema\/logo\/image\/\"}},{\"@type\":\"Person\",\"@id\":\"https:\/\/www.torreviejagastronomica.com\/#\/schema\/person\/43c1ae0a05eb24e94513f69078cd11a7\",\"name\":\"admin\",\"image\":{\"@type\":\"ImageObject\",\"inLanguage\":\"es\",\"@id\":\"https:\/\/www.torreviejagastronomica.com\/#\/schema\/person\/image\/\",\"url\":\"https:\/\/secure.gravatar.com\/avatar\/6497fb95944786a8c3310104dbce94031a7dee2c3b2645b425bfeeec49855f50?s=96&d=mm&r=g\",\"contentUrl\":\"https:\/\/secure.gravatar.com\/avatar\/6497fb95944786a8c3310104dbce94031a7dee2c3b2645b425bfeeec49855f50?s=96&d=mm&r=g\",\"caption\":\"admin\"},\"url\":\"https:\/\/www.torreviejagastronomica.com\/es\/author\/admin\/\"}]}<\/script>\n<!-- \/ Yoast SEO plugin. -->","yoast_head_json":{"title":"XLV CENA DE HERMANDAD - TENEDORES DE ORO 2020 - Torrevieja Gastron\u00f3mica","robots":{"index":"index","follow":"follow","max-snippet":"max-snippet:-1","max-image-preview":"max-image-preview:large","max-video-preview":"max-video-preview:-1"},"canonical":"https:\/\/www.torreviejagastronomica.com\/es\/xlv-cena-de-hermandad-tenedores-de-oro-2020\/","og_locale":"es_ES","og_type":"article","og_title":"XLV CENA DE HERMANDAD - TENEDORES DE ORO 2020 - Torrevieja Gastron\u00f3mica","og_description":"La Asociaci\u00f3n de Empresas de Hosteler\u00eda de Torrevieja y Comarca ha dado a conocer esta ma\u00f1ana en la sede de la Asociaci\u00f3n, los nombres de las personas y empresas que han sido distinguidos con los premios Tenedores de Oro 2020, elegidos por unanimidad de los miembros de la Junta Directiva de la Asociaci\u00f3n, bas\u00e1ndose en [&hellip;]","og_url":"https:\/\/www.torreviejagastronomica.com\/es\/xlv-cena-de-hermandad-tenedores-de-oro-2020\/","og_site_name":"Torrevieja Gastron\u00f3mica","article_published_time":"2020-02-20T08:50:45+00:00","og_image":[{"width":1600,"height":777,"url":"https:\/\/www.torreviejagastronomica.com\/wp-content\/uploads\/2020\/02\/Foto-Presentacion-Tenedores-de-Oro-2020.jpeg","type":"image\/jpeg"}],"author":"admin","twitter_card":"summary_large_image","twitter_misc":{"Escrito por":"admin","Tiempo de lectura":"2 minutos"},"schema":{"@context":"https:\/\/schema.org","@graph":[{"@type":"Article","@id":"https:\/\/www.torreviejagastronomica.com\/xlv-cena-de-hermandad-tenedores-de-oro-2020\/#article","isPartOf":{"@id":"https:\/\/www.torreviejagastronomica.com\/xlv-cena-de-hermandad-tenedores-de-oro-2020\/"},"author":{"name":"admin","@id":"https:\/\/www.torreviejagastronomica.com\/#\/schema\/person\/43c1ae0a05eb24e94513f69078cd11a7"},"headline":"XLV CENA DE HERMANDAD &#8211; TENEDORES DE ORO 2020","datePublished":"2020-02-20T08:50:45+00:00","mainEntityOfPage":{"@id":"https:\/\/www.torreviejagastronomica.com\/xlv-cena-de-hermandad-tenedores-de-oro-2020\/"},"wordCount":436,"publisher":{"@id":"https:\/\/www.torreviejagastronomica.com\/#organization"},"image":{"@id":"https:\/\/www.torreviejagastronomica.com\/xlv-cena-de-hermandad-tenedores-de-oro-2020\/#primaryimage"},"thumbnailUrl":"https:\/\/www.torreviejagastronomica.com\/wp-content\/uploads\/2020\/02\/Foto-Presentacion-Tenedores-de-Oro-2020.jpeg","articleSection":["Eventos","Noticias"],"inLanguage":"es"},{"@type":"WebPage","@id":"https:\/\/www.torreviejagastronomica.com\/xlv-cena-de-hermandad-tenedores-de-oro-2020\/","url":"https:\/\/www.torreviejagastronomica.com\/xlv-cena-de-hermandad-tenedores-de-oro-2020\/","name":"XLV CENA DE HERMANDAD - TENEDORES DE ORO 2020 - Torrevieja Gastron\u00f3mica","isPartOf":{"@id":"https:\/\/www.torreviejagastronomica.com\/#website"},"primaryImageOfPage":{"@id":"https:\/\/www.torreviejagastronomica.com\/xlv-cena-de-hermandad-tenedores-de-oro-2020\/#primaryimage"},"image":{"@id":"https:\/\/www.torreviejagastronomica.com\/xlv-cena-de-hermandad-tenedores-de-oro-2020\/#primaryimage"},"thumbnailUrl":"https:\/\/www.torreviejagastronomica.com\/wp-content\/uploads\/2020\/02\/Foto-Presentacion-Tenedores-de-Oro-2020.jpeg","datePublished":"2020-02-20T08:50:45+00:00","breadcrumb":{"@id":"https:\/\/www.torreviejagastronomica.com\/xlv-cena-de-hermandad-tenedores-de-oro-2020\/#breadcrumb"},"inLanguage":"es","potentialAction":[{"@type":"ReadAction","target":["https:\/\/www.torreviejagastronomica.com\/xlv-cena-de-hermandad-tenedores-de-oro-2020\/"]}]},{"@type":"ImageObject","inLanguage":"es","@id":"https:\/\/www.torreviejagastronomica.com\/xlv-cena-de-hermandad-tenedores-de-oro-2020\/#primaryimage","url":"https:\/\/www.torreviejagastronomica.com\/wp-content\/uploads\/2020\/02\/Foto-Presentacion-Tenedores-de-Oro-2020.jpeg","contentUrl":"https:\/\/www.torreviejagastronomica.com\/wp-content\/uploads\/2020\/02\/Foto-Presentacion-Tenedores-de-Oro-2020.jpeg","width":1600,"height":777},{"@type":"BreadcrumbList","@id":"https:\/\/www.torreviejagastronomica.com\/xlv-cena-de-hermandad-tenedores-de-oro-2020\/#breadcrumb","itemListElement":[{"@type":"ListItem","position":1,"name":"Portada","item":"https:\/\/www.torreviejagastronomica.com\/"},{"@type":"ListItem","position":2,"name":"XLV CENA DE HERMANDAD &#8211; TENEDORES DE ORO 2020"}]},{"@type":"WebSite","@id":"https:\/\/www.torreviejagastronomica.com\/#website","url":"https:\/\/www.torreviejagastronomica.com\/","name":"Torrevieja Gastron\u00f3mica","description":"Asociaci\u00f3n Hosteler\u00eda Torrevieja y Comarca","publisher":{"@id":"https:\/\/www.torreviejagastronomica.com\/#organization"},"potentialAction":[{"@type":"SearchAction","target":{"@type":"EntryPoint","urlTemplate":"https:\/\/www.torreviejagastronomica.com\/?s={search_term_string}"},"query-input":{"@type":"PropertyValueSpecification","valueRequired":true,"valueName":"search_term_string"}}],"inLanguage":"es"},{"@type":"Organization","@id":"https:\/\/www.torreviejagastronomica.com\/#organization","name":"Torrevieja Gastron\u00f3mica","url":"https:\/\/www.torreviejagastronomica.com\/","logo":{"@type":"ImageObject","inLanguage":"es","@id":"https:\/\/www.torreviejagastronomica.com\/#\/schema\/logo\/image\/","url":"https:\/\/www.torreviejagastronomica.com\/wp-content\/uploads\/2023\/09\/Logo-Torrevieja-Gastronomica.png","contentUrl":"https:\/\/www.torreviejagastronomica.com\/wp-content\/uploads\/2023\/09\/Logo-Torrevieja-Gastronomica.png","width":350,"height":100,"caption":"Torrevieja Gastron\u00f3mica"},"image":{"@id":"https:\/\/www.torreviejagastronomica.com\/#\/schema\/logo\/image\/"}},{"@type":"Person","@id":"https:\/\/www.torreviejagastronomica.com\/#\/schema\/person\/43c1ae0a05eb24e94513f69078cd11a7","name":"admin","image":{"@type":"ImageObject","inLanguage":"es","@id":"https:\/\/www.torreviejagastronomica.com\/#\/schema\/person\/image\/","url":"https:\/\/secure.gravatar.com\/avatar\/6497fb95944786a8c3310104dbce94031a7dee2c3b2645b425bfeeec49855f50?s=96&d=mm&r=g","contentUrl":"https:\/\/secure.gravatar.com\/avatar\/6497fb95944786a8c3310104dbce94031a7dee2c3b2645b425bfeeec49855f50?s=96&d=mm&r=g","caption":"admin"},"url":"https:\/\/www.torreviejagastronomica.com\/es\/author\/admin\/"}]}},"_links":{"self":[{"href":"https:\/\/www.torreviejagastronomica.com\/es\/wp-json\/wp\/v2\/posts\/2787","targetHints":{"allow":["GET"]}}],"collection":[{"href":"https:\/\/www.torreviejagastronomica.com\/es\/wp-json\/wp\/v2\/posts"}],"about":[{"href":"https:\/\/www.torreviejagastronomica.com\/es\/wp-json\/wp\/v2\/types\/post"}],"author":[{"embeddable":true,"href":"https:\/\/www.torreviejagastronomica.com\/es\/wp-json\/wp\/v2\/users\/3"}],"replies":[{"embeddable":true,"href":"https:\/\/www.torreviejagastronomica.com\/es\/wp-json\/wp\/v2\/comments?post=2787"}],"version-history":[{"count":0,"href":"https:\/\/www.torreviejagastronomica.com\/es\/wp-json\/wp\/v2\/posts\/2787\/revisions"}],"wp:featuredmedia":[{"embeddable":true,"href":"https:\/\/www.torreviejagastronomica.com\/es\/wp-json\/wp\/v2\/media\/2789"}],"wp:attachment":[{"href":"https:\/\/www.torreviejagastronomica.com\/es\/wp-json\/wp\/v2\/media?parent=2787"}],"wp:term":[{"taxonomy":"category","embeddable":true,"href":"https:\/\/www.torreviejagastronomica.com\/es\/wp-json\/wp\/v2\/categories?post=2787"},{"taxonomy":"post_tag","embeddable":true,"href":"https:\/\/www.torreviejagastronomica.com\/es\/wp-json\/wp\/v2\/tags?post=2787"}],"curies":[{"name":"wp","href":"https:\/\/api.w.org\/{rel}","templated":true}]}}