{"id":1960,"date":"2016-05-14T19:58:44","date_gmt":"2016-05-14T19:58:44","guid":{"rendered":"http:\/\/www.torreviejagastronomica.com\/?p=1960"},"modified":"2016-05-14T19:58:44","modified_gmt":"2016-05-14T19:58:44","slug":"antonio-montero-nuevo-presidente-de-la-asociacion","status":"publish","type":"post","link":"https:\/\/www.torreviejagastronomica.com\/es\/antonio-montero-nuevo-presidente-de-la-asociacion\/","title":{"rendered":"Joaqu\u00edn Guillam\u00f3 nuevo presidente de la asociaci\u00f3n"},"content":{"rendered":"<p style=\"text-align: justify;\">El propietario del c\u00e9ntrico Hostal Bel\u00e9n presidir\u00e1 los pr\u00f3ximos tres a\u00f1os el colectivo tur\u00edstico<\/p>\n<p style=\"text-align: justify;\">Aunque charlar con \u00e9l da para un prol\u00edfico debate de cuestiones estructurales acerca del turismo y la hosteler\u00eda, Joaqu\u00edn Guillam\u00f3 pone como prioridad un objetivo m\u00e1s asumible, que no es otro que \u00abaumentar el n\u00famero de asociados, porque en Torrevieja y zona de influencia puede haber un n\u00famero cercano a los mil establecimientos y 149 asociados son muy pocos. Hay que atajar el desapego que las zonas m\u00e1s alejadas del centro tradicional tienen hacia el asociacionismo. E incluso la implicaci\u00f3n de los asociados, ya que algunos no leen ni las comunicaciones que les llegan.<\/p>\n<p style=\"text-align: justify;\">En este sentido, la participaci\u00f3n en la asamblea tambi\u00e9n fue baja, ya que Guillam\u00f3 obtuvo 37 votos por 7 de su rival, Antonio Montero, adem\u00e1s de dos votos en blanco. La cuota que pagan los asociados es de 21,34 euros al mes y Guillam\u00f3 suceder\u00e1 en el cargo a Jos\u00e9 Antonio Lozano, del Restaurante El Puerto, al que encumbra al manifestar que \u00abnos ha dejado una asociaci\u00f3n saneada en lo econ\u00f3mico y en todos los aspectos. S\u00f3lo tengo elogios para \u00e9l y su gente. Han creado nuevas actividades y han potenciado las existentes, elaborando un calendario espectacular. Mantener esta herencia ser\u00eda ya muy positivo. Lozano se ha preocupado mucho por el sector. Yo he departido con \u00e9l en diversos lugares y ocasiones y as\u00ed lo he comprobado.<\/p>\n","protected":false},"excerpt":{"rendered":"<p>El propietario del c\u00e9ntrico Hostal Bel\u00e9n presidir\u00e1 los pr\u00f3ximos tres a\u00f1os el colectivo tur\u00edstico Aunque charlar con \u00e9l da para un prol\u00edfico debate de cuestiones estructurales acerca del turismo y la hosteler\u00eda, Joaqu\u00edn Guillam\u00f3 pone como prioridad un objetivo m\u00e1s asumible, que no es otro que \u00abaumentar el n\u00famero de asociados, porque en Torrevieja y [&hellip;]<\/p>\n","protected":false},"author":3,"featured_media":1965,"comment_status":"closed","ping_status":"open","sticky":false,"template":"","format":"standard","meta":{"footnotes":""},"categories":[7],"tags":[],"class_list":["post-1960","post","type-post","status-publish","format-standard","has-post-thumbnail","hentry","category-noticias"],"yoast_head":"<!-- This site is optimized with the Yoast SEO plugin v25.7 - https:\/\/yoast.com\/wordpress\/plugins\/seo\/ -->\n<title>Joaqu\u00edn Guillam\u00f3 nuevo presidente de la asociaci\u00f3n - Torrevieja Gastron\u00f3mica<\/title>\n<meta name=\"robots\" content=\"index, follow, max-snippet:-1, max-image-preview:large, max-video-preview:-1\" \/>\n<link rel=\"canonical\" href=\"https:\/\/www.torreviejagastronomica.com\/es\/antonio-montero-nuevo-presidente-de-la-asociacion\/\" \/>\n<meta property=\"og:locale\" content=\"es_ES\" \/>\n<meta property=\"og:type\" content=\"article\" \/>\n<meta property=\"og:title\" content=\"Joaqu\u00edn Guillam\u00f3 nuevo presidente de la asociaci\u00f3n - Torrevieja Gastron\u00f3mica\" \/>\n<meta property=\"og:description\" content=\"El propietario del c\u00e9ntrico Hostal Bel\u00e9n presidir\u00e1 los pr\u00f3ximos tres a\u00f1os el colectivo tur\u00edstico Aunque charlar con \u00e9l da para un prol\u00edfico debate de cuestiones estructurales acerca del turismo y la hosteler\u00eda, Joaqu\u00edn Guillam\u00f3 pone como prioridad un objetivo m\u00e1s asumible, que no es otro que \u00abaumentar el n\u00famero de asociados, porque en Torrevieja y [&hellip;]\" \/>\n<meta property=\"og:url\" content=\"https:\/\/www.torreviejagastronomica.com\/es\/antonio-montero-nuevo-presidente-de-la-asociacion\/\" \/>\n<meta property=\"og:site_name\" content=\"Torrevieja Gastron\u00f3mica\" \/>\n<meta property=\"article:published_time\" content=\"2016-05-14T19:58:44+00:00\" \/>\n<meta property=\"og:image\" content=\"https:\/\/www.torreviejagastronomica.com\/wp-content\/uploads\/2016\/05\/Joaquin-Guillamo.jpg\" \/>\n\t<meta property=\"og:image:width\" content=\"218\" \/>\n\t<meta property=\"og:image:height\" content=\"236\" \/>\n\t<meta property=\"og:image:type\" content=\"image\/jpeg\" \/>\n<meta name=\"author\" content=\"admin\" \/>\n<meta name=\"twitter:card\" content=\"summary_large_image\" \/>\n<meta name=\"twitter:label1\" content=\"Escrito por\" \/>\n\t<meta name=\"twitter:data1\" content=\"admin\" \/>\n\t<meta name=\"twitter:label2\" content=\"Tiempo de lectura\" \/>\n\t<meta name=\"twitter:data2\" content=\"1 minuto\" \/>\n<script type=\"application\/ld+json\" class=\"yoast-schema-graph\">{\"@context\":\"https:\/\/schema.org\",\"@graph\":[{\"@type\":\"Article\",\"@id\":\"https:\/\/www.torreviejagastronomica.com\/antonio-montero-nuevo-presidente-de-la-asociacion\/#article\",\"isPartOf\":{\"@id\":\"https:\/\/www.torreviejagastronomica.com\/antonio-montero-nuevo-presidente-de-la-asociacion\/\"},\"author\":{\"name\":\"admin\",\"@id\":\"https:\/\/www.torreviejagastronomica.com\/#\/schema\/person\/43c1ae0a05eb24e94513f69078cd11a7\"},\"headline\":\"Joaqu\u00edn Guillam\u00f3 nuevo presidente de la asociaci\u00f3n\",\"datePublished\":\"2016-05-14T19:58:44+00:00\",\"mainEntityOfPage\":{\"@id\":\"https:\/\/www.torreviejagastronomica.com\/antonio-montero-nuevo-presidente-de-la-asociacion\/\"},\"wordCount\":260,\"publisher\":{\"@id\":\"https:\/\/www.torreviejagastronomica.com\/#organization\"},\"image\":{\"@id\":\"https:\/\/www.torreviejagastronomica.com\/antonio-montero-nuevo-presidente-de-la-asociacion\/#primaryimage\"},\"thumbnailUrl\":\"https:\/\/www.torreviejagastronomica.com\/wp-content\/uploads\/2016\/05\/Joaquin-Guillamo.jpg\",\"articleSection\":[\"Noticias\"],\"inLanguage\":\"es\"},{\"@type\":\"WebPage\",\"@id\":\"https:\/\/www.torreviejagastronomica.com\/antonio-montero-nuevo-presidente-de-la-asociacion\/\",\"url\":\"https:\/\/www.torreviejagastronomica.com\/antonio-montero-nuevo-presidente-de-la-asociacion\/\",\"name\":\"Joaqu\u00edn Guillam\u00f3 nuevo presidente de la asociaci\u00f3n - Torrevieja Gastron\u00f3mica\",\"isPartOf\":{\"@id\":\"https:\/\/www.torreviejagastronomica.com\/#website\"},\"primaryImageOfPage\":{\"@id\":\"https:\/\/www.torreviejagastronomica.com\/antonio-montero-nuevo-presidente-de-la-asociacion\/#primaryimage\"},\"image\":{\"@id\":\"https:\/\/www.torreviejagastronomica.com\/antonio-montero-nuevo-presidente-de-la-asociacion\/#primaryimage\"},\"thumbnailUrl\":\"https:\/\/www.torreviejagastronomica.com\/wp-content\/uploads\/2016\/05\/Joaquin-Guillamo.jpg\",\"datePublished\":\"2016-05-14T19:58:44+00:00\",\"breadcrumb\":{\"@id\":\"https:\/\/www.torreviejagastronomica.com\/antonio-montero-nuevo-presidente-de-la-asociacion\/#breadcrumb\"},\"inLanguage\":\"es\",\"potentialAction\":[{\"@type\":\"ReadAction\",\"target\":[\"https:\/\/www.torreviejagastronomica.com\/antonio-montero-nuevo-presidente-de-la-asociacion\/\"]}]},{\"@type\":\"ImageObject\",\"inLanguage\":\"es\",\"@id\":\"https:\/\/www.torreviejagastronomica.com\/antonio-montero-nuevo-presidente-de-la-asociacion\/#primaryimage\",\"url\":\"https:\/\/www.torreviejagastronomica.com\/wp-content\/uploads\/2016\/05\/Joaquin-Guillamo.jpg\",\"contentUrl\":\"https:\/\/www.torreviejagastronomica.com\/wp-content\/uploads\/2016\/05\/Joaquin-Guillamo.jpg\",\"width\":218,\"height\":236},{\"@type\":\"BreadcrumbList\",\"@id\":\"https:\/\/www.torreviejagastronomica.com\/antonio-montero-nuevo-presidente-de-la-asociacion\/#breadcrumb\",\"itemListElement\":[{\"@type\":\"ListItem\",\"position\":1,\"name\":\"Portada\",\"item\":\"https:\/\/www.torreviejagastronomica.com\/\"},{\"@type\":\"ListItem\",\"position\":2,\"name\":\"Joaqu\u00edn Guillam\u00f3 nuevo presidente de la asociaci\u00f3n\"}]},{\"@type\":\"WebSite\",\"@id\":\"https:\/\/www.torreviejagastronomica.com\/#website\",\"url\":\"https:\/\/www.torreviejagastronomica.com\/\",\"name\":\"Torrevieja Gastron\u00f3mica\",\"description\":\"Asociaci\u00f3n Hosteler\u00eda Torrevieja y Comarca\",\"publisher\":{\"@id\":\"https:\/\/www.torreviejagastronomica.com\/#organization\"},\"potentialAction\":[{\"@type\":\"SearchAction\",\"target\":{\"@type\":\"EntryPoint\",\"urlTemplate\":\"https:\/\/www.torreviejagastronomica.com\/?s={search_term_string}\"},\"query-input\":{\"@type\":\"PropertyValueSpecification\",\"valueRequired\":true,\"valueName\":\"search_term_string\"}}],\"inLanguage\":\"es\"},{\"@type\":\"Organization\",\"@id\":\"https:\/\/www.torreviejagastronomica.com\/#organization\",\"name\":\"Torrevieja Gastron\u00f3mica\",\"url\":\"https:\/\/www.torreviejagastronomica.com\/\",\"logo\":{\"@type\":\"ImageObject\",\"inLanguage\":\"es\",\"@id\":\"https:\/\/www.torreviejagastronomica.com\/#\/schema\/logo\/image\/\",\"url\":\"https:\/\/www.torreviejagastronomica.com\/wp-content\/uploads\/2023\/09\/Logo-Torrevieja-Gastronomica.png\",\"contentUrl\":\"https:\/\/www.torreviejagastronomica.com\/wp-content\/uploads\/2023\/09\/Logo-Torrevieja-Gastronomica.png\",\"width\":350,\"height\":100,\"caption\":\"Torrevieja Gastron\u00f3mica\"},\"image\":{\"@id\":\"https:\/\/www.torreviejagastronomica.com\/#\/schema\/logo\/image\/\"}},{\"@type\":\"Person\",\"@id\":\"https:\/\/www.torreviejagastronomica.com\/#\/schema\/person\/43c1ae0a05eb24e94513f69078cd11a7\",\"name\":\"admin\",\"image\":{\"@type\":\"ImageObject\",\"inLanguage\":\"es\",\"@id\":\"https:\/\/www.torreviejagastronomica.com\/#\/schema\/person\/image\/\",\"url\":\"https:\/\/secure.gravatar.com\/avatar\/6497fb95944786a8c3310104dbce94031a7dee2c3b2645b425bfeeec49855f50?s=96&d=mm&r=g\",\"contentUrl\":\"https:\/\/secure.gravatar.com\/avatar\/6497fb95944786a8c3310104dbce94031a7dee2c3b2645b425bfeeec49855f50?s=96&d=mm&r=g\",\"caption\":\"admin\"},\"url\":\"https:\/\/www.torreviejagastronomica.com\/es\/author\/admin\/\"}]}<\/script>\n<!-- \/ Yoast SEO plugin. -->","yoast_head_json":{"title":"Joaqu\u00edn Guillam\u00f3 nuevo presidente de la asociaci\u00f3n - Torrevieja Gastron\u00f3mica","robots":{"index":"index","follow":"follow","max-snippet":"max-snippet:-1","max-image-preview":"max-image-preview:large","max-video-preview":"max-video-preview:-1"},"canonical":"https:\/\/www.torreviejagastronomica.com\/es\/antonio-montero-nuevo-presidente-de-la-asociacion\/","og_locale":"es_ES","og_type":"article","og_title":"Joaqu\u00edn Guillam\u00f3 nuevo presidente de la asociaci\u00f3n - Torrevieja Gastron\u00f3mica","og_description":"El propietario del c\u00e9ntrico Hostal Bel\u00e9n presidir\u00e1 los pr\u00f3ximos tres a\u00f1os el colectivo tur\u00edstico Aunque charlar con \u00e9l da para un prol\u00edfico debate de cuestiones estructurales acerca del turismo y la hosteler\u00eda, Joaqu\u00edn Guillam\u00f3 pone como prioridad un objetivo m\u00e1s asumible, que no es otro que \u00abaumentar el n\u00famero de asociados, porque en Torrevieja y [&hellip;]","og_url":"https:\/\/www.torreviejagastronomica.com\/es\/antonio-montero-nuevo-presidente-de-la-asociacion\/","og_site_name":"Torrevieja Gastron\u00f3mica","article_published_time":"2016-05-14T19:58:44+00:00","og_image":[{"width":218,"height":236,"url":"https:\/\/www.torreviejagastronomica.com\/wp-content\/uploads\/2016\/05\/Joaquin-Guillamo.jpg","type":"image\/jpeg"}],"author":"admin","twitter_card":"summary_large_image","twitter_misc":{"Escrito por":"admin","Tiempo de lectura":"1 minuto"},"schema":{"@context":"https:\/\/schema.org","@graph":[{"@type":"Article","@id":"https:\/\/www.torreviejagastronomica.com\/antonio-montero-nuevo-presidente-de-la-asociacion\/#article","isPartOf":{"@id":"https:\/\/www.torreviejagastronomica.com\/antonio-montero-nuevo-presidente-de-la-asociacion\/"},"author":{"name":"admin","@id":"https:\/\/www.torreviejagastronomica.com\/#\/schema\/person\/43c1ae0a05eb24e94513f69078cd11a7"},"headline":"Joaqu\u00edn Guillam\u00f3 nuevo presidente de la asociaci\u00f3n","datePublished":"2016-05-14T19:58:44+00:00","mainEntityOfPage":{"@id":"https:\/\/www.torreviejagastronomica.com\/antonio-montero-nuevo-presidente-de-la-asociacion\/"},"wordCount":260,"publisher":{"@id":"https:\/\/www.torreviejagastronomica.com\/#organization"},"image":{"@id":"https:\/\/www.torreviejagastronomica.com\/antonio-montero-nuevo-presidente-de-la-asociacion\/#primaryimage"},"thumbnailUrl":"https:\/\/www.torreviejagastronomica.com\/wp-content\/uploads\/2016\/05\/Joaquin-Guillamo.jpg","articleSection":["Noticias"],"inLanguage":"es"},{"@type":"WebPage","@id":"https:\/\/www.torreviejagastronomica.com\/antonio-montero-nuevo-presidente-de-la-asociacion\/","url":"https:\/\/www.torreviejagastronomica.com\/antonio-montero-nuevo-presidente-de-la-asociacion\/","name":"Joaqu\u00edn Guillam\u00f3 nuevo presidente de la asociaci\u00f3n - Torrevieja Gastron\u00f3mica","isPartOf":{"@id":"https:\/\/www.torreviejagastronomica.com\/#website"},"primaryImageOfPage":{"@id":"https:\/\/www.torreviejagastronomica.com\/antonio-montero-nuevo-presidente-de-la-asociacion\/#primaryimage"},"image":{"@id":"https:\/\/www.torreviejagastronomica.com\/antonio-montero-nuevo-presidente-de-la-asociacion\/#primaryimage"},"thumbnailUrl":"https:\/\/www.torreviejagastronomica.com\/wp-content\/uploads\/2016\/05\/Joaquin-Guillamo.jpg","datePublished":"2016-05-14T19:58:44+00:00","breadcrumb":{"@id":"https:\/\/www.torreviejagastronomica.com\/antonio-montero-nuevo-presidente-de-la-asociacion\/#breadcrumb"},"inLanguage":"es","potentialAction":[{"@type":"ReadAction","target":["https:\/\/www.torreviejagastronomica.com\/antonio-montero-nuevo-presidente-de-la-asociacion\/"]}]},{"@type":"ImageObject","inLanguage":"es","@id":"https:\/\/www.torreviejagastronomica.com\/antonio-montero-nuevo-presidente-de-la-asociacion\/#primaryimage","url":"https:\/\/www.torreviejagastronomica.com\/wp-content\/uploads\/2016\/05\/Joaquin-Guillamo.jpg","contentUrl":"https:\/\/www.torreviejagastronomica.com\/wp-content\/uploads\/2016\/05\/Joaquin-Guillamo.jpg","width":218,"height":236},{"@type":"BreadcrumbList","@id":"https:\/\/www.torreviejagastronomica.com\/antonio-montero-nuevo-presidente-de-la-asociacion\/#breadcrumb","itemListElement":[{"@type":"ListItem","position":1,"name":"Portada","item":"https:\/\/www.torreviejagastronomica.com\/"},{"@type":"ListItem","position":2,"name":"Joaqu\u00edn Guillam\u00f3 nuevo presidente de la asociaci\u00f3n"}]},{"@type":"WebSite","@id":"https:\/\/www.torreviejagastronomica.com\/#website","url":"https:\/\/www.torreviejagastronomica.com\/","name":"Torrevieja Gastron\u00f3mica","description":"Asociaci\u00f3n Hosteler\u00eda Torrevieja y Comarca","publisher":{"@id":"https:\/\/www.torreviejagastronomica.com\/#organization"},"potentialAction":[{"@type":"SearchAction","target":{"@type":"EntryPoint","urlTemplate":"https:\/\/www.torreviejagastronomica.com\/?s={search_term_string}"},"query-input":{"@type":"PropertyValueSpecification","valueRequired":true,"valueName":"search_term_string"}}],"inLanguage":"es"},{"@type":"Organization","@id":"https:\/\/www.torreviejagastronomica.com\/#organization","name":"Torrevieja Gastron\u00f3mica","url":"https:\/\/www.torreviejagastronomica.com\/","logo":{"@type":"ImageObject","inLanguage":"es","@id":"https:\/\/www.torreviejagastronomica.com\/#\/schema\/logo\/image\/","url":"https:\/\/www.torreviejagastronomica.com\/wp-content\/uploads\/2023\/09\/Logo-Torrevieja-Gastronomica.png","contentUrl":"https:\/\/www.torreviejagastronomica.com\/wp-content\/uploads\/2023\/09\/Logo-Torrevieja-Gastronomica.png","width":350,"height":100,"caption":"Torrevieja Gastron\u00f3mica"},"image":{"@id":"https:\/\/www.torreviejagastronomica.com\/#\/schema\/logo\/image\/"}},{"@type":"Person","@id":"https:\/\/www.torreviejagastronomica.com\/#\/schema\/person\/43c1ae0a05eb24e94513f69078cd11a7","name":"admin","image":{"@type":"ImageObject","inLanguage":"es","@id":"https:\/\/www.torreviejagastronomica.com\/#\/schema\/person\/image\/","url":"https:\/\/secure.gravatar.com\/avatar\/6497fb95944786a8c3310104dbce94031a7dee2c3b2645b425bfeeec49855f50?s=96&d=mm&r=g","contentUrl":"https:\/\/secure.gravatar.com\/avatar\/6497fb95944786a8c3310104dbce94031a7dee2c3b2645b425bfeeec49855f50?s=96&d=mm&r=g","caption":"admin"},"url":"https:\/\/www.torreviejagastronomica.com\/es\/author\/admin\/"}]}},"_links":{"self":[{"href":"https:\/\/www.torreviejagastronomica.com\/es\/wp-json\/wp\/v2\/posts\/1960","targetHints":{"allow":["GET"]}}],"collection":[{"href":"https:\/\/www.torreviejagastronomica.com\/es\/wp-json\/wp\/v2\/posts"}],"about":[{"href":"https:\/\/www.torreviejagastronomica.com\/es\/wp-json\/wp\/v2\/types\/post"}],"author":[{"embeddable":true,"href":"https:\/\/www.torreviejagastronomica.com\/es\/wp-json\/wp\/v2\/users\/3"}],"replies":[{"embeddable":true,"href":"https:\/\/www.torreviejagastronomica.com\/es\/wp-json\/wp\/v2\/comments?post=1960"}],"version-history":[{"count":0,"href":"https:\/\/www.torreviejagastronomica.com\/es\/wp-json\/wp\/v2\/posts\/1960\/revisions"}],"wp:featuredmedia":[{"embeddable":true,"href":"https:\/\/www.torreviejagastronomica.com\/es\/wp-json\/wp\/v2\/media\/1965"}],"wp:attachment":[{"href":"https:\/\/www.torreviejagastronomica.com\/es\/wp-json\/wp\/v2\/media?parent=1960"}],"wp:term":[{"taxonomy":"category","embeddable":true,"href":"https:\/\/www.torreviejagastronomica.com\/es\/wp-json\/wp\/v2\/categories?post=1960"},{"taxonomy":"post_tag","embeddable":true,"href":"https:\/\/www.torreviejagastronomica.com\/es\/wp-json\/wp\/v2\/tags?post=1960"}],"curies":[{"name":"wp","href":"https:\/\/api.w.org\/{rel}","templated":true}]}}