{"id":1562,"date":"2015-12-02T11:33:27","date_gmt":"2015-12-02T11:33:27","guid":{"rendered":"http:\/\/www.torreviejagastronomica.com\/?p=1562"},"modified":"2015-12-02T11:33:27","modified_gmt":"2015-12-02T11:33:27","slug":"una-apuesta-por-la-contundencia-gastronomica","status":"publish","type":"post","link":"https:\/\/www.torreviejagastronomica.com\/es\/una-apuesta-por-la-contundencia-gastronomica\/","title":{"rendered":"Una apuesta por la contundencia gastron\u00f3mica"},"content":{"rendered":"<p style=\"text-align: justify;\">La <strong>III edici\u00f3n de la Semana de la Cuchara c<\/strong>omienza el pr\u00f3ximo lunes, 2 de noviembre, con la participaci\u00f3n de veinticuatro restaurantes y se prolongar\u00e1 hasta el 8 de noviembre. La presentaci\u00f3n de este evento gastron\u00f3mico ha tenido lugar este viernes con la presencia de la concejala de Turismo, <strong>Fanny Serrano, la<\/strong>concejala de Hosteler\u00eda<strong>, Manuel Osuna, <\/strong>el presidente de la Asociaci\u00f3n de Empresas \u00a0de Hosteler\u00eda de Torrevieja y Comarca (AEHTC)<strong> Jos\u00e9 Antonio Lozano, y Luis Rodr\u00edguez<\/strong>, miembro de la entidad.<\/p>\n<p style=\"text-align: justify;\"><a href=\"http:\/\/www.diarioinformacion.com\/vega-baja\/2015\/10\/30\/apuesta-contundencia-gastronomica\/1691079.html\" target=\"_blank\" rel=\"noopener\">Informaci\u00f3n<\/a><\/p>\n<p>&nbsp;<\/p>\n","protected":false},"excerpt":{"rendered":"<p>La III edici\u00f3n de la Semana de la Cuchara comienza el pr\u00f3ximo lunes, 2 de noviembre, con la participaci\u00f3n de veinticuatro restaurantes y se prolongar\u00e1 hasta el 8 de noviembre. La presentaci\u00f3n de este evento gastron\u00f3mico ha tenido lugar este viernes con la presencia de la concejala de Turismo, Fanny Serrano, laconcejala de Hosteler\u00eda, Manuel [&hellip;]<\/p>\n","protected":false},"author":3,"featured_media":1565,"comment_status":"closed","ping_status":"open","sticky":false,"template":"","format":"standard","meta":{"footnotes":""},"categories":[8],"tags":[],"class_list":["post-1562","post","type-post","status-publish","format-standard","has-post-thumbnail","hentry","category-eventos"],"yoast_head":"<!-- This site is optimized with the Yoast SEO plugin v25.7 - https:\/\/yoast.com\/wordpress\/plugins\/seo\/ -->\n<title>Una apuesta por la contundencia gastron\u00f3mica - Torrevieja Gastron\u00f3mica<\/title>\n<meta name=\"robots\" content=\"index, follow, max-snippet:-1, max-image-preview:large, max-video-preview:-1\" \/>\n<link rel=\"canonical\" href=\"https:\/\/www.torreviejagastronomica.com\/es\/una-apuesta-por-la-contundencia-gastronomica\/\" \/>\n<meta property=\"og:locale\" content=\"es_ES\" \/>\n<meta property=\"og:type\" content=\"article\" \/>\n<meta property=\"og:title\" content=\"Una apuesta por la contundencia gastron\u00f3mica - Torrevieja Gastron\u00f3mica\" \/>\n<meta property=\"og:description\" content=\"La III edici\u00f3n de la Semana de la Cuchara comienza el pr\u00f3ximo lunes, 2 de noviembre, con la participaci\u00f3n de veinticuatro restaurantes y se prolongar\u00e1 hasta el 8 de noviembre. La presentaci\u00f3n de este evento gastron\u00f3mico ha tenido lugar este viernes con la presencia de la concejala de Turismo, Fanny Serrano, laconcejala de Hosteler\u00eda, Manuel [&hellip;]\" \/>\n<meta property=\"og:url\" content=\"https:\/\/www.torreviejagastronomica.com\/es\/una-apuesta-por-la-contundencia-gastronomica\/\" \/>\n<meta property=\"og:site_name\" content=\"Torrevieja Gastron\u00f3mica\" \/>\n<meta property=\"article:published_time\" content=\"2015-12-02T11:33:27+00:00\" \/>\n<meta property=\"og:image\" content=\"https:\/\/www.torreviejagastronomica.com\/wp-content\/uploads\/2015\/12\/gastronomias.jpg\" \/>\n\t<meta property=\"og:image:width\" content=\"640\" \/>\n\t<meta property=\"og:image:height\" content=\"480\" \/>\n\t<meta property=\"og:image:type\" content=\"image\/jpeg\" \/>\n<meta name=\"author\" content=\"admin\" \/>\n<meta name=\"twitter:card\" content=\"summary_large_image\" \/>\n<meta name=\"twitter:label1\" content=\"Escrito por\" \/>\n\t<meta name=\"twitter:data1\" content=\"admin\" \/>\n<script type=\"application\/ld+json\" class=\"yoast-schema-graph\">{\"@context\":\"https:\/\/schema.org\",\"@graph\":[{\"@type\":\"Article\",\"@id\":\"https:\/\/www.torreviejagastronomica.com\/una-apuesta-por-la-contundencia-gastronomica\/#article\",\"isPartOf\":{\"@id\":\"https:\/\/www.torreviejagastronomica.com\/una-apuesta-por-la-contundencia-gastronomica\/\"},\"author\":{\"name\":\"admin\",\"@id\":\"https:\/\/www.torreviejagastronomica.com\/#\/schema\/person\/43c1ae0a05eb24e94513f69078cd11a7\"},\"headline\":\"Una apuesta por la contundencia gastron\u00f3mica\",\"datePublished\":\"2015-12-02T11:33:27+00:00\",\"mainEntityOfPage\":{\"@id\":\"https:\/\/www.torreviejagastronomica.com\/una-apuesta-por-la-contundencia-gastronomica\/\"},\"wordCount\":97,\"publisher\":{\"@id\":\"https:\/\/www.torreviejagastronomica.com\/#organization\"},\"image\":{\"@id\":\"https:\/\/www.torreviejagastronomica.com\/una-apuesta-por-la-contundencia-gastronomica\/#primaryimage\"},\"thumbnailUrl\":\"https:\/\/www.torreviejagastronomica.com\/wp-content\/uploads\/2015\/12\/gastronomias.jpg\",\"articleSection\":[\"Eventos\"],\"inLanguage\":\"es\"},{\"@type\":\"WebPage\",\"@id\":\"https:\/\/www.torreviejagastronomica.com\/una-apuesta-por-la-contundencia-gastronomica\/\",\"url\":\"https:\/\/www.torreviejagastronomica.com\/una-apuesta-por-la-contundencia-gastronomica\/\",\"name\":\"Una apuesta por la contundencia gastron\u00f3mica - Torrevieja Gastron\u00f3mica\",\"isPartOf\":{\"@id\":\"https:\/\/www.torreviejagastronomica.com\/#website\"},\"primaryImageOfPage\":{\"@id\":\"https:\/\/www.torreviejagastronomica.com\/una-apuesta-por-la-contundencia-gastronomica\/#primaryimage\"},\"image\":{\"@id\":\"https:\/\/www.torreviejagastronomica.com\/una-apuesta-por-la-contundencia-gastronomica\/#primaryimage\"},\"thumbnailUrl\":\"https:\/\/www.torreviejagastronomica.com\/wp-content\/uploads\/2015\/12\/gastronomias.jpg\",\"datePublished\":\"2015-12-02T11:33:27+00:00\",\"breadcrumb\":{\"@id\":\"https:\/\/www.torreviejagastronomica.com\/una-apuesta-por-la-contundencia-gastronomica\/#breadcrumb\"},\"inLanguage\":\"es\",\"potentialAction\":[{\"@type\":\"ReadAction\",\"target\":[\"https:\/\/www.torreviejagastronomica.com\/una-apuesta-por-la-contundencia-gastronomica\/\"]}]},{\"@type\":\"ImageObject\",\"inLanguage\":\"es\",\"@id\":\"https:\/\/www.torreviejagastronomica.com\/una-apuesta-por-la-contundencia-gastronomica\/#primaryimage\",\"url\":\"https:\/\/www.torreviejagastronomica.com\/wp-content\/uploads\/2015\/12\/gastronomias.jpg\",\"contentUrl\":\"https:\/\/www.torreviejagastronomica.com\/wp-content\/uploads\/2015\/12\/gastronomias.jpg\",\"width\":640,\"height\":480},{\"@type\":\"BreadcrumbList\",\"@id\":\"https:\/\/www.torreviejagastronomica.com\/una-apuesta-por-la-contundencia-gastronomica\/#breadcrumb\",\"itemListElement\":[{\"@type\":\"ListItem\",\"position\":1,\"name\":\"Portada\",\"item\":\"https:\/\/www.torreviejagastronomica.com\/\"},{\"@type\":\"ListItem\",\"position\":2,\"name\":\"Una apuesta por la contundencia gastron\u00f3mica\"}]},{\"@type\":\"WebSite\",\"@id\":\"https:\/\/www.torreviejagastronomica.com\/#website\",\"url\":\"https:\/\/www.torreviejagastronomica.com\/\",\"name\":\"Torrevieja Gastron\u00f3mica\",\"description\":\"Asociaci\u00f3n Hosteler\u00eda Torrevieja y Comarca\",\"publisher\":{\"@id\":\"https:\/\/www.torreviejagastronomica.com\/#organization\"},\"potentialAction\":[{\"@type\":\"SearchAction\",\"target\":{\"@type\":\"EntryPoint\",\"urlTemplate\":\"https:\/\/www.torreviejagastronomica.com\/?s={search_term_string}\"},\"query-input\":{\"@type\":\"PropertyValueSpecification\",\"valueRequired\":true,\"valueName\":\"search_term_string\"}}],\"inLanguage\":\"es\"},{\"@type\":\"Organization\",\"@id\":\"https:\/\/www.torreviejagastronomica.com\/#organization\",\"name\":\"Torrevieja Gastron\u00f3mica\",\"url\":\"https:\/\/www.torreviejagastronomica.com\/\",\"logo\":{\"@type\":\"ImageObject\",\"inLanguage\":\"es\",\"@id\":\"https:\/\/www.torreviejagastronomica.com\/#\/schema\/logo\/image\/\",\"url\":\"https:\/\/www.torreviejagastronomica.com\/wp-content\/uploads\/2023\/09\/Logo-Torrevieja-Gastronomica.png\",\"contentUrl\":\"https:\/\/www.torreviejagastronomica.com\/wp-content\/uploads\/2023\/09\/Logo-Torrevieja-Gastronomica.png\",\"width\":350,\"height\":100,\"caption\":\"Torrevieja Gastron\u00f3mica\"},\"image\":{\"@id\":\"https:\/\/www.torreviejagastronomica.com\/#\/schema\/logo\/image\/\"}},{\"@type\":\"Person\",\"@id\":\"https:\/\/www.torreviejagastronomica.com\/#\/schema\/person\/43c1ae0a05eb24e94513f69078cd11a7\",\"name\":\"admin\",\"image\":{\"@type\":\"ImageObject\",\"inLanguage\":\"es\",\"@id\":\"https:\/\/www.torreviejagastronomica.com\/#\/schema\/person\/image\/\",\"url\":\"https:\/\/secure.gravatar.com\/avatar\/6497fb95944786a8c3310104dbce94031a7dee2c3b2645b425bfeeec49855f50?s=96&d=mm&r=g\",\"contentUrl\":\"https:\/\/secure.gravatar.com\/avatar\/6497fb95944786a8c3310104dbce94031a7dee2c3b2645b425bfeeec49855f50?s=96&d=mm&r=g\",\"caption\":\"admin\"},\"url\":\"https:\/\/www.torreviejagastronomica.com\/es\/author\/admin\/\"}]}<\/script>\n<!-- \/ Yoast SEO plugin. -->","yoast_head_json":{"title":"Una apuesta por la contundencia gastron\u00f3mica - Torrevieja Gastron\u00f3mica","robots":{"index":"index","follow":"follow","max-snippet":"max-snippet:-1","max-image-preview":"max-image-preview:large","max-video-preview":"max-video-preview:-1"},"canonical":"https:\/\/www.torreviejagastronomica.com\/es\/una-apuesta-por-la-contundencia-gastronomica\/","og_locale":"es_ES","og_type":"article","og_title":"Una apuesta por la contundencia gastron\u00f3mica - Torrevieja Gastron\u00f3mica","og_description":"La III edici\u00f3n de la Semana de la Cuchara comienza el pr\u00f3ximo lunes, 2 de noviembre, con la participaci\u00f3n de veinticuatro restaurantes y se prolongar\u00e1 hasta el 8 de noviembre. La presentaci\u00f3n de este evento gastron\u00f3mico ha tenido lugar este viernes con la presencia de la concejala de Turismo, Fanny Serrano, laconcejala de Hosteler\u00eda, Manuel [&hellip;]","og_url":"https:\/\/www.torreviejagastronomica.com\/es\/una-apuesta-por-la-contundencia-gastronomica\/","og_site_name":"Torrevieja Gastron\u00f3mica","article_published_time":"2015-12-02T11:33:27+00:00","og_image":[{"width":640,"height":480,"url":"https:\/\/www.torreviejagastronomica.com\/wp-content\/uploads\/2015\/12\/gastronomias.jpg","type":"image\/jpeg"}],"author":"admin","twitter_card":"summary_large_image","twitter_misc":{"Escrito por":"admin"},"schema":{"@context":"https:\/\/schema.org","@graph":[{"@type":"Article","@id":"https:\/\/www.torreviejagastronomica.com\/una-apuesta-por-la-contundencia-gastronomica\/#article","isPartOf":{"@id":"https:\/\/www.torreviejagastronomica.com\/una-apuesta-por-la-contundencia-gastronomica\/"},"author":{"name":"admin","@id":"https:\/\/www.torreviejagastronomica.com\/#\/schema\/person\/43c1ae0a05eb24e94513f69078cd11a7"},"headline":"Una apuesta por la contundencia gastron\u00f3mica","datePublished":"2015-12-02T11:33:27+00:00","mainEntityOfPage":{"@id":"https:\/\/www.torreviejagastronomica.com\/una-apuesta-por-la-contundencia-gastronomica\/"},"wordCount":97,"publisher":{"@id":"https:\/\/www.torreviejagastronomica.com\/#organization"},"image":{"@id":"https:\/\/www.torreviejagastronomica.com\/una-apuesta-por-la-contundencia-gastronomica\/#primaryimage"},"thumbnailUrl":"https:\/\/www.torreviejagastronomica.com\/wp-content\/uploads\/2015\/12\/gastronomias.jpg","articleSection":["Eventos"],"inLanguage":"es"},{"@type":"WebPage","@id":"https:\/\/www.torreviejagastronomica.com\/una-apuesta-por-la-contundencia-gastronomica\/","url":"https:\/\/www.torreviejagastronomica.com\/una-apuesta-por-la-contundencia-gastronomica\/","name":"Una apuesta por la contundencia gastron\u00f3mica - Torrevieja Gastron\u00f3mica","isPartOf":{"@id":"https:\/\/www.torreviejagastronomica.com\/#website"},"primaryImageOfPage":{"@id":"https:\/\/www.torreviejagastronomica.com\/una-apuesta-por-la-contundencia-gastronomica\/#primaryimage"},"image":{"@id":"https:\/\/www.torreviejagastronomica.com\/una-apuesta-por-la-contundencia-gastronomica\/#primaryimage"},"thumbnailUrl":"https:\/\/www.torreviejagastronomica.com\/wp-content\/uploads\/2015\/12\/gastronomias.jpg","datePublished":"2015-12-02T11:33:27+00:00","breadcrumb":{"@id":"https:\/\/www.torreviejagastronomica.com\/una-apuesta-por-la-contundencia-gastronomica\/#breadcrumb"},"inLanguage":"es","potentialAction":[{"@type":"ReadAction","target":["https:\/\/www.torreviejagastronomica.com\/una-apuesta-por-la-contundencia-gastronomica\/"]}]},{"@type":"ImageObject","inLanguage":"es","@id":"https:\/\/www.torreviejagastronomica.com\/una-apuesta-por-la-contundencia-gastronomica\/#primaryimage","url":"https:\/\/www.torreviejagastronomica.com\/wp-content\/uploads\/2015\/12\/gastronomias.jpg","contentUrl":"https:\/\/www.torreviejagastronomica.com\/wp-content\/uploads\/2015\/12\/gastronomias.jpg","width":640,"height":480},{"@type":"BreadcrumbList","@id":"https:\/\/www.torreviejagastronomica.com\/una-apuesta-por-la-contundencia-gastronomica\/#breadcrumb","itemListElement":[{"@type":"ListItem","position":1,"name":"Portada","item":"https:\/\/www.torreviejagastronomica.com\/"},{"@type":"ListItem","position":2,"name":"Una apuesta por la contundencia gastron\u00f3mica"}]},{"@type":"WebSite","@id":"https:\/\/www.torreviejagastronomica.com\/#website","url":"https:\/\/www.torreviejagastronomica.com\/","name":"Torrevieja Gastron\u00f3mica","description":"Asociaci\u00f3n Hosteler\u00eda Torrevieja y Comarca","publisher":{"@id":"https:\/\/www.torreviejagastronomica.com\/#organization"},"potentialAction":[{"@type":"SearchAction","target":{"@type":"EntryPoint","urlTemplate":"https:\/\/www.torreviejagastronomica.com\/?s={search_term_string}"},"query-input":{"@type":"PropertyValueSpecification","valueRequired":true,"valueName":"search_term_string"}}],"inLanguage":"es"},{"@type":"Organization","@id":"https:\/\/www.torreviejagastronomica.com\/#organization","name":"Torrevieja Gastron\u00f3mica","url":"https:\/\/www.torreviejagastronomica.com\/","logo":{"@type":"ImageObject","inLanguage":"es","@id":"https:\/\/www.torreviejagastronomica.com\/#\/schema\/logo\/image\/","url":"https:\/\/www.torreviejagastronomica.com\/wp-content\/uploads\/2023\/09\/Logo-Torrevieja-Gastronomica.png","contentUrl":"https:\/\/www.torreviejagastronomica.com\/wp-content\/uploads\/2023\/09\/Logo-Torrevieja-Gastronomica.png","width":350,"height":100,"caption":"Torrevieja Gastron\u00f3mica"},"image":{"@id":"https:\/\/www.torreviejagastronomica.com\/#\/schema\/logo\/image\/"}},{"@type":"Person","@id":"https:\/\/www.torreviejagastronomica.com\/#\/schema\/person\/43c1ae0a05eb24e94513f69078cd11a7","name":"admin","image":{"@type":"ImageObject","inLanguage":"es","@id":"https:\/\/www.torreviejagastronomica.com\/#\/schema\/person\/image\/","url":"https:\/\/secure.gravatar.com\/avatar\/6497fb95944786a8c3310104dbce94031a7dee2c3b2645b425bfeeec49855f50?s=96&d=mm&r=g","contentUrl":"https:\/\/secure.gravatar.com\/avatar\/6497fb95944786a8c3310104dbce94031a7dee2c3b2645b425bfeeec49855f50?s=96&d=mm&r=g","caption":"admin"},"url":"https:\/\/www.torreviejagastronomica.com\/es\/author\/admin\/"}]}},"_links":{"self":[{"href":"https:\/\/www.torreviejagastronomica.com\/es\/wp-json\/wp\/v2\/posts\/1562","targetHints":{"allow":["GET"]}}],"collection":[{"href":"https:\/\/www.torreviejagastronomica.com\/es\/wp-json\/wp\/v2\/posts"}],"about":[{"href":"https:\/\/www.torreviejagastronomica.com\/es\/wp-json\/wp\/v2\/types\/post"}],"author":[{"embeddable":true,"href":"https:\/\/www.torreviejagastronomica.com\/es\/wp-json\/wp\/v2\/users\/3"}],"replies":[{"embeddable":true,"href":"https:\/\/www.torreviejagastronomica.com\/es\/wp-json\/wp\/v2\/comments?post=1562"}],"version-history":[{"count":0,"href":"https:\/\/www.torreviejagastronomica.com\/es\/wp-json\/wp\/v2\/posts\/1562\/revisions"}],"wp:featuredmedia":[{"embeddable":true,"href":"https:\/\/www.torreviejagastronomica.com\/es\/wp-json\/wp\/v2\/media\/1565"}],"wp:attachment":[{"href":"https:\/\/www.torreviejagastronomica.com\/es\/wp-json\/wp\/v2\/media?parent=1562"}],"wp:term":[{"taxonomy":"category","embeddable":true,"href":"https:\/\/www.torreviejagastronomica.com\/es\/wp-json\/wp\/v2\/categories?post=1562"},{"taxonomy":"post_tag","embeddable":true,"href":"https:\/\/www.torreviejagastronomica.com\/es\/wp-json\/wp\/v2\/tags?post=1562"}],"curies":[{"name":"wp","href":"https:\/\/api.w.org\/{rel}","templated":true}]}}