{"id":1375,"date":"2015-05-07T11:37:02","date_gmt":"2015-05-07T11:37:02","guid":{"rendered":"http:\/\/www.torreviejagastronomica.com\/?p=1375"},"modified":"2015-05-07T11:37:02","modified_gmt":"2015-05-07T11:37:02","slug":"3a-edicion-arroces-de-torrevieja","status":"publish","type":"post","link":"https:\/\/www.torreviejagastronomica.com\/es\/3a-edicion-arroces-de-torrevieja\/","title":{"rendered":"3\u00aa Edici\u00f3n \u201cArroces de Torrevieja\u201d"},"content":{"rendered":"<p style=\"text-align: justify;\">En la\u00a0tercera edici\u00f3n de &#8216;Arroces de Torrevieja&#8217; participar\u00e1n un total de 30 restaurantes, tres m\u00e1s que en la pasada edici\u00f3n. Ayer tuvo lugar la presentaci\u00f3n a cargo del concejal de Turismo, Luis Mar\u00eda Pizana, el presidente de la Asociaci\u00f3n de Hosteler\u00eda de Torrevieja y Comarca, Jos\u00e9 Antonio Lozano; y representantes de los restaurantes que van a tomar parte en este evento gastron\u00f3mico.<\/p>\n<p><a href=\"http:\/\/www.laverdad.es\/alicante\/torrevieja\/201505\/07\/arroces-torrevieja-reune-restaurantes-20150507015518-v.html\" target=\"_blank\" rel=\"noopener\">La verdad<\/a><\/p>\n<p><a href=\"http:\/\/www.diarioinformacion.com\/vega-baja\/2015\/05\/07\/torrevieja-escoge-20-chefs-i\/1629523.html\" target=\"_blank\" rel=\"noopener\">El Informaci\u00f3n<\/a><\/p>\n","protected":false},"excerpt":{"rendered":"<p>En la\u00a0tercera edici\u00f3n de &#8216;Arroces de Torrevieja&#8217; participar\u00e1n un total de 30 restaurantes, tres m\u00e1s que en la pasada edici\u00f3n. Ayer tuvo lugar la presentaci\u00f3n a cargo del concejal de Turismo, Luis Mar\u00eda Pizana, el presidente de la Asociaci\u00f3n de Hosteler\u00eda de Torrevieja y Comarca, Jos\u00e9 Antonio Lozano; y representantes de los restaurantes que van [&hellip;]<\/p>\n","protected":false},"author":3,"featured_media":1376,"comment_status":"closed","ping_status":"open","sticky":false,"template":"","format":"standard","meta":{"footnotes":""},"categories":[7],"tags":[],"class_list":["post-1375","post","type-post","status-publish","format-standard","has-post-thumbnail","hentry","category-noticias"],"yoast_head":"<!-- This site is optimized with the Yoast SEO plugin v25.7 - https:\/\/yoast.com\/wordpress\/plugins\/seo\/ -->\n<title>3\u00aa Edici\u00f3n \u201cArroces de Torrevieja\u201d - Torrevieja Gastron\u00f3mica<\/title>\n<meta name=\"robots\" content=\"index, follow, max-snippet:-1, max-image-preview:large, max-video-preview:-1\" \/>\n<link rel=\"canonical\" href=\"https:\/\/www.torreviejagastronomica.com\/es\/3a-edicion-arroces-de-torrevieja\/\" \/>\n<meta property=\"og:locale\" content=\"es_ES\" \/>\n<meta property=\"og:type\" content=\"article\" \/>\n<meta property=\"og:title\" content=\"3\u00aa Edici\u00f3n \u201cArroces de Torrevieja\u201d - Torrevieja Gastron\u00f3mica\" \/>\n<meta property=\"og:description\" content=\"En la\u00a0tercera edici\u00f3n de &#8216;Arroces de Torrevieja&#8217; participar\u00e1n un total de 30 restaurantes, tres m\u00e1s que en la pasada edici\u00f3n. Ayer tuvo lugar la presentaci\u00f3n a cargo del concejal de Turismo, Luis Mar\u00eda Pizana, el presidente de la Asociaci\u00f3n de Hosteler\u00eda de Torrevieja y Comarca, Jos\u00e9 Antonio Lozano; y representantes de los restaurantes que van [&hellip;]\" \/>\n<meta property=\"og:url\" content=\"https:\/\/www.torreviejagastronomica.com\/es\/3a-edicion-arroces-de-torrevieja\/\" \/>\n<meta property=\"og:site_name\" content=\"Torrevieja Gastron\u00f3mica\" \/>\n<meta property=\"article:published_time\" content=\"2015-05-07T11:37:02+00:00\" \/>\n<meta name=\"author\" content=\"admin\" \/>\n<meta name=\"twitter:card\" content=\"summary_large_image\" \/>\n<meta name=\"twitter:label1\" content=\"Escrito por\" \/>\n\t<meta name=\"twitter:data1\" content=\"admin\" \/>\n<script type=\"application\/ld+json\" class=\"yoast-schema-graph\">{\"@context\":\"https:\/\/schema.org\",\"@graph\":[{\"@type\":\"Article\",\"@id\":\"https:\/\/www.torreviejagastronomica.com\/3a-edicion-arroces-de-torrevieja\/#article\",\"isPartOf\":{\"@id\":\"https:\/\/www.torreviejagastronomica.com\/3a-edicion-arroces-de-torrevieja\/\"},\"author\":{\"name\":\"admin\",\"@id\":\"https:\/\/www.torreviejagastronomica.com\/#\/schema\/person\/43c1ae0a05eb24e94513f69078cd11a7\"},\"headline\":\"3\u00aa Edici\u00f3n \u201cArroces de Torrevieja\u201d\",\"datePublished\":\"2015-05-07T11:37:02+00:00\",\"mainEntityOfPage\":{\"@id\":\"https:\/\/www.torreviejagastronomica.com\/3a-edicion-arroces-de-torrevieja\/\"},\"wordCount\":81,\"publisher\":{\"@id\":\"https:\/\/www.torreviejagastronomica.com\/#organization\"},\"image\":{\"@id\":\"https:\/\/www.torreviejagastronomica.com\/3a-edicion-arroces-de-torrevieja\/#primaryimage\"},\"thumbnailUrl\":\"\",\"articleSection\":[\"Noticias\"],\"inLanguage\":\"es\"},{\"@type\":\"WebPage\",\"@id\":\"https:\/\/www.torreviejagastronomica.com\/3a-edicion-arroces-de-torrevieja\/\",\"url\":\"https:\/\/www.torreviejagastronomica.com\/3a-edicion-arroces-de-torrevieja\/\",\"name\":\"3\u00aa Edici\u00f3n \u201cArroces de Torrevieja\u201d - Torrevieja Gastron\u00f3mica\",\"isPartOf\":{\"@id\":\"https:\/\/www.torreviejagastronomica.com\/#website\"},\"primaryImageOfPage\":{\"@id\":\"https:\/\/www.torreviejagastronomica.com\/3a-edicion-arroces-de-torrevieja\/#primaryimage\"},\"image\":{\"@id\":\"https:\/\/www.torreviejagastronomica.com\/3a-edicion-arroces-de-torrevieja\/#primaryimage\"},\"thumbnailUrl\":\"\",\"datePublished\":\"2015-05-07T11:37:02+00:00\",\"breadcrumb\":{\"@id\":\"https:\/\/www.torreviejagastronomica.com\/3a-edicion-arroces-de-torrevieja\/#breadcrumb\"},\"inLanguage\":\"es\",\"potentialAction\":[{\"@type\":\"ReadAction\",\"target\":[\"https:\/\/www.torreviejagastronomica.com\/3a-edicion-arroces-de-torrevieja\/\"]}]},{\"@type\":\"ImageObject\",\"inLanguage\":\"es\",\"@id\":\"https:\/\/www.torreviejagastronomica.com\/3a-edicion-arroces-de-torrevieja\/#primaryimage\",\"url\":\"\",\"contentUrl\":\"\"},{\"@type\":\"BreadcrumbList\",\"@id\":\"https:\/\/www.torreviejagastronomica.com\/3a-edicion-arroces-de-torrevieja\/#breadcrumb\",\"itemListElement\":[{\"@type\":\"ListItem\",\"position\":1,\"name\":\"Portada\",\"item\":\"https:\/\/www.torreviejagastronomica.com\/\"},{\"@type\":\"ListItem\",\"position\":2,\"name\":\"3\u00aa Edici\u00f3n \u201cArroces de Torrevieja\u201d\"}]},{\"@type\":\"WebSite\",\"@id\":\"https:\/\/www.torreviejagastronomica.com\/#website\",\"url\":\"https:\/\/www.torreviejagastronomica.com\/\",\"name\":\"Torrevieja Gastron\u00f3mica\",\"description\":\"Asociaci\u00f3n Hosteler\u00eda Torrevieja y Comarca\",\"publisher\":{\"@id\":\"https:\/\/www.torreviejagastronomica.com\/#organization\"},\"potentialAction\":[{\"@type\":\"SearchAction\",\"target\":{\"@type\":\"EntryPoint\",\"urlTemplate\":\"https:\/\/www.torreviejagastronomica.com\/?s={search_term_string}\"},\"query-input\":{\"@type\":\"PropertyValueSpecification\",\"valueRequired\":true,\"valueName\":\"search_term_string\"}}],\"inLanguage\":\"es\"},{\"@type\":\"Organization\",\"@id\":\"https:\/\/www.torreviejagastronomica.com\/#organization\",\"name\":\"Torrevieja Gastron\u00f3mica\",\"url\":\"https:\/\/www.torreviejagastronomica.com\/\",\"logo\":{\"@type\":\"ImageObject\",\"inLanguage\":\"es\",\"@id\":\"https:\/\/www.torreviejagastronomica.com\/#\/schema\/logo\/image\/\",\"url\":\"https:\/\/www.torreviejagastronomica.com\/wp-content\/uploads\/2023\/09\/Logo-Torrevieja-Gastronomica.png\",\"contentUrl\":\"https:\/\/www.torreviejagastronomica.com\/wp-content\/uploads\/2023\/09\/Logo-Torrevieja-Gastronomica.png\",\"width\":350,\"height\":100,\"caption\":\"Torrevieja Gastron\u00f3mica\"},\"image\":{\"@id\":\"https:\/\/www.torreviejagastronomica.com\/#\/schema\/logo\/image\/\"}},{\"@type\":\"Person\",\"@id\":\"https:\/\/www.torreviejagastronomica.com\/#\/schema\/person\/43c1ae0a05eb24e94513f69078cd11a7\",\"name\":\"admin\",\"image\":{\"@type\":\"ImageObject\",\"inLanguage\":\"es\",\"@id\":\"https:\/\/www.torreviejagastronomica.com\/#\/schema\/person\/image\/\",\"url\":\"https:\/\/secure.gravatar.com\/avatar\/6497fb95944786a8c3310104dbce94031a7dee2c3b2645b425bfeeec49855f50?s=96&d=mm&r=g\",\"contentUrl\":\"https:\/\/secure.gravatar.com\/avatar\/6497fb95944786a8c3310104dbce94031a7dee2c3b2645b425bfeeec49855f50?s=96&d=mm&r=g\",\"caption\":\"admin\"},\"url\":\"https:\/\/www.torreviejagastronomica.com\/es\/author\/admin\/\"}]}<\/script>\n<!-- \/ Yoast SEO plugin. -->","yoast_head_json":{"title":"3\u00aa Edici\u00f3n \u201cArroces de Torrevieja\u201d - Torrevieja Gastron\u00f3mica","robots":{"index":"index","follow":"follow","max-snippet":"max-snippet:-1","max-image-preview":"max-image-preview:large","max-video-preview":"max-video-preview:-1"},"canonical":"https:\/\/www.torreviejagastronomica.com\/es\/3a-edicion-arroces-de-torrevieja\/","og_locale":"es_ES","og_type":"article","og_title":"3\u00aa Edici\u00f3n \u201cArroces de Torrevieja\u201d - Torrevieja Gastron\u00f3mica","og_description":"En la\u00a0tercera edici\u00f3n de &#8216;Arroces de Torrevieja&#8217; participar\u00e1n un total de 30 restaurantes, tres m\u00e1s que en la pasada edici\u00f3n. Ayer tuvo lugar la presentaci\u00f3n a cargo del concejal de Turismo, Luis Mar\u00eda Pizana, el presidente de la Asociaci\u00f3n de Hosteler\u00eda de Torrevieja y Comarca, Jos\u00e9 Antonio Lozano; y representantes de los restaurantes que van [&hellip;]","og_url":"https:\/\/www.torreviejagastronomica.com\/es\/3a-edicion-arroces-de-torrevieja\/","og_site_name":"Torrevieja Gastron\u00f3mica","article_published_time":"2015-05-07T11:37:02+00:00","author":"admin","twitter_card":"summary_large_image","twitter_misc":{"Escrito por":"admin"},"schema":{"@context":"https:\/\/schema.org","@graph":[{"@type":"Article","@id":"https:\/\/www.torreviejagastronomica.com\/3a-edicion-arroces-de-torrevieja\/#article","isPartOf":{"@id":"https:\/\/www.torreviejagastronomica.com\/3a-edicion-arroces-de-torrevieja\/"},"author":{"name":"admin","@id":"https:\/\/www.torreviejagastronomica.com\/#\/schema\/person\/43c1ae0a05eb24e94513f69078cd11a7"},"headline":"3\u00aa Edici\u00f3n \u201cArroces de Torrevieja\u201d","datePublished":"2015-05-07T11:37:02+00:00","mainEntityOfPage":{"@id":"https:\/\/www.torreviejagastronomica.com\/3a-edicion-arroces-de-torrevieja\/"},"wordCount":81,"publisher":{"@id":"https:\/\/www.torreviejagastronomica.com\/#organization"},"image":{"@id":"https:\/\/www.torreviejagastronomica.com\/3a-edicion-arroces-de-torrevieja\/#primaryimage"},"thumbnailUrl":"","articleSection":["Noticias"],"inLanguage":"es"},{"@type":"WebPage","@id":"https:\/\/www.torreviejagastronomica.com\/3a-edicion-arroces-de-torrevieja\/","url":"https:\/\/www.torreviejagastronomica.com\/3a-edicion-arroces-de-torrevieja\/","name":"3\u00aa Edici\u00f3n \u201cArroces de Torrevieja\u201d - Torrevieja Gastron\u00f3mica","isPartOf":{"@id":"https:\/\/www.torreviejagastronomica.com\/#website"},"primaryImageOfPage":{"@id":"https:\/\/www.torreviejagastronomica.com\/3a-edicion-arroces-de-torrevieja\/#primaryimage"},"image":{"@id":"https:\/\/www.torreviejagastronomica.com\/3a-edicion-arroces-de-torrevieja\/#primaryimage"},"thumbnailUrl":"","datePublished":"2015-05-07T11:37:02+00:00","breadcrumb":{"@id":"https:\/\/www.torreviejagastronomica.com\/3a-edicion-arroces-de-torrevieja\/#breadcrumb"},"inLanguage":"es","potentialAction":[{"@type":"ReadAction","target":["https:\/\/www.torreviejagastronomica.com\/3a-edicion-arroces-de-torrevieja\/"]}]},{"@type":"ImageObject","inLanguage":"es","@id":"https:\/\/www.torreviejagastronomica.com\/3a-edicion-arroces-de-torrevieja\/#primaryimage","url":"","contentUrl":""},{"@type":"BreadcrumbList","@id":"https:\/\/www.torreviejagastronomica.com\/3a-edicion-arroces-de-torrevieja\/#breadcrumb","itemListElement":[{"@type":"ListItem","position":1,"name":"Portada","item":"https:\/\/www.torreviejagastronomica.com\/"},{"@type":"ListItem","position":2,"name":"3\u00aa Edici\u00f3n \u201cArroces de Torrevieja\u201d"}]},{"@type":"WebSite","@id":"https:\/\/www.torreviejagastronomica.com\/#website","url":"https:\/\/www.torreviejagastronomica.com\/","name":"Torrevieja Gastron\u00f3mica","description":"Asociaci\u00f3n Hosteler\u00eda Torrevieja y Comarca","publisher":{"@id":"https:\/\/www.torreviejagastronomica.com\/#organization"},"potentialAction":[{"@type":"SearchAction","target":{"@type":"EntryPoint","urlTemplate":"https:\/\/www.torreviejagastronomica.com\/?s={search_term_string}"},"query-input":{"@type":"PropertyValueSpecification","valueRequired":true,"valueName":"search_term_string"}}],"inLanguage":"es"},{"@type":"Organization","@id":"https:\/\/www.torreviejagastronomica.com\/#organization","name":"Torrevieja Gastron\u00f3mica","url":"https:\/\/www.torreviejagastronomica.com\/","logo":{"@type":"ImageObject","inLanguage":"es","@id":"https:\/\/www.torreviejagastronomica.com\/#\/schema\/logo\/image\/","url":"https:\/\/www.torreviejagastronomica.com\/wp-content\/uploads\/2023\/09\/Logo-Torrevieja-Gastronomica.png","contentUrl":"https:\/\/www.torreviejagastronomica.com\/wp-content\/uploads\/2023\/09\/Logo-Torrevieja-Gastronomica.png","width":350,"height":100,"caption":"Torrevieja Gastron\u00f3mica"},"image":{"@id":"https:\/\/www.torreviejagastronomica.com\/#\/schema\/logo\/image\/"}},{"@type":"Person","@id":"https:\/\/www.torreviejagastronomica.com\/#\/schema\/person\/43c1ae0a05eb24e94513f69078cd11a7","name":"admin","image":{"@type":"ImageObject","inLanguage":"es","@id":"https:\/\/www.torreviejagastronomica.com\/#\/schema\/person\/image\/","url":"https:\/\/secure.gravatar.com\/avatar\/6497fb95944786a8c3310104dbce94031a7dee2c3b2645b425bfeeec49855f50?s=96&d=mm&r=g","contentUrl":"https:\/\/secure.gravatar.com\/avatar\/6497fb95944786a8c3310104dbce94031a7dee2c3b2645b425bfeeec49855f50?s=96&d=mm&r=g","caption":"admin"},"url":"https:\/\/www.torreviejagastronomica.com\/es\/author\/admin\/"}]}},"_links":{"self":[{"href":"https:\/\/www.torreviejagastronomica.com\/es\/wp-json\/wp\/v2\/posts\/1375","targetHints":{"allow":["GET"]}}],"collection":[{"href":"https:\/\/www.torreviejagastronomica.com\/es\/wp-json\/wp\/v2\/posts"}],"about":[{"href":"https:\/\/www.torreviejagastronomica.com\/es\/wp-json\/wp\/v2\/types\/post"}],"author":[{"embeddable":true,"href":"https:\/\/www.torreviejagastronomica.com\/es\/wp-json\/wp\/v2\/users\/3"}],"replies":[{"embeddable":true,"href":"https:\/\/www.torreviejagastronomica.com\/es\/wp-json\/wp\/v2\/comments?post=1375"}],"version-history":[{"count":0,"href":"https:\/\/www.torreviejagastronomica.com\/es\/wp-json\/wp\/v2\/posts\/1375\/revisions"}],"wp:featuredmedia":[{"embeddable":true,"href":"https:\/\/www.torreviejagastronomica.com\/es\/wp-json\/"}],"wp:attachment":[{"href":"https:\/\/www.torreviejagastronomica.com\/es\/wp-json\/wp\/v2\/media?parent=1375"}],"wp:term":[{"taxonomy":"category","embeddable":true,"href":"https:\/\/www.torreviejagastronomica.com\/es\/wp-json\/wp\/v2\/categories?post=1375"},{"taxonomy":"post_tag","embeddable":true,"href":"https:\/\/www.torreviejagastronomica.com\/es\/wp-json\/wp\/v2\/tags?post=1375"}],"curies":[{"name":"wp","href":"https:\/\/api.w.org\/{rel}","templated":true}]}}