{"id":874,"date":"2014-03-03T09:16:49","date_gmt":"2014-03-03T09:16:49","guid":{"rendered":"http:\/\/www.torreviejagastronomica.com\/?p=874"},"modified":"2014-03-03T09:16:49","modified_gmt":"2014-03-03T09:16:49","slug":"torrevieja-encandila-en-madrid-con-la-promocion-de-su-gastronomia","status":"publish","type":"post","link":"https:\/\/www.torreviejagastronomica.com\/en\/torrevieja-encandila-en-madrid-con-la-promocion-de-su-gastronomia\/","title":{"rendered":"Torrevieja dazzles in Madrid with the promotion of its gastronomy"},"content":{"rendered":"<p>Source: <a href=\"http:\/\/www.laverdad.es\/alicante\/v\/20140125\/provincia\/torrevieja-encandila-madrid-promocion-20140125.html\">laverdad.es<\/a><\/p>\n<h2 style=\"text-align: justify;\">The Hotel and Catering Association presented its annual calendar of events and the special menus it is preparing for the 60th Habanera Festival.<\/h2>\n<div>\n<div id=\"noticia-pestanas\">\n<div id=\"ccronica\">\n<div itemprop=\"\">\n<p style=\"text-align: justify;\">The hotel and catering sector is one of the benchmarks par excellence of Torrevieja's tourist offer, and this was evident yesterday at Fitur, at the Costa Blanca stand, with the presentation of the gastronomic calendar of the Association of Hotel and Catering Businesses.<\/p>\n<p style=\"text-align: justify;\">The vice-president of the hotel and catering association, Luis Miguel Blanco, and the members, Francisco Garc\u00eda and \u00c1ngel Garc\u00eda, announced the activities that will start next February, from the 6th to the 9th. There will be four days in which 25 restaurants in the city will offer under the name of 'La Cazuelica y el Vino' a series of culinary creations with the flavours of the land, accompanied by a list of recommended wines from different Spanish appellations.<\/p>\n<p style=\"text-align: justify;\">Also in the month of March, from 3 to 9, they will hold the second edition of 'Arroces de Torrevieja', as well as on the 31st will take place the dinner of brotherhood of the Hospitality Association, where the Golden Forks awards will be presented. Also announced were the two editions of the Ruta de la Tapa, editions 10 and 11, which have been set for the days from 3 to 13 April and 20 to 30 November. In November, and after the success of 2013, the Semana de la Cuchara (Spoon Week), dedicated to traditional stews, will be held again from 3 to 9 November.<\/p>\n<p style=\"text-align: justify;\">In June, an outstanding group of great restaurants of Torrevieja, will make up the poster of the prestigious gastronomic days Torrevieja and the Sea and in July they have planned a new activity, such as the creation of special menus, coinciding with the celebration of the 60th International Contest of Habaneras and Polyphony.<\/p>\n<p style=\"text-align: justify;\">Luis Miguel Blanco said that this is a challenge in which they will try to combine gastronomic aspects related to the habanera and Torrevieja, so that visitors will also find in the restaurants the strength and tradition of this event declared of international tourist interest.<\/p>\n<p style=\"text-align: justify;\">The presentation was also attended by the Mayor of the city, Eduardo Dolon, who was pleased by the involvement of this important sector of the local economy, as well as the provincial deputy of Tourism, Joaquin Albaladejo, and the mayor of Tourism, Luis Maria Pizana. The presence of the catering representation was reinforced with the presence of the chefs Tom\u00e1s Arenas, from Las Jarras de La Mata Restaurant, and Luis Miguel Rodr\u00edguez from Marisquer\u00eda Torrevieja, who prepared two rice dishes for the public, one a banda, and the other with artichokes and anchovies from Torrevieja. This 'show cooking' was attended by numerous people who, at the same time as the chefs were preparing the dishes, were asking questions about the raw materials used or the ideal cooking times to make a tasty rice dish.<\/p>\n<p style=\"text-align: justify;\">In this case, as Tom\u00e1s Arenas explained, they brought from Torrevieja not only the fish, but also the broth, one of the secrets of this succulent dish which delighted the public and left those attending the tourism fair spellbound.<\/p>\n<\/div>\n<\/div>\n<\/div>\n<\/div>","protected":false},"excerpt":{"rendered":"<p>Source: laverdad.es The Hospitality Association presented its annual calendar of events and the special menus prepared for the 60th Habaneras Festival. The hotel and catering sector is one of the references par excellence of the tourist offer of Torrevieja, and that has been noted in the day of yesterday in [...]<\/p>","protected":false},"author":3,"featured_media":875,"comment_status":"closed","ping_status":"open","sticky":false,"template":"","format":"standard","meta":{"footnotes":""},"categories":[8],"tags":[],"class_list":["post-874","post","type-post","status-publish","format-standard","has-post-thumbnail","hentry","category-eventos"],"yoast_head":"<!-- This site is optimized with the Yoast SEO plugin v25.7 - https:\/\/yoast.com\/wordpress\/plugins\/seo\/ -->\n<title>Torrevieja encandila en Madrid con la promoci\u00f3n de su gastronom\u00eda - Torrevieja Gastron\u00f3mica<\/title>\n<meta name=\"robots\" content=\"index, follow, max-snippet:-1, max-image-preview:large, max-video-preview:-1\" \/>\n<link rel=\"canonical\" href=\"https:\/\/www.torreviejagastronomica.com\/en\/torrevieja-encandila-en-madrid-con-la-promocion-de-su-gastronomia\/\" \/>\n<meta property=\"og:locale\" content=\"en_GB\" \/>\n<meta property=\"og:type\" content=\"article\" \/>\n<meta property=\"og:title\" content=\"Torrevieja encandila en Madrid con la promoci\u00f3n de su gastronom\u00eda - Torrevieja Gastron\u00f3mica\" \/>\n<meta property=\"og:description\" content=\"Fuente: laverdad.es La Asociaci\u00f3n de Hosteler\u00eda present\u00f3 su calendario anual de eventos y los men\u00fas especiales que prepara con motivo del 60 Certamen de Habaneras. El sector de la hosteler\u00eda es uno de los referentes por antonomasia de la oferta tur\u00edstica de Torrevieja, y eso se ha dejado notar en la jornada de ayer en [&hellip;]\" \/>\n<meta property=\"og:url\" content=\"https:\/\/www.torreviejagastronomica.com\/en\/torrevieja-encandila-en-madrid-con-la-promocion-de-su-gastronomia\/\" \/>\n<meta property=\"og:site_name\" content=\"Torrevieja Gastron\u00f3mica\" \/>\n<meta property=\"article:published_time\" content=\"2014-03-03T09:16:49+00:00\" \/>\n<meta property=\"og:image\" content=\"https:\/\/www.torreviejagastronomica.com\/wp-content\/uploads\/2014\/03\/16324277.jpg\" \/>\n\t<meta property=\"og:image:width\" content=\"300\" \/>\n\t<meta property=\"og:image:height\" content=\"174\" \/>\n\t<meta property=\"og:image:type\" content=\"image\/jpeg\" \/>\n<meta name=\"author\" content=\"admin\" \/>\n<meta name=\"twitter:card\" content=\"summary_large_image\" \/>\n<meta name=\"twitter:label1\" content=\"Written by\" \/>\n\t<meta name=\"twitter:data1\" content=\"admin\" \/>\n\t<meta name=\"twitter:label2\" content=\"Estimated reading time\" \/>\n\t<meta name=\"twitter:data2\" content=\"3 minutes\" \/>\n<script type=\"application\/ld+json\" class=\"yoast-schema-graph\">{\"@context\":\"https:\/\/schema.org\",\"@graph\":[{\"@type\":\"Article\",\"@id\":\"https:\/\/www.torreviejagastronomica.com\/torrevieja-encandila-en-madrid-con-la-promocion-de-su-gastronomia\/#article\",\"isPartOf\":{\"@id\":\"https:\/\/www.torreviejagastronomica.com\/torrevieja-encandila-en-madrid-con-la-promocion-de-su-gastronomia\/\"},\"author\":{\"name\":\"admin\",\"@id\":\"https:\/\/www.torreviejagastronomica.com\/#\/schema\/person\/43c1ae0a05eb24e94513f69078cd11a7\"},\"headline\":\"Torrevieja encandila en Madrid con la promoci\u00f3n de su gastronom\u00eda\",\"datePublished\":\"2014-03-03T09:16:49+00:00\",\"mainEntityOfPage\":{\"@id\":\"https:\/\/www.torreviejagastronomica.com\/torrevieja-encandila-en-madrid-con-la-promocion-de-su-gastronomia\/\"},\"wordCount\":600,\"publisher\":{\"@id\":\"https:\/\/www.torreviejagastronomica.com\/#organization\"},\"image\":{\"@id\":\"https:\/\/www.torreviejagastronomica.com\/torrevieja-encandila-en-madrid-con-la-promocion-de-su-gastronomia\/#primaryimage\"},\"thumbnailUrl\":\"https:\/\/www.torreviejagastronomica.com\/wp-content\/uploads\/2014\/03\/16324277.jpg\",\"articleSection\":[\"Eventos\"],\"inLanguage\":\"en-GB\"},{\"@type\":\"WebPage\",\"@id\":\"https:\/\/www.torreviejagastronomica.com\/torrevieja-encandila-en-madrid-con-la-promocion-de-su-gastronomia\/\",\"url\":\"https:\/\/www.torreviejagastronomica.com\/torrevieja-encandila-en-madrid-con-la-promocion-de-su-gastronomia\/\",\"name\":\"Torrevieja encandila en Madrid con la promoci\u00f3n de su gastronom\u00eda - Torrevieja Gastron\u00f3mica\",\"isPartOf\":{\"@id\":\"https:\/\/www.torreviejagastronomica.com\/#website\"},\"primaryImageOfPage\":{\"@id\":\"https:\/\/www.torreviejagastronomica.com\/torrevieja-encandila-en-madrid-con-la-promocion-de-su-gastronomia\/#primaryimage\"},\"image\":{\"@id\":\"https:\/\/www.torreviejagastronomica.com\/torrevieja-encandila-en-madrid-con-la-promocion-de-su-gastronomia\/#primaryimage\"},\"thumbnailUrl\":\"https:\/\/www.torreviejagastronomica.com\/wp-content\/uploads\/2014\/03\/16324277.jpg\",\"datePublished\":\"2014-03-03T09:16:49+00:00\",\"breadcrumb\":{\"@id\":\"https:\/\/www.torreviejagastronomica.com\/torrevieja-encandila-en-madrid-con-la-promocion-de-su-gastronomia\/#breadcrumb\"},\"inLanguage\":\"en-GB\",\"potentialAction\":[{\"@type\":\"ReadAction\",\"target\":[\"https:\/\/www.torreviejagastronomica.com\/torrevieja-encandila-en-madrid-con-la-promocion-de-su-gastronomia\/\"]}]},{\"@type\":\"ImageObject\",\"inLanguage\":\"en-GB\",\"@id\":\"https:\/\/www.torreviejagastronomica.com\/torrevieja-encandila-en-madrid-con-la-promocion-de-su-gastronomia\/#primaryimage\",\"url\":\"https:\/\/www.torreviejagastronomica.com\/wp-content\/uploads\/2014\/03\/16324277.jpg\",\"contentUrl\":\"https:\/\/www.torreviejagastronomica.com\/wp-content\/uploads\/2014\/03\/16324277.jpg\",\"width\":300,\"height\":174},{\"@type\":\"BreadcrumbList\",\"@id\":\"https:\/\/www.torreviejagastronomica.com\/torrevieja-encandila-en-madrid-con-la-promocion-de-su-gastronomia\/#breadcrumb\",\"itemListElement\":[{\"@type\":\"ListItem\",\"position\":1,\"name\":\"Portada\",\"item\":\"https:\/\/www.torreviejagastronomica.com\/\"},{\"@type\":\"ListItem\",\"position\":2,\"name\":\"Torrevieja encandila en Madrid con la promoci\u00f3n de su gastronom\u00eda\"}]},{\"@type\":\"WebSite\",\"@id\":\"https:\/\/www.torreviejagastronomica.com\/#website\",\"url\":\"https:\/\/www.torreviejagastronomica.com\/\",\"name\":\"Torrevieja Gastron\u00f3mica\",\"description\":\"Asociaci\u00f3n Hosteler\u00eda Torrevieja y Comarca\",\"publisher\":{\"@id\":\"https:\/\/www.torreviejagastronomica.com\/#organization\"},\"potentialAction\":[{\"@type\":\"SearchAction\",\"target\":{\"@type\":\"EntryPoint\",\"urlTemplate\":\"https:\/\/www.torreviejagastronomica.com\/?s={search_term_string}\"},\"query-input\":{\"@type\":\"PropertyValueSpecification\",\"valueRequired\":true,\"valueName\":\"search_term_string\"}}],\"inLanguage\":\"en-GB\"},{\"@type\":\"Organization\",\"@id\":\"https:\/\/www.torreviejagastronomica.com\/#organization\",\"name\":\"Torrevieja Gastron\u00f3mica\",\"url\":\"https:\/\/www.torreviejagastronomica.com\/\",\"logo\":{\"@type\":\"ImageObject\",\"inLanguage\":\"en-GB\",\"@id\":\"https:\/\/www.torreviejagastronomica.com\/#\/schema\/logo\/image\/\",\"url\":\"https:\/\/www.torreviejagastronomica.com\/wp-content\/uploads\/2023\/09\/Logo-Torrevieja-Gastronomica.png\",\"contentUrl\":\"https:\/\/www.torreviejagastronomica.com\/wp-content\/uploads\/2023\/09\/Logo-Torrevieja-Gastronomica.png\",\"width\":350,\"height\":100,\"caption\":\"Torrevieja Gastron\u00f3mica\"},\"image\":{\"@id\":\"https:\/\/www.torreviejagastronomica.com\/#\/schema\/logo\/image\/\"}},{\"@type\":\"Person\",\"@id\":\"https:\/\/www.torreviejagastronomica.com\/#\/schema\/person\/43c1ae0a05eb24e94513f69078cd11a7\",\"name\":\"admin\",\"image\":{\"@type\":\"ImageObject\",\"inLanguage\":\"en-GB\",\"@id\":\"https:\/\/www.torreviejagastronomica.com\/#\/schema\/person\/image\/\",\"url\":\"https:\/\/secure.gravatar.com\/avatar\/6497fb95944786a8c3310104dbce94031a7dee2c3b2645b425bfeeec49855f50?s=96&d=mm&r=g\",\"contentUrl\":\"https:\/\/secure.gravatar.com\/avatar\/6497fb95944786a8c3310104dbce94031a7dee2c3b2645b425bfeeec49855f50?s=96&d=mm&r=g\",\"caption\":\"admin\"},\"url\":\"https:\/\/www.torreviejagastronomica.com\/en\/author\/admin\/\"}]}<\/script>\n<!-- \/ Yoast SEO plugin. -->","yoast_head_json":{"title":"Torrevieja encandila en Madrid con la promoci\u00f3n de su gastronom\u00eda - Torrevieja Gastron\u00f3mica","robots":{"index":"index","follow":"follow","max-snippet":"max-snippet:-1","max-image-preview":"max-image-preview:large","max-video-preview":"max-video-preview:-1"},"canonical":"https:\/\/www.torreviejagastronomica.com\/en\/torrevieja-encandila-en-madrid-con-la-promocion-de-su-gastronomia\/","og_locale":"en_GB","og_type":"article","og_title":"Torrevieja encandila en Madrid con la promoci\u00f3n de su gastronom\u00eda - Torrevieja Gastron\u00f3mica","og_description":"Fuente: laverdad.es La Asociaci\u00f3n de Hosteler\u00eda present\u00f3 su calendario anual de eventos y los men\u00fas especiales que prepara con motivo del 60 Certamen de Habaneras. El sector de la hosteler\u00eda es uno de los referentes por antonomasia de la oferta tur\u00edstica de Torrevieja, y eso se ha dejado notar en la jornada de ayer en [&hellip;]","og_url":"https:\/\/www.torreviejagastronomica.com\/en\/torrevieja-encandila-en-madrid-con-la-promocion-de-su-gastronomia\/","og_site_name":"Torrevieja Gastron\u00f3mica","article_published_time":"2014-03-03T09:16:49+00:00","og_image":[{"width":300,"height":174,"url":"https:\/\/www.torreviejagastronomica.com\/wp-content\/uploads\/2014\/03\/16324277.jpg","type":"image\/jpeg"}],"author":"admin","twitter_card":"summary_large_image","twitter_misc":{"Written by":"admin","Estimated reading time":"3 minutes"},"schema":{"@context":"https:\/\/schema.org","@graph":[{"@type":"Article","@id":"https:\/\/www.torreviejagastronomica.com\/torrevieja-encandila-en-madrid-con-la-promocion-de-su-gastronomia\/#article","isPartOf":{"@id":"https:\/\/www.torreviejagastronomica.com\/torrevieja-encandila-en-madrid-con-la-promocion-de-su-gastronomia\/"},"author":{"name":"admin","@id":"https:\/\/www.torreviejagastronomica.com\/#\/schema\/person\/43c1ae0a05eb24e94513f69078cd11a7"},"headline":"Torrevieja encandila en Madrid con la promoci\u00f3n de su gastronom\u00eda","datePublished":"2014-03-03T09:16:49+00:00","mainEntityOfPage":{"@id":"https:\/\/www.torreviejagastronomica.com\/torrevieja-encandila-en-madrid-con-la-promocion-de-su-gastronomia\/"},"wordCount":600,"publisher":{"@id":"https:\/\/www.torreviejagastronomica.com\/#organization"},"image":{"@id":"https:\/\/www.torreviejagastronomica.com\/torrevieja-encandila-en-madrid-con-la-promocion-de-su-gastronomia\/#primaryimage"},"thumbnailUrl":"https:\/\/www.torreviejagastronomica.com\/wp-content\/uploads\/2014\/03\/16324277.jpg","articleSection":["Eventos"],"inLanguage":"en-GB"},{"@type":"WebPage","@id":"https:\/\/www.torreviejagastronomica.com\/torrevieja-encandila-en-madrid-con-la-promocion-de-su-gastronomia\/","url":"https:\/\/www.torreviejagastronomica.com\/torrevieja-encandila-en-madrid-con-la-promocion-de-su-gastronomia\/","name":"Torrevieja encandila en Madrid con la promoci\u00f3n de su gastronom\u00eda - Torrevieja Gastron\u00f3mica","isPartOf":{"@id":"https:\/\/www.torreviejagastronomica.com\/#website"},"primaryImageOfPage":{"@id":"https:\/\/www.torreviejagastronomica.com\/torrevieja-encandila-en-madrid-con-la-promocion-de-su-gastronomia\/#primaryimage"},"image":{"@id":"https:\/\/www.torreviejagastronomica.com\/torrevieja-encandila-en-madrid-con-la-promocion-de-su-gastronomia\/#primaryimage"},"thumbnailUrl":"https:\/\/www.torreviejagastronomica.com\/wp-content\/uploads\/2014\/03\/16324277.jpg","datePublished":"2014-03-03T09:16:49+00:00","breadcrumb":{"@id":"https:\/\/www.torreviejagastronomica.com\/torrevieja-encandila-en-madrid-con-la-promocion-de-su-gastronomia\/#breadcrumb"},"inLanguage":"en-GB","potentialAction":[{"@type":"ReadAction","target":["https:\/\/www.torreviejagastronomica.com\/torrevieja-encandila-en-madrid-con-la-promocion-de-su-gastronomia\/"]}]},{"@type":"ImageObject","inLanguage":"en-GB","@id":"https:\/\/www.torreviejagastronomica.com\/torrevieja-encandila-en-madrid-con-la-promocion-de-su-gastronomia\/#primaryimage","url":"https:\/\/www.torreviejagastronomica.com\/wp-content\/uploads\/2014\/03\/16324277.jpg","contentUrl":"https:\/\/www.torreviejagastronomica.com\/wp-content\/uploads\/2014\/03\/16324277.jpg","width":300,"height":174},{"@type":"BreadcrumbList","@id":"https:\/\/www.torreviejagastronomica.com\/torrevieja-encandila-en-madrid-con-la-promocion-de-su-gastronomia\/#breadcrumb","itemListElement":[{"@type":"ListItem","position":1,"name":"Portada","item":"https:\/\/www.torreviejagastronomica.com\/"},{"@type":"ListItem","position":2,"name":"Torrevieja encandila en Madrid con la promoci\u00f3n de su gastronom\u00eda"}]},{"@type":"WebSite","@id":"https:\/\/www.torreviejagastronomica.com\/#website","url":"https:\/\/www.torreviejagastronomica.com\/","name":"Torrevieja Gastron\u00f3mica","description":"Asociaci\u00f3n Hosteler\u00eda Torrevieja y Comarca","publisher":{"@id":"https:\/\/www.torreviejagastronomica.com\/#organization"},"potentialAction":[{"@type":"SearchAction","target":{"@type":"EntryPoint","urlTemplate":"https:\/\/www.torreviejagastronomica.com\/?s={search_term_string}"},"query-input":{"@type":"PropertyValueSpecification","valueRequired":true,"valueName":"search_term_string"}}],"inLanguage":"en-GB"},{"@type":"Organization","@id":"https:\/\/www.torreviejagastronomica.com\/#organization","name":"Torrevieja Gastron\u00f3mica","url":"https:\/\/www.torreviejagastronomica.com\/","logo":{"@type":"ImageObject","inLanguage":"en-GB","@id":"https:\/\/www.torreviejagastronomica.com\/#\/schema\/logo\/image\/","url":"https:\/\/www.torreviejagastronomica.com\/wp-content\/uploads\/2023\/09\/Logo-Torrevieja-Gastronomica.png","contentUrl":"https:\/\/www.torreviejagastronomica.com\/wp-content\/uploads\/2023\/09\/Logo-Torrevieja-Gastronomica.png","width":350,"height":100,"caption":"Torrevieja Gastron\u00f3mica"},"image":{"@id":"https:\/\/www.torreviejagastronomica.com\/#\/schema\/logo\/image\/"}},{"@type":"Person","@id":"https:\/\/www.torreviejagastronomica.com\/#\/schema\/person\/43c1ae0a05eb24e94513f69078cd11a7","name":"admin","image":{"@type":"ImageObject","inLanguage":"en-GB","@id":"https:\/\/www.torreviejagastronomica.com\/#\/schema\/person\/image\/","url":"https:\/\/secure.gravatar.com\/avatar\/6497fb95944786a8c3310104dbce94031a7dee2c3b2645b425bfeeec49855f50?s=96&d=mm&r=g","contentUrl":"https:\/\/secure.gravatar.com\/avatar\/6497fb95944786a8c3310104dbce94031a7dee2c3b2645b425bfeeec49855f50?s=96&d=mm&r=g","caption":"admin"},"url":"https:\/\/www.torreviejagastronomica.com\/en\/author\/admin\/"}]}},"_links":{"self":[{"href":"https:\/\/www.torreviejagastronomica.com\/en\/wp-json\/wp\/v2\/posts\/874","targetHints":{"allow":["GET"]}}],"collection":[{"href":"https:\/\/www.torreviejagastronomica.com\/en\/wp-json\/wp\/v2\/posts"}],"about":[{"href":"https:\/\/www.torreviejagastronomica.com\/en\/wp-json\/wp\/v2\/types\/post"}],"author":[{"embeddable":true,"href":"https:\/\/www.torreviejagastronomica.com\/en\/wp-json\/wp\/v2\/users\/3"}],"replies":[{"embeddable":true,"href":"https:\/\/www.torreviejagastronomica.com\/en\/wp-json\/wp\/v2\/comments?post=874"}],"version-history":[{"count":0,"href":"https:\/\/www.torreviejagastronomica.com\/en\/wp-json\/wp\/v2\/posts\/874\/revisions"}],"wp:featuredmedia":[{"embeddable":true,"href":"https:\/\/www.torreviejagastronomica.com\/en\/wp-json\/wp\/v2\/media\/875"}],"wp:attachment":[{"href":"https:\/\/www.torreviejagastronomica.com\/en\/wp-json\/wp\/v2\/media?parent=874"}],"wp:term":[{"taxonomy":"category","embeddable":true,"href":"https:\/\/www.torreviejagastronomica.com\/en\/wp-json\/wp\/v2\/categories?post=874"},{"taxonomy":"post_tag","embeddable":true,"href":"https:\/\/www.torreviejagastronomica.com\/en\/wp-json\/wp\/v2\/tags?post=874"}],"curies":[{"name":"wp","href":"https:\/\/api.w.org\/{rel}","templated":true}]}}