{"id":8293,"date":"2026-09-05T16:01:02","date_gmt":"2026-09-05T14:01:02","guid":{"rendered":"https:\/\/www.torreviejagastronomica.com\/?p=8293"},"modified":"2026-09-05T16:01:05","modified_gmt":"2026-09-05T14:01:05","slug":"v-edicion-la-millor-tapeta-del-mon","status":"publish","type":"post","link":"https:\/\/www.torreviejagastronomica.com\/en\/v-edicion-la-millor-tapeta-del-mon\/","title":{"rendered":"5th \u2018World\u2019s Best Tapeta\u2019 Competition\u00a0"},"content":{"rendered":"<p><strong>14, 15, 16, 21 and 22 September 2026<\/strong>, at 11.00, the <strong>Alicante Central Market<\/strong> (CERCA) will be bursting with flavour thanks to a unique cooking demonstration dedicated to tapas.<\/p>\n\n\n\n<p><strong>APEHA,<\/strong> together with <strong>Costa Blanca and Alicante City Council,<\/strong> It has brought together some of the best chefs from \u2018La Millor Terreta del M\u00f3n\u2019 so that the public can find out who will take the title of \u2018La Millor Tapeta del M\u00f3n\u2019 \ud83c\udfc6<\/p>\n\n\n\n<p>\ud83d\udccd The&nbsp;<strong>21 September<\/strong>the&nbsp;<strong>HB Restaurant (Torrevieja)<\/strong>&nbsp;will present his dish on the showcooking stage, bringing his own culinary flair to the event.<\/p>\n\n\n\n<p>\ud83d\uddd3\ufe0f Dates: 14, 15, 16, 21 and 22 September<br>\ud83d\udd5a Time: 11.00 am<br>\ud83d\udccd Venue: CERCA, Alicante Central Market<\/p>\n\n\n\n<p>A must-visit for lovers of fine dining and tapas. \ud83d\udc68\u200d\ud83c\udf73\ud83d\udc69\u200d\ud83c\udf73<\/p>\n\n\n\n<p><\/p>\n\n\n\n<p><\/p>","protected":false},"excerpt":{"rendered":"<p>On 14, 15, 16, 21 and 22 September 2026, at 11.00 am, Alicante\u2019s Central Market (CERCA) will be bursting with flavour thanks to a unique cookery demonstration dedicated to tapas. APEHA, together with Costa Blanca and Alicante City Council, has brought together some of the best chefs from \u2018La [\u2026]<\/p>","protected":false},"author":4,"featured_media":8294,"comment_status":"open","ping_status":"open","sticky":false,"template":"","format":"standard","meta":{"footnotes":""},"categories":[8,7],"tags":[],"class_list":["post-8293","post","type-post","status-publish","format-standard","has-post-thumbnail","hentry","category-eventos","category-noticias"],"yoast_head":"<!-- This site is optimized with the Yoast SEO plugin v28.2 - https:\/\/yoast.com\/product\/yoast-seo-wordpress\/ -->\n<title>V Edici\u00f3n &quot;La Millor Tapeta del M\u00f3n&quot;\u00a0 - Torrevieja Gastron\u00f3mica<\/title>\n<meta name=\"robots\" content=\"index, follow, max-snippet:-1, max-image-preview:large, max-video-preview:-1\" \/>\n<link rel=\"canonical\" href=\"https:\/\/www.torreviejagastronomica.com\/en\/v-edicion-la-millor-tapeta-del-mon\/\" \/>\n<meta property=\"og:locale\" content=\"en_GB\" \/>\n<meta property=\"og:type\" content=\"article\" \/>\n<meta property=\"og:title\" content=\"V Edici\u00f3n &quot;La Millor Tapeta del M\u00f3n&quot;\u00a0 - Torrevieja Gastron\u00f3mica\" \/>\n<meta property=\"og:description\" content=\"Los d\u00edas 14, 15, 16, 21 y 22 de septiembre de 2026, a las 11:00h, el Mercado Central de Alicante (CERCA) se llenar\u00e1 de sabor con un showcooking \u00fanico dedicado a las tapas. APEHA, junto con Costa Blanca y el Ayuntamiento de Alicante, ha reunido a algunos de los mejores cocineros y cocineras de \u00abLa [&hellip;]\" \/>\n<meta property=\"og:url\" content=\"https:\/\/www.torreviejagastronomica.com\/en\/v-edicion-la-millor-tapeta-del-mon\/\" \/>\n<meta property=\"og:site_name\" content=\"Torrevieja Gastron\u00f3mica\" \/>\n<meta property=\"article:published_time\" content=\"2026-09-05T14:01:02+00:00\" \/>\n<meta property=\"article:modified_time\" content=\"2026-09-05T14:01:05+00:00\" \/>\n<meta property=\"og:image\" content=\"https:\/\/www.torreviejagastronomica.com\/wp-content\/uploads\/2026\/09\/triptico-A4-interior.pdf.jpg\" \/>\n\t<meta property=\"og:image:width\" content=\"2000\" \/>\n\t<meta property=\"og:image:height\" content=\"1423\" \/>\n\t<meta property=\"og:image:type\" content=\"image\/jpeg\" \/>\n<meta name=\"author\" content=\"Asociaci\u00f3n de Empresas de Hosteler\u00eda de Torrevieja y Comarca\" \/>\n<meta name=\"twitter:card\" content=\"summary_large_image\" \/>\n<meta name=\"twitter:label1\" content=\"Written by\" \/>\n\t<meta name=\"twitter:data1\" content=\"Asociaci\u00f3n de Empresas de Hosteler\u00eda de Torrevieja y Comarca\" \/>\n\t<meta name=\"twitter:label2\" content=\"Estimated reading time\" \/>\n\t<meta name=\"twitter:data2\" content=\"1 minute\" \/>\n<script type=\"application\/ld+json\" class=\"yoast-schema-graph\">{\"@context\":\"https:\\\/\\\/schema.org\",\"@graph\":[{\"@type\":\"Article\",\"@id\":\"https:\\\/\\\/www.torreviejagastronomica.com\\\/v-edicion-la-millor-tapeta-del-mon\\\/#article\",\"isPartOf\":{\"@id\":\"https:\\\/\\\/www.torreviejagastronomica.com\\\/v-edicion-la-millor-tapeta-del-mon\\\/\"},\"author\":{\"name\":\"Asociaci\u00f3n de Empresas de Hosteler\u00eda de Torrevieja y Comarca\",\"@id\":\"https:\\\/\\\/www.torreviejagastronomica.com\\\/#\\\/schema\\\/person\\\/9e0116f808f941d46f9baadf5335f0a9\"},\"headline\":\"V Edici\u00f3n \u00abLa Millor Tapeta del M\u00f3n\u00bb\u00a0\",\"datePublished\":\"2026-09-05T14:01:02+00:00\",\"dateModified\":\"2026-09-05T14:01:05+00:00\",\"mainEntityOfPage\":{\"@id\":\"https:\\\/\\\/www.torreviejagastronomica.com\\\/v-edicion-la-millor-tapeta-del-mon\\\/\"},\"wordCount\":136,\"commentCount\":0,\"publisher\":{\"@id\":\"https:\\\/\\\/www.torreviejagastronomica.com\\\/#organization\"},\"image\":{\"@id\":\"https:\\\/\\\/www.torreviejagastronomica.com\\\/v-edicion-la-millor-tapeta-del-mon\\\/#primaryimage\"},\"thumbnailUrl\":\"https:\\\/\\\/www.torreviejagastronomica.com\\\/wp-content\\\/uploads\\\/2026\\\/09\\\/triptico-A4-interior.pdf.jpg\",\"articleSection\":[\"Eventos\",\"Noticias\"],\"inLanguage\":\"en-GB\",\"potentialAction\":[{\"@type\":\"CommentAction\",\"name\":\"Comment\",\"target\":[\"https:\\\/\\\/www.torreviejagastronomica.com\\\/v-edicion-la-millor-tapeta-del-mon\\\/#respond\"]}]},{\"@type\":\"WebPage\",\"@id\":\"https:\\\/\\\/www.torreviejagastronomica.com\\\/v-edicion-la-millor-tapeta-del-mon\\\/\",\"url\":\"https:\\\/\\\/www.torreviejagastronomica.com\\\/v-edicion-la-millor-tapeta-del-mon\\\/\",\"name\":\"V Edici\u00f3n \\\"La Millor Tapeta del M\u00f3n\\\"\u00a0 - Torrevieja Gastron\u00f3mica\",\"isPartOf\":{\"@id\":\"https:\\\/\\\/www.torreviejagastronomica.com\\\/#website\"},\"primaryImageOfPage\":{\"@id\":\"https:\\\/\\\/www.torreviejagastronomica.com\\\/v-edicion-la-millor-tapeta-del-mon\\\/#primaryimage\"},\"image\":{\"@id\":\"https:\\\/\\\/www.torreviejagastronomica.com\\\/v-edicion-la-millor-tapeta-del-mon\\\/#primaryimage\"},\"thumbnailUrl\":\"https:\\\/\\\/www.torreviejagastronomica.com\\\/wp-content\\\/uploads\\\/2026\\\/09\\\/triptico-A4-interior.pdf.jpg\",\"datePublished\":\"2026-09-05T14:01:02+00:00\",\"dateModified\":\"2026-09-05T14:01:05+00:00\",\"breadcrumb\":{\"@id\":\"https:\\\/\\\/www.torreviejagastronomica.com\\\/v-edicion-la-millor-tapeta-del-mon\\\/#breadcrumb\"},\"inLanguage\":\"en-GB\",\"potentialAction\":[{\"@type\":\"ReadAction\",\"target\":[\"https:\\\/\\\/www.torreviejagastronomica.com\\\/v-edicion-la-millor-tapeta-del-mon\\\/\"]}]},{\"@type\":\"ImageObject\",\"inLanguage\":\"en-GB\",\"@id\":\"https:\\\/\\\/www.torreviejagastronomica.com\\\/v-edicion-la-millor-tapeta-del-mon\\\/#primaryimage\",\"url\":\"https:\\\/\\\/www.torreviejagastronomica.com\\\/wp-content\\\/uploads\\\/2026\\\/09\\\/triptico-A4-interior.pdf.jpg\",\"contentUrl\":\"https:\\\/\\\/www.torreviejagastronomica.com\\\/wp-content\\\/uploads\\\/2026\\\/09\\\/triptico-A4-interior.pdf.jpg\",\"width\":2000,\"height\":1423},{\"@type\":\"BreadcrumbList\",\"@id\":\"https:\\\/\\\/www.torreviejagastronomica.com\\\/v-edicion-la-millor-tapeta-del-mon\\\/#breadcrumb\",\"itemListElement\":[{\"@type\":\"ListItem\",\"position\":1,\"name\":\"Portada\",\"item\":\"https:\\\/\\\/www.torreviejagastronomica.com\\\/\"},{\"@type\":\"ListItem\",\"position\":2,\"name\":\"V Edici\u00f3n \u00abLa Millor Tapeta del M\u00f3n\u00bb\u00a0\"}]},{\"@type\":\"WebSite\",\"@id\":\"https:\\\/\\\/www.torreviejagastronomica.com\\\/#website\",\"url\":\"https:\\\/\\\/www.torreviejagastronomica.com\\\/\",\"name\":\"Torrevieja Gastron\u00f3mica\",\"description\":\"Asociaci\u00f3n Hosteler\u00eda Torrevieja y Comarca\",\"publisher\":{\"@id\":\"https:\\\/\\\/www.torreviejagastronomica.com\\\/#organization\"},\"potentialAction\":[{\"@type\":\"SearchAction\",\"target\":{\"@type\":\"EntryPoint\",\"urlTemplate\":\"https:\\\/\\\/www.torreviejagastronomica.com\\\/?s={search_term_string}\"},\"query-input\":{\"@type\":\"PropertyValueSpecification\",\"valueRequired\":true,\"valueName\":\"search_term_string\"}}],\"inLanguage\":\"en-GB\"},{\"@type\":\"Organization\",\"@id\":\"https:\\\/\\\/www.torreviejagastronomica.com\\\/#organization\",\"name\":\"Torrevieja Gastron\u00f3mica\",\"url\":\"https:\\\/\\\/www.torreviejagastronomica.com\\\/\",\"logo\":{\"@type\":\"ImageObject\",\"inLanguage\":\"en-GB\",\"@id\":\"https:\\\/\\\/www.torreviejagastronomica.com\\\/#\\\/schema\\\/logo\\\/image\\\/\",\"url\":\"https:\\\/\\\/www.torreviejagastronomica.com\\\/wp-content\\\/uploads\\\/2023\\\/09\\\/Logo-Torrevieja-Gastronomica.png\",\"contentUrl\":\"https:\\\/\\\/www.torreviejagastronomica.com\\\/wp-content\\\/uploads\\\/2023\\\/09\\\/Logo-Torrevieja-Gastronomica.png\",\"width\":350,\"height\":100,\"caption\":\"Torrevieja Gastron\u00f3mica\"},\"image\":{\"@id\":\"https:\\\/\\\/www.torreviejagastronomica.com\\\/#\\\/schema\\\/logo\\\/image\\\/\"}},{\"@type\":\"Person\",\"@id\":\"https:\\\/\\\/www.torreviejagastronomica.com\\\/#\\\/schema\\\/person\\\/9e0116f808f941d46f9baadf5335f0a9\",\"name\":\"Asociaci\u00f3n de Empresas de Hosteler\u00eda de Torrevieja y Comarca\",\"image\":{\"@type\":\"ImageObject\",\"inLanguage\":\"en-GB\",\"@id\":\"https:\\\/\\\/secure.gravatar.com\\\/avatar\\\/32ba6ba6e685fc061412a65c4a8a8b6caaf6d90d0985a737a4015d36e84d2d1f?s=96&d=mm&r=g\",\"url\":\"https:\\\/\\\/secure.gravatar.com\\\/avatar\\\/32ba6ba6e685fc061412a65c4a8a8b6caaf6d90d0985a737a4015d36e84d2d1f?s=96&d=mm&r=g\",\"contentUrl\":\"https:\\\/\\\/secure.gravatar.com\\\/avatar\\\/32ba6ba6e685fc061412a65c4a8a8b6caaf6d90d0985a737a4015d36e84d2d1f?s=96&d=mm&r=g\",\"caption\":\"Asociaci\u00f3n de Empresas de Hosteler\u00eda de Torrevieja y Comarca\"},\"url\":\"https:\\\/\\\/www.torreviejagastronomica.com\\\/en\\\/author\\\/hosteleria\\\/\"}]}<\/script>\n<!-- \/ Yoast SEO plugin. -->","yoast_head_json":{"title":"V Edici\u00f3n \"La Millor Tapeta del M\u00f3n\"\u00a0 - Torrevieja Gastron\u00f3mica","robots":{"index":"index","follow":"follow","max-snippet":"max-snippet:-1","max-image-preview":"max-image-preview:large","max-video-preview":"max-video-preview:-1"},"canonical":"https:\/\/www.torreviejagastronomica.com\/en\/v-edicion-la-millor-tapeta-del-mon\/","og_locale":"en_GB","og_type":"article","og_title":"V Edici\u00f3n \"La Millor Tapeta del M\u00f3n\"\u00a0 - Torrevieja Gastron\u00f3mica","og_description":"Los d\u00edas 14, 15, 16, 21 y 22 de septiembre de 2026, a las 11:00h, el Mercado Central de Alicante (CERCA) se llenar\u00e1 de sabor con un showcooking \u00fanico dedicado a las tapas. APEHA, junto con Costa Blanca y el Ayuntamiento de Alicante, ha reunido a algunos de los mejores cocineros y cocineras de \u00abLa [&hellip;]","og_url":"https:\/\/www.torreviejagastronomica.com\/en\/v-edicion-la-millor-tapeta-del-mon\/","og_site_name":"Torrevieja Gastron\u00f3mica","article_published_time":"2026-09-05T14:01:02+00:00","article_modified_time":"2026-09-05T14:01:05+00:00","og_image":[{"width":2000,"height":1423,"url":"https:\/\/www.torreviejagastronomica.com\/wp-content\/uploads\/2026\/09\/triptico-A4-interior.pdf.jpg","type":"image\/jpeg"}],"author":"Asociaci\u00f3n de Empresas de Hosteler\u00eda de Torrevieja y Comarca","twitter_card":"summary_large_image","twitter_misc":{"Written by":"Asociaci\u00f3n de Empresas de Hosteler\u00eda de Torrevieja y Comarca","Estimated reading time":"1 minute"},"schema":{"@context":"https:\/\/schema.org","@graph":[{"@type":"Article","@id":"https:\/\/www.torreviejagastronomica.com\/v-edicion-la-millor-tapeta-del-mon\/#article","isPartOf":{"@id":"https:\/\/www.torreviejagastronomica.com\/v-edicion-la-millor-tapeta-del-mon\/"},"author":{"name":"Asociaci\u00f3n de Empresas de Hosteler\u00eda de Torrevieja y Comarca","@id":"https:\/\/www.torreviejagastronomica.com\/#\/schema\/person\/9e0116f808f941d46f9baadf5335f0a9"},"headline":"V Edici\u00f3n \u00abLa Millor Tapeta del M\u00f3n\u00bb\u00a0","datePublished":"2026-09-05T14:01:02+00:00","dateModified":"2026-09-05T14:01:05+00:00","mainEntityOfPage":{"@id":"https:\/\/www.torreviejagastronomica.com\/v-edicion-la-millor-tapeta-del-mon\/"},"wordCount":136,"commentCount":0,"publisher":{"@id":"https:\/\/www.torreviejagastronomica.com\/#organization"},"image":{"@id":"https:\/\/www.torreviejagastronomica.com\/v-edicion-la-millor-tapeta-del-mon\/#primaryimage"},"thumbnailUrl":"https:\/\/www.torreviejagastronomica.com\/wp-content\/uploads\/2026\/09\/triptico-A4-interior.pdf.jpg","articleSection":["Eventos","Noticias"],"inLanguage":"en-GB","potentialAction":[{"@type":"CommentAction","name":"Comment","target":["https:\/\/www.torreviejagastronomica.com\/v-edicion-la-millor-tapeta-del-mon\/#respond"]}]},{"@type":"WebPage","@id":"https:\/\/www.torreviejagastronomica.com\/v-edicion-la-millor-tapeta-del-mon\/","url":"https:\/\/www.torreviejagastronomica.com\/v-edicion-la-millor-tapeta-del-mon\/","name":"V Edici\u00f3n \"La Millor Tapeta del M\u00f3n\"\u00a0 - Torrevieja Gastron\u00f3mica","isPartOf":{"@id":"https:\/\/www.torreviejagastronomica.com\/#website"},"primaryImageOfPage":{"@id":"https:\/\/www.torreviejagastronomica.com\/v-edicion-la-millor-tapeta-del-mon\/#primaryimage"},"image":{"@id":"https:\/\/www.torreviejagastronomica.com\/v-edicion-la-millor-tapeta-del-mon\/#primaryimage"},"thumbnailUrl":"https:\/\/www.torreviejagastronomica.com\/wp-content\/uploads\/2026\/09\/triptico-A4-interior.pdf.jpg","datePublished":"2026-09-05T14:01:02+00:00","dateModified":"2026-09-05T14:01:05+00:00","breadcrumb":{"@id":"https:\/\/www.torreviejagastronomica.com\/v-edicion-la-millor-tapeta-del-mon\/#breadcrumb"},"inLanguage":"en-GB","potentialAction":[{"@type":"ReadAction","target":["https:\/\/www.torreviejagastronomica.com\/v-edicion-la-millor-tapeta-del-mon\/"]}]},{"@type":"ImageObject","inLanguage":"en-GB","@id":"https:\/\/www.torreviejagastronomica.com\/v-edicion-la-millor-tapeta-del-mon\/#primaryimage","url":"https:\/\/www.torreviejagastronomica.com\/wp-content\/uploads\/2026\/09\/triptico-A4-interior.pdf.jpg","contentUrl":"https:\/\/www.torreviejagastronomica.com\/wp-content\/uploads\/2026\/09\/triptico-A4-interior.pdf.jpg","width":2000,"height":1423},{"@type":"BreadcrumbList","@id":"https:\/\/www.torreviejagastronomica.com\/v-edicion-la-millor-tapeta-del-mon\/#breadcrumb","itemListElement":[{"@type":"ListItem","position":1,"name":"Portada","item":"https:\/\/www.torreviejagastronomica.com\/"},{"@type":"ListItem","position":2,"name":"V Edici\u00f3n \u00abLa Millor Tapeta del M\u00f3n\u00bb\u00a0"}]},{"@type":"WebSite","@id":"https:\/\/www.torreviejagastronomica.com\/#website","url":"https:\/\/www.torreviejagastronomica.com\/","name":"Torrevieja Gastron\u00f3mica","description":"Asociaci\u00f3n Hosteler\u00eda Torrevieja y Comarca","publisher":{"@id":"https:\/\/www.torreviejagastronomica.com\/#organization"},"potentialAction":[{"@type":"SearchAction","target":{"@type":"EntryPoint","urlTemplate":"https:\/\/www.torreviejagastronomica.com\/?s={search_term_string}"},"query-input":{"@type":"PropertyValueSpecification","valueRequired":true,"valueName":"search_term_string"}}],"inLanguage":"en-GB"},{"@type":"Organization","@id":"https:\/\/www.torreviejagastronomica.com\/#organization","name":"Torrevieja Gastron\u00f3mica","url":"https:\/\/www.torreviejagastronomica.com\/","logo":{"@type":"ImageObject","inLanguage":"en-GB","@id":"https:\/\/www.torreviejagastronomica.com\/#\/schema\/logo\/image\/","url":"https:\/\/www.torreviejagastronomica.com\/wp-content\/uploads\/2023\/09\/Logo-Torrevieja-Gastronomica.png","contentUrl":"https:\/\/www.torreviejagastronomica.com\/wp-content\/uploads\/2023\/09\/Logo-Torrevieja-Gastronomica.png","width":350,"height":100,"caption":"Torrevieja Gastron\u00f3mica"},"image":{"@id":"https:\/\/www.torreviejagastronomica.com\/#\/schema\/logo\/image\/"}},{"@type":"Person","@id":"https:\/\/www.torreviejagastronomica.com\/#\/schema\/person\/9e0116f808f941d46f9baadf5335f0a9","name":"Asociaci\u00f3n de Empresas de Hosteler\u00eda de Torrevieja y Comarca","image":{"@type":"ImageObject","inLanguage":"en-GB","@id":"https:\/\/secure.gravatar.com\/avatar\/32ba6ba6e685fc061412a65c4a8a8b6caaf6d90d0985a737a4015d36e84d2d1f?s=96&d=mm&r=g","url":"https:\/\/secure.gravatar.com\/avatar\/32ba6ba6e685fc061412a65c4a8a8b6caaf6d90d0985a737a4015d36e84d2d1f?s=96&d=mm&r=g","contentUrl":"https:\/\/secure.gravatar.com\/avatar\/32ba6ba6e685fc061412a65c4a8a8b6caaf6d90d0985a737a4015d36e84d2d1f?s=96&d=mm&r=g","caption":"Asociaci\u00f3n de Empresas de Hosteler\u00eda de Torrevieja y Comarca"},"url":"https:\/\/www.torreviejagastronomica.com\/en\/author\/hosteleria\/"}]}},"_links":{"self":[{"href":"https:\/\/www.torreviejagastronomica.com\/en\/wp-json\/wp\/v2\/posts\/8293","targetHints":{"allow":["GET"]}}],"collection":[{"href":"https:\/\/www.torreviejagastronomica.com\/en\/wp-json\/wp\/v2\/posts"}],"about":[{"href":"https:\/\/www.torreviejagastronomica.com\/en\/wp-json\/wp\/v2\/types\/post"}],"author":[{"embeddable":true,"href":"https:\/\/www.torreviejagastronomica.com\/en\/wp-json\/wp\/v2\/users\/4"}],"replies":[{"embeddable":true,"href":"https:\/\/www.torreviejagastronomica.com\/en\/wp-json\/wp\/v2\/comments?post=8293"}],"version-history":[{"count":1,"href":"https:\/\/www.torreviejagastronomica.com\/en\/wp-json\/wp\/v2\/posts\/8293\/revisions"}],"predecessor-version":[{"id":8295,"href":"https:\/\/www.torreviejagastronomica.com\/en\/wp-json\/wp\/v2\/posts\/8293\/revisions\/8295"}],"wp:featuredmedia":[{"embeddable":true,"href":"https:\/\/www.torreviejagastronomica.com\/en\/wp-json\/wp\/v2\/media\/8294"}],"wp:attachment":[{"href":"https:\/\/www.torreviejagastronomica.com\/en\/wp-json\/wp\/v2\/media?parent=8293"}],"wp:term":[{"taxonomy":"category","embeddable":true,"href":"https:\/\/www.torreviejagastronomica.com\/en\/wp-json\/wp\/v2\/categories?post=8293"},{"taxonomy":"post_tag","embeddable":true,"href":"https:\/\/www.torreviejagastronomica.com\/en\/wp-json\/wp\/v2\/tags?post=8293"}],"curies":[{"name":"wp","href":"https:\/\/api.w.org\/{rel}","templated":true}]}}