{"id":8236,"date":"2026-09-01T15:43:59","date_gmt":"2026-09-01T13:43:59","guid":{"rendered":"https:\/\/www.torreviejagastronomica.com\/?p=8236"},"modified":"2026-09-01T15:44:01","modified_gmt":"2026-09-01T13:44:01","slug":"cursos-gratuitos-de-hosteleria-y-turismo-en-torrevieja-formacion-profesional-2-o-semestre-2026","status":"publish","type":"post","link":"https:\/\/www.torreviejagastronomica.com\/en\/cursos-gratuitos-de-hosteleria-y-turismo-en-torrevieja-formacion-profesional-2-o-semestre-2026\/","title":{"rendered":"Free hospitality and tourism courses in Torrevieja, vocational training \u2013 2nd semester 2026"},"content":{"rendered":"<h2 class=\"wp-block-heading\">CdT Torrevieja is launching more than 30 free hospitality and tourism courses for the second half of 2026<\/h2>\n\n\n\n<p>The Torrevieja Tourist Office (CdT) has opened registration for its programme of <strong>Vocational Training for Employment<\/strong> for the second half of 2026, offering more than 30 free courses aimed at working professionals and unemployed people in the tourism and hospitality sector.<\/p>\n\n\n\n<p>The programme includes compulsory basic training courses, such as the course on <strong>Food Hygiene, Food Handling and Allergen Management<\/strong>, with sessions on 28 September, 26 October, 16 and 23 November, and 1, 15 and 30 December, from 9.00 am to 2.00 pm, each lasting 5 hours. This course ensures that participants acquire the necessary knowledge to handle food safely, in accordance with current regulations.<\/p>\n\n\n\n<h2 class=\"wp-block-heading\">Specialising in cooking, baking and culinary trends<\/h2>\n\n\n\n<p>Highlights of the new offerings include the courses on <strong>Cooking and Baking<\/strong>, featuring innovative themes such as vacuum and low-temperature cooking (19\u201320 October), healthy cuisine for sports tourism (26\u201327 October), gluten-free breads and pizzas (2\u20134 November), tapas and miniature cuisine (9\u201310 November), circular cuisine and zero waste (16\u201317 November), and gluten-free delicacies from Japan and Asia (23\u201324 November).<\/p>\n\n\n\n<p>In addition, on 30 November there will be a special workshop on the <strong>the best classic potato omelette<\/strong>, led by Celia Clara Correia, runner-up in this category in 2025.<\/p>\n\n\n\n<h2 class=\"wp-block-heading\">Training in management, leadership and digital tools<\/h2>\n\n\n\n<p>For the self-employed and those running hospitality businesses, the Torrevieja Vocational Training Centre offers courses in <strong>Verifactu for the self-employed<\/strong> (5 October), <strong>artificial intelligence applied to hospitality marketing<\/strong> (19\u201320 October), <strong>creating food-related content on a mobile phone<\/strong> (26\u201327 October), <strong>digital tools for hospitality management<\/strong> (2\u20133 November), <strong>basic automation for small businesses<\/strong> (9\u201310 November), <strong>emotional wine tourism<\/strong> (16\u201317 November) and <strong>profitable food and drink events<\/strong> (23\u201324 November).<\/p>\n\n\n\n<h2 class=\"wp-block-heading\">Service courses: mixology, barista skills and vermouth<\/h2>\n\n\n\n<p>In the service area, the range includes <strong>The Vermul Universe<\/strong> (5\u20136 October), <strong>professional acrobatic mixology<\/strong> (19\u201321 October), <strong>professional barista<\/strong> (9\u201311 November) and <strong>coffee-based cocktails<\/strong> (23\u201324 November), all running from 9.30 am to 1.30 pm and lasting between 8 and 12 hours.<\/p>\n\n\n\n<h2 class=\"wp-block-heading\">Registration and requirements<\/h2>\n\n\n\n<p>All the courses are <strong>free<\/strong> and are held at the CdT Torrevieja premises, situated on Carretera de Crevillent (CV-90), on the corner with Calle Los Lirios. To enrol, you must register on the website <a href=\"https:\/\/cdt.gva.es\">www.cdt.gva.es<\/a>, create a user account and log in to the members\u2019 area to complete your registration. Participants must authorise access to their personal details or provide a valid NIF\/NIE, payslip or DARDE.<\/p>\n\n\n\n<p>Further information: cdt_torrevieja@turismecv.es | 965 722 600 <\/p>\n\n\n\n<h3 class=\"wp-block-heading\"><\/h3>\n\n\n\n<p><\/p>\n\n\n\n<figure data-wp-context=\"{&quot;imageId&quot;:&quot;6a97d56984461&quot;}\" data-wp-interactive=\"core\/image\" class=\"wp-block-image aligncenter size-large wp-lightbox-container\"><img fetchpriority=\"high\" decoding=\"async\" width=\"724\" height=\"1024\" data-wp-class--hide=\"state.isContentHidden\" data-wp-class--show=\"state.isContentVisible\" data-wp-init=\"callbacks.setButtonStyles\" data-wp-on-async--click=\"actions.showLightbox\" data-wp-on-async--load=\"callbacks.setButtonStyles\" data-wp-on-async-window--resize=\"callbacks.setButtonStyles\" src=\"https:\/\/www.torreviejagastronomica.com\/wp-content\/uploads\/2026\/09\/PHOTO-2026-09-01-13-07-09-724x1024.jpg\" alt=\"\" class=\"wp-image-8237\" srcset=\"https:\/\/www.torreviejagastronomica.com\/wp-content\/uploads\/2026\/09\/PHOTO-2026-09-01-13-07-09-724x1024.jpg 724w, https:\/\/www.torreviejagastronomica.com\/wp-content\/uploads\/2026\/09\/PHOTO-2026-09-01-13-07-09-212x300.jpg 212w, https:\/\/www.torreviejagastronomica.com\/wp-content\/uploads\/2026\/09\/PHOTO-2026-09-01-13-07-09-768x1086.jpg 768w, https:\/\/www.torreviejagastronomica.com\/wp-content\/uploads\/2026\/09\/PHOTO-2026-09-01-13-07-09-1086x1536.jpg 1086w, https:\/\/www.torreviejagastronomica.com\/wp-content\/uploads\/2026\/09\/PHOTO-2026-09-01-13-07-09-8x12.jpg 8w, https:\/\/www.torreviejagastronomica.com\/wp-content\/uploads\/2026\/09\/PHOTO-2026-09-01-13-07-09.jpg 1131w\" sizes=\"(max-width: 724px) 100vw, 724px\" \/><button\n\t\t\tclass=\"lightbox-trigger\"\n\t\t\ttype=\"button\"\n\t\t\taria-haspopup=\"dialog\"\n\t\t\taria-label=\"Enlarge\"\n\t\t\tdata-wp-init=\"callbacks.initTriggerButton\"\n\t\t\tdata-wp-on-async--click=\"actions.showLightbox\"\n\t\t\tdata-wp-style--right=\"state.imageButtonRight\"\n\t\t\tdata-wp-style--top=\"state.imageButtonTop\"\n\t\t>\n\t\t\t<svg xmlns=\"http:\/\/www.w3.org\/2000\/svg\" width=\"12\" height=\"12\" fill=\"none\" viewbox=\"0 0 12 12\">\n\t\t\t\t<path fill=\"#fff\" d=\"M2 0a2 2 0 0 0-2 2v2h1.5V2a.5.5 0 0 1 .5-.5h2V0H2Zm2 10.5H2a.5.5 0 0 1-.5-.5V8H0v2a2 2 0 0 0 2 2h2v-1.5ZM8 12v-1.5h2a.5.5 0 0 0 .5-.5V8H12v2a2 2 0 0 1-2 2H8Zm2-12a2 2 0 0 1 2 2v2h-1.5V2a.5.5 0 0 0-.5-.5H8V0h2Z\" \/>\n\t\t\t<\/svg>\n\t\t<\/button><\/figure>\n\n\n\n<figure data-wp-context=\"{&quot;imageId&quot;:&quot;6a97d5698499e&quot;}\" data-wp-interactive=\"core\/image\" class=\"wp-block-image aligncenter size-full wp-lightbox-container\"><img decoding=\"async\" width=\"724\" height=\"1024\" data-wp-class--hide=\"state.isContentHidden\" data-wp-class--show=\"state.isContentVisible\" data-wp-init=\"callbacks.setButtonStyles\" data-wp-on-async--click=\"actions.showLightbox\" data-wp-on-async--load=\"callbacks.setButtonStyles\" data-wp-on-async-window--resize=\"callbacks.setButtonStyles\" src=\"https:\/\/www.torreviejagastronomica.com\/wp-content\/uploads\/2026\/09\/PHOTO-2026-09-01-13-07-08.jpg\" alt=\"\" class=\"wp-image-8238\" srcset=\"https:\/\/www.torreviejagastronomica.com\/wp-content\/uploads\/2026\/09\/PHOTO-2026-09-01-13-07-08.jpg 724w, https:\/\/www.torreviejagastronomica.com\/wp-content\/uploads\/2026\/09\/PHOTO-2026-09-01-13-07-08-212x300.jpg 212w, https:\/\/www.torreviejagastronomica.com\/wp-content\/uploads\/2026\/09\/PHOTO-2026-09-01-13-07-08-8x12.jpg 8w\" sizes=\"(max-width: 724px) 100vw, 724px\" \/><button\n\t\t\tclass=\"lightbox-trigger\"\n\t\t\ttype=\"button\"\n\t\t\taria-haspopup=\"dialog\"\n\t\t\taria-label=\"Enlarge\"\n\t\t\tdata-wp-init=\"callbacks.initTriggerButton\"\n\t\t\tdata-wp-on-async--click=\"actions.showLightbox\"\n\t\t\tdata-wp-style--right=\"state.imageButtonRight\"\n\t\t\tdata-wp-style--top=\"state.imageButtonTop\"\n\t\t>\n\t\t\t<svg xmlns=\"http:\/\/www.w3.org\/2000\/svg\" width=\"12\" height=\"12\" fill=\"none\" viewbox=\"0 0 12 12\">\n\t\t\t\t<path fill=\"#fff\" d=\"M2 0a2 2 0 0 0-2 2v2h1.5V2a.5.5 0 0 1 .5-.5h2V0H2Zm2 10.5H2a.5.5 0 0 1-.5-.5V8H0v2a2 2 0 0 0 2 2h2v-1.5ZM8 12v-1.5h2a.5.5 0 0 0 .5-.5V8H12v2a2 2 0 0 1-2 2H8Zm2-12a2 2 0 0 1 2 2v2h-1.5V2a.5.5 0 0 0-.5-.5H8V0h2Z\" \/>\n\t\t\t<\/svg>\n\t\t<\/button><\/figure>","protected":false},"excerpt":{"rendered":"<p>CdT Torrevieja launches more than 30 free hospitality and tourism courses for the second half of 2026 The Centre de Turisme (CdT) in Torrevieja has opened enrolment for its Vocational Training for Employment programme for the second half of 2026, offering more than 30 free courses aimed at [\u2026]<\/p>","protected":false},"author":4,"featured_media":8239,"comment_status":"open","ping_status":"open","sticky":false,"template":"","format":"standard","meta":{"footnotes":""},"categories":[7],"tags":[],"class_list":["post-8236","post","type-post","status-publish","format-standard","has-post-thumbnail","hentry","category-noticias"],"yoast_head":"<!-- This site is optimized with the Yoast SEO plugin v28.2 - https:\/\/yoast.com\/product\/yoast-seo-wordpress\/ -->\n<title>Cursos gratuitos de hosteler\u00eda y turismo en Torrevieja, formaci\u00f3n profesional 2.\u00ba semestre 2026 - Torrevieja Gastron\u00f3mica<\/title>\n<meta name=\"description\" content=\"Formaci\u00f3n profesional gratuita en hosteler\u00eda y turismo en CdT Torrevieja. Cursos de cocina, gesti\u00f3n, servicio e higiene alimentaria para 2.\u00ba semestre 2026.\" \/>\n<meta name=\"robots\" content=\"index, follow, max-snippet:-1, max-image-preview:large, max-video-preview:-1\" \/>\n<link rel=\"canonical\" href=\"https:\/\/www.torreviejagastronomica.com\/en\/cursos-gratuitos-de-hosteleria-y-turismo-en-torrevieja-formacion-profesional-2-o-semestre-2026\/\" \/>\n<meta property=\"og:locale\" content=\"en_GB\" \/>\n<meta property=\"og:type\" content=\"article\" \/>\n<meta property=\"og:title\" content=\"Cursos gratuitos de hosteler\u00eda y turismo en Torrevieja, formaci\u00f3n profesional 2.\u00ba semestre 2026 - Torrevieja Gastron\u00f3mica\" \/>\n<meta property=\"og:description\" content=\"Formaci\u00f3n profesional gratuita en hosteler\u00eda y turismo en CdT Torrevieja. Cursos de cocina, gesti\u00f3n, servicio e higiene alimentaria para 2.\u00ba semestre 2026.\" \/>\n<meta property=\"og:url\" content=\"https:\/\/www.torreviejagastronomica.com\/en\/cursos-gratuitos-de-hosteleria-y-turismo-en-torrevieja-formacion-profesional-2-o-semestre-2026\/\" \/>\n<meta property=\"og:site_name\" content=\"Torrevieja Gastron\u00f3mica\" \/>\n<meta property=\"article:published_time\" content=\"2026-09-01T13:43:59+00:00\" \/>\n<meta property=\"article:modified_time\" content=\"2026-09-01T13:44:01+00:00\" \/>\n<meta property=\"og:image\" content=\"https:\/\/www.torreviejagastronomica.com\/wp-content\/uploads\/2026\/09\/12123-1024x461.png\" \/>\n\t<meta property=\"og:image:width\" content=\"1024\" \/>\n\t<meta property=\"og:image:height\" content=\"461\" \/>\n\t<meta property=\"og:image:type\" content=\"image\/png\" \/>\n<meta name=\"author\" content=\"Asociaci\u00f3n de Empresas de Hosteler\u00eda de Torrevieja y Comarca\" \/>\n<meta name=\"twitter:card\" content=\"summary_large_image\" \/>\n<meta name=\"twitter:label1\" content=\"Written by\" \/>\n\t<meta name=\"twitter:data1\" content=\"Asociaci\u00f3n de Empresas de Hosteler\u00eda de Torrevieja y Comarca\" \/>\n\t<meta name=\"twitter:label2\" content=\"Estimated reading time\" \/>\n\t<meta name=\"twitter:data2\" content=\"3 minutes\" \/>\n<script type=\"application\/ld+json\" class=\"yoast-schema-graph\">{\"@context\":\"https:\\\/\\\/schema.org\",\"@graph\":[{\"@type\":\"Article\",\"@id\":\"https:\\\/\\\/www.torreviejagastronomica.com\\\/cursos-gratuitos-de-hosteleria-y-turismo-en-torrevieja-formacion-profesional-2-o-semestre-2026\\\/#article\",\"isPartOf\":{\"@id\":\"https:\\\/\\\/www.torreviejagastronomica.com\\\/cursos-gratuitos-de-hosteleria-y-turismo-en-torrevieja-formacion-profesional-2-o-semestre-2026\\\/\"},\"author\":{\"name\":\"Asociaci\u00f3n de Empresas de Hosteler\u00eda de Torrevieja y Comarca\",\"@id\":\"https:\\\/\\\/www.torreviejagastronomica.com\\\/#\\\/schema\\\/person\\\/9e0116f808f941d46f9baadf5335f0a9\"},\"headline\":\"Cursos gratuitos de hosteler\u00eda y turismo en Torrevieja, formaci\u00f3n profesional 2.\u00ba semestre 2026\",\"datePublished\":\"2026-09-01T13:43:59+00:00\",\"dateModified\":\"2026-09-01T13:44:01+00:00\",\"mainEntityOfPage\":{\"@id\":\"https:\\\/\\\/www.torreviejagastronomica.com\\\/cursos-gratuitos-de-hosteleria-y-turismo-en-torrevieja-formacion-profesional-2-o-semestre-2026\\\/\"},\"wordCount\":488,\"commentCount\":0,\"publisher\":{\"@id\":\"https:\\\/\\\/www.torreviejagastronomica.com\\\/#organization\"},\"image\":{\"@id\":\"https:\\\/\\\/www.torreviejagastronomica.com\\\/cursos-gratuitos-de-hosteleria-y-turismo-en-torrevieja-formacion-profesional-2-o-semestre-2026\\\/#primaryimage\"},\"thumbnailUrl\":\"https:\\\/\\\/www.torreviejagastronomica.com\\\/wp-content\\\/uploads\\\/2026\\\/09\\\/12123.png\",\"articleSection\":[\"Noticias\"],\"inLanguage\":\"en-GB\",\"potentialAction\":[{\"@type\":\"CommentAction\",\"name\":\"Comment\",\"target\":[\"https:\\\/\\\/www.torreviejagastronomica.com\\\/cursos-gratuitos-de-hosteleria-y-turismo-en-torrevieja-formacion-profesional-2-o-semestre-2026\\\/#respond\"]}]},{\"@type\":\"WebPage\",\"@id\":\"https:\\\/\\\/www.torreviejagastronomica.com\\\/cursos-gratuitos-de-hosteleria-y-turismo-en-torrevieja-formacion-profesional-2-o-semestre-2026\\\/\",\"url\":\"https:\\\/\\\/www.torreviejagastronomica.com\\\/cursos-gratuitos-de-hosteleria-y-turismo-en-torrevieja-formacion-profesional-2-o-semestre-2026\\\/\",\"name\":\"Cursos gratuitos de hosteler\u00eda y turismo en Torrevieja, formaci\u00f3n profesional 2.\u00ba semestre 2026 - Torrevieja Gastron\u00f3mica\",\"isPartOf\":{\"@id\":\"https:\\\/\\\/www.torreviejagastronomica.com\\\/#website\"},\"primaryImageOfPage\":{\"@id\":\"https:\\\/\\\/www.torreviejagastronomica.com\\\/cursos-gratuitos-de-hosteleria-y-turismo-en-torrevieja-formacion-profesional-2-o-semestre-2026\\\/#primaryimage\"},\"image\":{\"@id\":\"https:\\\/\\\/www.torreviejagastronomica.com\\\/cursos-gratuitos-de-hosteleria-y-turismo-en-torrevieja-formacion-profesional-2-o-semestre-2026\\\/#primaryimage\"},\"thumbnailUrl\":\"https:\\\/\\\/www.torreviejagastronomica.com\\\/wp-content\\\/uploads\\\/2026\\\/09\\\/12123.png\",\"datePublished\":\"2026-09-01T13:43:59+00:00\",\"dateModified\":\"2026-09-01T13:44:01+00:00\",\"description\":\"Formaci\u00f3n profesional gratuita en hosteler\u00eda y turismo en CdT Torrevieja. Cursos de cocina, gesti\u00f3n, servicio e higiene alimentaria para 2.\u00ba semestre 2026.\",\"breadcrumb\":{\"@id\":\"https:\\\/\\\/www.torreviejagastronomica.com\\\/cursos-gratuitos-de-hosteleria-y-turismo-en-torrevieja-formacion-profesional-2-o-semestre-2026\\\/#breadcrumb\"},\"inLanguage\":\"en-GB\",\"potentialAction\":[{\"@type\":\"ReadAction\",\"target\":[\"https:\\\/\\\/www.torreviejagastronomica.com\\\/cursos-gratuitos-de-hosteleria-y-turismo-en-torrevieja-formacion-profesional-2-o-semestre-2026\\\/\"]}]},{\"@type\":\"ImageObject\",\"inLanguage\":\"en-GB\",\"@id\":\"https:\\\/\\\/www.torreviejagastronomica.com\\\/cursos-gratuitos-de-hosteleria-y-turismo-en-torrevieja-formacion-profesional-2-o-semestre-2026\\\/#primaryimage\",\"url\":\"https:\\\/\\\/www.torreviejagastronomica.com\\\/wp-content\\\/uploads\\\/2026\\\/09\\\/12123.png\",\"contentUrl\":\"https:\\\/\\\/www.torreviejagastronomica.com\\\/wp-content\\\/uploads\\\/2026\\\/09\\\/12123.png\",\"width\":2101,\"height\":945},{\"@type\":\"BreadcrumbList\",\"@id\":\"https:\\\/\\\/www.torreviejagastronomica.com\\\/cursos-gratuitos-de-hosteleria-y-turismo-en-torrevieja-formacion-profesional-2-o-semestre-2026\\\/#breadcrumb\",\"itemListElement\":[{\"@type\":\"ListItem\",\"position\":1,\"name\":\"Portada\",\"item\":\"https:\\\/\\\/www.torreviejagastronomica.com\\\/\"},{\"@type\":\"ListItem\",\"position\":2,\"name\":\"Cursos gratuitos de hosteler\u00eda y turismo en Torrevieja, formaci\u00f3n profesional 2.\u00ba semestre 2026\"}]},{\"@type\":\"WebSite\",\"@id\":\"https:\\\/\\\/www.torreviejagastronomica.com\\\/#website\",\"url\":\"https:\\\/\\\/www.torreviejagastronomica.com\\\/\",\"name\":\"Torrevieja Gastron\u00f3mica\",\"description\":\"Asociaci\u00f3n Hosteler\u00eda Torrevieja y Comarca\",\"publisher\":{\"@id\":\"https:\\\/\\\/www.torreviejagastronomica.com\\\/#organization\"},\"potentialAction\":[{\"@type\":\"SearchAction\",\"target\":{\"@type\":\"EntryPoint\",\"urlTemplate\":\"https:\\\/\\\/www.torreviejagastronomica.com\\\/?s={search_term_string}\"},\"query-input\":{\"@type\":\"PropertyValueSpecification\",\"valueRequired\":true,\"valueName\":\"search_term_string\"}}],\"inLanguage\":\"en-GB\"},{\"@type\":\"Organization\",\"@id\":\"https:\\\/\\\/www.torreviejagastronomica.com\\\/#organization\",\"name\":\"Torrevieja Gastron\u00f3mica\",\"url\":\"https:\\\/\\\/www.torreviejagastronomica.com\\\/\",\"logo\":{\"@type\":\"ImageObject\",\"inLanguage\":\"en-GB\",\"@id\":\"https:\\\/\\\/www.torreviejagastronomica.com\\\/#\\\/schema\\\/logo\\\/image\\\/\",\"url\":\"https:\\\/\\\/www.torreviejagastronomica.com\\\/wp-content\\\/uploads\\\/2023\\\/09\\\/Logo-Torrevieja-Gastronomica.png\",\"contentUrl\":\"https:\\\/\\\/www.torreviejagastronomica.com\\\/wp-content\\\/uploads\\\/2023\\\/09\\\/Logo-Torrevieja-Gastronomica.png\",\"width\":350,\"height\":100,\"caption\":\"Torrevieja Gastron\u00f3mica\"},\"image\":{\"@id\":\"https:\\\/\\\/www.torreviejagastronomica.com\\\/#\\\/schema\\\/logo\\\/image\\\/\"}},{\"@type\":\"Person\",\"@id\":\"https:\\\/\\\/www.torreviejagastronomica.com\\\/#\\\/schema\\\/person\\\/9e0116f808f941d46f9baadf5335f0a9\",\"name\":\"Asociaci\u00f3n de Empresas de Hosteler\u00eda de Torrevieja y Comarca\",\"image\":{\"@type\":\"ImageObject\",\"inLanguage\":\"en-GB\",\"@id\":\"https:\\\/\\\/secure.gravatar.com\\\/avatar\\\/32ba6ba6e685fc061412a65c4a8a8b6caaf6d90d0985a737a4015d36e84d2d1f?s=96&d=mm&r=g\",\"url\":\"https:\\\/\\\/secure.gravatar.com\\\/avatar\\\/32ba6ba6e685fc061412a65c4a8a8b6caaf6d90d0985a737a4015d36e84d2d1f?s=96&d=mm&r=g\",\"contentUrl\":\"https:\\\/\\\/secure.gravatar.com\\\/avatar\\\/32ba6ba6e685fc061412a65c4a8a8b6caaf6d90d0985a737a4015d36e84d2d1f?s=96&d=mm&r=g\",\"caption\":\"Asociaci\u00f3n de Empresas de Hosteler\u00eda de Torrevieja y Comarca\"},\"url\":\"https:\\\/\\\/www.torreviejagastronomica.com\\\/en\\\/author\\\/hosteleria\\\/\"}]}<\/script>\n<!-- \/ Yoast SEO plugin. -->","yoast_head_json":{"title":"Cursos gratuitos de hosteler\u00eda y turismo en Torrevieja, formaci\u00f3n profesional 2.\u00ba semestre 2026 - Torrevieja Gastron\u00f3mica","description":"Formaci\u00f3n profesional gratuita en hosteler\u00eda y turismo en CdT Torrevieja. Cursos de cocina, gesti\u00f3n, servicio e higiene alimentaria para 2.\u00ba semestre 2026.","robots":{"index":"index","follow":"follow","max-snippet":"max-snippet:-1","max-image-preview":"max-image-preview:large","max-video-preview":"max-video-preview:-1"},"canonical":"https:\/\/www.torreviejagastronomica.com\/en\/cursos-gratuitos-de-hosteleria-y-turismo-en-torrevieja-formacion-profesional-2-o-semestre-2026\/","og_locale":"en_GB","og_type":"article","og_title":"Cursos gratuitos de hosteler\u00eda y turismo en Torrevieja, formaci\u00f3n profesional 2.\u00ba semestre 2026 - Torrevieja Gastron\u00f3mica","og_description":"Formaci\u00f3n profesional gratuita en hosteler\u00eda y turismo en CdT Torrevieja. Cursos de cocina, gesti\u00f3n, servicio e higiene alimentaria para 2.\u00ba semestre 2026.","og_url":"https:\/\/www.torreviejagastronomica.com\/en\/cursos-gratuitos-de-hosteleria-y-turismo-en-torrevieja-formacion-profesional-2-o-semestre-2026\/","og_site_name":"Torrevieja Gastron\u00f3mica","article_published_time":"2026-09-01T13:43:59+00:00","article_modified_time":"2026-09-01T13:44:01+00:00","og_image":[{"width":1024,"height":461,"url":"https:\/\/www.torreviejagastronomica.com\/wp-content\/uploads\/2026\/09\/12123-1024x461.png","type":"image\/png"}],"author":"Asociaci\u00f3n de Empresas de Hosteler\u00eda de Torrevieja y Comarca","twitter_card":"summary_large_image","twitter_misc":{"Written by":"Asociaci\u00f3n de Empresas de Hosteler\u00eda de Torrevieja y Comarca","Estimated reading time":"3 minutes"},"schema":{"@context":"https:\/\/schema.org","@graph":[{"@type":"Article","@id":"https:\/\/www.torreviejagastronomica.com\/cursos-gratuitos-de-hosteleria-y-turismo-en-torrevieja-formacion-profesional-2-o-semestre-2026\/#article","isPartOf":{"@id":"https:\/\/www.torreviejagastronomica.com\/cursos-gratuitos-de-hosteleria-y-turismo-en-torrevieja-formacion-profesional-2-o-semestre-2026\/"},"author":{"name":"Asociaci\u00f3n de Empresas de Hosteler\u00eda de Torrevieja y Comarca","@id":"https:\/\/www.torreviejagastronomica.com\/#\/schema\/person\/9e0116f808f941d46f9baadf5335f0a9"},"headline":"Cursos gratuitos de hosteler\u00eda y turismo en Torrevieja, formaci\u00f3n profesional 2.\u00ba semestre 2026","datePublished":"2026-09-01T13:43:59+00:00","dateModified":"2026-09-01T13:44:01+00:00","mainEntityOfPage":{"@id":"https:\/\/www.torreviejagastronomica.com\/cursos-gratuitos-de-hosteleria-y-turismo-en-torrevieja-formacion-profesional-2-o-semestre-2026\/"},"wordCount":488,"commentCount":0,"publisher":{"@id":"https:\/\/www.torreviejagastronomica.com\/#organization"},"image":{"@id":"https:\/\/www.torreviejagastronomica.com\/cursos-gratuitos-de-hosteleria-y-turismo-en-torrevieja-formacion-profesional-2-o-semestre-2026\/#primaryimage"},"thumbnailUrl":"https:\/\/www.torreviejagastronomica.com\/wp-content\/uploads\/2026\/09\/12123.png","articleSection":["Noticias"],"inLanguage":"en-GB","potentialAction":[{"@type":"CommentAction","name":"Comment","target":["https:\/\/www.torreviejagastronomica.com\/cursos-gratuitos-de-hosteleria-y-turismo-en-torrevieja-formacion-profesional-2-o-semestre-2026\/#respond"]}]},{"@type":"WebPage","@id":"https:\/\/www.torreviejagastronomica.com\/cursos-gratuitos-de-hosteleria-y-turismo-en-torrevieja-formacion-profesional-2-o-semestre-2026\/","url":"https:\/\/www.torreviejagastronomica.com\/cursos-gratuitos-de-hosteleria-y-turismo-en-torrevieja-formacion-profesional-2-o-semestre-2026\/","name":"Cursos gratuitos de hosteler\u00eda y turismo en Torrevieja, formaci\u00f3n profesional 2.\u00ba semestre 2026 - Torrevieja Gastron\u00f3mica","isPartOf":{"@id":"https:\/\/www.torreviejagastronomica.com\/#website"},"primaryImageOfPage":{"@id":"https:\/\/www.torreviejagastronomica.com\/cursos-gratuitos-de-hosteleria-y-turismo-en-torrevieja-formacion-profesional-2-o-semestre-2026\/#primaryimage"},"image":{"@id":"https:\/\/www.torreviejagastronomica.com\/cursos-gratuitos-de-hosteleria-y-turismo-en-torrevieja-formacion-profesional-2-o-semestre-2026\/#primaryimage"},"thumbnailUrl":"https:\/\/www.torreviejagastronomica.com\/wp-content\/uploads\/2026\/09\/12123.png","datePublished":"2026-09-01T13:43:59+00:00","dateModified":"2026-09-01T13:44:01+00:00","description":"Formaci\u00f3n profesional gratuita en hosteler\u00eda y turismo en CdT Torrevieja. Cursos de cocina, gesti\u00f3n, servicio e higiene alimentaria para 2.\u00ba semestre 2026.","breadcrumb":{"@id":"https:\/\/www.torreviejagastronomica.com\/cursos-gratuitos-de-hosteleria-y-turismo-en-torrevieja-formacion-profesional-2-o-semestre-2026\/#breadcrumb"},"inLanguage":"en-GB","potentialAction":[{"@type":"ReadAction","target":["https:\/\/www.torreviejagastronomica.com\/cursos-gratuitos-de-hosteleria-y-turismo-en-torrevieja-formacion-profesional-2-o-semestre-2026\/"]}]},{"@type":"ImageObject","inLanguage":"en-GB","@id":"https:\/\/www.torreviejagastronomica.com\/cursos-gratuitos-de-hosteleria-y-turismo-en-torrevieja-formacion-profesional-2-o-semestre-2026\/#primaryimage","url":"https:\/\/www.torreviejagastronomica.com\/wp-content\/uploads\/2026\/09\/12123.png","contentUrl":"https:\/\/www.torreviejagastronomica.com\/wp-content\/uploads\/2026\/09\/12123.png","width":2101,"height":945},{"@type":"BreadcrumbList","@id":"https:\/\/www.torreviejagastronomica.com\/cursos-gratuitos-de-hosteleria-y-turismo-en-torrevieja-formacion-profesional-2-o-semestre-2026\/#breadcrumb","itemListElement":[{"@type":"ListItem","position":1,"name":"Portada","item":"https:\/\/www.torreviejagastronomica.com\/"},{"@type":"ListItem","position":2,"name":"Cursos gratuitos de hosteler\u00eda y turismo en Torrevieja, formaci\u00f3n profesional 2.\u00ba semestre 2026"}]},{"@type":"WebSite","@id":"https:\/\/www.torreviejagastronomica.com\/#website","url":"https:\/\/www.torreviejagastronomica.com\/","name":"Torrevieja Gastron\u00f3mica","description":"Asociaci\u00f3n Hosteler\u00eda Torrevieja y Comarca","publisher":{"@id":"https:\/\/www.torreviejagastronomica.com\/#organization"},"potentialAction":[{"@type":"SearchAction","target":{"@type":"EntryPoint","urlTemplate":"https:\/\/www.torreviejagastronomica.com\/?s={search_term_string}"},"query-input":{"@type":"PropertyValueSpecification","valueRequired":true,"valueName":"search_term_string"}}],"inLanguage":"en-GB"},{"@type":"Organization","@id":"https:\/\/www.torreviejagastronomica.com\/#organization","name":"Torrevieja Gastron\u00f3mica","url":"https:\/\/www.torreviejagastronomica.com\/","logo":{"@type":"ImageObject","inLanguage":"en-GB","@id":"https:\/\/www.torreviejagastronomica.com\/#\/schema\/logo\/image\/","url":"https:\/\/www.torreviejagastronomica.com\/wp-content\/uploads\/2023\/09\/Logo-Torrevieja-Gastronomica.png","contentUrl":"https:\/\/www.torreviejagastronomica.com\/wp-content\/uploads\/2023\/09\/Logo-Torrevieja-Gastronomica.png","width":350,"height":100,"caption":"Torrevieja Gastron\u00f3mica"},"image":{"@id":"https:\/\/www.torreviejagastronomica.com\/#\/schema\/logo\/image\/"}},{"@type":"Person","@id":"https:\/\/www.torreviejagastronomica.com\/#\/schema\/person\/9e0116f808f941d46f9baadf5335f0a9","name":"Asociaci\u00f3n de Empresas de Hosteler\u00eda de Torrevieja y Comarca","image":{"@type":"ImageObject","inLanguage":"en-GB","@id":"https:\/\/secure.gravatar.com\/avatar\/32ba6ba6e685fc061412a65c4a8a8b6caaf6d90d0985a737a4015d36e84d2d1f?s=96&d=mm&r=g","url":"https:\/\/secure.gravatar.com\/avatar\/32ba6ba6e685fc061412a65c4a8a8b6caaf6d90d0985a737a4015d36e84d2d1f?s=96&d=mm&r=g","contentUrl":"https:\/\/secure.gravatar.com\/avatar\/32ba6ba6e685fc061412a65c4a8a8b6caaf6d90d0985a737a4015d36e84d2d1f?s=96&d=mm&r=g","caption":"Asociaci\u00f3n de Empresas de Hosteler\u00eda de Torrevieja y Comarca"},"url":"https:\/\/www.torreviejagastronomica.com\/en\/author\/hosteleria\/"}]}},"_links":{"self":[{"href":"https:\/\/www.torreviejagastronomica.com\/en\/wp-json\/wp\/v2\/posts\/8236","targetHints":{"allow":["GET"]}}],"collection":[{"href":"https:\/\/www.torreviejagastronomica.com\/en\/wp-json\/wp\/v2\/posts"}],"about":[{"href":"https:\/\/www.torreviejagastronomica.com\/en\/wp-json\/wp\/v2\/types\/post"}],"author":[{"embeddable":true,"href":"https:\/\/www.torreviejagastronomica.com\/en\/wp-json\/wp\/v2\/users\/4"}],"replies":[{"embeddable":true,"href":"https:\/\/www.torreviejagastronomica.com\/en\/wp-json\/wp\/v2\/comments?post=8236"}],"version-history":[{"count":1,"href":"https:\/\/www.torreviejagastronomica.com\/en\/wp-json\/wp\/v2\/posts\/8236\/revisions"}],"predecessor-version":[{"id":8240,"href":"https:\/\/www.torreviejagastronomica.com\/en\/wp-json\/wp\/v2\/posts\/8236\/revisions\/8240"}],"wp:featuredmedia":[{"embeddable":true,"href":"https:\/\/www.torreviejagastronomica.com\/en\/wp-json\/wp\/v2\/media\/8239"}],"wp:attachment":[{"href":"https:\/\/www.torreviejagastronomica.com\/en\/wp-json\/wp\/v2\/media?parent=8236"}],"wp:term":[{"taxonomy":"category","embeddable":true,"href":"https:\/\/www.torreviejagastronomica.com\/en\/wp-json\/wp\/v2\/categories?post=8236"},{"taxonomy":"post_tag","embeddable":true,"href":"https:\/\/www.torreviejagastronomica.com\/en\/wp-json\/wp\/v2\/tags?post=8236"}],"curies":[{"name":"wp","href":"https:\/\/api.w.org\/{rel}","templated":true}]}}