{"id":7847,"date":"2026-03-24T11:52:05","date_gmt":"2026-03-24T10:52:05","guid":{"rendered":"https:\/\/www.torreviejagastronomica.com\/?p=7847"},"modified":"2026-03-24T11:52:07","modified_gmt":"2026-03-24T10:52:07","slug":"ampliacion-horarios-hosteleria-ocio-nocturno-torrevieja-semana-santa-2026","status":"publish","type":"post","link":"https:\/\/www.torreviejagastronomica.com\/en\/ampliacion-horarios-hosteleria-ocio-nocturno-torrevieja-semana-santa-2026\/","title":{"rendered":"Extension of opening hours for hotels and nightlife in Torrevieja Easter Week 2026"},"content":{"rendered":"<p>We inform you that, thanks to the continuous work of the Association, the extension of opening hours for the hospitality and nightlife sector in Torrevieja during different periods of 2026 has been achieved once again, thus consolidating a measure that has proven its effectiveness in previous years.<\/p>\n\n\n\n<p>This extension will strengthen local economic activity and improve the experience for residents and visitors, offering greater flexibility to enjoy the gastronomic and leisure offer of the municipality.<\/p>\n\n\n\n<h2 class=\"wp-block-heading\"><strong>Extension of timetables at Easter 2026<\/strong><\/h2>\n\n\n\n<p>On the occasion of the celebration of Easter, Easter Monday and the feast of San Vicente Ferrer, an extension of the general closing time is established in the following hours&nbsp;<strong>60 minutes<\/strong>&nbsp;during the following period:<\/p>\n\n\n\n<p>\ud83d\udcc5&nbsp;<strong>From 27 March to 13 April 2026 (Monday to Sunday)<\/strong><\/p>\n\n\n\n<h3 class=\"wp-block-heading\"><strong>Extended opening hours<\/strong><\/h3>\n\n\n\n<p><strong>Establishments NOT located in the maritime-terrestrial public domain:<\/strong><\/p>\n\n\n\n<ul class=\"wp-block-list\">\n<li>Pubs (Group B): until\u00a0<strong>04:30 h<\/strong><\/li>\n\n\n\n<li>Discotheques (Group I): until\u00a0<strong>08:30 h<\/strong><\/li>\n\n\n\n<li>Restaurants, bars and caf\u00e9s (Group J): up to\u00a0<strong>02:30 h<\/strong><\/li>\n\n\n\n<li>Banqueting halls (Group L): until\u00a0<strong>04:30 h<\/strong><\/li>\n\n\n\n<li>Lounge lounges (Group O): up to\u00a0<strong>03:30 h<\/strong><\/li>\n<\/ul>\n\n\n\n<p><strong>Establishments located in the maritime-terrestrial public domain:<\/strong><\/p>\n\n\n\n<ul class=\"wp-block-list\">\n<li>Restaurants, bars and caf\u00e9s: up to\u00a0<strong>03:00 h<\/strong><\/li>\n\n\n\n<li>Lounge lounges: until\u00a0<strong>03:00 h<\/strong><\/li>\n\n\n\n<li>Other groups: same extended opening hours as above.<\/li>\n<\/ul>\n\n\n\n<p>\ud83d\udcce It is recommended to consult the official resolution for all the specific details of the regulation.<\/p>\n\n\n\n<p><\/p>\n\n\n\n<h2 class=\"wp-block-heading\"><\/h2>\n\n\n\n<div data-wp-interactive=\"core\/file\" class=\"wp-block-file\"><object data-wp-bind--hidden=\"!state.hasPdfPreview\" hidden class=\"wp-block-file__embed\" data=\"https:\/\/www.torreviejagastronomica.com\/wp-content\/uploads\/2026\/03\/Resolucion-Ampliacion-Horarios-2026.pdf\" type=\"application\/pdf\" style=\"width:100%;height:600px\" aria-label=\"Embed of Resoluci\u00f3n Ampliaci\u00f3n Horarios 2026.\"><\/object><a id=\"wp-block-file--media-f7e4a7c2-6bc3-4084-bcc6-7f1fe151354b\" href=\"https:\/\/www.torreviejagastronomica.com\/wp-content\/uploads\/2026\/03\/Resolucion-Ampliacion-Horarios-2026.pdf\">Timetable Extension Resolution 2026<\/a><a href=\"https:\/\/www.torreviejagastronomica.com\/wp-content\/uploads\/2026\/03\/Resolucion-Ampliacion-Horarios-2026.pdf\" class=\"wp-block-file__button wp-element-button\" download aria-describedby=\"wp-block-file--media-f7e4a7c2-6bc3-4084-bcc6-7f1fe151354b\">Download<\/a><\/div>","protected":false},"excerpt":{"rendered":"<p>extension of the general closing time by 60 minutes\u00a0<\/p>","protected":false},"author":4,"featured_media":7848,"comment_status":"open","ping_status":"open","sticky":false,"template":"","format":"standard","meta":{"footnotes":""},"categories":[7],"tags":[],"class_list":["post-7847","post","type-post","status-publish","format-standard","has-post-thumbnail","hentry","category-noticias"],"yoast_head":"<!-- This site is optimized with the Yoast SEO plugin v25.7 - https:\/\/yoast.com\/wordpress\/plugins\/seo\/ -->\n<title>Ampliaci\u00f3n de horarios hosteler\u00eda y ocio nocturno en Torrevieja Semana Santa 2026 - Torrevieja Gastron\u00f3mica<\/title>\n<meta name=\"description\" content=\"Torrevieja ampl\u00eda los horarios de hosteler\u00eda y ocio nocturno en Semana Santa 2026. Consulta fechas, horarios y sectores afectados.\" \/>\n<meta name=\"robots\" content=\"index, follow, max-snippet:-1, max-image-preview:large, max-video-preview:-1\" \/>\n<link rel=\"canonical\" href=\"https:\/\/www.torreviejagastronomica.com\/en\/ampliacion-horarios-hosteleria-ocio-nocturno-torrevieja-semana-santa-2026\/\" \/>\n<meta property=\"og:locale\" content=\"en_GB\" \/>\n<meta property=\"og:type\" content=\"article\" \/>\n<meta property=\"og:title\" content=\"Ampliaci\u00f3n de horarios hosteler\u00eda y ocio nocturno en Torrevieja Semana Santa 2026 - Torrevieja Gastron\u00f3mica\" \/>\n<meta property=\"og:description\" content=\"Torrevieja ampl\u00eda los horarios de hosteler\u00eda y ocio nocturno en Semana Santa 2026. Consulta fechas, horarios y sectores afectados.\" \/>\n<meta property=\"og:url\" content=\"https:\/\/www.torreviejagastronomica.com\/en\/ampliacion-horarios-hosteleria-ocio-nocturno-torrevieja-semana-santa-2026\/\" \/>\n<meta property=\"og:site_name\" content=\"Torrevieja Gastron\u00f3mica\" \/>\n<meta property=\"article:published_time\" content=\"2026-03-24T10:52:05+00:00\" \/>\n<meta property=\"article:modified_time\" content=\"2026-03-24T10:52:07+00:00\" \/>\n<meta property=\"og:image\" content=\"https:\/\/www.torreviejagastronomica.com\/wp-content\/uploads\/2026\/03\/4EA839B3-D310-4821-BDB4-879C7B31214A-en-tamano-grande-1024x682.png\" \/>\n\t<meta property=\"og:image:width\" content=\"1024\" \/>\n\t<meta property=\"og:image:height\" content=\"682\" \/>\n\t<meta property=\"og:image:type\" content=\"image\/png\" \/>\n<meta name=\"author\" content=\"Asociaci\u00f3n de Empresas de Hosteler\u00eda de Torrevieja y Comarca\" \/>\n<meta name=\"twitter:card\" content=\"summary_large_image\" \/>\n<meta name=\"twitter:label1\" content=\"Written by\" \/>\n\t<meta name=\"twitter:data1\" content=\"Asociaci\u00f3n de Empresas de Hosteler\u00eda de Torrevieja y Comarca\" \/>\n\t<meta name=\"twitter:label2\" content=\"Estimated reading time\" \/>\n\t<meta name=\"twitter:data2\" content=\"2 minutes\" \/>\n<script type=\"application\/ld+json\" class=\"yoast-schema-graph\">{\"@context\":\"https:\/\/schema.org\",\"@graph\":[{\"@type\":\"Article\",\"@id\":\"https:\/\/www.torreviejagastronomica.com\/ampliacion-horarios-hosteleria-ocio-nocturno-torrevieja-semana-santa-2026\/#article\",\"isPartOf\":{\"@id\":\"https:\/\/www.torreviejagastronomica.com\/ampliacion-horarios-hosteleria-ocio-nocturno-torrevieja-semana-santa-2026\/\"},\"author\":{\"name\":\"Asociaci\u00f3n de Empresas de Hosteler\u00eda de Torrevieja y Comarca\",\"@id\":\"https:\/\/www.torreviejagastronomica.com\/#\/schema\/person\/9e0116f808f941d46f9baadf5335f0a9\"},\"headline\":\"Ampliaci\u00f3n de horarios hosteler\u00eda y ocio nocturno en Torrevieja Semana Santa 2026\",\"datePublished\":\"2026-03-24T10:52:05+00:00\",\"dateModified\":\"2026-03-24T10:52:07+00:00\",\"mainEntityOfPage\":{\"@id\":\"https:\/\/www.torreviejagastronomica.com\/ampliacion-horarios-hosteleria-ocio-nocturno-torrevieja-semana-santa-2026\/\"},\"wordCount\":254,\"commentCount\":0,\"publisher\":{\"@id\":\"https:\/\/www.torreviejagastronomica.com\/#organization\"},\"image\":{\"@id\":\"https:\/\/www.torreviejagastronomica.com\/ampliacion-horarios-hosteleria-ocio-nocturno-torrevieja-semana-santa-2026\/#primaryimage\"},\"thumbnailUrl\":\"https:\/\/www.torreviejagastronomica.com\/wp-content\/uploads\/2026\/03\/4EA839B3-D310-4821-BDB4-879C7B31214A-en-tamano-grande.png\",\"articleSection\":[\"Noticias\"],\"inLanguage\":\"en-GB\",\"potentialAction\":[{\"@type\":\"CommentAction\",\"name\":\"Comment\",\"target\":[\"https:\/\/www.torreviejagastronomica.com\/ampliacion-horarios-hosteleria-ocio-nocturno-torrevieja-semana-santa-2026\/#respond\"]}]},{\"@type\":\"WebPage\",\"@id\":\"https:\/\/www.torreviejagastronomica.com\/ampliacion-horarios-hosteleria-ocio-nocturno-torrevieja-semana-santa-2026\/\",\"url\":\"https:\/\/www.torreviejagastronomica.com\/ampliacion-horarios-hosteleria-ocio-nocturno-torrevieja-semana-santa-2026\/\",\"name\":\"Ampliaci\u00f3n de horarios hosteler\u00eda y ocio nocturno en Torrevieja Semana Santa 2026 - Torrevieja Gastron\u00f3mica\",\"isPartOf\":{\"@id\":\"https:\/\/www.torreviejagastronomica.com\/#website\"},\"primaryImageOfPage\":{\"@id\":\"https:\/\/www.torreviejagastronomica.com\/ampliacion-horarios-hosteleria-ocio-nocturno-torrevieja-semana-santa-2026\/#primaryimage\"},\"image\":{\"@id\":\"https:\/\/www.torreviejagastronomica.com\/ampliacion-horarios-hosteleria-ocio-nocturno-torrevieja-semana-santa-2026\/#primaryimage\"},\"thumbnailUrl\":\"https:\/\/www.torreviejagastronomica.com\/wp-content\/uploads\/2026\/03\/4EA839B3-D310-4821-BDB4-879C7B31214A-en-tamano-grande.png\",\"datePublished\":\"2026-03-24T10:52:05+00:00\",\"dateModified\":\"2026-03-24T10:52:07+00:00\",\"description\":\"Torrevieja ampl\u00eda los horarios de hosteler\u00eda y ocio nocturno en Semana Santa 2026. Consulta fechas, horarios y sectores afectados.\",\"breadcrumb\":{\"@id\":\"https:\/\/www.torreviejagastronomica.com\/ampliacion-horarios-hosteleria-ocio-nocturno-torrevieja-semana-santa-2026\/#breadcrumb\"},\"inLanguage\":\"en-GB\",\"potentialAction\":[{\"@type\":\"ReadAction\",\"target\":[\"https:\/\/www.torreviejagastronomica.com\/ampliacion-horarios-hosteleria-ocio-nocturno-torrevieja-semana-santa-2026\/\"]}]},{\"@type\":\"ImageObject\",\"inLanguage\":\"en-GB\",\"@id\":\"https:\/\/www.torreviejagastronomica.com\/ampliacion-horarios-hosteleria-ocio-nocturno-torrevieja-semana-santa-2026\/#primaryimage\",\"url\":\"https:\/\/www.torreviejagastronomica.com\/wp-content\/uploads\/2026\/03\/4EA839B3-D310-4821-BDB4-879C7B31214A-en-tamano-grande.png\",\"contentUrl\":\"https:\/\/www.torreviejagastronomica.com\/wp-content\/uploads\/2026\/03\/4EA839B3-D310-4821-BDB4-879C7B31214A-en-tamano-grande.png\",\"width\":1280,\"height\":853},{\"@type\":\"BreadcrumbList\",\"@id\":\"https:\/\/www.torreviejagastronomica.com\/ampliacion-horarios-hosteleria-ocio-nocturno-torrevieja-semana-santa-2026\/#breadcrumb\",\"itemListElement\":[{\"@type\":\"ListItem\",\"position\":1,\"name\":\"Portada\",\"item\":\"https:\/\/www.torreviejagastronomica.com\/\"},{\"@type\":\"ListItem\",\"position\":2,\"name\":\"Ampliaci\u00f3n de horarios hosteler\u00eda y ocio nocturno en Torrevieja Semana Santa 2026\"}]},{\"@type\":\"WebSite\",\"@id\":\"https:\/\/www.torreviejagastronomica.com\/#website\",\"url\":\"https:\/\/www.torreviejagastronomica.com\/\",\"name\":\"Torrevieja Gastron\u00f3mica\",\"description\":\"Asociaci\u00f3n Hosteler\u00eda Torrevieja y Comarca\",\"publisher\":{\"@id\":\"https:\/\/www.torreviejagastronomica.com\/#organization\"},\"potentialAction\":[{\"@type\":\"SearchAction\",\"target\":{\"@type\":\"EntryPoint\",\"urlTemplate\":\"https:\/\/www.torreviejagastronomica.com\/?s={search_term_string}\"},\"query-input\":{\"@type\":\"PropertyValueSpecification\",\"valueRequired\":true,\"valueName\":\"search_term_string\"}}],\"inLanguage\":\"en-GB\"},{\"@type\":\"Organization\",\"@id\":\"https:\/\/www.torreviejagastronomica.com\/#organization\",\"name\":\"Torrevieja Gastron\u00f3mica\",\"url\":\"https:\/\/www.torreviejagastronomica.com\/\",\"logo\":{\"@type\":\"ImageObject\",\"inLanguage\":\"en-GB\",\"@id\":\"https:\/\/www.torreviejagastronomica.com\/#\/schema\/logo\/image\/\",\"url\":\"https:\/\/www.torreviejagastronomica.com\/wp-content\/uploads\/2023\/09\/Logo-Torrevieja-Gastronomica.png\",\"contentUrl\":\"https:\/\/www.torreviejagastronomica.com\/wp-content\/uploads\/2023\/09\/Logo-Torrevieja-Gastronomica.png\",\"width\":350,\"height\":100,\"caption\":\"Torrevieja Gastron\u00f3mica\"},\"image\":{\"@id\":\"https:\/\/www.torreviejagastronomica.com\/#\/schema\/logo\/image\/\"}},{\"@type\":\"Person\",\"@id\":\"https:\/\/www.torreviejagastronomica.com\/#\/schema\/person\/9e0116f808f941d46f9baadf5335f0a9\",\"name\":\"Asociaci\u00f3n de Empresas de Hosteler\u00eda de Torrevieja y Comarca\",\"image\":{\"@type\":\"ImageObject\",\"inLanguage\":\"en-GB\",\"@id\":\"https:\/\/www.torreviejagastronomica.com\/#\/schema\/person\/image\/\",\"url\":\"https:\/\/secure.gravatar.com\/avatar\/32ba6ba6e685fc061412a65c4a8a8b6caaf6d90d0985a737a4015d36e84d2d1f?s=96&d=mm&r=g\",\"contentUrl\":\"https:\/\/secure.gravatar.com\/avatar\/32ba6ba6e685fc061412a65c4a8a8b6caaf6d90d0985a737a4015d36e84d2d1f?s=96&d=mm&r=g\",\"caption\":\"Asociaci\u00f3n de Empresas de Hosteler\u00eda de Torrevieja y Comarca\"},\"url\":\"https:\/\/www.torreviejagastronomica.com\/en\/author\/hosteleria\/\"}]}<\/script>\n<!-- \/ Yoast SEO plugin. -->","yoast_head_json":{"title":"Ampliaci\u00f3n de horarios hosteler\u00eda y ocio nocturno en Torrevieja Semana Santa 2026 - Torrevieja Gastron\u00f3mica","description":"Torrevieja ampl\u00eda los horarios de hosteler\u00eda y ocio nocturno en Semana Santa 2026. Consulta fechas, horarios y sectores afectados.","robots":{"index":"index","follow":"follow","max-snippet":"max-snippet:-1","max-image-preview":"max-image-preview:large","max-video-preview":"max-video-preview:-1"},"canonical":"https:\/\/www.torreviejagastronomica.com\/en\/ampliacion-horarios-hosteleria-ocio-nocturno-torrevieja-semana-santa-2026\/","og_locale":"en_GB","og_type":"article","og_title":"Ampliaci\u00f3n de horarios hosteler\u00eda y ocio nocturno en Torrevieja Semana Santa 2026 - Torrevieja Gastron\u00f3mica","og_description":"Torrevieja ampl\u00eda los horarios de hosteler\u00eda y ocio nocturno en Semana Santa 2026. Consulta fechas, horarios y sectores afectados.","og_url":"https:\/\/www.torreviejagastronomica.com\/en\/ampliacion-horarios-hosteleria-ocio-nocturno-torrevieja-semana-santa-2026\/","og_site_name":"Torrevieja Gastron\u00f3mica","article_published_time":"2026-03-24T10:52:05+00:00","article_modified_time":"2026-03-24T10:52:07+00:00","og_image":[{"width":1024,"height":682,"url":"https:\/\/www.torreviejagastronomica.com\/wp-content\/uploads\/2026\/03\/4EA839B3-D310-4821-BDB4-879C7B31214A-en-tamano-grande-1024x682.png","type":"image\/png"}],"author":"Asociaci\u00f3n de Empresas de Hosteler\u00eda de Torrevieja y Comarca","twitter_card":"summary_large_image","twitter_misc":{"Written by":"Asociaci\u00f3n de Empresas de Hosteler\u00eda de Torrevieja y Comarca","Estimated reading time":"2 minutes"},"schema":{"@context":"https:\/\/schema.org","@graph":[{"@type":"Article","@id":"https:\/\/www.torreviejagastronomica.com\/ampliacion-horarios-hosteleria-ocio-nocturno-torrevieja-semana-santa-2026\/#article","isPartOf":{"@id":"https:\/\/www.torreviejagastronomica.com\/ampliacion-horarios-hosteleria-ocio-nocturno-torrevieja-semana-santa-2026\/"},"author":{"name":"Asociaci\u00f3n de Empresas de Hosteler\u00eda de Torrevieja y Comarca","@id":"https:\/\/www.torreviejagastronomica.com\/#\/schema\/person\/9e0116f808f941d46f9baadf5335f0a9"},"headline":"Ampliaci\u00f3n de horarios hosteler\u00eda y ocio nocturno en Torrevieja Semana Santa 2026","datePublished":"2026-03-24T10:52:05+00:00","dateModified":"2026-03-24T10:52:07+00:00","mainEntityOfPage":{"@id":"https:\/\/www.torreviejagastronomica.com\/ampliacion-horarios-hosteleria-ocio-nocturno-torrevieja-semana-santa-2026\/"},"wordCount":254,"commentCount":0,"publisher":{"@id":"https:\/\/www.torreviejagastronomica.com\/#organization"},"image":{"@id":"https:\/\/www.torreviejagastronomica.com\/ampliacion-horarios-hosteleria-ocio-nocturno-torrevieja-semana-santa-2026\/#primaryimage"},"thumbnailUrl":"https:\/\/www.torreviejagastronomica.com\/wp-content\/uploads\/2026\/03\/4EA839B3-D310-4821-BDB4-879C7B31214A-en-tamano-grande.png","articleSection":["Noticias"],"inLanguage":"en-GB","potentialAction":[{"@type":"CommentAction","name":"Comment","target":["https:\/\/www.torreviejagastronomica.com\/ampliacion-horarios-hosteleria-ocio-nocturno-torrevieja-semana-santa-2026\/#respond"]}]},{"@type":"WebPage","@id":"https:\/\/www.torreviejagastronomica.com\/ampliacion-horarios-hosteleria-ocio-nocturno-torrevieja-semana-santa-2026\/","url":"https:\/\/www.torreviejagastronomica.com\/ampliacion-horarios-hosteleria-ocio-nocturno-torrevieja-semana-santa-2026\/","name":"Ampliaci\u00f3n de horarios hosteler\u00eda y ocio nocturno en Torrevieja Semana Santa 2026 - Torrevieja Gastron\u00f3mica","isPartOf":{"@id":"https:\/\/www.torreviejagastronomica.com\/#website"},"primaryImageOfPage":{"@id":"https:\/\/www.torreviejagastronomica.com\/ampliacion-horarios-hosteleria-ocio-nocturno-torrevieja-semana-santa-2026\/#primaryimage"},"image":{"@id":"https:\/\/www.torreviejagastronomica.com\/ampliacion-horarios-hosteleria-ocio-nocturno-torrevieja-semana-santa-2026\/#primaryimage"},"thumbnailUrl":"https:\/\/www.torreviejagastronomica.com\/wp-content\/uploads\/2026\/03\/4EA839B3-D310-4821-BDB4-879C7B31214A-en-tamano-grande.png","datePublished":"2026-03-24T10:52:05+00:00","dateModified":"2026-03-24T10:52:07+00:00","description":"Torrevieja ampl\u00eda los horarios de hosteler\u00eda y ocio nocturno en Semana Santa 2026. Consulta fechas, horarios y sectores afectados.","breadcrumb":{"@id":"https:\/\/www.torreviejagastronomica.com\/ampliacion-horarios-hosteleria-ocio-nocturno-torrevieja-semana-santa-2026\/#breadcrumb"},"inLanguage":"en-GB","potentialAction":[{"@type":"ReadAction","target":["https:\/\/www.torreviejagastronomica.com\/ampliacion-horarios-hosteleria-ocio-nocturno-torrevieja-semana-santa-2026\/"]}]},{"@type":"ImageObject","inLanguage":"en-GB","@id":"https:\/\/www.torreviejagastronomica.com\/ampliacion-horarios-hosteleria-ocio-nocturno-torrevieja-semana-santa-2026\/#primaryimage","url":"https:\/\/www.torreviejagastronomica.com\/wp-content\/uploads\/2026\/03\/4EA839B3-D310-4821-BDB4-879C7B31214A-en-tamano-grande.png","contentUrl":"https:\/\/www.torreviejagastronomica.com\/wp-content\/uploads\/2026\/03\/4EA839B3-D310-4821-BDB4-879C7B31214A-en-tamano-grande.png","width":1280,"height":853},{"@type":"BreadcrumbList","@id":"https:\/\/www.torreviejagastronomica.com\/ampliacion-horarios-hosteleria-ocio-nocturno-torrevieja-semana-santa-2026\/#breadcrumb","itemListElement":[{"@type":"ListItem","position":1,"name":"Portada","item":"https:\/\/www.torreviejagastronomica.com\/"},{"@type":"ListItem","position":2,"name":"Ampliaci\u00f3n de horarios hosteler\u00eda y ocio nocturno en Torrevieja Semana Santa 2026"}]},{"@type":"WebSite","@id":"https:\/\/www.torreviejagastronomica.com\/#website","url":"https:\/\/www.torreviejagastronomica.com\/","name":"Torrevieja Gastron\u00f3mica","description":"Asociaci\u00f3n Hosteler\u00eda Torrevieja y Comarca","publisher":{"@id":"https:\/\/www.torreviejagastronomica.com\/#organization"},"potentialAction":[{"@type":"SearchAction","target":{"@type":"EntryPoint","urlTemplate":"https:\/\/www.torreviejagastronomica.com\/?s={search_term_string}"},"query-input":{"@type":"PropertyValueSpecification","valueRequired":true,"valueName":"search_term_string"}}],"inLanguage":"en-GB"},{"@type":"Organization","@id":"https:\/\/www.torreviejagastronomica.com\/#organization","name":"Torrevieja Gastron\u00f3mica","url":"https:\/\/www.torreviejagastronomica.com\/","logo":{"@type":"ImageObject","inLanguage":"en-GB","@id":"https:\/\/www.torreviejagastronomica.com\/#\/schema\/logo\/image\/","url":"https:\/\/www.torreviejagastronomica.com\/wp-content\/uploads\/2023\/09\/Logo-Torrevieja-Gastronomica.png","contentUrl":"https:\/\/www.torreviejagastronomica.com\/wp-content\/uploads\/2023\/09\/Logo-Torrevieja-Gastronomica.png","width":350,"height":100,"caption":"Torrevieja Gastron\u00f3mica"},"image":{"@id":"https:\/\/www.torreviejagastronomica.com\/#\/schema\/logo\/image\/"}},{"@type":"Person","@id":"https:\/\/www.torreviejagastronomica.com\/#\/schema\/person\/9e0116f808f941d46f9baadf5335f0a9","name":"Asociaci\u00f3n de Empresas de Hosteler\u00eda de Torrevieja y Comarca","image":{"@type":"ImageObject","inLanguage":"en-GB","@id":"https:\/\/www.torreviejagastronomica.com\/#\/schema\/person\/image\/","url":"https:\/\/secure.gravatar.com\/avatar\/32ba6ba6e685fc061412a65c4a8a8b6caaf6d90d0985a737a4015d36e84d2d1f?s=96&d=mm&r=g","contentUrl":"https:\/\/secure.gravatar.com\/avatar\/32ba6ba6e685fc061412a65c4a8a8b6caaf6d90d0985a737a4015d36e84d2d1f?s=96&d=mm&r=g","caption":"Asociaci\u00f3n de Empresas de Hosteler\u00eda de Torrevieja y Comarca"},"url":"https:\/\/www.torreviejagastronomica.com\/en\/author\/hosteleria\/"}]}},"_links":{"self":[{"href":"https:\/\/www.torreviejagastronomica.com\/en\/wp-json\/wp\/v2\/posts\/7847","targetHints":{"allow":["GET"]}}],"collection":[{"href":"https:\/\/www.torreviejagastronomica.com\/en\/wp-json\/wp\/v2\/posts"}],"about":[{"href":"https:\/\/www.torreviejagastronomica.com\/en\/wp-json\/wp\/v2\/types\/post"}],"author":[{"embeddable":true,"href":"https:\/\/www.torreviejagastronomica.com\/en\/wp-json\/wp\/v2\/users\/4"}],"replies":[{"embeddable":true,"href":"https:\/\/www.torreviejagastronomica.com\/en\/wp-json\/wp\/v2\/comments?post=7847"}],"version-history":[{"count":1,"href":"https:\/\/www.torreviejagastronomica.com\/en\/wp-json\/wp\/v2\/posts\/7847\/revisions"}],"predecessor-version":[{"id":7850,"href":"https:\/\/www.torreviejagastronomica.com\/en\/wp-json\/wp\/v2\/posts\/7847\/revisions\/7850"}],"wp:featuredmedia":[{"embeddable":true,"href":"https:\/\/www.torreviejagastronomica.com\/en\/wp-json\/wp\/v2\/media\/7848"}],"wp:attachment":[{"href":"https:\/\/www.torreviejagastronomica.com\/en\/wp-json\/wp\/v2\/media?parent=7847"}],"wp:term":[{"taxonomy":"category","embeddable":true,"href":"https:\/\/www.torreviejagastronomica.com\/en\/wp-json\/wp\/v2\/categories?post=7847"},{"taxonomy":"post_tag","embeddable":true,"href":"https:\/\/www.torreviejagastronomica.com\/en\/wp-json\/wp\/v2\/tags?post=7847"}],"curies":[{"name":"wp","href":"https:\/\/api.w.org\/{rel}","templated":true}]}}