{"id":7843,"date":"2026-03-12T07:35:40","date_gmt":"2026-03-12T06:35:40","guid":{"rendered":"https:\/\/www.torreviejagastronomica.com\/?p=7843"},"modified":"2026-03-12T07:35:42","modified_gmt":"2026-03-12T06:35:42","slug":"la-asociacion-de-hosteleria-de-torrevieja-firma-un-acuerdo-con-factor-energia-para-reducir-costes-energeticos","status":"publish","type":"post","link":"https:\/\/www.torreviejagastronomica.com\/en\/la-asociacion-de-hosteleria-de-torrevieja-firma-un-acuerdo-con-factor-energia-para-reducir-costes-energeticos\/","title":{"rendered":"The Torrevieja Hotel and Catering Association signs an agreement with Factor Energ\u00eda to reduce energy costs."},"content":{"rendered":"<h2 class=\"wp-block-heading\"><strong>The Torrevieja Hotel and Catering Association signs an agreement with Factor Energ\u00eda to improve energy efficiency in the sector.<\/strong><\/h2>\n\n\n\n<p>The Association of Hotel and Catering Businesses of Torrevieja and the surrounding area has signed a collaboration agreement with<a href=\"https:\/\/www.factorenergia.com\/es\/\">\u00a0<strong>Energy Factor<\/strong><\/a>a free market electricity and natural gas retailer specialising in energy efficiency solutions.<\/p>\n\n\n\n<p>Thanks to this agreement, partner establishments will have access to&nbsp;<strong>exclusive advantages on your energy supplies<\/strong>including special electricity and gas tariffs, personalised advice to optimise energy contracts and access to efficiency and self-consumption solutions.<\/p>\n\n\n\n<p>The main objective of this initiative is to&nbsp;<strong>helping hospitality businesses to reduce their energy costs and improve their sustainability<\/strong>This is an increasingly important aspect for the competitiveness of the sector.<\/p>\n\n\n\n<p>The Association stresses that agreements of this kind&nbsp;<strong>strengthen the network of services and benefits for partners<\/strong>The aim is to promote new synergies between collaborating companies and the business fabric of the region.<\/p>\n\n\n\n<p>With this collaboration, the Torrevieja Hotel and Catering Association reaffirms its commitment to&nbsp;<strong>generating opportunities, optimising resources and adding value for its members<\/strong>The energy sector and the hotel and catering industry are working together to promote co-operation.<\/p>\n\n\n\n<p><strong>Torrevieja, 11 March 2026.<\/strong>\u00a0<\/p>\n\n\n\n<figure data-wp-context=\"{&quot;imageId&quot;:&quot;69f5eca98ddfd&quot;}\" data-wp-interactive=\"core\/image\" class=\"wp-block-image aligncenter size-large wp-lightbox-container\"><img fetchpriority=\"high\" decoding=\"async\" width=\"1024\" height=\"768\" data-wp-class--hide=\"state.isContentHidden\" data-wp-class--show=\"state.isContentVisible\" data-wp-init=\"callbacks.setButtonStyles\" data-wp-on-async--click=\"actions.showLightbox\" data-wp-on-async--load=\"callbacks.setButtonStyles\" data-wp-on-async-window--resize=\"callbacks.setButtonStyles\" src=\"https:\/\/www.torreviejagastronomica.com\/wp-content\/uploads\/2026\/03\/Unknown-1024x768.jpeg\" alt=\"\" class=\"wp-image-7844\" srcset=\"https:\/\/www.torreviejagastronomica.com\/wp-content\/uploads\/2026\/03\/Unknown-1024x768.jpeg 1024w, https:\/\/www.torreviejagastronomica.com\/wp-content\/uploads\/2026\/03\/Unknown-300x225.jpeg 300w, https:\/\/www.torreviejagastronomica.com\/wp-content\/uploads\/2026\/03\/Unknown-768x576.jpeg 768w, https:\/\/www.torreviejagastronomica.com\/wp-content\/uploads\/2026\/03\/Unknown-1536x1152.jpeg 1536w, https:\/\/www.torreviejagastronomica.com\/wp-content\/uploads\/2026\/03\/Unknown-16x12.jpeg 16w, https:\/\/www.torreviejagastronomica.com\/wp-content\/uploads\/2026\/03\/Unknown.jpeg 1600w\" sizes=\"(max-width: 1024px) 100vw, 1024px\" \/><button\n\t\t\tclass=\"lightbox-trigger\"\n\t\t\ttype=\"button\"\n\t\t\taria-haspopup=\"dialog\"\n\t\t\taria-label=\"Enlarge\"\n\t\t\tdata-wp-init=\"callbacks.initTriggerButton\"\n\t\t\tdata-wp-on-async--click=\"actions.showLightbox\"\n\t\t\tdata-wp-style--right=\"state.imageButtonRight\"\n\t\t\tdata-wp-style--top=\"state.imageButtonTop\"\n\t\t>\n\t\t\t<svg xmlns=\"http:\/\/www.w3.org\/2000\/svg\" width=\"12\" height=\"12\" fill=\"none\" viewbox=\"0 0 12 12\">\n\t\t\t\t<path fill=\"#fff\" d=\"M2 0a2 2 0 0 0-2 2v2h1.5V2a.5.5 0 0 1 .5-.5h2V0H2Zm2 10.5H2a.5.5 0 0 1-.5-.5V8H0v2a2 2 0 0 0 2 2h2v-1.5ZM8 12v-1.5h2a.5.5 0 0 0 .5-.5V8H12v2a2 2 0 0 1-2 2H8Zm2-12a2 2 0 0 1 2 2v2h-1.5V2a.5.5 0 0 0-.5-.5H8V0h2Z\" \/>\n\t\t\t<\/svg>\n\t\t<\/button><\/figure>","protected":false},"excerpt":{"rendered":"<p>El objetivo principal de esta iniciativa es\u00a0ayudar a los negocios hosteleros a reducir sus costes energ\u00e9ticos y mejorar su sostenibilidad, <\/p>","protected":false},"author":4,"featured_media":7845,"comment_status":"open","ping_status":"open","sticky":false,"template":"","format":"standard","meta":{"footnotes":""},"categories":[7],"tags":[],"class_list":["post-7843","post","type-post","status-publish","format-standard","has-post-thumbnail","hentry","category-noticias"],"yoast_head":"<!-- This site is optimized with the Yoast SEO plugin v25.7 - https:\/\/yoast.com\/wordpress\/plugins\/seo\/ -->\n<title>La Asociaci\u00f3n de Hosteler\u00eda de Torrevieja firma un acuerdo con Factor Energ\u00eda para reducir costes energ\u00e9ticos - Torrevieja Gastron\u00f3mica<\/title>\n<meta name=\"description\" content=\"La Asociaci\u00f3n de Hosteler\u00eda de Torrevieja y Comarca firma un acuerdo con Factor Energ\u00eda para ofrecer tarifas especiales de luz y gas, asesoramiento energ\u00e9tico y soluciones de eficiencia a sus asociados.\" \/>\n<meta name=\"robots\" content=\"index, follow, max-snippet:-1, max-image-preview:large, max-video-preview:-1\" \/>\n<link rel=\"canonical\" href=\"https:\/\/www.torreviejagastronomica.com\/en\/la-asociacion-de-hosteleria-de-torrevieja-firma-un-acuerdo-con-factor-energia-para-reducir-costes-energeticos\/\" \/>\n<meta property=\"og:locale\" content=\"en_GB\" \/>\n<meta property=\"og:type\" content=\"article\" \/>\n<meta property=\"og:title\" content=\"La Asociaci\u00f3n de Hosteler\u00eda de Torrevieja firma un acuerdo con Factor Energ\u00eda para reducir costes energ\u00e9ticos - Torrevieja Gastron\u00f3mica\" \/>\n<meta property=\"og:description\" content=\"La Asociaci\u00f3n de Hosteler\u00eda de Torrevieja y Comarca firma un acuerdo con Factor Energ\u00eda para ofrecer tarifas especiales de luz y gas, asesoramiento energ\u00e9tico y soluciones de eficiencia a sus asociados.\" \/>\n<meta property=\"og:url\" content=\"https:\/\/www.torreviejagastronomica.com\/en\/la-asociacion-de-hosteleria-de-torrevieja-firma-un-acuerdo-con-factor-energia-para-reducir-costes-energeticos\/\" \/>\n<meta property=\"og:site_name\" content=\"Torrevieja Gastron\u00f3mica\" \/>\n<meta property=\"article:published_time\" content=\"2026-03-12T06:35:40+00:00\" \/>\n<meta property=\"article:modified_time\" content=\"2026-03-12T06:35:42+00:00\" \/>\n<meta property=\"og:image\" content=\"https:\/\/www.torreviejagastronomica.com\/wp-content\/uploads\/2026\/03\/Imagen-firma-convenio-Factor-Energia-3.jpeg\" \/>\n\t<meta property=\"og:image:width\" content=\"1600\" \/>\n\t<meta property=\"og:image:height\" content=\"1199\" \/>\n\t<meta property=\"og:image:type\" content=\"image\/jpeg\" \/>\n<meta name=\"author\" content=\"Asociaci\u00f3n de Empresas de Hosteler\u00eda de Torrevieja y Comarca\" \/>\n<meta name=\"twitter:card\" content=\"summary_large_image\" \/>\n<meta name=\"twitter:label1\" content=\"Written by\" \/>\n\t<meta name=\"twitter:data1\" content=\"Asociaci\u00f3n de Empresas de Hosteler\u00eda de Torrevieja y Comarca\" \/>\n\t<meta name=\"twitter:label2\" content=\"Estimated reading time\" \/>\n\t<meta name=\"twitter:data2\" content=\"2 minutes\" \/>\n<script type=\"application\/ld+json\" class=\"yoast-schema-graph\">{\"@context\":\"https:\/\/schema.org\",\"@graph\":[{\"@type\":\"Article\",\"@id\":\"https:\/\/www.torreviejagastronomica.com\/la-asociacion-de-hosteleria-de-torrevieja-firma-un-acuerdo-con-factor-energia-para-reducir-costes-energeticos\/#article\",\"isPartOf\":{\"@id\":\"https:\/\/www.torreviejagastronomica.com\/la-asociacion-de-hosteleria-de-torrevieja-firma-un-acuerdo-con-factor-energia-para-reducir-costes-energeticos\/\"},\"author\":{\"name\":\"Asociaci\u00f3n de Empresas de Hosteler\u00eda de Torrevieja y Comarca\",\"@id\":\"https:\/\/www.torreviejagastronomica.com\/#\/schema\/person\/9e0116f808f941d46f9baadf5335f0a9\"},\"headline\":\"La Asociaci\u00f3n de Hosteler\u00eda de Torrevieja firma un acuerdo con Factor Energ\u00eda para reducir costes energ\u00e9ticos\",\"datePublished\":\"2026-03-12T06:35:40+00:00\",\"dateModified\":\"2026-03-12T06:35:42+00:00\",\"mainEntityOfPage\":{\"@id\":\"https:\/\/www.torreviejagastronomica.com\/la-asociacion-de-hosteleria-de-torrevieja-firma-un-acuerdo-con-factor-energia-para-reducir-costes-energeticos\/\"},\"wordCount\":241,\"commentCount\":0,\"publisher\":{\"@id\":\"https:\/\/www.torreviejagastronomica.com\/#organization\"},\"image\":{\"@id\":\"https:\/\/www.torreviejagastronomica.com\/la-asociacion-de-hosteleria-de-torrevieja-firma-un-acuerdo-con-factor-energia-para-reducir-costes-energeticos\/#primaryimage\"},\"thumbnailUrl\":\"https:\/\/www.torreviejagastronomica.com\/wp-content\/uploads\/2026\/03\/Imagen-firma-convenio-Factor-Energia-3.jpeg\",\"articleSection\":[\"Noticias\"],\"inLanguage\":\"en-GB\",\"potentialAction\":[{\"@type\":\"CommentAction\",\"name\":\"Comment\",\"target\":[\"https:\/\/www.torreviejagastronomica.com\/la-asociacion-de-hosteleria-de-torrevieja-firma-un-acuerdo-con-factor-energia-para-reducir-costes-energeticos\/#respond\"]}]},{\"@type\":\"WebPage\",\"@id\":\"https:\/\/www.torreviejagastronomica.com\/la-asociacion-de-hosteleria-de-torrevieja-firma-un-acuerdo-con-factor-energia-para-reducir-costes-energeticos\/\",\"url\":\"https:\/\/www.torreviejagastronomica.com\/la-asociacion-de-hosteleria-de-torrevieja-firma-un-acuerdo-con-factor-energia-para-reducir-costes-energeticos\/\",\"name\":\"La Asociaci\u00f3n de Hosteler\u00eda de Torrevieja firma un acuerdo con Factor Energ\u00eda para reducir costes energ\u00e9ticos - Torrevieja Gastron\u00f3mica\",\"isPartOf\":{\"@id\":\"https:\/\/www.torreviejagastronomica.com\/#website\"},\"primaryImageOfPage\":{\"@id\":\"https:\/\/www.torreviejagastronomica.com\/la-asociacion-de-hosteleria-de-torrevieja-firma-un-acuerdo-con-factor-energia-para-reducir-costes-energeticos\/#primaryimage\"},\"image\":{\"@id\":\"https:\/\/www.torreviejagastronomica.com\/la-asociacion-de-hosteleria-de-torrevieja-firma-un-acuerdo-con-factor-energia-para-reducir-costes-energeticos\/#primaryimage\"},\"thumbnailUrl\":\"https:\/\/www.torreviejagastronomica.com\/wp-content\/uploads\/2026\/03\/Imagen-firma-convenio-Factor-Energia-3.jpeg\",\"datePublished\":\"2026-03-12T06:35:40+00:00\",\"dateModified\":\"2026-03-12T06:35:42+00:00\",\"description\":\"La Asociaci\u00f3n de Hosteler\u00eda de Torrevieja y Comarca firma un acuerdo con Factor Energ\u00eda para ofrecer tarifas especiales de luz y gas, asesoramiento energ\u00e9tico y soluciones de eficiencia a sus asociados.\",\"breadcrumb\":{\"@id\":\"https:\/\/www.torreviejagastronomica.com\/la-asociacion-de-hosteleria-de-torrevieja-firma-un-acuerdo-con-factor-energia-para-reducir-costes-energeticos\/#breadcrumb\"},\"inLanguage\":\"en-GB\",\"potentialAction\":[{\"@type\":\"ReadAction\",\"target\":[\"https:\/\/www.torreviejagastronomica.com\/la-asociacion-de-hosteleria-de-torrevieja-firma-un-acuerdo-con-factor-energia-para-reducir-costes-energeticos\/\"]}]},{\"@type\":\"ImageObject\",\"inLanguage\":\"en-GB\",\"@id\":\"https:\/\/www.torreviejagastronomica.com\/la-asociacion-de-hosteleria-de-torrevieja-firma-un-acuerdo-con-factor-energia-para-reducir-costes-energeticos\/#primaryimage\",\"url\":\"https:\/\/www.torreviejagastronomica.com\/wp-content\/uploads\/2026\/03\/Imagen-firma-convenio-Factor-Energia-3.jpeg\",\"contentUrl\":\"https:\/\/www.torreviejagastronomica.com\/wp-content\/uploads\/2026\/03\/Imagen-firma-convenio-Factor-Energia-3.jpeg\",\"width\":1600,\"height\":1199},{\"@type\":\"BreadcrumbList\",\"@id\":\"https:\/\/www.torreviejagastronomica.com\/la-asociacion-de-hosteleria-de-torrevieja-firma-un-acuerdo-con-factor-energia-para-reducir-costes-energeticos\/#breadcrumb\",\"itemListElement\":[{\"@type\":\"ListItem\",\"position\":1,\"name\":\"Portada\",\"item\":\"https:\/\/www.torreviejagastronomica.com\/\"},{\"@type\":\"ListItem\",\"position\":2,\"name\":\"La Asociaci\u00f3n de Hosteler\u00eda de Torrevieja firma un acuerdo con Factor Energ\u00eda para reducir costes energ\u00e9ticos\"}]},{\"@type\":\"WebSite\",\"@id\":\"https:\/\/www.torreviejagastronomica.com\/#website\",\"url\":\"https:\/\/www.torreviejagastronomica.com\/\",\"name\":\"Torrevieja Gastron\u00f3mica\",\"description\":\"Asociaci\u00f3n Hosteler\u00eda Torrevieja y Comarca\",\"publisher\":{\"@id\":\"https:\/\/www.torreviejagastronomica.com\/#organization\"},\"potentialAction\":[{\"@type\":\"SearchAction\",\"target\":{\"@type\":\"EntryPoint\",\"urlTemplate\":\"https:\/\/www.torreviejagastronomica.com\/?s={search_term_string}\"},\"query-input\":{\"@type\":\"PropertyValueSpecification\",\"valueRequired\":true,\"valueName\":\"search_term_string\"}}],\"inLanguage\":\"en-GB\"},{\"@type\":\"Organization\",\"@id\":\"https:\/\/www.torreviejagastronomica.com\/#organization\",\"name\":\"Torrevieja Gastron\u00f3mica\",\"url\":\"https:\/\/www.torreviejagastronomica.com\/\",\"logo\":{\"@type\":\"ImageObject\",\"inLanguage\":\"en-GB\",\"@id\":\"https:\/\/www.torreviejagastronomica.com\/#\/schema\/logo\/image\/\",\"url\":\"https:\/\/www.torreviejagastronomica.com\/wp-content\/uploads\/2023\/09\/Logo-Torrevieja-Gastronomica.png\",\"contentUrl\":\"https:\/\/www.torreviejagastronomica.com\/wp-content\/uploads\/2023\/09\/Logo-Torrevieja-Gastronomica.png\",\"width\":350,\"height\":100,\"caption\":\"Torrevieja Gastron\u00f3mica\"},\"image\":{\"@id\":\"https:\/\/www.torreviejagastronomica.com\/#\/schema\/logo\/image\/\"}},{\"@type\":\"Person\",\"@id\":\"https:\/\/www.torreviejagastronomica.com\/#\/schema\/person\/9e0116f808f941d46f9baadf5335f0a9\",\"name\":\"Asociaci\u00f3n de Empresas de Hosteler\u00eda de Torrevieja y Comarca\",\"image\":{\"@type\":\"ImageObject\",\"inLanguage\":\"en-GB\",\"@id\":\"https:\/\/www.torreviejagastronomica.com\/#\/schema\/person\/image\/\",\"url\":\"https:\/\/secure.gravatar.com\/avatar\/32ba6ba6e685fc061412a65c4a8a8b6caaf6d90d0985a737a4015d36e84d2d1f?s=96&d=mm&r=g\",\"contentUrl\":\"https:\/\/secure.gravatar.com\/avatar\/32ba6ba6e685fc061412a65c4a8a8b6caaf6d90d0985a737a4015d36e84d2d1f?s=96&d=mm&r=g\",\"caption\":\"Asociaci\u00f3n de Empresas de Hosteler\u00eda de Torrevieja y Comarca\"},\"url\":\"https:\/\/www.torreviejagastronomica.com\/en\/author\/hosteleria\/\"}]}<\/script>\n<!-- \/ Yoast SEO plugin. -->","yoast_head_json":{"title":"La Asociaci\u00f3n de Hosteler\u00eda de Torrevieja firma un acuerdo con Factor Energ\u00eda para reducir costes energ\u00e9ticos - Torrevieja Gastron\u00f3mica","description":"La Asociaci\u00f3n de Hosteler\u00eda de Torrevieja y Comarca firma un acuerdo con Factor Energ\u00eda para ofrecer tarifas especiales de luz y gas, asesoramiento energ\u00e9tico y soluciones de eficiencia a sus asociados.","robots":{"index":"index","follow":"follow","max-snippet":"max-snippet:-1","max-image-preview":"max-image-preview:large","max-video-preview":"max-video-preview:-1"},"canonical":"https:\/\/www.torreviejagastronomica.com\/en\/la-asociacion-de-hosteleria-de-torrevieja-firma-un-acuerdo-con-factor-energia-para-reducir-costes-energeticos\/","og_locale":"en_GB","og_type":"article","og_title":"La Asociaci\u00f3n de Hosteler\u00eda de Torrevieja firma un acuerdo con Factor Energ\u00eda para reducir costes energ\u00e9ticos - Torrevieja Gastron\u00f3mica","og_description":"La Asociaci\u00f3n de Hosteler\u00eda de Torrevieja y Comarca firma un acuerdo con Factor Energ\u00eda para ofrecer tarifas especiales de luz y gas, asesoramiento energ\u00e9tico y soluciones de eficiencia a sus asociados.","og_url":"https:\/\/www.torreviejagastronomica.com\/en\/la-asociacion-de-hosteleria-de-torrevieja-firma-un-acuerdo-con-factor-energia-para-reducir-costes-energeticos\/","og_site_name":"Torrevieja Gastron\u00f3mica","article_published_time":"2026-03-12T06:35:40+00:00","article_modified_time":"2026-03-12T06:35:42+00:00","og_image":[{"width":1600,"height":1199,"url":"https:\/\/www.torreviejagastronomica.com\/wp-content\/uploads\/2026\/03\/Imagen-firma-convenio-Factor-Energia-3.jpeg","type":"image\/jpeg"}],"author":"Asociaci\u00f3n de Empresas de Hosteler\u00eda de Torrevieja y Comarca","twitter_card":"summary_large_image","twitter_misc":{"Written by":"Asociaci\u00f3n de Empresas de Hosteler\u00eda de Torrevieja y Comarca","Estimated reading time":"2 minutes"},"schema":{"@context":"https:\/\/schema.org","@graph":[{"@type":"Article","@id":"https:\/\/www.torreviejagastronomica.com\/la-asociacion-de-hosteleria-de-torrevieja-firma-un-acuerdo-con-factor-energia-para-reducir-costes-energeticos\/#article","isPartOf":{"@id":"https:\/\/www.torreviejagastronomica.com\/la-asociacion-de-hosteleria-de-torrevieja-firma-un-acuerdo-con-factor-energia-para-reducir-costes-energeticos\/"},"author":{"name":"Asociaci\u00f3n de Empresas de Hosteler\u00eda de Torrevieja y Comarca","@id":"https:\/\/www.torreviejagastronomica.com\/#\/schema\/person\/9e0116f808f941d46f9baadf5335f0a9"},"headline":"La Asociaci\u00f3n de Hosteler\u00eda de Torrevieja firma un acuerdo con Factor Energ\u00eda para reducir costes energ\u00e9ticos","datePublished":"2026-03-12T06:35:40+00:00","dateModified":"2026-03-12T06:35:42+00:00","mainEntityOfPage":{"@id":"https:\/\/www.torreviejagastronomica.com\/la-asociacion-de-hosteleria-de-torrevieja-firma-un-acuerdo-con-factor-energia-para-reducir-costes-energeticos\/"},"wordCount":241,"commentCount":0,"publisher":{"@id":"https:\/\/www.torreviejagastronomica.com\/#organization"},"image":{"@id":"https:\/\/www.torreviejagastronomica.com\/la-asociacion-de-hosteleria-de-torrevieja-firma-un-acuerdo-con-factor-energia-para-reducir-costes-energeticos\/#primaryimage"},"thumbnailUrl":"https:\/\/www.torreviejagastronomica.com\/wp-content\/uploads\/2026\/03\/Imagen-firma-convenio-Factor-Energia-3.jpeg","articleSection":["Noticias"],"inLanguage":"en-GB","potentialAction":[{"@type":"CommentAction","name":"Comment","target":["https:\/\/www.torreviejagastronomica.com\/la-asociacion-de-hosteleria-de-torrevieja-firma-un-acuerdo-con-factor-energia-para-reducir-costes-energeticos\/#respond"]}]},{"@type":"WebPage","@id":"https:\/\/www.torreviejagastronomica.com\/la-asociacion-de-hosteleria-de-torrevieja-firma-un-acuerdo-con-factor-energia-para-reducir-costes-energeticos\/","url":"https:\/\/www.torreviejagastronomica.com\/la-asociacion-de-hosteleria-de-torrevieja-firma-un-acuerdo-con-factor-energia-para-reducir-costes-energeticos\/","name":"La Asociaci\u00f3n de Hosteler\u00eda de Torrevieja firma un acuerdo con Factor Energ\u00eda para reducir costes energ\u00e9ticos - Torrevieja Gastron\u00f3mica","isPartOf":{"@id":"https:\/\/www.torreviejagastronomica.com\/#website"},"primaryImageOfPage":{"@id":"https:\/\/www.torreviejagastronomica.com\/la-asociacion-de-hosteleria-de-torrevieja-firma-un-acuerdo-con-factor-energia-para-reducir-costes-energeticos\/#primaryimage"},"image":{"@id":"https:\/\/www.torreviejagastronomica.com\/la-asociacion-de-hosteleria-de-torrevieja-firma-un-acuerdo-con-factor-energia-para-reducir-costes-energeticos\/#primaryimage"},"thumbnailUrl":"https:\/\/www.torreviejagastronomica.com\/wp-content\/uploads\/2026\/03\/Imagen-firma-convenio-Factor-Energia-3.jpeg","datePublished":"2026-03-12T06:35:40+00:00","dateModified":"2026-03-12T06:35:42+00:00","description":"La Asociaci\u00f3n de Hosteler\u00eda de Torrevieja y Comarca firma un acuerdo con Factor Energ\u00eda para ofrecer tarifas especiales de luz y gas, asesoramiento energ\u00e9tico y soluciones de eficiencia a sus asociados.","breadcrumb":{"@id":"https:\/\/www.torreviejagastronomica.com\/la-asociacion-de-hosteleria-de-torrevieja-firma-un-acuerdo-con-factor-energia-para-reducir-costes-energeticos\/#breadcrumb"},"inLanguage":"en-GB","potentialAction":[{"@type":"ReadAction","target":["https:\/\/www.torreviejagastronomica.com\/la-asociacion-de-hosteleria-de-torrevieja-firma-un-acuerdo-con-factor-energia-para-reducir-costes-energeticos\/"]}]},{"@type":"ImageObject","inLanguage":"en-GB","@id":"https:\/\/www.torreviejagastronomica.com\/la-asociacion-de-hosteleria-de-torrevieja-firma-un-acuerdo-con-factor-energia-para-reducir-costes-energeticos\/#primaryimage","url":"https:\/\/www.torreviejagastronomica.com\/wp-content\/uploads\/2026\/03\/Imagen-firma-convenio-Factor-Energia-3.jpeg","contentUrl":"https:\/\/www.torreviejagastronomica.com\/wp-content\/uploads\/2026\/03\/Imagen-firma-convenio-Factor-Energia-3.jpeg","width":1600,"height":1199},{"@type":"BreadcrumbList","@id":"https:\/\/www.torreviejagastronomica.com\/la-asociacion-de-hosteleria-de-torrevieja-firma-un-acuerdo-con-factor-energia-para-reducir-costes-energeticos\/#breadcrumb","itemListElement":[{"@type":"ListItem","position":1,"name":"Portada","item":"https:\/\/www.torreviejagastronomica.com\/"},{"@type":"ListItem","position":2,"name":"La Asociaci\u00f3n de Hosteler\u00eda de Torrevieja firma un acuerdo con Factor Energ\u00eda para reducir costes energ\u00e9ticos"}]},{"@type":"WebSite","@id":"https:\/\/www.torreviejagastronomica.com\/#website","url":"https:\/\/www.torreviejagastronomica.com\/","name":"Torrevieja Gastron\u00f3mica","description":"Asociaci\u00f3n Hosteler\u00eda Torrevieja y Comarca","publisher":{"@id":"https:\/\/www.torreviejagastronomica.com\/#organization"},"potentialAction":[{"@type":"SearchAction","target":{"@type":"EntryPoint","urlTemplate":"https:\/\/www.torreviejagastronomica.com\/?s={search_term_string}"},"query-input":{"@type":"PropertyValueSpecification","valueRequired":true,"valueName":"search_term_string"}}],"inLanguage":"en-GB"},{"@type":"Organization","@id":"https:\/\/www.torreviejagastronomica.com\/#organization","name":"Torrevieja Gastron\u00f3mica","url":"https:\/\/www.torreviejagastronomica.com\/","logo":{"@type":"ImageObject","inLanguage":"en-GB","@id":"https:\/\/www.torreviejagastronomica.com\/#\/schema\/logo\/image\/","url":"https:\/\/www.torreviejagastronomica.com\/wp-content\/uploads\/2023\/09\/Logo-Torrevieja-Gastronomica.png","contentUrl":"https:\/\/www.torreviejagastronomica.com\/wp-content\/uploads\/2023\/09\/Logo-Torrevieja-Gastronomica.png","width":350,"height":100,"caption":"Torrevieja Gastron\u00f3mica"},"image":{"@id":"https:\/\/www.torreviejagastronomica.com\/#\/schema\/logo\/image\/"}},{"@type":"Person","@id":"https:\/\/www.torreviejagastronomica.com\/#\/schema\/person\/9e0116f808f941d46f9baadf5335f0a9","name":"Asociaci\u00f3n de Empresas de Hosteler\u00eda de Torrevieja y Comarca","image":{"@type":"ImageObject","inLanguage":"en-GB","@id":"https:\/\/www.torreviejagastronomica.com\/#\/schema\/person\/image\/","url":"https:\/\/secure.gravatar.com\/avatar\/32ba6ba6e685fc061412a65c4a8a8b6caaf6d90d0985a737a4015d36e84d2d1f?s=96&d=mm&r=g","contentUrl":"https:\/\/secure.gravatar.com\/avatar\/32ba6ba6e685fc061412a65c4a8a8b6caaf6d90d0985a737a4015d36e84d2d1f?s=96&d=mm&r=g","caption":"Asociaci\u00f3n de Empresas de Hosteler\u00eda de Torrevieja y Comarca"},"url":"https:\/\/www.torreviejagastronomica.com\/en\/author\/hosteleria\/"}]}},"_links":{"self":[{"href":"https:\/\/www.torreviejagastronomica.com\/en\/wp-json\/wp\/v2\/posts\/7843","targetHints":{"allow":["GET"]}}],"collection":[{"href":"https:\/\/www.torreviejagastronomica.com\/en\/wp-json\/wp\/v2\/posts"}],"about":[{"href":"https:\/\/www.torreviejagastronomica.com\/en\/wp-json\/wp\/v2\/types\/post"}],"author":[{"embeddable":true,"href":"https:\/\/www.torreviejagastronomica.com\/en\/wp-json\/wp\/v2\/users\/4"}],"replies":[{"embeddable":true,"href":"https:\/\/www.torreviejagastronomica.com\/en\/wp-json\/wp\/v2\/comments?post=7843"}],"version-history":[{"count":1,"href":"https:\/\/www.torreviejagastronomica.com\/en\/wp-json\/wp\/v2\/posts\/7843\/revisions"}],"predecessor-version":[{"id":7846,"href":"https:\/\/www.torreviejagastronomica.com\/en\/wp-json\/wp\/v2\/posts\/7843\/revisions\/7846"}],"wp:featuredmedia":[{"embeddable":true,"href":"https:\/\/www.torreviejagastronomica.com\/en\/wp-json\/wp\/v2\/media\/7845"}],"wp:attachment":[{"href":"https:\/\/www.torreviejagastronomica.com\/en\/wp-json\/wp\/v2\/media?parent=7843"}],"wp:term":[{"taxonomy":"category","embeddable":true,"href":"https:\/\/www.torreviejagastronomica.com\/en\/wp-json\/wp\/v2\/categories?post=7843"},{"taxonomy":"post_tag","embeddable":true,"href":"https:\/\/www.torreviejagastronomica.com\/en\/wp-json\/wp\/v2\/tags?post=7843"}],"curies":[{"name":"wp","href":"https:\/\/api.w.org\/{rel}","templated":true}]}}