{"id":7558,"date":"2025-12-02T16:46:10","date_gmt":"2025-12-02T15:46:10","guid":{"rendered":"https:\/\/www.torreviejagastronomica.com\/?p=7558"},"modified":"2025-12-02T16:46:12","modified_gmt":"2025-12-02T15:46:12","slug":"la-asociacion-de-hosteleria-informa-del-aplazamiento-oficial-de-verifactu-y-de-los-nuevos-plazos-de-implantacion-hasta-2027","status":"publish","type":"post","link":"https:\/\/www.torreviejagastronomica.com\/en\/la-asociacion-de-hosteleria-informa-del-aplazamiento-oficial-de-verifactu-y-de-los-nuevos-plazos-de-implantacion-hasta-2027\/","title":{"rendered":"The Hospitality Association informs of the official postponement of VERI*FACTU and new implementation deadlines until 2027"},"content":{"rendered":"<p>The AEHTC informs that the Government has approved an official postponement of the entry into force of the VERI*FACTU computerised invoicing system, in response to the demands of various business associations, including the AEHTC, which had been requesting more time to adapt their invoicing systems to the new requirements. This change extends the initially planned deadlines by one year, with the aim of guaranteeing an orderly and viable implementation for companies, SMEs and the self-employed.<\/p>\n\n\n\n<h2 class=\"wp-block-heading\">New deadlines for implementation<\/h2>\n\n\n\n<p>In accordance with the modification introduced in Royal Decree 1007\/2023, the VERI*FACTU implementation schedule is now set as follows:<\/p>\n\n\n\n<ul class=\"wp-block-list\">\n<li>Companies subject to corporate income tax: new obligatory date, 1 January 2027 (previously scheduled for 1 January 2026).<\/li>\n\n\n\n<li>Self-employed and SMEs using computerised invoicing systems: new mandatory date, 1 July 2027 (previously scheduled for 1 July 2026).<\/li>\n<\/ul>\n\n\n\n<p>This postponement therefore represents a generalised extension of one year compared to the previous timetable, providing additional scope for the technical and organisational adaptation of businesses.<\/p>\n\n\n\n<h2 class=\"wp-block-heading\">Reasons for postponement<\/h2>\n\n\n\n<p>Over the last few months, different sector associations, including the AEHTC, have held meetings with the State Tax Administration Agency to convey the need to adjust deadlines to the current technological reality of companies. The main demands included the need for sufficient time to adapt and verify the new invoicing systems, as well as to avoid disproportionate burdens for SMEs and the self-employed.<\/p>\n\n\n\n<p>The Government has responded to these requests by extending the deadlines for entry into force, in order to align the implementation of VERI*FACTU with the real capacities of the business community and to ensure that the transition is carried out homogeneously and securely.<\/p>\n\n\n\n<h2 class=\"wp-block-heading\">Commitment of the Hotel and Catering Association<\/h2>\n\n\n\n<p>The Hospitality Association will continue to keep a close eye on any regulatory updates related to VERI*FACTU in order to inform the sector as quickly and clearly as possible. The aim is to accompany hospitality companies throughout the adaptation process, resolving doubts and channelling their concerns to the competent administrations.<\/p>\n\n\n\n<p>As always, the Association is available to advise its members on billing system requirements, implementation deadlines and available tools, and encourages them to take advantage of this new window of opportunity to plan ahead for the transition to VERI*FACTU.<\/p>\n\n\n\n<p><\/p>\n\n\n\n<p><\/p>","protected":false},"excerpt":{"rendered":"<p>As always, the Association is available to advise its members on the requirements of the invoicing system, <\/p>","protected":false},"author":4,"featured_media":7559,"comment_status":"open","ping_status":"open","sticky":false,"template":"","format":"standard","meta":{"footnotes":""},"categories":[7],"tags":[],"class_list":["post-7558","post","type-post","status-publish","format-standard","has-post-thumbnail","hentry","category-noticias"],"yoast_head":"<!-- This site is optimized with the Yoast SEO plugin v25.7 - https:\/\/yoast.com\/wordpress\/plugins\/seo\/ -->\n<title>La Asociaci\u00f3n de Hosteler\u00eda informa del aplazamiento oficial de VERI*FACTU y de los nuevos plazos de implantaci\u00f3n hasta 2027 - Torrevieja Gastron\u00f3mica<\/title>\n<meta name=\"description\" content=\"El Gobierno ampl\u00eda en un a\u00f1o los plazos de implantaci\u00f3n del sistema de facturaci\u00f3n VERI*FACTU, fijando el 1 de enero de 2027 para empresas sujetas a Impuesto sobre Sociedades y el 1 de julio de 2027 para aut\u00f3nomos y pymes, tras las reivindicaciones del sector hostelero y otras asociaciones empresariales.\" \/>\n<meta name=\"robots\" content=\"index, follow, max-snippet:-1, max-image-preview:large, max-video-preview:-1\" \/>\n<link rel=\"canonical\" href=\"https:\/\/www.torreviejagastronomica.com\/en\/la-asociacion-de-hosteleria-informa-del-aplazamiento-oficial-de-verifactu-y-de-los-nuevos-plazos-de-implantacion-hasta-2027\/\" \/>\n<meta property=\"og:locale\" content=\"en_GB\" \/>\n<meta property=\"og:type\" content=\"article\" \/>\n<meta property=\"og:title\" content=\"La Asociaci\u00f3n de Hosteler\u00eda informa del aplazamiento oficial de VERI*FACTU y de los nuevos plazos de implantaci\u00f3n hasta 2027 - Torrevieja Gastron\u00f3mica\" \/>\n<meta property=\"og:description\" content=\"El Gobierno ampl\u00eda en un a\u00f1o los plazos de implantaci\u00f3n del sistema de facturaci\u00f3n VERI*FACTU, fijando el 1 de enero de 2027 para empresas sujetas a Impuesto sobre Sociedades y el 1 de julio de 2027 para aut\u00f3nomos y pymes, tras las reivindicaciones del sector hostelero y otras asociaciones empresariales.\" \/>\n<meta property=\"og:url\" content=\"https:\/\/www.torreviejagastronomica.com\/en\/la-asociacion-de-hosteleria-informa-del-aplazamiento-oficial-de-verifactu-y-de-los-nuevos-plazos-de-implantacion-hasta-2027\/\" \/>\n<meta property=\"og:site_name\" content=\"Torrevieja Gastron\u00f3mica\" \/>\n<meta property=\"article:published_time\" content=\"2025-12-02T15:46:10+00:00\" \/>\n<meta property=\"article:modified_time\" content=\"2025-12-02T15:46:12+00:00\" \/>\n<meta property=\"og:image\" content=\"https:\/\/www.torreviejagastronomica.com\/wp-content\/uploads\/2025\/12\/1200_800.jpeg\" \/>\n\t<meta property=\"og:image:width\" content=\"1200\" \/>\n\t<meta property=\"og:image:height\" content=\"800\" \/>\n\t<meta property=\"og:image:type\" content=\"image\/jpeg\" \/>\n<meta name=\"author\" content=\"Asociaci\u00f3n de Empresas de Hosteler\u00eda de Torrevieja y Comarca\" \/>\n<meta name=\"twitter:card\" content=\"summary_large_image\" \/>\n<meta name=\"twitter:label1\" content=\"Written by\" \/>\n\t<meta name=\"twitter:data1\" content=\"Asociaci\u00f3n de Empresas de Hosteler\u00eda de Torrevieja y Comarca\" \/>\n\t<meta name=\"twitter:label2\" content=\"Estimated reading time\" \/>\n\t<meta name=\"twitter:data2\" content=\"3 minutes\" \/>\n<script type=\"application\/ld+json\" class=\"yoast-schema-graph\">{\"@context\":\"https:\/\/schema.org\",\"@graph\":[{\"@type\":\"Article\",\"@id\":\"https:\/\/www.torreviejagastronomica.com\/la-asociacion-de-hosteleria-informa-del-aplazamiento-oficial-de-verifactu-y-de-los-nuevos-plazos-de-implantacion-hasta-2027\/#article\",\"isPartOf\":{\"@id\":\"https:\/\/www.torreviejagastronomica.com\/la-asociacion-de-hosteleria-informa-del-aplazamiento-oficial-de-verifactu-y-de-los-nuevos-plazos-de-implantacion-hasta-2027\/\"},\"author\":{\"name\":\"Asociaci\u00f3n de Empresas de Hosteler\u00eda de Torrevieja y Comarca\",\"@id\":\"https:\/\/www.torreviejagastronomica.com\/#\/schema\/person\/9e0116f808f941d46f9baadf5335f0a9\"},\"headline\":\"La Asociaci\u00f3n de Hosteler\u00eda informa del aplazamiento oficial de VERI*FACTU y de los nuevos plazos de implantaci\u00f3n hasta 2027\",\"datePublished\":\"2025-12-02T15:46:10+00:00\",\"dateModified\":\"2025-12-02T15:46:12+00:00\",\"mainEntityOfPage\":{\"@id\":\"https:\/\/www.torreviejagastronomica.com\/la-asociacion-de-hosteleria-informa-del-aplazamiento-oficial-de-verifactu-y-de-los-nuevos-plazos-de-implantacion-hasta-2027\/\"},\"wordCount\":451,\"commentCount\":0,\"publisher\":{\"@id\":\"https:\/\/www.torreviejagastronomica.com\/#organization\"},\"image\":{\"@id\":\"https:\/\/www.torreviejagastronomica.com\/la-asociacion-de-hosteleria-informa-del-aplazamiento-oficial-de-verifactu-y-de-los-nuevos-plazos-de-implantacion-hasta-2027\/#primaryimage\"},\"thumbnailUrl\":\"https:\/\/www.torreviejagastronomica.com\/wp-content\/uploads\/2025\/12\/1200_800.jpeg\",\"articleSection\":[\"Noticias\"],\"inLanguage\":\"en-GB\",\"potentialAction\":[{\"@type\":\"CommentAction\",\"name\":\"Comment\",\"target\":[\"https:\/\/www.torreviejagastronomica.com\/la-asociacion-de-hosteleria-informa-del-aplazamiento-oficial-de-verifactu-y-de-los-nuevos-plazos-de-implantacion-hasta-2027\/#respond\"]}]},{\"@type\":\"WebPage\",\"@id\":\"https:\/\/www.torreviejagastronomica.com\/la-asociacion-de-hosteleria-informa-del-aplazamiento-oficial-de-verifactu-y-de-los-nuevos-plazos-de-implantacion-hasta-2027\/\",\"url\":\"https:\/\/www.torreviejagastronomica.com\/la-asociacion-de-hosteleria-informa-del-aplazamiento-oficial-de-verifactu-y-de-los-nuevos-plazos-de-implantacion-hasta-2027\/\",\"name\":\"La Asociaci\u00f3n de Hosteler\u00eda informa del aplazamiento oficial de VERI*FACTU y de los nuevos plazos de implantaci\u00f3n hasta 2027 - Torrevieja Gastron\u00f3mica\",\"isPartOf\":{\"@id\":\"https:\/\/www.torreviejagastronomica.com\/#website\"},\"primaryImageOfPage\":{\"@id\":\"https:\/\/www.torreviejagastronomica.com\/la-asociacion-de-hosteleria-informa-del-aplazamiento-oficial-de-verifactu-y-de-los-nuevos-plazos-de-implantacion-hasta-2027\/#primaryimage\"},\"image\":{\"@id\":\"https:\/\/www.torreviejagastronomica.com\/la-asociacion-de-hosteleria-informa-del-aplazamiento-oficial-de-verifactu-y-de-los-nuevos-plazos-de-implantacion-hasta-2027\/#primaryimage\"},\"thumbnailUrl\":\"https:\/\/www.torreviejagastronomica.com\/wp-content\/uploads\/2025\/12\/1200_800.jpeg\",\"datePublished\":\"2025-12-02T15:46:10+00:00\",\"dateModified\":\"2025-12-02T15:46:12+00:00\",\"description\":\"El Gobierno ampl\u00eda en un a\u00f1o los plazos de implantaci\u00f3n del sistema de facturaci\u00f3n VERI*FACTU, fijando el 1 de enero de 2027 para empresas sujetas a Impuesto sobre Sociedades y el 1 de julio de 2027 para aut\u00f3nomos y pymes, tras las reivindicaciones del sector hostelero y otras asociaciones empresariales.\",\"breadcrumb\":{\"@id\":\"https:\/\/www.torreviejagastronomica.com\/la-asociacion-de-hosteleria-informa-del-aplazamiento-oficial-de-verifactu-y-de-los-nuevos-plazos-de-implantacion-hasta-2027\/#breadcrumb\"},\"inLanguage\":\"en-GB\",\"potentialAction\":[{\"@type\":\"ReadAction\",\"target\":[\"https:\/\/www.torreviejagastronomica.com\/la-asociacion-de-hosteleria-informa-del-aplazamiento-oficial-de-verifactu-y-de-los-nuevos-plazos-de-implantacion-hasta-2027\/\"]}]},{\"@type\":\"ImageObject\",\"inLanguage\":\"en-GB\",\"@id\":\"https:\/\/www.torreviejagastronomica.com\/la-asociacion-de-hosteleria-informa-del-aplazamiento-oficial-de-verifactu-y-de-los-nuevos-plazos-de-implantacion-hasta-2027\/#primaryimage\",\"url\":\"https:\/\/www.torreviejagastronomica.com\/wp-content\/uploads\/2025\/12\/1200_800.jpeg\",\"contentUrl\":\"https:\/\/www.torreviejagastronomica.com\/wp-content\/uploads\/2025\/12\/1200_800.jpeg\",\"width\":1200,\"height\":800},{\"@type\":\"BreadcrumbList\",\"@id\":\"https:\/\/www.torreviejagastronomica.com\/la-asociacion-de-hosteleria-informa-del-aplazamiento-oficial-de-verifactu-y-de-los-nuevos-plazos-de-implantacion-hasta-2027\/#breadcrumb\",\"itemListElement\":[{\"@type\":\"ListItem\",\"position\":1,\"name\":\"Portada\",\"item\":\"https:\/\/www.torreviejagastronomica.com\/\"},{\"@type\":\"ListItem\",\"position\":2,\"name\":\"La Asociaci\u00f3n de Hosteler\u00eda informa del aplazamiento oficial de VERI*FACTU y de los nuevos plazos de implantaci\u00f3n hasta 2027\"}]},{\"@type\":\"WebSite\",\"@id\":\"https:\/\/www.torreviejagastronomica.com\/#website\",\"url\":\"https:\/\/www.torreviejagastronomica.com\/\",\"name\":\"Torrevieja Gastron\u00f3mica\",\"description\":\"Asociaci\u00f3n Hosteler\u00eda Torrevieja y Comarca\",\"publisher\":{\"@id\":\"https:\/\/www.torreviejagastronomica.com\/#organization\"},\"potentialAction\":[{\"@type\":\"SearchAction\",\"target\":{\"@type\":\"EntryPoint\",\"urlTemplate\":\"https:\/\/www.torreviejagastronomica.com\/?s={search_term_string}\"},\"query-input\":{\"@type\":\"PropertyValueSpecification\",\"valueRequired\":true,\"valueName\":\"search_term_string\"}}],\"inLanguage\":\"en-GB\"},{\"@type\":\"Organization\",\"@id\":\"https:\/\/www.torreviejagastronomica.com\/#organization\",\"name\":\"Torrevieja Gastron\u00f3mica\",\"url\":\"https:\/\/www.torreviejagastronomica.com\/\",\"logo\":{\"@type\":\"ImageObject\",\"inLanguage\":\"en-GB\",\"@id\":\"https:\/\/www.torreviejagastronomica.com\/#\/schema\/logo\/image\/\",\"url\":\"https:\/\/www.torreviejagastronomica.com\/wp-content\/uploads\/2023\/09\/Logo-Torrevieja-Gastronomica.png\",\"contentUrl\":\"https:\/\/www.torreviejagastronomica.com\/wp-content\/uploads\/2023\/09\/Logo-Torrevieja-Gastronomica.png\",\"width\":350,\"height\":100,\"caption\":\"Torrevieja Gastron\u00f3mica\"},\"image\":{\"@id\":\"https:\/\/www.torreviejagastronomica.com\/#\/schema\/logo\/image\/\"}},{\"@type\":\"Person\",\"@id\":\"https:\/\/www.torreviejagastronomica.com\/#\/schema\/person\/9e0116f808f941d46f9baadf5335f0a9\",\"name\":\"Asociaci\u00f3n de Empresas de Hosteler\u00eda de Torrevieja y Comarca\",\"image\":{\"@type\":\"ImageObject\",\"inLanguage\":\"en-GB\",\"@id\":\"https:\/\/www.torreviejagastronomica.com\/#\/schema\/person\/image\/\",\"url\":\"https:\/\/secure.gravatar.com\/avatar\/32ba6ba6e685fc061412a65c4a8a8b6caaf6d90d0985a737a4015d36e84d2d1f?s=96&d=mm&r=g\",\"contentUrl\":\"https:\/\/secure.gravatar.com\/avatar\/32ba6ba6e685fc061412a65c4a8a8b6caaf6d90d0985a737a4015d36e84d2d1f?s=96&d=mm&r=g\",\"caption\":\"Asociaci\u00f3n de Empresas de Hosteler\u00eda de Torrevieja y Comarca\"},\"url\":\"https:\/\/www.torreviejagastronomica.com\/en\/author\/hosteleria\/\"}]}<\/script>\n<!-- \/ Yoast SEO plugin. -->","yoast_head_json":{"title":"La Asociaci\u00f3n de Hosteler\u00eda informa del aplazamiento oficial de VERI*FACTU y de los nuevos plazos de implantaci\u00f3n hasta 2027 - Torrevieja Gastron\u00f3mica","description":"El Gobierno ampl\u00eda en un a\u00f1o los plazos de implantaci\u00f3n del sistema de facturaci\u00f3n VERI*FACTU, fijando el 1 de enero de 2027 para empresas sujetas a Impuesto sobre Sociedades y el 1 de julio de 2027 para aut\u00f3nomos y pymes, tras las reivindicaciones del sector hostelero y otras asociaciones empresariales.","robots":{"index":"index","follow":"follow","max-snippet":"max-snippet:-1","max-image-preview":"max-image-preview:large","max-video-preview":"max-video-preview:-1"},"canonical":"https:\/\/www.torreviejagastronomica.com\/en\/la-asociacion-de-hosteleria-informa-del-aplazamiento-oficial-de-verifactu-y-de-los-nuevos-plazos-de-implantacion-hasta-2027\/","og_locale":"en_GB","og_type":"article","og_title":"La Asociaci\u00f3n de Hosteler\u00eda informa del aplazamiento oficial de VERI*FACTU y de los nuevos plazos de implantaci\u00f3n hasta 2027 - Torrevieja Gastron\u00f3mica","og_description":"El Gobierno ampl\u00eda en un a\u00f1o los plazos de implantaci\u00f3n del sistema de facturaci\u00f3n VERI*FACTU, fijando el 1 de enero de 2027 para empresas sujetas a Impuesto sobre Sociedades y el 1 de julio de 2027 para aut\u00f3nomos y pymes, tras las reivindicaciones del sector hostelero y otras asociaciones empresariales.","og_url":"https:\/\/www.torreviejagastronomica.com\/en\/la-asociacion-de-hosteleria-informa-del-aplazamiento-oficial-de-verifactu-y-de-los-nuevos-plazos-de-implantacion-hasta-2027\/","og_site_name":"Torrevieja Gastron\u00f3mica","article_published_time":"2025-12-02T15:46:10+00:00","article_modified_time":"2025-12-02T15:46:12+00:00","og_image":[{"width":1200,"height":800,"url":"https:\/\/www.torreviejagastronomica.com\/wp-content\/uploads\/2025\/12\/1200_800.jpeg","type":"image\/jpeg"}],"author":"Asociaci\u00f3n de Empresas de Hosteler\u00eda de Torrevieja y Comarca","twitter_card":"summary_large_image","twitter_misc":{"Written by":"Asociaci\u00f3n de Empresas de Hosteler\u00eda de Torrevieja y Comarca","Estimated reading time":"3 minutes"},"schema":{"@context":"https:\/\/schema.org","@graph":[{"@type":"Article","@id":"https:\/\/www.torreviejagastronomica.com\/la-asociacion-de-hosteleria-informa-del-aplazamiento-oficial-de-verifactu-y-de-los-nuevos-plazos-de-implantacion-hasta-2027\/#article","isPartOf":{"@id":"https:\/\/www.torreviejagastronomica.com\/la-asociacion-de-hosteleria-informa-del-aplazamiento-oficial-de-verifactu-y-de-los-nuevos-plazos-de-implantacion-hasta-2027\/"},"author":{"name":"Asociaci\u00f3n de Empresas de Hosteler\u00eda de Torrevieja y Comarca","@id":"https:\/\/www.torreviejagastronomica.com\/#\/schema\/person\/9e0116f808f941d46f9baadf5335f0a9"},"headline":"La Asociaci\u00f3n de Hosteler\u00eda informa del aplazamiento oficial de VERI*FACTU y de los nuevos plazos de implantaci\u00f3n hasta 2027","datePublished":"2025-12-02T15:46:10+00:00","dateModified":"2025-12-02T15:46:12+00:00","mainEntityOfPage":{"@id":"https:\/\/www.torreviejagastronomica.com\/la-asociacion-de-hosteleria-informa-del-aplazamiento-oficial-de-verifactu-y-de-los-nuevos-plazos-de-implantacion-hasta-2027\/"},"wordCount":451,"commentCount":0,"publisher":{"@id":"https:\/\/www.torreviejagastronomica.com\/#organization"},"image":{"@id":"https:\/\/www.torreviejagastronomica.com\/la-asociacion-de-hosteleria-informa-del-aplazamiento-oficial-de-verifactu-y-de-los-nuevos-plazos-de-implantacion-hasta-2027\/#primaryimage"},"thumbnailUrl":"https:\/\/www.torreviejagastronomica.com\/wp-content\/uploads\/2025\/12\/1200_800.jpeg","articleSection":["Noticias"],"inLanguage":"en-GB","potentialAction":[{"@type":"CommentAction","name":"Comment","target":["https:\/\/www.torreviejagastronomica.com\/la-asociacion-de-hosteleria-informa-del-aplazamiento-oficial-de-verifactu-y-de-los-nuevos-plazos-de-implantacion-hasta-2027\/#respond"]}]},{"@type":"WebPage","@id":"https:\/\/www.torreviejagastronomica.com\/la-asociacion-de-hosteleria-informa-del-aplazamiento-oficial-de-verifactu-y-de-los-nuevos-plazos-de-implantacion-hasta-2027\/","url":"https:\/\/www.torreviejagastronomica.com\/la-asociacion-de-hosteleria-informa-del-aplazamiento-oficial-de-verifactu-y-de-los-nuevos-plazos-de-implantacion-hasta-2027\/","name":"La Asociaci\u00f3n de Hosteler\u00eda informa del aplazamiento oficial de VERI*FACTU y de los nuevos plazos de implantaci\u00f3n hasta 2027 - Torrevieja Gastron\u00f3mica","isPartOf":{"@id":"https:\/\/www.torreviejagastronomica.com\/#website"},"primaryImageOfPage":{"@id":"https:\/\/www.torreviejagastronomica.com\/la-asociacion-de-hosteleria-informa-del-aplazamiento-oficial-de-verifactu-y-de-los-nuevos-plazos-de-implantacion-hasta-2027\/#primaryimage"},"image":{"@id":"https:\/\/www.torreviejagastronomica.com\/la-asociacion-de-hosteleria-informa-del-aplazamiento-oficial-de-verifactu-y-de-los-nuevos-plazos-de-implantacion-hasta-2027\/#primaryimage"},"thumbnailUrl":"https:\/\/www.torreviejagastronomica.com\/wp-content\/uploads\/2025\/12\/1200_800.jpeg","datePublished":"2025-12-02T15:46:10+00:00","dateModified":"2025-12-02T15:46:12+00:00","description":"El Gobierno ampl\u00eda en un a\u00f1o los plazos de implantaci\u00f3n del sistema de facturaci\u00f3n VERI*FACTU, fijando el 1 de enero de 2027 para empresas sujetas a Impuesto sobre Sociedades y el 1 de julio de 2027 para aut\u00f3nomos y pymes, tras las reivindicaciones del sector hostelero y otras asociaciones empresariales.","breadcrumb":{"@id":"https:\/\/www.torreviejagastronomica.com\/la-asociacion-de-hosteleria-informa-del-aplazamiento-oficial-de-verifactu-y-de-los-nuevos-plazos-de-implantacion-hasta-2027\/#breadcrumb"},"inLanguage":"en-GB","potentialAction":[{"@type":"ReadAction","target":["https:\/\/www.torreviejagastronomica.com\/la-asociacion-de-hosteleria-informa-del-aplazamiento-oficial-de-verifactu-y-de-los-nuevos-plazos-de-implantacion-hasta-2027\/"]}]},{"@type":"ImageObject","inLanguage":"en-GB","@id":"https:\/\/www.torreviejagastronomica.com\/la-asociacion-de-hosteleria-informa-del-aplazamiento-oficial-de-verifactu-y-de-los-nuevos-plazos-de-implantacion-hasta-2027\/#primaryimage","url":"https:\/\/www.torreviejagastronomica.com\/wp-content\/uploads\/2025\/12\/1200_800.jpeg","contentUrl":"https:\/\/www.torreviejagastronomica.com\/wp-content\/uploads\/2025\/12\/1200_800.jpeg","width":1200,"height":800},{"@type":"BreadcrumbList","@id":"https:\/\/www.torreviejagastronomica.com\/la-asociacion-de-hosteleria-informa-del-aplazamiento-oficial-de-verifactu-y-de-los-nuevos-plazos-de-implantacion-hasta-2027\/#breadcrumb","itemListElement":[{"@type":"ListItem","position":1,"name":"Portada","item":"https:\/\/www.torreviejagastronomica.com\/"},{"@type":"ListItem","position":2,"name":"La Asociaci\u00f3n de Hosteler\u00eda informa del aplazamiento oficial de VERI*FACTU y de los nuevos plazos de implantaci\u00f3n hasta 2027"}]},{"@type":"WebSite","@id":"https:\/\/www.torreviejagastronomica.com\/#website","url":"https:\/\/www.torreviejagastronomica.com\/","name":"Torrevieja Gastron\u00f3mica","description":"Asociaci\u00f3n Hosteler\u00eda Torrevieja y Comarca","publisher":{"@id":"https:\/\/www.torreviejagastronomica.com\/#organization"},"potentialAction":[{"@type":"SearchAction","target":{"@type":"EntryPoint","urlTemplate":"https:\/\/www.torreviejagastronomica.com\/?s={search_term_string}"},"query-input":{"@type":"PropertyValueSpecification","valueRequired":true,"valueName":"search_term_string"}}],"inLanguage":"en-GB"},{"@type":"Organization","@id":"https:\/\/www.torreviejagastronomica.com\/#organization","name":"Torrevieja Gastron\u00f3mica","url":"https:\/\/www.torreviejagastronomica.com\/","logo":{"@type":"ImageObject","inLanguage":"en-GB","@id":"https:\/\/www.torreviejagastronomica.com\/#\/schema\/logo\/image\/","url":"https:\/\/www.torreviejagastronomica.com\/wp-content\/uploads\/2023\/09\/Logo-Torrevieja-Gastronomica.png","contentUrl":"https:\/\/www.torreviejagastronomica.com\/wp-content\/uploads\/2023\/09\/Logo-Torrevieja-Gastronomica.png","width":350,"height":100,"caption":"Torrevieja Gastron\u00f3mica"},"image":{"@id":"https:\/\/www.torreviejagastronomica.com\/#\/schema\/logo\/image\/"}},{"@type":"Person","@id":"https:\/\/www.torreviejagastronomica.com\/#\/schema\/person\/9e0116f808f941d46f9baadf5335f0a9","name":"Asociaci\u00f3n de Empresas de Hosteler\u00eda de Torrevieja y Comarca","image":{"@type":"ImageObject","inLanguage":"en-GB","@id":"https:\/\/www.torreviejagastronomica.com\/#\/schema\/person\/image\/","url":"https:\/\/secure.gravatar.com\/avatar\/32ba6ba6e685fc061412a65c4a8a8b6caaf6d90d0985a737a4015d36e84d2d1f?s=96&d=mm&r=g","contentUrl":"https:\/\/secure.gravatar.com\/avatar\/32ba6ba6e685fc061412a65c4a8a8b6caaf6d90d0985a737a4015d36e84d2d1f?s=96&d=mm&r=g","caption":"Asociaci\u00f3n de Empresas de Hosteler\u00eda de Torrevieja y Comarca"},"url":"https:\/\/www.torreviejagastronomica.com\/en\/author\/hosteleria\/"}]}},"_links":{"self":[{"href":"https:\/\/www.torreviejagastronomica.com\/en\/wp-json\/wp\/v2\/posts\/7558","targetHints":{"allow":["GET"]}}],"collection":[{"href":"https:\/\/www.torreviejagastronomica.com\/en\/wp-json\/wp\/v2\/posts"}],"about":[{"href":"https:\/\/www.torreviejagastronomica.com\/en\/wp-json\/wp\/v2\/types\/post"}],"author":[{"embeddable":true,"href":"https:\/\/www.torreviejagastronomica.com\/en\/wp-json\/wp\/v2\/users\/4"}],"replies":[{"embeddable":true,"href":"https:\/\/www.torreviejagastronomica.com\/en\/wp-json\/wp\/v2\/comments?post=7558"}],"version-history":[{"count":1,"href":"https:\/\/www.torreviejagastronomica.com\/en\/wp-json\/wp\/v2\/posts\/7558\/revisions"}],"predecessor-version":[{"id":7560,"href":"https:\/\/www.torreviejagastronomica.com\/en\/wp-json\/wp\/v2\/posts\/7558\/revisions\/7560"}],"wp:featuredmedia":[{"embeddable":true,"href":"https:\/\/www.torreviejagastronomica.com\/en\/wp-json\/wp\/v2\/media\/7559"}],"wp:attachment":[{"href":"https:\/\/www.torreviejagastronomica.com\/en\/wp-json\/wp\/v2\/media?parent=7558"}],"wp:term":[{"taxonomy":"category","embeddable":true,"href":"https:\/\/www.torreviejagastronomica.com\/en\/wp-json\/wp\/v2\/categories?post=7558"},{"taxonomy":"post_tag","embeddable":true,"href":"https:\/\/www.torreviejagastronomica.com\/en\/wp-json\/wp\/v2\/tags?post=7558"}],"curies":[{"name":"wp","href":"https:\/\/api.w.org\/{rel}","templated":true}]}}