{"id":7555,"date":"2025-12-02T14:35:16","date_gmt":"2025-12-02T13:35:16","guid":{"rendered":"https:\/\/www.torreviejagastronomica.com\/?p=7555"},"modified":"2025-12-02T17:22:18","modified_gmt":"2025-12-02T16:22:18","slug":"miss-flamingo-y-la-aehtc-presentan-el-programa-gastronomico-sabores-de-torrevieja","status":"publish","type":"post","link":"https:\/\/www.torreviejagastronomica.com\/en\/miss-flamingo-y-la-aehtc-presentan-el-programa-gastronomico-sabores-de-torrevieja\/","title":{"rendered":"Miss Flamingo and the AEHTC present the Gastronomic Programme \"Sabores de Torrevieja\"."},"content":{"rendered":"<h2 class=\"wp-block-heading\">An initiative to boost the local off-season offer and facilitate bookings for residents and visitors.<\/h2>\n\n\n\n<p><strong>Miss Flamingo<\/strong>a digital platform dedicated to promoting local experiences, in collaboration with the <strong>Association of Hotel and Catering Businesses of Torrevieja and Region (AEHTC),<\/strong> presents the Gastronomic Programme: <strong>Flavours of Torrevieja,<\/strong> an initiative designed to boost the local gastronomic offer and attract customers all year round.<\/p>\n\n\n\n<p>The programme includes a selection of gastronomic experiences - tapas route, seasonal menus and tasting dinners - offered by associated establishments, with centralised promotion and booking system through the platform. <strong>Miss Flamingo<\/strong>. The proposal aims to facilitate the visibility of local businesses, increase the average ticket and improve the visitor experience with authentic and customisable offers.<\/p>\n\n\n\n<p><strong><em>\"We are very excited to launch 'Sabores de Torrevieja'. Our aim is to unite the local hospitality industry and offer residents and tourists a simple and attractive way to discover the best of our gastronomy,\" he added.<\/em><\/strong> says Esther Elkouss, founder and CEO of Miss Flamingo.<\/p>\n\n\n\n<p>The <strong>AEHTC<\/strong> will support the initiative through dissemination actions among its partners and collaboration in the coordination of the launch. The signing of the framework agreement between Miss Flamingo and the AEHTC is scheduled for 2 December 2025, coinciding with the photo shoot and presentation to partners.<\/p>\n\n\n\n<p><strong>Launch and reservations<\/strong><\/p>\n\n\n\n<p>The opening of registrations for establishments will be from 02\/12\/2025 to 15\/12\/2025. After the preparation phase (photos, content and agreements), the promotion and the opening of bookings will be activated in January 2026; the exact launch date will be communicated soon.<\/p>\n\n\n\n<p>Torrevieja, 2nd December 2025 -<\/p>\n\n\n\n<p><strong>Press contact<\/strong><\/p>\n\n\n\n<p>Esther Elkouss - <a href=\"https:\/\/www.instagram.com\/missflamingoapp\/\"><strong>Miss Flamingo<\/strong><\/a><\/p>\n\n\n\n<p>Tel.: 649 76 17 12<\/p>\n\n\n\n<p>Email: esther@missflamingo.es<\/p>\n\n\n\n<p><\/p>","protected":false},"excerpt":{"rendered":"<p>tapas route, seasonal menus and tasting dinners<\/p>","protected":false},"author":4,"featured_media":7556,"comment_status":"open","ping_status":"open","sticky":false,"template":"","format":"standard","meta":{"footnotes":""},"categories":[7],"tags":[],"class_list":["post-7555","post","type-post","status-publish","format-standard","has-post-thumbnail","hentry","category-noticias"],"yoast_head":"<!-- This site is optimized with the Yoast SEO plugin v25.7 - https:\/\/yoast.com\/wordpress\/plugins\/seo\/ -->\n<title>Miss Flamingo y la AEHTC presentan el Programa Gastron\u00f3mico \u201cSabores de Torrevieja\u201d - Torrevieja Gastron\u00f3mica<\/title>\n<meta name=\"description\" content=\"Miss Flamingo y la AEHTC presentan el programa \u201cSabores de Torrevieja\u201d, una iniciativa para promocionar la gastronom\u00eda local con rutas, men\u00fas y experiencias que impulsan la hosteler\u00eda fuera de temporada.\" \/>\n<meta name=\"robots\" content=\"index, follow, max-snippet:-1, max-image-preview:large, max-video-preview:-1\" \/>\n<link rel=\"canonical\" href=\"https:\/\/www.torreviejagastronomica.com\/en\/miss-flamingo-y-la-aehtc-presentan-el-programa-gastronomico-sabores-de-torrevieja\/\" \/>\n<meta property=\"og:locale\" content=\"en_GB\" \/>\n<meta property=\"og:type\" content=\"article\" \/>\n<meta property=\"og:title\" content=\"Miss Flamingo y la AEHTC presentan el Programa Gastron\u00f3mico \u201cSabores de Torrevieja\u201d - Torrevieja Gastron\u00f3mica\" \/>\n<meta property=\"og:description\" content=\"Miss Flamingo y la AEHTC presentan el programa \u201cSabores de Torrevieja\u201d, una iniciativa para promocionar la gastronom\u00eda local con rutas, men\u00fas y experiencias que impulsan la hosteler\u00eda fuera de temporada.\" \/>\n<meta property=\"og:url\" content=\"https:\/\/www.torreviejagastronomica.com\/en\/miss-flamingo-y-la-aehtc-presentan-el-programa-gastronomico-sabores-de-torrevieja\/\" \/>\n<meta property=\"og:site_name\" content=\"Torrevieja Gastron\u00f3mica\" \/>\n<meta property=\"article:published_time\" content=\"2025-12-02T13:35:16+00:00\" \/>\n<meta property=\"article:modified_time\" content=\"2025-12-02T16:22:18+00:00\" \/>\n<meta property=\"og:image\" content=\"https:\/\/www.torreviejagastronomica.com\/wp-content\/uploads\/2025\/12\/IMAGENES-FIRMA-CONVENIO-AEHTC-MISS-FLAMINGO-en-tamano-grande.jpeg\" \/>\n\t<meta property=\"og:image:width\" content=\"1280\" \/>\n\t<meta property=\"og:image:height\" content=\"960\" \/>\n\t<meta property=\"og:image:type\" content=\"image\/jpeg\" \/>\n<meta name=\"author\" content=\"Asociaci\u00f3n de Empresas de Hosteler\u00eda de Torrevieja y Comarca\" \/>\n<meta name=\"twitter:card\" content=\"summary_large_image\" \/>\n<meta name=\"twitter:label1\" content=\"Written by\" \/>\n\t<meta name=\"twitter:data1\" content=\"Asociaci\u00f3n de Empresas de Hosteler\u00eda de Torrevieja y Comarca\" \/>\n\t<meta name=\"twitter:label2\" content=\"Estimated reading time\" \/>\n\t<meta name=\"twitter:data2\" content=\"2 minutes\" \/>\n<script type=\"application\/ld+json\" class=\"yoast-schema-graph\">{\"@context\":\"https:\/\/schema.org\",\"@graph\":[{\"@type\":\"Article\",\"@id\":\"https:\/\/www.torreviejagastronomica.com\/miss-flamingo-y-la-aehtc-presentan-el-programa-gastronomico-sabores-de-torrevieja\/#article\",\"isPartOf\":{\"@id\":\"https:\/\/www.torreviejagastronomica.com\/miss-flamingo-y-la-aehtc-presentan-el-programa-gastronomico-sabores-de-torrevieja\/\"},\"author\":{\"name\":\"Asociaci\u00f3n de Empresas de Hosteler\u00eda de Torrevieja y Comarca\",\"@id\":\"https:\/\/www.torreviejagastronomica.com\/#\/schema\/person\/9e0116f808f941d46f9baadf5335f0a9\"},\"headline\":\"Miss Flamingo y la AEHTC presentan el Programa Gastron\u00f3mico \u201cSabores de Torrevieja\u201d\",\"datePublished\":\"2025-12-02T13:35:16+00:00\",\"dateModified\":\"2025-12-02T16:22:18+00:00\",\"mainEntityOfPage\":{\"@id\":\"https:\/\/www.torreviejagastronomica.com\/miss-flamingo-y-la-aehtc-presentan-el-programa-gastronomico-sabores-de-torrevieja\/\"},\"wordCount\":315,\"commentCount\":0,\"publisher\":{\"@id\":\"https:\/\/www.torreviejagastronomica.com\/#organization\"},\"image\":{\"@id\":\"https:\/\/www.torreviejagastronomica.com\/miss-flamingo-y-la-aehtc-presentan-el-programa-gastronomico-sabores-de-torrevieja\/#primaryimage\"},\"thumbnailUrl\":\"https:\/\/www.torreviejagastronomica.com\/wp-content\/uploads\/2025\/12\/IMAGENES-FIRMA-CONVENIO-AEHTC-MISS-FLAMINGO-en-tamano-grande.jpeg\",\"articleSection\":[\"Noticias\"],\"inLanguage\":\"en-GB\",\"potentialAction\":[{\"@type\":\"CommentAction\",\"name\":\"Comment\",\"target\":[\"https:\/\/www.torreviejagastronomica.com\/miss-flamingo-y-la-aehtc-presentan-el-programa-gastronomico-sabores-de-torrevieja\/#respond\"]}]},{\"@type\":\"WebPage\",\"@id\":\"https:\/\/www.torreviejagastronomica.com\/miss-flamingo-y-la-aehtc-presentan-el-programa-gastronomico-sabores-de-torrevieja\/\",\"url\":\"https:\/\/www.torreviejagastronomica.com\/miss-flamingo-y-la-aehtc-presentan-el-programa-gastronomico-sabores-de-torrevieja\/\",\"name\":\"Miss Flamingo y la AEHTC presentan el Programa Gastron\u00f3mico \u201cSabores de Torrevieja\u201d - Torrevieja Gastron\u00f3mica\",\"isPartOf\":{\"@id\":\"https:\/\/www.torreviejagastronomica.com\/#website\"},\"primaryImageOfPage\":{\"@id\":\"https:\/\/www.torreviejagastronomica.com\/miss-flamingo-y-la-aehtc-presentan-el-programa-gastronomico-sabores-de-torrevieja\/#primaryimage\"},\"image\":{\"@id\":\"https:\/\/www.torreviejagastronomica.com\/miss-flamingo-y-la-aehtc-presentan-el-programa-gastronomico-sabores-de-torrevieja\/#primaryimage\"},\"thumbnailUrl\":\"https:\/\/www.torreviejagastronomica.com\/wp-content\/uploads\/2025\/12\/IMAGENES-FIRMA-CONVENIO-AEHTC-MISS-FLAMINGO-en-tamano-grande.jpeg\",\"datePublished\":\"2025-12-02T13:35:16+00:00\",\"dateModified\":\"2025-12-02T16:22:18+00:00\",\"description\":\"Miss Flamingo y la AEHTC presentan el programa \u201cSabores de Torrevieja\u201d, una iniciativa para promocionar la gastronom\u00eda local con rutas, men\u00fas y experiencias que impulsan la hosteler\u00eda fuera de temporada.\",\"breadcrumb\":{\"@id\":\"https:\/\/www.torreviejagastronomica.com\/miss-flamingo-y-la-aehtc-presentan-el-programa-gastronomico-sabores-de-torrevieja\/#breadcrumb\"},\"inLanguage\":\"en-GB\",\"potentialAction\":[{\"@type\":\"ReadAction\",\"target\":[\"https:\/\/www.torreviejagastronomica.com\/miss-flamingo-y-la-aehtc-presentan-el-programa-gastronomico-sabores-de-torrevieja\/\"]}]},{\"@type\":\"ImageObject\",\"inLanguage\":\"en-GB\",\"@id\":\"https:\/\/www.torreviejagastronomica.com\/miss-flamingo-y-la-aehtc-presentan-el-programa-gastronomico-sabores-de-torrevieja\/#primaryimage\",\"url\":\"https:\/\/www.torreviejagastronomica.com\/wp-content\/uploads\/2025\/12\/IMAGENES-FIRMA-CONVENIO-AEHTC-MISS-FLAMINGO-en-tamano-grande.jpeg\",\"contentUrl\":\"https:\/\/www.torreviejagastronomica.com\/wp-content\/uploads\/2025\/12\/IMAGENES-FIRMA-CONVENIO-AEHTC-MISS-FLAMINGO-en-tamano-grande.jpeg\",\"width\":1280,\"height\":960},{\"@type\":\"BreadcrumbList\",\"@id\":\"https:\/\/www.torreviejagastronomica.com\/miss-flamingo-y-la-aehtc-presentan-el-programa-gastronomico-sabores-de-torrevieja\/#breadcrumb\",\"itemListElement\":[{\"@type\":\"ListItem\",\"position\":1,\"name\":\"Portada\",\"item\":\"https:\/\/www.torreviejagastronomica.com\/\"},{\"@type\":\"ListItem\",\"position\":2,\"name\":\"Miss Flamingo y la AEHTC presentan el Programa Gastron\u00f3mico \u201cSabores de Torrevieja\u201d\"}]},{\"@type\":\"WebSite\",\"@id\":\"https:\/\/www.torreviejagastronomica.com\/#website\",\"url\":\"https:\/\/www.torreviejagastronomica.com\/\",\"name\":\"Torrevieja Gastron\u00f3mica\",\"description\":\"Asociaci\u00f3n Hosteler\u00eda Torrevieja y Comarca\",\"publisher\":{\"@id\":\"https:\/\/www.torreviejagastronomica.com\/#organization\"},\"potentialAction\":[{\"@type\":\"SearchAction\",\"target\":{\"@type\":\"EntryPoint\",\"urlTemplate\":\"https:\/\/www.torreviejagastronomica.com\/?s={search_term_string}\"},\"query-input\":{\"@type\":\"PropertyValueSpecification\",\"valueRequired\":true,\"valueName\":\"search_term_string\"}}],\"inLanguage\":\"en-GB\"},{\"@type\":\"Organization\",\"@id\":\"https:\/\/www.torreviejagastronomica.com\/#organization\",\"name\":\"Torrevieja Gastron\u00f3mica\",\"url\":\"https:\/\/www.torreviejagastronomica.com\/\",\"logo\":{\"@type\":\"ImageObject\",\"inLanguage\":\"en-GB\",\"@id\":\"https:\/\/www.torreviejagastronomica.com\/#\/schema\/logo\/image\/\",\"url\":\"https:\/\/www.torreviejagastronomica.com\/wp-content\/uploads\/2023\/09\/Logo-Torrevieja-Gastronomica.png\",\"contentUrl\":\"https:\/\/www.torreviejagastronomica.com\/wp-content\/uploads\/2023\/09\/Logo-Torrevieja-Gastronomica.png\",\"width\":350,\"height\":100,\"caption\":\"Torrevieja Gastron\u00f3mica\"},\"image\":{\"@id\":\"https:\/\/www.torreviejagastronomica.com\/#\/schema\/logo\/image\/\"}},{\"@type\":\"Person\",\"@id\":\"https:\/\/www.torreviejagastronomica.com\/#\/schema\/person\/9e0116f808f941d46f9baadf5335f0a9\",\"name\":\"Asociaci\u00f3n de Empresas de Hosteler\u00eda de Torrevieja y Comarca\",\"image\":{\"@type\":\"ImageObject\",\"inLanguage\":\"en-GB\",\"@id\":\"https:\/\/www.torreviejagastronomica.com\/#\/schema\/person\/image\/\",\"url\":\"https:\/\/secure.gravatar.com\/avatar\/32ba6ba6e685fc061412a65c4a8a8b6caaf6d90d0985a737a4015d36e84d2d1f?s=96&d=mm&r=g\",\"contentUrl\":\"https:\/\/secure.gravatar.com\/avatar\/32ba6ba6e685fc061412a65c4a8a8b6caaf6d90d0985a737a4015d36e84d2d1f?s=96&d=mm&r=g\",\"caption\":\"Asociaci\u00f3n de Empresas de Hosteler\u00eda de Torrevieja y Comarca\"},\"url\":\"https:\/\/www.torreviejagastronomica.com\/en\/author\/hosteleria\/\"}]}<\/script>\n<!-- \/ Yoast SEO plugin. -->","yoast_head_json":{"title":"Miss Flamingo y la AEHTC presentan el Programa Gastron\u00f3mico \u201cSabores de Torrevieja\u201d - Torrevieja Gastron\u00f3mica","description":"Miss Flamingo y la AEHTC presentan el programa \u201cSabores de Torrevieja\u201d, una iniciativa para promocionar la gastronom\u00eda local con rutas, men\u00fas y experiencias que impulsan la hosteler\u00eda fuera de temporada.","robots":{"index":"index","follow":"follow","max-snippet":"max-snippet:-1","max-image-preview":"max-image-preview:large","max-video-preview":"max-video-preview:-1"},"canonical":"https:\/\/www.torreviejagastronomica.com\/en\/miss-flamingo-y-la-aehtc-presentan-el-programa-gastronomico-sabores-de-torrevieja\/","og_locale":"en_GB","og_type":"article","og_title":"Miss Flamingo y la AEHTC presentan el Programa Gastron\u00f3mico \u201cSabores de Torrevieja\u201d - Torrevieja Gastron\u00f3mica","og_description":"Miss Flamingo y la AEHTC presentan el programa \u201cSabores de Torrevieja\u201d, una iniciativa para promocionar la gastronom\u00eda local con rutas, men\u00fas y experiencias que impulsan la hosteler\u00eda fuera de temporada.","og_url":"https:\/\/www.torreviejagastronomica.com\/en\/miss-flamingo-y-la-aehtc-presentan-el-programa-gastronomico-sabores-de-torrevieja\/","og_site_name":"Torrevieja Gastron\u00f3mica","article_published_time":"2025-12-02T13:35:16+00:00","article_modified_time":"2025-12-02T16:22:18+00:00","og_image":[{"width":1280,"height":960,"url":"https:\/\/www.torreviejagastronomica.com\/wp-content\/uploads\/2025\/12\/IMAGENES-FIRMA-CONVENIO-AEHTC-MISS-FLAMINGO-en-tamano-grande.jpeg","type":"image\/jpeg"}],"author":"Asociaci\u00f3n de Empresas de Hosteler\u00eda de Torrevieja y Comarca","twitter_card":"summary_large_image","twitter_misc":{"Written by":"Asociaci\u00f3n de Empresas de Hosteler\u00eda de Torrevieja y Comarca","Estimated reading time":"2 minutes"},"schema":{"@context":"https:\/\/schema.org","@graph":[{"@type":"Article","@id":"https:\/\/www.torreviejagastronomica.com\/miss-flamingo-y-la-aehtc-presentan-el-programa-gastronomico-sabores-de-torrevieja\/#article","isPartOf":{"@id":"https:\/\/www.torreviejagastronomica.com\/miss-flamingo-y-la-aehtc-presentan-el-programa-gastronomico-sabores-de-torrevieja\/"},"author":{"name":"Asociaci\u00f3n de Empresas de Hosteler\u00eda de Torrevieja y Comarca","@id":"https:\/\/www.torreviejagastronomica.com\/#\/schema\/person\/9e0116f808f941d46f9baadf5335f0a9"},"headline":"Miss Flamingo y la AEHTC presentan el Programa Gastron\u00f3mico \u201cSabores de Torrevieja\u201d","datePublished":"2025-12-02T13:35:16+00:00","dateModified":"2025-12-02T16:22:18+00:00","mainEntityOfPage":{"@id":"https:\/\/www.torreviejagastronomica.com\/miss-flamingo-y-la-aehtc-presentan-el-programa-gastronomico-sabores-de-torrevieja\/"},"wordCount":315,"commentCount":0,"publisher":{"@id":"https:\/\/www.torreviejagastronomica.com\/#organization"},"image":{"@id":"https:\/\/www.torreviejagastronomica.com\/miss-flamingo-y-la-aehtc-presentan-el-programa-gastronomico-sabores-de-torrevieja\/#primaryimage"},"thumbnailUrl":"https:\/\/www.torreviejagastronomica.com\/wp-content\/uploads\/2025\/12\/IMAGENES-FIRMA-CONVENIO-AEHTC-MISS-FLAMINGO-en-tamano-grande.jpeg","articleSection":["Noticias"],"inLanguage":"en-GB","potentialAction":[{"@type":"CommentAction","name":"Comment","target":["https:\/\/www.torreviejagastronomica.com\/miss-flamingo-y-la-aehtc-presentan-el-programa-gastronomico-sabores-de-torrevieja\/#respond"]}]},{"@type":"WebPage","@id":"https:\/\/www.torreviejagastronomica.com\/miss-flamingo-y-la-aehtc-presentan-el-programa-gastronomico-sabores-de-torrevieja\/","url":"https:\/\/www.torreviejagastronomica.com\/miss-flamingo-y-la-aehtc-presentan-el-programa-gastronomico-sabores-de-torrevieja\/","name":"Miss Flamingo y la AEHTC presentan el Programa Gastron\u00f3mico \u201cSabores de Torrevieja\u201d - Torrevieja Gastron\u00f3mica","isPartOf":{"@id":"https:\/\/www.torreviejagastronomica.com\/#website"},"primaryImageOfPage":{"@id":"https:\/\/www.torreviejagastronomica.com\/miss-flamingo-y-la-aehtc-presentan-el-programa-gastronomico-sabores-de-torrevieja\/#primaryimage"},"image":{"@id":"https:\/\/www.torreviejagastronomica.com\/miss-flamingo-y-la-aehtc-presentan-el-programa-gastronomico-sabores-de-torrevieja\/#primaryimage"},"thumbnailUrl":"https:\/\/www.torreviejagastronomica.com\/wp-content\/uploads\/2025\/12\/IMAGENES-FIRMA-CONVENIO-AEHTC-MISS-FLAMINGO-en-tamano-grande.jpeg","datePublished":"2025-12-02T13:35:16+00:00","dateModified":"2025-12-02T16:22:18+00:00","description":"Miss Flamingo y la AEHTC presentan el programa \u201cSabores de Torrevieja\u201d, una iniciativa para promocionar la gastronom\u00eda local con rutas, men\u00fas y experiencias que impulsan la hosteler\u00eda fuera de temporada.","breadcrumb":{"@id":"https:\/\/www.torreviejagastronomica.com\/miss-flamingo-y-la-aehtc-presentan-el-programa-gastronomico-sabores-de-torrevieja\/#breadcrumb"},"inLanguage":"en-GB","potentialAction":[{"@type":"ReadAction","target":["https:\/\/www.torreviejagastronomica.com\/miss-flamingo-y-la-aehtc-presentan-el-programa-gastronomico-sabores-de-torrevieja\/"]}]},{"@type":"ImageObject","inLanguage":"en-GB","@id":"https:\/\/www.torreviejagastronomica.com\/miss-flamingo-y-la-aehtc-presentan-el-programa-gastronomico-sabores-de-torrevieja\/#primaryimage","url":"https:\/\/www.torreviejagastronomica.com\/wp-content\/uploads\/2025\/12\/IMAGENES-FIRMA-CONVENIO-AEHTC-MISS-FLAMINGO-en-tamano-grande.jpeg","contentUrl":"https:\/\/www.torreviejagastronomica.com\/wp-content\/uploads\/2025\/12\/IMAGENES-FIRMA-CONVENIO-AEHTC-MISS-FLAMINGO-en-tamano-grande.jpeg","width":1280,"height":960},{"@type":"BreadcrumbList","@id":"https:\/\/www.torreviejagastronomica.com\/miss-flamingo-y-la-aehtc-presentan-el-programa-gastronomico-sabores-de-torrevieja\/#breadcrumb","itemListElement":[{"@type":"ListItem","position":1,"name":"Portada","item":"https:\/\/www.torreviejagastronomica.com\/"},{"@type":"ListItem","position":2,"name":"Miss Flamingo y la AEHTC presentan el Programa Gastron\u00f3mico \u201cSabores de Torrevieja\u201d"}]},{"@type":"WebSite","@id":"https:\/\/www.torreviejagastronomica.com\/#website","url":"https:\/\/www.torreviejagastronomica.com\/","name":"Torrevieja Gastron\u00f3mica","description":"Asociaci\u00f3n Hosteler\u00eda Torrevieja y Comarca","publisher":{"@id":"https:\/\/www.torreviejagastronomica.com\/#organization"},"potentialAction":[{"@type":"SearchAction","target":{"@type":"EntryPoint","urlTemplate":"https:\/\/www.torreviejagastronomica.com\/?s={search_term_string}"},"query-input":{"@type":"PropertyValueSpecification","valueRequired":true,"valueName":"search_term_string"}}],"inLanguage":"en-GB"},{"@type":"Organization","@id":"https:\/\/www.torreviejagastronomica.com\/#organization","name":"Torrevieja Gastron\u00f3mica","url":"https:\/\/www.torreviejagastronomica.com\/","logo":{"@type":"ImageObject","inLanguage":"en-GB","@id":"https:\/\/www.torreviejagastronomica.com\/#\/schema\/logo\/image\/","url":"https:\/\/www.torreviejagastronomica.com\/wp-content\/uploads\/2023\/09\/Logo-Torrevieja-Gastronomica.png","contentUrl":"https:\/\/www.torreviejagastronomica.com\/wp-content\/uploads\/2023\/09\/Logo-Torrevieja-Gastronomica.png","width":350,"height":100,"caption":"Torrevieja Gastron\u00f3mica"},"image":{"@id":"https:\/\/www.torreviejagastronomica.com\/#\/schema\/logo\/image\/"}},{"@type":"Person","@id":"https:\/\/www.torreviejagastronomica.com\/#\/schema\/person\/9e0116f808f941d46f9baadf5335f0a9","name":"Asociaci\u00f3n de Empresas de Hosteler\u00eda de Torrevieja y Comarca","image":{"@type":"ImageObject","inLanguage":"en-GB","@id":"https:\/\/www.torreviejagastronomica.com\/#\/schema\/person\/image\/","url":"https:\/\/secure.gravatar.com\/avatar\/32ba6ba6e685fc061412a65c4a8a8b6caaf6d90d0985a737a4015d36e84d2d1f?s=96&d=mm&r=g","contentUrl":"https:\/\/secure.gravatar.com\/avatar\/32ba6ba6e685fc061412a65c4a8a8b6caaf6d90d0985a737a4015d36e84d2d1f?s=96&d=mm&r=g","caption":"Asociaci\u00f3n de Empresas de Hosteler\u00eda de Torrevieja y Comarca"},"url":"https:\/\/www.torreviejagastronomica.com\/en\/author\/hosteleria\/"}]}},"_links":{"self":[{"href":"https:\/\/www.torreviejagastronomica.com\/en\/wp-json\/wp\/v2\/posts\/7555","targetHints":{"allow":["GET"]}}],"collection":[{"href":"https:\/\/www.torreviejagastronomica.com\/en\/wp-json\/wp\/v2\/posts"}],"about":[{"href":"https:\/\/www.torreviejagastronomica.com\/en\/wp-json\/wp\/v2\/types\/post"}],"author":[{"embeddable":true,"href":"https:\/\/www.torreviejagastronomica.com\/en\/wp-json\/wp\/v2\/users\/4"}],"replies":[{"embeddable":true,"href":"https:\/\/www.torreviejagastronomica.com\/en\/wp-json\/wp\/v2\/comments?post=7555"}],"version-history":[{"count":1,"href":"https:\/\/www.torreviejagastronomica.com\/en\/wp-json\/wp\/v2\/posts\/7555\/revisions"}],"predecessor-version":[{"id":7557,"href":"https:\/\/www.torreviejagastronomica.com\/en\/wp-json\/wp\/v2\/posts\/7555\/revisions\/7557"}],"wp:featuredmedia":[{"embeddable":true,"href":"https:\/\/www.torreviejagastronomica.com\/en\/wp-json\/wp\/v2\/media\/7556"}],"wp:attachment":[{"href":"https:\/\/www.torreviejagastronomica.com\/en\/wp-json\/wp\/v2\/media?parent=7555"}],"wp:term":[{"taxonomy":"category","embeddable":true,"href":"https:\/\/www.torreviejagastronomica.com\/en\/wp-json\/wp\/v2\/categories?post=7555"},{"taxonomy":"post_tag","embeddable":true,"href":"https:\/\/www.torreviejagastronomica.com\/en\/wp-json\/wp\/v2\/tags?post=7555"}],"curies":[{"name":"wp","href":"https:\/\/api.w.org\/{rel}","templated":true}]}}