{"id":7536,"date":"2025-11-12T18:12:09","date_gmt":"2025-11-12T17:12:09","guid":{"rendered":"https:\/\/www.torreviejagastronomica.com\/?p=7536"},"modified":"2025-11-12T18:12:11","modified_gmt":"2025-11-12T17:12:11","slug":"instrucciones-para-dar-de-alta-tu-establecimiento-para-campana-bono-consumo-torrevieja","status":"publish","type":"post","link":"https:\/\/www.torreviejagastronomica.com\/en\/instrucciones-para-dar-de-alta-tu-establecimiento-para-campana-bono-consumo-torrevieja\/","title":{"rendered":"Instructions for registering your establishment for the Torrevieja Consumer Voucher campaign"},"content":{"rendered":"<p>We would like to inform you that, from&nbsp;<strong>24 November to 31 December<\/strong>will be carried out in&nbsp;<strong>new edition of the Bono Consumo Torrevieja campaign<\/strong>.<\/p>\n\n\n\n<p>Here are the details of the&nbsp;<strong>instructions and requirements<\/strong>&nbsp;you should take into account in order to participate in this new call for applications.<\/p>\n\n\n\n<p><strong>How do I register?<\/strong><\/p>\n\n\n\n<p>Visit the website&nbsp;<a href=\"https:\/\/torrevieja.bonoconsumo.es\/#\/es\/altas\" target=\"_blank\" rel=\"noreferrer noopener\">https:\/\/torrevieja.bonoconsumo.es\/#\/es\/altas<\/a>&nbsp;a<strong>&nbsp;from today, Wednesday 12 November<\/strong>&nbsp;<\/p>\n\n\n\n<p><strong>What documentation do I need to provide?<\/strong><\/p>\n\n\n\n<p>In addition to the usual data: business name, company name, VAT number, etc. You will have to attach 3 files.<\/p>\n\n\n\n<p>1. Image of the establishment.<\/p>\n\n\n\n<p>2. Certificate of ownership of the bank account where you want us to make the settlements.<\/p>\n\n\n\n<p>3. IAE certificate with the epigraph of the activity in which your establishment is registered and authorised to participate. A certificate from the AEAT or a form 036 with the IAE in question will do.&nbsp;<strong>Please send the complete document and not individual sheets.<\/strong><\/p>\n\n\n\n<p><strong>My IAE does not appear on the list<\/strong><\/p>\n\n\n\n<p>Check that your IAE is included in the admitted epigraphs:&nbsp;<a href=\"https:\/\/torrevieja.bonoconsumo.es\/pdf\/iae.pdf\" target=\"_blank\" rel=\"noreferrer noopener\">https:\/\/torrevieja.bonoconsumo.es\/pdf\/iae.pdf<\/a><\/p>\n\n\n\n<p><strong>I have already registered. Is there anything else I need to do?<\/strong><\/p>\n\n\n\n<p>They will review your application and if the details are correct you will receive an email with your login credentials. If there is anything that needs to be corrected, they will contact you and tell you how to proceed. If your establishment does not meet the conditions of participation you will receive an email informing you that you have not been authorised to participate in the campaign.<\/p>\n\n\n\n<p><strong>I have already received my credentials, what should I do?<\/strong><\/p>\n\n\n\n<p>Once they have validated your participation and you have received your credentials, you will be able to login from&nbsp;<a href=\"https:\/\/torrevieja.bonoconsumo.es\/#\/es\/admin\" target=\"_blank\" rel=\"noreferrer noopener\">https:\/\/torrevieja.bonoconsumo.es\/#\/es\/admin<\/a><\/p>\n\n\n\n<p><strong>If you have already participated in previous editions, it is essential that you delete cookies and browsing data in your web browser first (explanation at the end).<\/strong>&nbsp;If you get an error message \"Agent not logged in\", you probably have saved the credentials from the previous campaign and you are trying to log in with them. If you do not know how to do this, seek assistance from an IT technician. It is a quick procedure that will not take you more than 1 minute.<\/p>\n\n\n\n<p>Finally, you will have to enter the 4 fields you received by email in the login form<\/p>\n\n\n\n<p>\u00b7\u00a0\u00a0Canal<\/p>\n\n\n\n<p>\u00b7\u00a0\u00a0Terminal<\/p>\n\n\n\n<p>- User<\/p>\n\n\n\n<p>- Key<\/p>\n\n\n\n<figure class=\"wp-block-image size-full\"><img fetchpriority=\"high\" decoding=\"async\" width=\"519\" height=\"410\" src=\"https:\/\/www.torreviejagastronomica.com\/wp-content\/uploads\/2025\/11\/image006.png\" alt=\"\" class=\"wp-image-7537\" srcset=\"https:\/\/www.torreviejagastronomica.com\/wp-content\/uploads\/2025\/11\/image006.png 519w, https:\/\/www.torreviejagastronomica.com\/wp-content\/uploads\/2025\/11\/image006-300x237.png 300w, https:\/\/www.torreviejagastronomica.com\/wp-content\/uploads\/2025\/11\/image006-15x12.png 15w\" sizes=\"(max-width: 519px) 100vw, 519px\" \/><\/figure>\n\n\n\n<p>It is advisable to use the copy and paste option on your device to collect the data you have received in the email with your credentials and thus ensure 100% that the data you enter in the form are correct. If you enter any data incorrectly, you will receive the error \"026 the data entered are not correct\" and, after several unsuccessful attempts, a block of one hour with another error code. The 761.<\/p>\n\n\n\n<figure class=\"wp-block-image size-full\"><img decoding=\"async\" width=\"519\" height=\"422\" src=\"https:\/\/www.torreviejagastronomica.com\/wp-content\/uploads\/2025\/11\/image007.png\" alt=\"\" class=\"wp-image-7538\" srcset=\"https:\/\/www.torreviejagastronomica.com\/wp-content\/uploads\/2025\/11\/image007.png 519w, https:\/\/www.torreviejagastronomica.com\/wp-content\/uploads\/2025\/11\/image007-300x244.png 300w, https:\/\/www.torreviejagastronomica.com\/wp-content\/uploads\/2025\/11\/image007-15x12.png 15w\" sizes=\"(max-width: 519px) 100vw, 519px\" \/><\/figure>\n\n\n\n<p>Remember that if you have any questions you can contact:<\/p>\n\n\n\n<p><a href=\"mailto:soporte@bonoconsumo.net\" target=\"_blank\" rel=\"noreferrer noopener\">soporte@bonoconsumo.net<\/a><\/p>\n\n\n\n<p><a href=\"mailto:soporte.apymeco@gmail.com\" target=\"_blank\" rel=\"noreferrer noopener\">soporte.apymeco@gmail.com<\/a><\/p>\n\n\n\n<p><strong>We encourage you to participate in this new edition of Bono Consumo!<\/strong><\/p>\n\n\n\n<p><strong>Instructions for removing the<\/strong>cookies&nbsp;<strong><u>Google Chrome<\/u><\/strong>:<\/p>\n\n\n\n<p><strong>STEP 1:<\/strong>&nbsp;Open the following link:&nbsp;<a href=\"chrome:\/\/settings\/clearBrowserData\">chrome:\/\/settings\/clearBrowserData<\/a><\/p>\n\n\n\n<p><strong>STEP 2:\u00a0<\/strong>Brand \"Since ever\".<\/p>\n\n\n\n<p><br><\/p>\n\n\n\n<figure class=\"wp-block-image size-full\"><img decoding=\"async\" width=\"542\" height=\"213\" src=\"https:\/\/www.torreviejagastronomica.com\/wp-content\/uploads\/2025\/11\/image008.jpg\" alt=\"\" class=\"wp-image-7539\" srcset=\"https:\/\/www.torreviejagastronomica.com\/wp-content\/uploads\/2025\/11\/image008.jpg 542w, https:\/\/www.torreviejagastronomica.com\/wp-content\/uploads\/2025\/11\/image008-300x118.jpg 300w, https:\/\/www.torreviejagastronomica.com\/wp-content\/uploads\/2025\/11\/image008-18x7.jpg 18w\" sizes=\"(max-width: 542px) 100vw, 542px\" \/><\/figure>\n\n\n\n<p><strong>STEP 3:<\/strong>\u00a0Select only \"Cookies and other site data\" + \"Site settings\". Leave the other options unchecked.<\/p>\n\n\n\n<figure class=\"wp-block-image size-full\"><img loading=\"lazy\" decoding=\"async\" width=\"542\" height=\"430\" src=\"https:\/\/www.torreviejagastronomica.com\/wp-content\/uploads\/2025\/11\/image009.jpg\" alt=\"\" class=\"wp-image-7540\" srcset=\"https:\/\/www.torreviejagastronomica.com\/wp-content\/uploads\/2025\/11\/image009.jpg 542w, https:\/\/www.torreviejagastronomica.com\/wp-content\/uploads\/2025\/11\/image009-300x238.jpg 300w, https:\/\/www.torreviejagastronomica.com\/wp-content\/uploads\/2025\/11\/image009-15x12.jpg 15w\" sizes=\"(max-width: 542px) 100vw, 542px\" \/><\/figure>\n\n\n\n<p><strong>STEP 4:\u00a0<\/strong>Click on \"Delete data\".<\/p>\n\n\n\n<figure class=\"wp-block-image size-full\"><img loading=\"lazy\" decoding=\"async\" width=\"475\" height=\"542\" src=\"https:\/\/www.torreviejagastronomica.com\/wp-content\/uploads\/2025\/11\/image010.jpg\" alt=\"\" class=\"wp-image-7541\" srcset=\"https:\/\/www.torreviejagastronomica.com\/wp-content\/uploads\/2025\/11\/image010.jpg 475w, https:\/\/www.torreviejagastronomica.com\/wp-content\/uploads\/2025\/11\/image010-263x300.jpg 263w, https:\/\/www.torreviejagastronomica.com\/wp-content\/uploads\/2025\/11\/image010-11x12.jpg 11w\" sizes=\"(max-width: 475px) 100vw, 475px\" \/><\/figure>\n\n\n\n<p>Now, when you access the login form for establishments, you should see the form with the 4 fields ready to enter data:<\/p>\n\n\n\n<p><a href=\"https:\/\/torrevieja.bonoconsumo.es\/#\/es\/admin\">https:\/\/torrevieja.bonoconsumo.es\/#\/es\/admin<\/a><\/p>\n\n\n\n<figure class=\"wp-block-image size-full\"><img loading=\"lazy\" decoding=\"async\" width=\"542\" height=\"145\" src=\"https:\/\/www.torreviejagastronomica.com\/wp-content\/uploads\/2025\/11\/image011.jpg\" alt=\"\" class=\"wp-image-7542\" srcset=\"https:\/\/www.torreviejagastronomica.com\/wp-content\/uploads\/2025\/11\/image011.jpg 542w, https:\/\/www.torreviejagastronomica.com\/wp-content\/uploads\/2025\/11\/image011-300x80.jpg 300w, https:\/\/www.torreviejagastronomica.com\/wp-content\/uploads\/2025\/11\/image011-18x5.jpg 18w\" sizes=\"(max-width: 542px) 100vw, 542px\" \/><\/figure>\n\n\n\n<p><\/p>","protected":false},"excerpt":{"rendered":"<p>24 November to 31 December, a new edition of the Bono Consumo Torrevieja campaign will take place.<\/p>","protected":false},"author":4,"featured_media":7543,"comment_status":"open","ping_status":"open","sticky":false,"template":"","format":"standard","meta":{"footnotes":""},"categories":[7],"tags":[],"class_list":["post-7536","post","type-post","status-publish","format-standard","has-post-thumbnail","hentry","category-noticias"],"yoast_head":"<!-- This site is optimized with the Yoast SEO plugin v25.7 - https:\/\/yoast.com\/wordpress\/plugins\/seo\/ -->\n<title>Instrucciones para dar de alta tu establecimiento para campa\u00f1a Bono Consumo Torrevieja - Torrevieja Gastron\u00f3mica<\/title>\n<meta name=\"robots\" content=\"index, follow, max-snippet:-1, max-image-preview:large, max-video-preview:-1\" \/>\n<link rel=\"canonical\" href=\"https:\/\/www.torreviejagastronomica.com\/en\/instrucciones-para-dar-de-alta-tu-establecimiento-para-campana-bono-consumo-torrevieja\/\" \/>\n<meta property=\"og:locale\" content=\"en_GB\" \/>\n<meta property=\"og:type\" content=\"article\" \/>\n<meta property=\"og:title\" content=\"Instrucciones para dar de alta tu establecimiento para campa\u00f1a Bono Consumo Torrevieja - Torrevieja Gastron\u00f3mica\" \/>\n<meta property=\"og:description\" content=\"24 de noviembre al 31 de diciembre, se llevar\u00e1 a cabo una\u00a0nueva edici\u00f3n de la campa\u00f1a Bono Consumo Torrevieja.\" \/>\n<meta property=\"og:url\" content=\"https:\/\/www.torreviejagastronomica.com\/en\/instrucciones-para-dar-de-alta-tu-establecimiento-para-campana-bono-consumo-torrevieja\/\" \/>\n<meta property=\"og:site_name\" content=\"Torrevieja Gastron\u00f3mica\" \/>\n<meta property=\"article:published_time\" content=\"2025-11-12T17:12:09+00:00\" \/>\n<meta property=\"article:modified_time\" content=\"2025-11-12T17:12:11+00:00\" \/>\n<meta property=\"og:image\" content=\"https:\/\/www.torreviejagastronomica.com\/wp-content\/uploads\/2025\/11\/FORMATO-WEB.jpg\" \/>\n\t<meta property=\"og:image:width\" content=\"2101\" \/>\n\t<meta property=\"og:image:height\" content=\"945\" \/>\n\t<meta property=\"og:image:type\" content=\"image\/jpeg\" \/>\n<meta name=\"author\" content=\"Asociaci\u00f3n de Empresas de Hosteler\u00eda de Torrevieja y Comarca\" \/>\n<meta name=\"twitter:card\" content=\"summary_large_image\" \/>\n<meta name=\"twitter:label1\" content=\"Written by\" \/>\n\t<meta name=\"twitter:data1\" content=\"Asociaci\u00f3n de Empresas de Hosteler\u00eda de Torrevieja y Comarca\" \/>\n\t<meta name=\"twitter:label2\" content=\"Estimated reading time\" \/>\n\t<meta name=\"twitter:data2\" content=\"4 minutes\" \/>\n<script type=\"application\/ld+json\" class=\"yoast-schema-graph\">{\"@context\":\"https:\/\/schema.org\",\"@graph\":[{\"@type\":\"Article\",\"@id\":\"https:\/\/www.torreviejagastronomica.com\/instrucciones-para-dar-de-alta-tu-establecimiento-para-campana-bono-consumo-torrevieja\/#article\",\"isPartOf\":{\"@id\":\"https:\/\/www.torreviejagastronomica.com\/instrucciones-para-dar-de-alta-tu-establecimiento-para-campana-bono-consumo-torrevieja\/\"},\"author\":{\"name\":\"Asociaci\u00f3n de Empresas de Hosteler\u00eda de Torrevieja y Comarca\",\"@id\":\"https:\/\/www.torreviejagastronomica.com\/#\/schema\/person\/9e0116f808f941d46f9baadf5335f0a9\"},\"headline\":\"Instrucciones para dar de alta tu establecimiento para campa\u00f1a Bono Consumo Torrevieja\",\"datePublished\":\"2025-11-12T17:12:09+00:00\",\"dateModified\":\"2025-11-12T17:12:11+00:00\",\"mainEntityOfPage\":{\"@id\":\"https:\/\/www.torreviejagastronomica.com\/instrucciones-para-dar-de-alta-tu-establecimiento-para-campana-bono-consumo-torrevieja\/\"},\"wordCount\":614,\"commentCount\":0,\"publisher\":{\"@id\":\"https:\/\/www.torreviejagastronomica.com\/#organization\"},\"image\":{\"@id\":\"https:\/\/www.torreviejagastronomica.com\/instrucciones-para-dar-de-alta-tu-establecimiento-para-campana-bono-consumo-torrevieja\/#primaryimage\"},\"thumbnailUrl\":\"https:\/\/www.torreviejagastronomica.com\/wp-content\/uploads\/2025\/11\/FORMATO-WEB.jpg\",\"articleSection\":[\"Noticias\"],\"inLanguage\":\"en-GB\",\"potentialAction\":[{\"@type\":\"CommentAction\",\"name\":\"Comment\",\"target\":[\"https:\/\/www.torreviejagastronomica.com\/instrucciones-para-dar-de-alta-tu-establecimiento-para-campana-bono-consumo-torrevieja\/#respond\"]}]},{\"@type\":\"WebPage\",\"@id\":\"https:\/\/www.torreviejagastronomica.com\/instrucciones-para-dar-de-alta-tu-establecimiento-para-campana-bono-consumo-torrevieja\/\",\"url\":\"https:\/\/www.torreviejagastronomica.com\/instrucciones-para-dar-de-alta-tu-establecimiento-para-campana-bono-consumo-torrevieja\/\",\"name\":\"Instrucciones para dar de alta tu establecimiento para campa\u00f1a Bono Consumo Torrevieja - Torrevieja Gastron\u00f3mica\",\"isPartOf\":{\"@id\":\"https:\/\/www.torreviejagastronomica.com\/#website\"},\"primaryImageOfPage\":{\"@id\":\"https:\/\/www.torreviejagastronomica.com\/instrucciones-para-dar-de-alta-tu-establecimiento-para-campana-bono-consumo-torrevieja\/#primaryimage\"},\"image\":{\"@id\":\"https:\/\/www.torreviejagastronomica.com\/instrucciones-para-dar-de-alta-tu-establecimiento-para-campana-bono-consumo-torrevieja\/#primaryimage\"},\"thumbnailUrl\":\"https:\/\/www.torreviejagastronomica.com\/wp-content\/uploads\/2025\/11\/FORMATO-WEB.jpg\",\"datePublished\":\"2025-11-12T17:12:09+00:00\",\"dateModified\":\"2025-11-12T17:12:11+00:00\",\"breadcrumb\":{\"@id\":\"https:\/\/www.torreviejagastronomica.com\/instrucciones-para-dar-de-alta-tu-establecimiento-para-campana-bono-consumo-torrevieja\/#breadcrumb\"},\"inLanguage\":\"en-GB\",\"potentialAction\":[{\"@type\":\"ReadAction\",\"target\":[\"https:\/\/www.torreviejagastronomica.com\/instrucciones-para-dar-de-alta-tu-establecimiento-para-campana-bono-consumo-torrevieja\/\"]}]},{\"@type\":\"ImageObject\",\"inLanguage\":\"en-GB\",\"@id\":\"https:\/\/www.torreviejagastronomica.com\/instrucciones-para-dar-de-alta-tu-establecimiento-para-campana-bono-consumo-torrevieja\/#primaryimage\",\"url\":\"https:\/\/www.torreviejagastronomica.com\/wp-content\/uploads\/2025\/11\/FORMATO-WEB.jpg\",\"contentUrl\":\"https:\/\/www.torreviejagastronomica.com\/wp-content\/uploads\/2025\/11\/FORMATO-WEB.jpg\",\"width\":2101,\"height\":945},{\"@type\":\"BreadcrumbList\",\"@id\":\"https:\/\/www.torreviejagastronomica.com\/instrucciones-para-dar-de-alta-tu-establecimiento-para-campana-bono-consumo-torrevieja\/#breadcrumb\",\"itemListElement\":[{\"@type\":\"ListItem\",\"position\":1,\"name\":\"Portada\",\"item\":\"https:\/\/www.torreviejagastronomica.com\/\"},{\"@type\":\"ListItem\",\"position\":2,\"name\":\"Instrucciones para dar de alta tu establecimiento para campa\u00f1a Bono Consumo Torrevieja\"}]},{\"@type\":\"WebSite\",\"@id\":\"https:\/\/www.torreviejagastronomica.com\/#website\",\"url\":\"https:\/\/www.torreviejagastronomica.com\/\",\"name\":\"Torrevieja Gastron\u00f3mica\",\"description\":\"Asociaci\u00f3n Hosteler\u00eda Torrevieja y Comarca\",\"publisher\":{\"@id\":\"https:\/\/www.torreviejagastronomica.com\/#organization\"},\"potentialAction\":[{\"@type\":\"SearchAction\",\"target\":{\"@type\":\"EntryPoint\",\"urlTemplate\":\"https:\/\/www.torreviejagastronomica.com\/?s={search_term_string}\"},\"query-input\":{\"@type\":\"PropertyValueSpecification\",\"valueRequired\":true,\"valueName\":\"search_term_string\"}}],\"inLanguage\":\"en-GB\"},{\"@type\":\"Organization\",\"@id\":\"https:\/\/www.torreviejagastronomica.com\/#organization\",\"name\":\"Torrevieja Gastron\u00f3mica\",\"url\":\"https:\/\/www.torreviejagastronomica.com\/\",\"logo\":{\"@type\":\"ImageObject\",\"inLanguage\":\"en-GB\",\"@id\":\"https:\/\/www.torreviejagastronomica.com\/#\/schema\/logo\/image\/\",\"url\":\"https:\/\/www.torreviejagastronomica.com\/wp-content\/uploads\/2023\/09\/Logo-Torrevieja-Gastronomica.png\",\"contentUrl\":\"https:\/\/www.torreviejagastronomica.com\/wp-content\/uploads\/2023\/09\/Logo-Torrevieja-Gastronomica.png\",\"width\":350,\"height\":100,\"caption\":\"Torrevieja Gastron\u00f3mica\"},\"image\":{\"@id\":\"https:\/\/www.torreviejagastronomica.com\/#\/schema\/logo\/image\/\"}},{\"@type\":\"Person\",\"@id\":\"https:\/\/www.torreviejagastronomica.com\/#\/schema\/person\/9e0116f808f941d46f9baadf5335f0a9\",\"name\":\"Asociaci\u00f3n de Empresas de Hosteler\u00eda de Torrevieja y Comarca\",\"image\":{\"@type\":\"ImageObject\",\"inLanguage\":\"en-GB\",\"@id\":\"https:\/\/www.torreviejagastronomica.com\/#\/schema\/person\/image\/\",\"url\":\"https:\/\/secure.gravatar.com\/avatar\/32ba6ba6e685fc061412a65c4a8a8b6caaf6d90d0985a737a4015d36e84d2d1f?s=96&d=mm&r=g\",\"contentUrl\":\"https:\/\/secure.gravatar.com\/avatar\/32ba6ba6e685fc061412a65c4a8a8b6caaf6d90d0985a737a4015d36e84d2d1f?s=96&d=mm&r=g\",\"caption\":\"Asociaci\u00f3n de Empresas de Hosteler\u00eda de Torrevieja y Comarca\"},\"url\":\"https:\/\/www.torreviejagastronomica.com\/en\/author\/hosteleria\/\"}]}<\/script>\n<!-- \/ Yoast SEO plugin. -->","yoast_head_json":{"title":"Instrucciones para dar de alta tu establecimiento para campa\u00f1a Bono Consumo Torrevieja - Torrevieja Gastron\u00f3mica","robots":{"index":"index","follow":"follow","max-snippet":"max-snippet:-1","max-image-preview":"max-image-preview:large","max-video-preview":"max-video-preview:-1"},"canonical":"https:\/\/www.torreviejagastronomica.com\/en\/instrucciones-para-dar-de-alta-tu-establecimiento-para-campana-bono-consumo-torrevieja\/","og_locale":"en_GB","og_type":"article","og_title":"Instrucciones para dar de alta tu establecimiento para campa\u00f1a Bono Consumo Torrevieja - Torrevieja Gastron\u00f3mica","og_description":"24 de noviembre al 31 de diciembre, se llevar\u00e1 a cabo una\u00a0nueva edici\u00f3n de la campa\u00f1a Bono Consumo Torrevieja.","og_url":"https:\/\/www.torreviejagastronomica.com\/en\/instrucciones-para-dar-de-alta-tu-establecimiento-para-campana-bono-consumo-torrevieja\/","og_site_name":"Torrevieja Gastron\u00f3mica","article_published_time":"2025-11-12T17:12:09+00:00","article_modified_time":"2025-11-12T17:12:11+00:00","og_image":[{"width":2101,"height":945,"url":"https:\/\/www.torreviejagastronomica.com\/wp-content\/uploads\/2025\/11\/FORMATO-WEB.jpg","type":"image\/jpeg"}],"author":"Asociaci\u00f3n de Empresas de Hosteler\u00eda de Torrevieja y Comarca","twitter_card":"summary_large_image","twitter_misc":{"Written by":"Asociaci\u00f3n de Empresas de Hosteler\u00eda de Torrevieja y Comarca","Estimated reading time":"4 minutes"},"schema":{"@context":"https:\/\/schema.org","@graph":[{"@type":"Article","@id":"https:\/\/www.torreviejagastronomica.com\/instrucciones-para-dar-de-alta-tu-establecimiento-para-campana-bono-consumo-torrevieja\/#article","isPartOf":{"@id":"https:\/\/www.torreviejagastronomica.com\/instrucciones-para-dar-de-alta-tu-establecimiento-para-campana-bono-consumo-torrevieja\/"},"author":{"name":"Asociaci\u00f3n de Empresas de Hosteler\u00eda de Torrevieja y Comarca","@id":"https:\/\/www.torreviejagastronomica.com\/#\/schema\/person\/9e0116f808f941d46f9baadf5335f0a9"},"headline":"Instrucciones para dar de alta tu establecimiento para campa\u00f1a Bono Consumo Torrevieja","datePublished":"2025-11-12T17:12:09+00:00","dateModified":"2025-11-12T17:12:11+00:00","mainEntityOfPage":{"@id":"https:\/\/www.torreviejagastronomica.com\/instrucciones-para-dar-de-alta-tu-establecimiento-para-campana-bono-consumo-torrevieja\/"},"wordCount":614,"commentCount":0,"publisher":{"@id":"https:\/\/www.torreviejagastronomica.com\/#organization"},"image":{"@id":"https:\/\/www.torreviejagastronomica.com\/instrucciones-para-dar-de-alta-tu-establecimiento-para-campana-bono-consumo-torrevieja\/#primaryimage"},"thumbnailUrl":"https:\/\/www.torreviejagastronomica.com\/wp-content\/uploads\/2025\/11\/FORMATO-WEB.jpg","articleSection":["Noticias"],"inLanguage":"en-GB","potentialAction":[{"@type":"CommentAction","name":"Comment","target":["https:\/\/www.torreviejagastronomica.com\/instrucciones-para-dar-de-alta-tu-establecimiento-para-campana-bono-consumo-torrevieja\/#respond"]}]},{"@type":"WebPage","@id":"https:\/\/www.torreviejagastronomica.com\/instrucciones-para-dar-de-alta-tu-establecimiento-para-campana-bono-consumo-torrevieja\/","url":"https:\/\/www.torreviejagastronomica.com\/instrucciones-para-dar-de-alta-tu-establecimiento-para-campana-bono-consumo-torrevieja\/","name":"Instrucciones para dar de alta tu establecimiento para campa\u00f1a Bono Consumo Torrevieja - Torrevieja Gastron\u00f3mica","isPartOf":{"@id":"https:\/\/www.torreviejagastronomica.com\/#website"},"primaryImageOfPage":{"@id":"https:\/\/www.torreviejagastronomica.com\/instrucciones-para-dar-de-alta-tu-establecimiento-para-campana-bono-consumo-torrevieja\/#primaryimage"},"image":{"@id":"https:\/\/www.torreviejagastronomica.com\/instrucciones-para-dar-de-alta-tu-establecimiento-para-campana-bono-consumo-torrevieja\/#primaryimage"},"thumbnailUrl":"https:\/\/www.torreviejagastronomica.com\/wp-content\/uploads\/2025\/11\/FORMATO-WEB.jpg","datePublished":"2025-11-12T17:12:09+00:00","dateModified":"2025-11-12T17:12:11+00:00","breadcrumb":{"@id":"https:\/\/www.torreviejagastronomica.com\/instrucciones-para-dar-de-alta-tu-establecimiento-para-campana-bono-consumo-torrevieja\/#breadcrumb"},"inLanguage":"en-GB","potentialAction":[{"@type":"ReadAction","target":["https:\/\/www.torreviejagastronomica.com\/instrucciones-para-dar-de-alta-tu-establecimiento-para-campana-bono-consumo-torrevieja\/"]}]},{"@type":"ImageObject","inLanguage":"en-GB","@id":"https:\/\/www.torreviejagastronomica.com\/instrucciones-para-dar-de-alta-tu-establecimiento-para-campana-bono-consumo-torrevieja\/#primaryimage","url":"https:\/\/www.torreviejagastronomica.com\/wp-content\/uploads\/2025\/11\/FORMATO-WEB.jpg","contentUrl":"https:\/\/www.torreviejagastronomica.com\/wp-content\/uploads\/2025\/11\/FORMATO-WEB.jpg","width":2101,"height":945},{"@type":"BreadcrumbList","@id":"https:\/\/www.torreviejagastronomica.com\/instrucciones-para-dar-de-alta-tu-establecimiento-para-campana-bono-consumo-torrevieja\/#breadcrumb","itemListElement":[{"@type":"ListItem","position":1,"name":"Portada","item":"https:\/\/www.torreviejagastronomica.com\/"},{"@type":"ListItem","position":2,"name":"Instrucciones para dar de alta tu establecimiento para campa\u00f1a Bono Consumo Torrevieja"}]},{"@type":"WebSite","@id":"https:\/\/www.torreviejagastronomica.com\/#website","url":"https:\/\/www.torreviejagastronomica.com\/","name":"Torrevieja Gastron\u00f3mica","description":"Asociaci\u00f3n Hosteler\u00eda Torrevieja y Comarca","publisher":{"@id":"https:\/\/www.torreviejagastronomica.com\/#organization"},"potentialAction":[{"@type":"SearchAction","target":{"@type":"EntryPoint","urlTemplate":"https:\/\/www.torreviejagastronomica.com\/?s={search_term_string}"},"query-input":{"@type":"PropertyValueSpecification","valueRequired":true,"valueName":"search_term_string"}}],"inLanguage":"en-GB"},{"@type":"Organization","@id":"https:\/\/www.torreviejagastronomica.com\/#organization","name":"Torrevieja Gastron\u00f3mica","url":"https:\/\/www.torreviejagastronomica.com\/","logo":{"@type":"ImageObject","inLanguage":"en-GB","@id":"https:\/\/www.torreviejagastronomica.com\/#\/schema\/logo\/image\/","url":"https:\/\/www.torreviejagastronomica.com\/wp-content\/uploads\/2023\/09\/Logo-Torrevieja-Gastronomica.png","contentUrl":"https:\/\/www.torreviejagastronomica.com\/wp-content\/uploads\/2023\/09\/Logo-Torrevieja-Gastronomica.png","width":350,"height":100,"caption":"Torrevieja Gastron\u00f3mica"},"image":{"@id":"https:\/\/www.torreviejagastronomica.com\/#\/schema\/logo\/image\/"}},{"@type":"Person","@id":"https:\/\/www.torreviejagastronomica.com\/#\/schema\/person\/9e0116f808f941d46f9baadf5335f0a9","name":"Asociaci\u00f3n de Empresas de Hosteler\u00eda de Torrevieja y Comarca","image":{"@type":"ImageObject","inLanguage":"en-GB","@id":"https:\/\/www.torreviejagastronomica.com\/#\/schema\/person\/image\/","url":"https:\/\/secure.gravatar.com\/avatar\/32ba6ba6e685fc061412a65c4a8a8b6caaf6d90d0985a737a4015d36e84d2d1f?s=96&d=mm&r=g","contentUrl":"https:\/\/secure.gravatar.com\/avatar\/32ba6ba6e685fc061412a65c4a8a8b6caaf6d90d0985a737a4015d36e84d2d1f?s=96&d=mm&r=g","caption":"Asociaci\u00f3n de Empresas de Hosteler\u00eda de Torrevieja y Comarca"},"url":"https:\/\/www.torreviejagastronomica.com\/en\/author\/hosteleria\/"}]}},"_links":{"self":[{"href":"https:\/\/www.torreviejagastronomica.com\/en\/wp-json\/wp\/v2\/posts\/7536","targetHints":{"allow":["GET"]}}],"collection":[{"href":"https:\/\/www.torreviejagastronomica.com\/en\/wp-json\/wp\/v2\/posts"}],"about":[{"href":"https:\/\/www.torreviejagastronomica.com\/en\/wp-json\/wp\/v2\/types\/post"}],"author":[{"embeddable":true,"href":"https:\/\/www.torreviejagastronomica.com\/en\/wp-json\/wp\/v2\/users\/4"}],"replies":[{"embeddable":true,"href":"https:\/\/www.torreviejagastronomica.com\/en\/wp-json\/wp\/v2\/comments?post=7536"}],"version-history":[{"count":1,"href":"https:\/\/www.torreviejagastronomica.com\/en\/wp-json\/wp\/v2\/posts\/7536\/revisions"}],"predecessor-version":[{"id":7544,"href":"https:\/\/www.torreviejagastronomica.com\/en\/wp-json\/wp\/v2\/posts\/7536\/revisions\/7544"}],"wp:featuredmedia":[{"embeddable":true,"href":"https:\/\/www.torreviejagastronomica.com\/en\/wp-json\/wp\/v2\/media\/7543"}],"wp:attachment":[{"href":"https:\/\/www.torreviejagastronomica.com\/en\/wp-json\/wp\/v2\/media?parent=7536"}],"wp:term":[{"taxonomy":"category","embeddable":true,"href":"https:\/\/www.torreviejagastronomica.com\/en\/wp-json\/wp\/v2\/categories?post=7536"},{"taxonomy":"post_tag","embeddable":true,"href":"https:\/\/www.torreviejagastronomica.com\/en\/wp-json\/wp\/v2\/tags?post=7536"}],"curies":[{"name":"wp","href":"https:\/\/api.w.org\/{rel}","templated":true}]}}