{"id":7475,"date":"2025-09-17T16:43:41","date_gmt":"2025-09-17T14:43:41","guid":{"rendered":"https:\/\/www.torreviejagastronomica.com\/?p=7475"},"modified":"2025-09-17T16:50:35","modified_gmt":"2025-09-17T14:50:35","slug":"ii-concurso-y-12a-edicion-de-nos-vamos-de-tapas-2025-en-torrevieja","status":"publish","type":"post","link":"https:\/\/www.torreviejagastronomica.com\/en\/ii-concurso-y-12a-edicion-de-nos-vamos-de-tapas-2025-en-torrevieja\/","title":{"rendered":"II Contest and 12th Edition of \u00a1Nos Vamos de Tapas! 2025 in Torrevieja"},"content":{"rendered":"<p>The Association informs that the registration period is now open for participation in the <strong>II Contest and 12th Edition of \u00a1Nos Vamos de Tapas! 2025<\/strong>. Interested establishments will be able to register from today until <strong>Tuesday 7 October at 17:00 h.<\/strong>.<\/p>\n\n\n\n<h3 class=\"wp-block-heading\">Difference between competition and activity<\/h3>\n\n\n\n<ul class=\"wp-block-list\">\n<li><strong>Gastronomic competition<\/strong>The event will be held on <strong>Thursday 16 October 2025 at 10:00 a.m.<\/strong> in the <strong>Torrevieja CdT<\/strong>where a professional jury will taste and evaluate the tapas presented.<\/li>\n\n\n\n<li><strong>Nos Vamos de Tapas\" activity<\/strong>It will take place in participating establishments over two weekends:<\/li>\n\n\n\n<li>From <strong>6 to 9 November 2025<\/strong><\/li>\n\n\n\n<li>From <strong>13 to 16 November 2025<\/strong><\/li>\n<\/ul>\n\n\n\n<h3 class=\"wp-block-heading\">Documentation for participation<\/h3>\n\n\n\n<ul class=\"wp-block-list\">\n<li>Completed registration form.<\/li>\n\n\n\n<li>Landscape photographs of the <strong>4 covers<\/strong> to be presented.<\/li>\n<\/ul>\n\n\n\n<p>Incomplete or late registrations will not be accepted.<\/p>\n\n\n\n<h3 class=\"wp-block-heading\">Competition prizes \ud83c\udfc6.<\/h3>\n\n\n\n<ul class=\"wp-block-list\">\n<li><strong>Best Innovative Tapa<\/strong>1.000 \u20ac + the weight of the owner\/manager in assortment of beers of the Mahou-San Miguel Group.<\/li>\n\n\n\n<li><strong>Best Traditional Tapa<\/strong>1.000 \u20ac + the weight of the owner\/manager in assortment of beers of the Mahou-San Miguel Group.<\/li>\n\n\n\n<li>In addition, among those attending the awards ceremony, which will be held on <strong>18 November at the CdT of Torrevieja<\/strong>a trip will be raffled off.<\/li>\n<\/ul>\n\n\n\n<h3 class=\"wp-block-heading\">Participation modalities<\/h3>\n\n\n\n<p>Each establishment will be free to choose between:<\/p>\n\n\n\n<ul class=\"wp-block-list\">\n<li>4 traditional tapas<\/li>\n\n\n\n<li>4 innovative covers<\/li>\n\n\n\n<li>Combination of both<\/li>\n<\/ul>\n\n\n\n<h3 class=\"wp-block-heading\">Organises and collaborates<\/h3>\n\n\n\n<ul class=\"wp-block-list\">\n<li><strong>Official supplier<\/strong>: Mahou<\/li>\n\n\n\n<li><strong>Official distributor<\/strong>: <a href=\"https:\/\/www.verasl.com\/\"><strong>Vera Ma\u00f1ogil Hnos.<\/strong><\/a><\/li>\n<\/ul>\n\n\n\n<p>This event has established itself as one of the region's major gastronomic events, bringing together locals and visitors around culinary innovation and tradition.<\/p>\n\n\n\n<p>For any further information, doubts or queries, establishments can contact the association.<\/p>\n\n\n\n<h3 class=\"wp-block-heading\"><\/h3>\n\n\n\n<p><\/p>","protected":false},"excerpt":{"rendered":"<p>For any further information, doubts or queries, establishments can contact the association.<\/p>","protected":false},"author":4,"featured_media":7476,"comment_status":"open","ping_status":"open","sticky":false,"template":"","format":"standard","meta":{"footnotes":""},"categories":[7],"tags":[],"class_list":["post-7475","post","type-post","status-publish","format-standard","has-post-thumbnail","hentry","category-noticias"],"yoast_head":"<!-- This site is optimized with the Yoast SEO plugin v25.7 - https:\/\/yoast.com\/wordpress\/plugins\/seo\/ -->\n<title>II Concurso y 12\u00aa Edici\u00f3n de \u00a1Nos Vamos de Tapas! 2025 en Torrevieja - Torrevieja Gastron\u00f3mica<\/title>\n<meta name=\"description\" content=\"Abierto el plazo de inscripci\u00f3n para el II Concurso y 12\u00aa Edici\u00f3n de \u00a1Nos Vamos de Tapas! en Torrevieja 2025. Premios, fechas y toda la informaci\u00f3n de participaci\u00f3n.\" \/>\n<meta name=\"robots\" content=\"index, follow, max-snippet:-1, max-image-preview:large, max-video-preview:-1\" \/>\n<link rel=\"canonical\" href=\"https:\/\/www.torreviejagastronomica.com\/en\/ii-concurso-y-12a-edicion-de-nos-vamos-de-tapas-2025-en-torrevieja\/\" \/>\n<meta property=\"og:locale\" content=\"en_GB\" \/>\n<meta property=\"og:type\" content=\"article\" \/>\n<meta property=\"og:title\" content=\"II Concurso y 12\u00aa Edici\u00f3n de \u00a1Nos Vamos de Tapas! 2025 en Torrevieja - Torrevieja Gastron\u00f3mica\" \/>\n<meta property=\"og:description\" content=\"Abierto el plazo de inscripci\u00f3n para el II Concurso y 12\u00aa Edici\u00f3n de \u00a1Nos Vamos de Tapas! en Torrevieja 2025. Premios, fechas y toda la informaci\u00f3n de participaci\u00f3n.\" \/>\n<meta property=\"og:url\" content=\"https:\/\/www.torreviejagastronomica.com\/en\/ii-concurso-y-12a-edicion-de-nos-vamos-de-tapas-2025-en-torrevieja\/\" \/>\n<meta property=\"og:site_name\" content=\"Torrevieja Gastron\u00f3mica\" \/>\n<meta property=\"article:published_time\" content=\"2025-09-17T14:43:41+00:00\" \/>\n<meta property=\"article:modified_time\" content=\"2025-09-17T14:50:35+00:00\" \/>\n<meta property=\"og:image\" content=\"https:\/\/www.torreviejagastronomica.com\/wp-content\/uploads\/2025\/09\/generated_image-1024x683.png\" \/>\n\t<meta property=\"og:image:width\" content=\"1024\" \/>\n\t<meta property=\"og:image:height\" content=\"683\" \/>\n\t<meta property=\"og:image:type\" content=\"image\/png\" \/>\n<meta name=\"author\" content=\"Asociaci\u00f3n de Empresas de Hosteler\u00eda de Torrevieja y Comarca\" \/>\n<meta name=\"twitter:card\" content=\"summary_large_image\" \/>\n<meta name=\"twitter:label1\" content=\"Written by\" \/>\n\t<meta name=\"twitter:data1\" content=\"Asociaci\u00f3n de Empresas de Hosteler\u00eda de Torrevieja y Comarca\" \/>\n\t<meta name=\"twitter:label2\" content=\"Estimated reading time\" \/>\n\t<meta name=\"twitter:data2\" content=\"2 minutes\" \/>\n<script type=\"application\/ld+json\" class=\"yoast-schema-graph\">{\"@context\":\"https:\/\/schema.org\",\"@graph\":[{\"@type\":\"Article\",\"@id\":\"https:\/\/www.torreviejagastronomica.com\/ii-concurso-y-12a-edicion-de-nos-vamos-de-tapas-2025-en-torrevieja\/#article\",\"isPartOf\":{\"@id\":\"https:\/\/www.torreviejagastronomica.com\/ii-concurso-y-12a-edicion-de-nos-vamos-de-tapas-2025-en-torrevieja\/\"},\"author\":{\"name\":\"Asociaci\u00f3n de Empresas de Hosteler\u00eda de Torrevieja y Comarca\",\"@id\":\"https:\/\/www.torreviejagastronomica.com\/#\/schema\/person\/9e0116f808f941d46f9baadf5335f0a9\"},\"headline\":\"II Concurso y 12\u00aa Edici\u00f3n de \u00a1Nos Vamos de Tapas! 2025 en Torrevieja\",\"datePublished\":\"2025-09-17T14:43:41+00:00\",\"dateModified\":\"2025-09-17T14:50:35+00:00\",\"mainEntityOfPage\":{\"@id\":\"https:\/\/www.torreviejagastronomica.com\/ii-concurso-y-12a-edicion-de-nos-vamos-de-tapas-2025-en-torrevieja\/\"},\"wordCount\":285,\"commentCount\":0,\"publisher\":{\"@id\":\"https:\/\/www.torreviejagastronomica.com\/#organization\"},\"image\":{\"@id\":\"https:\/\/www.torreviejagastronomica.com\/ii-concurso-y-12a-edicion-de-nos-vamos-de-tapas-2025-en-torrevieja\/#primaryimage\"},\"thumbnailUrl\":\"https:\/\/www.torreviejagastronomica.com\/wp-content\/uploads\/2025\/09\/generated_image.png\",\"articleSection\":[\"Noticias\"],\"inLanguage\":\"en-GB\",\"potentialAction\":[{\"@type\":\"CommentAction\",\"name\":\"Comment\",\"target\":[\"https:\/\/www.torreviejagastronomica.com\/ii-concurso-y-12a-edicion-de-nos-vamos-de-tapas-2025-en-torrevieja\/#respond\"]}]},{\"@type\":\"WebPage\",\"@id\":\"https:\/\/www.torreviejagastronomica.com\/ii-concurso-y-12a-edicion-de-nos-vamos-de-tapas-2025-en-torrevieja\/\",\"url\":\"https:\/\/www.torreviejagastronomica.com\/ii-concurso-y-12a-edicion-de-nos-vamos-de-tapas-2025-en-torrevieja\/\",\"name\":\"II Concurso y 12\u00aa Edici\u00f3n de \u00a1Nos Vamos de Tapas! 2025 en Torrevieja - Torrevieja Gastron\u00f3mica\",\"isPartOf\":{\"@id\":\"https:\/\/www.torreviejagastronomica.com\/#website\"},\"primaryImageOfPage\":{\"@id\":\"https:\/\/www.torreviejagastronomica.com\/ii-concurso-y-12a-edicion-de-nos-vamos-de-tapas-2025-en-torrevieja\/#primaryimage\"},\"image\":{\"@id\":\"https:\/\/www.torreviejagastronomica.com\/ii-concurso-y-12a-edicion-de-nos-vamos-de-tapas-2025-en-torrevieja\/#primaryimage\"},\"thumbnailUrl\":\"https:\/\/www.torreviejagastronomica.com\/wp-content\/uploads\/2025\/09\/generated_image.png\",\"datePublished\":\"2025-09-17T14:43:41+00:00\",\"dateModified\":\"2025-09-17T14:50:35+00:00\",\"description\":\"Abierto el plazo de inscripci\u00f3n para el II Concurso y 12\u00aa Edici\u00f3n de \u00a1Nos Vamos de Tapas! en Torrevieja 2025. Premios, fechas y toda la informaci\u00f3n de participaci\u00f3n.\",\"breadcrumb\":{\"@id\":\"https:\/\/www.torreviejagastronomica.com\/ii-concurso-y-12a-edicion-de-nos-vamos-de-tapas-2025-en-torrevieja\/#breadcrumb\"},\"inLanguage\":\"en-GB\",\"potentialAction\":[{\"@type\":\"ReadAction\",\"target\":[\"https:\/\/www.torreviejagastronomica.com\/ii-concurso-y-12a-edicion-de-nos-vamos-de-tapas-2025-en-torrevieja\/\"]}]},{\"@type\":\"ImageObject\",\"inLanguage\":\"en-GB\",\"@id\":\"https:\/\/www.torreviejagastronomica.com\/ii-concurso-y-12a-edicion-de-nos-vamos-de-tapas-2025-en-torrevieja\/#primaryimage\",\"url\":\"https:\/\/www.torreviejagastronomica.com\/wp-content\/uploads\/2025\/09\/generated_image.png\",\"contentUrl\":\"https:\/\/www.torreviejagastronomica.com\/wp-content\/uploads\/2025\/09\/generated_image.png\",\"width\":1536,\"height\":1024},{\"@type\":\"BreadcrumbList\",\"@id\":\"https:\/\/www.torreviejagastronomica.com\/ii-concurso-y-12a-edicion-de-nos-vamos-de-tapas-2025-en-torrevieja\/#breadcrumb\",\"itemListElement\":[{\"@type\":\"ListItem\",\"position\":1,\"name\":\"Portada\",\"item\":\"https:\/\/www.torreviejagastronomica.com\/\"},{\"@type\":\"ListItem\",\"position\":2,\"name\":\"II Concurso y 12\u00aa Edici\u00f3n de \u00a1Nos Vamos de Tapas! 2025 en Torrevieja\"}]},{\"@type\":\"WebSite\",\"@id\":\"https:\/\/www.torreviejagastronomica.com\/#website\",\"url\":\"https:\/\/www.torreviejagastronomica.com\/\",\"name\":\"Torrevieja Gastron\u00f3mica\",\"description\":\"Asociaci\u00f3n Hosteler\u00eda Torrevieja y Comarca\",\"publisher\":{\"@id\":\"https:\/\/www.torreviejagastronomica.com\/#organization\"},\"potentialAction\":[{\"@type\":\"SearchAction\",\"target\":{\"@type\":\"EntryPoint\",\"urlTemplate\":\"https:\/\/www.torreviejagastronomica.com\/?s={search_term_string}\"},\"query-input\":{\"@type\":\"PropertyValueSpecification\",\"valueRequired\":true,\"valueName\":\"search_term_string\"}}],\"inLanguage\":\"en-GB\"},{\"@type\":\"Organization\",\"@id\":\"https:\/\/www.torreviejagastronomica.com\/#organization\",\"name\":\"Torrevieja Gastron\u00f3mica\",\"url\":\"https:\/\/www.torreviejagastronomica.com\/\",\"logo\":{\"@type\":\"ImageObject\",\"inLanguage\":\"en-GB\",\"@id\":\"https:\/\/www.torreviejagastronomica.com\/#\/schema\/logo\/image\/\",\"url\":\"https:\/\/www.torreviejagastronomica.com\/wp-content\/uploads\/2023\/09\/Logo-Torrevieja-Gastronomica.png\",\"contentUrl\":\"https:\/\/www.torreviejagastronomica.com\/wp-content\/uploads\/2023\/09\/Logo-Torrevieja-Gastronomica.png\",\"width\":350,\"height\":100,\"caption\":\"Torrevieja Gastron\u00f3mica\"},\"image\":{\"@id\":\"https:\/\/www.torreviejagastronomica.com\/#\/schema\/logo\/image\/\"}},{\"@type\":\"Person\",\"@id\":\"https:\/\/www.torreviejagastronomica.com\/#\/schema\/person\/9e0116f808f941d46f9baadf5335f0a9\",\"name\":\"Asociaci\u00f3n de Empresas de Hosteler\u00eda de Torrevieja y Comarca\",\"image\":{\"@type\":\"ImageObject\",\"inLanguage\":\"en-GB\",\"@id\":\"https:\/\/www.torreviejagastronomica.com\/#\/schema\/person\/image\/\",\"url\":\"https:\/\/secure.gravatar.com\/avatar\/32ba6ba6e685fc061412a65c4a8a8b6caaf6d90d0985a737a4015d36e84d2d1f?s=96&d=mm&r=g\",\"contentUrl\":\"https:\/\/secure.gravatar.com\/avatar\/32ba6ba6e685fc061412a65c4a8a8b6caaf6d90d0985a737a4015d36e84d2d1f?s=96&d=mm&r=g\",\"caption\":\"Asociaci\u00f3n de Empresas de Hosteler\u00eda de Torrevieja y Comarca\"},\"url\":\"https:\/\/www.torreviejagastronomica.com\/en\/author\/hosteleria\/\"}]}<\/script>\n<!-- \/ Yoast SEO plugin. -->","yoast_head_json":{"title":"II Concurso y 12\u00aa Edici\u00f3n de \u00a1Nos Vamos de Tapas! 2025 en Torrevieja - Torrevieja Gastron\u00f3mica","description":"Abierto el plazo de inscripci\u00f3n para el II Concurso y 12\u00aa Edici\u00f3n de \u00a1Nos Vamos de Tapas! en Torrevieja 2025. Premios, fechas y toda la informaci\u00f3n de participaci\u00f3n.","robots":{"index":"index","follow":"follow","max-snippet":"max-snippet:-1","max-image-preview":"max-image-preview:large","max-video-preview":"max-video-preview:-1"},"canonical":"https:\/\/www.torreviejagastronomica.com\/en\/ii-concurso-y-12a-edicion-de-nos-vamos-de-tapas-2025-en-torrevieja\/","og_locale":"en_GB","og_type":"article","og_title":"II Concurso y 12\u00aa Edici\u00f3n de \u00a1Nos Vamos de Tapas! 2025 en Torrevieja - Torrevieja Gastron\u00f3mica","og_description":"Abierto el plazo de inscripci\u00f3n para el II Concurso y 12\u00aa Edici\u00f3n de \u00a1Nos Vamos de Tapas! en Torrevieja 2025. Premios, fechas y toda la informaci\u00f3n de participaci\u00f3n.","og_url":"https:\/\/www.torreviejagastronomica.com\/en\/ii-concurso-y-12a-edicion-de-nos-vamos-de-tapas-2025-en-torrevieja\/","og_site_name":"Torrevieja Gastron\u00f3mica","article_published_time":"2025-09-17T14:43:41+00:00","article_modified_time":"2025-09-17T14:50:35+00:00","og_image":[{"width":1024,"height":683,"url":"https:\/\/www.torreviejagastronomica.com\/wp-content\/uploads\/2025\/09\/generated_image-1024x683.png","type":"image\/png"}],"author":"Asociaci\u00f3n de Empresas de Hosteler\u00eda de Torrevieja y Comarca","twitter_card":"summary_large_image","twitter_misc":{"Written by":"Asociaci\u00f3n de Empresas de Hosteler\u00eda de Torrevieja y Comarca","Estimated reading time":"2 minutes"},"schema":{"@context":"https:\/\/schema.org","@graph":[{"@type":"Article","@id":"https:\/\/www.torreviejagastronomica.com\/ii-concurso-y-12a-edicion-de-nos-vamos-de-tapas-2025-en-torrevieja\/#article","isPartOf":{"@id":"https:\/\/www.torreviejagastronomica.com\/ii-concurso-y-12a-edicion-de-nos-vamos-de-tapas-2025-en-torrevieja\/"},"author":{"name":"Asociaci\u00f3n de Empresas de Hosteler\u00eda de Torrevieja y Comarca","@id":"https:\/\/www.torreviejagastronomica.com\/#\/schema\/person\/9e0116f808f941d46f9baadf5335f0a9"},"headline":"II Concurso y 12\u00aa Edici\u00f3n de \u00a1Nos Vamos de Tapas! 2025 en Torrevieja","datePublished":"2025-09-17T14:43:41+00:00","dateModified":"2025-09-17T14:50:35+00:00","mainEntityOfPage":{"@id":"https:\/\/www.torreviejagastronomica.com\/ii-concurso-y-12a-edicion-de-nos-vamos-de-tapas-2025-en-torrevieja\/"},"wordCount":285,"commentCount":0,"publisher":{"@id":"https:\/\/www.torreviejagastronomica.com\/#organization"},"image":{"@id":"https:\/\/www.torreviejagastronomica.com\/ii-concurso-y-12a-edicion-de-nos-vamos-de-tapas-2025-en-torrevieja\/#primaryimage"},"thumbnailUrl":"https:\/\/www.torreviejagastronomica.com\/wp-content\/uploads\/2025\/09\/generated_image.png","articleSection":["Noticias"],"inLanguage":"en-GB","potentialAction":[{"@type":"CommentAction","name":"Comment","target":["https:\/\/www.torreviejagastronomica.com\/ii-concurso-y-12a-edicion-de-nos-vamos-de-tapas-2025-en-torrevieja\/#respond"]}]},{"@type":"WebPage","@id":"https:\/\/www.torreviejagastronomica.com\/ii-concurso-y-12a-edicion-de-nos-vamos-de-tapas-2025-en-torrevieja\/","url":"https:\/\/www.torreviejagastronomica.com\/ii-concurso-y-12a-edicion-de-nos-vamos-de-tapas-2025-en-torrevieja\/","name":"II Concurso y 12\u00aa Edici\u00f3n de \u00a1Nos Vamos de Tapas! 2025 en Torrevieja - Torrevieja Gastron\u00f3mica","isPartOf":{"@id":"https:\/\/www.torreviejagastronomica.com\/#website"},"primaryImageOfPage":{"@id":"https:\/\/www.torreviejagastronomica.com\/ii-concurso-y-12a-edicion-de-nos-vamos-de-tapas-2025-en-torrevieja\/#primaryimage"},"image":{"@id":"https:\/\/www.torreviejagastronomica.com\/ii-concurso-y-12a-edicion-de-nos-vamos-de-tapas-2025-en-torrevieja\/#primaryimage"},"thumbnailUrl":"https:\/\/www.torreviejagastronomica.com\/wp-content\/uploads\/2025\/09\/generated_image.png","datePublished":"2025-09-17T14:43:41+00:00","dateModified":"2025-09-17T14:50:35+00:00","description":"Abierto el plazo de inscripci\u00f3n para el II Concurso y 12\u00aa Edici\u00f3n de \u00a1Nos Vamos de Tapas! en Torrevieja 2025. Premios, fechas y toda la informaci\u00f3n de participaci\u00f3n.","breadcrumb":{"@id":"https:\/\/www.torreviejagastronomica.com\/ii-concurso-y-12a-edicion-de-nos-vamos-de-tapas-2025-en-torrevieja\/#breadcrumb"},"inLanguage":"en-GB","potentialAction":[{"@type":"ReadAction","target":["https:\/\/www.torreviejagastronomica.com\/ii-concurso-y-12a-edicion-de-nos-vamos-de-tapas-2025-en-torrevieja\/"]}]},{"@type":"ImageObject","inLanguage":"en-GB","@id":"https:\/\/www.torreviejagastronomica.com\/ii-concurso-y-12a-edicion-de-nos-vamos-de-tapas-2025-en-torrevieja\/#primaryimage","url":"https:\/\/www.torreviejagastronomica.com\/wp-content\/uploads\/2025\/09\/generated_image.png","contentUrl":"https:\/\/www.torreviejagastronomica.com\/wp-content\/uploads\/2025\/09\/generated_image.png","width":1536,"height":1024},{"@type":"BreadcrumbList","@id":"https:\/\/www.torreviejagastronomica.com\/ii-concurso-y-12a-edicion-de-nos-vamos-de-tapas-2025-en-torrevieja\/#breadcrumb","itemListElement":[{"@type":"ListItem","position":1,"name":"Portada","item":"https:\/\/www.torreviejagastronomica.com\/"},{"@type":"ListItem","position":2,"name":"II Concurso y 12\u00aa Edici\u00f3n de \u00a1Nos Vamos de Tapas! 2025 en Torrevieja"}]},{"@type":"WebSite","@id":"https:\/\/www.torreviejagastronomica.com\/#website","url":"https:\/\/www.torreviejagastronomica.com\/","name":"Torrevieja Gastron\u00f3mica","description":"Asociaci\u00f3n Hosteler\u00eda Torrevieja y Comarca","publisher":{"@id":"https:\/\/www.torreviejagastronomica.com\/#organization"},"potentialAction":[{"@type":"SearchAction","target":{"@type":"EntryPoint","urlTemplate":"https:\/\/www.torreviejagastronomica.com\/?s={search_term_string}"},"query-input":{"@type":"PropertyValueSpecification","valueRequired":true,"valueName":"search_term_string"}}],"inLanguage":"en-GB"},{"@type":"Organization","@id":"https:\/\/www.torreviejagastronomica.com\/#organization","name":"Torrevieja Gastron\u00f3mica","url":"https:\/\/www.torreviejagastronomica.com\/","logo":{"@type":"ImageObject","inLanguage":"en-GB","@id":"https:\/\/www.torreviejagastronomica.com\/#\/schema\/logo\/image\/","url":"https:\/\/www.torreviejagastronomica.com\/wp-content\/uploads\/2023\/09\/Logo-Torrevieja-Gastronomica.png","contentUrl":"https:\/\/www.torreviejagastronomica.com\/wp-content\/uploads\/2023\/09\/Logo-Torrevieja-Gastronomica.png","width":350,"height":100,"caption":"Torrevieja Gastron\u00f3mica"},"image":{"@id":"https:\/\/www.torreviejagastronomica.com\/#\/schema\/logo\/image\/"}},{"@type":"Person","@id":"https:\/\/www.torreviejagastronomica.com\/#\/schema\/person\/9e0116f808f941d46f9baadf5335f0a9","name":"Asociaci\u00f3n de Empresas de Hosteler\u00eda de Torrevieja y Comarca","image":{"@type":"ImageObject","inLanguage":"en-GB","@id":"https:\/\/www.torreviejagastronomica.com\/#\/schema\/person\/image\/","url":"https:\/\/secure.gravatar.com\/avatar\/32ba6ba6e685fc061412a65c4a8a8b6caaf6d90d0985a737a4015d36e84d2d1f?s=96&d=mm&r=g","contentUrl":"https:\/\/secure.gravatar.com\/avatar\/32ba6ba6e685fc061412a65c4a8a8b6caaf6d90d0985a737a4015d36e84d2d1f?s=96&d=mm&r=g","caption":"Asociaci\u00f3n de Empresas de Hosteler\u00eda de Torrevieja y Comarca"},"url":"https:\/\/www.torreviejagastronomica.com\/en\/author\/hosteleria\/"}]}},"_links":{"self":[{"href":"https:\/\/www.torreviejagastronomica.com\/en\/wp-json\/wp\/v2\/posts\/7475","targetHints":{"allow":["GET"]}}],"collection":[{"href":"https:\/\/www.torreviejagastronomica.com\/en\/wp-json\/wp\/v2\/posts"}],"about":[{"href":"https:\/\/www.torreviejagastronomica.com\/en\/wp-json\/wp\/v2\/types\/post"}],"author":[{"embeddable":true,"href":"https:\/\/www.torreviejagastronomica.com\/en\/wp-json\/wp\/v2\/users\/4"}],"replies":[{"embeddable":true,"href":"https:\/\/www.torreviejagastronomica.com\/en\/wp-json\/wp\/v2\/comments?post=7475"}],"version-history":[{"count":2,"href":"https:\/\/www.torreviejagastronomica.com\/en\/wp-json\/wp\/v2\/posts\/7475\/revisions"}],"predecessor-version":[{"id":7478,"href":"https:\/\/www.torreviejagastronomica.com\/en\/wp-json\/wp\/v2\/posts\/7475\/revisions\/7478"}],"wp:featuredmedia":[{"embeddable":true,"href":"https:\/\/www.torreviejagastronomica.com\/en\/wp-json\/wp\/v2\/media\/7476"}],"wp:attachment":[{"href":"https:\/\/www.torreviejagastronomica.com\/en\/wp-json\/wp\/v2\/media?parent=7475"}],"wp:term":[{"taxonomy":"category","embeddable":true,"href":"https:\/\/www.torreviejagastronomica.com\/en\/wp-json\/wp\/v2\/categories?post=7475"},{"taxonomy":"post_tag","embeddable":true,"href":"https:\/\/www.torreviejagastronomica.com\/en\/wp-json\/wp\/v2\/tags?post=7475"}],"curies":[{"name":"wp","href":"https:\/\/api.w.org\/{rel}","templated":true}]}}