{"id":7472,"date":"2025-09-16T21:49:28","date_gmt":"2025-09-16T19:49:28","guid":{"rendered":"https:\/\/www.torreviejagastronomica.com\/?p=7472"},"modified":"2025-09-16T21:49:31","modified_gmt":"2025-09-16T19:49:31","slug":"torrevieja-celebra-el-dia-mundial-del-turismo-con-rutas-tapas-y-actividades-culturales-y-familiares","status":"publish","type":"post","link":"https:\/\/www.torreviejagastronomica.com\/en\/torrevieja-celebra-el-dia-mundial-del-turismo-con-rutas-tapas-y-actividades-culturales-y-familiares\/","title":{"rendered":"Torrevieja celebrates World Tourism Day with routes, tapas and cultural and family activities."},"content":{"rendered":"<p>The Councillor for Tourism of the Municipality of Torrevieja, Rosario Mart\u00ednez Chazarra, has presented the programme of activities on the occasion of the <strong>World Tourism Day 2025<\/strong>which will be held from <strong>26-28 September<\/strong>. The city will offer a full calendar of proposals open to all audiences with guided tours, talks, family activities, gastronomic days, free museums and a photo contest on social networks.<\/p>\n\n\n\n<h3 class=\"wp-block-heading\">Programme of activities<\/h3>\n\n\n\n<p><strong>Friday 26 September<\/strong><\/p>\n\n\n\n<ul class=\"wp-block-list\">\n<li><strong>Guided tours of the city centre<\/strong>in Spanish, English and French, with shows at 10:00 and 11:00. Prior registration at the Tourist Office.<\/li>\n<\/ul>\n\n\n\n<p><strong>Saturday 27 September<\/strong><\/p>\n\n\n\n<ul class=\"wp-block-list\">\n<li><strong>Dramatised family route \"The salty history of the lagoons\".<\/strong>in La Mata Natural Park (10:30 a.m. to 12:30 p.m.), aimed at children from 7 to 12 years old. Capacity limited to 50 people.<\/li>\n\n\n\n<li><strong>Guided tours of the Natural History Museum<\/strong>with shows at 11:00 and 12:00 h (registration via QR code).<\/li>\n\n\n\n<li><strong>Informative talks \"Once upon a time there was a beach\".<\/strong>from 9:30 a.m. to 1:00 p.m. in Concepci\u00f3n Street.<\/li>\n\n\n\n<li><strong>Open day in museums<\/strong> (Floating Museums and the Sea and Salt Museum), with free access from 10:00 to 13:00 h.<\/li>\n\n\n\n<li><strong>Guided tour of the Salt Industry<\/strong>from 09:00 to 11:00 h, with a special price of 6 \u20ac.<\/li>\n\n\n\n<li><strong>International Tapas Day - International Tapas Day in Torrevieja<\/strong>organised by the Association of Hotel and Catering Businesses. More information at www.torreviejagastronomica.com.<\/li>\n<\/ul>\n\n\n\n<p><strong>Sunday 28 September<\/strong><\/p>\n\n\n\n<ul class=\"wp-block-list\">\n<li><strong>Ecotourism route \"Vineyards and salt\".<\/strong> in La Mata Natural Park, from 10:00 to 13:30. Registration at the Tourist Office or via the website www.turismodetorrevieja.com\/ecorutas.<\/li>\n<\/ul>\n\n\n\n<h3 class=\"wp-block-heading\">Complementary activities<\/h3>\n\n\n\n<p>From <strong>15 to 26 September<\/strong> is held on <strong>Photography Competition \"Torrevieja DMT25\".<\/strong> on Instagram. Participants must post a photo of their favourite place in the city, tag @torreviejaturis and add the hashtag #TorreviejaDMT25. The rules and prizes are available on the municipal website.<\/p>\n\n\n\n<p>Councillor Rosario Mart\u00ednez emphasised that with this programme, Torrevieja reaffirms its commitment to a model of tourism <strong>sustainable, cultural and local<\/strong>The natural, historical and gastronomic heritage of the region is also of great value.<\/p>\n\n\n\n<p><\/p>","protected":false},"excerpt":{"rendered":"<p>Councillor Rosario Mart\u00ednez stressed that with this programme, Torrevieja reaffirms its commitment to a model of sustainable, cultural and local tourism, <\/p>","protected":false},"author":4,"featured_media":7473,"comment_status":"open","ping_status":"open","sticky":false,"template":"","format":"standard","meta":{"footnotes":""},"categories":[7],"tags":[],"class_list":["post-7472","post","type-post","status-publish","format-standard","has-post-thumbnail","hentry","category-noticias"],"yoast_head":"<!-- This site is optimized with the Yoast SEO plugin v25.7 - https:\/\/yoast.com\/wordpress\/plugins\/seo\/ -->\n<title>Torrevieja celebra el D\u00eda Mundial del Turismo con rutas, tapas y actividades culturales y familiares - Torrevieja Gastron\u00f3mica<\/title>\n<meta name=\"robots\" content=\"index, follow, max-snippet:-1, max-image-preview:large, max-video-preview:-1\" \/>\n<link rel=\"canonical\" href=\"https:\/\/www.torreviejagastronomica.com\/en\/torrevieja-celebra-el-dia-mundial-del-turismo-con-rutas-tapas-y-actividades-culturales-y-familiares\/\" \/>\n<meta property=\"og:locale\" content=\"en_GB\" \/>\n<meta property=\"og:type\" content=\"article\" \/>\n<meta property=\"og:title\" content=\"Torrevieja celebra el D\u00eda Mundial del Turismo con rutas, tapas y actividades culturales y familiares - Torrevieja Gastron\u00f3mica\" \/>\n<meta property=\"og:description\" content=\"La concejal Rosario Mart\u00ednez ha destacado que con este programa, Torrevieja reafirma su compromiso con un modelo de turismo sostenible, cultural y de proximidad,\" \/>\n<meta property=\"og:url\" content=\"https:\/\/www.torreviejagastronomica.com\/en\/torrevieja-celebra-el-dia-mundial-del-turismo-con-rutas-tapas-y-actividades-culturales-y-familiares\/\" \/>\n<meta property=\"og:site_name\" content=\"Torrevieja Gastron\u00f3mica\" \/>\n<meta property=\"article:published_time\" content=\"2025-09-16T19:49:28+00:00\" \/>\n<meta property=\"article:modified_time\" content=\"2025-09-16T19:49:31+00:00\" \/>\n<meta property=\"og:image\" content=\"https:\/\/www.torreviejagastronomica.com\/wp-content\/uploads\/2025\/09\/turismo.jpg\" \/>\n\t<meta property=\"og:image:width\" content=\"1920\" \/>\n\t<meta property=\"og:image:height\" content=\"1080\" \/>\n\t<meta property=\"og:image:type\" content=\"image\/jpeg\" \/>\n<meta name=\"author\" content=\"Asociaci\u00f3n de Empresas de Hosteler\u00eda de Torrevieja y Comarca\" \/>\n<meta name=\"twitter:card\" content=\"summary_large_image\" \/>\n<meta name=\"twitter:label1\" content=\"Written by\" \/>\n\t<meta name=\"twitter:data1\" content=\"Asociaci\u00f3n de Empresas de Hosteler\u00eda de Torrevieja y Comarca\" \/>\n\t<meta name=\"twitter:label2\" content=\"Estimated reading time\" \/>\n\t<meta name=\"twitter:data2\" content=\"2 minutes\" \/>\n<script type=\"application\/ld+json\" class=\"yoast-schema-graph\">{\"@context\":\"https:\/\/schema.org\",\"@graph\":[{\"@type\":\"Article\",\"@id\":\"https:\/\/www.torreviejagastronomica.com\/torrevieja-celebra-el-dia-mundial-del-turismo-con-rutas-tapas-y-actividades-culturales-y-familiares\/#article\",\"isPartOf\":{\"@id\":\"https:\/\/www.torreviejagastronomica.com\/torrevieja-celebra-el-dia-mundial-del-turismo-con-rutas-tapas-y-actividades-culturales-y-familiares\/\"},\"author\":{\"name\":\"Asociaci\u00f3n de Empresas de Hosteler\u00eda de Torrevieja y Comarca\",\"@id\":\"https:\/\/www.torreviejagastronomica.com\/#\/schema\/person\/9e0116f808f941d46f9baadf5335f0a9\"},\"headline\":\"Torrevieja celebra el D\u00eda Mundial del Turismo con rutas, tapas y actividades culturales y familiares\",\"datePublished\":\"2025-09-16T19:49:28+00:00\",\"dateModified\":\"2025-09-16T19:49:31+00:00\",\"mainEntityOfPage\":{\"@id\":\"https:\/\/www.torreviejagastronomica.com\/torrevieja-celebra-el-dia-mundial-del-turismo-con-rutas-tapas-y-actividades-culturales-y-familiares\/\"},\"wordCount\":368,\"commentCount\":0,\"publisher\":{\"@id\":\"https:\/\/www.torreviejagastronomica.com\/#organization\"},\"image\":{\"@id\":\"https:\/\/www.torreviejagastronomica.com\/torrevieja-celebra-el-dia-mundial-del-turismo-con-rutas-tapas-y-actividades-culturales-y-familiares\/#primaryimage\"},\"thumbnailUrl\":\"https:\/\/www.torreviejagastronomica.com\/wp-content\/uploads\/2025\/09\/turismo.jpg\",\"articleSection\":[\"Noticias\"],\"inLanguage\":\"en-GB\",\"potentialAction\":[{\"@type\":\"CommentAction\",\"name\":\"Comment\",\"target\":[\"https:\/\/www.torreviejagastronomica.com\/torrevieja-celebra-el-dia-mundial-del-turismo-con-rutas-tapas-y-actividades-culturales-y-familiares\/#respond\"]}]},{\"@type\":\"WebPage\",\"@id\":\"https:\/\/www.torreviejagastronomica.com\/torrevieja-celebra-el-dia-mundial-del-turismo-con-rutas-tapas-y-actividades-culturales-y-familiares\/\",\"url\":\"https:\/\/www.torreviejagastronomica.com\/torrevieja-celebra-el-dia-mundial-del-turismo-con-rutas-tapas-y-actividades-culturales-y-familiares\/\",\"name\":\"Torrevieja celebra el D\u00eda Mundial del Turismo con rutas, tapas y actividades culturales y familiares - Torrevieja Gastron\u00f3mica\",\"isPartOf\":{\"@id\":\"https:\/\/www.torreviejagastronomica.com\/#website\"},\"primaryImageOfPage\":{\"@id\":\"https:\/\/www.torreviejagastronomica.com\/torrevieja-celebra-el-dia-mundial-del-turismo-con-rutas-tapas-y-actividades-culturales-y-familiares\/#primaryimage\"},\"image\":{\"@id\":\"https:\/\/www.torreviejagastronomica.com\/torrevieja-celebra-el-dia-mundial-del-turismo-con-rutas-tapas-y-actividades-culturales-y-familiares\/#primaryimage\"},\"thumbnailUrl\":\"https:\/\/www.torreviejagastronomica.com\/wp-content\/uploads\/2025\/09\/turismo.jpg\",\"datePublished\":\"2025-09-16T19:49:28+00:00\",\"dateModified\":\"2025-09-16T19:49:31+00:00\",\"breadcrumb\":{\"@id\":\"https:\/\/www.torreviejagastronomica.com\/torrevieja-celebra-el-dia-mundial-del-turismo-con-rutas-tapas-y-actividades-culturales-y-familiares\/#breadcrumb\"},\"inLanguage\":\"en-GB\",\"potentialAction\":[{\"@type\":\"ReadAction\",\"target\":[\"https:\/\/www.torreviejagastronomica.com\/torrevieja-celebra-el-dia-mundial-del-turismo-con-rutas-tapas-y-actividades-culturales-y-familiares\/\"]}]},{\"@type\":\"ImageObject\",\"inLanguage\":\"en-GB\",\"@id\":\"https:\/\/www.torreviejagastronomica.com\/torrevieja-celebra-el-dia-mundial-del-turismo-con-rutas-tapas-y-actividades-culturales-y-familiares\/#primaryimage\",\"url\":\"https:\/\/www.torreviejagastronomica.com\/wp-content\/uploads\/2025\/09\/turismo.jpg\",\"contentUrl\":\"https:\/\/www.torreviejagastronomica.com\/wp-content\/uploads\/2025\/09\/turismo.jpg\",\"width\":1920,\"height\":1080},{\"@type\":\"BreadcrumbList\",\"@id\":\"https:\/\/www.torreviejagastronomica.com\/torrevieja-celebra-el-dia-mundial-del-turismo-con-rutas-tapas-y-actividades-culturales-y-familiares\/#breadcrumb\",\"itemListElement\":[{\"@type\":\"ListItem\",\"position\":1,\"name\":\"Portada\",\"item\":\"https:\/\/www.torreviejagastronomica.com\/\"},{\"@type\":\"ListItem\",\"position\":2,\"name\":\"Torrevieja celebra el D\u00eda Mundial del Turismo con rutas, tapas y actividades culturales y familiares\"}]},{\"@type\":\"WebSite\",\"@id\":\"https:\/\/www.torreviejagastronomica.com\/#website\",\"url\":\"https:\/\/www.torreviejagastronomica.com\/\",\"name\":\"Torrevieja Gastron\u00f3mica\",\"description\":\"Asociaci\u00f3n Hosteler\u00eda Torrevieja y Comarca\",\"publisher\":{\"@id\":\"https:\/\/www.torreviejagastronomica.com\/#organization\"},\"potentialAction\":[{\"@type\":\"SearchAction\",\"target\":{\"@type\":\"EntryPoint\",\"urlTemplate\":\"https:\/\/www.torreviejagastronomica.com\/?s={search_term_string}\"},\"query-input\":{\"@type\":\"PropertyValueSpecification\",\"valueRequired\":true,\"valueName\":\"search_term_string\"}}],\"inLanguage\":\"en-GB\"},{\"@type\":\"Organization\",\"@id\":\"https:\/\/www.torreviejagastronomica.com\/#organization\",\"name\":\"Torrevieja Gastron\u00f3mica\",\"url\":\"https:\/\/www.torreviejagastronomica.com\/\",\"logo\":{\"@type\":\"ImageObject\",\"inLanguage\":\"en-GB\",\"@id\":\"https:\/\/www.torreviejagastronomica.com\/#\/schema\/logo\/image\/\",\"url\":\"https:\/\/www.torreviejagastronomica.com\/wp-content\/uploads\/2023\/09\/Logo-Torrevieja-Gastronomica.png\",\"contentUrl\":\"https:\/\/www.torreviejagastronomica.com\/wp-content\/uploads\/2023\/09\/Logo-Torrevieja-Gastronomica.png\",\"width\":350,\"height\":100,\"caption\":\"Torrevieja Gastron\u00f3mica\"},\"image\":{\"@id\":\"https:\/\/www.torreviejagastronomica.com\/#\/schema\/logo\/image\/\"}},{\"@type\":\"Person\",\"@id\":\"https:\/\/www.torreviejagastronomica.com\/#\/schema\/person\/9e0116f808f941d46f9baadf5335f0a9\",\"name\":\"Asociaci\u00f3n de Empresas de Hosteler\u00eda de Torrevieja y Comarca\",\"image\":{\"@type\":\"ImageObject\",\"inLanguage\":\"en-GB\",\"@id\":\"https:\/\/www.torreviejagastronomica.com\/#\/schema\/person\/image\/\",\"url\":\"https:\/\/secure.gravatar.com\/avatar\/32ba6ba6e685fc061412a65c4a8a8b6caaf6d90d0985a737a4015d36e84d2d1f?s=96&d=mm&r=g\",\"contentUrl\":\"https:\/\/secure.gravatar.com\/avatar\/32ba6ba6e685fc061412a65c4a8a8b6caaf6d90d0985a737a4015d36e84d2d1f?s=96&d=mm&r=g\",\"caption\":\"Asociaci\u00f3n de Empresas de Hosteler\u00eda de Torrevieja y Comarca\"},\"url\":\"https:\/\/www.torreviejagastronomica.com\/en\/author\/hosteleria\/\"}]}<\/script>\n<!-- \/ Yoast SEO plugin. -->","yoast_head_json":{"title":"Torrevieja celebra el D\u00eda Mundial del Turismo con rutas, tapas y actividades culturales y familiares - Torrevieja Gastron\u00f3mica","robots":{"index":"index","follow":"follow","max-snippet":"max-snippet:-1","max-image-preview":"max-image-preview:large","max-video-preview":"max-video-preview:-1"},"canonical":"https:\/\/www.torreviejagastronomica.com\/en\/torrevieja-celebra-el-dia-mundial-del-turismo-con-rutas-tapas-y-actividades-culturales-y-familiares\/","og_locale":"en_GB","og_type":"article","og_title":"Torrevieja celebra el D\u00eda Mundial del Turismo con rutas, tapas y actividades culturales y familiares - Torrevieja Gastron\u00f3mica","og_description":"La concejal Rosario Mart\u00ednez ha destacado que con este programa, Torrevieja reafirma su compromiso con un modelo de turismo sostenible, cultural y de proximidad,","og_url":"https:\/\/www.torreviejagastronomica.com\/en\/torrevieja-celebra-el-dia-mundial-del-turismo-con-rutas-tapas-y-actividades-culturales-y-familiares\/","og_site_name":"Torrevieja Gastron\u00f3mica","article_published_time":"2025-09-16T19:49:28+00:00","article_modified_time":"2025-09-16T19:49:31+00:00","og_image":[{"width":1920,"height":1080,"url":"https:\/\/www.torreviejagastronomica.com\/wp-content\/uploads\/2025\/09\/turismo.jpg","type":"image\/jpeg"}],"author":"Asociaci\u00f3n de Empresas de Hosteler\u00eda de Torrevieja y Comarca","twitter_card":"summary_large_image","twitter_misc":{"Written by":"Asociaci\u00f3n de Empresas de Hosteler\u00eda de Torrevieja y Comarca","Estimated reading time":"2 minutes"},"schema":{"@context":"https:\/\/schema.org","@graph":[{"@type":"Article","@id":"https:\/\/www.torreviejagastronomica.com\/torrevieja-celebra-el-dia-mundial-del-turismo-con-rutas-tapas-y-actividades-culturales-y-familiares\/#article","isPartOf":{"@id":"https:\/\/www.torreviejagastronomica.com\/torrevieja-celebra-el-dia-mundial-del-turismo-con-rutas-tapas-y-actividades-culturales-y-familiares\/"},"author":{"name":"Asociaci\u00f3n de Empresas de Hosteler\u00eda de Torrevieja y Comarca","@id":"https:\/\/www.torreviejagastronomica.com\/#\/schema\/person\/9e0116f808f941d46f9baadf5335f0a9"},"headline":"Torrevieja celebra el D\u00eda Mundial del Turismo con rutas, tapas y actividades culturales y familiares","datePublished":"2025-09-16T19:49:28+00:00","dateModified":"2025-09-16T19:49:31+00:00","mainEntityOfPage":{"@id":"https:\/\/www.torreviejagastronomica.com\/torrevieja-celebra-el-dia-mundial-del-turismo-con-rutas-tapas-y-actividades-culturales-y-familiares\/"},"wordCount":368,"commentCount":0,"publisher":{"@id":"https:\/\/www.torreviejagastronomica.com\/#organization"},"image":{"@id":"https:\/\/www.torreviejagastronomica.com\/torrevieja-celebra-el-dia-mundial-del-turismo-con-rutas-tapas-y-actividades-culturales-y-familiares\/#primaryimage"},"thumbnailUrl":"https:\/\/www.torreviejagastronomica.com\/wp-content\/uploads\/2025\/09\/turismo.jpg","articleSection":["Noticias"],"inLanguage":"en-GB","potentialAction":[{"@type":"CommentAction","name":"Comment","target":["https:\/\/www.torreviejagastronomica.com\/torrevieja-celebra-el-dia-mundial-del-turismo-con-rutas-tapas-y-actividades-culturales-y-familiares\/#respond"]}]},{"@type":"WebPage","@id":"https:\/\/www.torreviejagastronomica.com\/torrevieja-celebra-el-dia-mundial-del-turismo-con-rutas-tapas-y-actividades-culturales-y-familiares\/","url":"https:\/\/www.torreviejagastronomica.com\/torrevieja-celebra-el-dia-mundial-del-turismo-con-rutas-tapas-y-actividades-culturales-y-familiares\/","name":"Torrevieja celebra el D\u00eda Mundial del Turismo con rutas, tapas y actividades culturales y familiares - Torrevieja Gastron\u00f3mica","isPartOf":{"@id":"https:\/\/www.torreviejagastronomica.com\/#website"},"primaryImageOfPage":{"@id":"https:\/\/www.torreviejagastronomica.com\/torrevieja-celebra-el-dia-mundial-del-turismo-con-rutas-tapas-y-actividades-culturales-y-familiares\/#primaryimage"},"image":{"@id":"https:\/\/www.torreviejagastronomica.com\/torrevieja-celebra-el-dia-mundial-del-turismo-con-rutas-tapas-y-actividades-culturales-y-familiares\/#primaryimage"},"thumbnailUrl":"https:\/\/www.torreviejagastronomica.com\/wp-content\/uploads\/2025\/09\/turismo.jpg","datePublished":"2025-09-16T19:49:28+00:00","dateModified":"2025-09-16T19:49:31+00:00","breadcrumb":{"@id":"https:\/\/www.torreviejagastronomica.com\/torrevieja-celebra-el-dia-mundial-del-turismo-con-rutas-tapas-y-actividades-culturales-y-familiares\/#breadcrumb"},"inLanguage":"en-GB","potentialAction":[{"@type":"ReadAction","target":["https:\/\/www.torreviejagastronomica.com\/torrevieja-celebra-el-dia-mundial-del-turismo-con-rutas-tapas-y-actividades-culturales-y-familiares\/"]}]},{"@type":"ImageObject","inLanguage":"en-GB","@id":"https:\/\/www.torreviejagastronomica.com\/torrevieja-celebra-el-dia-mundial-del-turismo-con-rutas-tapas-y-actividades-culturales-y-familiares\/#primaryimage","url":"https:\/\/www.torreviejagastronomica.com\/wp-content\/uploads\/2025\/09\/turismo.jpg","contentUrl":"https:\/\/www.torreviejagastronomica.com\/wp-content\/uploads\/2025\/09\/turismo.jpg","width":1920,"height":1080},{"@type":"BreadcrumbList","@id":"https:\/\/www.torreviejagastronomica.com\/torrevieja-celebra-el-dia-mundial-del-turismo-con-rutas-tapas-y-actividades-culturales-y-familiares\/#breadcrumb","itemListElement":[{"@type":"ListItem","position":1,"name":"Portada","item":"https:\/\/www.torreviejagastronomica.com\/"},{"@type":"ListItem","position":2,"name":"Torrevieja celebra el D\u00eda Mundial del Turismo con rutas, tapas y actividades culturales y familiares"}]},{"@type":"WebSite","@id":"https:\/\/www.torreviejagastronomica.com\/#website","url":"https:\/\/www.torreviejagastronomica.com\/","name":"Torrevieja Gastron\u00f3mica","description":"Asociaci\u00f3n Hosteler\u00eda Torrevieja y Comarca","publisher":{"@id":"https:\/\/www.torreviejagastronomica.com\/#organization"},"potentialAction":[{"@type":"SearchAction","target":{"@type":"EntryPoint","urlTemplate":"https:\/\/www.torreviejagastronomica.com\/?s={search_term_string}"},"query-input":{"@type":"PropertyValueSpecification","valueRequired":true,"valueName":"search_term_string"}}],"inLanguage":"en-GB"},{"@type":"Organization","@id":"https:\/\/www.torreviejagastronomica.com\/#organization","name":"Torrevieja Gastron\u00f3mica","url":"https:\/\/www.torreviejagastronomica.com\/","logo":{"@type":"ImageObject","inLanguage":"en-GB","@id":"https:\/\/www.torreviejagastronomica.com\/#\/schema\/logo\/image\/","url":"https:\/\/www.torreviejagastronomica.com\/wp-content\/uploads\/2023\/09\/Logo-Torrevieja-Gastronomica.png","contentUrl":"https:\/\/www.torreviejagastronomica.com\/wp-content\/uploads\/2023\/09\/Logo-Torrevieja-Gastronomica.png","width":350,"height":100,"caption":"Torrevieja Gastron\u00f3mica"},"image":{"@id":"https:\/\/www.torreviejagastronomica.com\/#\/schema\/logo\/image\/"}},{"@type":"Person","@id":"https:\/\/www.torreviejagastronomica.com\/#\/schema\/person\/9e0116f808f941d46f9baadf5335f0a9","name":"Asociaci\u00f3n de Empresas de Hosteler\u00eda de Torrevieja y Comarca","image":{"@type":"ImageObject","inLanguage":"en-GB","@id":"https:\/\/www.torreviejagastronomica.com\/#\/schema\/person\/image\/","url":"https:\/\/secure.gravatar.com\/avatar\/32ba6ba6e685fc061412a65c4a8a8b6caaf6d90d0985a737a4015d36e84d2d1f?s=96&d=mm&r=g","contentUrl":"https:\/\/secure.gravatar.com\/avatar\/32ba6ba6e685fc061412a65c4a8a8b6caaf6d90d0985a737a4015d36e84d2d1f?s=96&d=mm&r=g","caption":"Asociaci\u00f3n de Empresas de Hosteler\u00eda de Torrevieja y Comarca"},"url":"https:\/\/www.torreviejagastronomica.com\/en\/author\/hosteleria\/"}]}},"_links":{"self":[{"href":"https:\/\/www.torreviejagastronomica.com\/en\/wp-json\/wp\/v2\/posts\/7472","targetHints":{"allow":["GET"]}}],"collection":[{"href":"https:\/\/www.torreviejagastronomica.com\/en\/wp-json\/wp\/v2\/posts"}],"about":[{"href":"https:\/\/www.torreviejagastronomica.com\/en\/wp-json\/wp\/v2\/types\/post"}],"author":[{"embeddable":true,"href":"https:\/\/www.torreviejagastronomica.com\/en\/wp-json\/wp\/v2\/users\/4"}],"replies":[{"embeddable":true,"href":"https:\/\/www.torreviejagastronomica.com\/en\/wp-json\/wp\/v2\/comments?post=7472"}],"version-history":[{"count":1,"href":"https:\/\/www.torreviejagastronomica.com\/en\/wp-json\/wp\/v2\/posts\/7472\/revisions"}],"predecessor-version":[{"id":7474,"href":"https:\/\/www.torreviejagastronomica.com\/en\/wp-json\/wp\/v2\/posts\/7472\/revisions\/7474"}],"wp:featuredmedia":[{"embeddable":true,"href":"https:\/\/www.torreviejagastronomica.com\/en\/wp-json\/wp\/v2\/media\/7473"}],"wp:attachment":[{"href":"https:\/\/www.torreviejagastronomica.com\/en\/wp-json\/wp\/v2\/media?parent=7472"}],"wp:term":[{"taxonomy":"category","embeddable":true,"href":"https:\/\/www.torreviejagastronomica.com\/en\/wp-json\/wp\/v2\/categories?post=7472"},{"taxonomy":"post_tag","embeddable":true,"href":"https:\/\/www.torreviejagastronomica.com\/en\/wp-json\/wp\/v2\/tags?post=7472"}],"curies":[{"name":"wp","href":"https:\/\/api.w.org\/{rel}","templated":true}]}}