{"id":7439,"date":"2025-09-10T13:56:01","date_gmt":"2025-09-10T11:56:01","guid":{"rendered":"https:\/\/www.torreviejagastronomica.com\/?p=7439"},"modified":"2025-09-10T13:56:04","modified_gmt":"2025-09-10T11:56:04","slug":"international-tapas-day-en-torrevieja-el-proximo-27-de-septiembre","status":"publish","type":"post","link":"https:\/\/www.torreviejagastronomica.com\/en\/international-tapas-day-en-torrevieja-el-proximo-27-de-septiembre\/","title":{"rendered":"International Tapas Day in Torrevieja on 27th September."},"content":{"rendered":"<p>The IX Edition of the International Tapas Day will be held in Torrevieja on 27 September 2025, coinciding with World Tourism Day, and will feature the participation of leading local restaurants and bars offering tapas and drinks at a single price of 3.5 \u20ac.<\/p>\n\n\n\n<h3 class=\"wp-block-heading\">International gastronomic event<\/h3>\n\n\n\n<p>Torrevieja's International Tapas Day returns for the ninth consecutive year, consolidating itself as an essential event for lovers of good food and tourists visiting the city. Throughout the day on Saturday 27 September, locals and visitors will be able to enjoy a wide variety of original tapas and drinks in more than a dozen participating establishments throughout the city.<\/p>\n\n\n\n<h3 class=\"wp-block-heading\">Outstanding participants and gastronomic proposals<\/h3>\n\n\n\n<p>Participating venues include restaurants such as <strong>Bianco Sea Emotion, La Cantina Food &amp; Drinks, Jax Torrevieja, N\u00e1ufragos Beach Club, Casa Luchy, Martini's, Rest. La Mata \"Felisa\", Hotel La Laguna Spa &amp; Golf, Guest Rest. Gastrobar, Luna Creciente Gastrobar, Rest. Catalina II, Rest. Pom Pom Pom Pom, Restaurante Diba, Cafeter\u00eda Kafeina and Rest.\/Hostal HB Torrevieja, <\/strong>which will feature creative tapas highlighting local produce such as artichokes, octopus, prawns, sirloin steak, cod and more.<\/p>\n\n\n\n<h3 class=\"wp-block-heading\">Raffles and photo competition<\/h3>\n\n\n\n<p>The event includes raffles for attendees and a photo contest on Instagram. Participants must share their images from the event and scan the available QR code to enter the prize draws.<\/p>\n\n\n\n<h3 class=\"wp-block-heading\">Organisation and partners<\/h3>\n\n\n\n<p>The International Tapas Day is organised by the Association of Hotel and Catering Businesses of Torrevieja and Region, the Torrevieja City Council, Costa Blanca, the Generalitat Valenciana, and L'Exquisit Mediterrani, with the collaboration of local companies and entities.<strong> <a href=\"https:\/\/www.makro.es\/\">Makro<\/a><\/strong> will be the official supplier of the event, this year it is<strong> artichoke.<\/strong><\/p>\n\n\n\n<h3 class=\"wp-block-heading\">Further information<\/h3>\n\n\n\n<p>To find out the full list of participants, the tapas on offer and how to participate in the raffles and competitions, we recommend you follow the social networks instagram @torrevieja_gastronomica Facebook @torreviejagastronomica1 and visit the website torreviejagastronomica.com.<\/p>\n\n\n\n<p><\/p>\n\n\n\n<figure class=\"wp-block-gallery has-nested-images columns-1 is-cropped wp-block-gallery-1 is-layout-flex wp-block-gallery-is-layout-flex\">\n<figure class=\"wp-block-image size-large\"><img fetchpriority=\"high\" decoding=\"async\" width=\"1024\" height=\"725\" data-id=\"7442\" src=\"https:\/\/www.torreviejagastronomica.com\/wp-content\/uploads\/2025\/09\/PHOTO-2025-09-08-14-58-40-2-1024x725.jpg\" alt=\"\" class=\"wp-image-7442\" srcset=\"https:\/\/www.torreviejagastronomica.com\/wp-content\/uploads\/2025\/09\/PHOTO-2025-09-08-14-58-40-2-1024x725.jpg 1024w, https:\/\/www.torreviejagastronomica.com\/wp-content\/uploads\/2025\/09\/PHOTO-2025-09-08-14-58-40-2-300x212.jpg 300w, https:\/\/www.torreviejagastronomica.com\/wp-content\/uploads\/2025\/09\/PHOTO-2025-09-08-14-58-40-2-768x544.jpg 768w, https:\/\/www.torreviejagastronomica.com\/wp-content\/uploads\/2025\/09\/PHOTO-2025-09-08-14-58-40-2-1536x1088.jpg 1536w, https:\/\/www.torreviejagastronomica.com\/wp-content\/uploads\/2025\/09\/PHOTO-2025-09-08-14-58-40-2-18x12.jpg 18w, https:\/\/www.torreviejagastronomica.com\/wp-content\/uploads\/2025\/09\/PHOTO-2025-09-08-14-58-40-2.jpg 1600w\" sizes=\"(max-width: 1024px) 100vw, 1024px\" \/><\/figure>\n\n\n\n<figure class=\"wp-block-image size-large\"><img decoding=\"async\" width=\"1024\" height=\"725\" data-id=\"7443\" src=\"https:\/\/www.torreviejagastronomica.com\/wp-content\/uploads\/2025\/09\/PHOTO-2025-09-08-14-58-40-1024x725.jpg\" alt=\"\" class=\"wp-image-7443\" srcset=\"https:\/\/www.torreviejagastronomica.com\/wp-content\/uploads\/2025\/09\/PHOTO-2025-09-08-14-58-40-1024x725.jpg 1024w, https:\/\/www.torreviejagastronomica.com\/wp-content\/uploads\/2025\/09\/PHOTO-2025-09-08-14-58-40-300x212.jpg 300w, https:\/\/www.torreviejagastronomica.com\/wp-content\/uploads\/2025\/09\/PHOTO-2025-09-08-14-58-40-768x544.jpg 768w, https:\/\/www.torreviejagastronomica.com\/wp-content\/uploads\/2025\/09\/PHOTO-2025-09-08-14-58-40-1536x1088.jpg 1536w, https:\/\/www.torreviejagastronomica.com\/wp-content\/uploads\/2025\/09\/PHOTO-2025-09-08-14-58-40-18x12.jpg 18w, https:\/\/www.torreviejagastronomica.com\/wp-content\/uploads\/2025\/09\/PHOTO-2025-09-08-14-58-40.jpg 1600w\" sizes=\"(max-width: 1024px) 100vw, 1024px\" \/><\/figure>\n<\/figure>\n\n\n\n<p><\/p>","protected":false},"excerpt":{"rendered":"<p>follow our networks for more information.<\/p>","protected":false},"author":4,"featured_media":7440,"comment_status":"open","ping_status":"open","sticky":false,"template":"","format":"standard","meta":{"footnotes":""},"categories":[8,7],"tags":[],"class_list":["post-7439","post","type-post","status-publish","format-standard","has-post-thumbnail","hentry","category-eventos","category-noticias"],"yoast_head":"<!-- This site is optimized with the Yoast SEO plugin v25.7 - https:\/\/yoast.com\/wordpress\/plugins\/seo\/ -->\n<title>International Tapas Day en Torrevieja el pr\u00f3ximo 27 de septiembre. - Torrevieja Gastron\u00f3mica<\/title>\n<meta name=\"robots\" content=\"index, follow, max-snippet:-1, max-image-preview:large, max-video-preview:-1\" \/>\n<link rel=\"canonical\" href=\"https:\/\/www.torreviejagastronomica.com\/en\/international-tapas-day-en-torrevieja-el-proximo-27-de-septiembre\/\" \/>\n<meta property=\"og:locale\" content=\"en_GB\" \/>\n<meta property=\"og:type\" content=\"article\" \/>\n<meta property=\"og:title\" content=\"International Tapas Day en Torrevieja el pr\u00f3ximo 27 de septiembre. - Torrevieja Gastron\u00f3mica\" \/>\n<meta property=\"og:description\" content=\"sigue nuestras redes para m\u00e1s informaci\u00f3n.\" \/>\n<meta property=\"og:url\" content=\"https:\/\/www.torreviejagastronomica.com\/en\/international-tapas-day-en-torrevieja-el-proximo-27-de-septiembre\/\" \/>\n<meta property=\"og:site_name\" content=\"Torrevieja Gastron\u00f3mica\" \/>\n<meta property=\"article:published_time\" content=\"2025-09-10T11:56:01+00:00\" \/>\n<meta property=\"article:modified_time\" content=\"2025-09-10T11:56:04+00:00\" \/>\n<meta property=\"og:image\" content=\"https:\/\/www.torreviejagastronomica.com\/wp-content\/uploads\/2025\/09\/Sin-titulo-1920-x-1080-px.jpg\" \/>\n\t<meta property=\"og:image:width\" content=\"1920\" \/>\n\t<meta property=\"og:image:height\" content=\"1080\" \/>\n\t<meta property=\"og:image:type\" content=\"image\/jpeg\" \/>\n<meta name=\"author\" content=\"Asociaci\u00f3n de Empresas de Hosteler\u00eda de Torrevieja y Comarca\" \/>\n<meta name=\"twitter:card\" content=\"summary_large_image\" \/>\n<meta name=\"twitter:label1\" content=\"Written by\" \/>\n\t<meta name=\"twitter:data1\" content=\"Asociaci\u00f3n de Empresas de Hosteler\u00eda de Torrevieja y Comarca\" \/>\n\t<meta name=\"twitter:label2\" content=\"Estimated reading time\" \/>\n\t<meta name=\"twitter:data2\" content=\"3 minutes\" \/>\n<script type=\"application\/ld+json\" class=\"yoast-schema-graph\">{\"@context\":\"https:\/\/schema.org\",\"@graph\":[{\"@type\":\"Article\",\"@id\":\"https:\/\/www.torreviejagastronomica.com\/international-tapas-day-en-torrevieja-el-proximo-27-de-septiembre\/#article\",\"isPartOf\":{\"@id\":\"https:\/\/www.torreviejagastronomica.com\/international-tapas-day-en-torrevieja-el-proximo-27-de-septiembre\/\"},\"author\":{\"name\":\"Asociaci\u00f3n de Empresas de Hosteler\u00eda de Torrevieja y Comarca\",\"@id\":\"https:\/\/www.torreviejagastronomica.com\/#\/schema\/person\/9e0116f808f941d46f9baadf5335f0a9\"},\"headline\":\"International Tapas Day en Torrevieja el pr\u00f3ximo 27 de septiembre.\",\"datePublished\":\"2025-09-10T11:56:01+00:00\",\"dateModified\":\"2025-09-10T11:56:04+00:00\",\"mainEntityOfPage\":{\"@id\":\"https:\/\/www.torreviejagastronomica.com\/international-tapas-day-en-torrevieja-el-proximo-27-de-septiembre\/\"},\"wordCount\":356,\"commentCount\":0,\"publisher\":{\"@id\":\"https:\/\/www.torreviejagastronomica.com\/#organization\"},\"image\":{\"@id\":\"https:\/\/www.torreviejagastronomica.com\/international-tapas-day-en-torrevieja-el-proximo-27-de-septiembre\/#primaryimage\"},\"thumbnailUrl\":\"https:\/\/www.torreviejagastronomica.com\/wp-content\/uploads\/2025\/09\/Sin-titulo-1920-x-1080-px.jpg\",\"articleSection\":[\"Eventos\",\"Noticias\"],\"inLanguage\":\"en-GB\",\"potentialAction\":[{\"@type\":\"CommentAction\",\"name\":\"Comment\",\"target\":[\"https:\/\/www.torreviejagastronomica.com\/international-tapas-day-en-torrevieja-el-proximo-27-de-septiembre\/#respond\"]}]},{\"@type\":\"WebPage\",\"@id\":\"https:\/\/www.torreviejagastronomica.com\/international-tapas-day-en-torrevieja-el-proximo-27-de-septiembre\/\",\"url\":\"https:\/\/www.torreviejagastronomica.com\/international-tapas-day-en-torrevieja-el-proximo-27-de-septiembre\/\",\"name\":\"International Tapas Day en Torrevieja el pr\u00f3ximo 27 de septiembre. - Torrevieja Gastron\u00f3mica\",\"isPartOf\":{\"@id\":\"https:\/\/www.torreviejagastronomica.com\/#website\"},\"primaryImageOfPage\":{\"@id\":\"https:\/\/www.torreviejagastronomica.com\/international-tapas-day-en-torrevieja-el-proximo-27-de-septiembre\/#primaryimage\"},\"image\":{\"@id\":\"https:\/\/www.torreviejagastronomica.com\/international-tapas-day-en-torrevieja-el-proximo-27-de-septiembre\/#primaryimage\"},\"thumbnailUrl\":\"https:\/\/www.torreviejagastronomica.com\/wp-content\/uploads\/2025\/09\/Sin-titulo-1920-x-1080-px.jpg\",\"datePublished\":\"2025-09-10T11:56:01+00:00\",\"dateModified\":\"2025-09-10T11:56:04+00:00\",\"breadcrumb\":{\"@id\":\"https:\/\/www.torreviejagastronomica.com\/international-tapas-day-en-torrevieja-el-proximo-27-de-septiembre\/#breadcrumb\"},\"inLanguage\":\"en-GB\",\"potentialAction\":[{\"@type\":\"ReadAction\",\"target\":[\"https:\/\/www.torreviejagastronomica.com\/international-tapas-day-en-torrevieja-el-proximo-27-de-septiembre\/\"]}]},{\"@type\":\"ImageObject\",\"inLanguage\":\"en-GB\",\"@id\":\"https:\/\/www.torreviejagastronomica.com\/international-tapas-day-en-torrevieja-el-proximo-27-de-septiembre\/#primaryimage\",\"url\":\"https:\/\/www.torreviejagastronomica.com\/wp-content\/uploads\/2025\/09\/Sin-titulo-1920-x-1080-px.jpg\",\"contentUrl\":\"https:\/\/www.torreviejagastronomica.com\/wp-content\/uploads\/2025\/09\/Sin-titulo-1920-x-1080-px.jpg\",\"width\":1920,\"height\":1080},{\"@type\":\"BreadcrumbList\",\"@id\":\"https:\/\/www.torreviejagastronomica.com\/international-tapas-day-en-torrevieja-el-proximo-27-de-septiembre\/#breadcrumb\",\"itemListElement\":[{\"@type\":\"ListItem\",\"position\":1,\"name\":\"Portada\",\"item\":\"https:\/\/www.torreviejagastronomica.com\/\"},{\"@type\":\"ListItem\",\"position\":2,\"name\":\"International Tapas Day en Torrevieja el pr\u00f3ximo 27 de septiembre.\"}]},{\"@type\":\"WebSite\",\"@id\":\"https:\/\/www.torreviejagastronomica.com\/#website\",\"url\":\"https:\/\/www.torreviejagastronomica.com\/\",\"name\":\"Torrevieja Gastron\u00f3mica\",\"description\":\"Asociaci\u00f3n Hosteler\u00eda Torrevieja y Comarca\",\"publisher\":{\"@id\":\"https:\/\/www.torreviejagastronomica.com\/#organization\"},\"potentialAction\":[{\"@type\":\"SearchAction\",\"target\":{\"@type\":\"EntryPoint\",\"urlTemplate\":\"https:\/\/www.torreviejagastronomica.com\/?s={search_term_string}\"},\"query-input\":{\"@type\":\"PropertyValueSpecification\",\"valueRequired\":true,\"valueName\":\"search_term_string\"}}],\"inLanguage\":\"en-GB\"},{\"@type\":\"Organization\",\"@id\":\"https:\/\/www.torreviejagastronomica.com\/#organization\",\"name\":\"Torrevieja Gastron\u00f3mica\",\"url\":\"https:\/\/www.torreviejagastronomica.com\/\",\"logo\":{\"@type\":\"ImageObject\",\"inLanguage\":\"en-GB\",\"@id\":\"https:\/\/www.torreviejagastronomica.com\/#\/schema\/logo\/image\/\",\"url\":\"https:\/\/www.torreviejagastronomica.com\/wp-content\/uploads\/2023\/09\/Logo-Torrevieja-Gastronomica.png\",\"contentUrl\":\"https:\/\/www.torreviejagastronomica.com\/wp-content\/uploads\/2023\/09\/Logo-Torrevieja-Gastronomica.png\",\"width\":350,\"height\":100,\"caption\":\"Torrevieja Gastron\u00f3mica\"},\"image\":{\"@id\":\"https:\/\/www.torreviejagastronomica.com\/#\/schema\/logo\/image\/\"}},{\"@type\":\"Person\",\"@id\":\"https:\/\/www.torreviejagastronomica.com\/#\/schema\/person\/9e0116f808f941d46f9baadf5335f0a9\",\"name\":\"Asociaci\u00f3n de Empresas de Hosteler\u00eda de Torrevieja y Comarca\",\"image\":{\"@type\":\"ImageObject\",\"inLanguage\":\"en-GB\",\"@id\":\"https:\/\/www.torreviejagastronomica.com\/#\/schema\/person\/image\/\",\"url\":\"https:\/\/secure.gravatar.com\/avatar\/32ba6ba6e685fc061412a65c4a8a8b6caaf6d90d0985a737a4015d36e84d2d1f?s=96&d=mm&r=g\",\"contentUrl\":\"https:\/\/secure.gravatar.com\/avatar\/32ba6ba6e685fc061412a65c4a8a8b6caaf6d90d0985a737a4015d36e84d2d1f?s=96&d=mm&r=g\",\"caption\":\"Asociaci\u00f3n de Empresas de Hosteler\u00eda de Torrevieja y Comarca\"},\"url\":\"https:\/\/www.torreviejagastronomica.com\/en\/author\/hosteleria\/\"}]}<\/script>\n<!-- \/ Yoast SEO plugin. -->","yoast_head_json":{"title":"International Tapas Day en Torrevieja el pr\u00f3ximo 27 de septiembre. - Torrevieja Gastron\u00f3mica","robots":{"index":"index","follow":"follow","max-snippet":"max-snippet:-1","max-image-preview":"max-image-preview:large","max-video-preview":"max-video-preview:-1"},"canonical":"https:\/\/www.torreviejagastronomica.com\/en\/international-tapas-day-en-torrevieja-el-proximo-27-de-septiembre\/","og_locale":"en_GB","og_type":"article","og_title":"International Tapas Day en Torrevieja el pr\u00f3ximo 27 de septiembre. - Torrevieja Gastron\u00f3mica","og_description":"sigue nuestras redes para m\u00e1s informaci\u00f3n.","og_url":"https:\/\/www.torreviejagastronomica.com\/en\/international-tapas-day-en-torrevieja-el-proximo-27-de-septiembre\/","og_site_name":"Torrevieja Gastron\u00f3mica","article_published_time":"2025-09-10T11:56:01+00:00","article_modified_time":"2025-09-10T11:56:04+00:00","og_image":[{"width":1920,"height":1080,"url":"https:\/\/www.torreviejagastronomica.com\/wp-content\/uploads\/2025\/09\/Sin-titulo-1920-x-1080-px.jpg","type":"image\/jpeg"}],"author":"Asociaci\u00f3n de Empresas de Hosteler\u00eda de Torrevieja y Comarca","twitter_card":"summary_large_image","twitter_misc":{"Written by":"Asociaci\u00f3n de Empresas de Hosteler\u00eda de Torrevieja y Comarca","Estimated reading time":"3 minutes"},"schema":{"@context":"https:\/\/schema.org","@graph":[{"@type":"Article","@id":"https:\/\/www.torreviejagastronomica.com\/international-tapas-day-en-torrevieja-el-proximo-27-de-septiembre\/#article","isPartOf":{"@id":"https:\/\/www.torreviejagastronomica.com\/international-tapas-day-en-torrevieja-el-proximo-27-de-septiembre\/"},"author":{"name":"Asociaci\u00f3n de Empresas de Hosteler\u00eda de Torrevieja y Comarca","@id":"https:\/\/www.torreviejagastronomica.com\/#\/schema\/person\/9e0116f808f941d46f9baadf5335f0a9"},"headline":"International Tapas Day en Torrevieja el pr\u00f3ximo 27 de septiembre.","datePublished":"2025-09-10T11:56:01+00:00","dateModified":"2025-09-10T11:56:04+00:00","mainEntityOfPage":{"@id":"https:\/\/www.torreviejagastronomica.com\/international-tapas-day-en-torrevieja-el-proximo-27-de-septiembre\/"},"wordCount":356,"commentCount":0,"publisher":{"@id":"https:\/\/www.torreviejagastronomica.com\/#organization"},"image":{"@id":"https:\/\/www.torreviejagastronomica.com\/international-tapas-day-en-torrevieja-el-proximo-27-de-septiembre\/#primaryimage"},"thumbnailUrl":"https:\/\/www.torreviejagastronomica.com\/wp-content\/uploads\/2025\/09\/Sin-titulo-1920-x-1080-px.jpg","articleSection":["Eventos","Noticias"],"inLanguage":"en-GB","potentialAction":[{"@type":"CommentAction","name":"Comment","target":["https:\/\/www.torreviejagastronomica.com\/international-tapas-day-en-torrevieja-el-proximo-27-de-septiembre\/#respond"]}]},{"@type":"WebPage","@id":"https:\/\/www.torreviejagastronomica.com\/international-tapas-day-en-torrevieja-el-proximo-27-de-septiembre\/","url":"https:\/\/www.torreviejagastronomica.com\/international-tapas-day-en-torrevieja-el-proximo-27-de-septiembre\/","name":"International Tapas Day en Torrevieja el pr\u00f3ximo 27 de septiembre. - Torrevieja Gastron\u00f3mica","isPartOf":{"@id":"https:\/\/www.torreviejagastronomica.com\/#website"},"primaryImageOfPage":{"@id":"https:\/\/www.torreviejagastronomica.com\/international-tapas-day-en-torrevieja-el-proximo-27-de-septiembre\/#primaryimage"},"image":{"@id":"https:\/\/www.torreviejagastronomica.com\/international-tapas-day-en-torrevieja-el-proximo-27-de-septiembre\/#primaryimage"},"thumbnailUrl":"https:\/\/www.torreviejagastronomica.com\/wp-content\/uploads\/2025\/09\/Sin-titulo-1920-x-1080-px.jpg","datePublished":"2025-09-10T11:56:01+00:00","dateModified":"2025-09-10T11:56:04+00:00","breadcrumb":{"@id":"https:\/\/www.torreviejagastronomica.com\/international-tapas-day-en-torrevieja-el-proximo-27-de-septiembre\/#breadcrumb"},"inLanguage":"en-GB","potentialAction":[{"@type":"ReadAction","target":["https:\/\/www.torreviejagastronomica.com\/international-tapas-day-en-torrevieja-el-proximo-27-de-septiembre\/"]}]},{"@type":"ImageObject","inLanguage":"en-GB","@id":"https:\/\/www.torreviejagastronomica.com\/international-tapas-day-en-torrevieja-el-proximo-27-de-septiembre\/#primaryimage","url":"https:\/\/www.torreviejagastronomica.com\/wp-content\/uploads\/2025\/09\/Sin-titulo-1920-x-1080-px.jpg","contentUrl":"https:\/\/www.torreviejagastronomica.com\/wp-content\/uploads\/2025\/09\/Sin-titulo-1920-x-1080-px.jpg","width":1920,"height":1080},{"@type":"BreadcrumbList","@id":"https:\/\/www.torreviejagastronomica.com\/international-tapas-day-en-torrevieja-el-proximo-27-de-septiembre\/#breadcrumb","itemListElement":[{"@type":"ListItem","position":1,"name":"Portada","item":"https:\/\/www.torreviejagastronomica.com\/"},{"@type":"ListItem","position":2,"name":"International Tapas Day en Torrevieja el pr\u00f3ximo 27 de septiembre."}]},{"@type":"WebSite","@id":"https:\/\/www.torreviejagastronomica.com\/#website","url":"https:\/\/www.torreviejagastronomica.com\/","name":"Torrevieja Gastron\u00f3mica","description":"Asociaci\u00f3n Hosteler\u00eda Torrevieja y Comarca","publisher":{"@id":"https:\/\/www.torreviejagastronomica.com\/#organization"},"potentialAction":[{"@type":"SearchAction","target":{"@type":"EntryPoint","urlTemplate":"https:\/\/www.torreviejagastronomica.com\/?s={search_term_string}"},"query-input":{"@type":"PropertyValueSpecification","valueRequired":true,"valueName":"search_term_string"}}],"inLanguage":"en-GB"},{"@type":"Organization","@id":"https:\/\/www.torreviejagastronomica.com\/#organization","name":"Torrevieja Gastron\u00f3mica","url":"https:\/\/www.torreviejagastronomica.com\/","logo":{"@type":"ImageObject","inLanguage":"en-GB","@id":"https:\/\/www.torreviejagastronomica.com\/#\/schema\/logo\/image\/","url":"https:\/\/www.torreviejagastronomica.com\/wp-content\/uploads\/2023\/09\/Logo-Torrevieja-Gastronomica.png","contentUrl":"https:\/\/www.torreviejagastronomica.com\/wp-content\/uploads\/2023\/09\/Logo-Torrevieja-Gastronomica.png","width":350,"height":100,"caption":"Torrevieja Gastron\u00f3mica"},"image":{"@id":"https:\/\/www.torreviejagastronomica.com\/#\/schema\/logo\/image\/"}},{"@type":"Person","@id":"https:\/\/www.torreviejagastronomica.com\/#\/schema\/person\/9e0116f808f941d46f9baadf5335f0a9","name":"Asociaci\u00f3n de Empresas de Hosteler\u00eda de Torrevieja y Comarca","image":{"@type":"ImageObject","inLanguage":"en-GB","@id":"https:\/\/www.torreviejagastronomica.com\/#\/schema\/person\/image\/","url":"https:\/\/secure.gravatar.com\/avatar\/32ba6ba6e685fc061412a65c4a8a8b6caaf6d90d0985a737a4015d36e84d2d1f?s=96&d=mm&r=g","contentUrl":"https:\/\/secure.gravatar.com\/avatar\/32ba6ba6e685fc061412a65c4a8a8b6caaf6d90d0985a737a4015d36e84d2d1f?s=96&d=mm&r=g","caption":"Asociaci\u00f3n de Empresas de Hosteler\u00eda de Torrevieja y Comarca"},"url":"https:\/\/www.torreviejagastronomica.com\/en\/author\/hosteleria\/"}]}},"_links":{"self":[{"href":"https:\/\/www.torreviejagastronomica.com\/en\/wp-json\/wp\/v2\/posts\/7439","targetHints":{"allow":["GET"]}}],"collection":[{"href":"https:\/\/www.torreviejagastronomica.com\/en\/wp-json\/wp\/v2\/posts"}],"about":[{"href":"https:\/\/www.torreviejagastronomica.com\/en\/wp-json\/wp\/v2\/types\/post"}],"author":[{"embeddable":true,"href":"https:\/\/www.torreviejagastronomica.com\/en\/wp-json\/wp\/v2\/users\/4"}],"replies":[{"embeddable":true,"href":"https:\/\/www.torreviejagastronomica.com\/en\/wp-json\/wp\/v2\/comments?post=7439"}],"version-history":[{"count":1,"href":"https:\/\/www.torreviejagastronomica.com\/en\/wp-json\/wp\/v2\/posts\/7439\/revisions"}],"predecessor-version":[{"id":7444,"href":"https:\/\/www.torreviejagastronomica.com\/en\/wp-json\/wp\/v2\/posts\/7439\/revisions\/7444"}],"wp:featuredmedia":[{"embeddable":true,"href":"https:\/\/www.torreviejagastronomica.com\/en\/wp-json\/wp\/v2\/media\/7440"}],"wp:attachment":[{"href":"https:\/\/www.torreviejagastronomica.com\/en\/wp-json\/wp\/v2\/media?parent=7439"}],"wp:term":[{"taxonomy":"category","embeddable":true,"href":"https:\/\/www.torreviejagastronomica.com\/en\/wp-json\/wp\/v2\/categories?post=7439"},{"taxonomy":"post_tag","embeddable":true,"href":"https:\/\/www.torreviejagastronomica.com\/en\/wp-json\/wp\/v2\/tags?post=7439"}],"curies":[{"name":"wp","href":"https:\/\/api.w.org\/{rel}","templated":true}]}}