{"id":7377,"date":"2025-08-21T13:10:13","date_gmt":"2025-08-21T11:10:13","guid":{"rendered":"https:\/\/www.torreviejagastronomica.com\/?p=7377"},"modified":"2025-08-21T13:13:24","modified_gmt":"2025-08-21T11:13:24","slug":"international-tapas-day-2025-inscripciones-abiertas","status":"publish","type":"post","link":"https:\/\/www.torreviejagastronomica.com\/en\/international-tapas-day-2025-inscripciones-abiertas\/","title":{"rendered":"International Tapas Day 2025: registration now open"},"content":{"rendered":"<p>The <strong>International Tapas Day 2025<\/strong> will be held on <strong>Saturday, 27 September<\/strong>coinciding with International Tourism Day. The registration period for associated establishments is now open.<\/p>\n\n\n\n<h2 class=\"wp-block-heading\">New for 2025: TAPA MAKRO Competition<\/h2>\n\n\n\n<p>This year's edition includes an exclusive competition with <strong>Makro<\/strong>our official supplier.<br>\ud83d\udc49 It shall be compulsory to draw up the <strong>MAKRO COVER<\/strong>with <strong>artichoke heart<\/strong> as the main ingredient.<\/p>\n\n\n\n<h3 class=\"wp-block-heading\">Main rules of the competition:<\/h3>\n\n\n\n<ul class=\"wp-block-list\">\n<li><strong>Makro<\/strong> will provide free of charge to each participant <strong>5 trays<\/strong> (100 pieces) of deep-frozen candied artichoke hearts.<\/li>\n\n\n\n<li>A jury will visit all participating venues on the day of the event and will assess:\n<ul class=\"wp-block-list\">\n<li>Taste<\/li>\n\n\n\n<li>Originality<\/li>\n\n\n\n<li>Elaboration<\/li>\n<\/ul>\n<\/li>\n<\/ul>\n\n\n\n<p><strong>Awards:<\/strong><br>\ud83e\udd47 1st Prize: Trolley worth 400 \u20ac at Makro<br>\ud83e\udd48 2nd Prize: Trolley valued at 300 \u20ac at Makro<\/p>\n\n\n\n<p>The winners will be announced on <strong>monday, 29 september<\/strong>. Attendance at the prize-giving ceremony is compulsory.<\/p>\n\n\n\n<h2 class=\"wp-block-heading\">Registration<\/h2>\n\n\n\n<ul class=\"wp-block-list\">\n<li>Send <strong>attached form<\/strong> + <strong>logo of the establishment<\/strong> a: <strong><a href=\"mailto:correo@aehtc.net\">correo@aehtc.net<\/a><\/strong><\/li>\n\n\n\n<li><strong>Deadline:<\/strong> Wednesday, <strong>3 September 2025<\/strong> (late registrations will not be accepted).<\/li>\n\n\n\n<li><strong>Requirements:<\/strong> only for members in good standing.<\/li>\n<\/ul>\n\n\n\n<h2 class=\"wp-block-heading\">Gastronomic offer<\/h2>\n\n\n\n<p>During the <strong>27 September<\/strong> (noon from 13:00 to 16:00 h and evening from 20:00 to 23:59 h), each establishment will offer:<\/p>\n\n\n\n<ul class=\"wp-block-list\">\n<li><strong>Minimum 2 different caps<\/strong> accompanied by a drink.<\/li>\n\n\n\n<li><strong>Single price:<\/strong> 3,50 \u20ac<\/li>\n\n\n\n<li>One of them will be the <strong>MAKRO COVER<\/strong> with artichoke heart.<\/li>\n<\/ul>\n\n\n\n<h2 class=\"wp-block-heading\">Social media promotion<\/h2>\n\n\n\n<p>It is recommended to send images of your tapas for dissemination in our networks.<\/p>\n\n\n\n<p>\ud83d\udcde For questions or help in the process: <strong>678 673 494<\/strong> o <strong><a href=\"mailto:correo@aehtc.net\">correo@aehtc.net<\/a><\/strong>.<\/p>\n\n\n\n<h3 class=\"wp-block-heading\"><\/h3>\n\n\n\n<div data-wp-interactive=\"core\/file\" class=\"wp-block-file\"><object data-wp-bind--hidden=\"!state.hasPdfPreview\" hidden class=\"wp-block-file__embed\" data=\"https:\/\/www.torreviejagastronomica.com\/wp-content\/uploads\/2025\/08\/Formulario-inscripcion-International-Tapas-Day-2025.pdf\" type=\"application\/pdf\" style=\"width:100%;height:600px\" aria-label=\"Embed of International Tapas Day 2025 registration form.\"><\/object><a id=\"wp-block-file--media-1eb0a009-3a91-4a85-9bb5-45fdd5dd8832\" href=\"https:\/\/www.torreviejagastronomica.com\/wp-content\/uploads\/2025\/08\/Formulario-inscripcion-International-Tapas-Day-2025.pdf\">Registration form International Tapas Day 2025<\/a><a href=\"https:\/\/www.torreviejagastronomica.com\/wp-content\/uploads\/2025\/08\/Formulario-inscripcion-International-Tapas-Day-2025.pdf\" class=\"wp-block-file__button wp-element-button\" download aria-describedby=\"wp-block-file--media-1eb0a009-3a91-4a85-9bb5-45fdd5dd8832\">Download<\/a><\/div>\n\n\n\n<div data-wp-interactive=\"core\/file\" class=\"wp-block-file\"><object data-wp-bind--hidden=\"!state.hasPdfPreview\" hidden class=\"wp-block-file__embed\" data=\"https:\/\/www.torreviejagastronomica.com\/wp-content\/uploads\/2025\/08\/Bases-de-Participacion-International-Tapas-Day-2025.pdf\" type=\"application\/pdf\" style=\"width:100%;height:600px\" aria-label=\"Embed of Rules of Participation International Tapas Day 2025.\"><\/object><a id=\"wp-block-file--media-afa5d0f4-4e32-4615-8af3-dcb5ed4a076b\" href=\"https:\/\/www.torreviejagastronomica.com\/wp-content\/uploads\/2025\/08\/Bases-de-Participacion-International-Tapas-Day-2025.pdf\">Rules of Participation International Tapas Day 2025<\/a><a href=\"https:\/\/www.torreviejagastronomica.com\/wp-content\/uploads\/2025\/08\/Bases-de-Participacion-International-Tapas-Day-2025.pdf\" class=\"wp-block-file__button wp-element-button\" download aria-describedby=\"wp-block-file--media-afa5d0f4-4e32-4615-8af3-dcb5ed4a076b\">Download<\/a><\/div>","protected":false},"excerpt":{"rendered":"<p>The winners will be announced on Monday, 29 September. Attendance at the awards ceremony is compulsory.<\/p>","protected":false},"author":4,"featured_media":7380,"comment_status":"open","ping_status":"open","sticky":false,"template":"","format":"standard","meta":{"footnotes":""},"categories":[7],"tags":[],"class_list":["post-7377","post","type-post","status-publish","format-standard","has-post-thumbnail","hentry","category-noticias"],"yoast_head":"<!-- This site is optimized with the Yoast SEO plugin v25.7 - https:\/\/yoast.com\/wordpress\/plugins\/seo\/ -->\n<title>International Tapas Day 2025: inscripciones abiertas - Torrevieja Gastron\u00f3mica<\/title>\n<meta name=\"description\" content=\"Abiertas las inscripciones para el International Tapas Day 2025, el 27 de septiembre. Participa con tu establecimiento en el concurso TAPA MAKRO con coraz\u00f3n de alcachofa y opta a premios en Makro.\" \/>\n<meta name=\"robots\" content=\"index, follow, max-snippet:-1, max-image-preview:large, max-video-preview:-1\" \/>\n<link rel=\"canonical\" href=\"https:\/\/www.torreviejagastronomica.com\/en\/international-tapas-day-2025-inscripciones-abiertas\/\" \/>\n<meta property=\"og:locale\" content=\"en_GB\" \/>\n<meta property=\"og:type\" content=\"article\" \/>\n<meta property=\"og:title\" content=\"International Tapas Day 2025: inscripciones abiertas - Torrevieja Gastron\u00f3mica\" \/>\n<meta property=\"og:description\" content=\"Abiertas las inscripciones para el International Tapas Day 2025, el 27 de septiembre. Participa con tu establecimiento en el concurso TAPA MAKRO con coraz\u00f3n de alcachofa y opta a premios en Makro.\" \/>\n<meta property=\"og:url\" content=\"https:\/\/www.torreviejagastronomica.com\/en\/international-tapas-day-2025-inscripciones-abiertas\/\" \/>\n<meta property=\"og:site_name\" content=\"Torrevieja Gastron\u00f3mica\" \/>\n<meta property=\"article:published_time\" content=\"2025-08-21T11:10:13+00:00\" \/>\n<meta property=\"article:modified_time\" content=\"2025-08-21T11:13:24+00:00\" \/>\n<meta property=\"og:image\" content=\"https:\/\/www.torreviejagastronomica.com\/wp-content\/uploads\/2025\/08\/FORMATO-WEB.png\" \/>\n\t<meta property=\"og:image:width\" content=\"2101\" \/>\n\t<meta property=\"og:image:height\" content=\"945\" \/>\n\t<meta property=\"og:image:type\" content=\"image\/png\" \/>\n<meta name=\"author\" content=\"Asociaci\u00f3n de Empresas de Hosteler\u00eda de Torrevieja y Comarca\" \/>\n<meta name=\"twitter:card\" content=\"summary_large_image\" \/>\n<meta name=\"twitter:label1\" content=\"Written by\" \/>\n\t<meta name=\"twitter:data1\" content=\"Asociaci\u00f3n de Empresas de Hosteler\u00eda de Torrevieja y Comarca\" \/>\n\t<meta name=\"twitter:label2\" content=\"Estimated reading time\" \/>\n\t<meta name=\"twitter:data2\" content=\"2 minutes\" \/>\n<script type=\"application\/ld+json\" class=\"yoast-schema-graph\">{\"@context\":\"https:\/\/schema.org\",\"@graph\":[{\"@type\":\"Article\",\"@id\":\"https:\/\/www.torreviejagastronomica.com\/international-tapas-day-2025-inscripciones-abiertas\/#article\",\"isPartOf\":{\"@id\":\"https:\/\/www.torreviejagastronomica.com\/international-tapas-day-2025-inscripciones-abiertas\/\"},\"author\":{\"name\":\"Asociaci\u00f3n de Empresas de Hosteler\u00eda de Torrevieja y Comarca\",\"@id\":\"https:\/\/www.torreviejagastronomica.com\/#\/schema\/person\/9e0116f808f941d46f9baadf5335f0a9\"},\"headline\":\"International Tapas Day 2025: inscripciones abiertas\",\"datePublished\":\"2025-08-21T11:10:13+00:00\",\"dateModified\":\"2025-08-21T11:13:24+00:00\",\"mainEntityOfPage\":{\"@id\":\"https:\/\/www.torreviejagastronomica.com\/international-tapas-day-2025-inscripciones-abiertas\/\"},\"wordCount\":264,\"commentCount\":0,\"publisher\":{\"@id\":\"https:\/\/www.torreviejagastronomica.com\/#organization\"},\"image\":{\"@id\":\"https:\/\/www.torreviejagastronomica.com\/international-tapas-day-2025-inscripciones-abiertas\/#primaryimage\"},\"thumbnailUrl\":\"https:\/\/www.torreviejagastronomica.com\/wp-content\/uploads\/2025\/08\/FORMATO-WEB.png\",\"articleSection\":[\"Noticias\"],\"inLanguage\":\"en-GB\",\"potentialAction\":[{\"@type\":\"CommentAction\",\"name\":\"Comment\",\"target\":[\"https:\/\/www.torreviejagastronomica.com\/international-tapas-day-2025-inscripciones-abiertas\/#respond\"]}]},{\"@type\":\"WebPage\",\"@id\":\"https:\/\/www.torreviejagastronomica.com\/international-tapas-day-2025-inscripciones-abiertas\/\",\"url\":\"https:\/\/www.torreviejagastronomica.com\/international-tapas-day-2025-inscripciones-abiertas\/\",\"name\":\"International Tapas Day 2025: inscripciones abiertas - Torrevieja Gastron\u00f3mica\",\"isPartOf\":{\"@id\":\"https:\/\/www.torreviejagastronomica.com\/#website\"},\"primaryImageOfPage\":{\"@id\":\"https:\/\/www.torreviejagastronomica.com\/international-tapas-day-2025-inscripciones-abiertas\/#primaryimage\"},\"image\":{\"@id\":\"https:\/\/www.torreviejagastronomica.com\/international-tapas-day-2025-inscripciones-abiertas\/#primaryimage\"},\"thumbnailUrl\":\"https:\/\/www.torreviejagastronomica.com\/wp-content\/uploads\/2025\/08\/FORMATO-WEB.png\",\"datePublished\":\"2025-08-21T11:10:13+00:00\",\"dateModified\":\"2025-08-21T11:13:24+00:00\",\"description\":\"Abiertas las inscripciones para el International Tapas Day 2025, el 27 de septiembre. Participa con tu establecimiento en el concurso TAPA MAKRO con coraz\u00f3n de alcachofa y opta a premios en Makro.\",\"breadcrumb\":{\"@id\":\"https:\/\/www.torreviejagastronomica.com\/international-tapas-day-2025-inscripciones-abiertas\/#breadcrumb\"},\"inLanguage\":\"en-GB\",\"potentialAction\":[{\"@type\":\"ReadAction\",\"target\":[\"https:\/\/www.torreviejagastronomica.com\/international-tapas-day-2025-inscripciones-abiertas\/\"]}]},{\"@type\":\"ImageObject\",\"inLanguage\":\"en-GB\",\"@id\":\"https:\/\/www.torreviejagastronomica.com\/international-tapas-day-2025-inscripciones-abiertas\/#primaryimage\",\"url\":\"https:\/\/www.torreviejagastronomica.com\/wp-content\/uploads\/2025\/08\/FORMATO-WEB.png\",\"contentUrl\":\"https:\/\/www.torreviejagastronomica.com\/wp-content\/uploads\/2025\/08\/FORMATO-WEB.png\",\"width\":2101,\"height\":945},{\"@type\":\"BreadcrumbList\",\"@id\":\"https:\/\/www.torreviejagastronomica.com\/international-tapas-day-2025-inscripciones-abiertas\/#breadcrumb\",\"itemListElement\":[{\"@type\":\"ListItem\",\"position\":1,\"name\":\"Portada\",\"item\":\"https:\/\/www.torreviejagastronomica.com\/\"},{\"@type\":\"ListItem\",\"position\":2,\"name\":\"International Tapas Day 2025: inscripciones abiertas\"}]},{\"@type\":\"WebSite\",\"@id\":\"https:\/\/www.torreviejagastronomica.com\/#website\",\"url\":\"https:\/\/www.torreviejagastronomica.com\/\",\"name\":\"Torrevieja Gastron\u00f3mica\",\"description\":\"Asociaci\u00f3n Hosteler\u00eda Torrevieja y Comarca\",\"publisher\":{\"@id\":\"https:\/\/www.torreviejagastronomica.com\/#organization\"},\"potentialAction\":[{\"@type\":\"SearchAction\",\"target\":{\"@type\":\"EntryPoint\",\"urlTemplate\":\"https:\/\/www.torreviejagastronomica.com\/?s={search_term_string}\"},\"query-input\":{\"@type\":\"PropertyValueSpecification\",\"valueRequired\":true,\"valueName\":\"search_term_string\"}}],\"inLanguage\":\"en-GB\"},{\"@type\":\"Organization\",\"@id\":\"https:\/\/www.torreviejagastronomica.com\/#organization\",\"name\":\"Torrevieja Gastron\u00f3mica\",\"url\":\"https:\/\/www.torreviejagastronomica.com\/\",\"logo\":{\"@type\":\"ImageObject\",\"inLanguage\":\"en-GB\",\"@id\":\"https:\/\/www.torreviejagastronomica.com\/#\/schema\/logo\/image\/\",\"url\":\"https:\/\/www.torreviejagastronomica.com\/wp-content\/uploads\/2023\/09\/Logo-Torrevieja-Gastronomica.png\",\"contentUrl\":\"https:\/\/www.torreviejagastronomica.com\/wp-content\/uploads\/2023\/09\/Logo-Torrevieja-Gastronomica.png\",\"width\":350,\"height\":100,\"caption\":\"Torrevieja Gastron\u00f3mica\"},\"image\":{\"@id\":\"https:\/\/www.torreviejagastronomica.com\/#\/schema\/logo\/image\/\"}},{\"@type\":\"Person\",\"@id\":\"https:\/\/www.torreviejagastronomica.com\/#\/schema\/person\/9e0116f808f941d46f9baadf5335f0a9\",\"name\":\"Asociaci\u00f3n de Empresas de Hosteler\u00eda de Torrevieja y Comarca\",\"image\":{\"@type\":\"ImageObject\",\"inLanguage\":\"en-GB\",\"@id\":\"https:\/\/www.torreviejagastronomica.com\/#\/schema\/person\/image\/\",\"url\":\"https:\/\/secure.gravatar.com\/avatar\/32ba6ba6e685fc061412a65c4a8a8b6caaf6d90d0985a737a4015d36e84d2d1f?s=96&d=mm&r=g\",\"contentUrl\":\"https:\/\/secure.gravatar.com\/avatar\/32ba6ba6e685fc061412a65c4a8a8b6caaf6d90d0985a737a4015d36e84d2d1f?s=96&d=mm&r=g\",\"caption\":\"Asociaci\u00f3n de Empresas de Hosteler\u00eda de Torrevieja y Comarca\"},\"url\":\"https:\/\/www.torreviejagastronomica.com\/en\/author\/hosteleria\/\"}]}<\/script>\n<!-- \/ Yoast SEO plugin. -->","yoast_head_json":{"title":"International Tapas Day 2025: inscripciones abiertas - Torrevieja Gastron\u00f3mica","description":"Abiertas las inscripciones para el International Tapas Day 2025, el 27 de septiembre. Participa con tu establecimiento en el concurso TAPA MAKRO con coraz\u00f3n de alcachofa y opta a premios en Makro.","robots":{"index":"index","follow":"follow","max-snippet":"max-snippet:-1","max-image-preview":"max-image-preview:large","max-video-preview":"max-video-preview:-1"},"canonical":"https:\/\/www.torreviejagastronomica.com\/en\/international-tapas-day-2025-inscripciones-abiertas\/","og_locale":"en_GB","og_type":"article","og_title":"International Tapas Day 2025: inscripciones abiertas - Torrevieja Gastron\u00f3mica","og_description":"Abiertas las inscripciones para el International Tapas Day 2025, el 27 de septiembre. Participa con tu establecimiento en el concurso TAPA MAKRO con coraz\u00f3n de alcachofa y opta a premios en Makro.","og_url":"https:\/\/www.torreviejagastronomica.com\/en\/international-tapas-day-2025-inscripciones-abiertas\/","og_site_name":"Torrevieja Gastron\u00f3mica","article_published_time":"2025-08-21T11:10:13+00:00","article_modified_time":"2025-08-21T11:13:24+00:00","og_image":[{"width":2101,"height":945,"url":"https:\/\/www.torreviejagastronomica.com\/wp-content\/uploads\/2025\/08\/FORMATO-WEB.png","type":"image\/png"}],"author":"Asociaci\u00f3n de Empresas de Hosteler\u00eda de Torrevieja y Comarca","twitter_card":"summary_large_image","twitter_misc":{"Written by":"Asociaci\u00f3n de Empresas de Hosteler\u00eda de Torrevieja y Comarca","Estimated reading time":"2 minutes"},"schema":{"@context":"https:\/\/schema.org","@graph":[{"@type":"Article","@id":"https:\/\/www.torreviejagastronomica.com\/international-tapas-day-2025-inscripciones-abiertas\/#article","isPartOf":{"@id":"https:\/\/www.torreviejagastronomica.com\/international-tapas-day-2025-inscripciones-abiertas\/"},"author":{"name":"Asociaci\u00f3n de Empresas de Hosteler\u00eda de Torrevieja y Comarca","@id":"https:\/\/www.torreviejagastronomica.com\/#\/schema\/person\/9e0116f808f941d46f9baadf5335f0a9"},"headline":"International Tapas Day 2025: inscripciones abiertas","datePublished":"2025-08-21T11:10:13+00:00","dateModified":"2025-08-21T11:13:24+00:00","mainEntityOfPage":{"@id":"https:\/\/www.torreviejagastronomica.com\/international-tapas-day-2025-inscripciones-abiertas\/"},"wordCount":264,"commentCount":0,"publisher":{"@id":"https:\/\/www.torreviejagastronomica.com\/#organization"},"image":{"@id":"https:\/\/www.torreviejagastronomica.com\/international-tapas-day-2025-inscripciones-abiertas\/#primaryimage"},"thumbnailUrl":"https:\/\/www.torreviejagastronomica.com\/wp-content\/uploads\/2025\/08\/FORMATO-WEB.png","articleSection":["Noticias"],"inLanguage":"en-GB","potentialAction":[{"@type":"CommentAction","name":"Comment","target":["https:\/\/www.torreviejagastronomica.com\/international-tapas-day-2025-inscripciones-abiertas\/#respond"]}]},{"@type":"WebPage","@id":"https:\/\/www.torreviejagastronomica.com\/international-tapas-day-2025-inscripciones-abiertas\/","url":"https:\/\/www.torreviejagastronomica.com\/international-tapas-day-2025-inscripciones-abiertas\/","name":"International Tapas Day 2025: inscripciones abiertas - Torrevieja Gastron\u00f3mica","isPartOf":{"@id":"https:\/\/www.torreviejagastronomica.com\/#website"},"primaryImageOfPage":{"@id":"https:\/\/www.torreviejagastronomica.com\/international-tapas-day-2025-inscripciones-abiertas\/#primaryimage"},"image":{"@id":"https:\/\/www.torreviejagastronomica.com\/international-tapas-day-2025-inscripciones-abiertas\/#primaryimage"},"thumbnailUrl":"https:\/\/www.torreviejagastronomica.com\/wp-content\/uploads\/2025\/08\/FORMATO-WEB.png","datePublished":"2025-08-21T11:10:13+00:00","dateModified":"2025-08-21T11:13:24+00:00","description":"Abiertas las inscripciones para el International Tapas Day 2025, el 27 de septiembre. Participa con tu establecimiento en el concurso TAPA MAKRO con coraz\u00f3n de alcachofa y opta a premios en Makro.","breadcrumb":{"@id":"https:\/\/www.torreviejagastronomica.com\/international-tapas-day-2025-inscripciones-abiertas\/#breadcrumb"},"inLanguage":"en-GB","potentialAction":[{"@type":"ReadAction","target":["https:\/\/www.torreviejagastronomica.com\/international-tapas-day-2025-inscripciones-abiertas\/"]}]},{"@type":"ImageObject","inLanguage":"en-GB","@id":"https:\/\/www.torreviejagastronomica.com\/international-tapas-day-2025-inscripciones-abiertas\/#primaryimage","url":"https:\/\/www.torreviejagastronomica.com\/wp-content\/uploads\/2025\/08\/FORMATO-WEB.png","contentUrl":"https:\/\/www.torreviejagastronomica.com\/wp-content\/uploads\/2025\/08\/FORMATO-WEB.png","width":2101,"height":945},{"@type":"BreadcrumbList","@id":"https:\/\/www.torreviejagastronomica.com\/international-tapas-day-2025-inscripciones-abiertas\/#breadcrumb","itemListElement":[{"@type":"ListItem","position":1,"name":"Portada","item":"https:\/\/www.torreviejagastronomica.com\/"},{"@type":"ListItem","position":2,"name":"International Tapas Day 2025: inscripciones abiertas"}]},{"@type":"WebSite","@id":"https:\/\/www.torreviejagastronomica.com\/#website","url":"https:\/\/www.torreviejagastronomica.com\/","name":"Torrevieja Gastron\u00f3mica","description":"Asociaci\u00f3n Hosteler\u00eda Torrevieja y Comarca","publisher":{"@id":"https:\/\/www.torreviejagastronomica.com\/#organization"},"potentialAction":[{"@type":"SearchAction","target":{"@type":"EntryPoint","urlTemplate":"https:\/\/www.torreviejagastronomica.com\/?s={search_term_string}"},"query-input":{"@type":"PropertyValueSpecification","valueRequired":true,"valueName":"search_term_string"}}],"inLanguage":"en-GB"},{"@type":"Organization","@id":"https:\/\/www.torreviejagastronomica.com\/#organization","name":"Torrevieja Gastron\u00f3mica","url":"https:\/\/www.torreviejagastronomica.com\/","logo":{"@type":"ImageObject","inLanguage":"en-GB","@id":"https:\/\/www.torreviejagastronomica.com\/#\/schema\/logo\/image\/","url":"https:\/\/www.torreviejagastronomica.com\/wp-content\/uploads\/2023\/09\/Logo-Torrevieja-Gastronomica.png","contentUrl":"https:\/\/www.torreviejagastronomica.com\/wp-content\/uploads\/2023\/09\/Logo-Torrevieja-Gastronomica.png","width":350,"height":100,"caption":"Torrevieja Gastron\u00f3mica"},"image":{"@id":"https:\/\/www.torreviejagastronomica.com\/#\/schema\/logo\/image\/"}},{"@type":"Person","@id":"https:\/\/www.torreviejagastronomica.com\/#\/schema\/person\/9e0116f808f941d46f9baadf5335f0a9","name":"Asociaci\u00f3n de Empresas de Hosteler\u00eda de Torrevieja y Comarca","image":{"@type":"ImageObject","inLanguage":"en-GB","@id":"https:\/\/www.torreviejagastronomica.com\/#\/schema\/person\/image\/","url":"https:\/\/secure.gravatar.com\/avatar\/32ba6ba6e685fc061412a65c4a8a8b6caaf6d90d0985a737a4015d36e84d2d1f?s=96&d=mm&r=g","contentUrl":"https:\/\/secure.gravatar.com\/avatar\/32ba6ba6e685fc061412a65c4a8a8b6caaf6d90d0985a737a4015d36e84d2d1f?s=96&d=mm&r=g","caption":"Asociaci\u00f3n de Empresas de Hosteler\u00eda de Torrevieja y Comarca"},"url":"https:\/\/www.torreviejagastronomica.com\/en\/author\/hosteleria\/"}]}},"_links":{"self":[{"href":"https:\/\/www.torreviejagastronomica.com\/en\/wp-json\/wp\/v2\/posts\/7377","targetHints":{"allow":["GET"]}}],"collection":[{"href":"https:\/\/www.torreviejagastronomica.com\/en\/wp-json\/wp\/v2\/posts"}],"about":[{"href":"https:\/\/www.torreviejagastronomica.com\/en\/wp-json\/wp\/v2\/types\/post"}],"author":[{"embeddable":true,"href":"https:\/\/www.torreviejagastronomica.com\/en\/wp-json\/wp\/v2\/users\/4"}],"replies":[{"embeddable":true,"href":"https:\/\/www.torreviejagastronomica.com\/en\/wp-json\/wp\/v2\/comments?post=7377"}],"version-history":[{"count":1,"href":"https:\/\/www.torreviejagastronomica.com\/en\/wp-json\/wp\/v2\/posts\/7377\/revisions"}],"predecessor-version":[{"id":7381,"href":"https:\/\/www.torreviejagastronomica.com\/en\/wp-json\/wp\/v2\/posts\/7377\/revisions\/7381"}],"wp:featuredmedia":[{"embeddable":true,"href":"https:\/\/www.torreviejagastronomica.com\/en\/wp-json\/wp\/v2\/media\/7380"}],"wp:attachment":[{"href":"https:\/\/www.torreviejagastronomica.com\/en\/wp-json\/wp\/v2\/media?parent=7377"}],"wp:term":[{"taxonomy":"category","embeddable":true,"href":"https:\/\/www.torreviejagastronomica.com\/en\/wp-json\/wp\/v2\/categories?post=7377"},{"taxonomy":"post_tag","embeddable":true,"href":"https:\/\/www.torreviejagastronomica.com\/en\/wp-json\/wp\/v2\/tags?post=7377"}],"curies":[{"name":"wp","href":"https:\/\/api.w.org\/{rel}","templated":true}]}}