{"id":6776,"date":"2025-08-10T19:25:01","date_gmt":"2025-08-10T17:25:01","guid":{"rendered":"https:\/\/www.torreviejagastronomica.com\/?p=6776"},"modified":"2025-08-10T19:25:04","modified_gmt":"2025-08-10T17:25:04","slug":"torrevieja-clausura-con-exito-la-edicion-2025-de-las-jornadas-gastronomicas-torrevieja-y-el-mar","status":"publish","type":"post","link":"https:\/\/www.torreviejagastronomica.com\/en\/torrevieja-clausura-con-exito-la-edicion-2025-de-las-jornadas-gastronomicas-torrevieja-y-el-mar\/","title":{"rendered":"Torrevieja successfully closes the 2025 edition of the Gastronomic Days \"Torrevieja and the Sea\"."},"content":{"rendered":"<p><a href=\"https:\/\/www.aehtc.net\/author\/admin\/\"><\/a>This Friday was the closing ceremony of the Gastronomic Days \"Torrevieja and the Sea\" 2025, a special edition that has opted for a new, more concentrated and experiential format, with a participating restaurant every Friday.<\/p>\n\n\n\n<p>The closing ceremony took place at Las Columnas Restaurant, host of this last day, where representatives of the hospitality sector, participants, guests and local authorities, including the Councillor for Urban Management, Sandra S\u00e1nchez, and the Councillor for Sports, Diana Box, gathered.<\/p>\n\n\n\n<p>During the event, diplomas of recognition were presented to the three participating establishments, as a token of gratitude for their involvement and professionalism:<\/p>\n\n\n\n<p>- Luz de Mar Restaurant (20 June)<\/p>\n\n\n\n<p>- Restaurant Club N\u00e1utico Torrevieja (27 June)<\/p>\n\n\n\n<p>- Las Columnas Restaurant (4 July)<\/p>\n\n\n\n<p>The president of the Association of Hospitality Businesses of Torrevieja and Region, Jos\u00e9 Ignacio Pastor, publicly thanked the commitment of the establishments, the quality of the gastronomic proposals and the support of the local administration. He also stressed that this new model, smaller and more personalised, has been well received by the public, which opens the door to continue developing it in future editions.<\/p>\n\n\n\n<p>\"With this formula we wanted to offer the customer a more complete experience, in a more caring and friendly environment. And the feedback has been very positive,\" Pastor said.<\/p>\n\n\n\n<p>The Association is already working on the next edition with the aim of continuing to promote local gastronomy as a first class tourist and cultural attraction.<\/p>\n\n\n\n<p><a href=\"https:\/\/www.aehtc.net\/noticias\/\"><\/a><\/p>\n\n\n\n<figure class=\"wp-block-image size-large\"><img fetchpriority=\"high\" decoding=\"async\" width=\"1024\" height=\"576\" src=\"https:\/\/www.torreviejagastronomica.com\/wp-content\/uploads\/2025\/08\/IMG_4512-1-scaled-1-1024x576.jpeg\" alt=\"\" class=\"wp-image-6778\" srcset=\"https:\/\/www.torreviejagastronomica.com\/wp-content\/uploads\/2025\/08\/IMG_4512-1-scaled-1-1024x576.jpeg 1024w, https:\/\/www.torreviejagastronomica.com\/wp-content\/uploads\/2025\/08\/IMG_4512-1-scaled-1-300x169.jpeg 300w, https:\/\/www.torreviejagastronomica.com\/wp-content\/uploads\/2025\/08\/IMG_4512-1-scaled-1-768x432.jpeg 768w, https:\/\/www.torreviejagastronomica.com\/wp-content\/uploads\/2025\/08\/IMG_4512-1-scaled-1-1536x864.jpeg 1536w, https:\/\/www.torreviejagastronomica.com\/wp-content\/uploads\/2025\/08\/IMG_4512-1-scaled-1-2048x1152.jpeg 2048w, https:\/\/www.torreviejagastronomica.com\/wp-content\/uploads\/2025\/08\/IMG_4512-1-scaled-1-18x10.jpeg 18w\" sizes=\"(max-width: 1024px) 100vw, 1024px\" \/><\/figure>","protected":false},"excerpt":{"rendered":"<p>The Association is already working on the next edition with the aim of continuing to promote local gastronomy as a first class tourist and cultural attraction.<\/p>","protected":false},"author":4,"featured_media":6777,"comment_status":"open","ping_status":"open","sticky":false,"template":"","format":"standard","meta":{"footnotes":""},"categories":[7],"tags":[],"class_list":["post-6776","post","type-post","status-publish","format-standard","has-post-thumbnail","hentry","category-noticias"],"yoast_head":"<!-- This site is optimized with the Yoast SEO plugin v25.7 - https:\/\/yoast.com\/wordpress\/plugins\/seo\/ -->\n<title>Torrevieja clausura con \u00e9xito la edici\u00f3n 2025 de las Jornadas Gastron\u00f3micas \u201cTorrevieja y el Mar\u201d - Torrevieja Gastron\u00f3mica<\/title>\n<meta name=\"robots\" content=\"index, follow, max-snippet:-1, max-image-preview:large, max-video-preview:-1\" \/>\n<link rel=\"canonical\" href=\"https:\/\/www.torreviejagastronomica.com\/en\/torrevieja-clausura-con-exito-la-edicion-2025-de-las-jornadas-gastronomicas-torrevieja-y-el-mar\/\" \/>\n<meta property=\"og:locale\" content=\"en_GB\" \/>\n<meta property=\"og:type\" content=\"article\" \/>\n<meta property=\"og:title\" content=\"Torrevieja clausura con \u00e9xito la edici\u00f3n 2025 de las Jornadas Gastron\u00f3micas \u201cTorrevieja y el Mar\u201d - Torrevieja Gastron\u00f3mica\" \/>\n<meta property=\"og:description\" content=\"Desde la Asociaci\u00f3n ya se trabaja en la pr\u00f3xima edici\u00f3n con el objetivo de seguir impulsando la gastronom\u00eda local como un atractivo tur\u00edstico y cultural de primer nivel.\" \/>\n<meta property=\"og:url\" content=\"https:\/\/www.torreviejagastronomica.com\/en\/torrevieja-clausura-con-exito-la-edicion-2025-de-las-jornadas-gastronomicas-torrevieja-y-el-mar\/\" \/>\n<meta property=\"og:site_name\" content=\"Torrevieja Gastron\u00f3mica\" \/>\n<meta property=\"article:published_time\" content=\"2025-08-10T17:25:01+00:00\" \/>\n<meta property=\"article:modified_time\" content=\"2025-08-10T17:25:04+00:00\" \/>\n<meta property=\"og:image\" content=\"https:\/\/www.torreviejagastronomica.com\/wp-content\/uploads\/2025\/08\/FORMATO-WEB-3.jpg\" \/>\n\t<meta property=\"og:image:width\" content=\"2101\" \/>\n\t<meta property=\"og:image:height\" content=\"945\" \/>\n\t<meta property=\"og:image:type\" content=\"image\/jpeg\" \/>\n<meta name=\"author\" content=\"Asociaci\u00f3n de Empresas de Hosteler\u00eda de Torrevieja y Comarca\" \/>\n<meta name=\"twitter:card\" content=\"summary_large_image\" \/>\n<meta name=\"twitter:label1\" content=\"Written by\" \/>\n\t<meta name=\"twitter:data1\" content=\"Asociaci\u00f3n de Empresas de Hosteler\u00eda de Torrevieja y Comarca\" \/>\n\t<meta name=\"twitter:label2\" content=\"Estimated reading time\" \/>\n\t<meta name=\"twitter:data2\" content=\"2 minutes\" \/>\n<script type=\"application\/ld+json\" class=\"yoast-schema-graph\">{\"@context\":\"https:\/\/schema.org\",\"@graph\":[{\"@type\":\"Article\",\"@id\":\"https:\/\/www.torreviejagastronomica.com\/torrevieja-clausura-con-exito-la-edicion-2025-de-las-jornadas-gastronomicas-torrevieja-y-el-mar\/#article\",\"isPartOf\":{\"@id\":\"https:\/\/www.torreviejagastronomica.com\/torrevieja-clausura-con-exito-la-edicion-2025-de-las-jornadas-gastronomicas-torrevieja-y-el-mar\/\"},\"author\":{\"name\":\"Asociaci\u00f3n de Empresas de Hosteler\u00eda de Torrevieja y Comarca\",\"@id\":\"https:\/\/www.torreviejagastronomica.com\/#\/schema\/person\/9e0116f808f941d46f9baadf5335f0a9\"},\"headline\":\"Torrevieja clausura con \u00e9xito la edici\u00f3n 2025 de las Jornadas Gastron\u00f3micas \u201cTorrevieja y el Mar\u201d\",\"datePublished\":\"2025-08-10T17:25:01+00:00\",\"dateModified\":\"2025-08-10T17:25:04+00:00\",\"mainEntityOfPage\":{\"@id\":\"https:\/\/www.torreviejagastronomica.com\/torrevieja-clausura-con-exito-la-edicion-2025-de-las-jornadas-gastronomicas-torrevieja-y-el-mar\/\"},\"wordCount\":283,\"commentCount\":0,\"publisher\":{\"@id\":\"https:\/\/www.torreviejagastronomica.com\/#organization\"},\"image\":{\"@id\":\"https:\/\/www.torreviejagastronomica.com\/torrevieja-clausura-con-exito-la-edicion-2025-de-las-jornadas-gastronomicas-torrevieja-y-el-mar\/#primaryimage\"},\"thumbnailUrl\":\"https:\/\/www.torreviejagastronomica.com\/wp-content\/uploads\/2025\/08\/FORMATO-WEB-3.jpg\",\"articleSection\":[\"Noticias\"],\"inLanguage\":\"en-GB\",\"potentialAction\":[{\"@type\":\"CommentAction\",\"name\":\"Comment\",\"target\":[\"https:\/\/www.torreviejagastronomica.com\/torrevieja-clausura-con-exito-la-edicion-2025-de-las-jornadas-gastronomicas-torrevieja-y-el-mar\/#respond\"]}]},{\"@type\":\"WebPage\",\"@id\":\"https:\/\/www.torreviejagastronomica.com\/torrevieja-clausura-con-exito-la-edicion-2025-de-las-jornadas-gastronomicas-torrevieja-y-el-mar\/\",\"url\":\"https:\/\/www.torreviejagastronomica.com\/torrevieja-clausura-con-exito-la-edicion-2025-de-las-jornadas-gastronomicas-torrevieja-y-el-mar\/\",\"name\":\"Torrevieja clausura con \u00e9xito la edici\u00f3n 2025 de las Jornadas Gastron\u00f3micas \u201cTorrevieja y el Mar\u201d - Torrevieja Gastron\u00f3mica\",\"isPartOf\":{\"@id\":\"https:\/\/www.torreviejagastronomica.com\/#website\"},\"primaryImageOfPage\":{\"@id\":\"https:\/\/www.torreviejagastronomica.com\/torrevieja-clausura-con-exito-la-edicion-2025-de-las-jornadas-gastronomicas-torrevieja-y-el-mar\/#primaryimage\"},\"image\":{\"@id\":\"https:\/\/www.torreviejagastronomica.com\/torrevieja-clausura-con-exito-la-edicion-2025-de-las-jornadas-gastronomicas-torrevieja-y-el-mar\/#primaryimage\"},\"thumbnailUrl\":\"https:\/\/www.torreviejagastronomica.com\/wp-content\/uploads\/2025\/08\/FORMATO-WEB-3.jpg\",\"datePublished\":\"2025-08-10T17:25:01+00:00\",\"dateModified\":\"2025-08-10T17:25:04+00:00\",\"breadcrumb\":{\"@id\":\"https:\/\/www.torreviejagastronomica.com\/torrevieja-clausura-con-exito-la-edicion-2025-de-las-jornadas-gastronomicas-torrevieja-y-el-mar\/#breadcrumb\"},\"inLanguage\":\"en-GB\",\"potentialAction\":[{\"@type\":\"ReadAction\",\"target\":[\"https:\/\/www.torreviejagastronomica.com\/torrevieja-clausura-con-exito-la-edicion-2025-de-las-jornadas-gastronomicas-torrevieja-y-el-mar\/\"]}]},{\"@type\":\"ImageObject\",\"inLanguage\":\"en-GB\",\"@id\":\"https:\/\/www.torreviejagastronomica.com\/torrevieja-clausura-con-exito-la-edicion-2025-de-las-jornadas-gastronomicas-torrevieja-y-el-mar\/#primaryimage\",\"url\":\"https:\/\/www.torreviejagastronomica.com\/wp-content\/uploads\/2025\/08\/FORMATO-WEB-3.jpg\",\"contentUrl\":\"https:\/\/www.torreviejagastronomica.com\/wp-content\/uploads\/2025\/08\/FORMATO-WEB-3.jpg\",\"width\":2101,\"height\":945},{\"@type\":\"BreadcrumbList\",\"@id\":\"https:\/\/www.torreviejagastronomica.com\/torrevieja-clausura-con-exito-la-edicion-2025-de-las-jornadas-gastronomicas-torrevieja-y-el-mar\/#breadcrumb\",\"itemListElement\":[{\"@type\":\"ListItem\",\"position\":1,\"name\":\"Portada\",\"item\":\"https:\/\/www.torreviejagastronomica.com\/\"},{\"@type\":\"ListItem\",\"position\":2,\"name\":\"Torrevieja clausura con \u00e9xito la edici\u00f3n 2025 de las Jornadas Gastron\u00f3micas \u201cTorrevieja y el Mar\u201d\"}]},{\"@type\":\"WebSite\",\"@id\":\"https:\/\/www.torreviejagastronomica.com\/#website\",\"url\":\"https:\/\/www.torreviejagastronomica.com\/\",\"name\":\"Torrevieja Gastron\u00f3mica\",\"description\":\"Asociaci\u00f3n Hosteler\u00eda Torrevieja y Comarca\",\"publisher\":{\"@id\":\"https:\/\/www.torreviejagastronomica.com\/#organization\"},\"potentialAction\":[{\"@type\":\"SearchAction\",\"target\":{\"@type\":\"EntryPoint\",\"urlTemplate\":\"https:\/\/www.torreviejagastronomica.com\/?s={search_term_string}\"},\"query-input\":{\"@type\":\"PropertyValueSpecification\",\"valueRequired\":true,\"valueName\":\"search_term_string\"}}],\"inLanguage\":\"en-GB\"},{\"@type\":\"Organization\",\"@id\":\"https:\/\/www.torreviejagastronomica.com\/#organization\",\"name\":\"Torrevieja Gastron\u00f3mica\",\"url\":\"https:\/\/www.torreviejagastronomica.com\/\",\"logo\":{\"@type\":\"ImageObject\",\"inLanguage\":\"en-GB\",\"@id\":\"https:\/\/www.torreviejagastronomica.com\/#\/schema\/logo\/image\/\",\"url\":\"https:\/\/www.torreviejagastronomica.com\/wp-content\/uploads\/2023\/09\/Logo-Torrevieja-Gastronomica.png\",\"contentUrl\":\"https:\/\/www.torreviejagastronomica.com\/wp-content\/uploads\/2023\/09\/Logo-Torrevieja-Gastronomica.png\",\"width\":350,\"height\":100,\"caption\":\"Torrevieja Gastron\u00f3mica\"},\"image\":{\"@id\":\"https:\/\/www.torreviejagastronomica.com\/#\/schema\/logo\/image\/\"}},{\"@type\":\"Person\",\"@id\":\"https:\/\/www.torreviejagastronomica.com\/#\/schema\/person\/9e0116f808f941d46f9baadf5335f0a9\",\"name\":\"Asociaci\u00f3n de Empresas de Hosteler\u00eda de Torrevieja y Comarca\",\"image\":{\"@type\":\"ImageObject\",\"inLanguage\":\"en-GB\",\"@id\":\"https:\/\/www.torreviejagastronomica.com\/#\/schema\/person\/image\/\",\"url\":\"https:\/\/secure.gravatar.com\/avatar\/32ba6ba6e685fc061412a65c4a8a8b6caaf6d90d0985a737a4015d36e84d2d1f?s=96&d=mm&r=g\",\"contentUrl\":\"https:\/\/secure.gravatar.com\/avatar\/32ba6ba6e685fc061412a65c4a8a8b6caaf6d90d0985a737a4015d36e84d2d1f?s=96&d=mm&r=g\",\"caption\":\"Asociaci\u00f3n de Empresas de Hosteler\u00eda de Torrevieja y Comarca\"},\"url\":\"https:\/\/www.torreviejagastronomica.com\/en\/author\/hosteleria\/\"}]}<\/script>\n<!-- \/ Yoast SEO plugin. -->","yoast_head_json":{"title":"Torrevieja clausura con \u00e9xito la edici\u00f3n 2025 de las Jornadas Gastron\u00f3micas \u201cTorrevieja y el Mar\u201d - Torrevieja Gastron\u00f3mica","robots":{"index":"index","follow":"follow","max-snippet":"max-snippet:-1","max-image-preview":"max-image-preview:large","max-video-preview":"max-video-preview:-1"},"canonical":"https:\/\/www.torreviejagastronomica.com\/en\/torrevieja-clausura-con-exito-la-edicion-2025-de-las-jornadas-gastronomicas-torrevieja-y-el-mar\/","og_locale":"en_GB","og_type":"article","og_title":"Torrevieja clausura con \u00e9xito la edici\u00f3n 2025 de las Jornadas Gastron\u00f3micas \u201cTorrevieja y el Mar\u201d - Torrevieja Gastron\u00f3mica","og_description":"Desde la Asociaci\u00f3n ya se trabaja en la pr\u00f3xima edici\u00f3n con el objetivo de seguir impulsando la gastronom\u00eda local como un atractivo tur\u00edstico y cultural de primer nivel.","og_url":"https:\/\/www.torreviejagastronomica.com\/en\/torrevieja-clausura-con-exito-la-edicion-2025-de-las-jornadas-gastronomicas-torrevieja-y-el-mar\/","og_site_name":"Torrevieja Gastron\u00f3mica","article_published_time":"2025-08-10T17:25:01+00:00","article_modified_time":"2025-08-10T17:25:04+00:00","og_image":[{"width":2101,"height":945,"url":"https:\/\/www.torreviejagastronomica.com\/wp-content\/uploads\/2025\/08\/FORMATO-WEB-3.jpg","type":"image\/jpeg"}],"author":"Asociaci\u00f3n de Empresas de Hosteler\u00eda de Torrevieja y Comarca","twitter_card":"summary_large_image","twitter_misc":{"Written by":"Asociaci\u00f3n de Empresas de Hosteler\u00eda de Torrevieja y Comarca","Estimated reading time":"2 minutes"},"schema":{"@context":"https:\/\/schema.org","@graph":[{"@type":"Article","@id":"https:\/\/www.torreviejagastronomica.com\/torrevieja-clausura-con-exito-la-edicion-2025-de-las-jornadas-gastronomicas-torrevieja-y-el-mar\/#article","isPartOf":{"@id":"https:\/\/www.torreviejagastronomica.com\/torrevieja-clausura-con-exito-la-edicion-2025-de-las-jornadas-gastronomicas-torrevieja-y-el-mar\/"},"author":{"name":"Asociaci\u00f3n de Empresas de Hosteler\u00eda de Torrevieja y Comarca","@id":"https:\/\/www.torreviejagastronomica.com\/#\/schema\/person\/9e0116f808f941d46f9baadf5335f0a9"},"headline":"Torrevieja clausura con \u00e9xito la edici\u00f3n 2025 de las Jornadas Gastron\u00f3micas \u201cTorrevieja y el Mar\u201d","datePublished":"2025-08-10T17:25:01+00:00","dateModified":"2025-08-10T17:25:04+00:00","mainEntityOfPage":{"@id":"https:\/\/www.torreviejagastronomica.com\/torrevieja-clausura-con-exito-la-edicion-2025-de-las-jornadas-gastronomicas-torrevieja-y-el-mar\/"},"wordCount":283,"commentCount":0,"publisher":{"@id":"https:\/\/www.torreviejagastronomica.com\/#organization"},"image":{"@id":"https:\/\/www.torreviejagastronomica.com\/torrevieja-clausura-con-exito-la-edicion-2025-de-las-jornadas-gastronomicas-torrevieja-y-el-mar\/#primaryimage"},"thumbnailUrl":"https:\/\/www.torreviejagastronomica.com\/wp-content\/uploads\/2025\/08\/FORMATO-WEB-3.jpg","articleSection":["Noticias"],"inLanguage":"en-GB","potentialAction":[{"@type":"CommentAction","name":"Comment","target":["https:\/\/www.torreviejagastronomica.com\/torrevieja-clausura-con-exito-la-edicion-2025-de-las-jornadas-gastronomicas-torrevieja-y-el-mar\/#respond"]}]},{"@type":"WebPage","@id":"https:\/\/www.torreviejagastronomica.com\/torrevieja-clausura-con-exito-la-edicion-2025-de-las-jornadas-gastronomicas-torrevieja-y-el-mar\/","url":"https:\/\/www.torreviejagastronomica.com\/torrevieja-clausura-con-exito-la-edicion-2025-de-las-jornadas-gastronomicas-torrevieja-y-el-mar\/","name":"Torrevieja clausura con \u00e9xito la edici\u00f3n 2025 de las Jornadas Gastron\u00f3micas \u201cTorrevieja y el Mar\u201d - Torrevieja Gastron\u00f3mica","isPartOf":{"@id":"https:\/\/www.torreviejagastronomica.com\/#website"},"primaryImageOfPage":{"@id":"https:\/\/www.torreviejagastronomica.com\/torrevieja-clausura-con-exito-la-edicion-2025-de-las-jornadas-gastronomicas-torrevieja-y-el-mar\/#primaryimage"},"image":{"@id":"https:\/\/www.torreviejagastronomica.com\/torrevieja-clausura-con-exito-la-edicion-2025-de-las-jornadas-gastronomicas-torrevieja-y-el-mar\/#primaryimage"},"thumbnailUrl":"https:\/\/www.torreviejagastronomica.com\/wp-content\/uploads\/2025\/08\/FORMATO-WEB-3.jpg","datePublished":"2025-08-10T17:25:01+00:00","dateModified":"2025-08-10T17:25:04+00:00","breadcrumb":{"@id":"https:\/\/www.torreviejagastronomica.com\/torrevieja-clausura-con-exito-la-edicion-2025-de-las-jornadas-gastronomicas-torrevieja-y-el-mar\/#breadcrumb"},"inLanguage":"en-GB","potentialAction":[{"@type":"ReadAction","target":["https:\/\/www.torreviejagastronomica.com\/torrevieja-clausura-con-exito-la-edicion-2025-de-las-jornadas-gastronomicas-torrevieja-y-el-mar\/"]}]},{"@type":"ImageObject","inLanguage":"en-GB","@id":"https:\/\/www.torreviejagastronomica.com\/torrevieja-clausura-con-exito-la-edicion-2025-de-las-jornadas-gastronomicas-torrevieja-y-el-mar\/#primaryimage","url":"https:\/\/www.torreviejagastronomica.com\/wp-content\/uploads\/2025\/08\/FORMATO-WEB-3.jpg","contentUrl":"https:\/\/www.torreviejagastronomica.com\/wp-content\/uploads\/2025\/08\/FORMATO-WEB-3.jpg","width":2101,"height":945},{"@type":"BreadcrumbList","@id":"https:\/\/www.torreviejagastronomica.com\/torrevieja-clausura-con-exito-la-edicion-2025-de-las-jornadas-gastronomicas-torrevieja-y-el-mar\/#breadcrumb","itemListElement":[{"@type":"ListItem","position":1,"name":"Portada","item":"https:\/\/www.torreviejagastronomica.com\/"},{"@type":"ListItem","position":2,"name":"Torrevieja clausura con \u00e9xito la edici\u00f3n 2025 de las Jornadas Gastron\u00f3micas \u201cTorrevieja y el Mar\u201d"}]},{"@type":"WebSite","@id":"https:\/\/www.torreviejagastronomica.com\/#website","url":"https:\/\/www.torreviejagastronomica.com\/","name":"Torrevieja Gastron\u00f3mica","description":"Asociaci\u00f3n Hosteler\u00eda Torrevieja y Comarca","publisher":{"@id":"https:\/\/www.torreviejagastronomica.com\/#organization"},"potentialAction":[{"@type":"SearchAction","target":{"@type":"EntryPoint","urlTemplate":"https:\/\/www.torreviejagastronomica.com\/?s={search_term_string}"},"query-input":{"@type":"PropertyValueSpecification","valueRequired":true,"valueName":"search_term_string"}}],"inLanguage":"en-GB"},{"@type":"Organization","@id":"https:\/\/www.torreviejagastronomica.com\/#organization","name":"Torrevieja Gastron\u00f3mica","url":"https:\/\/www.torreviejagastronomica.com\/","logo":{"@type":"ImageObject","inLanguage":"en-GB","@id":"https:\/\/www.torreviejagastronomica.com\/#\/schema\/logo\/image\/","url":"https:\/\/www.torreviejagastronomica.com\/wp-content\/uploads\/2023\/09\/Logo-Torrevieja-Gastronomica.png","contentUrl":"https:\/\/www.torreviejagastronomica.com\/wp-content\/uploads\/2023\/09\/Logo-Torrevieja-Gastronomica.png","width":350,"height":100,"caption":"Torrevieja Gastron\u00f3mica"},"image":{"@id":"https:\/\/www.torreviejagastronomica.com\/#\/schema\/logo\/image\/"}},{"@type":"Person","@id":"https:\/\/www.torreviejagastronomica.com\/#\/schema\/person\/9e0116f808f941d46f9baadf5335f0a9","name":"Asociaci\u00f3n de Empresas de Hosteler\u00eda de Torrevieja y Comarca","image":{"@type":"ImageObject","inLanguage":"en-GB","@id":"https:\/\/www.torreviejagastronomica.com\/#\/schema\/person\/image\/","url":"https:\/\/secure.gravatar.com\/avatar\/32ba6ba6e685fc061412a65c4a8a8b6caaf6d90d0985a737a4015d36e84d2d1f?s=96&d=mm&r=g","contentUrl":"https:\/\/secure.gravatar.com\/avatar\/32ba6ba6e685fc061412a65c4a8a8b6caaf6d90d0985a737a4015d36e84d2d1f?s=96&d=mm&r=g","caption":"Asociaci\u00f3n de Empresas de Hosteler\u00eda de Torrevieja y Comarca"},"url":"https:\/\/www.torreviejagastronomica.com\/en\/author\/hosteleria\/"}]}},"_links":{"self":[{"href":"https:\/\/www.torreviejagastronomica.com\/en\/wp-json\/wp\/v2\/posts\/6776","targetHints":{"allow":["GET"]}}],"collection":[{"href":"https:\/\/www.torreviejagastronomica.com\/en\/wp-json\/wp\/v2\/posts"}],"about":[{"href":"https:\/\/www.torreviejagastronomica.com\/en\/wp-json\/wp\/v2\/types\/post"}],"author":[{"embeddable":true,"href":"https:\/\/www.torreviejagastronomica.com\/en\/wp-json\/wp\/v2\/users\/4"}],"replies":[{"embeddable":true,"href":"https:\/\/www.torreviejagastronomica.com\/en\/wp-json\/wp\/v2\/comments?post=6776"}],"version-history":[{"count":1,"href":"https:\/\/www.torreviejagastronomica.com\/en\/wp-json\/wp\/v2\/posts\/6776\/revisions"}],"predecessor-version":[{"id":6779,"href":"https:\/\/www.torreviejagastronomica.com\/en\/wp-json\/wp\/v2\/posts\/6776\/revisions\/6779"}],"wp:featuredmedia":[{"embeddable":true,"href":"https:\/\/www.torreviejagastronomica.com\/en\/wp-json\/wp\/v2\/media\/6777"}],"wp:attachment":[{"href":"https:\/\/www.torreviejagastronomica.com\/en\/wp-json\/wp\/v2\/media?parent=6776"}],"wp:term":[{"taxonomy":"category","embeddable":true,"href":"https:\/\/www.torreviejagastronomica.com\/en\/wp-json\/wp\/v2\/categories?post=6776"},{"taxonomy":"post_tag","embeddable":true,"href":"https:\/\/www.torreviejagastronomica.com\/en\/wp-json\/wp\/v2\/tags?post=6776"}],"curies":[{"name":"wp","href":"https:\/\/api.w.org\/{rel}","templated":true}]}}