{"id":663,"date":"2013-04-24T16:22:19","date_gmt":"2013-04-24T16:22:19","guid":{"rendered":"http:\/\/www.torreviejagastronomica.com\/?p=663"},"modified":"2013-04-24T16:22:19","modified_gmt":"2013-04-24T16:22:19","slug":"premio-a-la-excelencia-hostelera","status":"publish","type":"post","link":"https:\/\/www.torreviejagastronomica.com\/en\/premio-a-la-excelencia-hostelera\/","title":{"rendered":"Award for excellence in hospitality"},"content":{"rendered":"<p>Source: <a href=\"http:\/\/www.diarioinformacion.com\/vega-baja\/2013\/04\/24\/premio-excelencia-hostelera\/1366622.html\">Information Newspaper<\/a><\/p>\n<p style=\"text-align: justify;\">Jos\u00e9 Garc\u00eda Lorente received the Golden Fork, the highest award given by the Torrevieja and Region Hotel and Catering Association, which held its 38th brotherhood dinner in a local restaurant. Garc\u00eda Lorente was thus rewarded for his career at the head of the Mes\u00f3n de la Costa, an establishment founded in 1989, although his career began earlier, as he has also worked in restaurants such as the Balneario de Archena, the Cortijo de Campoamor, the Nautilus and the kitchen of the Hotel Fontana.<\/p>\n<p style=\"text-align: justify;\">Beforehand, the president of the Association, Jos\u00e9 Antonio Lozano, gave a moderately vindictive speech, taking advantage of the presence of authorities such as the mayor, Eduardo Dol\u00f3n, and the provincial deputy for Tourism, Joaqu\u00edn Albaladejo.<\/p>\n<p style=\"text-align: justify;\">Lozano defended the hotel and catering industry as one of the main driving forces of a tourist town like Torrevieja, and demanded the maximum possible collaboration from the authorities in both words and deeds.<\/p>\n<p style=\"text-align: justify;\">He also urged his colleagues to cultivate a \"meritocracy\" and to fight tirelessly to ensure that in these difficult times we think not only of rights, but also of our own obligations.<\/p>\n<p style=\"text-align: justify;\">For his part, Dol\u00f3n took up the gauntlet and praised the vindictive nature of Lozano's words, predicting that there will be no lack of affection or economic support for the local hospitality industry, recalling that demands such as the creation of a distinctive product, included in the Torrevieja Gastronomic brand, have already been met.<\/p>\n<p style=\"text-align: justify;\">Other distinctions were also awarded. The Honorary Member award went to Jos\u00e9 Andr\u00e9u P\u00e9rez, the \"Fara\u00fate\", of the Hotel Villamadrid and precursor of the Centro de Iniciativas Tur\u00edsticas, whose next challenge is to build a 4-star hotel in the municipality.<\/p>\n<p style=\"text-align: justify;\">Likewise, Cayetano P\u00e9rez, from Camarote y del Mango de La Mata, was awarded the \"Coctelera de Plata\", a category that distinguishes the pubs, while the Aitana cafeteria won the \"Bandeja de Plata\" award, a category that highlights the good work of the members of the Association.<\/p>\n<p style=\"text-align: justify;\">A special mention went to the French chef Gerard Michel, who, having worked in prestigious kitchens, now teaches cooking at the town's Tourism Centre. There was also recognition for the 2013 collaborating company, which went to Caf\u00e9s Esparcia.<\/p>\n<p style=\"text-align: justify;\">The evening ended with a performance by local mariachis and a raffle with prizes such as trips among the associates. Likewise, a beer brand collaborating with the event gave the winner of the Golden Fork award a giant screen and a trip to Madrid to visit the brewery where their beer is produced.<\/p>","protected":false},"excerpt":{"rendered":"<p>The Hotel and Catering Association presents Jos\u00e9 Garc\u00eda Lorente, from the Mes\u00f3n de la Costa restaurant, with its \"Golden Fork\" award.<\/p>","protected":false},"author":3,"featured_media":664,"comment_status":"closed","ping_status":"open","sticky":false,"template":"","format":"standard","meta":{"footnotes":""},"categories":[8,7],"tags":[],"class_list":["post-663","post","type-post","status-publish","format-standard","has-post-thumbnail","hentry","category-eventos","category-noticias"],"yoast_head":"<!-- This site is optimized with the Yoast SEO plugin v25.7 - https:\/\/yoast.com\/wordpress\/plugins\/seo\/ -->\n<title>Premio a la excelencia hostelera - Torrevieja Gastron\u00f3mica<\/title>\n<meta name=\"robots\" content=\"index, follow, max-snippet:-1, max-image-preview:large, max-video-preview:-1\" \/>\n<link rel=\"canonical\" href=\"https:\/\/www.torreviejagastronomica.com\/en\/premio-a-la-excelencia-hostelera\/\" \/>\n<meta property=\"og:locale\" content=\"en_GB\" \/>\n<meta property=\"og:type\" content=\"article\" \/>\n<meta property=\"og:title\" content=\"Premio a la excelencia hostelera - Torrevieja Gastron\u00f3mica\" \/>\n<meta property=\"og:description\" content=\"La Asociaci\u00f3n de Hosteler\u00eda entrega a Jos\u00e9 Garc\u00eda Lorente, del restaurante Mes\u00f3n de la Costa, su galard\u00f3n &quot;Tenedor de Oro&quot;\" \/>\n<meta property=\"og:url\" content=\"https:\/\/www.torreviejagastronomica.com\/en\/premio-a-la-excelencia-hostelera\/\" \/>\n<meta property=\"og:site_name\" content=\"Torrevieja Gastron\u00f3mica\" \/>\n<meta property=\"article:published_time\" content=\"2013-04-24T16:22:19+00:00\" \/>\n<meta property=\"og:image\" content=\"https:\/\/www.torreviejagastronomica.com\/wp-content\/uploads\/2013\/04\/XVB008VB001185958.jpg\" \/>\n\t<meta property=\"og:image:width\" content=\"318\" \/>\n\t<meta property=\"og:image:height\" content=\"184\" \/>\n\t<meta property=\"og:image:type\" content=\"image\/jpeg\" \/>\n<meta name=\"author\" content=\"admin\" \/>\n<meta name=\"twitter:card\" content=\"summary_large_image\" \/>\n<meta name=\"twitter:label1\" content=\"Written by\" \/>\n\t<meta name=\"twitter:data1\" content=\"admin\" \/>\n\t<meta name=\"twitter:label2\" content=\"Estimated reading time\" \/>\n\t<meta name=\"twitter:data2\" content=\"2 minutes\" \/>\n<script type=\"application\/ld+json\" class=\"yoast-schema-graph\">{\"@context\":\"https:\/\/schema.org\",\"@graph\":[{\"@type\":\"Article\",\"@id\":\"https:\/\/www.torreviejagastronomica.com\/premio-a-la-excelencia-hostelera\/#article\",\"isPartOf\":{\"@id\":\"https:\/\/www.torreviejagastronomica.com\/premio-a-la-excelencia-hostelera\/\"},\"author\":{\"name\":\"admin\",\"@id\":\"https:\/\/www.torreviejagastronomica.com\/#\/schema\/person\/43c1ae0a05eb24e94513f69078cd11a7\"},\"headline\":\"Premio a la excelencia hostelera\",\"datePublished\":\"2013-04-24T16:22:19+00:00\",\"mainEntityOfPage\":{\"@id\":\"https:\/\/www.torreviejagastronomica.com\/premio-a-la-excelencia-hostelera\/\"},\"wordCount\":470,\"publisher\":{\"@id\":\"https:\/\/www.torreviejagastronomica.com\/#organization\"},\"image\":{\"@id\":\"https:\/\/www.torreviejagastronomica.com\/premio-a-la-excelencia-hostelera\/#primaryimage\"},\"thumbnailUrl\":\"https:\/\/www.torreviejagastronomica.com\/wp-content\/uploads\/2013\/04\/XVB008VB001185958.jpg\",\"articleSection\":[\"Eventos\",\"Noticias\"],\"inLanguage\":\"en-GB\"},{\"@type\":\"WebPage\",\"@id\":\"https:\/\/www.torreviejagastronomica.com\/premio-a-la-excelencia-hostelera\/\",\"url\":\"https:\/\/www.torreviejagastronomica.com\/premio-a-la-excelencia-hostelera\/\",\"name\":\"Premio a la excelencia hostelera - Torrevieja Gastron\u00f3mica\",\"isPartOf\":{\"@id\":\"https:\/\/www.torreviejagastronomica.com\/#website\"},\"primaryImageOfPage\":{\"@id\":\"https:\/\/www.torreviejagastronomica.com\/premio-a-la-excelencia-hostelera\/#primaryimage\"},\"image\":{\"@id\":\"https:\/\/www.torreviejagastronomica.com\/premio-a-la-excelencia-hostelera\/#primaryimage\"},\"thumbnailUrl\":\"https:\/\/www.torreviejagastronomica.com\/wp-content\/uploads\/2013\/04\/XVB008VB001185958.jpg\",\"datePublished\":\"2013-04-24T16:22:19+00:00\",\"breadcrumb\":{\"@id\":\"https:\/\/www.torreviejagastronomica.com\/premio-a-la-excelencia-hostelera\/#breadcrumb\"},\"inLanguage\":\"en-GB\",\"potentialAction\":[{\"@type\":\"ReadAction\",\"target\":[\"https:\/\/www.torreviejagastronomica.com\/premio-a-la-excelencia-hostelera\/\"]}]},{\"@type\":\"ImageObject\",\"inLanguage\":\"en-GB\",\"@id\":\"https:\/\/www.torreviejagastronomica.com\/premio-a-la-excelencia-hostelera\/#primaryimage\",\"url\":\"https:\/\/www.torreviejagastronomica.com\/wp-content\/uploads\/2013\/04\/XVB008VB001185958.jpg\",\"contentUrl\":\"https:\/\/www.torreviejagastronomica.com\/wp-content\/uploads\/2013\/04\/XVB008VB001185958.jpg\",\"width\":318,\"height\":184},{\"@type\":\"BreadcrumbList\",\"@id\":\"https:\/\/www.torreviejagastronomica.com\/premio-a-la-excelencia-hostelera\/#breadcrumb\",\"itemListElement\":[{\"@type\":\"ListItem\",\"position\":1,\"name\":\"Portada\",\"item\":\"https:\/\/www.torreviejagastronomica.com\/\"},{\"@type\":\"ListItem\",\"position\":2,\"name\":\"Premio a la excelencia hostelera\"}]},{\"@type\":\"WebSite\",\"@id\":\"https:\/\/www.torreviejagastronomica.com\/#website\",\"url\":\"https:\/\/www.torreviejagastronomica.com\/\",\"name\":\"Torrevieja Gastron\u00f3mica\",\"description\":\"Asociaci\u00f3n Hosteler\u00eda Torrevieja y Comarca\",\"publisher\":{\"@id\":\"https:\/\/www.torreviejagastronomica.com\/#organization\"},\"potentialAction\":[{\"@type\":\"SearchAction\",\"target\":{\"@type\":\"EntryPoint\",\"urlTemplate\":\"https:\/\/www.torreviejagastronomica.com\/?s={search_term_string}\"},\"query-input\":{\"@type\":\"PropertyValueSpecification\",\"valueRequired\":true,\"valueName\":\"search_term_string\"}}],\"inLanguage\":\"en-GB\"},{\"@type\":\"Organization\",\"@id\":\"https:\/\/www.torreviejagastronomica.com\/#organization\",\"name\":\"Torrevieja Gastron\u00f3mica\",\"url\":\"https:\/\/www.torreviejagastronomica.com\/\",\"logo\":{\"@type\":\"ImageObject\",\"inLanguage\":\"en-GB\",\"@id\":\"https:\/\/www.torreviejagastronomica.com\/#\/schema\/logo\/image\/\",\"url\":\"https:\/\/www.torreviejagastronomica.com\/wp-content\/uploads\/2023\/09\/Logo-Torrevieja-Gastronomica.png\",\"contentUrl\":\"https:\/\/www.torreviejagastronomica.com\/wp-content\/uploads\/2023\/09\/Logo-Torrevieja-Gastronomica.png\",\"width\":350,\"height\":100,\"caption\":\"Torrevieja Gastron\u00f3mica\"},\"image\":{\"@id\":\"https:\/\/www.torreviejagastronomica.com\/#\/schema\/logo\/image\/\"}},{\"@type\":\"Person\",\"@id\":\"https:\/\/www.torreviejagastronomica.com\/#\/schema\/person\/43c1ae0a05eb24e94513f69078cd11a7\",\"name\":\"admin\",\"image\":{\"@type\":\"ImageObject\",\"inLanguage\":\"en-GB\",\"@id\":\"https:\/\/www.torreviejagastronomica.com\/#\/schema\/person\/image\/\",\"url\":\"https:\/\/secure.gravatar.com\/avatar\/6497fb95944786a8c3310104dbce94031a7dee2c3b2645b425bfeeec49855f50?s=96&d=mm&r=g\",\"contentUrl\":\"https:\/\/secure.gravatar.com\/avatar\/6497fb95944786a8c3310104dbce94031a7dee2c3b2645b425bfeeec49855f50?s=96&d=mm&r=g\",\"caption\":\"admin\"},\"url\":\"https:\/\/www.torreviejagastronomica.com\/en\/author\/admin\/\"}]}<\/script>\n<!-- \/ Yoast SEO plugin. -->","yoast_head_json":{"title":"Premio a la excelencia hostelera - Torrevieja Gastron\u00f3mica","robots":{"index":"index","follow":"follow","max-snippet":"max-snippet:-1","max-image-preview":"max-image-preview:large","max-video-preview":"max-video-preview:-1"},"canonical":"https:\/\/www.torreviejagastronomica.com\/en\/premio-a-la-excelencia-hostelera\/","og_locale":"en_GB","og_type":"article","og_title":"Premio a la excelencia hostelera - Torrevieja Gastron\u00f3mica","og_description":"La Asociaci\u00f3n de Hosteler\u00eda entrega a Jos\u00e9 Garc\u00eda Lorente, del restaurante Mes\u00f3n de la Costa, su galard\u00f3n \"Tenedor de Oro\"","og_url":"https:\/\/www.torreviejagastronomica.com\/en\/premio-a-la-excelencia-hostelera\/","og_site_name":"Torrevieja Gastron\u00f3mica","article_published_time":"2013-04-24T16:22:19+00:00","og_image":[{"width":318,"height":184,"url":"https:\/\/www.torreviejagastronomica.com\/wp-content\/uploads\/2013\/04\/XVB008VB001185958.jpg","type":"image\/jpeg"}],"author":"admin","twitter_card":"summary_large_image","twitter_misc":{"Written by":"admin","Estimated reading time":"2 minutes"},"schema":{"@context":"https:\/\/schema.org","@graph":[{"@type":"Article","@id":"https:\/\/www.torreviejagastronomica.com\/premio-a-la-excelencia-hostelera\/#article","isPartOf":{"@id":"https:\/\/www.torreviejagastronomica.com\/premio-a-la-excelencia-hostelera\/"},"author":{"name":"admin","@id":"https:\/\/www.torreviejagastronomica.com\/#\/schema\/person\/43c1ae0a05eb24e94513f69078cd11a7"},"headline":"Premio a la excelencia hostelera","datePublished":"2013-04-24T16:22:19+00:00","mainEntityOfPage":{"@id":"https:\/\/www.torreviejagastronomica.com\/premio-a-la-excelencia-hostelera\/"},"wordCount":470,"publisher":{"@id":"https:\/\/www.torreviejagastronomica.com\/#organization"},"image":{"@id":"https:\/\/www.torreviejagastronomica.com\/premio-a-la-excelencia-hostelera\/#primaryimage"},"thumbnailUrl":"https:\/\/www.torreviejagastronomica.com\/wp-content\/uploads\/2013\/04\/XVB008VB001185958.jpg","articleSection":["Eventos","Noticias"],"inLanguage":"en-GB"},{"@type":"WebPage","@id":"https:\/\/www.torreviejagastronomica.com\/premio-a-la-excelencia-hostelera\/","url":"https:\/\/www.torreviejagastronomica.com\/premio-a-la-excelencia-hostelera\/","name":"Premio a la excelencia hostelera - Torrevieja Gastron\u00f3mica","isPartOf":{"@id":"https:\/\/www.torreviejagastronomica.com\/#website"},"primaryImageOfPage":{"@id":"https:\/\/www.torreviejagastronomica.com\/premio-a-la-excelencia-hostelera\/#primaryimage"},"image":{"@id":"https:\/\/www.torreviejagastronomica.com\/premio-a-la-excelencia-hostelera\/#primaryimage"},"thumbnailUrl":"https:\/\/www.torreviejagastronomica.com\/wp-content\/uploads\/2013\/04\/XVB008VB001185958.jpg","datePublished":"2013-04-24T16:22:19+00:00","breadcrumb":{"@id":"https:\/\/www.torreviejagastronomica.com\/premio-a-la-excelencia-hostelera\/#breadcrumb"},"inLanguage":"en-GB","potentialAction":[{"@type":"ReadAction","target":["https:\/\/www.torreviejagastronomica.com\/premio-a-la-excelencia-hostelera\/"]}]},{"@type":"ImageObject","inLanguage":"en-GB","@id":"https:\/\/www.torreviejagastronomica.com\/premio-a-la-excelencia-hostelera\/#primaryimage","url":"https:\/\/www.torreviejagastronomica.com\/wp-content\/uploads\/2013\/04\/XVB008VB001185958.jpg","contentUrl":"https:\/\/www.torreviejagastronomica.com\/wp-content\/uploads\/2013\/04\/XVB008VB001185958.jpg","width":318,"height":184},{"@type":"BreadcrumbList","@id":"https:\/\/www.torreviejagastronomica.com\/premio-a-la-excelencia-hostelera\/#breadcrumb","itemListElement":[{"@type":"ListItem","position":1,"name":"Portada","item":"https:\/\/www.torreviejagastronomica.com\/"},{"@type":"ListItem","position":2,"name":"Premio a la excelencia hostelera"}]},{"@type":"WebSite","@id":"https:\/\/www.torreviejagastronomica.com\/#website","url":"https:\/\/www.torreviejagastronomica.com\/","name":"Torrevieja Gastron\u00f3mica","description":"Asociaci\u00f3n Hosteler\u00eda Torrevieja y Comarca","publisher":{"@id":"https:\/\/www.torreviejagastronomica.com\/#organization"},"potentialAction":[{"@type":"SearchAction","target":{"@type":"EntryPoint","urlTemplate":"https:\/\/www.torreviejagastronomica.com\/?s={search_term_string}"},"query-input":{"@type":"PropertyValueSpecification","valueRequired":true,"valueName":"search_term_string"}}],"inLanguage":"en-GB"},{"@type":"Organization","@id":"https:\/\/www.torreviejagastronomica.com\/#organization","name":"Torrevieja Gastron\u00f3mica","url":"https:\/\/www.torreviejagastronomica.com\/","logo":{"@type":"ImageObject","inLanguage":"en-GB","@id":"https:\/\/www.torreviejagastronomica.com\/#\/schema\/logo\/image\/","url":"https:\/\/www.torreviejagastronomica.com\/wp-content\/uploads\/2023\/09\/Logo-Torrevieja-Gastronomica.png","contentUrl":"https:\/\/www.torreviejagastronomica.com\/wp-content\/uploads\/2023\/09\/Logo-Torrevieja-Gastronomica.png","width":350,"height":100,"caption":"Torrevieja Gastron\u00f3mica"},"image":{"@id":"https:\/\/www.torreviejagastronomica.com\/#\/schema\/logo\/image\/"}},{"@type":"Person","@id":"https:\/\/www.torreviejagastronomica.com\/#\/schema\/person\/43c1ae0a05eb24e94513f69078cd11a7","name":"admin","image":{"@type":"ImageObject","inLanguage":"en-GB","@id":"https:\/\/www.torreviejagastronomica.com\/#\/schema\/person\/image\/","url":"https:\/\/secure.gravatar.com\/avatar\/6497fb95944786a8c3310104dbce94031a7dee2c3b2645b425bfeeec49855f50?s=96&d=mm&r=g","contentUrl":"https:\/\/secure.gravatar.com\/avatar\/6497fb95944786a8c3310104dbce94031a7dee2c3b2645b425bfeeec49855f50?s=96&d=mm&r=g","caption":"admin"},"url":"https:\/\/www.torreviejagastronomica.com\/en\/author\/admin\/"}]}},"_links":{"self":[{"href":"https:\/\/www.torreviejagastronomica.com\/en\/wp-json\/wp\/v2\/posts\/663","targetHints":{"allow":["GET"]}}],"collection":[{"href":"https:\/\/www.torreviejagastronomica.com\/en\/wp-json\/wp\/v2\/posts"}],"about":[{"href":"https:\/\/www.torreviejagastronomica.com\/en\/wp-json\/wp\/v2\/types\/post"}],"author":[{"embeddable":true,"href":"https:\/\/www.torreviejagastronomica.com\/en\/wp-json\/wp\/v2\/users\/3"}],"replies":[{"embeddable":true,"href":"https:\/\/www.torreviejagastronomica.com\/en\/wp-json\/wp\/v2\/comments?post=663"}],"version-history":[{"count":0,"href":"https:\/\/www.torreviejagastronomica.com\/en\/wp-json\/wp\/v2\/posts\/663\/revisions"}],"wp:featuredmedia":[{"embeddable":true,"href":"https:\/\/www.torreviejagastronomica.com\/en\/wp-json\/wp\/v2\/media\/664"}],"wp:attachment":[{"href":"https:\/\/www.torreviejagastronomica.com\/en\/wp-json\/wp\/v2\/media?parent=663"}],"wp:term":[{"taxonomy":"category","embeddable":true,"href":"https:\/\/www.torreviejagastronomica.com\/en\/wp-json\/wp\/v2\/categories?post=663"},{"taxonomy":"post_tag","embeddable":true,"href":"https:\/\/www.torreviejagastronomica.com\/en\/wp-json\/wp\/v2\/tags?post=663"}],"curies":[{"name":"wp","href":"https:\/\/api.w.org\/{rel}","templated":true}]}}