{"id":6146,"date":"2025-02-13T20:12:04","date_gmt":"2025-02-13T19:12:04","guid":{"rendered":"https:\/\/www.torreviejagastronomica.com\/?p=6146"},"modified":"2025-02-13T20:12:06","modified_gmt":"2025-02-13T19:12:06","slug":"consulta-el-calendario-de-actividades-2025-de-la-aehtc","status":"publish","type":"post","link":"https:\/\/www.torreviejagastronomica.com\/en\/consulta-el-calendario-de-actividades-2025-de-la-aehtc\/","title":{"rendered":"Check out the 2025 Calendar of Activities of the AEHTC!"},"content":{"rendered":"<p><a href=\"https:\/\/www.aehtc.net\/wp-content\/uploads\/Brown-Modern-Aesthetic-Beauty-Salon-Presentation.jpg\"><\/a>&nbsp; Calendar of Activities 2025 of the Association of Hospitality Businesses of Torrevieja and Region (AEHTC). We hope to have the maximum participation of all the establishments that belong to the Association, as these initiatives are designed to boost and promote our sector.<\/p>\n\n\n\n<p>We are pleased to inform that, for another year, the gastronomic competitions with important prizes will continue, providing a great opportunity to give visibility to the associated establishments.<\/p>\n\n\n\n<p><img decoding=\"async\" src=\"https:\/\/static.xx.fbcdn.net\/images\/emoji.php\/v9\/t4b\/2\/16\/1f4cc.png\" alt=\"\ud83d\udccc\" width=\"16\" height=\"16\">&nbsp;All activities are completely free of charge for our members.<\/p>\n\n\n\n<p>For further information or registration, please do not hesitate to contact us.<\/p>\n\n\n\n<p>We count on you to make 2025 a successful year!<\/p>\n\n\n\n<figure class=\"wp-block-image aligncenter size-full\"><img fetchpriority=\"high\" decoding=\"async\" width=\"823\" height=\"1377\" src=\"https:\/\/www.torreviejagastronomica.com\/wp-content\/uploads\/2025\/02\/PHOTO-2025-01-17-15-43-18.jpg\" alt=\"\" class=\"wp-image-6147\" srcset=\"https:\/\/www.torreviejagastronomica.com\/wp-content\/uploads\/2025\/02\/PHOTO-2025-01-17-15-43-18.jpg 823w, https:\/\/www.torreviejagastronomica.com\/wp-content\/uploads\/2025\/02\/PHOTO-2025-01-17-15-43-18-179x300.jpg 179w, https:\/\/www.torreviejagastronomica.com\/wp-content\/uploads\/2025\/02\/PHOTO-2025-01-17-15-43-18-612x1024.jpg 612w, https:\/\/www.torreviejagastronomica.com\/wp-content\/uploads\/2025\/02\/PHOTO-2025-01-17-15-43-18-768x1285.jpg 768w\" sizes=\"(max-width: 823px) 100vw, 823px\" \/><\/figure>","protected":false},"excerpt":{"rendered":"<p>Calendar of gastronomic activities in Torrevieja.<\/p>","protected":false},"author":4,"featured_media":6148,"comment_status":"open","ping_status":"open","sticky":false,"template":"","format":"standard","meta":{"footnotes":""},"categories":[1],"tags":[],"class_list":["post-6146","post","type-post","status-publish","format-standard","has-post-thumbnail","hentry","category-uncategorized"],"yoast_head":"<!-- This site is optimized with the Yoast SEO plugin v25.7 - https:\/\/yoast.com\/wordpress\/plugins\/seo\/ -->\n<title>\u00a1Consulta el Calendario de Actividades 2025 de la AEHTC! - Torrevieja Gastron\u00f3mica<\/title>\n<meta name=\"robots\" content=\"index, follow, max-snippet:-1, max-image-preview:large, max-video-preview:-1\" \/>\n<link rel=\"canonical\" href=\"https:\/\/www.torreviejagastronomica.com\/en\/consulta-el-calendario-de-actividades-2025-de-la-aehtc\/\" \/>\n<meta property=\"og:locale\" content=\"en_GB\" \/>\n<meta property=\"og:type\" content=\"article\" \/>\n<meta property=\"og:title\" content=\"\u00a1Consulta el Calendario de Actividades 2025 de la AEHTC! - Torrevieja Gastron\u00f3mica\" \/>\n<meta property=\"og:description\" content=\"Calendario actividades gastron\u00f3micas de Torrevieja.\" \/>\n<meta property=\"og:url\" content=\"https:\/\/www.torreviejagastronomica.com\/en\/consulta-el-calendario-de-actividades-2025-de-la-aehtc\/\" \/>\n<meta property=\"og:site_name\" content=\"Torrevieja Gastron\u00f3mica\" \/>\n<meta property=\"article:published_time\" content=\"2025-02-13T19:12:04+00:00\" \/>\n<meta property=\"article:modified_time\" content=\"2025-02-13T19:12:06+00:00\" \/>\n<meta property=\"og:image\" content=\"https:\/\/www.torreviejagastronomica.com\/wp-content\/uploads\/2025\/02\/Brown-Modern-Aesthetic-Beauty-Salon-Presentation.jpg\" \/>\n\t<meta property=\"og:image:width\" content=\"1920\" \/>\n\t<meta property=\"og:image:height\" content=\"1080\" \/>\n\t<meta property=\"og:image:type\" content=\"image\/jpeg\" \/>\n<meta name=\"author\" content=\"Asociaci\u00f3n de Empresas de Hosteler\u00eda de Torrevieja y Comarca\" \/>\n<meta name=\"twitter:card\" content=\"summary_large_image\" \/>\n<meta name=\"twitter:label1\" content=\"Written by\" \/>\n\t<meta name=\"twitter:data1\" content=\"Asociaci\u00f3n de Empresas de Hosteler\u00eda de Torrevieja y Comarca\" \/>\n\t<meta name=\"twitter:label2\" content=\"Estimated reading time\" \/>\n\t<meta name=\"twitter:data2\" content=\"2 minutes\" \/>\n<script type=\"application\/ld+json\" class=\"yoast-schema-graph\">{\"@context\":\"https:\/\/schema.org\",\"@graph\":[{\"@type\":\"Article\",\"@id\":\"https:\/\/www.torreviejagastronomica.com\/consulta-el-calendario-de-actividades-2025-de-la-aehtc\/#article\",\"isPartOf\":{\"@id\":\"https:\/\/www.torreviejagastronomica.com\/consulta-el-calendario-de-actividades-2025-de-la-aehtc\/\"},\"author\":{\"name\":\"Asociaci\u00f3n de Empresas de Hosteler\u00eda de Torrevieja y Comarca\",\"@id\":\"https:\/\/www.torreviejagastronomica.com\/#\/schema\/person\/9e0116f808f941d46f9baadf5335f0a9\"},\"headline\":\"\u00a1Consulta el Calendario de Actividades 2025 de la AEHTC!\",\"datePublished\":\"2025-02-13T19:12:04+00:00\",\"dateModified\":\"2025-02-13T19:12:06+00:00\",\"mainEntityOfPage\":{\"@id\":\"https:\/\/www.torreviejagastronomica.com\/consulta-el-calendario-de-actividades-2025-de-la-aehtc\/\"},\"wordCount\":120,\"commentCount\":0,\"publisher\":{\"@id\":\"https:\/\/www.torreviejagastronomica.com\/#organization\"},\"image\":{\"@id\":\"https:\/\/www.torreviejagastronomica.com\/consulta-el-calendario-de-actividades-2025-de-la-aehtc\/#primaryimage\"},\"thumbnailUrl\":\"https:\/\/www.torreviejagastronomica.com\/wp-content\/uploads\/2025\/02\/Brown-Modern-Aesthetic-Beauty-Salon-Presentation.jpg\",\"articleSection\":[\"Uncategorized\"],\"inLanguage\":\"en-GB\",\"potentialAction\":[{\"@type\":\"CommentAction\",\"name\":\"Comment\",\"target\":[\"https:\/\/www.torreviejagastronomica.com\/consulta-el-calendario-de-actividades-2025-de-la-aehtc\/#respond\"]}]},{\"@type\":\"WebPage\",\"@id\":\"https:\/\/www.torreviejagastronomica.com\/consulta-el-calendario-de-actividades-2025-de-la-aehtc\/\",\"url\":\"https:\/\/www.torreviejagastronomica.com\/consulta-el-calendario-de-actividades-2025-de-la-aehtc\/\",\"name\":\"\u00a1Consulta el Calendario de Actividades 2025 de la AEHTC! - Torrevieja Gastron\u00f3mica\",\"isPartOf\":{\"@id\":\"https:\/\/www.torreviejagastronomica.com\/#website\"},\"primaryImageOfPage\":{\"@id\":\"https:\/\/www.torreviejagastronomica.com\/consulta-el-calendario-de-actividades-2025-de-la-aehtc\/#primaryimage\"},\"image\":{\"@id\":\"https:\/\/www.torreviejagastronomica.com\/consulta-el-calendario-de-actividades-2025-de-la-aehtc\/#primaryimage\"},\"thumbnailUrl\":\"https:\/\/www.torreviejagastronomica.com\/wp-content\/uploads\/2025\/02\/Brown-Modern-Aesthetic-Beauty-Salon-Presentation.jpg\",\"datePublished\":\"2025-02-13T19:12:04+00:00\",\"dateModified\":\"2025-02-13T19:12:06+00:00\",\"breadcrumb\":{\"@id\":\"https:\/\/www.torreviejagastronomica.com\/consulta-el-calendario-de-actividades-2025-de-la-aehtc\/#breadcrumb\"},\"inLanguage\":\"en-GB\",\"potentialAction\":[{\"@type\":\"ReadAction\",\"target\":[\"https:\/\/www.torreviejagastronomica.com\/consulta-el-calendario-de-actividades-2025-de-la-aehtc\/\"]}]},{\"@type\":\"ImageObject\",\"inLanguage\":\"en-GB\",\"@id\":\"https:\/\/www.torreviejagastronomica.com\/consulta-el-calendario-de-actividades-2025-de-la-aehtc\/#primaryimage\",\"url\":\"https:\/\/www.torreviejagastronomica.com\/wp-content\/uploads\/2025\/02\/Brown-Modern-Aesthetic-Beauty-Salon-Presentation.jpg\",\"contentUrl\":\"https:\/\/www.torreviejagastronomica.com\/wp-content\/uploads\/2025\/02\/Brown-Modern-Aesthetic-Beauty-Salon-Presentation.jpg\",\"width\":1920,\"height\":1080},{\"@type\":\"BreadcrumbList\",\"@id\":\"https:\/\/www.torreviejagastronomica.com\/consulta-el-calendario-de-actividades-2025-de-la-aehtc\/#breadcrumb\",\"itemListElement\":[{\"@type\":\"ListItem\",\"position\":1,\"name\":\"Portada\",\"item\":\"https:\/\/www.torreviejagastronomica.com\/\"},{\"@type\":\"ListItem\",\"position\":2,\"name\":\"\u00a1Consulta el Calendario de Actividades 2025 de la AEHTC!\"}]},{\"@type\":\"WebSite\",\"@id\":\"https:\/\/www.torreviejagastronomica.com\/#website\",\"url\":\"https:\/\/www.torreviejagastronomica.com\/\",\"name\":\"Torrevieja Gastron\u00f3mica\",\"description\":\"Asociaci\u00f3n Hosteler\u00eda Torrevieja y Comarca\",\"publisher\":{\"@id\":\"https:\/\/www.torreviejagastronomica.com\/#organization\"},\"potentialAction\":[{\"@type\":\"SearchAction\",\"target\":{\"@type\":\"EntryPoint\",\"urlTemplate\":\"https:\/\/www.torreviejagastronomica.com\/?s={search_term_string}\"},\"query-input\":{\"@type\":\"PropertyValueSpecification\",\"valueRequired\":true,\"valueName\":\"search_term_string\"}}],\"inLanguage\":\"en-GB\"},{\"@type\":\"Organization\",\"@id\":\"https:\/\/www.torreviejagastronomica.com\/#organization\",\"name\":\"Torrevieja Gastron\u00f3mica\",\"url\":\"https:\/\/www.torreviejagastronomica.com\/\",\"logo\":{\"@type\":\"ImageObject\",\"inLanguage\":\"en-GB\",\"@id\":\"https:\/\/www.torreviejagastronomica.com\/#\/schema\/logo\/image\/\",\"url\":\"https:\/\/www.torreviejagastronomica.com\/wp-content\/uploads\/2023\/09\/Logo-Torrevieja-Gastronomica.png\",\"contentUrl\":\"https:\/\/www.torreviejagastronomica.com\/wp-content\/uploads\/2023\/09\/Logo-Torrevieja-Gastronomica.png\",\"width\":350,\"height\":100,\"caption\":\"Torrevieja Gastron\u00f3mica\"},\"image\":{\"@id\":\"https:\/\/www.torreviejagastronomica.com\/#\/schema\/logo\/image\/\"}},{\"@type\":\"Person\",\"@id\":\"https:\/\/www.torreviejagastronomica.com\/#\/schema\/person\/9e0116f808f941d46f9baadf5335f0a9\",\"name\":\"Asociaci\u00f3n de Empresas de Hosteler\u00eda de Torrevieja y Comarca\",\"image\":{\"@type\":\"ImageObject\",\"inLanguage\":\"en-GB\",\"@id\":\"https:\/\/www.torreviejagastronomica.com\/#\/schema\/person\/image\/\",\"url\":\"https:\/\/secure.gravatar.com\/avatar\/32ba6ba6e685fc061412a65c4a8a8b6caaf6d90d0985a737a4015d36e84d2d1f?s=96&d=mm&r=g\",\"contentUrl\":\"https:\/\/secure.gravatar.com\/avatar\/32ba6ba6e685fc061412a65c4a8a8b6caaf6d90d0985a737a4015d36e84d2d1f?s=96&d=mm&r=g\",\"caption\":\"Asociaci\u00f3n de Empresas de Hosteler\u00eda de Torrevieja y Comarca\"},\"url\":\"https:\/\/www.torreviejagastronomica.com\/en\/author\/hosteleria\/\"}]}<\/script>\n<!-- \/ Yoast SEO plugin. -->","yoast_head_json":{"title":"\u00a1Consulta el Calendario de Actividades 2025 de la AEHTC! - Torrevieja Gastron\u00f3mica","robots":{"index":"index","follow":"follow","max-snippet":"max-snippet:-1","max-image-preview":"max-image-preview:large","max-video-preview":"max-video-preview:-1"},"canonical":"https:\/\/www.torreviejagastronomica.com\/en\/consulta-el-calendario-de-actividades-2025-de-la-aehtc\/","og_locale":"en_GB","og_type":"article","og_title":"\u00a1Consulta el Calendario de Actividades 2025 de la AEHTC! - Torrevieja Gastron\u00f3mica","og_description":"Calendario actividades gastron\u00f3micas de Torrevieja.","og_url":"https:\/\/www.torreviejagastronomica.com\/en\/consulta-el-calendario-de-actividades-2025-de-la-aehtc\/","og_site_name":"Torrevieja Gastron\u00f3mica","article_published_time":"2025-02-13T19:12:04+00:00","article_modified_time":"2025-02-13T19:12:06+00:00","og_image":[{"width":1920,"height":1080,"url":"https:\/\/www.torreviejagastronomica.com\/wp-content\/uploads\/2025\/02\/Brown-Modern-Aesthetic-Beauty-Salon-Presentation.jpg","type":"image\/jpeg"}],"author":"Asociaci\u00f3n de Empresas de Hosteler\u00eda de Torrevieja y Comarca","twitter_card":"summary_large_image","twitter_misc":{"Written by":"Asociaci\u00f3n de Empresas de Hosteler\u00eda de Torrevieja y Comarca","Estimated reading time":"2 minutes"},"schema":{"@context":"https:\/\/schema.org","@graph":[{"@type":"Article","@id":"https:\/\/www.torreviejagastronomica.com\/consulta-el-calendario-de-actividades-2025-de-la-aehtc\/#article","isPartOf":{"@id":"https:\/\/www.torreviejagastronomica.com\/consulta-el-calendario-de-actividades-2025-de-la-aehtc\/"},"author":{"name":"Asociaci\u00f3n de Empresas de Hosteler\u00eda de Torrevieja y Comarca","@id":"https:\/\/www.torreviejagastronomica.com\/#\/schema\/person\/9e0116f808f941d46f9baadf5335f0a9"},"headline":"\u00a1Consulta el Calendario de Actividades 2025 de la AEHTC!","datePublished":"2025-02-13T19:12:04+00:00","dateModified":"2025-02-13T19:12:06+00:00","mainEntityOfPage":{"@id":"https:\/\/www.torreviejagastronomica.com\/consulta-el-calendario-de-actividades-2025-de-la-aehtc\/"},"wordCount":120,"commentCount":0,"publisher":{"@id":"https:\/\/www.torreviejagastronomica.com\/#organization"},"image":{"@id":"https:\/\/www.torreviejagastronomica.com\/consulta-el-calendario-de-actividades-2025-de-la-aehtc\/#primaryimage"},"thumbnailUrl":"https:\/\/www.torreviejagastronomica.com\/wp-content\/uploads\/2025\/02\/Brown-Modern-Aesthetic-Beauty-Salon-Presentation.jpg","articleSection":["Uncategorized"],"inLanguage":"en-GB","potentialAction":[{"@type":"CommentAction","name":"Comment","target":["https:\/\/www.torreviejagastronomica.com\/consulta-el-calendario-de-actividades-2025-de-la-aehtc\/#respond"]}]},{"@type":"WebPage","@id":"https:\/\/www.torreviejagastronomica.com\/consulta-el-calendario-de-actividades-2025-de-la-aehtc\/","url":"https:\/\/www.torreviejagastronomica.com\/consulta-el-calendario-de-actividades-2025-de-la-aehtc\/","name":"\u00a1Consulta el Calendario de Actividades 2025 de la AEHTC! - Torrevieja Gastron\u00f3mica","isPartOf":{"@id":"https:\/\/www.torreviejagastronomica.com\/#website"},"primaryImageOfPage":{"@id":"https:\/\/www.torreviejagastronomica.com\/consulta-el-calendario-de-actividades-2025-de-la-aehtc\/#primaryimage"},"image":{"@id":"https:\/\/www.torreviejagastronomica.com\/consulta-el-calendario-de-actividades-2025-de-la-aehtc\/#primaryimage"},"thumbnailUrl":"https:\/\/www.torreviejagastronomica.com\/wp-content\/uploads\/2025\/02\/Brown-Modern-Aesthetic-Beauty-Salon-Presentation.jpg","datePublished":"2025-02-13T19:12:04+00:00","dateModified":"2025-02-13T19:12:06+00:00","breadcrumb":{"@id":"https:\/\/www.torreviejagastronomica.com\/consulta-el-calendario-de-actividades-2025-de-la-aehtc\/#breadcrumb"},"inLanguage":"en-GB","potentialAction":[{"@type":"ReadAction","target":["https:\/\/www.torreviejagastronomica.com\/consulta-el-calendario-de-actividades-2025-de-la-aehtc\/"]}]},{"@type":"ImageObject","inLanguage":"en-GB","@id":"https:\/\/www.torreviejagastronomica.com\/consulta-el-calendario-de-actividades-2025-de-la-aehtc\/#primaryimage","url":"https:\/\/www.torreviejagastronomica.com\/wp-content\/uploads\/2025\/02\/Brown-Modern-Aesthetic-Beauty-Salon-Presentation.jpg","contentUrl":"https:\/\/www.torreviejagastronomica.com\/wp-content\/uploads\/2025\/02\/Brown-Modern-Aesthetic-Beauty-Salon-Presentation.jpg","width":1920,"height":1080},{"@type":"BreadcrumbList","@id":"https:\/\/www.torreviejagastronomica.com\/consulta-el-calendario-de-actividades-2025-de-la-aehtc\/#breadcrumb","itemListElement":[{"@type":"ListItem","position":1,"name":"Portada","item":"https:\/\/www.torreviejagastronomica.com\/"},{"@type":"ListItem","position":2,"name":"\u00a1Consulta el Calendario de Actividades 2025 de la AEHTC!"}]},{"@type":"WebSite","@id":"https:\/\/www.torreviejagastronomica.com\/#website","url":"https:\/\/www.torreviejagastronomica.com\/","name":"Torrevieja Gastron\u00f3mica","description":"Asociaci\u00f3n Hosteler\u00eda Torrevieja y Comarca","publisher":{"@id":"https:\/\/www.torreviejagastronomica.com\/#organization"},"potentialAction":[{"@type":"SearchAction","target":{"@type":"EntryPoint","urlTemplate":"https:\/\/www.torreviejagastronomica.com\/?s={search_term_string}"},"query-input":{"@type":"PropertyValueSpecification","valueRequired":true,"valueName":"search_term_string"}}],"inLanguage":"en-GB"},{"@type":"Organization","@id":"https:\/\/www.torreviejagastronomica.com\/#organization","name":"Torrevieja Gastron\u00f3mica","url":"https:\/\/www.torreviejagastronomica.com\/","logo":{"@type":"ImageObject","inLanguage":"en-GB","@id":"https:\/\/www.torreviejagastronomica.com\/#\/schema\/logo\/image\/","url":"https:\/\/www.torreviejagastronomica.com\/wp-content\/uploads\/2023\/09\/Logo-Torrevieja-Gastronomica.png","contentUrl":"https:\/\/www.torreviejagastronomica.com\/wp-content\/uploads\/2023\/09\/Logo-Torrevieja-Gastronomica.png","width":350,"height":100,"caption":"Torrevieja Gastron\u00f3mica"},"image":{"@id":"https:\/\/www.torreviejagastronomica.com\/#\/schema\/logo\/image\/"}},{"@type":"Person","@id":"https:\/\/www.torreviejagastronomica.com\/#\/schema\/person\/9e0116f808f941d46f9baadf5335f0a9","name":"Asociaci\u00f3n de Empresas de Hosteler\u00eda de Torrevieja y Comarca","image":{"@type":"ImageObject","inLanguage":"en-GB","@id":"https:\/\/www.torreviejagastronomica.com\/#\/schema\/person\/image\/","url":"https:\/\/secure.gravatar.com\/avatar\/32ba6ba6e685fc061412a65c4a8a8b6caaf6d90d0985a737a4015d36e84d2d1f?s=96&d=mm&r=g","contentUrl":"https:\/\/secure.gravatar.com\/avatar\/32ba6ba6e685fc061412a65c4a8a8b6caaf6d90d0985a737a4015d36e84d2d1f?s=96&d=mm&r=g","caption":"Asociaci\u00f3n de Empresas de Hosteler\u00eda de Torrevieja y Comarca"},"url":"https:\/\/www.torreviejagastronomica.com\/en\/author\/hosteleria\/"}]}},"_links":{"self":[{"href":"https:\/\/www.torreviejagastronomica.com\/en\/wp-json\/wp\/v2\/posts\/6146","targetHints":{"allow":["GET"]}}],"collection":[{"href":"https:\/\/www.torreviejagastronomica.com\/en\/wp-json\/wp\/v2\/posts"}],"about":[{"href":"https:\/\/www.torreviejagastronomica.com\/en\/wp-json\/wp\/v2\/types\/post"}],"author":[{"embeddable":true,"href":"https:\/\/www.torreviejagastronomica.com\/en\/wp-json\/wp\/v2\/users\/4"}],"replies":[{"embeddable":true,"href":"https:\/\/www.torreviejagastronomica.com\/en\/wp-json\/wp\/v2\/comments?post=6146"}],"version-history":[{"count":1,"href":"https:\/\/www.torreviejagastronomica.com\/en\/wp-json\/wp\/v2\/posts\/6146\/revisions"}],"predecessor-version":[{"id":6149,"href":"https:\/\/www.torreviejagastronomica.com\/en\/wp-json\/wp\/v2\/posts\/6146\/revisions\/6149"}],"wp:featuredmedia":[{"embeddable":true,"href":"https:\/\/www.torreviejagastronomica.com\/en\/wp-json\/wp\/v2\/media\/6148"}],"wp:attachment":[{"href":"https:\/\/www.torreviejagastronomica.com\/en\/wp-json\/wp\/v2\/media?parent=6146"}],"wp:term":[{"taxonomy":"category","embeddable":true,"href":"https:\/\/www.torreviejagastronomica.com\/en\/wp-json\/wp\/v2\/categories?post=6146"},{"taxonomy":"post_tag","embeddable":true,"href":"https:\/\/www.torreviejagastronomica.com\/en\/wp-json\/wp\/v2\/tags?post=6146"}],"curies":[{"name":"wp","href":"https:\/\/api.w.org\/{rel}","templated":true}]}}