{"id":6108,"date":"2024-11-13T16:11:38","date_gmt":"2024-11-13T15:11:38","guid":{"rendered":"https:\/\/www.torreviejagastronomica.com\/?p=6108"},"modified":"2024-11-13T16:11:39","modified_gmt":"2024-11-13T15:11:39","slug":"torrevieja-se-prepara-para-la-11a-edicion-de-nos-vamos-de-tapas","status":"publish","type":"post","link":"https:\/\/www.torreviejagastronomica.com\/en\/torrevieja-se-prepara-para-la-11a-edicion-de-nos-vamos-de-tapas\/","title":{"rendered":"Torrevieja prepares for the 11th edition of \"Nos Vamos de Tapas\"."},"content":{"rendered":"<p>The countdown has begun for one of the most awaited gastronomic events in Torrevieja: the 11th edition of \"Nos Vamos de Tapas\". This culinary tour will take place on two consecutive weekends, from 21st to 24th November and from 28th November to 1st December 2024.<\/p>\n\n\n\n<p>This event, organised in collaboration with 20 leading local establishments and with the support of Mahou, will offer a unique opportunity to savour the best gastronomy of the area and enjoy the creative tapas of our local chefs. Each participant will be able to discover the unique flavours of the city in a great atmosphere, ideal to close the year in the best way.<\/p>\n\n\n\n<p><strong>Prizes for attendees<\/strong><br>Attendees will also have the opportunity to participate in a raffle with extraordinary prizes, including:<\/p>\n\n\n\n<ul class=\"wp-block-list\">\n<li><strong>Prize A<\/strong>: Tasting dinner menu for two people (valued at 50 \u20ac) + PlanB!<\/li>\n\n\n\n<li><strong>Prize B<\/strong>: Tasting dinner menu for two people (valued at 50 \u20ac) + PlanB!<\/li>\n\n\n\n<li><strong>Prize C<\/strong>Dinner tasting menu for two people (valued at 50 \u20ac) + Android Phone.<\/li>\n\n\n\n<li><strong>Prize D<\/strong>Dinner tasting menu for two people (valued at 50 \u20ac) + wine pack.<\/li>\n<\/ul>\n\n\n\n<p>The draw will be held next&nbsp;<strong>tuesday, 5 december 2024<\/strong>&nbsp;in the Tourism Centre (CdT) of Torrevieja.<\/p>\n\n\n\n<p><strong>Participating Establishments<\/strong>:<\/p>\n\n\n\n<ol class=\"wp-block-list\">\n<li>Restaurant Club N\u00e1utico Torrevieja<\/li>\n\n\n\n<li>Bianco Sea Emotion<\/li>\n\n\n\n<li>Pepe's Rice Shop<\/li>\n\n\n\n<li>The Pitcher's Corner<\/li>\n\n\n\n<li>La Cantina Food &amp; Drinks<\/li>\n\n\n\n<li>Luz de Mar Restaurant<\/li>\n\n\n\n<li>Taper\u00eda El Teatro<\/li>\n\n\n\n<li>Jax Torrevieja<\/li>\n\n\n\n<li>Mat's Burger<\/li>\n\n\n\n<li>Bar Po Rom Pom Pom<\/li>\n\n\n\n<li>Casa Luchy Restaurant<\/li>\n\n\n\n<li>HB Torrevieja<\/li>\n\n\n\n<li>Luna Creciente Gastrobar<\/li>\n\n\n\n<li>Restaurant Metro y Pico<\/li>\n\n\n\n<li>Mullins Gastro Irish Pub<\/li>\n\n\n\n<li>La Esquinita<\/li>\n\n\n\n<li>Martinis Restaurant<\/li>\n\n\n\n<li>Restaurant El Rinc\u00f3n<\/li>\n\n\n\n<li>El Chiringuito La Mar de Bien<\/li>\n\n\n\n<li>La Mar de Bien<\/li>\n<\/ol>\n\n\n\n<p><strong>How to participate?<\/strong>&nbsp;In order to facilitate the visit to each location, there is a&nbsp;<strong>Downloadable PDF<\/strong>&nbsp;with the exact location of all the establishments. Interested parties can access this resource so as not to miss a single stop on this delicious route.<\/p>\n\n\n\n<p>Don't miss this opportunity to enjoy the creativity of Torrevieja's chefs and to share a unique gastronomic experience with friends and family.&nbsp;<strong>See you in the streets of Torrevieja to taste the best tapas of the region!<\/strong><\/p>\n\n\n\n<p><a href=\"https:\/\/www.aehtc.net\/wp-content\/uploads\/2-2-arrastrado.pdf\">DOWNLOADABLE PDF<\/a><\/p>","protected":false},"excerpt":{"rendered":"<p>Don't miss this opportunity to enjoy the creativity of Torrevieja's chefs and to share a unique gastronomic experience with friends and family.<\/p>","protected":false},"author":4,"featured_media":6109,"comment_status":"open","ping_status":"open","sticky":false,"template":"","format":"standard","meta":{"footnotes":""},"categories":[1],"tags":[],"class_list":["post-6108","post","type-post","status-publish","format-standard","has-post-thumbnail","hentry","category-uncategorized"],"yoast_head":"<!-- This site is optimized with the Yoast SEO plugin v25.7 - https:\/\/yoast.com\/wordpress\/plugins\/seo\/ -->\n<title>Torrevieja se Prepara para la 11\u00aa Edici\u00f3n de \u00abNos Vamos de Tapas\u00bb - Torrevieja Gastron\u00f3mica<\/title>\n<meta name=\"robots\" content=\"index, follow, max-snippet:-1, max-image-preview:large, max-video-preview:-1\" \/>\n<link rel=\"canonical\" href=\"https:\/\/www.torreviejagastronomica.com\/en\/torrevieja-se-prepara-para-la-11a-edicion-de-nos-vamos-de-tapas\/\" \/>\n<meta property=\"og:locale\" content=\"en_GB\" \/>\n<meta property=\"og:type\" content=\"article\" \/>\n<meta property=\"og:title\" content=\"Torrevieja se Prepara para la 11\u00aa Edici\u00f3n de \u00abNos Vamos de Tapas\u00bb - Torrevieja Gastron\u00f3mica\" \/>\n<meta property=\"og:description\" content=\"No te pierdas esta oportunidad de disfrutar de la creatividad de los chefs de Torrevieja y de compartir con amigos y familia en una experiencia gastron\u00f3mica \u00fanica\" \/>\n<meta property=\"og:url\" content=\"https:\/\/www.torreviejagastronomica.com\/en\/torrevieja-se-prepara-para-la-11a-edicion-de-nos-vamos-de-tapas\/\" \/>\n<meta property=\"og:site_name\" content=\"Torrevieja Gastron\u00f3mica\" \/>\n<meta property=\"article:published_time\" content=\"2024-11-13T15:11:38+00:00\" \/>\n<meta property=\"article:modified_time\" content=\"2024-11-13T15:11:39+00:00\" \/>\n<meta property=\"og:image\" content=\"https:\/\/www.torreviejagastronomica.com\/wp-content\/uploads\/2024\/11\/NOS-VAMOS-DE-TAPAS-REDES-192X108.jpg\" \/>\n\t<meta property=\"og:image:width\" content=\"755\" \/>\n\t<meta property=\"og:image:height\" content=\"425\" \/>\n\t<meta property=\"og:image:type\" content=\"image\/jpeg\" \/>\n<meta name=\"author\" content=\"Asociaci\u00f3n de Empresas de Hosteler\u00eda de Torrevieja y Comarca\" \/>\n<meta name=\"twitter:card\" content=\"summary_large_image\" \/>\n<meta name=\"twitter:label1\" content=\"Written by\" \/>\n\t<meta name=\"twitter:data1\" content=\"Asociaci\u00f3n de Empresas de Hosteler\u00eda de Torrevieja y Comarca\" \/>\n\t<meta name=\"twitter:label2\" content=\"Estimated reading time\" \/>\n\t<meta name=\"twitter:data2\" content=\"2 minutes\" \/>\n<script type=\"application\/ld+json\" class=\"yoast-schema-graph\">{\"@context\":\"https:\/\/schema.org\",\"@graph\":[{\"@type\":\"Article\",\"@id\":\"https:\/\/www.torreviejagastronomica.com\/torrevieja-se-prepara-para-la-11a-edicion-de-nos-vamos-de-tapas\/#article\",\"isPartOf\":{\"@id\":\"https:\/\/www.torreviejagastronomica.com\/torrevieja-se-prepara-para-la-11a-edicion-de-nos-vamos-de-tapas\/\"},\"author\":{\"name\":\"Asociaci\u00f3n de Empresas de Hosteler\u00eda de Torrevieja y Comarca\",\"@id\":\"https:\/\/www.torreviejagastronomica.com\/#\/schema\/person\/9e0116f808f941d46f9baadf5335f0a9\"},\"headline\":\"Torrevieja se Prepara para la 11\u00aa Edici\u00f3n de \u00abNos Vamos de Tapas\u00bb\",\"datePublished\":\"2024-11-13T15:11:38+00:00\",\"dateModified\":\"2024-11-13T15:11:39+00:00\",\"mainEntityOfPage\":{\"@id\":\"https:\/\/www.torreviejagastronomica.com\/torrevieja-se-prepara-para-la-11a-edicion-de-nos-vamos-de-tapas\/\"},\"wordCount\":394,\"commentCount\":0,\"publisher\":{\"@id\":\"https:\/\/www.torreviejagastronomica.com\/#organization\"},\"image\":{\"@id\":\"https:\/\/www.torreviejagastronomica.com\/torrevieja-se-prepara-para-la-11a-edicion-de-nos-vamos-de-tapas\/#primaryimage\"},\"thumbnailUrl\":\"https:\/\/www.torreviejagastronomica.com\/wp-content\/uploads\/2024\/11\/NOS-VAMOS-DE-TAPAS-REDES-192X108.jpg\",\"articleSection\":[\"Uncategorized\"],\"inLanguage\":\"en-GB\",\"potentialAction\":[{\"@type\":\"CommentAction\",\"name\":\"Comment\",\"target\":[\"https:\/\/www.torreviejagastronomica.com\/torrevieja-se-prepara-para-la-11a-edicion-de-nos-vamos-de-tapas\/#respond\"]}]},{\"@type\":\"WebPage\",\"@id\":\"https:\/\/www.torreviejagastronomica.com\/torrevieja-se-prepara-para-la-11a-edicion-de-nos-vamos-de-tapas\/\",\"url\":\"https:\/\/www.torreviejagastronomica.com\/torrevieja-se-prepara-para-la-11a-edicion-de-nos-vamos-de-tapas\/\",\"name\":\"Torrevieja se Prepara para la 11\u00aa Edici\u00f3n de \u00abNos Vamos de Tapas\u00bb - Torrevieja Gastron\u00f3mica\",\"isPartOf\":{\"@id\":\"https:\/\/www.torreviejagastronomica.com\/#website\"},\"primaryImageOfPage\":{\"@id\":\"https:\/\/www.torreviejagastronomica.com\/torrevieja-se-prepara-para-la-11a-edicion-de-nos-vamos-de-tapas\/#primaryimage\"},\"image\":{\"@id\":\"https:\/\/www.torreviejagastronomica.com\/torrevieja-se-prepara-para-la-11a-edicion-de-nos-vamos-de-tapas\/#primaryimage\"},\"thumbnailUrl\":\"https:\/\/www.torreviejagastronomica.com\/wp-content\/uploads\/2024\/11\/NOS-VAMOS-DE-TAPAS-REDES-192X108.jpg\",\"datePublished\":\"2024-11-13T15:11:38+00:00\",\"dateModified\":\"2024-11-13T15:11:39+00:00\",\"breadcrumb\":{\"@id\":\"https:\/\/www.torreviejagastronomica.com\/torrevieja-se-prepara-para-la-11a-edicion-de-nos-vamos-de-tapas\/#breadcrumb\"},\"inLanguage\":\"en-GB\",\"potentialAction\":[{\"@type\":\"ReadAction\",\"target\":[\"https:\/\/www.torreviejagastronomica.com\/torrevieja-se-prepara-para-la-11a-edicion-de-nos-vamos-de-tapas\/\"]}]},{\"@type\":\"ImageObject\",\"inLanguage\":\"en-GB\",\"@id\":\"https:\/\/www.torreviejagastronomica.com\/torrevieja-se-prepara-para-la-11a-edicion-de-nos-vamos-de-tapas\/#primaryimage\",\"url\":\"https:\/\/www.torreviejagastronomica.com\/wp-content\/uploads\/2024\/11\/NOS-VAMOS-DE-TAPAS-REDES-192X108.jpg\",\"contentUrl\":\"https:\/\/www.torreviejagastronomica.com\/wp-content\/uploads\/2024\/11\/NOS-VAMOS-DE-TAPAS-REDES-192X108.jpg\",\"width\":755,\"height\":425},{\"@type\":\"BreadcrumbList\",\"@id\":\"https:\/\/www.torreviejagastronomica.com\/torrevieja-se-prepara-para-la-11a-edicion-de-nos-vamos-de-tapas\/#breadcrumb\",\"itemListElement\":[{\"@type\":\"ListItem\",\"position\":1,\"name\":\"Portada\",\"item\":\"https:\/\/www.torreviejagastronomica.com\/\"},{\"@type\":\"ListItem\",\"position\":2,\"name\":\"Torrevieja se Prepara para la 11\u00aa Edici\u00f3n de \u00abNos Vamos de Tapas\u00bb\"}]},{\"@type\":\"WebSite\",\"@id\":\"https:\/\/www.torreviejagastronomica.com\/#website\",\"url\":\"https:\/\/www.torreviejagastronomica.com\/\",\"name\":\"Torrevieja Gastron\u00f3mica\",\"description\":\"Asociaci\u00f3n Hosteler\u00eda Torrevieja y Comarca\",\"publisher\":{\"@id\":\"https:\/\/www.torreviejagastronomica.com\/#organization\"},\"potentialAction\":[{\"@type\":\"SearchAction\",\"target\":{\"@type\":\"EntryPoint\",\"urlTemplate\":\"https:\/\/www.torreviejagastronomica.com\/?s={search_term_string}\"},\"query-input\":{\"@type\":\"PropertyValueSpecification\",\"valueRequired\":true,\"valueName\":\"search_term_string\"}}],\"inLanguage\":\"en-GB\"},{\"@type\":\"Organization\",\"@id\":\"https:\/\/www.torreviejagastronomica.com\/#organization\",\"name\":\"Torrevieja Gastron\u00f3mica\",\"url\":\"https:\/\/www.torreviejagastronomica.com\/\",\"logo\":{\"@type\":\"ImageObject\",\"inLanguage\":\"en-GB\",\"@id\":\"https:\/\/www.torreviejagastronomica.com\/#\/schema\/logo\/image\/\",\"url\":\"https:\/\/www.torreviejagastronomica.com\/wp-content\/uploads\/2023\/09\/Logo-Torrevieja-Gastronomica.png\",\"contentUrl\":\"https:\/\/www.torreviejagastronomica.com\/wp-content\/uploads\/2023\/09\/Logo-Torrevieja-Gastronomica.png\",\"width\":350,\"height\":100,\"caption\":\"Torrevieja Gastron\u00f3mica\"},\"image\":{\"@id\":\"https:\/\/www.torreviejagastronomica.com\/#\/schema\/logo\/image\/\"}},{\"@type\":\"Person\",\"@id\":\"https:\/\/www.torreviejagastronomica.com\/#\/schema\/person\/9e0116f808f941d46f9baadf5335f0a9\",\"name\":\"Asociaci\u00f3n de Empresas de Hosteler\u00eda de Torrevieja y Comarca\",\"image\":{\"@type\":\"ImageObject\",\"inLanguage\":\"en-GB\",\"@id\":\"https:\/\/www.torreviejagastronomica.com\/#\/schema\/person\/image\/\",\"url\":\"https:\/\/secure.gravatar.com\/avatar\/32ba6ba6e685fc061412a65c4a8a8b6caaf6d90d0985a737a4015d36e84d2d1f?s=96&d=mm&r=g\",\"contentUrl\":\"https:\/\/secure.gravatar.com\/avatar\/32ba6ba6e685fc061412a65c4a8a8b6caaf6d90d0985a737a4015d36e84d2d1f?s=96&d=mm&r=g\",\"caption\":\"Asociaci\u00f3n de Empresas de Hosteler\u00eda de Torrevieja y Comarca\"},\"url\":\"https:\/\/www.torreviejagastronomica.com\/en\/author\/hosteleria\/\"}]}<\/script>\n<!-- \/ Yoast SEO plugin. -->","yoast_head_json":{"title":"Torrevieja se Prepara para la 11\u00aa Edici\u00f3n de \u00abNos Vamos de Tapas\u00bb - Torrevieja Gastron\u00f3mica","robots":{"index":"index","follow":"follow","max-snippet":"max-snippet:-1","max-image-preview":"max-image-preview:large","max-video-preview":"max-video-preview:-1"},"canonical":"https:\/\/www.torreviejagastronomica.com\/en\/torrevieja-se-prepara-para-la-11a-edicion-de-nos-vamos-de-tapas\/","og_locale":"en_GB","og_type":"article","og_title":"Torrevieja se Prepara para la 11\u00aa Edici\u00f3n de \u00abNos Vamos de Tapas\u00bb - Torrevieja Gastron\u00f3mica","og_description":"No te pierdas esta oportunidad de disfrutar de la creatividad de los chefs de Torrevieja y de compartir con amigos y familia en una experiencia gastron\u00f3mica \u00fanica","og_url":"https:\/\/www.torreviejagastronomica.com\/en\/torrevieja-se-prepara-para-la-11a-edicion-de-nos-vamos-de-tapas\/","og_site_name":"Torrevieja Gastron\u00f3mica","article_published_time":"2024-11-13T15:11:38+00:00","article_modified_time":"2024-11-13T15:11:39+00:00","og_image":[{"width":755,"height":425,"url":"https:\/\/www.torreviejagastronomica.com\/wp-content\/uploads\/2024\/11\/NOS-VAMOS-DE-TAPAS-REDES-192X108.jpg","type":"image\/jpeg"}],"author":"Asociaci\u00f3n de Empresas de Hosteler\u00eda de Torrevieja y Comarca","twitter_card":"summary_large_image","twitter_misc":{"Written by":"Asociaci\u00f3n de Empresas de Hosteler\u00eda de Torrevieja y Comarca","Estimated reading time":"2 minutes"},"schema":{"@context":"https:\/\/schema.org","@graph":[{"@type":"Article","@id":"https:\/\/www.torreviejagastronomica.com\/torrevieja-se-prepara-para-la-11a-edicion-de-nos-vamos-de-tapas\/#article","isPartOf":{"@id":"https:\/\/www.torreviejagastronomica.com\/torrevieja-se-prepara-para-la-11a-edicion-de-nos-vamos-de-tapas\/"},"author":{"name":"Asociaci\u00f3n de Empresas de Hosteler\u00eda de Torrevieja y Comarca","@id":"https:\/\/www.torreviejagastronomica.com\/#\/schema\/person\/9e0116f808f941d46f9baadf5335f0a9"},"headline":"Torrevieja se Prepara para la 11\u00aa Edici\u00f3n de \u00abNos Vamos de Tapas\u00bb","datePublished":"2024-11-13T15:11:38+00:00","dateModified":"2024-11-13T15:11:39+00:00","mainEntityOfPage":{"@id":"https:\/\/www.torreviejagastronomica.com\/torrevieja-se-prepara-para-la-11a-edicion-de-nos-vamos-de-tapas\/"},"wordCount":394,"commentCount":0,"publisher":{"@id":"https:\/\/www.torreviejagastronomica.com\/#organization"},"image":{"@id":"https:\/\/www.torreviejagastronomica.com\/torrevieja-se-prepara-para-la-11a-edicion-de-nos-vamos-de-tapas\/#primaryimage"},"thumbnailUrl":"https:\/\/www.torreviejagastronomica.com\/wp-content\/uploads\/2024\/11\/NOS-VAMOS-DE-TAPAS-REDES-192X108.jpg","articleSection":["Uncategorized"],"inLanguage":"en-GB","potentialAction":[{"@type":"CommentAction","name":"Comment","target":["https:\/\/www.torreviejagastronomica.com\/torrevieja-se-prepara-para-la-11a-edicion-de-nos-vamos-de-tapas\/#respond"]}]},{"@type":"WebPage","@id":"https:\/\/www.torreviejagastronomica.com\/torrevieja-se-prepara-para-la-11a-edicion-de-nos-vamos-de-tapas\/","url":"https:\/\/www.torreviejagastronomica.com\/torrevieja-se-prepara-para-la-11a-edicion-de-nos-vamos-de-tapas\/","name":"Torrevieja se Prepara para la 11\u00aa Edici\u00f3n de \u00abNos Vamos de Tapas\u00bb - Torrevieja Gastron\u00f3mica","isPartOf":{"@id":"https:\/\/www.torreviejagastronomica.com\/#website"},"primaryImageOfPage":{"@id":"https:\/\/www.torreviejagastronomica.com\/torrevieja-se-prepara-para-la-11a-edicion-de-nos-vamos-de-tapas\/#primaryimage"},"image":{"@id":"https:\/\/www.torreviejagastronomica.com\/torrevieja-se-prepara-para-la-11a-edicion-de-nos-vamos-de-tapas\/#primaryimage"},"thumbnailUrl":"https:\/\/www.torreviejagastronomica.com\/wp-content\/uploads\/2024\/11\/NOS-VAMOS-DE-TAPAS-REDES-192X108.jpg","datePublished":"2024-11-13T15:11:38+00:00","dateModified":"2024-11-13T15:11:39+00:00","breadcrumb":{"@id":"https:\/\/www.torreviejagastronomica.com\/torrevieja-se-prepara-para-la-11a-edicion-de-nos-vamos-de-tapas\/#breadcrumb"},"inLanguage":"en-GB","potentialAction":[{"@type":"ReadAction","target":["https:\/\/www.torreviejagastronomica.com\/torrevieja-se-prepara-para-la-11a-edicion-de-nos-vamos-de-tapas\/"]}]},{"@type":"ImageObject","inLanguage":"en-GB","@id":"https:\/\/www.torreviejagastronomica.com\/torrevieja-se-prepara-para-la-11a-edicion-de-nos-vamos-de-tapas\/#primaryimage","url":"https:\/\/www.torreviejagastronomica.com\/wp-content\/uploads\/2024\/11\/NOS-VAMOS-DE-TAPAS-REDES-192X108.jpg","contentUrl":"https:\/\/www.torreviejagastronomica.com\/wp-content\/uploads\/2024\/11\/NOS-VAMOS-DE-TAPAS-REDES-192X108.jpg","width":755,"height":425},{"@type":"BreadcrumbList","@id":"https:\/\/www.torreviejagastronomica.com\/torrevieja-se-prepara-para-la-11a-edicion-de-nos-vamos-de-tapas\/#breadcrumb","itemListElement":[{"@type":"ListItem","position":1,"name":"Portada","item":"https:\/\/www.torreviejagastronomica.com\/"},{"@type":"ListItem","position":2,"name":"Torrevieja se Prepara para la 11\u00aa Edici\u00f3n de \u00abNos Vamos de Tapas\u00bb"}]},{"@type":"WebSite","@id":"https:\/\/www.torreviejagastronomica.com\/#website","url":"https:\/\/www.torreviejagastronomica.com\/","name":"Torrevieja Gastron\u00f3mica","description":"Asociaci\u00f3n Hosteler\u00eda Torrevieja y Comarca","publisher":{"@id":"https:\/\/www.torreviejagastronomica.com\/#organization"},"potentialAction":[{"@type":"SearchAction","target":{"@type":"EntryPoint","urlTemplate":"https:\/\/www.torreviejagastronomica.com\/?s={search_term_string}"},"query-input":{"@type":"PropertyValueSpecification","valueRequired":true,"valueName":"search_term_string"}}],"inLanguage":"en-GB"},{"@type":"Organization","@id":"https:\/\/www.torreviejagastronomica.com\/#organization","name":"Torrevieja Gastron\u00f3mica","url":"https:\/\/www.torreviejagastronomica.com\/","logo":{"@type":"ImageObject","inLanguage":"en-GB","@id":"https:\/\/www.torreviejagastronomica.com\/#\/schema\/logo\/image\/","url":"https:\/\/www.torreviejagastronomica.com\/wp-content\/uploads\/2023\/09\/Logo-Torrevieja-Gastronomica.png","contentUrl":"https:\/\/www.torreviejagastronomica.com\/wp-content\/uploads\/2023\/09\/Logo-Torrevieja-Gastronomica.png","width":350,"height":100,"caption":"Torrevieja Gastron\u00f3mica"},"image":{"@id":"https:\/\/www.torreviejagastronomica.com\/#\/schema\/logo\/image\/"}},{"@type":"Person","@id":"https:\/\/www.torreviejagastronomica.com\/#\/schema\/person\/9e0116f808f941d46f9baadf5335f0a9","name":"Asociaci\u00f3n de Empresas de Hosteler\u00eda de Torrevieja y Comarca","image":{"@type":"ImageObject","inLanguage":"en-GB","@id":"https:\/\/www.torreviejagastronomica.com\/#\/schema\/person\/image\/","url":"https:\/\/secure.gravatar.com\/avatar\/32ba6ba6e685fc061412a65c4a8a8b6caaf6d90d0985a737a4015d36e84d2d1f?s=96&d=mm&r=g","contentUrl":"https:\/\/secure.gravatar.com\/avatar\/32ba6ba6e685fc061412a65c4a8a8b6caaf6d90d0985a737a4015d36e84d2d1f?s=96&d=mm&r=g","caption":"Asociaci\u00f3n de Empresas de Hosteler\u00eda de Torrevieja y Comarca"},"url":"https:\/\/www.torreviejagastronomica.com\/en\/author\/hosteleria\/"}]}},"_links":{"self":[{"href":"https:\/\/www.torreviejagastronomica.com\/en\/wp-json\/wp\/v2\/posts\/6108","targetHints":{"allow":["GET"]}}],"collection":[{"href":"https:\/\/www.torreviejagastronomica.com\/en\/wp-json\/wp\/v2\/posts"}],"about":[{"href":"https:\/\/www.torreviejagastronomica.com\/en\/wp-json\/wp\/v2\/types\/post"}],"author":[{"embeddable":true,"href":"https:\/\/www.torreviejagastronomica.com\/en\/wp-json\/wp\/v2\/users\/4"}],"replies":[{"embeddable":true,"href":"https:\/\/www.torreviejagastronomica.com\/en\/wp-json\/wp\/v2\/comments?post=6108"}],"version-history":[{"count":1,"href":"https:\/\/www.torreviejagastronomica.com\/en\/wp-json\/wp\/v2\/posts\/6108\/revisions"}],"predecessor-version":[{"id":6110,"href":"https:\/\/www.torreviejagastronomica.com\/en\/wp-json\/wp\/v2\/posts\/6108\/revisions\/6110"}],"wp:featuredmedia":[{"embeddable":true,"href":"https:\/\/www.torreviejagastronomica.com\/en\/wp-json\/wp\/v2\/media\/6109"}],"wp:attachment":[{"href":"https:\/\/www.torreviejagastronomica.com\/en\/wp-json\/wp\/v2\/media?parent=6108"}],"wp:term":[{"taxonomy":"category","embeddable":true,"href":"https:\/\/www.torreviejagastronomica.com\/en\/wp-json\/wp\/v2\/categories?post=6108"},{"taxonomy":"post_tag","embeddable":true,"href":"https:\/\/www.torreviejagastronomica.com\/en\/wp-json\/wp\/v2\/tags?post=6108"}],"curies":[{"name":"wp","href":"https:\/\/api.w.org\/{rel}","templated":true}]}}